{"id":99978,"date":"2025-01-22T17:21:00","date_gmt":"2025-01-23T00:21:00","guid":{"rendered":"https:\/\/fuentesfidedignas.com.mx\/?p=99978"},"modified":"2025-01-22T16:33:04","modified_gmt":"2025-01-22T23:33:04","slug":"vinculan-a-proceso-a-billy-alvarez-por-delincuencia-organizada-y-lavado-de-dinero","status":"publish","type":"post","link":"https:\/\/fuentesfidedignas.com.mx\/index.php\/2025\/01\/22\/vinculan-a-proceso-a-billy-alvarez-por-delincuencia-organizada-y-lavado-de-dinero\/","title":{"rendered":"Vinculan a proceso a &#8216;Billy&#8217; \u00c1lvarez por delincuencia organizada y lavado de dinero"},"content":{"rendered":"\n<p><strong><em>Un juez de control de dict\u00f3 vinculaci\u00f3n a proceso al ex presidente de la cooperativa del Cruz Azul.<\/em><\/strong><\/p>\n\n\n\n<p>Un juez de federal vincul\u00f3 a proceso a&nbsp;Guillermo H\u00e9ctor \u201cN\u201d, mejor conocido como Billy \u00c1lvarez, ex director general de la cooperativa del Cruz Azul, quien fue detenido en la Ciudad de M\u00e9xico durante la tarde del jueves 16 de enero, por los delitos de delincuencia organizada y lavado de dinero.&nbsp;<\/p>\n\n\n\n<p>Durante la sesi\u00f3n de hoy, el juez le dict\u00f3 prisi\u00f3n preventiva a\u00a0Billy \u00c1lvarez, quien estar\u00e1 detenido en el penal del Altiplano, Estado de M\u00e9xico, hasta que se termine el periodo de investigaci\u00f3n.\u00a0<\/p>\n\n\n\n<p><strong>\u00bfQu\u00e9 pasar\u00e1 con\u00a0Billy \u00c1lvarez?<\/strong><br>El juez consider\u00f3 vincularlo a proceso por su presunta participaci\u00f3n en los delitos de luego de que la fiscal\u00eda argumentara que a trav\u00e9s de siete empresas fantasma presuntamente desvi\u00f3 114 millones de pesos.<\/p>\n\n\n\n<p>El juzgador abri\u00f3 un plazo de cuatro meses de investigaci\u00f3n complementaria, en tanto permanecer\u00e1 en la prisi\u00f3n del Altiplano, en el Estado de M\u00e9xico.<\/p>\n\n\n\n<p><strong>\u00bfQu\u00e9 se sabe de la audiencia?\u00a0<\/strong><\/p>\n\n\n\n<figure class=\"wp-block-embed is-type-rich is-provider-twitter wp-block-embed-twitter\"><div class=\"wp-block-embed__wrapper\">\n<blockquote class=\"twitter-tweet\" data-width=\"550\" data-dnt=\"true\"><p lang=\"es\" dir=\"ltr\"><a href=\"https:\/\/twitter.com\/hashtag\/%C3%9ALTIMAHORA?src=hash&amp;ref_src=twsrc%5Etfw\">#\u00daLTIMAHORA<\/a> | &#39;Billy&#39; \u00c1lvarez se queda en prisi\u00f3n; lo vinculan a proceso por delincuencia organizada<br><br>\ud83d\udd34 Toda la informaci\u00f3n: <a href=\"https:\/\/t.co\/pGuIdtCfn9\">https:\/\/t.co\/pGuIdtCfn9<\/a><br><br>\ud83d\udcfa <a href=\"https:\/\/twitter.com\/hashtag\/Milenio16h?src=hash&amp;ref_src=twsrc%5Etfw\">#Milenio16h<\/a> con <a href=\"https:\/\/twitter.com\/DanyMartin91?ref_src=twsrc%5Etfw\">@DanyMartin91<\/a> y V\u00edctor Gonz\u00e1lez <a href=\"https:\/\/t.co\/Sae4iChU98\">pic.twitter.com\/Sae4iChU98<\/a><\/p>&mdash; Milenio (@Milenio) <a href=\"https:\/\/twitter.com\/Milenio\/status\/1882195835670167680?ref_src=twsrc%5Etfw\">January 22, 2025<\/a><\/blockquote><script async src=\"https:\/\/platform.twitter.com\/widgets.js\" charset=\"utf-8\"><\/script>\n<\/div><\/figure>\n\n\n\n<p><strong>\u00bfD\u00f3nde detuvieron a Billy \u00c1lvarez?<\/strong><br>La Secretar\u00eda de Seguridad Ciudadana (SSC) de la Ciudad de M\u00e9xico inform\u00f3 que tras diversos trabajos de investigaci\u00f3n para localizar a Billy \u00c1lvarez, quien fue detenido al sur de la Ciudad de M\u00e9xico, donde los agentes federales dieron cumplimiento al mandato judicial.<\/p>\n\n\n\n<p>Elementos de la Fiscal\u00eda General de Justicia (FGJ), a trav\u00e9s de la Agencia de Investigaci\u00f3n Criminal (AIC), detuvieron al hombre acusado de delincuencia organizada con la finalidad de cometer delitos en materia de operaciones con recursos de procedencia il\u00edcita.<\/p>\n\n\n\n<p>A Guillermo H\u00e9ctor \u201cN\u201d le informaron el motivo de su detenci\u00f3n, as\u00ed como sus derechos constitucionales. Posteriormente, fue puesto a disposici\u00f3n de un juez de distrito especializado en el sistema penal acusatorio en el Estado de M\u00e9xico, con residencia en Almoloya de Ju\u00e1rez.<\/p>\n\n\n\n<p>El d\u00eda de su detenci\u00f3n la SSC capitalina inform\u00f3 que&nbsp;el acusado era buscado por la Organizaci\u00f3n Internacional de Polic\u00eda (Interpol) en 196 pa\u00edses por varios delitos, incluidos crimen organizado, lavado de dinero y extorsi\u00f3n.<\/p>\n\n\n\n<p>\u201cAsimismo, se tuvo conocimiento que Guillermo H\u00e9ctor \u201cN\u201d, al estar al frente de una cooperativa, operaba pagos por cantidades millonarias; y dispon\u00eda de los recursos de la empresa\u201d, inform\u00f3 la SSC.<\/p>\n\n\n\n<p>El 22 de junio, Guillermo \u00c1lvarez fue denunciado ante por el presunto cargo de un pago a dos empresas fantasma.\u00a0\u00c1lvarez Cuevas fue\u00a0investigado por el FBI y la oficina del Servicio de Impuestos Internos del Departamento del Tesoro de Estados Unidos.<\/p>\n\n\n\n<p>El&nbsp;29 de julio un juez federal emiti\u00f3 una orden de aprehensi\u00f3n por delincuencia organizada contra Guillermo \u00c1lvarez Cuevas.<\/p>\n\n\n\n<p><strong>\u00bfDe qu\u00e9 acusan a Billy \u00c1lvarez?<\/strong><br>Billy \u00c1lvarez era buscado a nivel federal por los presuntos de delincuencia organizada y operaciones con recursos de procedencia il\u00edcita, as\u00ed como en el fuero com\u00fan por fraude.<\/p>\n\n\n\n<p>En 2020, un juez de control de la Ciudad de M\u00e9xico libr\u00f3 una orden de aprehensi\u00f3n contra&nbsp;\u00c1lvarez Cuevas, y otras nueve personas m\u00e1s, por su presunta responsabilidad en el delito de administraci\u00f3n fraudulenta por 2 mil 257 millones 411 mil pesos.<\/p>\n\n\n\n<p><\/p>\n","protected":false},"excerpt":{"rendered":"<p>Un juez de control de dict\u00f3 vinculaci\u00f3n a proceso al ex presidente de la cooperativa del Cruz Azul. Un juez de federal vincul\u00f3 a proceso a&nbsp;Guillermo H\u00e9ctor \u201cN\u201d, mejor conocido como Billy \u00c1lvarez, ex director general de la cooperativa del Cruz Azul, quien fue detenido en la Ciudad de M\u00e9xico durante la tarde del jueves [&hellip;]<\/p>\n","protected":false},"author":9,"featured_media":99613,"comment_status":"open","ping_status":"open","sticky":false,"template":"","format":"standard","meta":{"tdm_status":"","tdm_grid_status":"","footnotes":""},"categories":[39],"tags":[],"class_list":{"0":"post-99978","1":"post","2":"type-post","3":"status-publish","4":"format-standard","5":"has-post-thumbnail","7":"category-noticias-nacionales"},"yoast_head":"<!-- This site is optimized with the Yoast SEO plugin v27.5 - https:\/\/yoast.com\/product\/yoast-seo-wordpress\/ -->\n<title>Vinculan a proceso a &#039;Billy&#039; \u00c1lvarez por delincuencia organizada y lavado de dinero - Fuentes Fidedignas<\/title>\n<meta name=\"robots\" content=\"index, follow, max-snippet:-1, max-image-preview:large, max-video-preview:-1\" \/>\n<link rel=\"canonical\" href=\"https:\/\/fuentesfidedignas.com.mx\/index.php\/2025\/01\/22\/vinculan-a-proceso-a-billy-alvarez-por-delincuencia-organizada-y-lavado-de-dinero\/\" \/>\n<meta property=\"og:locale\" content=\"es_MX\" \/>\n<meta property=\"og:type\" content=\"article\" \/>\n<meta property=\"og:title\" content=\"Vinculan a proceso a &#039;Billy&#039; \u00c1lvarez por delincuencia organizada y lavado de dinero - Fuentes Fidedignas\" \/>\n<meta property=\"og:description\" content=\"Un juez de control de dict\u00f3 vinculaci\u00f3n a proceso al ex presidente de la cooperativa del Cruz Azul. Un juez de federal vincul\u00f3 a proceso a&nbsp;Guillermo H\u00e9ctor \u201cN\u201d, mejor conocido como Billy \u00c1lvarez, ex director general de la cooperativa del Cruz Azul, quien fue detenido en la Ciudad de M\u00e9xico durante la tarde del jueves [&hellip;]\" \/>\n<meta property=\"og:url\" content=\"https:\/\/fuentesfidedignas.com.mx\/index.php\/2025\/01\/22\/vinculan-a-proceso-a-billy-alvarez-por-delincuencia-organizada-y-lavado-de-dinero\/\" \/>\n<meta property=\"og:site_name\" content=\"Fuentes Fidedignas\" \/>\n<meta property=\"article:publisher\" content=\"https:\/\/www.facebook.com\/Fuentes-Fidedignas-368234489921644\" \/>\n<meta property=\"article:published_time\" content=\"2025-01-23T00:21:00+00:00\" \/>\n<meta property=\"og:image\" content=\"https:\/\/fuentesfidedignas.com.mx\/wp-content\/uploads\/2025\/01\/billy-Alvarez-Cruz-Azul.jpg\" \/>\n\t<meta property=\"og:image:width\" content=\"570\" \/>\n\t<meta property=\"og:image:height\" content=\"321\" \/>\n\t<meta property=\"og:image:type\" content=\"image\/jpeg\" \/>\n<meta name=\"author\" content=\"Milenio\" \/>\n<meta name=\"twitter:card\" content=\"summary_large_image\" \/>\n<meta name=\"twitter:creator\" content=\"@fidedignas\" \/>\n<meta name=\"twitter:site\" content=\"@fidedignas\" \/>\n<meta name=\"twitter:label1\" content=\"Escrito por\" \/>\n\t<meta name=\"twitter:data1\" content=\"Milenio\" \/>\n\t<meta name=\"twitter:label2\" content=\"Tiempo de lectura\" \/>\n\t<meta name=\"twitter:data2\" content=\"3 minutos\" \/>\n<script type=\"application\/ld+json\" class=\"yoast-schema-graph\">{\"@context\":\"https:\\\/\\\/schema.org\",\"@graph\":[{\"@type\":\"Article\",\"@id\":\"https:\\\/\\\/fuentesfidedignas.com.mx\\\/index.php\\\/2025\\\/01\\\/22\\\/vinculan-a-proceso-a-billy-alvarez-por-delincuencia-organizada-y-lavado-de-dinero\\\/#article\",\"isPartOf\":{\"@id\":\"https:\\\/\\\/fuentesfidedignas.com.mx\\\/index.php\\\/2025\\\/01\\\/22\\\/vinculan-a-proceso-a-billy-alvarez-por-delincuencia-organizada-y-lavado-de-dinero\\\/\"},\"author\":{\"name\":\"Milenio\",\"@id\":\"https:\\\/\\\/fuentesfidedignas.com.mx\\\/#\\\/schema\\\/person\\\/47ec0135738f4b0c7495f06a77a2c976\"},\"headline\":\"Vinculan a proceso a &#8216;Billy&#8217; \u00c1lvarez por delincuencia organizada y lavado de dinero\",\"datePublished\":\"2025-01-23T00:21:00+00:00\",\"mainEntityOfPage\":{\"@id\":\"https:\\\/\\\/fuentesfidedignas.com.mx\\\/index.php\\\/2025\\\/01\\\/22\\\/vinculan-a-proceso-a-billy-alvarez-por-delincuencia-organizada-y-lavado-de-dinero\\\/\"},\"wordCount\":558,\"commentCount\":0,\"publisher\":{\"@id\":\"https:\\\/\\\/fuentesfidedignas.com.mx\\\/#organization\"},\"image\":{\"@id\":\"https:\\\/\\\/fuentesfidedignas.com.mx\\\/index.php\\\/2025\\\/01\\\/22\\\/vinculan-a-proceso-a-billy-alvarez-por-delincuencia-organizada-y-lavado-de-dinero\\\/#primaryimage\"},\"thumbnailUrl\":\"https:\\\/\\\/fuentesfidedignas.com.mx\\\/wp-content\\\/uploads\\\/2025\\\/01\\\/billy-Alvarez-Cruz-Azul.jpg\",\"articleSection\":[\"NOTICIAS NACIONALES\"],\"inLanguage\":\"es\",\"potentialAction\":[{\"@type\":\"CommentAction\",\"name\":\"Comment\",\"target\":[\"https:\\\/\\\/fuentesfidedignas.com.mx\\\/index.php\\\/2025\\\/01\\\/22\\\/vinculan-a-proceso-a-billy-alvarez-por-delincuencia-organizada-y-lavado-de-dinero\\\/#respond\"]}]},{\"@type\":\"WebPage\",\"@id\":\"https:\\\/\\\/fuentesfidedignas.com.mx\\\/index.php\\\/2025\\\/01\\\/22\\\/vinculan-a-proceso-a-billy-alvarez-por-delincuencia-organizada-y-lavado-de-dinero\\\/\",\"url\":\"https:\\\/\\\/fuentesfidedignas.com.mx\\\/index.php\\\/2025\\\/01\\\/22\\\/vinculan-a-proceso-a-billy-alvarez-por-delincuencia-organizada-y-lavado-de-dinero\\\/\",\"name\":\"Vinculan a proceso a 'Billy' \u00c1lvarez por delincuencia organizada y lavado de dinero - Fuentes Fidedignas\",\"isPartOf\":{\"@id\":\"https:\\\/\\\/fuentesfidedignas.com.mx\\\/#website\"},\"primaryImageOfPage\":{\"@id\":\"https:\\\/\\\/fuentesfidedignas.com.mx\\\/index.php\\\/2025\\\/01\\\/22\\\/vinculan-a-proceso-a-billy-alvarez-por-delincuencia-organizada-y-lavado-de-dinero\\\/#primaryimage\"},\"image\":{\"@id\":\"https:\\\/\\\/fuentesfidedignas.com.mx\\\/index.php\\\/2025\\\/01\\\/22\\\/vinculan-a-proceso-a-billy-alvarez-por-delincuencia-organizada-y-lavado-de-dinero\\\/#primaryimage\"},\"thumbnailUrl\":\"https:\\\/\\\/fuentesfidedignas.com.mx\\\/wp-content\\\/uploads\\\/2025\\\/01\\\/billy-Alvarez-Cruz-Azul.jpg\",\"datePublished\":\"2025-01-23T00:21:00+00:00\",\"breadcrumb\":{\"@id\":\"https:\\\/\\\/fuentesfidedignas.com.mx\\\/index.php\\\/2025\\\/01\\\/22\\\/vinculan-a-proceso-a-billy-alvarez-por-delincuencia-organizada-y-lavado-de-dinero\\\/#breadcrumb\"},\"inLanguage\":\"es\",\"potentialAction\":[{\"@type\":\"ReadAction\",\"target\":[\"https:\\\/\\\/fuentesfidedignas.com.mx\\\/index.php\\\/2025\\\/01\\\/22\\\/vinculan-a-proceso-a-billy-alvarez-por-delincuencia-organizada-y-lavado-de-dinero\\\/\"]}]},{\"@type\":\"ImageObject\",\"inLanguage\":\"es\",\"@id\":\"https:\\\/\\\/fuentesfidedignas.com.mx\\\/index.php\\\/2025\\\/01\\\/22\\\/vinculan-a-proceso-a-billy-alvarez-por-delincuencia-organizada-y-lavado-de-dinero\\\/#primaryimage\",\"url\":\"https:\\\/\\\/fuentesfidedignas.com.mx\\\/wp-content\\\/uploads\\\/2025\\\/01\\\/billy-Alvarez-Cruz-Azul.jpg\",\"contentUrl\":\"https:\\\/\\\/fuentesfidedignas.com.mx\\\/wp-content\\\/uploads\\\/2025\\\/01\\\/billy-Alvarez-Cruz-Azul.jpg\",\"width\":570,\"height\":321},{\"@type\":\"BreadcrumbList\",\"@id\":\"https:\\\/\\\/fuentesfidedignas.com.mx\\\/index.php\\\/2025\\\/01\\\/22\\\/vinculan-a-proceso-a-billy-alvarez-por-delincuencia-organizada-y-lavado-de-dinero\\\/#breadcrumb\",\"itemListElement\":[{\"@type\":\"ListItem\",\"position\":1,\"name\":\"Inicio\",\"item\":\"https:\\\/\\\/fuentesfidedignas.com.mx\\\/\"},{\"@type\":\"ListItem\",\"position\":2,\"name\":\"Vinculan a proceso a &#8216;Billy&#8217; \u00c1lvarez por delincuencia organizada y lavado de dinero\"}]},{\"@type\":\"WebSite\",\"@id\":\"https:\\\/\\\/fuentesfidedignas.com.mx\\\/#website\",\"url\":\"https:\\\/\\\/fuentesfidedignas.com.mx\\\/\",\"name\":\"Fuentes Fidedignas\",\"description\":\"Otro sitio realizado con WordPress\",\"publisher\":{\"@id\":\"https:\\\/\\\/fuentesfidedignas.com.mx\\\/#organization\"},\"potentialAction\":[{\"@type\":\"SearchAction\",\"target\":{\"@type\":\"EntryPoint\",\"urlTemplate\":\"https:\\\/\\\/fuentesfidedignas.com.mx\\\/?s={search_term_string}\"},\"query-input\":{\"@type\":\"PropertyValueSpecification\",\"valueRequired\":true,\"valueName\":\"search_term_string\"}}],\"inLanguage\":\"es\"},{\"@type\":\"Organization\",\"@id\":\"https:\\\/\\\/fuentesfidedignas.com.mx\\\/#organization\",\"name\":\"Fuentes Fidedignas\",\"url\":\"https:\\\/\\\/fuentesfidedignas.com.mx\\\/\",\"logo\":{\"@type\":\"ImageObject\",\"inLanguage\":\"es\",\"@id\":\"https:\\\/\\\/fuentesfidedignas.com.mx\\\/#\\\/schema\\\/logo\\\/image\\\/\",\"url\":\"https:\\\/\\\/fuentesfidedignas.com.mx\\\/wp-content\\\/uploads\\\/2021\\\/04\\\/logo-retina.png\",\"contentUrl\":\"https:\\\/\\\/fuentesfidedignas.com.mx\\\/wp-content\\\/uploads\\\/2021\\\/04\\\/logo-retina.png\",\"width\":280,\"height\":51,\"caption\":\"Fuentes Fidedignas\"},\"image\":{\"@id\":\"https:\\\/\\\/fuentesfidedignas.com.mx\\\/#\\\/schema\\\/logo\\\/image\\\/\"},\"sameAs\":[\"https:\\\/\\\/www.facebook.com\\\/Fuentes-Fidedignas-368234489921644\",\"https:\\\/\\\/x.com\\\/fidedignas\"]},{\"@type\":\"Person\",\"@id\":\"https:\\\/\\\/fuentesfidedignas.com.mx\\\/#\\\/schema\\\/person\\\/47ec0135738f4b0c7495f06a77a2c976\",\"name\":\"Milenio\",\"image\":{\"@type\":\"ImageObject\",\"inLanguage\":\"es\",\"@id\":\"https:\\\/\\\/secure.gravatar.com\\\/avatar\\\/acabf7b54753e51c2c76457954577c236b3b764789b19879565769739d1e4a75?s=96&d=mm&r=g\",\"url\":\"https:\\\/\\\/secure.gravatar.com\\\/avatar\\\/acabf7b54753e51c2c76457954577c236b3b764789b19879565769739d1e4a75?s=96&d=mm&r=g\",\"contentUrl\":\"https:\\\/\\\/secure.gravatar.com\\\/avatar\\\/acabf7b54753e51c2c76457954577c236b3b764789b19879565769739d1e4a75?s=96&d=mm&r=g\",\"caption\":\"Milenio\"},\"url\":\"https:\\\/\\\/fuentesfidedignas.com.mx\\\/index.php\\\/author\\\/milenio\\\/\"}]}<\/script>\n<!-- \/ Yoast SEO plugin. -->","yoast_head_json":{"title":"Vinculan a proceso a 'Billy' \u00c1lvarez por delincuencia organizada y lavado de dinero - Fuentes Fidedignas","robots":{"index":"index","follow":"follow","max-snippet":"max-snippet:-1","max-image-preview":"max-image-preview:large","max-video-preview":"max-video-preview:-1"},"canonical":"https:\/\/fuentesfidedignas.com.mx\/index.php\/2025\/01\/22\/vinculan-a-proceso-a-billy-alvarez-por-delincuencia-organizada-y-lavado-de-dinero\/","og_locale":"es_MX","og_type":"article","og_title":"Vinculan a proceso a 'Billy' \u00c1lvarez por delincuencia organizada y lavado de dinero - Fuentes Fidedignas","og_description":"Un juez de control de dict\u00f3 vinculaci\u00f3n a proceso al ex presidente de la cooperativa del Cruz Azul. Un juez de federal vincul\u00f3 a proceso a&nbsp;Guillermo H\u00e9ctor \u201cN\u201d, mejor conocido como Billy \u00c1lvarez, ex director general de la cooperativa del Cruz Azul, quien fue detenido en la Ciudad de M\u00e9xico durante la tarde del jueves [&hellip;]","og_url":"https:\/\/fuentesfidedignas.com.mx\/index.php\/2025\/01\/22\/vinculan-a-proceso-a-billy-alvarez-por-delincuencia-organizada-y-lavado-de-dinero\/","og_site_name":"Fuentes Fidedignas","article_publisher":"https:\/\/www.facebook.com\/Fuentes-Fidedignas-368234489921644","article_published_time":"2025-01-23T00:21:00+00:00","og_image":[{"width":570,"height":321,"url":"https:\/\/fuentesfidedignas.com.mx\/wp-content\/uploads\/2025\/01\/billy-Alvarez-Cruz-Azul.jpg","type":"image\/jpeg"}],"author":"Milenio","twitter_card":"summary_large_image","twitter_creator":"@fidedignas","twitter_site":"@fidedignas","twitter_misc":{"Escrito por":"Milenio","Tiempo de lectura":"3 minutos"},"schema":{"@context":"https:\/\/schema.org","@graph":[{"@type":"Article","@id":"https:\/\/fuentesfidedignas.com.mx\/index.php\/2025\/01\/22\/vinculan-a-proceso-a-billy-alvarez-por-delincuencia-organizada-y-lavado-de-dinero\/#article","isPartOf":{"@id":"https:\/\/fuentesfidedignas.com.mx\/index.php\/2025\/01\/22\/vinculan-a-proceso-a-billy-alvarez-por-delincuencia-organizada-y-lavado-de-dinero\/"},"author":{"name":"Milenio","@id":"https:\/\/fuentesfidedignas.com.mx\/#\/schema\/person\/47ec0135738f4b0c7495f06a77a2c976"},"headline":"Vinculan a proceso a &#8216;Billy&#8217; \u00c1lvarez por delincuencia organizada y lavado de dinero","datePublished":"2025-01-23T00:21:00+00:00","mainEntityOfPage":{"@id":"https:\/\/fuentesfidedignas.com.mx\/index.php\/2025\/01\/22\/vinculan-a-proceso-a-billy-alvarez-por-delincuencia-organizada-y-lavado-de-dinero\/"},"wordCount":558,"commentCount":0,"publisher":{"@id":"https:\/\/fuentesfidedignas.com.mx\/#organization"},"image":{"@id":"https:\/\/fuentesfidedignas.com.mx\/index.php\/2025\/01\/22\/vinculan-a-proceso-a-billy-alvarez-por-delincuencia-organizada-y-lavado-de-dinero\/#primaryimage"},"thumbnailUrl":"https:\/\/fuentesfidedignas.com.mx\/wp-content\/uploads\/2025\/01\/billy-Alvarez-Cruz-Azul.jpg","articleSection":["NOTICIAS NACIONALES"],"inLanguage":"es","potentialAction":[{"@type":"CommentAction","name":"Comment","target":["https:\/\/fuentesfidedignas.com.mx\/index.php\/2025\/01\/22\/vinculan-a-proceso-a-billy-alvarez-por-delincuencia-organizada-y-lavado-de-dinero\/#respond"]}]},{"@type":"WebPage","@id":"https:\/\/fuentesfidedignas.com.mx\/index.php\/2025\/01\/22\/vinculan-a-proceso-a-billy-alvarez-por-delincuencia-organizada-y-lavado-de-dinero\/","url":"https:\/\/fuentesfidedignas.com.mx\/index.php\/2025\/01\/22\/vinculan-a-proceso-a-billy-alvarez-por-delincuencia-organizada-y-lavado-de-dinero\/","name":"Vinculan a proceso a 'Billy' \u00c1lvarez por delincuencia organizada y lavado de dinero - Fuentes Fidedignas","isPartOf":{"@id":"https:\/\/fuentesfidedignas.com.mx\/#website"},"primaryImageOfPage":{"@id":"https:\/\/fuentesfidedignas.com.mx\/index.php\/2025\/01\/22\/vinculan-a-proceso-a-billy-alvarez-por-delincuencia-organizada-y-lavado-de-dinero\/#primaryimage"},"image":{"@id":"https:\/\/fuentesfidedignas.com.mx\/index.php\/2025\/01\/22\/vinculan-a-proceso-a-billy-alvarez-por-delincuencia-organizada-y-lavado-de-dinero\/#primaryimage"},"thumbnailUrl":"https:\/\/fuentesfidedignas.com.mx\/wp-content\/uploads\/2025\/01\/billy-Alvarez-Cruz-Azul.jpg","datePublished":"2025-01-23T00:21:00+00:00","breadcrumb":{"@id":"https:\/\/fuentesfidedignas.com.mx\/index.php\/2025\/01\/22\/vinculan-a-proceso-a-billy-alvarez-por-delincuencia-organizada-y-lavado-de-dinero\/#breadcrumb"},"inLanguage":"es","potentialAction":[{"@type":"ReadAction","target":["https:\/\/fuentesfidedignas.com.mx\/index.php\/2025\/01\/22\/vinculan-a-proceso-a-billy-alvarez-por-delincuencia-organizada-y-lavado-de-dinero\/"]}]},{"@type":"ImageObject","inLanguage":"es","@id":"https:\/\/fuentesfidedignas.com.mx\/index.php\/2025\/01\/22\/vinculan-a-proceso-a-billy-alvarez-por-delincuencia-organizada-y-lavado-de-dinero\/#primaryimage","url":"https:\/\/fuentesfidedignas.com.mx\/wp-content\/uploads\/2025\/01\/billy-Alvarez-Cruz-Azul.jpg","contentUrl":"https:\/\/fuentesfidedignas.com.mx\/wp-content\/uploads\/2025\/01\/billy-Alvarez-Cruz-Azul.jpg","width":570,"height":321},{"@type":"BreadcrumbList","@id":"https:\/\/fuentesfidedignas.com.mx\/index.php\/2025\/01\/22\/vinculan-a-proceso-a-billy-alvarez-por-delincuencia-organizada-y-lavado-de-dinero\/#breadcrumb","itemListElement":[{"@type":"ListItem","position":1,"name":"Inicio","item":"https:\/\/fuentesfidedignas.com.mx\/"},{"@type":"ListItem","position":2,"name":"Vinculan a proceso a &#8216;Billy&#8217; \u00c1lvarez por delincuencia organizada y lavado de dinero"}]},{"@type":"WebSite","@id":"https:\/\/fuentesfidedignas.com.mx\/#website","url":"https:\/\/fuentesfidedignas.com.mx\/","name":"Fuentes Fidedignas","description":"Otro sitio realizado con WordPress","publisher":{"@id":"https:\/\/fuentesfidedignas.com.mx\/#organization"},"potentialAction":[{"@type":"SearchAction","target":{"@type":"EntryPoint","urlTemplate":"https:\/\/fuentesfidedignas.com.mx\/?s={search_term_string}"},"query-input":{"@type":"PropertyValueSpecification","valueRequired":true,"valueName":"search_term_string"}}],"inLanguage":"es"},{"@type":"Organization","@id":"https:\/\/fuentesfidedignas.com.mx\/#organization","name":"Fuentes Fidedignas","url":"https:\/\/fuentesfidedignas.com.mx\/","logo":{"@type":"ImageObject","inLanguage":"es","@id":"https:\/\/fuentesfidedignas.com.mx\/#\/schema\/logo\/image\/","url":"https:\/\/fuentesfidedignas.com.mx\/wp-content\/uploads\/2021\/04\/logo-retina.png","contentUrl":"https:\/\/fuentesfidedignas.com.mx\/wp-content\/uploads\/2021\/04\/logo-retina.png","width":280,"height":51,"caption":"Fuentes Fidedignas"},"image":{"@id":"https:\/\/fuentesfidedignas.com.mx\/#\/schema\/logo\/image\/"},"sameAs":["https:\/\/www.facebook.com\/Fuentes-Fidedignas-368234489921644","https:\/\/x.com\/fidedignas"]},{"@type":"Person","@id":"https:\/\/fuentesfidedignas.com.mx\/#\/schema\/person\/47ec0135738f4b0c7495f06a77a2c976","name":"Milenio","image":{"@type":"ImageObject","inLanguage":"es","@id":"https:\/\/secure.gravatar.com\/avatar\/acabf7b54753e51c2c76457954577c236b3b764789b19879565769739d1e4a75?s=96&d=mm&r=g","url":"https:\/\/secure.gravatar.com\/avatar\/acabf7b54753e51c2c76457954577c236b3b764789b19879565769739d1e4a75?s=96&d=mm&r=g","contentUrl":"https:\/\/secure.gravatar.com\/avatar\/acabf7b54753e51c2c76457954577c236b3b764789b19879565769739d1e4a75?s=96&d=mm&r=g","caption":"Milenio"},"url":"https:\/\/fuentesfidedignas.com.mx\/index.php\/author\/milenio\/"}]}},"_links":{"self":[{"href":"https:\/\/fuentesfidedignas.com.mx\/index.php\/wp-json\/wp\/v2\/posts\/99978","targetHints":{"allow":["GET"]}}],"collection":[{"href":"https:\/\/fuentesfidedignas.com.mx\/index.php\/wp-json\/wp\/v2\/posts"}],"about":[{"href":"https:\/\/fuentesfidedignas.com.mx\/index.php\/wp-json\/wp\/v2\/types\/post"}],"author":[{"embeddable":true,"href":"https:\/\/fuentesfidedignas.com.mx\/index.php\/wp-json\/wp\/v2\/users\/9"}],"replies":[{"embeddable":true,"href":"https:\/\/fuentesfidedignas.com.mx\/index.php\/wp-json\/wp\/v2\/comments?post=99978"}],"version-history":[{"count":1,"href":"https:\/\/fuentesfidedignas.com.mx\/index.php\/wp-json\/wp\/v2\/posts\/99978\/revisions"}],"predecessor-version":[{"id":99979,"href":"https:\/\/fuentesfidedignas.com.mx\/index.php\/wp-json\/wp\/v2\/posts\/99978\/revisions\/99979"}],"wp:featuredmedia":[{"embeddable":true,"href":"https:\/\/fuentesfidedignas.com.mx\/index.php\/wp-json\/wp\/v2\/media\/99613"}],"wp:attachment":[{"href":"https:\/\/fuentesfidedignas.com.mx\/index.php\/wp-json\/wp\/v2\/media?parent=99978"}],"wp:term":[{"taxonomy":"category","embeddable":true,"href":"https:\/\/fuentesfidedignas.com.mx\/index.php\/wp-json\/wp\/v2\/categories?post=99978"},{"taxonomy":"post_tag","embeddable":true,"href":"https:\/\/fuentesfidedignas.com.mx\/index.php\/wp-json\/wp\/v2\/tags?post=99978"}],"curies":[{"name":"wp","href":"https:\/\/api.w.org\/{rel}","templated":true}]}}