{"id":99958,"date":"2025-01-22T11:54:24","date_gmt":"2025-01-22T18:54:24","guid":{"rendered":"https:\/\/fuentesfidedignas.com.mx\/?p=99958"},"modified":"2025-01-22T11:54:24","modified_gmt":"2025-01-22T18:54:24","slug":"sheinbaum-rechaza-redadas-migratorias-de-trump-en-escuelas-colegios-e-iglesias","status":"publish","type":"post","link":"https:\/\/fuentesfidedignas.com.mx\/index.php\/2025\/01\/22\/sheinbaum-rechaza-redadas-migratorias-de-trump-en-escuelas-colegios-e-iglesias\/","title":{"rendered":"Sheinbaum rechaza redadas migratorias de Trump en escuelas, colegios e iglesias"},"content":{"rendered":"\n<p><br><strong><em>La reacci\u00f3n de Sheinbaum ocurre luego de que el Gobierno de Trump diera v\u00eda libre a redadas migratorias en lugares \u201cprotegidos\u201d<\/em><\/strong><\/p>\n\n\n\n<p>Culiac\u00e1n, Sinaloa.- La presidenta de M\u00e9xico, Claudia Sheinbaum Pardo, rechaz\u00f3 la medida del presidente estadounidense, Donald Trump, quien el martes dio v\u00eda libre a redadas migratorias en escuelas, colegios e iglesias de aquel pa\u00eds, previamente considerados lugares \u201cprotegidos\u201d.<\/p>\n\n\n\n<p>\u201cPor supuesto (que) no estamos de acuerdo (con dicha medida)\u201d, se\u00f1al\u00f3 la mandataria durante su conferencia de prensa matutina.<\/p>\n\n\n\n<p>La reacci\u00f3n de la mandataria mexicana se conoce despu\u00e9s de que en la previa el&nbsp;<strong>Departamento de Seguridad Nacional<\/strong>&nbsp;(<strong>DHS<\/strong>, en ingl\u00e9s) revocara una directriz de la Administraci\u00f3n del expresidente Joe Biden, que instru\u00eda a las autoridades migratorias a evitar redadas en estos lugares o cerca a ellos.<\/p>\n\n\n\n<p>El nuevo Gobierno de EE.UU. alega que la decisi\u00f3n \u201cempodera\u201d a los agentes de migraci\u00f3n a \u201cseguir las leyes\u201d y capturar a los que llaman \u201ccriminales extranjeros\u201d, seg\u00fan indic\u00f3 un portavoz del DHS en un comunicado.<\/p>\n\n\n\n<p>Adem\u00e1s, el texto asegura, sin citar pruebas o ejemplos, que hay \u201c<strong>criminales<\/strong>\u201d que se \u201cesconden en las escuelas y las iglesias\u201d de EE.UU. para evadir los arrestos.<\/p>\n\n\n\n<p>La decisi\u00f3n lleg\u00f3 un d\u00eda despu\u00e9s de que Trump asumiera el poder y enfatizara que cumplir\u00e1 con su promesa de campa\u00f1a de llevar a cabo la mayor campa\u00f1a de deportaciones de migrantes en la historia de EE.UU.<\/p>\n\n\n\n<p>Al respecto, Sheinbaum Pardo asegur\u00f3 que M\u00e9xico busca proteger a sus connacionales en Estados Unidos, por lo que se ha instruido al canciller mexicano una coordinaci\u00f3n con los c\u00f3nsules para dar apoyo legal y, en caso de que sean deportados o quieran regresar de manera voluntaria al pa\u00eds, se les dar\u00e1 apoyo a trav\u00e9s del programa \u2018M\u00e9xico te abraza\u2019.<\/p>\n\n\n\n<p>\u201c\u00bfQu\u00e9 hacemos nosotros? Apoyarlos legalmente y recibirlos en M\u00e9xico con el programa \u2018M\u00e9xico te abraza\u2019 y poderlos orientar a distintos lugares y, en caso de que haya una persona que no es mexicana en la frontera, pues tambi\u00e9n le damos apoyo humanitario\u201d, afirm\u00f3.<\/p>\n\n\n\n<p>En el pa\u00eds preocupan las deportaciones masivas prometidas por Trump porque los mexicanos son cerca de la mitad de los 11 millones de indocumentados en Estados Unidos y sus remesas representan casi el 4 % del Producto Interior Bruto (PIB) de M\u00e9xico, que en 2024 habr\u00eda recibido un r\u00e9cord estimado de 65.000 millones de d\u00f3lares.<\/p>\n","protected":false},"excerpt":{"rendered":"<p>La reacci\u00f3n de Sheinbaum ocurre luego de que el Gobierno de Trump diera v\u00eda libre a redadas migratorias en lugares \u201cprotegidos\u201d Culiac\u00e1n, Sinaloa.- La presidenta de M\u00e9xico, Claudia Sheinbaum Pardo, rechaz\u00f3 la medida del presidente estadounidense, Donald Trump, quien el martes dio v\u00eda libre a redadas migratorias en escuelas, colegios e iglesias de aquel pa\u00eds, [&hellip;]<\/p>\n","protected":false},"author":22,"featured_media":99957,"comment_status":"closed","ping_status":"open","sticky":false,"template":"","format":"standard","meta":{"tdm_status":"","tdm_grid_status":"","footnotes":""},"categories":[39],"tags":[],"class_list":{"0":"post-99958","1":"post","2":"type-post","3":"status-publish","4":"format-standard","5":"has-post-thumbnail","7":"category-noticias-nacionales"},"yoast_head":"<!-- This site is optimized with the Yoast SEO plugin v27.5 - https:\/\/yoast.com\/product\/yoast-seo-wordpress\/ -->\n<title>Sheinbaum rechaza redadas migratorias de Trump en escuelas, colegios e iglesias - Fuentes Fidedignas<\/title>\n<meta name=\"robots\" content=\"index, follow, max-snippet:-1, max-image-preview:large, max-video-preview:-1\" \/>\n<link rel=\"canonical\" href=\"https:\/\/fuentesfidedignas.com.mx\/index.php\/2025\/01\/22\/sheinbaum-rechaza-redadas-migratorias-de-trump-en-escuelas-colegios-e-iglesias\/\" \/>\n<meta property=\"og:locale\" content=\"es_MX\" \/>\n<meta property=\"og:type\" content=\"article\" \/>\n<meta property=\"og:title\" content=\"Sheinbaum rechaza redadas migratorias de Trump en escuelas, colegios e iglesias - Fuentes Fidedignas\" \/>\n<meta property=\"og:description\" content=\"La reacci\u00f3n de Sheinbaum ocurre luego de que el Gobierno de Trump diera v\u00eda libre a redadas migratorias en lugares \u201cprotegidos\u201d Culiac\u00e1n, Sinaloa.- La presidenta de M\u00e9xico, Claudia Sheinbaum Pardo, rechaz\u00f3 la medida del presidente estadounidense, Donald Trump, quien el martes dio v\u00eda libre a redadas migratorias en escuelas, colegios e iglesias de aquel pa\u00eds, [&hellip;]\" \/>\n<meta property=\"og:url\" content=\"https:\/\/fuentesfidedignas.com.mx\/index.php\/2025\/01\/22\/sheinbaum-rechaza-redadas-migratorias-de-trump-en-escuelas-colegios-e-iglesias\/\" \/>\n<meta property=\"og:site_name\" content=\"Fuentes Fidedignas\" \/>\n<meta property=\"article:publisher\" content=\"https:\/\/www.facebook.com\/Fuentes-Fidedignas-368234489921644\" \/>\n<meta property=\"article:published_time\" content=\"2025-01-22T18:54:24+00:00\" \/>\n<meta property=\"og:image\" content=\"https:\/\/fuentesfidedignas.com.mx\/wp-content\/uploads\/2025\/01\/img_2733-1.jpg\" \/>\n\t<meta property=\"og:image:width\" content=\"1536\" \/>\n\t<meta property=\"og:image:height\" content=\"1024\" \/>\n\t<meta property=\"og:image:type\" content=\"image\/jpeg\" \/>\n<meta name=\"author\" content=\"EFE\" \/>\n<meta name=\"twitter:card\" content=\"summary_large_image\" \/>\n<meta name=\"twitter:creator\" content=\"@fidedignas\" \/>\n<meta name=\"twitter:site\" content=\"@fidedignas\" \/>\n<meta name=\"twitter:label1\" content=\"Escrito por\" \/>\n\t<meta name=\"twitter:data1\" content=\"EFE\" \/>\n\t<meta name=\"twitter:label2\" content=\"Tiempo de lectura\" \/>\n\t<meta name=\"twitter:data2\" content=\"2 minutos\" \/>\n<script type=\"application\/ld+json\" class=\"yoast-schema-graph\">{\"@context\":\"https:\\\/\\\/schema.org\",\"@graph\":[{\"@type\":\"Article\",\"@id\":\"https:\\\/\\\/fuentesfidedignas.com.mx\\\/index.php\\\/2025\\\/01\\\/22\\\/sheinbaum-rechaza-redadas-migratorias-de-trump-en-escuelas-colegios-e-iglesias\\\/#article\",\"isPartOf\":{\"@id\":\"https:\\\/\\\/fuentesfidedignas.com.mx\\\/index.php\\\/2025\\\/01\\\/22\\\/sheinbaum-rechaza-redadas-migratorias-de-trump-en-escuelas-colegios-e-iglesias\\\/\"},\"author\":{\"name\":\"EFE\",\"@id\":\"https:\\\/\\\/fuentesfidedignas.com.mx\\\/#\\\/schema\\\/person\\\/0d44615087b5a626d5d3f13afe31ac41\"},\"headline\":\"Sheinbaum rechaza redadas migratorias de Trump en escuelas, colegios e iglesias\",\"datePublished\":\"2025-01-22T18:54:24+00:00\",\"mainEntityOfPage\":{\"@id\":\"https:\\\/\\\/fuentesfidedignas.com.mx\\\/index.php\\\/2025\\\/01\\\/22\\\/sheinbaum-rechaza-redadas-migratorias-de-trump-en-escuelas-colegios-e-iglesias\\\/\"},\"wordCount\":430,\"publisher\":{\"@id\":\"https:\\\/\\\/fuentesfidedignas.com.mx\\\/#organization\"},\"image\":{\"@id\":\"https:\\\/\\\/fuentesfidedignas.com.mx\\\/index.php\\\/2025\\\/01\\\/22\\\/sheinbaum-rechaza-redadas-migratorias-de-trump-en-escuelas-colegios-e-iglesias\\\/#primaryimage\"},\"thumbnailUrl\":\"https:\\\/\\\/fuentesfidedignas.com.mx\\\/wp-content\\\/uploads\\\/2025\\\/01\\\/img_2733-1.jpg\",\"articleSection\":[\"NOTICIAS NACIONALES\"],\"inLanguage\":\"es\"},{\"@type\":\"WebPage\",\"@id\":\"https:\\\/\\\/fuentesfidedignas.com.mx\\\/index.php\\\/2025\\\/01\\\/22\\\/sheinbaum-rechaza-redadas-migratorias-de-trump-en-escuelas-colegios-e-iglesias\\\/\",\"url\":\"https:\\\/\\\/fuentesfidedignas.com.mx\\\/index.php\\\/2025\\\/01\\\/22\\\/sheinbaum-rechaza-redadas-migratorias-de-trump-en-escuelas-colegios-e-iglesias\\\/\",\"name\":\"Sheinbaum rechaza redadas migratorias de Trump en escuelas, colegios e iglesias - Fuentes Fidedignas\",\"isPartOf\":{\"@id\":\"https:\\\/\\\/fuentesfidedignas.com.mx\\\/#website\"},\"primaryImageOfPage\":{\"@id\":\"https:\\\/\\\/fuentesfidedignas.com.mx\\\/index.php\\\/2025\\\/01\\\/22\\\/sheinbaum-rechaza-redadas-migratorias-de-trump-en-escuelas-colegios-e-iglesias\\\/#primaryimage\"},\"image\":{\"@id\":\"https:\\\/\\\/fuentesfidedignas.com.mx\\\/index.php\\\/2025\\\/01\\\/22\\\/sheinbaum-rechaza-redadas-migratorias-de-trump-en-escuelas-colegios-e-iglesias\\\/#primaryimage\"},\"thumbnailUrl\":\"https:\\\/\\\/fuentesfidedignas.com.mx\\\/wp-content\\\/uploads\\\/2025\\\/01\\\/img_2733-1.jpg\",\"datePublished\":\"2025-01-22T18:54:24+00:00\",\"breadcrumb\":{\"@id\":\"https:\\\/\\\/fuentesfidedignas.com.mx\\\/index.php\\\/2025\\\/01\\\/22\\\/sheinbaum-rechaza-redadas-migratorias-de-trump-en-escuelas-colegios-e-iglesias\\\/#breadcrumb\"},\"inLanguage\":\"es\",\"potentialAction\":[{\"@type\":\"ReadAction\",\"target\":[\"https:\\\/\\\/fuentesfidedignas.com.mx\\\/index.php\\\/2025\\\/01\\\/22\\\/sheinbaum-rechaza-redadas-migratorias-de-trump-en-escuelas-colegios-e-iglesias\\\/\"]}]},{\"@type\":\"ImageObject\",\"inLanguage\":\"es\",\"@id\":\"https:\\\/\\\/fuentesfidedignas.com.mx\\\/index.php\\\/2025\\\/01\\\/22\\\/sheinbaum-rechaza-redadas-migratorias-de-trump-en-escuelas-colegios-e-iglesias\\\/#primaryimage\",\"url\":\"https:\\\/\\\/fuentesfidedignas.com.mx\\\/wp-content\\\/uploads\\\/2025\\\/01\\\/img_2733-1.jpg\",\"contentUrl\":\"https:\\\/\\\/fuentesfidedignas.com.mx\\\/wp-content\\\/uploads\\\/2025\\\/01\\\/img_2733-1.jpg\",\"width\":1536,\"height\":1024},{\"@type\":\"BreadcrumbList\",\"@id\":\"https:\\\/\\\/fuentesfidedignas.com.mx\\\/index.php\\\/2025\\\/01\\\/22\\\/sheinbaum-rechaza-redadas-migratorias-de-trump-en-escuelas-colegios-e-iglesias\\\/#breadcrumb\",\"itemListElement\":[{\"@type\":\"ListItem\",\"position\":1,\"name\":\"Inicio\",\"item\":\"https:\\\/\\\/fuentesfidedignas.com.mx\\\/\"},{\"@type\":\"ListItem\",\"position\":2,\"name\":\"Sheinbaum rechaza redadas migratorias de Trump en escuelas, colegios e iglesias\"}]},{\"@type\":\"WebSite\",\"@id\":\"https:\\\/\\\/fuentesfidedignas.com.mx\\\/#website\",\"url\":\"https:\\\/\\\/fuentesfidedignas.com.mx\\\/\",\"name\":\"Fuentes Fidedignas\",\"description\":\"Otro sitio realizado con WordPress\",\"publisher\":{\"@id\":\"https:\\\/\\\/fuentesfidedignas.com.mx\\\/#organization\"},\"potentialAction\":[{\"@type\":\"SearchAction\",\"target\":{\"@type\":\"EntryPoint\",\"urlTemplate\":\"https:\\\/\\\/fuentesfidedignas.com.mx\\\/?s={search_term_string}\"},\"query-input\":{\"@type\":\"PropertyValueSpecification\",\"valueRequired\":true,\"valueName\":\"search_term_string\"}}],\"inLanguage\":\"es\"},{\"@type\":\"Organization\",\"@id\":\"https:\\\/\\\/fuentesfidedignas.com.mx\\\/#organization\",\"name\":\"Fuentes Fidedignas\",\"url\":\"https:\\\/\\\/fuentesfidedignas.com.mx\\\/\",\"logo\":{\"@type\":\"ImageObject\",\"inLanguage\":\"es\",\"@id\":\"https:\\\/\\\/fuentesfidedignas.com.mx\\\/#\\\/schema\\\/logo\\\/image\\\/\",\"url\":\"https:\\\/\\\/fuentesfidedignas.com.mx\\\/wp-content\\\/uploads\\\/2021\\\/04\\\/logo-retina.png\",\"contentUrl\":\"https:\\\/\\\/fuentesfidedignas.com.mx\\\/wp-content\\\/uploads\\\/2021\\\/04\\\/logo-retina.png\",\"width\":280,\"height\":51,\"caption\":\"Fuentes Fidedignas\"},\"image\":{\"@id\":\"https:\\\/\\\/fuentesfidedignas.com.mx\\\/#\\\/schema\\\/logo\\\/image\\\/\"},\"sameAs\":[\"https:\\\/\\\/www.facebook.com\\\/Fuentes-Fidedignas-368234489921644\",\"https:\\\/\\\/x.com\\\/fidedignas\"]},{\"@type\":\"Person\",\"@id\":\"https:\\\/\\\/fuentesfidedignas.com.mx\\\/#\\\/schema\\\/person\\\/0d44615087b5a626d5d3f13afe31ac41\",\"name\":\"EFE\",\"image\":{\"@type\":\"ImageObject\",\"inLanguage\":\"es\",\"@id\":\"https:\\\/\\\/secure.gravatar.com\\\/avatar\\\/7048c2d9b569d9bed55bb53ad23821e6e047aa66338fb6ea9868627bbb9f54e8?s=96&d=mm&r=g\",\"url\":\"https:\\\/\\\/secure.gravatar.com\\\/avatar\\\/7048c2d9b569d9bed55bb53ad23821e6e047aa66338fb6ea9868627bbb9f54e8?s=96&d=mm&r=g\",\"contentUrl\":\"https:\\\/\\\/secure.gravatar.com\\\/avatar\\\/7048c2d9b569d9bed55bb53ad23821e6e047aa66338fb6ea9868627bbb9f54e8?s=96&d=mm&r=g\",\"caption\":\"EFE\"},\"url\":\"https:\\\/\\\/fuentesfidedignas.com.mx\\\/index.php\\\/author\\\/efe\\\/\"}]}<\/script>\n<!-- \/ Yoast SEO plugin. -->","yoast_head_json":{"title":"Sheinbaum rechaza redadas migratorias de Trump en escuelas, colegios e iglesias - Fuentes Fidedignas","robots":{"index":"index","follow":"follow","max-snippet":"max-snippet:-1","max-image-preview":"max-image-preview:large","max-video-preview":"max-video-preview:-1"},"canonical":"https:\/\/fuentesfidedignas.com.mx\/index.php\/2025\/01\/22\/sheinbaum-rechaza-redadas-migratorias-de-trump-en-escuelas-colegios-e-iglesias\/","og_locale":"es_MX","og_type":"article","og_title":"Sheinbaum rechaza redadas migratorias de Trump en escuelas, colegios e iglesias - Fuentes Fidedignas","og_description":"La reacci\u00f3n de Sheinbaum ocurre luego de que el Gobierno de Trump diera v\u00eda libre a redadas migratorias en lugares \u201cprotegidos\u201d Culiac\u00e1n, Sinaloa.- La presidenta de M\u00e9xico, Claudia Sheinbaum Pardo, rechaz\u00f3 la medida del presidente estadounidense, Donald Trump, quien el martes dio v\u00eda libre a redadas migratorias en escuelas, colegios e iglesias de aquel pa\u00eds, [&hellip;]","og_url":"https:\/\/fuentesfidedignas.com.mx\/index.php\/2025\/01\/22\/sheinbaum-rechaza-redadas-migratorias-de-trump-en-escuelas-colegios-e-iglesias\/","og_site_name":"Fuentes Fidedignas","article_publisher":"https:\/\/www.facebook.com\/Fuentes-Fidedignas-368234489921644","article_published_time":"2025-01-22T18:54:24+00:00","og_image":[{"width":1536,"height":1024,"url":"https:\/\/fuentesfidedignas.com.mx\/wp-content\/uploads\/2025\/01\/img_2733-1.jpg","type":"image\/jpeg"}],"author":"EFE","twitter_card":"summary_large_image","twitter_creator":"@fidedignas","twitter_site":"@fidedignas","twitter_misc":{"Escrito por":"EFE","Tiempo de lectura":"2 minutos"},"schema":{"@context":"https:\/\/schema.org","@graph":[{"@type":"Article","@id":"https:\/\/fuentesfidedignas.com.mx\/index.php\/2025\/01\/22\/sheinbaum-rechaza-redadas-migratorias-de-trump-en-escuelas-colegios-e-iglesias\/#article","isPartOf":{"@id":"https:\/\/fuentesfidedignas.com.mx\/index.php\/2025\/01\/22\/sheinbaum-rechaza-redadas-migratorias-de-trump-en-escuelas-colegios-e-iglesias\/"},"author":{"name":"EFE","@id":"https:\/\/fuentesfidedignas.com.mx\/#\/schema\/person\/0d44615087b5a626d5d3f13afe31ac41"},"headline":"Sheinbaum rechaza redadas migratorias de Trump en escuelas, colegios e iglesias","datePublished":"2025-01-22T18:54:24+00:00","mainEntityOfPage":{"@id":"https:\/\/fuentesfidedignas.com.mx\/index.php\/2025\/01\/22\/sheinbaum-rechaza-redadas-migratorias-de-trump-en-escuelas-colegios-e-iglesias\/"},"wordCount":430,"publisher":{"@id":"https:\/\/fuentesfidedignas.com.mx\/#organization"},"image":{"@id":"https:\/\/fuentesfidedignas.com.mx\/index.php\/2025\/01\/22\/sheinbaum-rechaza-redadas-migratorias-de-trump-en-escuelas-colegios-e-iglesias\/#primaryimage"},"thumbnailUrl":"https:\/\/fuentesfidedignas.com.mx\/wp-content\/uploads\/2025\/01\/img_2733-1.jpg","articleSection":["NOTICIAS NACIONALES"],"inLanguage":"es"},{"@type":"WebPage","@id":"https:\/\/fuentesfidedignas.com.mx\/index.php\/2025\/01\/22\/sheinbaum-rechaza-redadas-migratorias-de-trump-en-escuelas-colegios-e-iglesias\/","url":"https:\/\/fuentesfidedignas.com.mx\/index.php\/2025\/01\/22\/sheinbaum-rechaza-redadas-migratorias-de-trump-en-escuelas-colegios-e-iglesias\/","name":"Sheinbaum rechaza redadas migratorias de Trump en escuelas, colegios e iglesias - Fuentes Fidedignas","isPartOf":{"@id":"https:\/\/fuentesfidedignas.com.mx\/#website"},"primaryImageOfPage":{"@id":"https:\/\/fuentesfidedignas.com.mx\/index.php\/2025\/01\/22\/sheinbaum-rechaza-redadas-migratorias-de-trump-en-escuelas-colegios-e-iglesias\/#primaryimage"},"image":{"@id":"https:\/\/fuentesfidedignas.com.mx\/index.php\/2025\/01\/22\/sheinbaum-rechaza-redadas-migratorias-de-trump-en-escuelas-colegios-e-iglesias\/#primaryimage"},"thumbnailUrl":"https:\/\/fuentesfidedignas.com.mx\/wp-content\/uploads\/2025\/01\/img_2733-1.jpg","datePublished":"2025-01-22T18:54:24+00:00","breadcrumb":{"@id":"https:\/\/fuentesfidedignas.com.mx\/index.php\/2025\/01\/22\/sheinbaum-rechaza-redadas-migratorias-de-trump-en-escuelas-colegios-e-iglesias\/#breadcrumb"},"inLanguage":"es","potentialAction":[{"@type":"ReadAction","target":["https:\/\/fuentesfidedignas.com.mx\/index.php\/2025\/01\/22\/sheinbaum-rechaza-redadas-migratorias-de-trump-en-escuelas-colegios-e-iglesias\/"]}]},{"@type":"ImageObject","inLanguage":"es","@id":"https:\/\/fuentesfidedignas.com.mx\/index.php\/2025\/01\/22\/sheinbaum-rechaza-redadas-migratorias-de-trump-en-escuelas-colegios-e-iglesias\/#primaryimage","url":"https:\/\/fuentesfidedignas.com.mx\/wp-content\/uploads\/2025\/01\/img_2733-1.jpg","contentUrl":"https:\/\/fuentesfidedignas.com.mx\/wp-content\/uploads\/2025\/01\/img_2733-1.jpg","width":1536,"height":1024},{"@type":"BreadcrumbList","@id":"https:\/\/fuentesfidedignas.com.mx\/index.php\/2025\/01\/22\/sheinbaum-rechaza-redadas-migratorias-de-trump-en-escuelas-colegios-e-iglesias\/#breadcrumb","itemListElement":[{"@type":"ListItem","position":1,"name":"Inicio","item":"https:\/\/fuentesfidedignas.com.mx\/"},{"@type":"ListItem","position":2,"name":"Sheinbaum rechaza redadas migratorias de Trump en escuelas, colegios e iglesias"}]},{"@type":"WebSite","@id":"https:\/\/fuentesfidedignas.com.mx\/#website","url":"https:\/\/fuentesfidedignas.com.mx\/","name":"Fuentes Fidedignas","description":"Otro sitio realizado con WordPress","publisher":{"@id":"https:\/\/fuentesfidedignas.com.mx\/#organization"},"potentialAction":[{"@type":"SearchAction","target":{"@type":"EntryPoint","urlTemplate":"https:\/\/fuentesfidedignas.com.mx\/?s={search_term_string}"},"query-input":{"@type":"PropertyValueSpecification","valueRequired":true,"valueName":"search_term_string"}}],"inLanguage":"es"},{"@type":"Organization","@id":"https:\/\/fuentesfidedignas.com.mx\/#organization","name":"Fuentes Fidedignas","url":"https:\/\/fuentesfidedignas.com.mx\/","logo":{"@type":"ImageObject","inLanguage":"es","@id":"https:\/\/fuentesfidedignas.com.mx\/#\/schema\/logo\/image\/","url":"https:\/\/fuentesfidedignas.com.mx\/wp-content\/uploads\/2021\/04\/logo-retina.png","contentUrl":"https:\/\/fuentesfidedignas.com.mx\/wp-content\/uploads\/2021\/04\/logo-retina.png","width":280,"height":51,"caption":"Fuentes Fidedignas"},"image":{"@id":"https:\/\/fuentesfidedignas.com.mx\/#\/schema\/logo\/image\/"},"sameAs":["https:\/\/www.facebook.com\/Fuentes-Fidedignas-368234489921644","https:\/\/x.com\/fidedignas"]},{"@type":"Person","@id":"https:\/\/fuentesfidedignas.com.mx\/#\/schema\/person\/0d44615087b5a626d5d3f13afe31ac41","name":"EFE","image":{"@type":"ImageObject","inLanguage":"es","@id":"https:\/\/secure.gravatar.com\/avatar\/7048c2d9b569d9bed55bb53ad23821e6e047aa66338fb6ea9868627bbb9f54e8?s=96&d=mm&r=g","url":"https:\/\/secure.gravatar.com\/avatar\/7048c2d9b569d9bed55bb53ad23821e6e047aa66338fb6ea9868627bbb9f54e8?s=96&d=mm&r=g","contentUrl":"https:\/\/secure.gravatar.com\/avatar\/7048c2d9b569d9bed55bb53ad23821e6e047aa66338fb6ea9868627bbb9f54e8?s=96&d=mm&r=g","caption":"EFE"},"url":"https:\/\/fuentesfidedignas.com.mx\/index.php\/author\/efe\/"}]}},"_links":{"self":[{"href":"https:\/\/fuentesfidedignas.com.mx\/index.php\/wp-json\/wp\/v2\/posts\/99958","targetHints":{"allow":["GET"]}}],"collection":[{"href":"https:\/\/fuentesfidedignas.com.mx\/index.php\/wp-json\/wp\/v2\/posts"}],"about":[{"href":"https:\/\/fuentesfidedignas.com.mx\/index.php\/wp-json\/wp\/v2\/types\/post"}],"author":[{"embeddable":true,"href":"https:\/\/fuentesfidedignas.com.mx\/index.php\/wp-json\/wp\/v2\/users\/22"}],"replies":[{"embeddable":true,"href":"https:\/\/fuentesfidedignas.com.mx\/index.php\/wp-json\/wp\/v2\/comments?post=99958"}],"version-history":[{"count":1,"href":"https:\/\/fuentesfidedignas.com.mx\/index.php\/wp-json\/wp\/v2\/posts\/99958\/revisions"}],"predecessor-version":[{"id":99959,"href":"https:\/\/fuentesfidedignas.com.mx\/index.php\/wp-json\/wp\/v2\/posts\/99958\/revisions\/99959"}],"wp:featuredmedia":[{"embeddable":true,"href":"https:\/\/fuentesfidedignas.com.mx\/index.php\/wp-json\/wp\/v2\/media\/99957"}],"wp:attachment":[{"href":"https:\/\/fuentesfidedignas.com.mx\/index.php\/wp-json\/wp\/v2\/media?parent=99958"}],"wp:term":[{"taxonomy":"category","embeddable":true,"href":"https:\/\/fuentesfidedignas.com.mx\/index.php\/wp-json\/wp\/v2\/categories?post=99958"},{"taxonomy":"post_tag","embeddable":true,"href":"https:\/\/fuentesfidedignas.com.mx\/index.php\/wp-json\/wp\/v2\/tags?post=99958"}],"curies":[{"name":"wp","href":"https:\/\/api.w.org\/{rel}","templated":true}]}}