{"id":99934,"date":"2025-01-22T07:32:37","date_gmt":"2025-01-22T14:32:37","guid":{"rendered":"https:\/\/fuentesfidedignas.com.mx\/?p=99934"},"modified":"2025-01-22T07:32:41","modified_gmt":"2025-01-22T14:32:41","slug":"de-la-fuente-discutio-con-marco-rubio-sobre-migracion-sheinbaum","status":"publish","type":"post","link":"https:\/\/fuentesfidedignas.com.mx\/index.php\/2025\/01\/22\/de-la-fuente-discutio-con-marco-rubio-sobre-migracion-sheinbaum\/","title":{"rendered":"De la Fuente discuti\u00f3 con Marco Rubio sobre migraci\u00f3n: Sheinbaum"},"content":{"rendered":"\n<p><strong><em>La Presidenta de M\u00e9xico inform\u00f3 que el canciller mexicano ya inici\u00f3 conversaciones con el secretario de Estado.<\/em><\/strong><\/p>\n\n\n\n<p>La presidenta Claudia Sheinbaum Pardo inform\u00f3 sobre la llamada telef\u00f3nica que sostuvieron Juan Ram\u00f3n De la Fuente (titular de la Secretar\u00eda de Relaciones Exteriores) con Marco Rubio (secretario de Estado), la cual fue &#8220;muy cordial&#8221;.<\/p>\n\n\n\n<p>&#8220;Se habl\u00f3 de temas de migraci\u00f3n, de temas de seguridad, y a partir del d\u00eda de ayer iniciaron ya estas conversaciones. Es importante que lo sepan&#8221;, coment\u00f3 durante su conferencia matutina.<\/p>\n\n\n\n<p>&#8220;Tambi\u00e9n otro tema que es importante, el d\u00eda de ayer hubo menos recibimiento de mexicanos que en d\u00edas anteriores para que como dije ayer vamos a poner en su lugar, M\u00e9xico te abraza y en M\u00e9xico van a ser recibidos con los brazos abiertos&#8221;, a\u00f1adi\u00f3 la mandataria.\u00a0<\/p>\n\n\n\n<p>Marco Rubio fue el primer miembro del gabinete del presidente Donald Trump que asume su cargo, pues fue ratificado por el Senado estadunidense el lunes, y jur\u00f3 el martes.<\/p>\n\n\n\n<p>La relaci\u00f3n entre M\u00e9xico y Estados Unidos est\u00e1 en un punto cr\u00edtico, debido a los primeros decretos que firm\u00f3 Trump. Entre ellos est\u00e1 uno que declara emergencia nacional en la frontera de ambos pa\u00edses.<\/p>\n\n\n\n<p>Adem\u00e1s, la autoridad migratoria estadunidense regres\u00f3 a la pol\u00edtica &#8216;Qu\u00e9date en M\u00e9xico&#8217;, la cual obliga a los migrantes que buscan asilo en la Uni\u00f3n Americana a permanecer en el pa\u00eds vecino.<\/p>\n\n\n\n<p>&#8220;Esta es informaci\u00f3n importante en esta idea que no hay comunicaci\u00f3n, es la primera llamada, se abre un proceso de pl\u00e1ticas entre ambos gobiernos&#8221;, coment\u00f3 la Presidenta.<br>En este contexto, el canciller Juan Ram\u00f3n De la Fuente ya coordina a la red consular mexicana para brindar apoyo legal a ciudadanos que corran riesgo de ser deportados.\u00a0<\/p>\n\n\n\n<p>Aunado a lo anterior, el gobierno lanz\u00f3 una aplicaci\u00f3n para tel\u00e9fonos celulares, ConsulApp, con la que pueden ponerse en contacto con funcionarios de la SRE.<\/p>\n","protected":false},"excerpt":{"rendered":"<p>La Presidenta de M\u00e9xico inform\u00f3 que el canciller mexicano ya inici\u00f3 conversaciones con el secretario de Estado. La presidenta Claudia Sheinbaum Pardo inform\u00f3 sobre la llamada telef\u00f3nica que sostuvieron Juan Ram\u00f3n De la Fuente (titular de la Secretar\u00eda de Relaciones Exteriores) con Marco Rubio (secretario de Estado), la cual fue &#8220;muy cordial&#8221;. &#8220;Se habl\u00f3 de [&hellip;]<\/p>\n","protected":false},"author":9,"featured_media":99935,"comment_status":"open","ping_status":"open","sticky":false,"template":"","format":"standard","meta":{"tdm_status":"","tdm_grid_status":"","footnotes":""},"categories":[39],"tags":[],"class_list":{"0":"post-99934","1":"post","2":"type-post","3":"status-publish","4":"format-standard","5":"has-post-thumbnail","7":"category-noticias-nacionales"},"yoast_head":"<!-- This site is optimized with the Yoast SEO plugin v27.5 - https:\/\/yoast.com\/product\/yoast-seo-wordpress\/ -->\n<title>De la Fuente discuti\u00f3 con Marco Rubio sobre migraci\u00f3n: Sheinbaum - Fuentes Fidedignas<\/title>\n<meta name=\"robots\" content=\"index, follow, max-snippet:-1, max-image-preview:large, max-video-preview:-1\" \/>\n<link rel=\"canonical\" href=\"https:\/\/fuentesfidedignas.com.mx\/index.php\/2025\/01\/22\/de-la-fuente-discutio-con-marco-rubio-sobre-migracion-sheinbaum\/\" \/>\n<meta property=\"og:locale\" content=\"es_MX\" \/>\n<meta property=\"og:type\" content=\"article\" \/>\n<meta property=\"og:title\" content=\"De la Fuente discuti\u00f3 con Marco Rubio sobre migraci\u00f3n: Sheinbaum - Fuentes Fidedignas\" \/>\n<meta property=\"og:description\" content=\"La Presidenta de M\u00e9xico inform\u00f3 que el canciller mexicano ya inici\u00f3 conversaciones con el secretario de Estado. La presidenta Claudia Sheinbaum Pardo inform\u00f3 sobre la llamada telef\u00f3nica que sostuvieron Juan Ram\u00f3n De la Fuente (titular de la Secretar\u00eda de Relaciones Exteriores) con Marco Rubio (secretario de Estado), la cual fue &#8220;muy cordial&#8221;. &#8220;Se habl\u00f3 de [&hellip;]\" \/>\n<meta property=\"og:url\" content=\"https:\/\/fuentesfidedignas.com.mx\/index.php\/2025\/01\/22\/de-la-fuente-discutio-con-marco-rubio-sobre-migracion-sheinbaum\/\" \/>\n<meta property=\"og:site_name\" content=\"Fuentes Fidedignas\" \/>\n<meta property=\"article:publisher\" content=\"https:\/\/www.facebook.com\/Fuentes-Fidedignas-368234489921644\" \/>\n<meta property=\"article:published_time\" content=\"2025-01-22T14:32:37+00:00\" \/>\n<meta property=\"article:modified_time\" content=\"2025-01-22T14:32:41+00:00\" \/>\n<meta property=\"og:image\" content=\"https:\/\/fuentesfidedignas.com.mx\/wp-content\/uploads\/2025\/01\/Marco-Rubio_.jpg\" \/>\n\t<meta property=\"og:image:width\" content=\"600\" \/>\n\t<meta property=\"og:image:height\" content=\"396\" \/>\n\t<meta property=\"og:image:type\" content=\"image\/jpeg\" \/>\n<meta name=\"author\" content=\"Milenio\" \/>\n<meta name=\"twitter:card\" content=\"summary_large_image\" \/>\n<meta name=\"twitter:creator\" content=\"@fidedignas\" \/>\n<meta name=\"twitter:site\" content=\"@fidedignas\" \/>\n<meta name=\"twitter:label1\" content=\"Escrito por\" \/>\n\t<meta name=\"twitter:data1\" content=\"Milenio\" \/>\n\t<meta name=\"twitter:label2\" content=\"Tiempo de lectura\" \/>\n\t<meta name=\"twitter:data2\" content=\"2 minutos\" \/>\n<script type=\"application\/ld+json\" class=\"yoast-schema-graph\">{\"@context\":\"https:\\\/\\\/schema.org\",\"@graph\":[{\"@type\":\"Article\",\"@id\":\"https:\\\/\\\/fuentesfidedignas.com.mx\\\/index.php\\\/2025\\\/01\\\/22\\\/de-la-fuente-discutio-con-marco-rubio-sobre-migracion-sheinbaum\\\/#article\",\"isPartOf\":{\"@id\":\"https:\\\/\\\/fuentesfidedignas.com.mx\\\/index.php\\\/2025\\\/01\\\/22\\\/de-la-fuente-discutio-con-marco-rubio-sobre-migracion-sheinbaum\\\/\"},\"author\":{\"name\":\"Milenio\",\"@id\":\"https:\\\/\\\/fuentesfidedignas.com.mx\\\/#\\\/schema\\\/person\\\/47ec0135738f4b0c7495f06a77a2c976\"},\"headline\":\"De la Fuente discuti\u00f3 con Marco Rubio sobre migraci\u00f3n: Sheinbaum\",\"datePublished\":\"2025-01-22T14:32:37+00:00\",\"dateModified\":\"2025-01-22T14:32:41+00:00\",\"mainEntityOfPage\":{\"@id\":\"https:\\\/\\\/fuentesfidedignas.com.mx\\\/index.php\\\/2025\\\/01\\\/22\\\/de-la-fuente-discutio-con-marco-rubio-sobre-migracion-sheinbaum\\\/\"},\"wordCount\":344,\"commentCount\":0,\"publisher\":{\"@id\":\"https:\\\/\\\/fuentesfidedignas.com.mx\\\/#organization\"},\"image\":{\"@id\":\"https:\\\/\\\/fuentesfidedignas.com.mx\\\/index.php\\\/2025\\\/01\\\/22\\\/de-la-fuente-discutio-con-marco-rubio-sobre-migracion-sheinbaum\\\/#primaryimage\"},\"thumbnailUrl\":\"https:\\\/\\\/fuentesfidedignas.com.mx\\\/wp-content\\\/uploads\\\/2025\\\/01\\\/Marco-Rubio_.jpg\",\"articleSection\":[\"NOTICIAS NACIONALES\"],\"inLanguage\":\"es\",\"potentialAction\":[{\"@type\":\"CommentAction\",\"name\":\"Comment\",\"target\":[\"https:\\\/\\\/fuentesfidedignas.com.mx\\\/index.php\\\/2025\\\/01\\\/22\\\/de-la-fuente-discutio-con-marco-rubio-sobre-migracion-sheinbaum\\\/#respond\"]}]},{\"@type\":\"WebPage\",\"@id\":\"https:\\\/\\\/fuentesfidedignas.com.mx\\\/index.php\\\/2025\\\/01\\\/22\\\/de-la-fuente-discutio-con-marco-rubio-sobre-migracion-sheinbaum\\\/\",\"url\":\"https:\\\/\\\/fuentesfidedignas.com.mx\\\/index.php\\\/2025\\\/01\\\/22\\\/de-la-fuente-discutio-con-marco-rubio-sobre-migracion-sheinbaum\\\/\",\"name\":\"De la Fuente discuti\u00f3 con Marco Rubio sobre migraci\u00f3n: Sheinbaum - Fuentes Fidedignas\",\"isPartOf\":{\"@id\":\"https:\\\/\\\/fuentesfidedignas.com.mx\\\/#website\"},\"primaryImageOfPage\":{\"@id\":\"https:\\\/\\\/fuentesfidedignas.com.mx\\\/index.php\\\/2025\\\/01\\\/22\\\/de-la-fuente-discutio-con-marco-rubio-sobre-migracion-sheinbaum\\\/#primaryimage\"},\"image\":{\"@id\":\"https:\\\/\\\/fuentesfidedignas.com.mx\\\/index.php\\\/2025\\\/01\\\/22\\\/de-la-fuente-discutio-con-marco-rubio-sobre-migracion-sheinbaum\\\/#primaryimage\"},\"thumbnailUrl\":\"https:\\\/\\\/fuentesfidedignas.com.mx\\\/wp-content\\\/uploads\\\/2025\\\/01\\\/Marco-Rubio_.jpg\",\"datePublished\":\"2025-01-22T14:32:37+00:00\",\"dateModified\":\"2025-01-22T14:32:41+00:00\",\"breadcrumb\":{\"@id\":\"https:\\\/\\\/fuentesfidedignas.com.mx\\\/index.php\\\/2025\\\/01\\\/22\\\/de-la-fuente-discutio-con-marco-rubio-sobre-migracion-sheinbaum\\\/#breadcrumb\"},\"inLanguage\":\"es\",\"potentialAction\":[{\"@type\":\"ReadAction\",\"target\":[\"https:\\\/\\\/fuentesfidedignas.com.mx\\\/index.php\\\/2025\\\/01\\\/22\\\/de-la-fuente-discutio-con-marco-rubio-sobre-migracion-sheinbaum\\\/\"]}]},{\"@type\":\"ImageObject\",\"inLanguage\":\"es\",\"@id\":\"https:\\\/\\\/fuentesfidedignas.com.mx\\\/index.php\\\/2025\\\/01\\\/22\\\/de-la-fuente-discutio-con-marco-rubio-sobre-migracion-sheinbaum\\\/#primaryimage\",\"url\":\"https:\\\/\\\/fuentesfidedignas.com.mx\\\/wp-content\\\/uploads\\\/2025\\\/01\\\/Marco-Rubio_.jpg\",\"contentUrl\":\"https:\\\/\\\/fuentesfidedignas.com.mx\\\/wp-content\\\/uploads\\\/2025\\\/01\\\/Marco-Rubio_.jpg\",\"width\":600,\"height\":396},{\"@type\":\"BreadcrumbList\",\"@id\":\"https:\\\/\\\/fuentesfidedignas.com.mx\\\/index.php\\\/2025\\\/01\\\/22\\\/de-la-fuente-discutio-con-marco-rubio-sobre-migracion-sheinbaum\\\/#breadcrumb\",\"itemListElement\":[{\"@type\":\"ListItem\",\"position\":1,\"name\":\"Inicio\",\"item\":\"https:\\\/\\\/fuentesfidedignas.com.mx\\\/\"},{\"@type\":\"ListItem\",\"position\":2,\"name\":\"De la Fuente discuti\u00f3 con Marco Rubio sobre migraci\u00f3n: Sheinbaum\"}]},{\"@type\":\"WebSite\",\"@id\":\"https:\\\/\\\/fuentesfidedignas.com.mx\\\/#website\",\"url\":\"https:\\\/\\\/fuentesfidedignas.com.mx\\\/\",\"name\":\"Fuentes Fidedignas\",\"description\":\"Otro sitio realizado con WordPress\",\"publisher\":{\"@id\":\"https:\\\/\\\/fuentesfidedignas.com.mx\\\/#organization\"},\"potentialAction\":[{\"@type\":\"SearchAction\",\"target\":{\"@type\":\"EntryPoint\",\"urlTemplate\":\"https:\\\/\\\/fuentesfidedignas.com.mx\\\/?s={search_term_string}\"},\"query-input\":{\"@type\":\"PropertyValueSpecification\",\"valueRequired\":true,\"valueName\":\"search_term_string\"}}],\"inLanguage\":\"es\"},{\"@type\":\"Organization\",\"@id\":\"https:\\\/\\\/fuentesfidedignas.com.mx\\\/#organization\",\"name\":\"Fuentes Fidedignas\",\"url\":\"https:\\\/\\\/fuentesfidedignas.com.mx\\\/\",\"logo\":{\"@type\":\"ImageObject\",\"inLanguage\":\"es\",\"@id\":\"https:\\\/\\\/fuentesfidedignas.com.mx\\\/#\\\/schema\\\/logo\\\/image\\\/\",\"url\":\"https:\\\/\\\/fuentesfidedignas.com.mx\\\/wp-content\\\/uploads\\\/2021\\\/04\\\/logo-retina.png\",\"contentUrl\":\"https:\\\/\\\/fuentesfidedignas.com.mx\\\/wp-content\\\/uploads\\\/2021\\\/04\\\/logo-retina.png\",\"width\":280,\"height\":51,\"caption\":\"Fuentes Fidedignas\"},\"image\":{\"@id\":\"https:\\\/\\\/fuentesfidedignas.com.mx\\\/#\\\/schema\\\/logo\\\/image\\\/\"},\"sameAs\":[\"https:\\\/\\\/www.facebook.com\\\/Fuentes-Fidedignas-368234489921644\",\"https:\\\/\\\/x.com\\\/fidedignas\"]},{\"@type\":\"Person\",\"@id\":\"https:\\\/\\\/fuentesfidedignas.com.mx\\\/#\\\/schema\\\/person\\\/47ec0135738f4b0c7495f06a77a2c976\",\"name\":\"Milenio\",\"image\":{\"@type\":\"ImageObject\",\"inLanguage\":\"es\",\"@id\":\"https:\\\/\\\/secure.gravatar.com\\\/avatar\\\/acabf7b54753e51c2c76457954577c236b3b764789b19879565769739d1e4a75?s=96&d=mm&r=g\",\"url\":\"https:\\\/\\\/secure.gravatar.com\\\/avatar\\\/acabf7b54753e51c2c76457954577c236b3b764789b19879565769739d1e4a75?s=96&d=mm&r=g\",\"contentUrl\":\"https:\\\/\\\/secure.gravatar.com\\\/avatar\\\/acabf7b54753e51c2c76457954577c236b3b764789b19879565769739d1e4a75?s=96&d=mm&r=g\",\"caption\":\"Milenio\"},\"url\":\"https:\\\/\\\/fuentesfidedignas.com.mx\\\/index.php\\\/author\\\/milenio\\\/\"}]}<\/script>\n<!-- \/ Yoast SEO plugin. -->","yoast_head_json":{"title":"De la Fuente discuti\u00f3 con Marco Rubio sobre migraci\u00f3n: Sheinbaum - Fuentes Fidedignas","robots":{"index":"index","follow":"follow","max-snippet":"max-snippet:-1","max-image-preview":"max-image-preview:large","max-video-preview":"max-video-preview:-1"},"canonical":"https:\/\/fuentesfidedignas.com.mx\/index.php\/2025\/01\/22\/de-la-fuente-discutio-con-marco-rubio-sobre-migracion-sheinbaum\/","og_locale":"es_MX","og_type":"article","og_title":"De la Fuente discuti\u00f3 con Marco Rubio sobre migraci\u00f3n: Sheinbaum - Fuentes Fidedignas","og_description":"La Presidenta de M\u00e9xico inform\u00f3 que el canciller mexicano ya inici\u00f3 conversaciones con el secretario de Estado. La presidenta Claudia Sheinbaum Pardo inform\u00f3 sobre la llamada telef\u00f3nica que sostuvieron Juan Ram\u00f3n De la Fuente (titular de la Secretar\u00eda de Relaciones Exteriores) con Marco Rubio (secretario de Estado), la cual fue &#8220;muy cordial&#8221;. &#8220;Se habl\u00f3 de [&hellip;]","og_url":"https:\/\/fuentesfidedignas.com.mx\/index.php\/2025\/01\/22\/de-la-fuente-discutio-con-marco-rubio-sobre-migracion-sheinbaum\/","og_site_name":"Fuentes Fidedignas","article_publisher":"https:\/\/www.facebook.com\/Fuentes-Fidedignas-368234489921644","article_published_time":"2025-01-22T14:32:37+00:00","article_modified_time":"2025-01-22T14:32:41+00:00","og_image":[{"width":600,"height":396,"url":"https:\/\/fuentesfidedignas.com.mx\/wp-content\/uploads\/2025\/01\/Marco-Rubio_.jpg","type":"image\/jpeg"}],"author":"Milenio","twitter_card":"summary_large_image","twitter_creator":"@fidedignas","twitter_site":"@fidedignas","twitter_misc":{"Escrito por":"Milenio","Tiempo de lectura":"2 minutos"},"schema":{"@context":"https:\/\/schema.org","@graph":[{"@type":"Article","@id":"https:\/\/fuentesfidedignas.com.mx\/index.php\/2025\/01\/22\/de-la-fuente-discutio-con-marco-rubio-sobre-migracion-sheinbaum\/#article","isPartOf":{"@id":"https:\/\/fuentesfidedignas.com.mx\/index.php\/2025\/01\/22\/de-la-fuente-discutio-con-marco-rubio-sobre-migracion-sheinbaum\/"},"author":{"name":"Milenio","@id":"https:\/\/fuentesfidedignas.com.mx\/#\/schema\/person\/47ec0135738f4b0c7495f06a77a2c976"},"headline":"De la Fuente discuti\u00f3 con Marco Rubio sobre migraci\u00f3n: Sheinbaum","datePublished":"2025-01-22T14:32:37+00:00","dateModified":"2025-01-22T14:32:41+00:00","mainEntityOfPage":{"@id":"https:\/\/fuentesfidedignas.com.mx\/index.php\/2025\/01\/22\/de-la-fuente-discutio-con-marco-rubio-sobre-migracion-sheinbaum\/"},"wordCount":344,"commentCount":0,"publisher":{"@id":"https:\/\/fuentesfidedignas.com.mx\/#organization"},"image":{"@id":"https:\/\/fuentesfidedignas.com.mx\/index.php\/2025\/01\/22\/de-la-fuente-discutio-con-marco-rubio-sobre-migracion-sheinbaum\/#primaryimage"},"thumbnailUrl":"https:\/\/fuentesfidedignas.com.mx\/wp-content\/uploads\/2025\/01\/Marco-Rubio_.jpg","articleSection":["NOTICIAS NACIONALES"],"inLanguage":"es","potentialAction":[{"@type":"CommentAction","name":"Comment","target":["https:\/\/fuentesfidedignas.com.mx\/index.php\/2025\/01\/22\/de-la-fuente-discutio-con-marco-rubio-sobre-migracion-sheinbaum\/#respond"]}]},{"@type":"WebPage","@id":"https:\/\/fuentesfidedignas.com.mx\/index.php\/2025\/01\/22\/de-la-fuente-discutio-con-marco-rubio-sobre-migracion-sheinbaum\/","url":"https:\/\/fuentesfidedignas.com.mx\/index.php\/2025\/01\/22\/de-la-fuente-discutio-con-marco-rubio-sobre-migracion-sheinbaum\/","name":"De la Fuente discuti\u00f3 con Marco Rubio sobre migraci\u00f3n: Sheinbaum - Fuentes Fidedignas","isPartOf":{"@id":"https:\/\/fuentesfidedignas.com.mx\/#website"},"primaryImageOfPage":{"@id":"https:\/\/fuentesfidedignas.com.mx\/index.php\/2025\/01\/22\/de-la-fuente-discutio-con-marco-rubio-sobre-migracion-sheinbaum\/#primaryimage"},"image":{"@id":"https:\/\/fuentesfidedignas.com.mx\/index.php\/2025\/01\/22\/de-la-fuente-discutio-con-marco-rubio-sobre-migracion-sheinbaum\/#primaryimage"},"thumbnailUrl":"https:\/\/fuentesfidedignas.com.mx\/wp-content\/uploads\/2025\/01\/Marco-Rubio_.jpg","datePublished":"2025-01-22T14:32:37+00:00","dateModified":"2025-01-22T14:32:41+00:00","breadcrumb":{"@id":"https:\/\/fuentesfidedignas.com.mx\/index.php\/2025\/01\/22\/de-la-fuente-discutio-con-marco-rubio-sobre-migracion-sheinbaum\/#breadcrumb"},"inLanguage":"es","potentialAction":[{"@type":"ReadAction","target":["https:\/\/fuentesfidedignas.com.mx\/index.php\/2025\/01\/22\/de-la-fuente-discutio-con-marco-rubio-sobre-migracion-sheinbaum\/"]}]},{"@type":"ImageObject","inLanguage":"es","@id":"https:\/\/fuentesfidedignas.com.mx\/index.php\/2025\/01\/22\/de-la-fuente-discutio-con-marco-rubio-sobre-migracion-sheinbaum\/#primaryimage","url":"https:\/\/fuentesfidedignas.com.mx\/wp-content\/uploads\/2025\/01\/Marco-Rubio_.jpg","contentUrl":"https:\/\/fuentesfidedignas.com.mx\/wp-content\/uploads\/2025\/01\/Marco-Rubio_.jpg","width":600,"height":396},{"@type":"BreadcrumbList","@id":"https:\/\/fuentesfidedignas.com.mx\/index.php\/2025\/01\/22\/de-la-fuente-discutio-con-marco-rubio-sobre-migracion-sheinbaum\/#breadcrumb","itemListElement":[{"@type":"ListItem","position":1,"name":"Inicio","item":"https:\/\/fuentesfidedignas.com.mx\/"},{"@type":"ListItem","position":2,"name":"De la Fuente discuti\u00f3 con Marco Rubio sobre migraci\u00f3n: Sheinbaum"}]},{"@type":"WebSite","@id":"https:\/\/fuentesfidedignas.com.mx\/#website","url":"https:\/\/fuentesfidedignas.com.mx\/","name":"Fuentes Fidedignas","description":"Otro sitio realizado con WordPress","publisher":{"@id":"https:\/\/fuentesfidedignas.com.mx\/#organization"},"potentialAction":[{"@type":"SearchAction","target":{"@type":"EntryPoint","urlTemplate":"https:\/\/fuentesfidedignas.com.mx\/?s={search_term_string}"},"query-input":{"@type":"PropertyValueSpecification","valueRequired":true,"valueName":"search_term_string"}}],"inLanguage":"es"},{"@type":"Organization","@id":"https:\/\/fuentesfidedignas.com.mx\/#organization","name":"Fuentes Fidedignas","url":"https:\/\/fuentesfidedignas.com.mx\/","logo":{"@type":"ImageObject","inLanguage":"es","@id":"https:\/\/fuentesfidedignas.com.mx\/#\/schema\/logo\/image\/","url":"https:\/\/fuentesfidedignas.com.mx\/wp-content\/uploads\/2021\/04\/logo-retina.png","contentUrl":"https:\/\/fuentesfidedignas.com.mx\/wp-content\/uploads\/2021\/04\/logo-retina.png","width":280,"height":51,"caption":"Fuentes Fidedignas"},"image":{"@id":"https:\/\/fuentesfidedignas.com.mx\/#\/schema\/logo\/image\/"},"sameAs":["https:\/\/www.facebook.com\/Fuentes-Fidedignas-368234489921644","https:\/\/x.com\/fidedignas"]},{"@type":"Person","@id":"https:\/\/fuentesfidedignas.com.mx\/#\/schema\/person\/47ec0135738f4b0c7495f06a77a2c976","name":"Milenio","image":{"@type":"ImageObject","inLanguage":"es","@id":"https:\/\/secure.gravatar.com\/avatar\/acabf7b54753e51c2c76457954577c236b3b764789b19879565769739d1e4a75?s=96&d=mm&r=g","url":"https:\/\/secure.gravatar.com\/avatar\/acabf7b54753e51c2c76457954577c236b3b764789b19879565769739d1e4a75?s=96&d=mm&r=g","contentUrl":"https:\/\/secure.gravatar.com\/avatar\/acabf7b54753e51c2c76457954577c236b3b764789b19879565769739d1e4a75?s=96&d=mm&r=g","caption":"Milenio"},"url":"https:\/\/fuentesfidedignas.com.mx\/index.php\/author\/milenio\/"}]}},"_links":{"self":[{"href":"https:\/\/fuentesfidedignas.com.mx\/index.php\/wp-json\/wp\/v2\/posts\/99934","targetHints":{"allow":["GET"]}}],"collection":[{"href":"https:\/\/fuentesfidedignas.com.mx\/index.php\/wp-json\/wp\/v2\/posts"}],"about":[{"href":"https:\/\/fuentesfidedignas.com.mx\/index.php\/wp-json\/wp\/v2\/types\/post"}],"author":[{"embeddable":true,"href":"https:\/\/fuentesfidedignas.com.mx\/index.php\/wp-json\/wp\/v2\/users\/9"}],"replies":[{"embeddable":true,"href":"https:\/\/fuentesfidedignas.com.mx\/index.php\/wp-json\/wp\/v2\/comments?post=99934"}],"version-history":[{"count":1,"href":"https:\/\/fuentesfidedignas.com.mx\/index.php\/wp-json\/wp\/v2\/posts\/99934\/revisions"}],"predecessor-version":[{"id":99936,"href":"https:\/\/fuentesfidedignas.com.mx\/index.php\/wp-json\/wp\/v2\/posts\/99934\/revisions\/99936"}],"wp:featuredmedia":[{"embeddable":true,"href":"https:\/\/fuentesfidedignas.com.mx\/index.php\/wp-json\/wp\/v2\/media\/99935"}],"wp:attachment":[{"href":"https:\/\/fuentesfidedignas.com.mx\/index.php\/wp-json\/wp\/v2\/media?parent=99934"}],"wp:term":[{"taxonomy":"category","embeddable":true,"href":"https:\/\/fuentesfidedignas.com.mx\/index.php\/wp-json\/wp\/v2\/categories?post=99934"},{"taxonomy":"post_tag","embeddable":true,"href":"https:\/\/fuentesfidedignas.com.mx\/index.php\/wp-json\/wp\/v2\/tags?post=99934"}],"curies":[{"name":"wp","href":"https:\/\/api.w.org\/{rel}","templated":true}]}}