{"id":9987,"date":"2021-08-16T16:33:49","date_gmt":"2021-08-16T23:33:49","guid":{"rendered":"https:\/\/fuentesfidedignas.com.mx\/?p=9987"},"modified":"2021-08-16T16:33:50","modified_gmt":"2021-08-16T23:33:50","slug":"gerardo-vargas-se-reune-con-el-cabildo-electo-de-ahome","status":"publish","type":"post","link":"https:\/\/fuentesfidedignas.com.mx\/index.php\/2021\/08\/16\/gerardo-vargas-se-reune-con-el-cabildo-electo-de-ahome\/","title":{"rendered":"Gerardo Vargas se re\u00fane con el cabildo electo de Ahome"},"content":{"rendered":"\n<p><strong><em>Perfilan los trabajos a iniciarse en la pr\u00f3xima administraci\u00f3n municipal.<\/em><\/strong><\/p>\n\n\n\n<p>Los Mochis, Ahome, Sin.- Con el prop\u00f3sito de avanzar con los trabajos que se pondr\u00e1n en marcha en la pr\u00f3xima administraci\u00f3n municipal que empezar\u00e1 el 1 de Noviembre de este a\u00f1o, Gerardo Vargas Landeros, presidente municipal electo de Ahome, sostuvo una reuni\u00f3n con integrantes del cabildo electo.<\/p>\n\n\n\n<p>Ante los regidores electos emanados de Morena y el PAS, el alcalde electo por Ahome, precis\u00f3 que se est\u00e1 avanzando en el bosquejo del Plan Municipal de Desarrollo 2021-2024, el cual deber\u00e1 estar alineado al Plan Estatal de Desarrollo.<\/p>\n\n\n\n<p>Con relaci\u00f3n a la conformaci\u00f3n de Comisiones que se tendr\u00e1 al interior, indic\u00f3 que hay diversidad de perfiles en este cabildo, como son abogados, dirigentes de colonias, doctores y maestros en la materia, empresarios y j\u00f3venes, lo que lo hace un cabildo muy completo, capaz de sacar adelante el municipio, \u201cvamos a ser campeones, este cabildo ser\u00e1 campe\u00f3n, se los aseguro\u201d.<\/p>\n\n\n\n<p>Asimismo, abord\u00f3 el tema del agua potable, destacando que con el apoyo del gobernador electo, doctor Rub\u00e9n Rocha Moya, se busca solucionar de ra\u00edz los problemas del suministro y abastecimiento del vital l\u00edquido, para lo cual se debe de reparar y reconstruir la infraestructura utilizada por JAPAMA, que data de hace 20 a\u00f1os.<\/p>\n\n\n\n<p>El presidente municipal electo afirm\u00f3 que, al concluir su trienio, el agua se podr\u00e1 volver a tomar de la llave en Ahome.<\/p>\n\n\n\n<p>Gerardo Vargas Landeros, desde que recibi\u00f3 su constancia de mayor\u00eda como presidente municipal electo de Ahome, ha sostenido reuniones en la Ciudad de M\u00e9xico, haciendo gestiones que le permitan atender las principales demandas de los ahomenses, como son agua potable, drenaje y pavimentaci\u00f3n.<\/p>\n","protected":false},"excerpt":{"rendered":"<p>Perfilan los trabajos a iniciarse en la pr\u00f3xima administraci\u00f3n municipal. Los Mochis, Ahome, Sin.- Con el prop\u00f3sito de avanzar con los trabajos que se pondr\u00e1n en marcha en la pr\u00f3xima administraci\u00f3n municipal que empezar\u00e1 el 1 de Noviembre de este a\u00f1o, Gerardo Vargas Landeros, presidente municipal electo de Ahome, sostuvo una reuni\u00f3n con integrantes del [&hellip;]<\/p>\n","protected":false},"author":4,"featured_media":0,"comment_status":"open","ping_status":"open","sticky":false,"template":"","format":"standard","meta":{"tdm_status":"","tdm_grid_status":"","footnotes":""},"categories":[38],"tags":[278,1654],"class_list":{"0":"post-9987","1":"post","2":"type-post","3":"status-publish","4":"format-standard","6":"category-noticias-locales","7":"tag-ahome","8":"tag-gerardo-vargas-landeros"},"yoast_head":"<!-- This site is optimized with the Yoast SEO plugin v27.5 - https:\/\/yoast.com\/product\/yoast-seo-wordpress\/ -->\n<title>Gerardo Vargas se re\u00fane con el cabildo electo de Ahome - Fuentes Fidedignas<\/title>\n<meta name=\"robots\" content=\"index, follow, max-snippet:-1, max-image-preview:large, max-video-preview:-1\" \/>\n<link rel=\"canonical\" href=\"https:\/\/fuentesfidedignas.com.mx\/index.php\/2021\/08\/16\/gerardo-vargas-se-reune-con-el-cabildo-electo-de-ahome\/\" \/>\n<meta property=\"og:locale\" content=\"es_MX\" \/>\n<meta property=\"og:type\" content=\"article\" \/>\n<meta property=\"og:title\" content=\"Gerardo Vargas se re\u00fane con el cabildo electo de Ahome - Fuentes Fidedignas\" \/>\n<meta property=\"og:description\" content=\"Perfilan los trabajos a iniciarse en la pr\u00f3xima administraci\u00f3n municipal. Los Mochis, Ahome, Sin.- Con el prop\u00f3sito de avanzar con los trabajos que se pondr\u00e1n en marcha en la pr\u00f3xima administraci\u00f3n municipal que empezar\u00e1 el 1 de Noviembre de este a\u00f1o, Gerardo Vargas Landeros, presidente municipal electo de Ahome, sostuvo una reuni\u00f3n con integrantes del [&hellip;]\" \/>\n<meta property=\"og:url\" content=\"https:\/\/fuentesfidedignas.com.mx\/index.php\/2021\/08\/16\/gerardo-vargas-se-reune-con-el-cabildo-electo-de-ahome\/\" \/>\n<meta property=\"og:site_name\" content=\"Fuentes Fidedignas\" \/>\n<meta property=\"article:publisher\" content=\"https:\/\/www.facebook.com\/Fuentes-Fidedignas-368234489921644\" \/>\n<meta property=\"article:published_time\" content=\"2021-08-16T23:33:49+00:00\" \/>\n<meta property=\"article:modified_time\" content=\"2021-08-16T23:33:50+00:00\" \/>\n<meta property=\"og:image\" content=\"https:\/\/fuentesfidedignas.com.mx\/wp-content\/uploads\/2021\/08\/WhatsApp-Image-2021-08-16-at-5.30.21-PM.jpeg\" \/>\n\t<meta property=\"og:image:width\" content=\"1280\" \/>\n\t<meta property=\"og:image:height\" content=\"611\" \/>\n\t<meta property=\"og:image:type\" content=\"image\/jpeg\" \/>\n<meta name=\"author\" content=\"Redacci\u00f3n\" \/>\n<meta name=\"twitter:card\" content=\"summary_large_image\" \/>\n<meta name=\"twitter:creator\" content=\"@fidedignas\" \/>\n<meta name=\"twitter:site\" content=\"@fidedignas\" \/>\n<meta name=\"twitter:label1\" content=\"Escrito por\" \/>\n\t<meta name=\"twitter:data1\" content=\"Redacci\u00f3n\" \/>\n\t<meta name=\"twitter:label2\" content=\"Tiempo de lectura\" \/>\n\t<meta name=\"twitter:data2\" content=\"2 minutos\" \/>\n<script type=\"application\/ld+json\" class=\"yoast-schema-graph\">{\"@context\":\"https:\\\/\\\/schema.org\",\"@graph\":[{\"@type\":\"Article\",\"@id\":\"https:\\\/\\\/fuentesfidedignas.com.mx\\\/index.php\\\/2021\\\/08\\\/16\\\/gerardo-vargas-se-reune-con-el-cabildo-electo-de-ahome\\\/#article\",\"isPartOf\":{\"@id\":\"https:\\\/\\\/fuentesfidedignas.com.mx\\\/index.php\\\/2021\\\/08\\\/16\\\/gerardo-vargas-se-reune-con-el-cabildo-electo-de-ahome\\\/\"},\"author\":{\"name\":\"Redacci\u00f3n\",\"@id\":\"https:\\\/\\\/fuentesfidedignas.com.mx\\\/#\\\/schema\\\/person\\\/331be9283d37198e2acd5750279085b0\"},\"headline\":\"Gerardo Vargas se re\u00fane con el cabildo electo de Ahome\",\"datePublished\":\"2021-08-16T23:33:49+00:00\",\"dateModified\":\"2021-08-16T23:33:50+00:00\",\"mainEntityOfPage\":{\"@id\":\"https:\\\/\\\/fuentesfidedignas.com.mx\\\/index.php\\\/2021\\\/08\\\/16\\\/gerardo-vargas-se-reune-con-el-cabildo-electo-de-ahome\\\/\"},\"wordCount\":304,\"commentCount\":0,\"publisher\":{\"@id\":\"https:\\\/\\\/fuentesfidedignas.com.mx\\\/#organization\"},\"keywords\":[\"Ahome\",\"Gerardo Vargas Landeros\"],\"articleSection\":[\"NOTICIAS LOCALES\"],\"inLanguage\":\"es\",\"potentialAction\":[{\"@type\":\"CommentAction\",\"name\":\"Comment\",\"target\":[\"https:\\\/\\\/fuentesfidedignas.com.mx\\\/index.php\\\/2021\\\/08\\\/16\\\/gerardo-vargas-se-reune-con-el-cabildo-electo-de-ahome\\\/#respond\"]}]},{\"@type\":\"WebPage\",\"@id\":\"https:\\\/\\\/fuentesfidedignas.com.mx\\\/index.php\\\/2021\\\/08\\\/16\\\/gerardo-vargas-se-reune-con-el-cabildo-electo-de-ahome\\\/\",\"url\":\"https:\\\/\\\/fuentesfidedignas.com.mx\\\/index.php\\\/2021\\\/08\\\/16\\\/gerardo-vargas-se-reune-con-el-cabildo-electo-de-ahome\\\/\",\"name\":\"Gerardo Vargas se re\u00fane con el cabildo electo de Ahome - Fuentes Fidedignas\",\"isPartOf\":{\"@id\":\"https:\\\/\\\/fuentesfidedignas.com.mx\\\/#website\"},\"datePublished\":\"2021-08-16T23:33:49+00:00\",\"dateModified\":\"2021-08-16T23:33:50+00:00\",\"breadcrumb\":{\"@id\":\"https:\\\/\\\/fuentesfidedignas.com.mx\\\/index.php\\\/2021\\\/08\\\/16\\\/gerardo-vargas-se-reune-con-el-cabildo-electo-de-ahome\\\/#breadcrumb\"},\"inLanguage\":\"es\",\"potentialAction\":[{\"@type\":\"ReadAction\",\"target\":[\"https:\\\/\\\/fuentesfidedignas.com.mx\\\/index.php\\\/2021\\\/08\\\/16\\\/gerardo-vargas-se-reune-con-el-cabildo-electo-de-ahome\\\/\"]}]},{\"@type\":\"BreadcrumbList\",\"@id\":\"https:\\\/\\\/fuentesfidedignas.com.mx\\\/index.php\\\/2021\\\/08\\\/16\\\/gerardo-vargas-se-reune-con-el-cabildo-electo-de-ahome\\\/#breadcrumb\",\"itemListElement\":[{\"@type\":\"ListItem\",\"position\":1,\"name\":\"Inicio\",\"item\":\"https:\\\/\\\/fuentesfidedignas.com.mx\\\/\"},{\"@type\":\"ListItem\",\"position\":2,\"name\":\"Gerardo Vargas se re\u00fane con el cabildo electo de Ahome\"}]},{\"@type\":\"WebSite\",\"@id\":\"https:\\\/\\\/fuentesfidedignas.com.mx\\\/#website\",\"url\":\"https:\\\/\\\/fuentesfidedignas.com.mx\\\/\",\"name\":\"Fuentes Fidedignas\",\"description\":\"Otro sitio realizado con WordPress\",\"publisher\":{\"@id\":\"https:\\\/\\\/fuentesfidedignas.com.mx\\\/#organization\"},\"potentialAction\":[{\"@type\":\"SearchAction\",\"target\":{\"@type\":\"EntryPoint\",\"urlTemplate\":\"https:\\\/\\\/fuentesfidedignas.com.mx\\\/?s={search_term_string}\"},\"query-input\":{\"@type\":\"PropertyValueSpecification\",\"valueRequired\":true,\"valueName\":\"search_term_string\"}}],\"inLanguage\":\"es\"},{\"@type\":\"Organization\",\"@id\":\"https:\\\/\\\/fuentesfidedignas.com.mx\\\/#organization\",\"name\":\"Fuentes Fidedignas\",\"url\":\"https:\\\/\\\/fuentesfidedignas.com.mx\\\/\",\"logo\":{\"@type\":\"ImageObject\",\"inLanguage\":\"es\",\"@id\":\"https:\\\/\\\/fuentesfidedignas.com.mx\\\/#\\\/schema\\\/logo\\\/image\\\/\",\"url\":\"https:\\\/\\\/fuentesfidedignas.com.mx\\\/wp-content\\\/uploads\\\/2021\\\/04\\\/logo-retina.png\",\"contentUrl\":\"https:\\\/\\\/fuentesfidedignas.com.mx\\\/wp-content\\\/uploads\\\/2021\\\/04\\\/logo-retina.png\",\"width\":280,\"height\":51,\"caption\":\"Fuentes Fidedignas\"},\"image\":{\"@id\":\"https:\\\/\\\/fuentesfidedignas.com.mx\\\/#\\\/schema\\\/logo\\\/image\\\/\"},\"sameAs\":[\"https:\\\/\\\/www.facebook.com\\\/Fuentes-Fidedignas-368234489921644\",\"https:\\\/\\\/x.com\\\/fidedignas\"]},{\"@type\":\"Person\",\"@id\":\"https:\\\/\\\/fuentesfidedignas.com.mx\\\/#\\\/schema\\\/person\\\/331be9283d37198e2acd5750279085b0\",\"name\":\"Redacci\u00f3n\",\"image\":{\"@type\":\"ImageObject\",\"inLanguage\":\"es\",\"@id\":\"https:\\\/\\\/secure.gravatar.com\\\/avatar\\\/f6d8782c11d12b2d4ad3fbb6931aeab5309937a4d6cd2fc9cfaa28a6396a5aec?s=96&d=mm&r=g\",\"url\":\"https:\\\/\\\/secure.gravatar.com\\\/avatar\\\/f6d8782c11d12b2d4ad3fbb6931aeab5309937a4d6cd2fc9cfaa28a6396a5aec?s=96&d=mm&r=g\",\"contentUrl\":\"https:\\\/\\\/secure.gravatar.com\\\/avatar\\\/f6d8782c11d12b2d4ad3fbb6931aeab5309937a4d6cd2fc9cfaa28a6396a5aec?s=96&d=mm&r=g\",\"caption\":\"Redacci\u00f3n\"},\"url\":\"https:\\\/\\\/fuentesfidedignas.com.mx\\\/index.php\\\/author\\\/redaccion\\\/\"}]}<\/script>\n<!-- \/ Yoast SEO plugin. -->","yoast_head_json":{"title":"Gerardo Vargas se re\u00fane con el cabildo electo de Ahome - Fuentes Fidedignas","robots":{"index":"index","follow":"follow","max-snippet":"max-snippet:-1","max-image-preview":"max-image-preview:large","max-video-preview":"max-video-preview:-1"},"canonical":"https:\/\/fuentesfidedignas.com.mx\/index.php\/2021\/08\/16\/gerardo-vargas-se-reune-con-el-cabildo-electo-de-ahome\/","og_locale":"es_MX","og_type":"article","og_title":"Gerardo Vargas se re\u00fane con el cabildo electo de Ahome - Fuentes Fidedignas","og_description":"Perfilan los trabajos a iniciarse en la pr\u00f3xima administraci\u00f3n municipal. Los Mochis, Ahome, Sin.- Con el prop\u00f3sito de avanzar con los trabajos que se pondr\u00e1n en marcha en la pr\u00f3xima administraci\u00f3n municipal que empezar\u00e1 el 1 de Noviembre de este a\u00f1o, Gerardo Vargas Landeros, presidente municipal electo de Ahome, sostuvo una reuni\u00f3n con integrantes del [&hellip;]","og_url":"https:\/\/fuentesfidedignas.com.mx\/index.php\/2021\/08\/16\/gerardo-vargas-se-reune-con-el-cabildo-electo-de-ahome\/","og_site_name":"Fuentes Fidedignas","article_publisher":"https:\/\/www.facebook.com\/Fuentes-Fidedignas-368234489921644","article_published_time":"2021-08-16T23:33:49+00:00","article_modified_time":"2021-08-16T23:33:50+00:00","og_image":[{"width":1280,"height":611,"url":"https:\/\/fuentesfidedignas.com.mx\/wp-content\/uploads\/2021\/08\/WhatsApp-Image-2021-08-16-at-5.30.21-PM.jpeg","type":"image\/jpeg"}],"author":"Redacci\u00f3n","twitter_card":"summary_large_image","twitter_creator":"@fidedignas","twitter_site":"@fidedignas","twitter_misc":{"Escrito por":"Redacci\u00f3n","Tiempo de lectura":"2 minutos"},"schema":{"@context":"https:\/\/schema.org","@graph":[{"@type":"Article","@id":"https:\/\/fuentesfidedignas.com.mx\/index.php\/2021\/08\/16\/gerardo-vargas-se-reune-con-el-cabildo-electo-de-ahome\/#article","isPartOf":{"@id":"https:\/\/fuentesfidedignas.com.mx\/index.php\/2021\/08\/16\/gerardo-vargas-se-reune-con-el-cabildo-electo-de-ahome\/"},"author":{"name":"Redacci\u00f3n","@id":"https:\/\/fuentesfidedignas.com.mx\/#\/schema\/person\/331be9283d37198e2acd5750279085b0"},"headline":"Gerardo Vargas se re\u00fane con el cabildo electo de Ahome","datePublished":"2021-08-16T23:33:49+00:00","dateModified":"2021-08-16T23:33:50+00:00","mainEntityOfPage":{"@id":"https:\/\/fuentesfidedignas.com.mx\/index.php\/2021\/08\/16\/gerardo-vargas-se-reune-con-el-cabildo-electo-de-ahome\/"},"wordCount":304,"commentCount":0,"publisher":{"@id":"https:\/\/fuentesfidedignas.com.mx\/#organization"},"keywords":["Ahome","Gerardo Vargas Landeros"],"articleSection":["NOTICIAS LOCALES"],"inLanguage":"es","potentialAction":[{"@type":"CommentAction","name":"Comment","target":["https:\/\/fuentesfidedignas.com.mx\/index.php\/2021\/08\/16\/gerardo-vargas-se-reune-con-el-cabildo-electo-de-ahome\/#respond"]}]},{"@type":"WebPage","@id":"https:\/\/fuentesfidedignas.com.mx\/index.php\/2021\/08\/16\/gerardo-vargas-se-reune-con-el-cabildo-electo-de-ahome\/","url":"https:\/\/fuentesfidedignas.com.mx\/index.php\/2021\/08\/16\/gerardo-vargas-se-reune-con-el-cabildo-electo-de-ahome\/","name":"Gerardo Vargas se re\u00fane con el cabildo electo de Ahome - Fuentes Fidedignas","isPartOf":{"@id":"https:\/\/fuentesfidedignas.com.mx\/#website"},"datePublished":"2021-08-16T23:33:49+00:00","dateModified":"2021-08-16T23:33:50+00:00","breadcrumb":{"@id":"https:\/\/fuentesfidedignas.com.mx\/index.php\/2021\/08\/16\/gerardo-vargas-se-reune-con-el-cabildo-electo-de-ahome\/#breadcrumb"},"inLanguage":"es","potentialAction":[{"@type":"ReadAction","target":["https:\/\/fuentesfidedignas.com.mx\/index.php\/2021\/08\/16\/gerardo-vargas-se-reune-con-el-cabildo-electo-de-ahome\/"]}]},{"@type":"BreadcrumbList","@id":"https:\/\/fuentesfidedignas.com.mx\/index.php\/2021\/08\/16\/gerardo-vargas-se-reune-con-el-cabildo-electo-de-ahome\/#breadcrumb","itemListElement":[{"@type":"ListItem","position":1,"name":"Inicio","item":"https:\/\/fuentesfidedignas.com.mx\/"},{"@type":"ListItem","position":2,"name":"Gerardo Vargas se re\u00fane con el cabildo electo de Ahome"}]},{"@type":"WebSite","@id":"https:\/\/fuentesfidedignas.com.mx\/#website","url":"https:\/\/fuentesfidedignas.com.mx\/","name":"Fuentes Fidedignas","description":"Otro sitio realizado con WordPress","publisher":{"@id":"https:\/\/fuentesfidedignas.com.mx\/#organization"},"potentialAction":[{"@type":"SearchAction","target":{"@type":"EntryPoint","urlTemplate":"https:\/\/fuentesfidedignas.com.mx\/?s={search_term_string}"},"query-input":{"@type":"PropertyValueSpecification","valueRequired":true,"valueName":"search_term_string"}}],"inLanguage":"es"},{"@type":"Organization","@id":"https:\/\/fuentesfidedignas.com.mx\/#organization","name":"Fuentes Fidedignas","url":"https:\/\/fuentesfidedignas.com.mx\/","logo":{"@type":"ImageObject","inLanguage":"es","@id":"https:\/\/fuentesfidedignas.com.mx\/#\/schema\/logo\/image\/","url":"https:\/\/fuentesfidedignas.com.mx\/wp-content\/uploads\/2021\/04\/logo-retina.png","contentUrl":"https:\/\/fuentesfidedignas.com.mx\/wp-content\/uploads\/2021\/04\/logo-retina.png","width":280,"height":51,"caption":"Fuentes Fidedignas"},"image":{"@id":"https:\/\/fuentesfidedignas.com.mx\/#\/schema\/logo\/image\/"},"sameAs":["https:\/\/www.facebook.com\/Fuentes-Fidedignas-368234489921644","https:\/\/x.com\/fidedignas"]},{"@type":"Person","@id":"https:\/\/fuentesfidedignas.com.mx\/#\/schema\/person\/331be9283d37198e2acd5750279085b0","name":"Redacci\u00f3n","image":{"@type":"ImageObject","inLanguage":"es","@id":"https:\/\/secure.gravatar.com\/avatar\/f6d8782c11d12b2d4ad3fbb6931aeab5309937a4d6cd2fc9cfaa28a6396a5aec?s=96&d=mm&r=g","url":"https:\/\/secure.gravatar.com\/avatar\/f6d8782c11d12b2d4ad3fbb6931aeab5309937a4d6cd2fc9cfaa28a6396a5aec?s=96&d=mm&r=g","contentUrl":"https:\/\/secure.gravatar.com\/avatar\/f6d8782c11d12b2d4ad3fbb6931aeab5309937a4d6cd2fc9cfaa28a6396a5aec?s=96&d=mm&r=g","caption":"Redacci\u00f3n"},"url":"https:\/\/fuentesfidedignas.com.mx\/index.php\/author\/redaccion\/"}]}},"_links":{"self":[{"href":"https:\/\/fuentesfidedignas.com.mx\/index.php\/wp-json\/wp\/v2\/posts\/9987","targetHints":{"allow":["GET"]}}],"collection":[{"href":"https:\/\/fuentesfidedignas.com.mx\/index.php\/wp-json\/wp\/v2\/posts"}],"about":[{"href":"https:\/\/fuentesfidedignas.com.mx\/index.php\/wp-json\/wp\/v2\/types\/post"}],"author":[{"embeddable":true,"href":"https:\/\/fuentesfidedignas.com.mx\/index.php\/wp-json\/wp\/v2\/users\/4"}],"replies":[{"embeddable":true,"href":"https:\/\/fuentesfidedignas.com.mx\/index.php\/wp-json\/wp\/v2\/comments?post=9987"}],"version-history":[{"count":1,"href":"https:\/\/fuentesfidedignas.com.mx\/index.php\/wp-json\/wp\/v2\/posts\/9987\/revisions"}],"predecessor-version":[{"id":9989,"href":"https:\/\/fuentesfidedignas.com.mx\/index.php\/wp-json\/wp\/v2\/posts\/9987\/revisions\/9989"}],"wp:attachment":[{"href":"https:\/\/fuentesfidedignas.com.mx\/index.php\/wp-json\/wp\/v2\/media?parent=9987"}],"wp:term":[{"taxonomy":"category","embeddable":true,"href":"https:\/\/fuentesfidedignas.com.mx\/index.php\/wp-json\/wp\/v2\/categories?post=9987"},{"taxonomy":"post_tag","embeddable":true,"href":"https:\/\/fuentesfidedignas.com.mx\/index.php\/wp-json\/wp\/v2\/tags?post=9987"}],"curies":[{"name":"wp","href":"https:\/\/api.w.org\/{rel}","templated":true}]}}