{"id":99583,"date":"2025-01-17T17:24:00","date_gmt":"2025-01-18T00:24:00","guid":{"rendered":"https:\/\/fuentesfidedignas.com.mx\/?p=99583"},"modified":"2025-01-17T16:57:04","modified_gmt":"2025-01-17T23:57:04","slug":"eu-quiere-que-el-menchito-pague-mas-de-12-mil-mdd-por-traficar-cocaina-y-metanfetamina","status":"publish","type":"post","link":"https:\/\/fuentesfidedignas.com.mx\/index.php\/2025\/01\/17\/eu-quiere-que-el-menchito-pague-mas-de-12-mil-mdd-por-traficar-cocaina-y-metanfetamina\/","title":{"rendered":"EU quiere que &#8216;El Menchito&#8217; pague m\u00e1s de 12 mil mdd por traficar coca\u00edna y metanfetamina"},"content":{"rendered":"\n<p><strong><em>La sanci\u00f3n econ\u00f3mica ser\u00eda parte de sus sentencia por traficar drogas de M\u00e9xico hacia Estados Unidos.<\/em><\/strong><\/p>\n\n\n\n<p>La fiscal\u00eda estadunidense ha solicitado que Rub\u00e9n Oseguera Gonz\u00e1lez, El Menchito, pague m\u00e1s de 12 mil millones de d\u00f3lares como parte de su sentencia por haber traficado coca\u00edna y metanfetamina desde M\u00e9xico hacia Estados Unidos, siendo miembro de alto rango del C\u00e1rtel Jalisco Nueva Generaci\u00f3n.<\/p>\n\n\n\n<p>\u201cEl gobierno de Estados Unidos busca que se imponga un juicio monetario por la cantidad de 12 mil 599 milllones 26 mil d\u00f3lares\u201d, establece la fiscal\u00eda en un memor\u00e1ndum presentado a la jueza del caso, Beryl A. Howell.<\/p>\n\n\n\n<p>A finales de 2024, Oseguera Gonz\u00e1lez, hijo del fundador y m\u00e1ximo l\u00edder del c\u00e1rtel, Nemesio Oseguera Cervantes, El Mencho, fue enjuiciado por dos cargos relacionados con conspirar para traficar coca\u00edna y metanfetamina&nbsp;y portaci\u00f3n de armas de fuego y artefactos destructivos.<\/p>\n\n\n\n<p>El 20 de octubre, tras un par de semanas de juicio donde testificaron ex narcotraficantes de varios c\u00e1rteles, autoridades mexicanas y estadunidenses y expertos en temas de crimen organizado, el hijo del m\u00e1ximo l\u00edder del CJNG fue encontrado culpable de ambos cargos por un jurado en Washington, DC.<\/p>\n\n\n\n<p>\u201cLa evidencia en este caso estableci\u00f3 que el acusado personalmente supervis\u00f3 y fue responsable por el tr\u00e1fico de al menos 49 mil 850 kilos de coca\u00edna y al menos un mill\u00f3n 45 mil 666 kilos de metanfetamina\u201d, detalla el memor\u00e1ndum de Washington donde solicita la multa millonaria para el mexicano: \u201cla evidencia presentada durante el juicio estableci\u00f3 que las drogas que el acusado estaba traficando a los Estados Unidos val\u00edan al menos 22 mil d\u00f3lares por kilogramo de coca\u00edna y al menos 11 mil d\u00f3lares por kilogramo de metanfetamina.\u201d\u00a0<\/p>\n\n\n\n<p>\u00d3scar Nava Valencia, ex l\u00edder del C\u00e1rtel del Milenio, testific\u00f3, por ejemplo, como El Menchito y otros operadores del CJNG, llegaron a traficar hasta cinco toneladas de mariguana, cinco toneladas de coca\u00edna y entre una y dos toneladas de metanfetamina mensualmente a Estados Unidos, Europa y dentro de M\u00e9xico.<\/p>\n\n\n\n<p>\u201cLe rend\u00edan cuentas a Menchito y a su pap\u00e1\u201d, dijo Nava Valencia sobre la estructura de sicarios, transportistas y narcomenudistas del c\u00e1rtel.\u00a0<\/p>\n\n\n\n<p>Elpidio Mojarro Ram\u00edrez, El Pilo, ex operador del C\u00e1rtel del Milenio, tambi\u00e9n asegur\u00f3 que Oseguera Gonz\u00e1lez estaba involucrado de lleno en el tr\u00e1fico de drogas, incluidas las operaciones de sus t\u00edos, l\u00edderes de Los Cuinis, el brazo financiero del c\u00e1rtel.<\/p>\n\n\n\n<p>\u201c\u00c9l recog\u00eda las mercanc\u00edas que le entregaban a Los Cuinis y llevaba el dinero que Los Cuinis nos enviaban (\u2026) muchas veces yo estaba presente cuando le daban las drogas o recib\u00eda el dinero\u201d, asegur\u00f3 Mojarro.\u00a0<\/p>\n\n\n\n<p>El Menchito enfrenta una sentencia de entre 40 a\u00f1os hasta prisi\u00f3n de por vida, derivado de la gravedad de las acusaciones en su contra, y se tiene previsto que sea sentenciado el 7 de febrero.<\/p>\n","protected":false},"excerpt":{"rendered":"<p>La sanci\u00f3n econ\u00f3mica ser\u00eda parte de sus sentencia por traficar drogas de M\u00e9xico hacia Estados Unidos. La fiscal\u00eda estadunidense ha solicitado que Rub\u00e9n Oseguera Gonz\u00e1lez, El Menchito, pague m\u00e1s de 12 mil millones de d\u00f3lares como parte de su sentencia por haber traficado coca\u00edna y metanfetamina desde M\u00e9xico hacia Estados Unidos, siendo miembro de alto [&hellip;]<\/p>\n","protected":false},"author":9,"featured_media":90702,"comment_status":"open","ping_status":"open","sticky":false,"template":"","format":"standard","meta":{"tdm_status":"","tdm_grid_status":"","footnotes":""},"categories":[39],"tags":[],"class_list":{"0":"post-99583","1":"post","2":"type-post","3":"status-publish","4":"format-standard","5":"has-post-thumbnail","7":"category-noticias-nacionales"},"yoast_head":"<!-- This site is optimized with the Yoast SEO plugin v27.5 - https:\/\/yoast.com\/product\/yoast-seo-wordpress\/ -->\n<title>EU quiere que &#039;El Menchito&#039; pague m\u00e1s de 12 mil mdd por traficar coca\u00edna y metanfetamina - Fuentes Fidedignas<\/title>\n<meta name=\"robots\" content=\"index, follow, max-snippet:-1, max-image-preview:large, max-video-preview:-1\" \/>\n<link rel=\"canonical\" href=\"https:\/\/fuentesfidedignas.com.mx\/index.php\/2025\/01\/17\/eu-quiere-que-el-menchito-pague-mas-de-12-mil-mdd-por-traficar-cocaina-y-metanfetamina\/\" \/>\n<meta property=\"og:locale\" content=\"es_MX\" \/>\n<meta property=\"og:type\" content=\"article\" \/>\n<meta property=\"og:title\" content=\"EU quiere que &#039;El Menchito&#039; pague m\u00e1s de 12 mil mdd por traficar coca\u00edna y metanfetamina - Fuentes Fidedignas\" \/>\n<meta property=\"og:description\" content=\"La sanci\u00f3n econ\u00f3mica ser\u00eda parte de sus sentencia por traficar drogas de M\u00e9xico hacia Estados Unidos. La fiscal\u00eda estadunidense ha solicitado que Rub\u00e9n Oseguera Gonz\u00e1lez, El Menchito, pague m\u00e1s de 12 mil millones de d\u00f3lares como parte de su sentencia por haber traficado coca\u00edna y metanfetamina desde M\u00e9xico hacia Estados Unidos, siendo miembro de alto [&hellip;]\" \/>\n<meta property=\"og:url\" content=\"https:\/\/fuentesfidedignas.com.mx\/index.php\/2025\/01\/17\/eu-quiere-que-el-menchito-pague-mas-de-12-mil-mdd-por-traficar-cocaina-y-metanfetamina\/\" \/>\n<meta property=\"og:site_name\" content=\"Fuentes Fidedignas\" \/>\n<meta property=\"article:publisher\" content=\"https:\/\/www.facebook.com\/Fuentes-Fidedignas-368234489921644\" \/>\n<meta property=\"article:published_time\" content=\"2025-01-18T00:24:00+00:00\" \/>\n<meta property=\"og:image\" content=\"https:\/\/fuentesfidedignas.com.mx\/wp-content\/uploads\/2024\/09\/MENCHITO.jpg\" \/>\n\t<meta property=\"og:image:width\" content=\"650\" \/>\n\t<meta property=\"og:image:height\" content=\"362\" \/>\n\t<meta property=\"og:image:type\" content=\"image\/jpeg\" \/>\n<meta name=\"author\" content=\"Milenio\" \/>\n<meta name=\"twitter:card\" content=\"summary_large_image\" \/>\n<meta name=\"twitter:creator\" content=\"@fidedignas\" \/>\n<meta name=\"twitter:site\" content=\"@fidedignas\" \/>\n<meta name=\"twitter:label1\" content=\"Escrito por\" \/>\n\t<meta name=\"twitter:data1\" content=\"Milenio\" \/>\n\t<meta name=\"twitter:label2\" content=\"Tiempo de lectura\" \/>\n\t<meta name=\"twitter:data2\" content=\"3 minutos\" \/>\n<script type=\"application\/ld+json\" class=\"yoast-schema-graph\">{\"@context\":\"https:\\\/\\\/schema.org\",\"@graph\":[{\"@type\":\"Article\",\"@id\":\"https:\\\/\\\/fuentesfidedignas.com.mx\\\/index.php\\\/2025\\\/01\\\/17\\\/eu-quiere-que-el-menchito-pague-mas-de-12-mil-mdd-por-traficar-cocaina-y-metanfetamina\\\/#article\",\"isPartOf\":{\"@id\":\"https:\\\/\\\/fuentesfidedignas.com.mx\\\/index.php\\\/2025\\\/01\\\/17\\\/eu-quiere-que-el-menchito-pague-mas-de-12-mil-mdd-por-traficar-cocaina-y-metanfetamina\\\/\"},\"author\":{\"name\":\"Milenio\",\"@id\":\"https:\\\/\\\/fuentesfidedignas.com.mx\\\/#\\\/schema\\\/person\\\/47ec0135738f4b0c7495f06a77a2c976\"},\"headline\":\"EU quiere que &#8216;El Menchito&#8217; pague m\u00e1s de 12 mil mdd por traficar coca\u00edna y metanfetamina\",\"datePublished\":\"2025-01-18T00:24:00+00:00\",\"mainEntityOfPage\":{\"@id\":\"https:\\\/\\\/fuentesfidedignas.com.mx\\\/index.php\\\/2025\\\/01\\\/17\\\/eu-quiere-que-el-menchito-pague-mas-de-12-mil-mdd-por-traficar-cocaina-y-metanfetamina\\\/\"},\"wordCount\":514,\"commentCount\":0,\"publisher\":{\"@id\":\"https:\\\/\\\/fuentesfidedignas.com.mx\\\/#organization\"},\"image\":{\"@id\":\"https:\\\/\\\/fuentesfidedignas.com.mx\\\/index.php\\\/2025\\\/01\\\/17\\\/eu-quiere-que-el-menchito-pague-mas-de-12-mil-mdd-por-traficar-cocaina-y-metanfetamina\\\/#primaryimage\"},\"thumbnailUrl\":\"https:\\\/\\\/fuentesfidedignas.com.mx\\\/wp-content\\\/uploads\\\/2024\\\/09\\\/MENCHITO.jpg\",\"articleSection\":[\"NOTICIAS NACIONALES\"],\"inLanguage\":\"es\",\"potentialAction\":[{\"@type\":\"CommentAction\",\"name\":\"Comment\",\"target\":[\"https:\\\/\\\/fuentesfidedignas.com.mx\\\/index.php\\\/2025\\\/01\\\/17\\\/eu-quiere-que-el-menchito-pague-mas-de-12-mil-mdd-por-traficar-cocaina-y-metanfetamina\\\/#respond\"]}]},{\"@type\":\"WebPage\",\"@id\":\"https:\\\/\\\/fuentesfidedignas.com.mx\\\/index.php\\\/2025\\\/01\\\/17\\\/eu-quiere-que-el-menchito-pague-mas-de-12-mil-mdd-por-traficar-cocaina-y-metanfetamina\\\/\",\"url\":\"https:\\\/\\\/fuentesfidedignas.com.mx\\\/index.php\\\/2025\\\/01\\\/17\\\/eu-quiere-que-el-menchito-pague-mas-de-12-mil-mdd-por-traficar-cocaina-y-metanfetamina\\\/\",\"name\":\"EU quiere que 'El Menchito' pague m\u00e1s de 12 mil mdd por traficar coca\u00edna y metanfetamina - Fuentes Fidedignas\",\"isPartOf\":{\"@id\":\"https:\\\/\\\/fuentesfidedignas.com.mx\\\/#website\"},\"primaryImageOfPage\":{\"@id\":\"https:\\\/\\\/fuentesfidedignas.com.mx\\\/index.php\\\/2025\\\/01\\\/17\\\/eu-quiere-que-el-menchito-pague-mas-de-12-mil-mdd-por-traficar-cocaina-y-metanfetamina\\\/#primaryimage\"},\"image\":{\"@id\":\"https:\\\/\\\/fuentesfidedignas.com.mx\\\/index.php\\\/2025\\\/01\\\/17\\\/eu-quiere-que-el-menchito-pague-mas-de-12-mil-mdd-por-traficar-cocaina-y-metanfetamina\\\/#primaryimage\"},\"thumbnailUrl\":\"https:\\\/\\\/fuentesfidedignas.com.mx\\\/wp-content\\\/uploads\\\/2024\\\/09\\\/MENCHITO.jpg\",\"datePublished\":\"2025-01-18T00:24:00+00:00\",\"breadcrumb\":{\"@id\":\"https:\\\/\\\/fuentesfidedignas.com.mx\\\/index.php\\\/2025\\\/01\\\/17\\\/eu-quiere-que-el-menchito-pague-mas-de-12-mil-mdd-por-traficar-cocaina-y-metanfetamina\\\/#breadcrumb\"},\"inLanguage\":\"es\",\"potentialAction\":[{\"@type\":\"ReadAction\",\"target\":[\"https:\\\/\\\/fuentesfidedignas.com.mx\\\/index.php\\\/2025\\\/01\\\/17\\\/eu-quiere-que-el-menchito-pague-mas-de-12-mil-mdd-por-traficar-cocaina-y-metanfetamina\\\/\"]}]},{\"@type\":\"ImageObject\",\"inLanguage\":\"es\",\"@id\":\"https:\\\/\\\/fuentesfidedignas.com.mx\\\/index.php\\\/2025\\\/01\\\/17\\\/eu-quiere-que-el-menchito-pague-mas-de-12-mil-mdd-por-traficar-cocaina-y-metanfetamina\\\/#primaryimage\",\"url\":\"https:\\\/\\\/fuentesfidedignas.com.mx\\\/wp-content\\\/uploads\\\/2024\\\/09\\\/MENCHITO.jpg\",\"contentUrl\":\"https:\\\/\\\/fuentesfidedignas.com.mx\\\/wp-content\\\/uploads\\\/2024\\\/09\\\/MENCHITO.jpg\",\"width\":650,\"height\":362},{\"@type\":\"BreadcrumbList\",\"@id\":\"https:\\\/\\\/fuentesfidedignas.com.mx\\\/index.php\\\/2025\\\/01\\\/17\\\/eu-quiere-que-el-menchito-pague-mas-de-12-mil-mdd-por-traficar-cocaina-y-metanfetamina\\\/#breadcrumb\",\"itemListElement\":[{\"@type\":\"ListItem\",\"position\":1,\"name\":\"Inicio\",\"item\":\"https:\\\/\\\/fuentesfidedignas.com.mx\\\/\"},{\"@type\":\"ListItem\",\"position\":2,\"name\":\"EU quiere que &#8216;El Menchito&#8217; pague m\u00e1s de 12 mil mdd por traficar coca\u00edna y metanfetamina\"}]},{\"@type\":\"WebSite\",\"@id\":\"https:\\\/\\\/fuentesfidedignas.com.mx\\\/#website\",\"url\":\"https:\\\/\\\/fuentesfidedignas.com.mx\\\/\",\"name\":\"Fuentes Fidedignas\",\"description\":\"Otro sitio realizado con WordPress\",\"publisher\":{\"@id\":\"https:\\\/\\\/fuentesfidedignas.com.mx\\\/#organization\"},\"potentialAction\":[{\"@type\":\"SearchAction\",\"target\":{\"@type\":\"EntryPoint\",\"urlTemplate\":\"https:\\\/\\\/fuentesfidedignas.com.mx\\\/?s={search_term_string}\"},\"query-input\":{\"@type\":\"PropertyValueSpecification\",\"valueRequired\":true,\"valueName\":\"search_term_string\"}}],\"inLanguage\":\"es\"},{\"@type\":\"Organization\",\"@id\":\"https:\\\/\\\/fuentesfidedignas.com.mx\\\/#organization\",\"name\":\"Fuentes Fidedignas\",\"url\":\"https:\\\/\\\/fuentesfidedignas.com.mx\\\/\",\"logo\":{\"@type\":\"ImageObject\",\"inLanguage\":\"es\",\"@id\":\"https:\\\/\\\/fuentesfidedignas.com.mx\\\/#\\\/schema\\\/logo\\\/image\\\/\",\"url\":\"https:\\\/\\\/fuentesfidedignas.com.mx\\\/wp-content\\\/uploads\\\/2021\\\/04\\\/logo-retina.png\",\"contentUrl\":\"https:\\\/\\\/fuentesfidedignas.com.mx\\\/wp-content\\\/uploads\\\/2021\\\/04\\\/logo-retina.png\",\"width\":280,\"height\":51,\"caption\":\"Fuentes Fidedignas\"},\"image\":{\"@id\":\"https:\\\/\\\/fuentesfidedignas.com.mx\\\/#\\\/schema\\\/logo\\\/image\\\/\"},\"sameAs\":[\"https:\\\/\\\/www.facebook.com\\\/Fuentes-Fidedignas-368234489921644\",\"https:\\\/\\\/x.com\\\/fidedignas\"]},{\"@type\":\"Person\",\"@id\":\"https:\\\/\\\/fuentesfidedignas.com.mx\\\/#\\\/schema\\\/person\\\/47ec0135738f4b0c7495f06a77a2c976\",\"name\":\"Milenio\",\"image\":{\"@type\":\"ImageObject\",\"inLanguage\":\"es\",\"@id\":\"https:\\\/\\\/secure.gravatar.com\\\/avatar\\\/acabf7b54753e51c2c76457954577c236b3b764789b19879565769739d1e4a75?s=96&d=mm&r=g\",\"url\":\"https:\\\/\\\/secure.gravatar.com\\\/avatar\\\/acabf7b54753e51c2c76457954577c236b3b764789b19879565769739d1e4a75?s=96&d=mm&r=g\",\"contentUrl\":\"https:\\\/\\\/secure.gravatar.com\\\/avatar\\\/acabf7b54753e51c2c76457954577c236b3b764789b19879565769739d1e4a75?s=96&d=mm&r=g\",\"caption\":\"Milenio\"},\"url\":\"https:\\\/\\\/fuentesfidedignas.com.mx\\\/index.php\\\/author\\\/milenio\\\/\"}]}<\/script>\n<!-- \/ Yoast SEO plugin. -->","yoast_head_json":{"title":"EU quiere que 'El Menchito' pague m\u00e1s de 12 mil mdd por traficar coca\u00edna y metanfetamina - Fuentes Fidedignas","robots":{"index":"index","follow":"follow","max-snippet":"max-snippet:-1","max-image-preview":"max-image-preview:large","max-video-preview":"max-video-preview:-1"},"canonical":"https:\/\/fuentesfidedignas.com.mx\/index.php\/2025\/01\/17\/eu-quiere-que-el-menchito-pague-mas-de-12-mil-mdd-por-traficar-cocaina-y-metanfetamina\/","og_locale":"es_MX","og_type":"article","og_title":"EU quiere que 'El Menchito' pague m\u00e1s de 12 mil mdd por traficar coca\u00edna y metanfetamina - Fuentes Fidedignas","og_description":"La sanci\u00f3n econ\u00f3mica ser\u00eda parte de sus sentencia por traficar drogas de M\u00e9xico hacia Estados Unidos. La fiscal\u00eda estadunidense ha solicitado que Rub\u00e9n Oseguera Gonz\u00e1lez, El Menchito, pague m\u00e1s de 12 mil millones de d\u00f3lares como parte de su sentencia por haber traficado coca\u00edna y metanfetamina desde M\u00e9xico hacia Estados Unidos, siendo miembro de alto [&hellip;]","og_url":"https:\/\/fuentesfidedignas.com.mx\/index.php\/2025\/01\/17\/eu-quiere-que-el-menchito-pague-mas-de-12-mil-mdd-por-traficar-cocaina-y-metanfetamina\/","og_site_name":"Fuentes Fidedignas","article_publisher":"https:\/\/www.facebook.com\/Fuentes-Fidedignas-368234489921644","article_published_time":"2025-01-18T00:24:00+00:00","og_image":[{"width":650,"height":362,"url":"https:\/\/fuentesfidedignas.com.mx\/wp-content\/uploads\/2024\/09\/MENCHITO.jpg","type":"image\/jpeg"}],"author":"Milenio","twitter_card":"summary_large_image","twitter_creator":"@fidedignas","twitter_site":"@fidedignas","twitter_misc":{"Escrito por":"Milenio","Tiempo de lectura":"3 minutos"},"schema":{"@context":"https:\/\/schema.org","@graph":[{"@type":"Article","@id":"https:\/\/fuentesfidedignas.com.mx\/index.php\/2025\/01\/17\/eu-quiere-que-el-menchito-pague-mas-de-12-mil-mdd-por-traficar-cocaina-y-metanfetamina\/#article","isPartOf":{"@id":"https:\/\/fuentesfidedignas.com.mx\/index.php\/2025\/01\/17\/eu-quiere-que-el-menchito-pague-mas-de-12-mil-mdd-por-traficar-cocaina-y-metanfetamina\/"},"author":{"name":"Milenio","@id":"https:\/\/fuentesfidedignas.com.mx\/#\/schema\/person\/47ec0135738f4b0c7495f06a77a2c976"},"headline":"EU quiere que &#8216;El Menchito&#8217; pague m\u00e1s de 12 mil mdd por traficar coca\u00edna y metanfetamina","datePublished":"2025-01-18T00:24:00+00:00","mainEntityOfPage":{"@id":"https:\/\/fuentesfidedignas.com.mx\/index.php\/2025\/01\/17\/eu-quiere-que-el-menchito-pague-mas-de-12-mil-mdd-por-traficar-cocaina-y-metanfetamina\/"},"wordCount":514,"commentCount":0,"publisher":{"@id":"https:\/\/fuentesfidedignas.com.mx\/#organization"},"image":{"@id":"https:\/\/fuentesfidedignas.com.mx\/index.php\/2025\/01\/17\/eu-quiere-que-el-menchito-pague-mas-de-12-mil-mdd-por-traficar-cocaina-y-metanfetamina\/#primaryimage"},"thumbnailUrl":"https:\/\/fuentesfidedignas.com.mx\/wp-content\/uploads\/2024\/09\/MENCHITO.jpg","articleSection":["NOTICIAS NACIONALES"],"inLanguage":"es","potentialAction":[{"@type":"CommentAction","name":"Comment","target":["https:\/\/fuentesfidedignas.com.mx\/index.php\/2025\/01\/17\/eu-quiere-que-el-menchito-pague-mas-de-12-mil-mdd-por-traficar-cocaina-y-metanfetamina\/#respond"]}]},{"@type":"WebPage","@id":"https:\/\/fuentesfidedignas.com.mx\/index.php\/2025\/01\/17\/eu-quiere-que-el-menchito-pague-mas-de-12-mil-mdd-por-traficar-cocaina-y-metanfetamina\/","url":"https:\/\/fuentesfidedignas.com.mx\/index.php\/2025\/01\/17\/eu-quiere-que-el-menchito-pague-mas-de-12-mil-mdd-por-traficar-cocaina-y-metanfetamina\/","name":"EU quiere que 'El Menchito' pague m\u00e1s de 12 mil mdd por traficar coca\u00edna y metanfetamina - Fuentes Fidedignas","isPartOf":{"@id":"https:\/\/fuentesfidedignas.com.mx\/#website"},"primaryImageOfPage":{"@id":"https:\/\/fuentesfidedignas.com.mx\/index.php\/2025\/01\/17\/eu-quiere-que-el-menchito-pague-mas-de-12-mil-mdd-por-traficar-cocaina-y-metanfetamina\/#primaryimage"},"image":{"@id":"https:\/\/fuentesfidedignas.com.mx\/index.php\/2025\/01\/17\/eu-quiere-que-el-menchito-pague-mas-de-12-mil-mdd-por-traficar-cocaina-y-metanfetamina\/#primaryimage"},"thumbnailUrl":"https:\/\/fuentesfidedignas.com.mx\/wp-content\/uploads\/2024\/09\/MENCHITO.jpg","datePublished":"2025-01-18T00:24:00+00:00","breadcrumb":{"@id":"https:\/\/fuentesfidedignas.com.mx\/index.php\/2025\/01\/17\/eu-quiere-que-el-menchito-pague-mas-de-12-mil-mdd-por-traficar-cocaina-y-metanfetamina\/#breadcrumb"},"inLanguage":"es","potentialAction":[{"@type":"ReadAction","target":["https:\/\/fuentesfidedignas.com.mx\/index.php\/2025\/01\/17\/eu-quiere-que-el-menchito-pague-mas-de-12-mil-mdd-por-traficar-cocaina-y-metanfetamina\/"]}]},{"@type":"ImageObject","inLanguage":"es","@id":"https:\/\/fuentesfidedignas.com.mx\/index.php\/2025\/01\/17\/eu-quiere-que-el-menchito-pague-mas-de-12-mil-mdd-por-traficar-cocaina-y-metanfetamina\/#primaryimage","url":"https:\/\/fuentesfidedignas.com.mx\/wp-content\/uploads\/2024\/09\/MENCHITO.jpg","contentUrl":"https:\/\/fuentesfidedignas.com.mx\/wp-content\/uploads\/2024\/09\/MENCHITO.jpg","width":650,"height":362},{"@type":"BreadcrumbList","@id":"https:\/\/fuentesfidedignas.com.mx\/index.php\/2025\/01\/17\/eu-quiere-que-el-menchito-pague-mas-de-12-mil-mdd-por-traficar-cocaina-y-metanfetamina\/#breadcrumb","itemListElement":[{"@type":"ListItem","position":1,"name":"Inicio","item":"https:\/\/fuentesfidedignas.com.mx\/"},{"@type":"ListItem","position":2,"name":"EU quiere que &#8216;El Menchito&#8217; pague m\u00e1s de 12 mil mdd por traficar coca\u00edna y metanfetamina"}]},{"@type":"WebSite","@id":"https:\/\/fuentesfidedignas.com.mx\/#website","url":"https:\/\/fuentesfidedignas.com.mx\/","name":"Fuentes Fidedignas","description":"Otro sitio realizado con WordPress","publisher":{"@id":"https:\/\/fuentesfidedignas.com.mx\/#organization"},"potentialAction":[{"@type":"SearchAction","target":{"@type":"EntryPoint","urlTemplate":"https:\/\/fuentesfidedignas.com.mx\/?s={search_term_string}"},"query-input":{"@type":"PropertyValueSpecification","valueRequired":true,"valueName":"search_term_string"}}],"inLanguage":"es"},{"@type":"Organization","@id":"https:\/\/fuentesfidedignas.com.mx\/#organization","name":"Fuentes Fidedignas","url":"https:\/\/fuentesfidedignas.com.mx\/","logo":{"@type":"ImageObject","inLanguage":"es","@id":"https:\/\/fuentesfidedignas.com.mx\/#\/schema\/logo\/image\/","url":"https:\/\/fuentesfidedignas.com.mx\/wp-content\/uploads\/2021\/04\/logo-retina.png","contentUrl":"https:\/\/fuentesfidedignas.com.mx\/wp-content\/uploads\/2021\/04\/logo-retina.png","width":280,"height":51,"caption":"Fuentes Fidedignas"},"image":{"@id":"https:\/\/fuentesfidedignas.com.mx\/#\/schema\/logo\/image\/"},"sameAs":["https:\/\/www.facebook.com\/Fuentes-Fidedignas-368234489921644","https:\/\/x.com\/fidedignas"]},{"@type":"Person","@id":"https:\/\/fuentesfidedignas.com.mx\/#\/schema\/person\/47ec0135738f4b0c7495f06a77a2c976","name":"Milenio","image":{"@type":"ImageObject","inLanguage":"es","@id":"https:\/\/secure.gravatar.com\/avatar\/acabf7b54753e51c2c76457954577c236b3b764789b19879565769739d1e4a75?s=96&d=mm&r=g","url":"https:\/\/secure.gravatar.com\/avatar\/acabf7b54753e51c2c76457954577c236b3b764789b19879565769739d1e4a75?s=96&d=mm&r=g","contentUrl":"https:\/\/secure.gravatar.com\/avatar\/acabf7b54753e51c2c76457954577c236b3b764789b19879565769739d1e4a75?s=96&d=mm&r=g","caption":"Milenio"},"url":"https:\/\/fuentesfidedignas.com.mx\/index.php\/author\/milenio\/"}]}},"_links":{"self":[{"href":"https:\/\/fuentesfidedignas.com.mx\/index.php\/wp-json\/wp\/v2\/posts\/99583","targetHints":{"allow":["GET"]}}],"collection":[{"href":"https:\/\/fuentesfidedignas.com.mx\/index.php\/wp-json\/wp\/v2\/posts"}],"about":[{"href":"https:\/\/fuentesfidedignas.com.mx\/index.php\/wp-json\/wp\/v2\/types\/post"}],"author":[{"embeddable":true,"href":"https:\/\/fuentesfidedignas.com.mx\/index.php\/wp-json\/wp\/v2\/users\/9"}],"replies":[{"embeddable":true,"href":"https:\/\/fuentesfidedignas.com.mx\/index.php\/wp-json\/wp\/v2\/comments?post=99583"}],"version-history":[{"count":1,"href":"https:\/\/fuentesfidedignas.com.mx\/index.php\/wp-json\/wp\/v2\/posts\/99583\/revisions"}],"predecessor-version":[{"id":99584,"href":"https:\/\/fuentesfidedignas.com.mx\/index.php\/wp-json\/wp\/v2\/posts\/99583\/revisions\/99584"}],"wp:featuredmedia":[{"embeddable":true,"href":"https:\/\/fuentesfidedignas.com.mx\/index.php\/wp-json\/wp\/v2\/media\/90702"}],"wp:attachment":[{"href":"https:\/\/fuentesfidedignas.com.mx\/index.php\/wp-json\/wp\/v2\/media?parent=99583"}],"wp:term":[{"taxonomy":"category","embeddable":true,"href":"https:\/\/fuentesfidedignas.com.mx\/index.php\/wp-json\/wp\/v2\/categories?post=99583"},{"taxonomy":"post_tag","embeddable":true,"href":"https:\/\/fuentesfidedignas.com.mx\/index.php\/wp-json\/wp\/v2\/tags?post=99583"}],"curies":[{"name":"wp","href":"https:\/\/api.w.org\/{rel}","templated":true}]}}