{"id":99539,"date":"2025-01-17T06:27:06","date_gmt":"2025-01-17T13:27:06","guid":{"rendered":"https:\/\/fuentesfidedignas.com.mx\/?p=99539"},"modified":"2025-01-17T07:36:35","modified_gmt":"2025-01-17T14:36:35","slug":"matan-a-comisario-de-seguridad-publica-de-salamanca-guanajuato","status":"publish","type":"post","link":"https:\/\/fuentesfidedignas.com.mx\/index.php\/2025\/01\/17\/matan-a-comisario-de-seguridad-publica-de-salamanca-guanajuato\/","title":{"rendered":"Matan a comisario de Seguridad P\u00fablica de Salamanca, Guanajuato"},"content":{"rendered":"\n<p><strong><em>Sujetos asesinaron en un ataque armado a Andr\u00e9s Ram\u00edrez Hern\u00e1ndez, comisario de Seguridad P\u00fablica de Salamanca<\/em><\/strong><\/p>\n\n\n\n<p>Andr\u00e9s Ram\u00edrez Hern\u00e1ndez, comisario de Seguridad P\u00fablica de Salamanca, Guanajuato, fue asesinado en un ataque armado, en donde tambi\u00e9n fueron heridas otras dos personas.<\/p>\n\n\n\n<p>La agresi\u00f3n armada ocurri\u00f3 poco antes de las 18:00 h del jueves 16 de enero, justo en la entrada al fraccionamiento Residencial Galer\u00edas de dicho municipio, sobre la calle Leona Vicario.<\/p>\n\n\n\n<p>Elementos de seguridad p\u00fablica de los tres \u00f3rdenes de gobierno y servicios de emergencia desplegaron un fuerte operativo en dicha zona.<\/p>\n\n\n\n<p>En la agresi\u00f3n, un guardia del fraccionamiento y otro hombre resultaron lesionados.<\/p>\n\n\n\n<p>Peritos de la Fiscal\u00eda estatal levantaron los primeros indicios de este crimen.<\/p>\n\n\n\n<p>Ram\u00edrez Hern\u00e1ndez fue designado comisario de Seguridad de Salamanca durante la administraci\u00f3n de la morenista Beatriz Hern\u00e1ndez Cruz.<\/p>\n\n\n\n<p>Hasta el momento, ninguna autoridad federal o estatal ha informado de personas detenidas por este homicidio en Salamanca.<\/p>\n\n\n\n<p>El 9 de enero, tambi\u00e9n fue asesinado a balazos el comandante de la Polic\u00eda Municipal de Guanajuato, Ra\u00fal Israel Bonilla.<\/p>\n","protected":false},"excerpt":{"rendered":"<p>Sujetos asesinaron en un ataque armado a Andr\u00e9s Ram\u00edrez Hern\u00e1ndez, comisario de Seguridad P\u00fablica de Salamanca Andr\u00e9s Ram\u00edrez Hern\u00e1ndez, comisario de Seguridad P\u00fablica de Salamanca, Guanajuato, fue asesinado en un ataque armado, en donde tambi\u00e9n fueron heridas otras dos personas. La agresi\u00f3n armada ocurri\u00f3 poco antes de las 18:00 h del jueves 16 de enero, [&hellip;]<\/p>\n","protected":false},"author":47,"featured_media":77325,"comment_status":"open","ping_status":"open","sticky":false,"template":"","format":"standard","meta":{"tdm_status":"","tdm_grid_status":"","footnotes":""},"categories":[39],"tags":[],"class_list":{"0":"post-99539","1":"post","2":"type-post","3":"status-publish","4":"format-standard","5":"has-post-thumbnail","7":"category-noticias-nacionales"},"yoast_head":"<!-- This site is optimized with the Yoast SEO plugin v27.5 - https:\/\/yoast.com\/product\/yoast-seo-wordpress\/ -->\n<title>Matan a comisario de Seguridad P\u00fablica de Salamanca, Guanajuato - Fuentes Fidedignas<\/title>\n<meta name=\"robots\" content=\"index, follow, max-snippet:-1, max-image-preview:large, max-video-preview:-1\" \/>\n<link rel=\"canonical\" href=\"https:\/\/fuentesfidedignas.com.mx\/index.php\/2025\/01\/17\/matan-a-comisario-de-seguridad-publica-de-salamanca-guanajuato\/\" \/>\n<meta property=\"og:locale\" content=\"es_MX\" \/>\n<meta property=\"og:type\" content=\"article\" \/>\n<meta property=\"og:title\" content=\"Matan a comisario de Seguridad P\u00fablica de Salamanca, Guanajuato - Fuentes Fidedignas\" \/>\n<meta property=\"og:description\" content=\"Sujetos asesinaron en un ataque armado a Andr\u00e9s Ram\u00edrez Hern\u00e1ndez, comisario de Seguridad P\u00fablica de Salamanca Andr\u00e9s Ram\u00edrez Hern\u00e1ndez, comisario de Seguridad P\u00fablica de Salamanca, Guanajuato, fue asesinado en un ataque armado, en donde tambi\u00e9n fueron heridas otras dos personas. La agresi\u00f3n armada ocurri\u00f3 poco antes de las 18:00 h del jueves 16 de enero, [&hellip;]\" \/>\n<meta property=\"og:url\" content=\"https:\/\/fuentesfidedignas.com.mx\/index.php\/2025\/01\/17\/matan-a-comisario-de-seguridad-publica-de-salamanca-guanajuato\/\" \/>\n<meta property=\"og:site_name\" content=\"Fuentes Fidedignas\" \/>\n<meta property=\"article:publisher\" content=\"https:\/\/www.facebook.com\/Fuentes-Fidedignas-368234489921644\" \/>\n<meta property=\"article:published_time\" content=\"2025-01-17T13:27:06+00:00\" \/>\n<meta property=\"article:modified_time\" content=\"2025-01-17T14:36:35+00:00\" \/>\n<meta property=\"og:image\" content=\"https:\/\/fuentesfidedignas.com.mx\/wp-content\/uploads\/2024\/03\/CASQUILLOS_.jpg\" \/>\n\t<meta property=\"og:image:width\" content=\"600\" \/>\n\t<meta property=\"og:image:height\" content=\"341\" \/>\n\t<meta property=\"og:image:type\" content=\"image\/jpeg\" \/>\n<meta name=\"author\" content=\"L\u00f3pez D\u00f3riga\" \/>\n<meta name=\"twitter:card\" content=\"summary_large_image\" \/>\n<meta name=\"twitter:creator\" content=\"@fidedignas\" \/>\n<meta name=\"twitter:site\" content=\"@fidedignas\" \/>\n<meta name=\"twitter:label1\" content=\"Escrito por\" \/>\n\t<meta name=\"twitter:data1\" content=\"L\u00f3pez D\u00f3riga\" \/>\n\t<meta name=\"twitter:label2\" content=\"Tiempo de lectura\" \/>\n\t<meta name=\"twitter:data2\" content=\"1 minuto\" \/>\n<script type=\"application\/ld+json\" class=\"yoast-schema-graph\">{\"@context\":\"https:\\\/\\\/schema.org\",\"@graph\":[{\"@type\":\"Article\",\"@id\":\"https:\\\/\\\/fuentesfidedignas.com.mx\\\/index.php\\\/2025\\\/01\\\/17\\\/matan-a-comisario-de-seguridad-publica-de-salamanca-guanajuato\\\/#article\",\"isPartOf\":{\"@id\":\"https:\\\/\\\/fuentesfidedignas.com.mx\\\/index.php\\\/2025\\\/01\\\/17\\\/matan-a-comisario-de-seguridad-publica-de-salamanca-guanajuato\\\/\"},\"author\":{\"name\":\"L\u00f3pez D\u00f3riga\",\"@id\":\"https:\\\/\\\/fuentesfidedignas.com.mx\\\/#\\\/schema\\\/person\\\/67d852f0557c8509146a4b9ddebd543a\"},\"headline\":\"Matan a comisario de Seguridad P\u00fablica de Salamanca, Guanajuato\",\"datePublished\":\"2025-01-17T13:27:06+00:00\",\"dateModified\":\"2025-01-17T14:36:35+00:00\",\"mainEntityOfPage\":{\"@id\":\"https:\\\/\\\/fuentesfidedignas.com.mx\\\/index.php\\\/2025\\\/01\\\/17\\\/matan-a-comisario-de-seguridad-publica-de-salamanca-guanajuato\\\/\"},\"wordCount\":200,\"commentCount\":0,\"publisher\":{\"@id\":\"https:\\\/\\\/fuentesfidedignas.com.mx\\\/#organization\"},\"image\":{\"@id\":\"https:\\\/\\\/fuentesfidedignas.com.mx\\\/index.php\\\/2025\\\/01\\\/17\\\/matan-a-comisario-de-seguridad-publica-de-salamanca-guanajuato\\\/#primaryimage\"},\"thumbnailUrl\":\"https:\\\/\\\/fuentesfidedignas.com.mx\\\/wp-content\\\/uploads\\\/2024\\\/03\\\/CASQUILLOS_.jpg\",\"articleSection\":[\"NOTICIAS NACIONALES\"],\"inLanguage\":\"es\",\"potentialAction\":[{\"@type\":\"CommentAction\",\"name\":\"Comment\",\"target\":[\"https:\\\/\\\/fuentesfidedignas.com.mx\\\/index.php\\\/2025\\\/01\\\/17\\\/matan-a-comisario-de-seguridad-publica-de-salamanca-guanajuato\\\/#respond\"]}]},{\"@type\":\"WebPage\",\"@id\":\"https:\\\/\\\/fuentesfidedignas.com.mx\\\/index.php\\\/2025\\\/01\\\/17\\\/matan-a-comisario-de-seguridad-publica-de-salamanca-guanajuato\\\/\",\"url\":\"https:\\\/\\\/fuentesfidedignas.com.mx\\\/index.php\\\/2025\\\/01\\\/17\\\/matan-a-comisario-de-seguridad-publica-de-salamanca-guanajuato\\\/\",\"name\":\"Matan a comisario de Seguridad P\u00fablica de Salamanca, Guanajuato - Fuentes Fidedignas\",\"isPartOf\":{\"@id\":\"https:\\\/\\\/fuentesfidedignas.com.mx\\\/#website\"},\"primaryImageOfPage\":{\"@id\":\"https:\\\/\\\/fuentesfidedignas.com.mx\\\/index.php\\\/2025\\\/01\\\/17\\\/matan-a-comisario-de-seguridad-publica-de-salamanca-guanajuato\\\/#primaryimage\"},\"image\":{\"@id\":\"https:\\\/\\\/fuentesfidedignas.com.mx\\\/index.php\\\/2025\\\/01\\\/17\\\/matan-a-comisario-de-seguridad-publica-de-salamanca-guanajuato\\\/#primaryimage\"},\"thumbnailUrl\":\"https:\\\/\\\/fuentesfidedignas.com.mx\\\/wp-content\\\/uploads\\\/2024\\\/03\\\/CASQUILLOS_.jpg\",\"datePublished\":\"2025-01-17T13:27:06+00:00\",\"dateModified\":\"2025-01-17T14:36:35+00:00\",\"breadcrumb\":{\"@id\":\"https:\\\/\\\/fuentesfidedignas.com.mx\\\/index.php\\\/2025\\\/01\\\/17\\\/matan-a-comisario-de-seguridad-publica-de-salamanca-guanajuato\\\/#breadcrumb\"},\"inLanguage\":\"es\",\"potentialAction\":[{\"@type\":\"ReadAction\",\"target\":[\"https:\\\/\\\/fuentesfidedignas.com.mx\\\/index.php\\\/2025\\\/01\\\/17\\\/matan-a-comisario-de-seguridad-publica-de-salamanca-guanajuato\\\/\"]}]},{\"@type\":\"ImageObject\",\"inLanguage\":\"es\",\"@id\":\"https:\\\/\\\/fuentesfidedignas.com.mx\\\/index.php\\\/2025\\\/01\\\/17\\\/matan-a-comisario-de-seguridad-publica-de-salamanca-guanajuato\\\/#primaryimage\",\"url\":\"https:\\\/\\\/fuentesfidedignas.com.mx\\\/wp-content\\\/uploads\\\/2024\\\/03\\\/CASQUILLOS_.jpg\",\"contentUrl\":\"https:\\\/\\\/fuentesfidedignas.com.mx\\\/wp-content\\\/uploads\\\/2024\\\/03\\\/CASQUILLOS_.jpg\",\"width\":600,\"height\":341},{\"@type\":\"BreadcrumbList\",\"@id\":\"https:\\\/\\\/fuentesfidedignas.com.mx\\\/index.php\\\/2025\\\/01\\\/17\\\/matan-a-comisario-de-seguridad-publica-de-salamanca-guanajuato\\\/#breadcrumb\",\"itemListElement\":[{\"@type\":\"ListItem\",\"position\":1,\"name\":\"Inicio\",\"item\":\"https:\\\/\\\/fuentesfidedignas.com.mx\\\/\"},{\"@type\":\"ListItem\",\"position\":2,\"name\":\"Matan a comisario de Seguridad P\u00fablica de Salamanca, Guanajuato\"}]},{\"@type\":\"WebSite\",\"@id\":\"https:\\\/\\\/fuentesfidedignas.com.mx\\\/#website\",\"url\":\"https:\\\/\\\/fuentesfidedignas.com.mx\\\/\",\"name\":\"Fuentes Fidedignas\",\"description\":\"Otro sitio realizado con WordPress\",\"publisher\":{\"@id\":\"https:\\\/\\\/fuentesfidedignas.com.mx\\\/#organization\"},\"potentialAction\":[{\"@type\":\"SearchAction\",\"target\":{\"@type\":\"EntryPoint\",\"urlTemplate\":\"https:\\\/\\\/fuentesfidedignas.com.mx\\\/?s={search_term_string}\"},\"query-input\":{\"@type\":\"PropertyValueSpecification\",\"valueRequired\":true,\"valueName\":\"search_term_string\"}}],\"inLanguage\":\"es\"},{\"@type\":\"Organization\",\"@id\":\"https:\\\/\\\/fuentesfidedignas.com.mx\\\/#organization\",\"name\":\"Fuentes Fidedignas\",\"url\":\"https:\\\/\\\/fuentesfidedignas.com.mx\\\/\",\"logo\":{\"@type\":\"ImageObject\",\"inLanguage\":\"es\",\"@id\":\"https:\\\/\\\/fuentesfidedignas.com.mx\\\/#\\\/schema\\\/logo\\\/image\\\/\",\"url\":\"https:\\\/\\\/fuentesfidedignas.com.mx\\\/wp-content\\\/uploads\\\/2021\\\/04\\\/logo-retina.png\",\"contentUrl\":\"https:\\\/\\\/fuentesfidedignas.com.mx\\\/wp-content\\\/uploads\\\/2021\\\/04\\\/logo-retina.png\",\"width\":280,\"height\":51,\"caption\":\"Fuentes Fidedignas\"},\"image\":{\"@id\":\"https:\\\/\\\/fuentesfidedignas.com.mx\\\/#\\\/schema\\\/logo\\\/image\\\/\"},\"sameAs\":[\"https:\\\/\\\/www.facebook.com\\\/Fuentes-Fidedignas-368234489921644\",\"https:\\\/\\\/x.com\\\/fidedignas\"]},{\"@type\":\"Person\",\"@id\":\"https:\\\/\\\/fuentesfidedignas.com.mx\\\/#\\\/schema\\\/person\\\/67d852f0557c8509146a4b9ddebd543a\",\"name\":\"L\u00f3pez D\u00f3riga\",\"image\":{\"@type\":\"ImageObject\",\"inLanguage\":\"es\",\"@id\":\"https:\\\/\\\/secure.gravatar.com\\\/avatar\\\/e525b06574ca18b33cded59dfe5778d6c823b9513154eff47da551b0551bdd1e?s=96&d=mm&r=g\",\"url\":\"https:\\\/\\\/secure.gravatar.com\\\/avatar\\\/e525b06574ca18b33cded59dfe5778d6c823b9513154eff47da551b0551bdd1e?s=96&d=mm&r=g\",\"contentUrl\":\"https:\\\/\\\/secure.gravatar.com\\\/avatar\\\/e525b06574ca18b33cded59dfe5778d6c823b9513154eff47da551b0551bdd1e?s=96&d=mm&r=g\",\"caption\":\"L\u00f3pez D\u00f3riga\"},\"url\":\"https:\\\/\\\/fuentesfidedignas.com.mx\\\/index.php\\\/author\\\/doriga\\\/\"}]}<\/script>\n<!-- \/ Yoast SEO plugin. -->","yoast_head_json":{"title":"Matan a comisario de Seguridad P\u00fablica de Salamanca, Guanajuato - Fuentes Fidedignas","robots":{"index":"index","follow":"follow","max-snippet":"max-snippet:-1","max-image-preview":"max-image-preview:large","max-video-preview":"max-video-preview:-1"},"canonical":"https:\/\/fuentesfidedignas.com.mx\/index.php\/2025\/01\/17\/matan-a-comisario-de-seguridad-publica-de-salamanca-guanajuato\/","og_locale":"es_MX","og_type":"article","og_title":"Matan a comisario de Seguridad P\u00fablica de Salamanca, Guanajuato - Fuentes Fidedignas","og_description":"Sujetos asesinaron en un ataque armado a Andr\u00e9s Ram\u00edrez Hern\u00e1ndez, comisario de Seguridad P\u00fablica de Salamanca Andr\u00e9s Ram\u00edrez Hern\u00e1ndez, comisario de Seguridad P\u00fablica de Salamanca, Guanajuato, fue asesinado en un ataque armado, en donde tambi\u00e9n fueron heridas otras dos personas. La agresi\u00f3n armada ocurri\u00f3 poco antes de las 18:00 h del jueves 16 de enero, [&hellip;]","og_url":"https:\/\/fuentesfidedignas.com.mx\/index.php\/2025\/01\/17\/matan-a-comisario-de-seguridad-publica-de-salamanca-guanajuato\/","og_site_name":"Fuentes Fidedignas","article_publisher":"https:\/\/www.facebook.com\/Fuentes-Fidedignas-368234489921644","article_published_time":"2025-01-17T13:27:06+00:00","article_modified_time":"2025-01-17T14:36:35+00:00","og_image":[{"width":600,"height":341,"url":"https:\/\/fuentesfidedignas.com.mx\/wp-content\/uploads\/2024\/03\/CASQUILLOS_.jpg","type":"image\/jpeg"}],"author":"L\u00f3pez D\u00f3riga","twitter_card":"summary_large_image","twitter_creator":"@fidedignas","twitter_site":"@fidedignas","twitter_misc":{"Escrito por":"L\u00f3pez D\u00f3riga","Tiempo de lectura":"1 minuto"},"schema":{"@context":"https:\/\/schema.org","@graph":[{"@type":"Article","@id":"https:\/\/fuentesfidedignas.com.mx\/index.php\/2025\/01\/17\/matan-a-comisario-de-seguridad-publica-de-salamanca-guanajuato\/#article","isPartOf":{"@id":"https:\/\/fuentesfidedignas.com.mx\/index.php\/2025\/01\/17\/matan-a-comisario-de-seguridad-publica-de-salamanca-guanajuato\/"},"author":{"name":"L\u00f3pez D\u00f3riga","@id":"https:\/\/fuentesfidedignas.com.mx\/#\/schema\/person\/67d852f0557c8509146a4b9ddebd543a"},"headline":"Matan a comisario de Seguridad P\u00fablica de Salamanca, Guanajuato","datePublished":"2025-01-17T13:27:06+00:00","dateModified":"2025-01-17T14:36:35+00:00","mainEntityOfPage":{"@id":"https:\/\/fuentesfidedignas.com.mx\/index.php\/2025\/01\/17\/matan-a-comisario-de-seguridad-publica-de-salamanca-guanajuato\/"},"wordCount":200,"commentCount":0,"publisher":{"@id":"https:\/\/fuentesfidedignas.com.mx\/#organization"},"image":{"@id":"https:\/\/fuentesfidedignas.com.mx\/index.php\/2025\/01\/17\/matan-a-comisario-de-seguridad-publica-de-salamanca-guanajuato\/#primaryimage"},"thumbnailUrl":"https:\/\/fuentesfidedignas.com.mx\/wp-content\/uploads\/2024\/03\/CASQUILLOS_.jpg","articleSection":["NOTICIAS NACIONALES"],"inLanguage":"es","potentialAction":[{"@type":"CommentAction","name":"Comment","target":["https:\/\/fuentesfidedignas.com.mx\/index.php\/2025\/01\/17\/matan-a-comisario-de-seguridad-publica-de-salamanca-guanajuato\/#respond"]}]},{"@type":"WebPage","@id":"https:\/\/fuentesfidedignas.com.mx\/index.php\/2025\/01\/17\/matan-a-comisario-de-seguridad-publica-de-salamanca-guanajuato\/","url":"https:\/\/fuentesfidedignas.com.mx\/index.php\/2025\/01\/17\/matan-a-comisario-de-seguridad-publica-de-salamanca-guanajuato\/","name":"Matan a comisario de Seguridad P\u00fablica de Salamanca, Guanajuato - Fuentes Fidedignas","isPartOf":{"@id":"https:\/\/fuentesfidedignas.com.mx\/#website"},"primaryImageOfPage":{"@id":"https:\/\/fuentesfidedignas.com.mx\/index.php\/2025\/01\/17\/matan-a-comisario-de-seguridad-publica-de-salamanca-guanajuato\/#primaryimage"},"image":{"@id":"https:\/\/fuentesfidedignas.com.mx\/index.php\/2025\/01\/17\/matan-a-comisario-de-seguridad-publica-de-salamanca-guanajuato\/#primaryimage"},"thumbnailUrl":"https:\/\/fuentesfidedignas.com.mx\/wp-content\/uploads\/2024\/03\/CASQUILLOS_.jpg","datePublished":"2025-01-17T13:27:06+00:00","dateModified":"2025-01-17T14:36:35+00:00","breadcrumb":{"@id":"https:\/\/fuentesfidedignas.com.mx\/index.php\/2025\/01\/17\/matan-a-comisario-de-seguridad-publica-de-salamanca-guanajuato\/#breadcrumb"},"inLanguage":"es","potentialAction":[{"@type":"ReadAction","target":["https:\/\/fuentesfidedignas.com.mx\/index.php\/2025\/01\/17\/matan-a-comisario-de-seguridad-publica-de-salamanca-guanajuato\/"]}]},{"@type":"ImageObject","inLanguage":"es","@id":"https:\/\/fuentesfidedignas.com.mx\/index.php\/2025\/01\/17\/matan-a-comisario-de-seguridad-publica-de-salamanca-guanajuato\/#primaryimage","url":"https:\/\/fuentesfidedignas.com.mx\/wp-content\/uploads\/2024\/03\/CASQUILLOS_.jpg","contentUrl":"https:\/\/fuentesfidedignas.com.mx\/wp-content\/uploads\/2024\/03\/CASQUILLOS_.jpg","width":600,"height":341},{"@type":"BreadcrumbList","@id":"https:\/\/fuentesfidedignas.com.mx\/index.php\/2025\/01\/17\/matan-a-comisario-de-seguridad-publica-de-salamanca-guanajuato\/#breadcrumb","itemListElement":[{"@type":"ListItem","position":1,"name":"Inicio","item":"https:\/\/fuentesfidedignas.com.mx\/"},{"@type":"ListItem","position":2,"name":"Matan a comisario de Seguridad P\u00fablica de Salamanca, Guanajuato"}]},{"@type":"WebSite","@id":"https:\/\/fuentesfidedignas.com.mx\/#website","url":"https:\/\/fuentesfidedignas.com.mx\/","name":"Fuentes Fidedignas","description":"Otro sitio realizado con WordPress","publisher":{"@id":"https:\/\/fuentesfidedignas.com.mx\/#organization"},"potentialAction":[{"@type":"SearchAction","target":{"@type":"EntryPoint","urlTemplate":"https:\/\/fuentesfidedignas.com.mx\/?s={search_term_string}"},"query-input":{"@type":"PropertyValueSpecification","valueRequired":true,"valueName":"search_term_string"}}],"inLanguage":"es"},{"@type":"Organization","@id":"https:\/\/fuentesfidedignas.com.mx\/#organization","name":"Fuentes Fidedignas","url":"https:\/\/fuentesfidedignas.com.mx\/","logo":{"@type":"ImageObject","inLanguage":"es","@id":"https:\/\/fuentesfidedignas.com.mx\/#\/schema\/logo\/image\/","url":"https:\/\/fuentesfidedignas.com.mx\/wp-content\/uploads\/2021\/04\/logo-retina.png","contentUrl":"https:\/\/fuentesfidedignas.com.mx\/wp-content\/uploads\/2021\/04\/logo-retina.png","width":280,"height":51,"caption":"Fuentes Fidedignas"},"image":{"@id":"https:\/\/fuentesfidedignas.com.mx\/#\/schema\/logo\/image\/"},"sameAs":["https:\/\/www.facebook.com\/Fuentes-Fidedignas-368234489921644","https:\/\/x.com\/fidedignas"]},{"@type":"Person","@id":"https:\/\/fuentesfidedignas.com.mx\/#\/schema\/person\/67d852f0557c8509146a4b9ddebd543a","name":"L\u00f3pez D\u00f3riga","image":{"@type":"ImageObject","inLanguage":"es","@id":"https:\/\/secure.gravatar.com\/avatar\/e525b06574ca18b33cded59dfe5778d6c823b9513154eff47da551b0551bdd1e?s=96&d=mm&r=g","url":"https:\/\/secure.gravatar.com\/avatar\/e525b06574ca18b33cded59dfe5778d6c823b9513154eff47da551b0551bdd1e?s=96&d=mm&r=g","contentUrl":"https:\/\/secure.gravatar.com\/avatar\/e525b06574ca18b33cded59dfe5778d6c823b9513154eff47da551b0551bdd1e?s=96&d=mm&r=g","caption":"L\u00f3pez D\u00f3riga"},"url":"https:\/\/fuentesfidedignas.com.mx\/index.php\/author\/doriga\/"}]}},"_links":{"self":[{"href":"https:\/\/fuentesfidedignas.com.mx\/index.php\/wp-json\/wp\/v2\/posts\/99539","targetHints":{"allow":["GET"]}}],"collection":[{"href":"https:\/\/fuentesfidedignas.com.mx\/index.php\/wp-json\/wp\/v2\/posts"}],"about":[{"href":"https:\/\/fuentesfidedignas.com.mx\/index.php\/wp-json\/wp\/v2\/types\/post"}],"author":[{"embeddable":true,"href":"https:\/\/fuentesfidedignas.com.mx\/index.php\/wp-json\/wp\/v2\/users\/47"}],"replies":[{"embeddable":true,"href":"https:\/\/fuentesfidedignas.com.mx\/index.php\/wp-json\/wp\/v2\/comments?post=99539"}],"version-history":[{"count":1,"href":"https:\/\/fuentesfidedignas.com.mx\/index.php\/wp-json\/wp\/v2\/posts\/99539\/revisions"}],"predecessor-version":[{"id":99540,"href":"https:\/\/fuentesfidedignas.com.mx\/index.php\/wp-json\/wp\/v2\/posts\/99539\/revisions\/99540"}],"wp:featuredmedia":[{"embeddable":true,"href":"https:\/\/fuentesfidedignas.com.mx\/index.php\/wp-json\/wp\/v2\/media\/77325"}],"wp:attachment":[{"href":"https:\/\/fuentesfidedignas.com.mx\/index.php\/wp-json\/wp\/v2\/media?parent=99539"}],"wp:term":[{"taxonomy":"category","embeddable":true,"href":"https:\/\/fuentesfidedignas.com.mx\/index.php\/wp-json\/wp\/v2\/categories?post=99539"},{"taxonomy":"post_tag","embeddable":true,"href":"https:\/\/fuentesfidedignas.com.mx\/index.php\/wp-json\/wp\/v2\/tags?post=99539"}],"curies":[{"name":"wp","href":"https:\/\/api.w.org\/{rel}","templated":true}]}}