{"id":99518,"date":"2025-01-17T04:52:00","date_gmt":"2025-01-17T11:52:00","guid":{"rendered":"https:\/\/fuentesfidedignas.com.mx\/?p=99518"},"modified":"2025-01-16T18:57:07","modified_gmt":"2025-01-17T01:57:07","slug":"fiesta-de-dulces-16-anos-se-vuelve-viral-por-extremo-lujo-eso-vale-mi-casa-video","status":"publish","type":"post","link":"https:\/\/fuentesfidedignas.com.mx\/index.php\/2025\/01\/17\/fiesta-de-dulces-16-anos-se-vuelve-viral-por-extremo-lujo-eso-vale-mi-casa-video\/","title":{"rendered":"Fiesta de \u2018Dulces 16 a\u00f1os\u2019 se vuelve viral por EXTREMO LUJO: &#8220;eso vale mi casa&#8221; | VIDEO"},"content":{"rendered":"\n<p><strong><em>El video de un momento en dicha fiesta caus\u00f3 gran furor entre la comunidad y esto fue lo que se vivi\u00f3 en aquella noche.<\/em><\/strong><\/p>\n\n\n\n<p>Las fiestas de XV a\u00f1os en M\u00e9xico son un momento sumamente importante en la vida de muchas jovencitas, quienes viven la emoci\u00f3n de &#8216;brillar&#8217; en aquel d\u00eda tan especial, sobre todo porque cumplen un sue\u00f1o de lucir sumamente bellas.<\/p>\n\n\n\n<p>Aunque se trata de una tradici\u00f3n bastante latina, lo cierto es que en Estados Unidos tienen su versi\u00f3n y esperan \u00fanicamente 1 a\u00f1o para celebrar su transici\u00f3n de dejar la infancia para convertirse en se\u00f1oritas ante la sociedad.<\/p>\n\n\n\n<p>As\u00ed es como las jovencitas que radican en el pa\u00eds vecino festejan sus &#8220;Dulces 16 a\u00f1os&#8221; con gran entusiasmo tambi\u00e9n, incluso la tem\u00e1tica va de lo mismo, un baile de vals, as\u00ed como otro con un toque m\u00e1s moderno.<\/p>\n\n\n\n<p>Aunado a esto lucen grandes vestidos, peinados de sal\u00f3n, maquillajes profesionales, arreglo de u\u00f1as, en ocasiones llevan coronas como princesas, entre otros factores que hacen de dicha celebraci\u00f3n un momento \u00fanico en la vida.<\/p>\n\n\n\n<p>Y es que tampoco pueden faltar los invitados que usualmente son las amistades de la jovencita en cuesti\u00f3n, as\u00ed como familiares y dem\u00e1s seres queridos que son importantes tanto para la festejada como para su n\u00facleo de casa.<\/p>\n\n\n\n<p>Fiesta de 16 a\u00f1os es viral por excentricidad<br>Lo cierto es que muchos padres de familia hacen un gran esfuerzo para cumplir con \u00e9ste sue\u00f1o que -como se mencion\u00f3 anteriormente- es importante para cientos de adolescentes que desean lucirse en una noche especial.<\/p>\n\n\n\n<p>As\u00ed fue como la fiesta de una joven simplemente llam\u00f3 la atenci\u00f3n de todo internet al mostrar tan s\u00f3lo una parte de lo que se vivi\u00f3 en dicho evento social, donde se dieron cita una gran cantidad de personas que tambi\u00e9n luc\u00edan asombradas.<\/p>\n\n\n\n<p>Y es que en el sal\u00f3n ten\u00edan preparada una sorpresa para que la festejada tuviera una entrada digna de una estrella de rock, pues los chambelanes le esperaban formados, pero lo que nadie vio venir es que el piso del sitio empez\u00f3 a elevarse.<\/p>\n\n\n\n<p>As\u00ed fue como poco a poco la jovencita empez\u00f3 a verse dentro de una especie de caja de cristal que ascend\u00eda del suelo y portaba un costoso vestido, mientras bailaba con gran emoci\u00f3n y saludaba a sus invitados, quienes no pod\u00edan creer lo que ve\u00edan.<\/p>\n\n\n\n<p>Dicho momento se volvi\u00f3 una sensaci\u00f3n entre la comunidad internauta, quienes dejaron en claro que se ve\u00eda sumamente costosa tal fiesta e incluso algunos aseguraron que seguramente tal festejo podr\u00eda costar lo que una casa.<\/p>\n\n\n\n<ul class=\"wp-block-list\">\n<li>\u00a0&#8220;Esa fiesta vale mi casa&#8221;.<\/li>\n\n\n\n<li>&#8220;Hay presupuesto&#8221;.<\/li>\n\n\n\n<li>&#8220;El dinero no da la felicidad\u2026 la gente con dinero&#8221;.<\/li>\n\n\n\n<li>&#8220;Cu\u00e1ntas hipotecas cuesta eso?&#8221;.<\/li>\n\n\n\n<li>&#8220;Esa fiesta vale todo lo que he gastado en toda mi vida&#8221;.<\/li>\n\n\n\n<li>&#8220;Lo que es tener plata&#8221;.<\/li>\n\n\n\n<li>&#8220;La fiesta que yo quer\u00eda&#8221;.<\/li>\n\n\n\n<li>&#8220;Es la protagonista y lo sabe&#8221;.<\/li>\n<\/ul>\n\n\n\n<blockquote class=\"tiktok-embed\" cite=\"https:\/\/www.tiktok.com\/@villabaronemanor\/video\/7458897082313805102\" data-video-id=\"7458897082313805102\" style=\"max-width: 605px;min-width: 325px;\" > <section> <a target=\"_blank\" title=\"@villabaronemanor\" href=\"https:\/\/www.tiktok.com\/@villabaronemanor?refer=embed\">@villabaronemanor<\/a> Oh you fancy huh!? Happy sweet 16 Camila!!! \u2764\ufe0f <a title=\"sweet16\" target=\"_blank\" href=\"https:\/\/www.tiktok.com\/tag\/sweet16?refer=embed\">#Sweet16<\/a><a title=\"sweet15\" target=\"_blank\" href=\"https:\/\/www.tiktok.com\/tag\/sweet15?refer=embed\">#Sweet15<\/a> <a title=\"weddings\" target=\"_blank\" href=\"https:\/\/www.tiktok.com\/tag\/weddings?refer=embed\">#Weddings<\/a> <a title=\"weddingday\" target=\"_blank\" href=\"https:\/\/www.tiktok.com\/tag\/weddingday?refer=embed\">#WeddingDay<\/a> <a title=\"weddingcake\" target=\"_blank\" href=\"https:\/\/www.tiktok.com\/tag\/weddingcake?refer=embed\">#WeddingCake<\/a> <a title=\"weddingdress\" target=\"_blank\" href=\"https:\/\/www.tiktok.com\/tag\/weddingdress?refer=embed\">#WeddingDress<\/a> <a title=\"weddingvenue\" target=\"_blank\" href=\"https:\/\/www.tiktok.com\/tag\/weddingvenue?refer=embed\">#WeddingVenue<\/a> <a title=\"weddingceremony\" target=\"_blank\" href=\"https:\/\/www.tiktok.com\/tag\/weddingceremony?refer=embed\">#WeddingCeremony<\/a> <a title=\"ballroom\" target=\"_blank\" href=\"https:\/\/www.tiktok.com\/tag\/ballroom?refer=embed\">#Ballroom<\/a> <a title=\"party\" target=\"_blank\" href=\"https:\/\/www.tiktok.com\/tag\/party?refer=embed\">#Party<\/a> <a title=\"cocktails\" target=\"_blank\" href=\"https:\/\/www.tiktok.com\/tag\/cocktails?refer=embed\">#Cocktails<\/a> <a title=\"elevatorentrance\" target=\"_blank\" href=\"https:\/\/www.tiktok.com\/tag\/elevatorentrance?refer=embed\">#ElevatorEntrance<\/a><a title=\"nycweddings\" target=\"_blank\" href=\"https:\/\/www.tiktok.com\/tag\/nycweddings?refer=embed\">#NYCWeddings<\/a> <a title=\"love\" target=\"_blank\" href=\"https:\/\/www.tiktok.com\/tag\/love?refer=embed\">#Love<\/a> <a title=\"bride\" target=\"_blank\" href=\"https:\/\/www.tiktok.com\/tag\/bride?refer=embed\">#Bride<\/a> #<a title=\"bridal\" target=\"_blank\" href=\"https:\/\/www.tiktok.com\/tag\/bridal?refer=embed\">#Bridal<\/a> <a title=\"bridalhair\" target=\"_blank\" href=\"https:\/\/www.tiktok.com\/tag\/bridalhair?refer=embed\">#BridalHair<\/a> <a title=\"bridalmakeup\" target=\"_blank\" href=\"https:\/\/www.tiktok.com\/tag\/bridalmakeup?refer=embed\">#BridalMakeUp<\/a> <a title=\"ny\" target=\"_blank\" href=\"https:\/\/www.tiktok.com\/tag\/ny?refer=embed\">#NY<\/a> <a title=\"ct\" target=\"_blank\" href=\"https:\/\/www.tiktok.com\/tag\/ct?refer=embed\">#CT<\/a> <a title=\"nj\" target=\"_blank\" href=\"https:\/\/www.tiktok.com\/tag\/nj?refer=embed\">#NJ<\/a> #<a title=\"manhattan\" target=\"_blank\" href=\"https:\/\/www.tiktok.com\/tag\/manhattan?refer=embed\">#manhattan<\/a>#<a title=\"thebronx\" target=\"_blank\" href=\"https:\/\/www.tiktok.com\/tag\/thebronx?refer=embed\">#thebronx<\/a>#<a title=\"queens\" target=\"_blank\" href=\"https:\/\/www.tiktok.com\/tag\/queens?refer=embed\">#queens<\/a>#<a title=\"brooklyn\" target=\"_blank\" href=\"https:\/\/www.tiktok.com\/tag\/brooklyn?refer=embed\">#brooklyn<\/a>#<a title=\"statenisalnd\" target=\"_blank\" href=\"https:\/\/www.tiktok.com\/tag\/statenisalnd?refer=embed\">#statenisalnd<\/a>#<a title=\"longisland\" target=\"_blank\" href=\"https:\/\/www.tiktok.com\/tag\/longisland?refer=embed\">#longisland<\/a>#<a title=\"westchesterny\" target=\"_blank\" href=\"https:\/\/www.tiktok.com\/tag\/westchesterny?refer=embed\">#westchesterny<\/a> <a target=\"_blank\" title=\"\u266c original sound - Villa Barone Manor\" href=\"https:\/\/www.tiktok.com\/music\/original-sound-7458897128925023018?refer=embed\">\u266c original sound &#8211; Villa Barone Manor<\/a> <\/section> <\/blockquote> <script async src=\"https:\/\/www.tiktok.com\/embed.js\"><\/script>\n","protected":false},"excerpt":{"rendered":"<p>El video de un momento en dicha fiesta caus\u00f3 gran furor entre la comunidad y esto fue lo que se vivi\u00f3 en aquella noche. Las fiestas de XV a\u00f1os en M\u00e9xico son un momento sumamente importante en la vida de muchas jovencitas, quienes viven la emoci\u00f3n de &#8216;brillar&#8217; en aquel d\u00eda tan especial, sobre todo [&hellip;]<\/p>\n","protected":false},"author":9,"featured_media":99519,"comment_status":"open","ping_status":"open","sticky":false,"template":"","format":"standard","meta":{"tdm_status":"","tdm_grid_status":"","footnotes":""},"categories":[40],"tags":[],"class_list":{"0":"post-99518","1":"post","2":"type-post","3":"status-publish","4":"format-standard","5":"has-post-thumbnail","7":"category-las-asombrosas"},"yoast_head":"<!-- This site is optimized with the Yoast SEO plugin v27.5 - https:\/\/yoast.com\/product\/yoast-seo-wordpress\/ -->\n<title>Fiesta de \u2018Dulces 16 a\u00f1os\u2019 se vuelve viral por EXTREMO LUJO: &quot;eso vale mi casa&quot; | VIDEO - Fuentes Fidedignas<\/title>\n<meta name=\"robots\" content=\"index, follow, max-snippet:-1, max-image-preview:large, max-video-preview:-1\" \/>\n<link rel=\"canonical\" href=\"https:\/\/fuentesfidedignas.com.mx\/index.php\/2025\/01\/17\/fiesta-de-dulces-16-anos-se-vuelve-viral-por-extremo-lujo-eso-vale-mi-casa-video\/\" \/>\n<meta property=\"og:locale\" content=\"es_MX\" \/>\n<meta property=\"og:type\" content=\"article\" \/>\n<meta property=\"og:title\" content=\"Fiesta de \u2018Dulces 16 a\u00f1os\u2019 se vuelve viral por EXTREMO LUJO: &quot;eso vale mi casa&quot; | VIDEO - Fuentes Fidedignas\" \/>\n<meta property=\"og:description\" content=\"El video de un momento en dicha fiesta caus\u00f3 gran furor entre la comunidad y esto fue lo que se vivi\u00f3 en aquella noche. Las fiestas de XV a\u00f1os en M\u00e9xico son un momento sumamente importante en la vida de muchas jovencitas, quienes viven la emoci\u00f3n de &#8216;brillar&#8217; en aquel d\u00eda tan especial, sobre todo [&hellip;]\" \/>\n<meta property=\"og:url\" content=\"https:\/\/fuentesfidedignas.com.mx\/index.php\/2025\/01\/17\/fiesta-de-dulces-16-anos-se-vuelve-viral-por-extremo-lujo-eso-vale-mi-casa-video\/\" \/>\n<meta property=\"og:site_name\" content=\"Fuentes Fidedignas\" \/>\n<meta property=\"article:publisher\" content=\"https:\/\/www.facebook.com\/Fuentes-Fidedignas-368234489921644\" \/>\n<meta property=\"article:published_time\" content=\"2025-01-17T11:52:00+00:00\" \/>\n<meta property=\"og:image\" content=\"https:\/\/fuentesfidedignas.com.mx\/wp-content\/uploads\/2025\/01\/dulces_16.jpg\" \/>\n\t<meta property=\"og:image:width\" content=\"600\" \/>\n\t<meta property=\"og:image:height\" content=\"371\" \/>\n\t<meta property=\"og:image:type\" content=\"image\/jpeg\" \/>\n<meta name=\"author\" content=\"Milenio\" \/>\n<meta name=\"twitter:card\" content=\"summary_large_image\" \/>\n<meta name=\"twitter:creator\" content=\"@fidedignas\" \/>\n<meta name=\"twitter:site\" content=\"@fidedignas\" \/>\n<meta name=\"twitter:label1\" content=\"Escrito por\" \/>\n\t<meta name=\"twitter:data1\" content=\"Milenio\" \/>\n\t<meta name=\"twitter:label2\" content=\"Tiempo de lectura\" \/>\n\t<meta name=\"twitter:data2\" content=\"3 minutos\" \/>\n<script type=\"application\/ld+json\" class=\"yoast-schema-graph\">{\"@context\":\"https:\\\/\\\/schema.org\",\"@graph\":[{\"@type\":\"Article\",\"@id\":\"https:\\\/\\\/fuentesfidedignas.com.mx\\\/index.php\\\/2025\\\/01\\\/17\\\/fiesta-de-dulces-16-anos-se-vuelve-viral-por-extremo-lujo-eso-vale-mi-casa-video\\\/#article\",\"isPartOf\":{\"@id\":\"https:\\\/\\\/fuentesfidedignas.com.mx\\\/index.php\\\/2025\\\/01\\\/17\\\/fiesta-de-dulces-16-anos-se-vuelve-viral-por-extremo-lujo-eso-vale-mi-casa-video\\\/\"},\"author\":{\"name\":\"Milenio\",\"@id\":\"https:\\\/\\\/fuentesfidedignas.com.mx\\\/#\\\/schema\\\/person\\\/47ec0135738f4b0c7495f06a77a2c976\"},\"headline\":\"Fiesta de \u2018Dulces 16 a\u00f1os\u2019 se vuelve viral por EXTREMO LUJO: &#8220;eso vale mi casa&#8221; | VIDEO\",\"datePublished\":\"2025-01-17T11:52:00+00:00\",\"mainEntityOfPage\":{\"@id\":\"https:\\\/\\\/fuentesfidedignas.com.mx\\\/index.php\\\/2025\\\/01\\\/17\\\/fiesta-de-dulces-16-anos-se-vuelve-viral-por-extremo-lujo-eso-vale-mi-casa-video\\\/\"},\"wordCount\":563,\"commentCount\":0,\"publisher\":{\"@id\":\"https:\\\/\\\/fuentesfidedignas.com.mx\\\/#organization\"},\"image\":{\"@id\":\"https:\\\/\\\/fuentesfidedignas.com.mx\\\/index.php\\\/2025\\\/01\\\/17\\\/fiesta-de-dulces-16-anos-se-vuelve-viral-por-extremo-lujo-eso-vale-mi-casa-video\\\/#primaryimage\"},\"thumbnailUrl\":\"https:\\\/\\\/fuentesfidedignas.com.mx\\\/wp-content\\\/uploads\\\/2025\\\/01\\\/dulces_16.jpg\",\"articleSection\":[\"LAS ASOMBROSAS\"],\"inLanguage\":\"es\",\"potentialAction\":[{\"@type\":\"CommentAction\",\"name\":\"Comment\",\"target\":[\"https:\\\/\\\/fuentesfidedignas.com.mx\\\/index.php\\\/2025\\\/01\\\/17\\\/fiesta-de-dulces-16-anos-se-vuelve-viral-por-extremo-lujo-eso-vale-mi-casa-video\\\/#respond\"]}]},{\"@type\":\"WebPage\",\"@id\":\"https:\\\/\\\/fuentesfidedignas.com.mx\\\/index.php\\\/2025\\\/01\\\/17\\\/fiesta-de-dulces-16-anos-se-vuelve-viral-por-extremo-lujo-eso-vale-mi-casa-video\\\/\",\"url\":\"https:\\\/\\\/fuentesfidedignas.com.mx\\\/index.php\\\/2025\\\/01\\\/17\\\/fiesta-de-dulces-16-anos-se-vuelve-viral-por-extremo-lujo-eso-vale-mi-casa-video\\\/\",\"name\":\"Fiesta de \u2018Dulces 16 a\u00f1os\u2019 se vuelve viral por EXTREMO LUJO: \\\"eso vale mi casa\\\" | VIDEO - Fuentes Fidedignas\",\"isPartOf\":{\"@id\":\"https:\\\/\\\/fuentesfidedignas.com.mx\\\/#website\"},\"primaryImageOfPage\":{\"@id\":\"https:\\\/\\\/fuentesfidedignas.com.mx\\\/index.php\\\/2025\\\/01\\\/17\\\/fiesta-de-dulces-16-anos-se-vuelve-viral-por-extremo-lujo-eso-vale-mi-casa-video\\\/#primaryimage\"},\"image\":{\"@id\":\"https:\\\/\\\/fuentesfidedignas.com.mx\\\/index.php\\\/2025\\\/01\\\/17\\\/fiesta-de-dulces-16-anos-se-vuelve-viral-por-extremo-lujo-eso-vale-mi-casa-video\\\/#primaryimage\"},\"thumbnailUrl\":\"https:\\\/\\\/fuentesfidedignas.com.mx\\\/wp-content\\\/uploads\\\/2025\\\/01\\\/dulces_16.jpg\",\"datePublished\":\"2025-01-17T11:52:00+00:00\",\"breadcrumb\":{\"@id\":\"https:\\\/\\\/fuentesfidedignas.com.mx\\\/index.php\\\/2025\\\/01\\\/17\\\/fiesta-de-dulces-16-anos-se-vuelve-viral-por-extremo-lujo-eso-vale-mi-casa-video\\\/#breadcrumb\"},\"inLanguage\":\"es\",\"potentialAction\":[{\"@type\":\"ReadAction\",\"target\":[\"https:\\\/\\\/fuentesfidedignas.com.mx\\\/index.php\\\/2025\\\/01\\\/17\\\/fiesta-de-dulces-16-anos-se-vuelve-viral-por-extremo-lujo-eso-vale-mi-casa-video\\\/\"]}]},{\"@type\":\"ImageObject\",\"inLanguage\":\"es\",\"@id\":\"https:\\\/\\\/fuentesfidedignas.com.mx\\\/index.php\\\/2025\\\/01\\\/17\\\/fiesta-de-dulces-16-anos-se-vuelve-viral-por-extremo-lujo-eso-vale-mi-casa-video\\\/#primaryimage\",\"url\":\"https:\\\/\\\/fuentesfidedignas.com.mx\\\/wp-content\\\/uploads\\\/2025\\\/01\\\/dulces_16.jpg\",\"contentUrl\":\"https:\\\/\\\/fuentesfidedignas.com.mx\\\/wp-content\\\/uploads\\\/2025\\\/01\\\/dulces_16.jpg\",\"width\":600,\"height\":371},{\"@type\":\"BreadcrumbList\",\"@id\":\"https:\\\/\\\/fuentesfidedignas.com.mx\\\/index.php\\\/2025\\\/01\\\/17\\\/fiesta-de-dulces-16-anos-se-vuelve-viral-por-extremo-lujo-eso-vale-mi-casa-video\\\/#breadcrumb\",\"itemListElement\":[{\"@type\":\"ListItem\",\"position\":1,\"name\":\"Inicio\",\"item\":\"https:\\\/\\\/fuentesfidedignas.com.mx\\\/\"},{\"@type\":\"ListItem\",\"position\":2,\"name\":\"Fiesta de \u2018Dulces 16 a\u00f1os\u2019 se vuelve viral por EXTREMO LUJO: &#8220;eso vale mi casa&#8221; | VIDEO\"}]},{\"@type\":\"WebSite\",\"@id\":\"https:\\\/\\\/fuentesfidedignas.com.mx\\\/#website\",\"url\":\"https:\\\/\\\/fuentesfidedignas.com.mx\\\/\",\"name\":\"Fuentes Fidedignas\",\"description\":\"Otro sitio realizado con WordPress\",\"publisher\":{\"@id\":\"https:\\\/\\\/fuentesfidedignas.com.mx\\\/#organization\"},\"potentialAction\":[{\"@type\":\"SearchAction\",\"target\":{\"@type\":\"EntryPoint\",\"urlTemplate\":\"https:\\\/\\\/fuentesfidedignas.com.mx\\\/?s={search_term_string}\"},\"query-input\":{\"@type\":\"PropertyValueSpecification\",\"valueRequired\":true,\"valueName\":\"search_term_string\"}}],\"inLanguage\":\"es\"},{\"@type\":\"Organization\",\"@id\":\"https:\\\/\\\/fuentesfidedignas.com.mx\\\/#organization\",\"name\":\"Fuentes Fidedignas\",\"url\":\"https:\\\/\\\/fuentesfidedignas.com.mx\\\/\",\"logo\":{\"@type\":\"ImageObject\",\"inLanguage\":\"es\",\"@id\":\"https:\\\/\\\/fuentesfidedignas.com.mx\\\/#\\\/schema\\\/logo\\\/image\\\/\",\"url\":\"https:\\\/\\\/fuentesfidedignas.com.mx\\\/wp-content\\\/uploads\\\/2021\\\/04\\\/logo-retina.png\",\"contentUrl\":\"https:\\\/\\\/fuentesfidedignas.com.mx\\\/wp-content\\\/uploads\\\/2021\\\/04\\\/logo-retina.png\",\"width\":280,\"height\":51,\"caption\":\"Fuentes Fidedignas\"},\"image\":{\"@id\":\"https:\\\/\\\/fuentesfidedignas.com.mx\\\/#\\\/schema\\\/logo\\\/image\\\/\"},\"sameAs\":[\"https:\\\/\\\/www.facebook.com\\\/Fuentes-Fidedignas-368234489921644\",\"https:\\\/\\\/x.com\\\/fidedignas\"]},{\"@type\":\"Person\",\"@id\":\"https:\\\/\\\/fuentesfidedignas.com.mx\\\/#\\\/schema\\\/person\\\/47ec0135738f4b0c7495f06a77a2c976\",\"name\":\"Milenio\",\"image\":{\"@type\":\"ImageObject\",\"inLanguage\":\"es\",\"@id\":\"https:\\\/\\\/secure.gravatar.com\\\/avatar\\\/acabf7b54753e51c2c76457954577c236b3b764789b19879565769739d1e4a75?s=96&d=mm&r=g\",\"url\":\"https:\\\/\\\/secure.gravatar.com\\\/avatar\\\/acabf7b54753e51c2c76457954577c236b3b764789b19879565769739d1e4a75?s=96&d=mm&r=g\",\"contentUrl\":\"https:\\\/\\\/secure.gravatar.com\\\/avatar\\\/acabf7b54753e51c2c76457954577c236b3b764789b19879565769739d1e4a75?s=96&d=mm&r=g\",\"caption\":\"Milenio\"},\"url\":\"https:\\\/\\\/fuentesfidedignas.com.mx\\\/index.php\\\/author\\\/milenio\\\/\"}]}<\/script>\n<!-- \/ Yoast SEO plugin. -->","yoast_head_json":{"title":"Fiesta de \u2018Dulces 16 a\u00f1os\u2019 se vuelve viral por EXTREMO LUJO: \"eso vale mi casa\" | VIDEO - Fuentes Fidedignas","robots":{"index":"index","follow":"follow","max-snippet":"max-snippet:-1","max-image-preview":"max-image-preview:large","max-video-preview":"max-video-preview:-1"},"canonical":"https:\/\/fuentesfidedignas.com.mx\/index.php\/2025\/01\/17\/fiesta-de-dulces-16-anos-se-vuelve-viral-por-extremo-lujo-eso-vale-mi-casa-video\/","og_locale":"es_MX","og_type":"article","og_title":"Fiesta de \u2018Dulces 16 a\u00f1os\u2019 se vuelve viral por EXTREMO LUJO: \"eso vale mi casa\" | VIDEO - Fuentes Fidedignas","og_description":"El video de un momento en dicha fiesta caus\u00f3 gran furor entre la comunidad y esto fue lo que se vivi\u00f3 en aquella noche. Las fiestas de XV a\u00f1os en M\u00e9xico son un momento sumamente importante en la vida de muchas jovencitas, quienes viven la emoci\u00f3n de &#8216;brillar&#8217; en aquel d\u00eda tan especial, sobre todo [&hellip;]","og_url":"https:\/\/fuentesfidedignas.com.mx\/index.php\/2025\/01\/17\/fiesta-de-dulces-16-anos-se-vuelve-viral-por-extremo-lujo-eso-vale-mi-casa-video\/","og_site_name":"Fuentes Fidedignas","article_publisher":"https:\/\/www.facebook.com\/Fuentes-Fidedignas-368234489921644","article_published_time":"2025-01-17T11:52:00+00:00","og_image":[{"width":600,"height":371,"url":"https:\/\/fuentesfidedignas.com.mx\/wp-content\/uploads\/2025\/01\/dulces_16.jpg","type":"image\/jpeg"}],"author":"Milenio","twitter_card":"summary_large_image","twitter_creator":"@fidedignas","twitter_site":"@fidedignas","twitter_misc":{"Escrito por":"Milenio","Tiempo de lectura":"3 minutos"},"schema":{"@context":"https:\/\/schema.org","@graph":[{"@type":"Article","@id":"https:\/\/fuentesfidedignas.com.mx\/index.php\/2025\/01\/17\/fiesta-de-dulces-16-anos-se-vuelve-viral-por-extremo-lujo-eso-vale-mi-casa-video\/#article","isPartOf":{"@id":"https:\/\/fuentesfidedignas.com.mx\/index.php\/2025\/01\/17\/fiesta-de-dulces-16-anos-se-vuelve-viral-por-extremo-lujo-eso-vale-mi-casa-video\/"},"author":{"name":"Milenio","@id":"https:\/\/fuentesfidedignas.com.mx\/#\/schema\/person\/47ec0135738f4b0c7495f06a77a2c976"},"headline":"Fiesta de \u2018Dulces 16 a\u00f1os\u2019 se vuelve viral por EXTREMO LUJO: &#8220;eso vale mi casa&#8221; | VIDEO","datePublished":"2025-01-17T11:52:00+00:00","mainEntityOfPage":{"@id":"https:\/\/fuentesfidedignas.com.mx\/index.php\/2025\/01\/17\/fiesta-de-dulces-16-anos-se-vuelve-viral-por-extremo-lujo-eso-vale-mi-casa-video\/"},"wordCount":563,"commentCount":0,"publisher":{"@id":"https:\/\/fuentesfidedignas.com.mx\/#organization"},"image":{"@id":"https:\/\/fuentesfidedignas.com.mx\/index.php\/2025\/01\/17\/fiesta-de-dulces-16-anos-se-vuelve-viral-por-extremo-lujo-eso-vale-mi-casa-video\/#primaryimage"},"thumbnailUrl":"https:\/\/fuentesfidedignas.com.mx\/wp-content\/uploads\/2025\/01\/dulces_16.jpg","articleSection":["LAS ASOMBROSAS"],"inLanguage":"es","potentialAction":[{"@type":"CommentAction","name":"Comment","target":["https:\/\/fuentesfidedignas.com.mx\/index.php\/2025\/01\/17\/fiesta-de-dulces-16-anos-se-vuelve-viral-por-extremo-lujo-eso-vale-mi-casa-video\/#respond"]}]},{"@type":"WebPage","@id":"https:\/\/fuentesfidedignas.com.mx\/index.php\/2025\/01\/17\/fiesta-de-dulces-16-anos-se-vuelve-viral-por-extremo-lujo-eso-vale-mi-casa-video\/","url":"https:\/\/fuentesfidedignas.com.mx\/index.php\/2025\/01\/17\/fiesta-de-dulces-16-anos-se-vuelve-viral-por-extremo-lujo-eso-vale-mi-casa-video\/","name":"Fiesta de \u2018Dulces 16 a\u00f1os\u2019 se vuelve viral por EXTREMO LUJO: \"eso vale mi casa\" | VIDEO - Fuentes Fidedignas","isPartOf":{"@id":"https:\/\/fuentesfidedignas.com.mx\/#website"},"primaryImageOfPage":{"@id":"https:\/\/fuentesfidedignas.com.mx\/index.php\/2025\/01\/17\/fiesta-de-dulces-16-anos-se-vuelve-viral-por-extremo-lujo-eso-vale-mi-casa-video\/#primaryimage"},"image":{"@id":"https:\/\/fuentesfidedignas.com.mx\/index.php\/2025\/01\/17\/fiesta-de-dulces-16-anos-se-vuelve-viral-por-extremo-lujo-eso-vale-mi-casa-video\/#primaryimage"},"thumbnailUrl":"https:\/\/fuentesfidedignas.com.mx\/wp-content\/uploads\/2025\/01\/dulces_16.jpg","datePublished":"2025-01-17T11:52:00+00:00","breadcrumb":{"@id":"https:\/\/fuentesfidedignas.com.mx\/index.php\/2025\/01\/17\/fiesta-de-dulces-16-anos-se-vuelve-viral-por-extremo-lujo-eso-vale-mi-casa-video\/#breadcrumb"},"inLanguage":"es","potentialAction":[{"@type":"ReadAction","target":["https:\/\/fuentesfidedignas.com.mx\/index.php\/2025\/01\/17\/fiesta-de-dulces-16-anos-se-vuelve-viral-por-extremo-lujo-eso-vale-mi-casa-video\/"]}]},{"@type":"ImageObject","inLanguage":"es","@id":"https:\/\/fuentesfidedignas.com.mx\/index.php\/2025\/01\/17\/fiesta-de-dulces-16-anos-se-vuelve-viral-por-extremo-lujo-eso-vale-mi-casa-video\/#primaryimage","url":"https:\/\/fuentesfidedignas.com.mx\/wp-content\/uploads\/2025\/01\/dulces_16.jpg","contentUrl":"https:\/\/fuentesfidedignas.com.mx\/wp-content\/uploads\/2025\/01\/dulces_16.jpg","width":600,"height":371},{"@type":"BreadcrumbList","@id":"https:\/\/fuentesfidedignas.com.mx\/index.php\/2025\/01\/17\/fiesta-de-dulces-16-anos-se-vuelve-viral-por-extremo-lujo-eso-vale-mi-casa-video\/#breadcrumb","itemListElement":[{"@type":"ListItem","position":1,"name":"Inicio","item":"https:\/\/fuentesfidedignas.com.mx\/"},{"@type":"ListItem","position":2,"name":"Fiesta de \u2018Dulces 16 a\u00f1os\u2019 se vuelve viral por EXTREMO LUJO: &#8220;eso vale mi casa&#8221; | VIDEO"}]},{"@type":"WebSite","@id":"https:\/\/fuentesfidedignas.com.mx\/#website","url":"https:\/\/fuentesfidedignas.com.mx\/","name":"Fuentes Fidedignas","description":"Otro sitio realizado con WordPress","publisher":{"@id":"https:\/\/fuentesfidedignas.com.mx\/#organization"},"potentialAction":[{"@type":"SearchAction","target":{"@type":"EntryPoint","urlTemplate":"https:\/\/fuentesfidedignas.com.mx\/?s={search_term_string}"},"query-input":{"@type":"PropertyValueSpecification","valueRequired":true,"valueName":"search_term_string"}}],"inLanguage":"es"},{"@type":"Organization","@id":"https:\/\/fuentesfidedignas.com.mx\/#organization","name":"Fuentes Fidedignas","url":"https:\/\/fuentesfidedignas.com.mx\/","logo":{"@type":"ImageObject","inLanguage":"es","@id":"https:\/\/fuentesfidedignas.com.mx\/#\/schema\/logo\/image\/","url":"https:\/\/fuentesfidedignas.com.mx\/wp-content\/uploads\/2021\/04\/logo-retina.png","contentUrl":"https:\/\/fuentesfidedignas.com.mx\/wp-content\/uploads\/2021\/04\/logo-retina.png","width":280,"height":51,"caption":"Fuentes Fidedignas"},"image":{"@id":"https:\/\/fuentesfidedignas.com.mx\/#\/schema\/logo\/image\/"},"sameAs":["https:\/\/www.facebook.com\/Fuentes-Fidedignas-368234489921644","https:\/\/x.com\/fidedignas"]},{"@type":"Person","@id":"https:\/\/fuentesfidedignas.com.mx\/#\/schema\/person\/47ec0135738f4b0c7495f06a77a2c976","name":"Milenio","image":{"@type":"ImageObject","inLanguage":"es","@id":"https:\/\/secure.gravatar.com\/avatar\/acabf7b54753e51c2c76457954577c236b3b764789b19879565769739d1e4a75?s=96&d=mm&r=g","url":"https:\/\/secure.gravatar.com\/avatar\/acabf7b54753e51c2c76457954577c236b3b764789b19879565769739d1e4a75?s=96&d=mm&r=g","contentUrl":"https:\/\/secure.gravatar.com\/avatar\/acabf7b54753e51c2c76457954577c236b3b764789b19879565769739d1e4a75?s=96&d=mm&r=g","caption":"Milenio"},"url":"https:\/\/fuentesfidedignas.com.mx\/index.php\/author\/milenio\/"}]}},"_links":{"self":[{"href":"https:\/\/fuentesfidedignas.com.mx\/index.php\/wp-json\/wp\/v2\/posts\/99518","targetHints":{"allow":["GET"]}}],"collection":[{"href":"https:\/\/fuentesfidedignas.com.mx\/index.php\/wp-json\/wp\/v2\/posts"}],"about":[{"href":"https:\/\/fuentesfidedignas.com.mx\/index.php\/wp-json\/wp\/v2\/types\/post"}],"author":[{"embeddable":true,"href":"https:\/\/fuentesfidedignas.com.mx\/index.php\/wp-json\/wp\/v2\/users\/9"}],"replies":[{"embeddable":true,"href":"https:\/\/fuentesfidedignas.com.mx\/index.php\/wp-json\/wp\/v2\/comments?post=99518"}],"version-history":[{"count":1,"href":"https:\/\/fuentesfidedignas.com.mx\/index.php\/wp-json\/wp\/v2\/posts\/99518\/revisions"}],"predecessor-version":[{"id":99520,"href":"https:\/\/fuentesfidedignas.com.mx\/index.php\/wp-json\/wp\/v2\/posts\/99518\/revisions\/99520"}],"wp:featuredmedia":[{"embeddable":true,"href":"https:\/\/fuentesfidedignas.com.mx\/index.php\/wp-json\/wp\/v2\/media\/99519"}],"wp:attachment":[{"href":"https:\/\/fuentesfidedignas.com.mx\/index.php\/wp-json\/wp\/v2\/media?parent=99518"}],"wp:term":[{"taxonomy":"category","embeddable":true,"href":"https:\/\/fuentesfidedignas.com.mx\/index.php\/wp-json\/wp\/v2\/categories?post=99518"},{"taxonomy":"post_tag","embeddable":true,"href":"https:\/\/fuentesfidedignas.com.mx\/index.php\/wp-json\/wp\/v2\/tags?post=99518"}],"curies":[{"name":"wp","href":"https:\/\/api.w.org\/{rel}","templated":true}]}}