{"id":99488,"date":"2025-01-16T13:53:42","date_gmt":"2025-01-16T20:53:42","guid":{"rendered":"https:\/\/fuentesfidedignas.com.mx\/?p=99488"},"modified":"2025-01-16T13:53:44","modified_gmt":"2025-01-16T20:53:44","slug":"detienen-a-billy-alvarez-ex-directivo-de-cooperativa-cruz-azul","status":"publish","type":"post","link":"https:\/\/fuentesfidedignas.com.mx\/index.php\/2025\/01\/16\/detienen-a-billy-alvarez-ex-directivo-de-cooperativa-cruz-azul\/","title":{"rendered":"Detienen a &#8216;Billy&#8217; \u00c1lvarez, ex directivo de Cooperativa Cruz Azul"},"content":{"rendered":"\n<p><strong><em>El ex directivo contaba con una orden de detenci\u00f3n por delincuencia organizada y operaciones con recursos de procedencia il\u00edcita.<\/em><\/strong><\/p>\n\n\n\n<p>La Fiscal\u00eda General de la Rep\u00fablica (FGR) captur\u00f3 al ex presidente de la Cooperativa Cruz Azul, Guillermo&nbsp;Billy \u00c1lvarez Cuevas, tras casi cinco a\u00f1os de permanecer pr\u00f3fugo de la justicia, revelaron funcionarios del gobierno federal.<\/p>\n\n\n\n<p>Billy \u00c1lvarez era buscado a nivel federal por los presuntos delitos de delincuencia organizada y operaciones con recursos de procedencia il\u00edcita, y en el fuero com\u00fan por fraude.<\/p>\n\n\n\n<p>En mayo de 2022, el ex directivo reapareci\u00f3 a trav\u00e9s de un video difundido en redes sociales, donde dijo que lamentaba la situaci\u00f3n en la que se ha visto envuelta la cooperativa. Dijo que no hab\u00eda podido estar cerca de los compa\u00f1eros de su organizaci\u00f3n y mucho menos generar un cambio de impresiones y sobre todo que conozcan su versi\u00f3n de los hechos.<\/p>\n\n\n\n<p>La orden de captura fue librada por un juez de control del Centro de Justicia Penal Federal con sede en el penal de m\u00e1xima seguridad del Altiplano, en el Estado de M\u00e9xico.<\/p>\n","protected":false},"excerpt":{"rendered":"<p>El ex directivo contaba con una orden de detenci\u00f3n por delincuencia organizada y operaciones con recursos de procedencia il\u00edcita. La Fiscal\u00eda General de la Rep\u00fablica (FGR) captur\u00f3 al ex presidente de la Cooperativa Cruz Azul, Guillermo&nbsp;Billy \u00c1lvarez Cuevas, tras casi cinco a\u00f1os de permanecer pr\u00f3fugo de la justicia, revelaron funcionarios del gobierno federal. Billy \u00c1lvarez [&hellip;]<\/p>\n","protected":false},"author":9,"featured_media":99489,"comment_status":"open","ping_status":"open","sticky":false,"template":"","format":"standard","meta":{"tdm_status":"","tdm_grid_status":"","footnotes":""},"categories":[39],"tags":[],"class_list":{"0":"post-99488","1":"post","2":"type-post","3":"status-publish","4":"format-standard","5":"has-post-thumbnail","7":"category-noticias-nacionales"},"yoast_head":"<!-- This site is optimized with the Yoast SEO plugin v27.5 - https:\/\/yoast.com\/product\/yoast-seo-wordpress\/ -->\n<title>Detienen a &#039;Billy&#039; \u00c1lvarez, ex directivo de Cooperativa Cruz Azul - Fuentes Fidedignas<\/title>\n<meta name=\"robots\" content=\"index, follow, max-snippet:-1, max-image-preview:large, max-video-preview:-1\" \/>\n<link rel=\"canonical\" href=\"https:\/\/fuentesfidedignas.com.mx\/index.php\/2025\/01\/16\/detienen-a-billy-alvarez-ex-directivo-de-cooperativa-cruz-azul\/\" \/>\n<meta property=\"og:locale\" content=\"es_MX\" \/>\n<meta property=\"og:type\" content=\"article\" \/>\n<meta property=\"og:title\" content=\"Detienen a &#039;Billy&#039; \u00c1lvarez, ex directivo de Cooperativa Cruz Azul - Fuentes Fidedignas\" \/>\n<meta property=\"og:description\" content=\"El ex directivo contaba con una orden de detenci\u00f3n por delincuencia organizada y operaciones con recursos de procedencia il\u00edcita. La Fiscal\u00eda General de la Rep\u00fablica (FGR) captur\u00f3 al ex presidente de la Cooperativa Cruz Azul, Guillermo&nbsp;Billy \u00c1lvarez Cuevas, tras casi cinco a\u00f1os de permanecer pr\u00f3fugo de la justicia, revelaron funcionarios del gobierno federal. Billy \u00c1lvarez [&hellip;]\" \/>\n<meta property=\"og:url\" content=\"https:\/\/fuentesfidedignas.com.mx\/index.php\/2025\/01\/16\/detienen-a-billy-alvarez-ex-directivo-de-cooperativa-cruz-azul\/\" \/>\n<meta property=\"og:site_name\" content=\"Fuentes Fidedignas\" \/>\n<meta property=\"article:publisher\" content=\"https:\/\/www.facebook.com\/Fuentes-Fidedignas-368234489921644\" \/>\n<meta property=\"article:published_time\" content=\"2025-01-16T20:53:42+00:00\" \/>\n<meta property=\"article:modified_time\" content=\"2025-01-16T20:53:44+00:00\" \/>\n<meta property=\"og:image\" content=\"https:\/\/fuentesfidedignas.com.mx\/wp-content\/uploads\/2025\/01\/Billy-Alvarez.jpg\" \/>\n\t<meta property=\"og:image:width\" content=\"716\" \/>\n\t<meta property=\"og:image:height\" content=\"403\" \/>\n\t<meta property=\"og:image:type\" content=\"image\/jpeg\" \/>\n<meta name=\"author\" content=\"Milenio\" \/>\n<meta name=\"twitter:card\" content=\"summary_large_image\" \/>\n<meta name=\"twitter:creator\" content=\"@fidedignas\" \/>\n<meta name=\"twitter:site\" content=\"@fidedignas\" \/>\n<meta name=\"twitter:label1\" content=\"Escrito por\" \/>\n\t<meta name=\"twitter:data1\" content=\"Milenio\" \/>\n\t<meta name=\"twitter:label2\" content=\"Tiempo de lectura\" \/>\n\t<meta name=\"twitter:data2\" content=\"2 minutos\" \/>\n<script type=\"application\/ld+json\" class=\"yoast-schema-graph\">{\"@context\":\"https:\\\/\\\/schema.org\",\"@graph\":[{\"@type\":\"Article\",\"@id\":\"https:\\\/\\\/fuentesfidedignas.com.mx\\\/index.php\\\/2025\\\/01\\\/16\\\/detienen-a-billy-alvarez-ex-directivo-de-cooperativa-cruz-azul\\\/#article\",\"isPartOf\":{\"@id\":\"https:\\\/\\\/fuentesfidedignas.com.mx\\\/index.php\\\/2025\\\/01\\\/16\\\/detienen-a-billy-alvarez-ex-directivo-de-cooperativa-cruz-azul\\\/\"},\"author\":{\"name\":\"Milenio\",\"@id\":\"https:\\\/\\\/fuentesfidedignas.com.mx\\\/#\\\/schema\\\/person\\\/47ec0135738f4b0c7495f06a77a2c976\"},\"headline\":\"Detienen a &#8216;Billy&#8217; \u00c1lvarez, ex directivo de Cooperativa Cruz Azul\",\"datePublished\":\"2025-01-16T20:53:42+00:00\",\"dateModified\":\"2025-01-16T20:53:44+00:00\",\"mainEntityOfPage\":{\"@id\":\"https:\\\/\\\/fuentesfidedignas.com.mx\\\/index.php\\\/2025\\\/01\\\/16\\\/detienen-a-billy-alvarez-ex-directivo-de-cooperativa-cruz-azul\\\/\"},\"wordCount\":203,\"commentCount\":0,\"publisher\":{\"@id\":\"https:\\\/\\\/fuentesfidedignas.com.mx\\\/#organization\"},\"image\":{\"@id\":\"https:\\\/\\\/fuentesfidedignas.com.mx\\\/index.php\\\/2025\\\/01\\\/16\\\/detienen-a-billy-alvarez-ex-directivo-de-cooperativa-cruz-azul\\\/#primaryimage\"},\"thumbnailUrl\":\"https:\\\/\\\/fuentesfidedignas.com.mx\\\/wp-content\\\/uploads\\\/2025\\\/01\\\/Billy-Alvarez.jpg\",\"articleSection\":[\"NOTICIAS NACIONALES\"],\"inLanguage\":\"es\",\"potentialAction\":[{\"@type\":\"CommentAction\",\"name\":\"Comment\",\"target\":[\"https:\\\/\\\/fuentesfidedignas.com.mx\\\/index.php\\\/2025\\\/01\\\/16\\\/detienen-a-billy-alvarez-ex-directivo-de-cooperativa-cruz-azul\\\/#respond\"]}]},{\"@type\":\"WebPage\",\"@id\":\"https:\\\/\\\/fuentesfidedignas.com.mx\\\/index.php\\\/2025\\\/01\\\/16\\\/detienen-a-billy-alvarez-ex-directivo-de-cooperativa-cruz-azul\\\/\",\"url\":\"https:\\\/\\\/fuentesfidedignas.com.mx\\\/index.php\\\/2025\\\/01\\\/16\\\/detienen-a-billy-alvarez-ex-directivo-de-cooperativa-cruz-azul\\\/\",\"name\":\"Detienen a 'Billy' \u00c1lvarez, ex directivo de Cooperativa Cruz Azul - Fuentes Fidedignas\",\"isPartOf\":{\"@id\":\"https:\\\/\\\/fuentesfidedignas.com.mx\\\/#website\"},\"primaryImageOfPage\":{\"@id\":\"https:\\\/\\\/fuentesfidedignas.com.mx\\\/index.php\\\/2025\\\/01\\\/16\\\/detienen-a-billy-alvarez-ex-directivo-de-cooperativa-cruz-azul\\\/#primaryimage\"},\"image\":{\"@id\":\"https:\\\/\\\/fuentesfidedignas.com.mx\\\/index.php\\\/2025\\\/01\\\/16\\\/detienen-a-billy-alvarez-ex-directivo-de-cooperativa-cruz-azul\\\/#primaryimage\"},\"thumbnailUrl\":\"https:\\\/\\\/fuentesfidedignas.com.mx\\\/wp-content\\\/uploads\\\/2025\\\/01\\\/Billy-Alvarez.jpg\",\"datePublished\":\"2025-01-16T20:53:42+00:00\",\"dateModified\":\"2025-01-16T20:53:44+00:00\",\"breadcrumb\":{\"@id\":\"https:\\\/\\\/fuentesfidedignas.com.mx\\\/index.php\\\/2025\\\/01\\\/16\\\/detienen-a-billy-alvarez-ex-directivo-de-cooperativa-cruz-azul\\\/#breadcrumb\"},\"inLanguage\":\"es\",\"potentialAction\":[{\"@type\":\"ReadAction\",\"target\":[\"https:\\\/\\\/fuentesfidedignas.com.mx\\\/index.php\\\/2025\\\/01\\\/16\\\/detienen-a-billy-alvarez-ex-directivo-de-cooperativa-cruz-azul\\\/\"]}]},{\"@type\":\"ImageObject\",\"inLanguage\":\"es\",\"@id\":\"https:\\\/\\\/fuentesfidedignas.com.mx\\\/index.php\\\/2025\\\/01\\\/16\\\/detienen-a-billy-alvarez-ex-directivo-de-cooperativa-cruz-azul\\\/#primaryimage\",\"url\":\"https:\\\/\\\/fuentesfidedignas.com.mx\\\/wp-content\\\/uploads\\\/2025\\\/01\\\/Billy-Alvarez.jpg\",\"contentUrl\":\"https:\\\/\\\/fuentesfidedignas.com.mx\\\/wp-content\\\/uploads\\\/2025\\\/01\\\/Billy-Alvarez.jpg\",\"width\":716,\"height\":403},{\"@type\":\"BreadcrumbList\",\"@id\":\"https:\\\/\\\/fuentesfidedignas.com.mx\\\/index.php\\\/2025\\\/01\\\/16\\\/detienen-a-billy-alvarez-ex-directivo-de-cooperativa-cruz-azul\\\/#breadcrumb\",\"itemListElement\":[{\"@type\":\"ListItem\",\"position\":1,\"name\":\"Inicio\",\"item\":\"https:\\\/\\\/fuentesfidedignas.com.mx\\\/\"},{\"@type\":\"ListItem\",\"position\":2,\"name\":\"Detienen a &#8216;Billy&#8217; \u00c1lvarez, ex directivo de Cooperativa Cruz Azul\"}]},{\"@type\":\"WebSite\",\"@id\":\"https:\\\/\\\/fuentesfidedignas.com.mx\\\/#website\",\"url\":\"https:\\\/\\\/fuentesfidedignas.com.mx\\\/\",\"name\":\"Fuentes Fidedignas\",\"description\":\"Otro sitio realizado con WordPress\",\"publisher\":{\"@id\":\"https:\\\/\\\/fuentesfidedignas.com.mx\\\/#organization\"},\"potentialAction\":[{\"@type\":\"SearchAction\",\"target\":{\"@type\":\"EntryPoint\",\"urlTemplate\":\"https:\\\/\\\/fuentesfidedignas.com.mx\\\/?s={search_term_string}\"},\"query-input\":{\"@type\":\"PropertyValueSpecification\",\"valueRequired\":true,\"valueName\":\"search_term_string\"}}],\"inLanguage\":\"es\"},{\"@type\":\"Organization\",\"@id\":\"https:\\\/\\\/fuentesfidedignas.com.mx\\\/#organization\",\"name\":\"Fuentes Fidedignas\",\"url\":\"https:\\\/\\\/fuentesfidedignas.com.mx\\\/\",\"logo\":{\"@type\":\"ImageObject\",\"inLanguage\":\"es\",\"@id\":\"https:\\\/\\\/fuentesfidedignas.com.mx\\\/#\\\/schema\\\/logo\\\/image\\\/\",\"url\":\"https:\\\/\\\/fuentesfidedignas.com.mx\\\/wp-content\\\/uploads\\\/2021\\\/04\\\/logo-retina.png\",\"contentUrl\":\"https:\\\/\\\/fuentesfidedignas.com.mx\\\/wp-content\\\/uploads\\\/2021\\\/04\\\/logo-retina.png\",\"width\":280,\"height\":51,\"caption\":\"Fuentes Fidedignas\"},\"image\":{\"@id\":\"https:\\\/\\\/fuentesfidedignas.com.mx\\\/#\\\/schema\\\/logo\\\/image\\\/\"},\"sameAs\":[\"https:\\\/\\\/www.facebook.com\\\/Fuentes-Fidedignas-368234489921644\",\"https:\\\/\\\/x.com\\\/fidedignas\"]},{\"@type\":\"Person\",\"@id\":\"https:\\\/\\\/fuentesfidedignas.com.mx\\\/#\\\/schema\\\/person\\\/47ec0135738f4b0c7495f06a77a2c976\",\"name\":\"Milenio\",\"image\":{\"@type\":\"ImageObject\",\"inLanguage\":\"es\",\"@id\":\"https:\\\/\\\/secure.gravatar.com\\\/avatar\\\/acabf7b54753e51c2c76457954577c236b3b764789b19879565769739d1e4a75?s=96&d=mm&r=g\",\"url\":\"https:\\\/\\\/secure.gravatar.com\\\/avatar\\\/acabf7b54753e51c2c76457954577c236b3b764789b19879565769739d1e4a75?s=96&d=mm&r=g\",\"contentUrl\":\"https:\\\/\\\/secure.gravatar.com\\\/avatar\\\/acabf7b54753e51c2c76457954577c236b3b764789b19879565769739d1e4a75?s=96&d=mm&r=g\",\"caption\":\"Milenio\"},\"url\":\"https:\\\/\\\/fuentesfidedignas.com.mx\\\/index.php\\\/author\\\/milenio\\\/\"}]}<\/script>\n<!-- \/ Yoast SEO plugin. -->","yoast_head_json":{"title":"Detienen a 'Billy' \u00c1lvarez, ex directivo de Cooperativa Cruz Azul - Fuentes Fidedignas","robots":{"index":"index","follow":"follow","max-snippet":"max-snippet:-1","max-image-preview":"max-image-preview:large","max-video-preview":"max-video-preview:-1"},"canonical":"https:\/\/fuentesfidedignas.com.mx\/index.php\/2025\/01\/16\/detienen-a-billy-alvarez-ex-directivo-de-cooperativa-cruz-azul\/","og_locale":"es_MX","og_type":"article","og_title":"Detienen a 'Billy' \u00c1lvarez, ex directivo de Cooperativa Cruz Azul - Fuentes Fidedignas","og_description":"El ex directivo contaba con una orden de detenci\u00f3n por delincuencia organizada y operaciones con recursos de procedencia il\u00edcita. La Fiscal\u00eda General de la Rep\u00fablica (FGR) captur\u00f3 al ex presidente de la Cooperativa Cruz Azul, Guillermo&nbsp;Billy \u00c1lvarez Cuevas, tras casi cinco a\u00f1os de permanecer pr\u00f3fugo de la justicia, revelaron funcionarios del gobierno federal. Billy \u00c1lvarez [&hellip;]","og_url":"https:\/\/fuentesfidedignas.com.mx\/index.php\/2025\/01\/16\/detienen-a-billy-alvarez-ex-directivo-de-cooperativa-cruz-azul\/","og_site_name":"Fuentes Fidedignas","article_publisher":"https:\/\/www.facebook.com\/Fuentes-Fidedignas-368234489921644","article_published_time":"2025-01-16T20:53:42+00:00","article_modified_time":"2025-01-16T20:53:44+00:00","og_image":[{"width":716,"height":403,"url":"https:\/\/fuentesfidedignas.com.mx\/wp-content\/uploads\/2025\/01\/Billy-Alvarez.jpg","type":"image\/jpeg"}],"author":"Milenio","twitter_card":"summary_large_image","twitter_creator":"@fidedignas","twitter_site":"@fidedignas","twitter_misc":{"Escrito por":"Milenio","Tiempo de lectura":"2 minutos"},"schema":{"@context":"https:\/\/schema.org","@graph":[{"@type":"Article","@id":"https:\/\/fuentesfidedignas.com.mx\/index.php\/2025\/01\/16\/detienen-a-billy-alvarez-ex-directivo-de-cooperativa-cruz-azul\/#article","isPartOf":{"@id":"https:\/\/fuentesfidedignas.com.mx\/index.php\/2025\/01\/16\/detienen-a-billy-alvarez-ex-directivo-de-cooperativa-cruz-azul\/"},"author":{"name":"Milenio","@id":"https:\/\/fuentesfidedignas.com.mx\/#\/schema\/person\/47ec0135738f4b0c7495f06a77a2c976"},"headline":"Detienen a &#8216;Billy&#8217; \u00c1lvarez, ex directivo de Cooperativa Cruz Azul","datePublished":"2025-01-16T20:53:42+00:00","dateModified":"2025-01-16T20:53:44+00:00","mainEntityOfPage":{"@id":"https:\/\/fuentesfidedignas.com.mx\/index.php\/2025\/01\/16\/detienen-a-billy-alvarez-ex-directivo-de-cooperativa-cruz-azul\/"},"wordCount":203,"commentCount":0,"publisher":{"@id":"https:\/\/fuentesfidedignas.com.mx\/#organization"},"image":{"@id":"https:\/\/fuentesfidedignas.com.mx\/index.php\/2025\/01\/16\/detienen-a-billy-alvarez-ex-directivo-de-cooperativa-cruz-azul\/#primaryimage"},"thumbnailUrl":"https:\/\/fuentesfidedignas.com.mx\/wp-content\/uploads\/2025\/01\/Billy-Alvarez.jpg","articleSection":["NOTICIAS NACIONALES"],"inLanguage":"es","potentialAction":[{"@type":"CommentAction","name":"Comment","target":["https:\/\/fuentesfidedignas.com.mx\/index.php\/2025\/01\/16\/detienen-a-billy-alvarez-ex-directivo-de-cooperativa-cruz-azul\/#respond"]}]},{"@type":"WebPage","@id":"https:\/\/fuentesfidedignas.com.mx\/index.php\/2025\/01\/16\/detienen-a-billy-alvarez-ex-directivo-de-cooperativa-cruz-azul\/","url":"https:\/\/fuentesfidedignas.com.mx\/index.php\/2025\/01\/16\/detienen-a-billy-alvarez-ex-directivo-de-cooperativa-cruz-azul\/","name":"Detienen a 'Billy' \u00c1lvarez, ex directivo de Cooperativa Cruz Azul - Fuentes Fidedignas","isPartOf":{"@id":"https:\/\/fuentesfidedignas.com.mx\/#website"},"primaryImageOfPage":{"@id":"https:\/\/fuentesfidedignas.com.mx\/index.php\/2025\/01\/16\/detienen-a-billy-alvarez-ex-directivo-de-cooperativa-cruz-azul\/#primaryimage"},"image":{"@id":"https:\/\/fuentesfidedignas.com.mx\/index.php\/2025\/01\/16\/detienen-a-billy-alvarez-ex-directivo-de-cooperativa-cruz-azul\/#primaryimage"},"thumbnailUrl":"https:\/\/fuentesfidedignas.com.mx\/wp-content\/uploads\/2025\/01\/Billy-Alvarez.jpg","datePublished":"2025-01-16T20:53:42+00:00","dateModified":"2025-01-16T20:53:44+00:00","breadcrumb":{"@id":"https:\/\/fuentesfidedignas.com.mx\/index.php\/2025\/01\/16\/detienen-a-billy-alvarez-ex-directivo-de-cooperativa-cruz-azul\/#breadcrumb"},"inLanguage":"es","potentialAction":[{"@type":"ReadAction","target":["https:\/\/fuentesfidedignas.com.mx\/index.php\/2025\/01\/16\/detienen-a-billy-alvarez-ex-directivo-de-cooperativa-cruz-azul\/"]}]},{"@type":"ImageObject","inLanguage":"es","@id":"https:\/\/fuentesfidedignas.com.mx\/index.php\/2025\/01\/16\/detienen-a-billy-alvarez-ex-directivo-de-cooperativa-cruz-azul\/#primaryimage","url":"https:\/\/fuentesfidedignas.com.mx\/wp-content\/uploads\/2025\/01\/Billy-Alvarez.jpg","contentUrl":"https:\/\/fuentesfidedignas.com.mx\/wp-content\/uploads\/2025\/01\/Billy-Alvarez.jpg","width":716,"height":403},{"@type":"BreadcrumbList","@id":"https:\/\/fuentesfidedignas.com.mx\/index.php\/2025\/01\/16\/detienen-a-billy-alvarez-ex-directivo-de-cooperativa-cruz-azul\/#breadcrumb","itemListElement":[{"@type":"ListItem","position":1,"name":"Inicio","item":"https:\/\/fuentesfidedignas.com.mx\/"},{"@type":"ListItem","position":2,"name":"Detienen a &#8216;Billy&#8217; \u00c1lvarez, ex directivo de Cooperativa Cruz Azul"}]},{"@type":"WebSite","@id":"https:\/\/fuentesfidedignas.com.mx\/#website","url":"https:\/\/fuentesfidedignas.com.mx\/","name":"Fuentes Fidedignas","description":"Otro sitio realizado con WordPress","publisher":{"@id":"https:\/\/fuentesfidedignas.com.mx\/#organization"},"potentialAction":[{"@type":"SearchAction","target":{"@type":"EntryPoint","urlTemplate":"https:\/\/fuentesfidedignas.com.mx\/?s={search_term_string}"},"query-input":{"@type":"PropertyValueSpecification","valueRequired":true,"valueName":"search_term_string"}}],"inLanguage":"es"},{"@type":"Organization","@id":"https:\/\/fuentesfidedignas.com.mx\/#organization","name":"Fuentes Fidedignas","url":"https:\/\/fuentesfidedignas.com.mx\/","logo":{"@type":"ImageObject","inLanguage":"es","@id":"https:\/\/fuentesfidedignas.com.mx\/#\/schema\/logo\/image\/","url":"https:\/\/fuentesfidedignas.com.mx\/wp-content\/uploads\/2021\/04\/logo-retina.png","contentUrl":"https:\/\/fuentesfidedignas.com.mx\/wp-content\/uploads\/2021\/04\/logo-retina.png","width":280,"height":51,"caption":"Fuentes Fidedignas"},"image":{"@id":"https:\/\/fuentesfidedignas.com.mx\/#\/schema\/logo\/image\/"},"sameAs":["https:\/\/www.facebook.com\/Fuentes-Fidedignas-368234489921644","https:\/\/x.com\/fidedignas"]},{"@type":"Person","@id":"https:\/\/fuentesfidedignas.com.mx\/#\/schema\/person\/47ec0135738f4b0c7495f06a77a2c976","name":"Milenio","image":{"@type":"ImageObject","inLanguage":"es","@id":"https:\/\/secure.gravatar.com\/avatar\/acabf7b54753e51c2c76457954577c236b3b764789b19879565769739d1e4a75?s=96&d=mm&r=g","url":"https:\/\/secure.gravatar.com\/avatar\/acabf7b54753e51c2c76457954577c236b3b764789b19879565769739d1e4a75?s=96&d=mm&r=g","contentUrl":"https:\/\/secure.gravatar.com\/avatar\/acabf7b54753e51c2c76457954577c236b3b764789b19879565769739d1e4a75?s=96&d=mm&r=g","caption":"Milenio"},"url":"https:\/\/fuentesfidedignas.com.mx\/index.php\/author\/milenio\/"}]}},"_links":{"self":[{"href":"https:\/\/fuentesfidedignas.com.mx\/index.php\/wp-json\/wp\/v2\/posts\/99488","targetHints":{"allow":["GET"]}}],"collection":[{"href":"https:\/\/fuentesfidedignas.com.mx\/index.php\/wp-json\/wp\/v2\/posts"}],"about":[{"href":"https:\/\/fuentesfidedignas.com.mx\/index.php\/wp-json\/wp\/v2\/types\/post"}],"author":[{"embeddable":true,"href":"https:\/\/fuentesfidedignas.com.mx\/index.php\/wp-json\/wp\/v2\/users\/9"}],"replies":[{"embeddable":true,"href":"https:\/\/fuentesfidedignas.com.mx\/index.php\/wp-json\/wp\/v2\/comments?post=99488"}],"version-history":[{"count":1,"href":"https:\/\/fuentesfidedignas.com.mx\/index.php\/wp-json\/wp\/v2\/posts\/99488\/revisions"}],"predecessor-version":[{"id":99490,"href":"https:\/\/fuentesfidedignas.com.mx\/index.php\/wp-json\/wp\/v2\/posts\/99488\/revisions\/99490"}],"wp:featuredmedia":[{"embeddable":true,"href":"https:\/\/fuentesfidedignas.com.mx\/index.php\/wp-json\/wp\/v2\/media\/99489"}],"wp:attachment":[{"href":"https:\/\/fuentesfidedignas.com.mx\/index.php\/wp-json\/wp\/v2\/media?parent=99488"}],"wp:term":[{"taxonomy":"category","embeddable":true,"href":"https:\/\/fuentesfidedignas.com.mx\/index.php\/wp-json\/wp\/v2\/categories?post=99488"},{"taxonomy":"post_tag","embeddable":true,"href":"https:\/\/fuentesfidedignas.com.mx\/index.php\/wp-json\/wp\/v2\/tags?post=99488"}],"curies":[{"name":"wp","href":"https:\/\/api.w.org\/{rel}","templated":true}]}}