{"id":99482,"date":"2025-01-16T13:38:17","date_gmt":"2025-01-16T20:38:17","guid":{"rendered":"https:\/\/fuentesfidedignas.com.mx\/?p=99482"},"modified":"2025-01-16T13:38:20","modified_gmt":"2025-01-16T20:38:20","slug":"sancionaran-en-culiacan-a-camiones-urbanos-con-luces-de-colores-en-el-interior-advierten","status":"publish","type":"post","link":"https:\/\/fuentesfidedignas.com.mx\/index.php\/2025\/01\/16\/sancionaran-en-culiacan-a-camiones-urbanos-con-luces-de-colores-en-el-interior-advierten\/","title":{"rendered":"Sancionar\u00e1n en Culiac\u00e1n a camiones urbanos con luces de colores en el interior, advierten"},"content":{"rendered":"\n<p><strong><em>Los inspectores advertir\u00e1n a los conductores de autobuses urbanos y a los permisionarios retirar de inmediato esos sistemas de iluminaci\u00f3n no permitidos y que deber\u00e1n instalar blanca en un plazo de 15 d\u00edas sistemas de luz blanca, clara y suficiente en el interior de las unidades.<\/em><\/strong><\/p>\n\n\n\n<p>La medida, ordenada por el titular de la dependencia, Marco Antonio Osuna Moreno, corresponde con la estrategia de seguridad de los gobiernos federal, estatal y local para garantizar seguridad a los ciudadanos en los espacios p\u00fablicos<\/p>\n\n\n\n<p>En correspondencia con las estrategias que desarrollan los gobiernos federal, estatal y local para garantizar seguridad a los ciudadanos de Culiac\u00e1n en los espacios p\u00fablicos, el director de Vialidad y Transportes, Marco Antonio Osuna orden\u00f3 al cuerpo de supervisores verificar el cumplimiento de la normatividad y realizar operativos especiales para detectar autobuses urbanos equipados con luces de colores que impiden a los usuarios ver qui\u00e9nes viajan a su lado y lo que ocurre en el interior, exponiendo a las personas m\u00e1s vulnerables (mujeres, menores de edad y adultos mayores) a riesgos contra su integridad.<\/p>\n\n\n\n<p>El funcionario explic\u00f3 que la dependencia a su cargo atiende instrucciones del Secretario General de Gobierno, Feliciano Castro Mel\u00e9ndrez, en el sentido de hacer cumplir la normatividad y contribuir as\u00ed a la seguridad de los usuarios de este importante servicio p\u00fablico.<\/p>\n\n\n\n<p>El jefe del Departamento de Supervisi\u00f3n de la Direcci\u00f3n de Vialidad y Transportes, Rodolfo Garc\u00eda, revel\u00f3 que los inspectores advertir\u00e1n a los conductores de autobuses urbanos y a los permisionarios retirar de inmediato esos sistemas de iluminaci\u00f3n no permitidos y que deber\u00e1n instalar blanca en un plazo de 15 d\u00edas sistemas de luz blanca, clara y suficiente en el interior de los autobuses, que permita incluso una visibilidad plena desde el exterior. Esta modificaci\u00f3n, incluso, puede salvar adultos mayores de ca\u00eddas y proteger tambi\u00e9n a integridad de mujeres, ni\u00f1os y ni\u00f1as.<\/p>\n\n\n\n<p>De no atender la disposici\u00f3n, la autoridad responsable de regular la el servicio p\u00fablico de transporte aplicar\u00e1 sanciones ejemplares, como son multas econ\u00f3micas y, de ser necesario, hasta el retiro de los camiones para que dejen de prestar el servicio que tienen concesionado, en tanto no corrijan la iluminaci\u00f3n de las unidades.<\/p>\n\n\n\n<p>Rodolfo Garc\u00eda coment\u00f3 que el director de Vialidad y Transportes fij\u00f3 un plazo de 15 d\u00edas para que los concesionarios y conductores instalen iluminaci\u00f3n blanca.<\/p>\n\n\n\n<p>El propio Marco Antonio Osuna pidi\u00f3 tambi\u00e9n a los ciudadanos en general y a los usuarios de estos servicios p\u00fablicos denunciar de manera an\u00f3nima, si as\u00ed lo desean, a los autobuses que no acaten esta disposici\u00f3n, para lo cual puso a disposici\u00f3n el tel\u00e9fono 6677587123 y, por la v\u00eda What&#8217;sApp, el n\u00famero 6675027665.<\/p>\n","protected":false},"excerpt":{"rendered":"<p>Los inspectores advertir\u00e1n a los conductores de autobuses urbanos y a los permisionarios retirar de inmediato esos sistemas de iluminaci\u00f3n no permitidos y que deber\u00e1n instalar blanca en un plazo de 15 d\u00edas sistemas de luz blanca, clara y suficiente en el interior de las unidades. La medida, ordenada por el titular de la dependencia, [&hellip;]<\/p>\n","protected":false},"author":4,"featured_media":60594,"comment_status":"open","ping_status":"open","sticky":false,"template":"","format":"standard","meta":{"tdm_status":"","tdm_grid_status":"","footnotes":""},"categories":[38],"tags":[],"class_list":{"0":"post-99482","1":"post","2":"type-post","3":"status-publish","4":"format-standard","5":"has-post-thumbnail","7":"category-noticias-locales"},"yoast_head":"<!-- This site is optimized with the Yoast SEO plugin v27.5 - https:\/\/yoast.com\/product\/yoast-seo-wordpress\/ -->\n<title>Sancionar\u00e1n en Culiac\u00e1n a camiones urbanos con luces de colores en el interior, advierten - Fuentes Fidedignas<\/title>\n<meta name=\"robots\" content=\"index, follow, max-snippet:-1, max-image-preview:large, max-video-preview:-1\" \/>\n<link rel=\"canonical\" href=\"https:\/\/fuentesfidedignas.com.mx\/index.php\/2025\/01\/16\/sancionaran-en-culiacan-a-camiones-urbanos-con-luces-de-colores-en-el-interior-advierten\/\" \/>\n<meta property=\"og:locale\" content=\"es_MX\" \/>\n<meta property=\"og:type\" content=\"article\" \/>\n<meta property=\"og:title\" content=\"Sancionar\u00e1n en Culiac\u00e1n a camiones urbanos con luces de colores en el interior, advierten - Fuentes Fidedignas\" \/>\n<meta property=\"og:description\" content=\"Los inspectores advertir\u00e1n a los conductores de autobuses urbanos y a los permisionarios retirar de inmediato esos sistemas de iluminaci\u00f3n no permitidos y que deber\u00e1n instalar blanca en un plazo de 15 d\u00edas sistemas de luz blanca, clara y suficiente en el interior de las unidades. La medida, ordenada por el titular de la dependencia, [&hellip;]\" \/>\n<meta property=\"og:url\" content=\"https:\/\/fuentesfidedignas.com.mx\/index.php\/2025\/01\/16\/sancionaran-en-culiacan-a-camiones-urbanos-con-luces-de-colores-en-el-interior-advierten\/\" \/>\n<meta property=\"og:site_name\" content=\"Fuentes Fidedignas\" \/>\n<meta property=\"article:publisher\" content=\"https:\/\/www.facebook.com\/Fuentes-Fidedignas-368234489921644\" \/>\n<meta property=\"article:published_time\" content=\"2025-01-16T20:38:17+00:00\" \/>\n<meta property=\"article:modified_time\" content=\"2025-01-16T20:38:20+00:00\" \/>\n<meta property=\"og:image\" content=\"https:\/\/fuentesfidedignas.com.mx\/wp-content\/uploads\/2023\/09\/camion-urbano-Culiacan.jpg\" \/>\n\t<meta property=\"og:image:width\" content=\"1140\" \/>\n\t<meta property=\"og:image:height\" content=\"700\" \/>\n\t<meta property=\"og:image:type\" content=\"image\/jpeg\" \/>\n<meta name=\"author\" content=\"Redacci\u00f3n\" \/>\n<meta name=\"twitter:card\" content=\"summary_large_image\" \/>\n<meta name=\"twitter:creator\" content=\"@fidedignas\" \/>\n<meta name=\"twitter:site\" content=\"@fidedignas\" \/>\n<meta name=\"twitter:label1\" content=\"Escrito por\" \/>\n\t<meta name=\"twitter:data1\" content=\"Redacci\u00f3n\" \/>\n\t<meta name=\"twitter:label2\" content=\"Tiempo de lectura\" \/>\n\t<meta name=\"twitter:data2\" content=\"3 minutos\" \/>\n<script type=\"application\/ld+json\" class=\"yoast-schema-graph\">{\"@context\":\"https:\\\/\\\/schema.org\",\"@graph\":[{\"@type\":\"Article\",\"@id\":\"https:\\\/\\\/fuentesfidedignas.com.mx\\\/index.php\\\/2025\\\/01\\\/16\\\/sancionaran-en-culiacan-a-camiones-urbanos-con-luces-de-colores-en-el-interior-advierten\\\/#article\",\"isPartOf\":{\"@id\":\"https:\\\/\\\/fuentesfidedignas.com.mx\\\/index.php\\\/2025\\\/01\\\/16\\\/sancionaran-en-culiacan-a-camiones-urbanos-con-luces-de-colores-en-el-interior-advierten\\\/\"},\"author\":{\"name\":\"Redacci\u00f3n\",\"@id\":\"https:\\\/\\\/fuentesfidedignas.com.mx\\\/#\\\/schema\\\/person\\\/331be9283d37198e2acd5750279085b0\"},\"headline\":\"Sancionar\u00e1n en Culiac\u00e1n a camiones urbanos con luces de colores en el interior, advierten\",\"datePublished\":\"2025-01-16T20:38:17+00:00\",\"dateModified\":\"2025-01-16T20:38:20+00:00\",\"mainEntityOfPage\":{\"@id\":\"https:\\\/\\\/fuentesfidedignas.com.mx\\\/index.php\\\/2025\\\/01\\\/16\\\/sancionaran-en-culiacan-a-camiones-urbanos-con-luces-de-colores-en-el-interior-advierten\\\/\"},\"wordCount\":488,\"commentCount\":0,\"publisher\":{\"@id\":\"https:\\\/\\\/fuentesfidedignas.com.mx\\\/#organization\"},\"image\":{\"@id\":\"https:\\\/\\\/fuentesfidedignas.com.mx\\\/index.php\\\/2025\\\/01\\\/16\\\/sancionaran-en-culiacan-a-camiones-urbanos-con-luces-de-colores-en-el-interior-advierten\\\/#primaryimage\"},\"thumbnailUrl\":\"https:\\\/\\\/fuentesfidedignas.com.mx\\\/wp-content\\\/uploads\\\/2023\\\/09\\\/camion-urbano-Culiacan.jpg\",\"articleSection\":[\"NOTICIAS LOCALES\"],\"inLanguage\":\"es\",\"potentialAction\":[{\"@type\":\"CommentAction\",\"name\":\"Comment\",\"target\":[\"https:\\\/\\\/fuentesfidedignas.com.mx\\\/index.php\\\/2025\\\/01\\\/16\\\/sancionaran-en-culiacan-a-camiones-urbanos-con-luces-de-colores-en-el-interior-advierten\\\/#respond\"]}]},{\"@type\":\"WebPage\",\"@id\":\"https:\\\/\\\/fuentesfidedignas.com.mx\\\/index.php\\\/2025\\\/01\\\/16\\\/sancionaran-en-culiacan-a-camiones-urbanos-con-luces-de-colores-en-el-interior-advierten\\\/\",\"url\":\"https:\\\/\\\/fuentesfidedignas.com.mx\\\/index.php\\\/2025\\\/01\\\/16\\\/sancionaran-en-culiacan-a-camiones-urbanos-con-luces-de-colores-en-el-interior-advierten\\\/\",\"name\":\"Sancionar\u00e1n en Culiac\u00e1n a camiones urbanos con luces de colores en el interior, advierten - Fuentes Fidedignas\",\"isPartOf\":{\"@id\":\"https:\\\/\\\/fuentesfidedignas.com.mx\\\/#website\"},\"primaryImageOfPage\":{\"@id\":\"https:\\\/\\\/fuentesfidedignas.com.mx\\\/index.php\\\/2025\\\/01\\\/16\\\/sancionaran-en-culiacan-a-camiones-urbanos-con-luces-de-colores-en-el-interior-advierten\\\/#primaryimage\"},\"image\":{\"@id\":\"https:\\\/\\\/fuentesfidedignas.com.mx\\\/index.php\\\/2025\\\/01\\\/16\\\/sancionaran-en-culiacan-a-camiones-urbanos-con-luces-de-colores-en-el-interior-advierten\\\/#primaryimage\"},\"thumbnailUrl\":\"https:\\\/\\\/fuentesfidedignas.com.mx\\\/wp-content\\\/uploads\\\/2023\\\/09\\\/camion-urbano-Culiacan.jpg\",\"datePublished\":\"2025-01-16T20:38:17+00:00\",\"dateModified\":\"2025-01-16T20:38:20+00:00\",\"breadcrumb\":{\"@id\":\"https:\\\/\\\/fuentesfidedignas.com.mx\\\/index.php\\\/2025\\\/01\\\/16\\\/sancionaran-en-culiacan-a-camiones-urbanos-con-luces-de-colores-en-el-interior-advierten\\\/#breadcrumb\"},\"inLanguage\":\"es\",\"potentialAction\":[{\"@type\":\"ReadAction\",\"target\":[\"https:\\\/\\\/fuentesfidedignas.com.mx\\\/index.php\\\/2025\\\/01\\\/16\\\/sancionaran-en-culiacan-a-camiones-urbanos-con-luces-de-colores-en-el-interior-advierten\\\/\"]}]},{\"@type\":\"ImageObject\",\"inLanguage\":\"es\",\"@id\":\"https:\\\/\\\/fuentesfidedignas.com.mx\\\/index.php\\\/2025\\\/01\\\/16\\\/sancionaran-en-culiacan-a-camiones-urbanos-con-luces-de-colores-en-el-interior-advierten\\\/#primaryimage\",\"url\":\"https:\\\/\\\/fuentesfidedignas.com.mx\\\/wp-content\\\/uploads\\\/2023\\\/09\\\/camion-urbano-Culiacan.jpg\",\"contentUrl\":\"https:\\\/\\\/fuentesfidedignas.com.mx\\\/wp-content\\\/uploads\\\/2023\\\/09\\\/camion-urbano-Culiacan.jpg\",\"width\":1140,\"height\":700},{\"@type\":\"BreadcrumbList\",\"@id\":\"https:\\\/\\\/fuentesfidedignas.com.mx\\\/index.php\\\/2025\\\/01\\\/16\\\/sancionaran-en-culiacan-a-camiones-urbanos-con-luces-de-colores-en-el-interior-advierten\\\/#breadcrumb\",\"itemListElement\":[{\"@type\":\"ListItem\",\"position\":1,\"name\":\"Inicio\",\"item\":\"https:\\\/\\\/fuentesfidedignas.com.mx\\\/\"},{\"@type\":\"ListItem\",\"position\":2,\"name\":\"Sancionar\u00e1n en Culiac\u00e1n a camiones urbanos con luces de colores en el interior, advierten\"}]},{\"@type\":\"WebSite\",\"@id\":\"https:\\\/\\\/fuentesfidedignas.com.mx\\\/#website\",\"url\":\"https:\\\/\\\/fuentesfidedignas.com.mx\\\/\",\"name\":\"Fuentes Fidedignas\",\"description\":\"Otro sitio realizado con WordPress\",\"publisher\":{\"@id\":\"https:\\\/\\\/fuentesfidedignas.com.mx\\\/#organization\"},\"potentialAction\":[{\"@type\":\"SearchAction\",\"target\":{\"@type\":\"EntryPoint\",\"urlTemplate\":\"https:\\\/\\\/fuentesfidedignas.com.mx\\\/?s={search_term_string}\"},\"query-input\":{\"@type\":\"PropertyValueSpecification\",\"valueRequired\":true,\"valueName\":\"search_term_string\"}}],\"inLanguage\":\"es\"},{\"@type\":\"Organization\",\"@id\":\"https:\\\/\\\/fuentesfidedignas.com.mx\\\/#organization\",\"name\":\"Fuentes Fidedignas\",\"url\":\"https:\\\/\\\/fuentesfidedignas.com.mx\\\/\",\"logo\":{\"@type\":\"ImageObject\",\"inLanguage\":\"es\",\"@id\":\"https:\\\/\\\/fuentesfidedignas.com.mx\\\/#\\\/schema\\\/logo\\\/image\\\/\",\"url\":\"https:\\\/\\\/fuentesfidedignas.com.mx\\\/wp-content\\\/uploads\\\/2021\\\/04\\\/logo-retina.png\",\"contentUrl\":\"https:\\\/\\\/fuentesfidedignas.com.mx\\\/wp-content\\\/uploads\\\/2021\\\/04\\\/logo-retina.png\",\"width\":280,\"height\":51,\"caption\":\"Fuentes Fidedignas\"},\"image\":{\"@id\":\"https:\\\/\\\/fuentesfidedignas.com.mx\\\/#\\\/schema\\\/logo\\\/image\\\/\"},\"sameAs\":[\"https:\\\/\\\/www.facebook.com\\\/Fuentes-Fidedignas-368234489921644\",\"https:\\\/\\\/x.com\\\/fidedignas\"]},{\"@type\":\"Person\",\"@id\":\"https:\\\/\\\/fuentesfidedignas.com.mx\\\/#\\\/schema\\\/person\\\/331be9283d37198e2acd5750279085b0\",\"name\":\"Redacci\u00f3n\",\"image\":{\"@type\":\"ImageObject\",\"inLanguage\":\"es\",\"@id\":\"https:\\\/\\\/secure.gravatar.com\\\/avatar\\\/f6d8782c11d12b2d4ad3fbb6931aeab5309937a4d6cd2fc9cfaa28a6396a5aec?s=96&d=mm&r=g\",\"url\":\"https:\\\/\\\/secure.gravatar.com\\\/avatar\\\/f6d8782c11d12b2d4ad3fbb6931aeab5309937a4d6cd2fc9cfaa28a6396a5aec?s=96&d=mm&r=g\",\"contentUrl\":\"https:\\\/\\\/secure.gravatar.com\\\/avatar\\\/f6d8782c11d12b2d4ad3fbb6931aeab5309937a4d6cd2fc9cfaa28a6396a5aec?s=96&d=mm&r=g\",\"caption\":\"Redacci\u00f3n\"},\"url\":\"https:\\\/\\\/fuentesfidedignas.com.mx\\\/index.php\\\/author\\\/redaccion\\\/\"}]}<\/script>\n<!-- \/ Yoast SEO plugin. -->","yoast_head_json":{"title":"Sancionar\u00e1n en Culiac\u00e1n a camiones urbanos con luces de colores en el interior, advierten - Fuentes Fidedignas","robots":{"index":"index","follow":"follow","max-snippet":"max-snippet:-1","max-image-preview":"max-image-preview:large","max-video-preview":"max-video-preview:-1"},"canonical":"https:\/\/fuentesfidedignas.com.mx\/index.php\/2025\/01\/16\/sancionaran-en-culiacan-a-camiones-urbanos-con-luces-de-colores-en-el-interior-advierten\/","og_locale":"es_MX","og_type":"article","og_title":"Sancionar\u00e1n en Culiac\u00e1n a camiones urbanos con luces de colores en el interior, advierten - Fuentes Fidedignas","og_description":"Los inspectores advertir\u00e1n a los conductores de autobuses urbanos y a los permisionarios retirar de inmediato esos sistemas de iluminaci\u00f3n no permitidos y que deber\u00e1n instalar blanca en un plazo de 15 d\u00edas sistemas de luz blanca, clara y suficiente en el interior de las unidades. La medida, ordenada por el titular de la dependencia, [&hellip;]","og_url":"https:\/\/fuentesfidedignas.com.mx\/index.php\/2025\/01\/16\/sancionaran-en-culiacan-a-camiones-urbanos-con-luces-de-colores-en-el-interior-advierten\/","og_site_name":"Fuentes Fidedignas","article_publisher":"https:\/\/www.facebook.com\/Fuentes-Fidedignas-368234489921644","article_published_time":"2025-01-16T20:38:17+00:00","article_modified_time":"2025-01-16T20:38:20+00:00","og_image":[{"width":1140,"height":700,"url":"https:\/\/fuentesfidedignas.com.mx\/wp-content\/uploads\/2023\/09\/camion-urbano-Culiacan.jpg","type":"image\/jpeg"}],"author":"Redacci\u00f3n","twitter_card":"summary_large_image","twitter_creator":"@fidedignas","twitter_site":"@fidedignas","twitter_misc":{"Escrito por":"Redacci\u00f3n","Tiempo de lectura":"3 minutos"},"schema":{"@context":"https:\/\/schema.org","@graph":[{"@type":"Article","@id":"https:\/\/fuentesfidedignas.com.mx\/index.php\/2025\/01\/16\/sancionaran-en-culiacan-a-camiones-urbanos-con-luces-de-colores-en-el-interior-advierten\/#article","isPartOf":{"@id":"https:\/\/fuentesfidedignas.com.mx\/index.php\/2025\/01\/16\/sancionaran-en-culiacan-a-camiones-urbanos-con-luces-de-colores-en-el-interior-advierten\/"},"author":{"name":"Redacci\u00f3n","@id":"https:\/\/fuentesfidedignas.com.mx\/#\/schema\/person\/331be9283d37198e2acd5750279085b0"},"headline":"Sancionar\u00e1n en Culiac\u00e1n a camiones urbanos con luces de colores en el interior, advierten","datePublished":"2025-01-16T20:38:17+00:00","dateModified":"2025-01-16T20:38:20+00:00","mainEntityOfPage":{"@id":"https:\/\/fuentesfidedignas.com.mx\/index.php\/2025\/01\/16\/sancionaran-en-culiacan-a-camiones-urbanos-con-luces-de-colores-en-el-interior-advierten\/"},"wordCount":488,"commentCount":0,"publisher":{"@id":"https:\/\/fuentesfidedignas.com.mx\/#organization"},"image":{"@id":"https:\/\/fuentesfidedignas.com.mx\/index.php\/2025\/01\/16\/sancionaran-en-culiacan-a-camiones-urbanos-con-luces-de-colores-en-el-interior-advierten\/#primaryimage"},"thumbnailUrl":"https:\/\/fuentesfidedignas.com.mx\/wp-content\/uploads\/2023\/09\/camion-urbano-Culiacan.jpg","articleSection":["NOTICIAS LOCALES"],"inLanguage":"es","potentialAction":[{"@type":"CommentAction","name":"Comment","target":["https:\/\/fuentesfidedignas.com.mx\/index.php\/2025\/01\/16\/sancionaran-en-culiacan-a-camiones-urbanos-con-luces-de-colores-en-el-interior-advierten\/#respond"]}]},{"@type":"WebPage","@id":"https:\/\/fuentesfidedignas.com.mx\/index.php\/2025\/01\/16\/sancionaran-en-culiacan-a-camiones-urbanos-con-luces-de-colores-en-el-interior-advierten\/","url":"https:\/\/fuentesfidedignas.com.mx\/index.php\/2025\/01\/16\/sancionaran-en-culiacan-a-camiones-urbanos-con-luces-de-colores-en-el-interior-advierten\/","name":"Sancionar\u00e1n en Culiac\u00e1n a camiones urbanos con luces de colores en el interior, advierten - Fuentes Fidedignas","isPartOf":{"@id":"https:\/\/fuentesfidedignas.com.mx\/#website"},"primaryImageOfPage":{"@id":"https:\/\/fuentesfidedignas.com.mx\/index.php\/2025\/01\/16\/sancionaran-en-culiacan-a-camiones-urbanos-con-luces-de-colores-en-el-interior-advierten\/#primaryimage"},"image":{"@id":"https:\/\/fuentesfidedignas.com.mx\/index.php\/2025\/01\/16\/sancionaran-en-culiacan-a-camiones-urbanos-con-luces-de-colores-en-el-interior-advierten\/#primaryimage"},"thumbnailUrl":"https:\/\/fuentesfidedignas.com.mx\/wp-content\/uploads\/2023\/09\/camion-urbano-Culiacan.jpg","datePublished":"2025-01-16T20:38:17+00:00","dateModified":"2025-01-16T20:38:20+00:00","breadcrumb":{"@id":"https:\/\/fuentesfidedignas.com.mx\/index.php\/2025\/01\/16\/sancionaran-en-culiacan-a-camiones-urbanos-con-luces-de-colores-en-el-interior-advierten\/#breadcrumb"},"inLanguage":"es","potentialAction":[{"@type":"ReadAction","target":["https:\/\/fuentesfidedignas.com.mx\/index.php\/2025\/01\/16\/sancionaran-en-culiacan-a-camiones-urbanos-con-luces-de-colores-en-el-interior-advierten\/"]}]},{"@type":"ImageObject","inLanguage":"es","@id":"https:\/\/fuentesfidedignas.com.mx\/index.php\/2025\/01\/16\/sancionaran-en-culiacan-a-camiones-urbanos-con-luces-de-colores-en-el-interior-advierten\/#primaryimage","url":"https:\/\/fuentesfidedignas.com.mx\/wp-content\/uploads\/2023\/09\/camion-urbano-Culiacan.jpg","contentUrl":"https:\/\/fuentesfidedignas.com.mx\/wp-content\/uploads\/2023\/09\/camion-urbano-Culiacan.jpg","width":1140,"height":700},{"@type":"BreadcrumbList","@id":"https:\/\/fuentesfidedignas.com.mx\/index.php\/2025\/01\/16\/sancionaran-en-culiacan-a-camiones-urbanos-con-luces-de-colores-en-el-interior-advierten\/#breadcrumb","itemListElement":[{"@type":"ListItem","position":1,"name":"Inicio","item":"https:\/\/fuentesfidedignas.com.mx\/"},{"@type":"ListItem","position":2,"name":"Sancionar\u00e1n en Culiac\u00e1n a camiones urbanos con luces de colores en el interior, advierten"}]},{"@type":"WebSite","@id":"https:\/\/fuentesfidedignas.com.mx\/#website","url":"https:\/\/fuentesfidedignas.com.mx\/","name":"Fuentes Fidedignas","description":"Otro sitio realizado con WordPress","publisher":{"@id":"https:\/\/fuentesfidedignas.com.mx\/#organization"},"potentialAction":[{"@type":"SearchAction","target":{"@type":"EntryPoint","urlTemplate":"https:\/\/fuentesfidedignas.com.mx\/?s={search_term_string}"},"query-input":{"@type":"PropertyValueSpecification","valueRequired":true,"valueName":"search_term_string"}}],"inLanguage":"es"},{"@type":"Organization","@id":"https:\/\/fuentesfidedignas.com.mx\/#organization","name":"Fuentes Fidedignas","url":"https:\/\/fuentesfidedignas.com.mx\/","logo":{"@type":"ImageObject","inLanguage":"es","@id":"https:\/\/fuentesfidedignas.com.mx\/#\/schema\/logo\/image\/","url":"https:\/\/fuentesfidedignas.com.mx\/wp-content\/uploads\/2021\/04\/logo-retina.png","contentUrl":"https:\/\/fuentesfidedignas.com.mx\/wp-content\/uploads\/2021\/04\/logo-retina.png","width":280,"height":51,"caption":"Fuentes Fidedignas"},"image":{"@id":"https:\/\/fuentesfidedignas.com.mx\/#\/schema\/logo\/image\/"},"sameAs":["https:\/\/www.facebook.com\/Fuentes-Fidedignas-368234489921644","https:\/\/x.com\/fidedignas"]},{"@type":"Person","@id":"https:\/\/fuentesfidedignas.com.mx\/#\/schema\/person\/331be9283d37198e2acd5750279085b0","name":"Redacci\u00f3n","image":{"@type":"ImageObject","inLanguage":"es","@id":"https:\/\/secure.gravatar.com\/avatar\/f6d8782c11d12b2d4ad3fbb6931aeab5309937a4d6cd2fc9cfaa28a6396a5aec?s=96&d=mm&r=g","url":"https:\/\/secure.gravatar.com\/avatar\/f6d8782c11d12b2d4ad3fbb6931aeab5309937a4d6cd2fc9cfaa28a6396a5aec?s=96&d=mm&r=g","contentUrl":"https:\/\/secure.gravatar.com\/avatar\/f6d8782c11d12b2d4ad3fbb6931aeab5309937a4d6cd2fc9cfaa28a6396a5aec?s=96&d=mm&r=g","caption":"Redacci\u00f3n"},"url":"https:\/\/fuentesfidedignas.com.mx\/index.php\/author\/redaccion\/"}]}},"_links":{"self":[{"href":"https:\/\/fuentesfidedignas.com.mx\/index.php\/wp-json\/wp\/v2\/posts\/99482","targetHints":{"allow":["GET"]}}],"collection":[{"href":"https:\/\/fuentesfidedignas.com.mx\/index.php\/wp-json\/wp\/v2\/posts"}],"about":[{"href":"https:\/\/fuentesfidedignas.com.mx\/index.php\/wp-json\/wp\/v2\/types\/post"}],"author":[{"embeddable":true,"href":"https:\/\/fuentesfidedignas.com.mx\/index.php\/wp-json\/wp\/v2\/users\/4"}],"replies":[{"embeddable":true,"href":"https:\/\/fuentesfidedignas.com.mx\/index.php\/wp-json\/wp\/v2\/comments?post=99482"}],"version-history":[{"count":2,"href":"https:\/\/fuentesfidedignas.com.mx\/index.php\/wp-json\/wp\/v2\/posts\/99482\/revisions"}],"predecessor-version":[{"id":99484,"href":"https:\/\/fuentesfidedignas.com.mx\/index.php\/wp-json\/wp\/v2\/posts\/99482\/revisions\/99484"}],"wp:featuredmedia":[{"embeddable":true,"href":"https:\/\/fuentesfidedignas.com.mx\/index.php\/wp-json\/wp\/v2\/media\/60594"}],"wp:attachment":[{"href":"https:\/\/fuentesfidedignas.com.mx\/index.php\/wp-json\/wp\/v2\/media?parent=99482"}],"wp:term":[{"taxonomy":"category","embeddable":true,"href":"https:\/\/fuentesfidedignas.com.mx\/index.php\/wp-json\/wp\/v2\/categories?post=99482"},{"taxonomy":"post_tag","embeddable":true,"href":"https:\/\/fuentesfidedignas.com.mx\/index.php\/wp-json\/wp\/v2\/tags?post=99482"}],"curies":[{"name":"wp","href":"https:\/\/api.w.org\/{rel}","templated":true}]}}