{"id":99452,"date":"2025-01-16T09:32:57","date_gmt":"2025-01-16T16:32:57","guid":{"rendered":"https:\/\/fuentesfidedignas.com.mx\/?p=99452"},"modified":"2025-01-16T09:32:59","modified_gmt":"2025-01-16T16:32:59","slug":"sheinbaum-solicitara-a-trump-la-informacion-completa-sobre-la-detencion-del-mayo-zambada","status":"publish","type":"post","link":"https:\/\/fuentesfidedignas.com.mx\/index.php\/2025\/01\/16\/sheinbaum-solicitara-a-trump-la-informacion-completa-sobre-la-detencion-del-mayo-zambada\/","title":{"rendered":"Sheinbaum solicitar\u00e1 a Trump la \u201cinformaci\u00f3n completa\u201d sobre la detenci\u00f3n del \u2018Mayo\u2019 Zambada"},"content":{"rendered":"\n<p><strong><em>La presidenta Sheinbaum indic\u00f3 que EE.UU. debe entregar toda la informaci\u00f3n de la captura del narcotraficante Ismael \u2018Mayo\u2019 Zambada<\/em><\/strong><\/p>\n\n\n\n<p>a presidenta de M\u00e9xico, Claudia Sheinbaum Pardo, asegur\u00f3 que cuando Donald Trump tome posesi\u00f3n de la Casa Blanca volver\u00e1 a solicitar la informaci\u00f3n sobre la detenci\u00f3n del narcotraficante Ismael Mayo Zambada, realizada el 25 de julio.<\/p>\n\n\n\n<p>En la conferencia matutina de Palacio Nacional, Sheinbaum Pardo explic\u00f3 que la informaci\u00f3n de dicha captura en territorio estadounidense del cofundador del C\u00e1rtel de Sinaloa se tiene que \u201cdar completa\u201d.<\/p>\n\n\n\n<p>Eso sigue (la solicitud de informaci\u00f3n), y cuando llegue el presidente Trump se lo vamos a solicitar tambi\u00e9n\u201d, lanz\u00f3.<\/p>\n\n\n\n<p>Es algo que tiene que aclarar y la propia FGR tiene sus investigaciones y conocimiento, y tiene tambi\u00e9n su parte que le corresponde actuar, pero esa informaci\u00f3n es indispensable que se d\u00e9 completa\u201d, argument\u00f3.<\/p>\n\n\n\n<p>\u201c(Que se informe) cu\u00e1l fue la participaci\u00f3n de las agencias (de Estados Unidos), qu\u00e9 agencias, en esta detenci\u00f3n, c\u00f3mo se dio. Todo esto es indispensable conocerlo, por qu\u00e9 en esta caso no se dio completa por parte del Gobierno del presidente Biden\u201d, asever\u00f3.<\/p>\n\n\n\n<p>\u201cEstamos esperando ya la entrada del nuevo Gobierno (de Trump) para poder, entre otras cosas en esta colaboraci\u00f3n y coordinaci\u00f3n que habr\u00e1, que se solicite la informaci\u00f3n\u201d, sostuvo.<\/p>\n\n\n\n<p>Ismael Mayo Zambada, de 76 a\u00f1os de edad, fue detenido por autoridades de los Estados Unidos en un aeropuerto de Nuevo M\u00e9xico el 25 de julio.<\/p>\n\n\n\n<p>Es se\u00f1alado en dicho pa\u00eds por 17 cargos, entre los cuales se encuentran conspiraci\u00f3n para asesinato, narcotr\u00e1fico, pertenencia a empresa criminal, posesi\u00f3n de armas, as\u00ed como tr\u00e1fico de fentanilo, opioide que ha generado una crisis de muertes por sobredosis en la Uni\u00f3n Americana.<\/p>\n\n\n\n<p>En la previa, se realiz\u00f3 su tercera audiencia en una corte federal de Brooklyn, en Nueva York, en un caso que podr\u00eda acarrearle incluso la pena de muerte si llega a juicio, a pesar de que fue abolida en dicho estado en 2004.<\/p>\n\n\n\n<p>A ra\u00edz de esta detenci\u00f3n, Sinaloa vive inmerso en una guerra sin cuartel generada por la rivalidad de \u2018Los Chapitos\u2019 y \u2018Los Mayitos\u2019, que ya deja centenares de muertos.<\/p>\n","protected":false},"excerpt":{"rendered":"<p>La presidenta Sheinbaum indic\u00f3 que EE.UU. debe entregar toda la informaci\u00f3n de la captura del narcotraficante Ismael \u2018Mayo\u2019 Zambada a presidenta de M\u00e9xico, Claudia Sheinbaum Pardo, asegur\u00f3 que cuando Donald Trump tome posesi\u00f3n de la Casa Blanca volver\u00e1 a solicitar la informaci\u00f3n sobre la detenci\u00f3n del narcotraficante Ismael Mayo Zambada, realizada el 25 de julio. [&hellip;]<\/p>\n","protected":false},"author":47,"featured_media":87523,"comment_status":"open","ping_status":"open","sticky":false,"template":"","format":"standard","meta":{"tdm_status":"","tdm_grid_status":"","footnotes":""},"categories":[39],"tags":[],"class_list":{"0":"post-99452","1":"post","2":"type-post","3":"status-publish","4":"format-standard","5":"has-post-thumbnail","7":"category-noticias-nacionales"},"yoast_head":"<!-- This site is optimized with the Yoast SEO plugin v27.5 - https:\/\/yoast.com\/product\/yoast-seo-wordpress\/ -->\n<title>Sheinbaum solicitar\u00e1 a Trump la \u201cinformaci\u00f3n completa\u201d sobre la detenci\u00f3n del \u2018Mayo\u2019 Zambada - Fuentes Fidedignas<\/title>\n<meta name=\"robots\" content=\"index, follow, max-snippet:-1, max-image-preview:large, max-video-preview:-1\" \/>\n<link rel=\"canonical\" href=\"https:\/\/fuentesfidedignas.com.mx\/index.php\/2025\/01\/16\/sheinbaum-solicitara-a-trump-la-informacion-completa-sobre-la-detencion-del-mayo-zambada\/\" \/>\n<meta property=\"og:locale\" content=\"es_MX\" \/>\n<meta property=\"og:type\" content=\"article\" \/>\n<meta property=\"og:title\" content=\"Sheinbaum solicitar\u00e1 a Trump la \u201cinformaci\u00f3n completa\u201d sobre la detenci\u00f3n del \u2018Mayo\u2019 Zambada - Fuentes Fidedignas\" \/>\n<meta property=\"og:description\" content=\"La presidenta Sheinbaum indic\u00f3 que EE.UU. debe entregar toda la informaci\u00f3n de la captura del narcotraficante Ismael \u2018Mayo\u2019 Zambada a presidenta de M\u00e9xico, Claudia Sheinbaum Pardo, asegur\u00f3 que cuando Donald Trump tome posesi\u00f3n de la Casa Blanca volver\u00e1 a solicitar la informaci\u00f3n sobre la detenci\u00f3n del narcotraficante Ismael Mayo Zambada, realizada el 25 de julio. [&hellip;]\" \/>\n<meta property=\"og:url\" content=\"https:\/\/fuentesfidedignas.com.mx\/index.php\/2025\/01\/16\/sheinbaum-solicitara-a-trump-la-informacion-completa-sobre-la-detencion-del-mayo-zambada\/\" \/>\n<meta property=\"og:site_name\" content=\"Fuentes Fidedignas\" \/>\n<meta property=\"article:publisher\" content=\"https:\/\/www.facebook.com\/Fuentes-Fidedignas-368234489921644\" \/>\n<meta property=\"article:published_time\" content=\"2025-01-16T16:32:57+00:00\" \/>\n<meta property=\"article:modified_time\" content=\"2025-01-16T16:32:59+00:00\" \/>\n<meta property=\"og:image\" content=\"https:\/\/fuentesfidedignas.com.mx\/wp-content\/uploads\/2024\/07\/arresto-el-mayo.jpg\" \/>\n\t<meta property=\"og:image:width\" content=\"650\" \/>\n\t<meta property=\"og:image:height\" content=\"486\" \/>\n\t<meta property=\"og:image:type\" content=\"image\/jpeg\" \/>\n<meta name=\"author\" content=\"L\u00f3pez D\u00f3riga\" \/>\n<meta name=\"twitter:card\" content=\"summary_large_image\" \/>\n<meta name=\"twitter:creator\" content=\"@fidedignas\" \/>\n<meta name=\"twitter:site\" content=\"@fidedignas\" \/>\n<meta name=\"twitter:label1\" content=\"Escrito por\" \/>\n\t<meta name=\"twitter:data1\" content=\"L\u00f3pez D\u00f3riga\" \/>\n\t<meta name=\"twitter:label2\" content=\"Tiempo de lectura\" \/>\n\t<meta name=\"twitter:data2\" content=\"2 minutos\" \/>\n<script type=\"application\/ld+json\" class=\"yoast-schema-graph\">{\"@context\":\"https:\\\/\\\/schema.org\",\"@graph\":[{\"@type\":\"Article\",\"@id\":\"https:\\\/\\\/fuentesfidedignas.com.mx\\\/index.php\\\/2025\\\/01\\\/16\\\/sheinbaum-solicitara-a-trump-la-informacion-completa-sobre-la-detencion-del-mayo-zambada\\\/#article\",\"isPartOf\":{\"@id\":\"https:\\\/\\\/fuentesfidedignas.com.mx\\\/index.php\\\/2025\\\/01\\\/16\\\/sheinbaum-solicitara-a-trump-la-informacion-completa-sobre-la-detencion-del-mayo-zambada\\\/\"},\"author\":{\"name\":\"L\u00f3pez D\u00f3riga\",\"@id\":\"https:\\\/\\\/fuentesfidedignas.com.mx\\\/#\\\/schema\\\/person\\\/67d852f0557c8509146a4b9ddebd543a\"},\"headline\":\"Sheinbaum solicitar\u00e1 a Trump la \u201cinformaci\u00f3n completa\u201d sobre la detenci\u00f3n del \u2018Mayo\u2019 Zambada\",\"datePublished\":\"2025-01-16T16:32:57+00:00\",\"dateModified\":\"2025-01-16T16:32:59+00:00\",\"mainEntityOfPage\":{\"@id\":\"https:\\\/\\\/fuentesfidedignas.com.mx\\\/index.php\\\/2025\\\/01\\\/16\\\/sheinbaum-solicitara-a-trump-la-informacion-completa-sobre-la-detencion-del-mayo-zambada\\\/\"},\"wordCount\":391,\"commentCount\":0,\"publisher\":{\"@id\":\"https:\\\/\\\/fuentesfidedignas.com.mx\\\/#organization\"},\"image\":{\"@id\":\"https:\\\/\\\/fuentesfidedignas.com.mx\\\/index.php\\\/2025\\\/01\\\/16\\\/sheinbaum-solicitara-a-trump-la-informacion-completa-sobre-la-detencion-del-mayo-zambada\\\/#primaryimage\"},\"thumbnailUrl\":\"https:\\\/\\\/fuentesfidedignas.com.mx\\\/wp-content\\\/uploads\\\/2024\\\/07\\\/arresto-el-mayo.jpg\",\"articleSection\":[\"NOTICIAS NACIONALES\"],\"inLanguage\":\"es\",\"potentialAction\":[{\"@type\":\"CommentAction\",\"name\":\"Comment\",\"target\":[\"https:\\\/\\\/fuentesfidedignas.com.mx\\\/index.php\\\/2025\\\/01\\\/16\\\/sheinbaum-solicitara-a-trump-la-informacion-completa-sobre-la-detencion-del-mayo-zambada\\\/#respond\"]}]},{\"@type\":\"WebPage\",\"@id\":\"https:\\\/\\\/fuentesfidedignas.com.mx\\\/index.php\\\/2025\\\/01\\\/16\\\/sheinbaum-solicitara-a-trump-la-informacion-completa-sobre-la-detencion-del-mayo-zambada\\\/\",\"url\":\"https:\\\/\\\/fuentesfidedignas.com.mx\\\/index.php\\\/2025\\\/01\\\/16\\\/sheinbaum-solicitara-a-trump-la-informacion-completa-sobre-la-detencion-del-mayo-zambada\\\/\",\"name\":\"Sheinbaum solicitar\u00e1 a Trump la \u201cinformaci\u00f3n completa\u201d sobre la detenci\u00f3n del \u2018Mayo\u2019 Zambada - Fuentes Fidedignas\",\"isPartOf\":{\"@id\":\"https:\\\/\\\/fuentesfidedignas.com.mx\\\/#website\"},\"primaryImageOfPage\":{\"@id\":\"https:\\\/\\\/fuentesfidedignas.com.mx\\\/index.php\\\/2025\\\/01\\\/16\\\/sheinbaum-solicitara-a-trump-la-informacion-completa-sobre-la-detencion-del-mayo-zambada\\\/#primaryimage\"},\"image\":{\"@id\":\"https:\\\/\\\/fuentesfidedignas.com.mx\\\/index.php\\\/2025\\\/01\\\/16\\\/sheinbaum-solicitara-a-trump-la-informacion-completa-sobre-la-detencion-del-mayo-zambada\\\/#primaryimage\"},\"thumbnailUrl\":\"https:\\\/\\\/fuentesfidedignas.com.mx\\\/wp-content\\\/uploads\\\/2024\\\/07\\\/arresto-el-mayo.jpg\",\"datePublished\":\"2025-01-16T16:32:57+00:00\",\"dateModified\":\"2025-01-16T16:32:59+00:00\",\"breadcrumb\":{\"@id\":\"https:\\\/\\\/fuentesfidedignas.com.mx\\\/index.php\\\/2025\\\/01\\\/16\\\/sheinbaum-solicitara-a-trump-la-informacion-completa-sobre-la-detencion-del-mayo-zambada\\\/#breadcrumb\"},\"inLanguage\":\"es\",\"potentialAction\":[{\"@type\":\"ReadAction\",\"target\":[\"https:\\\/\\\/fuentesfidedignas.com.mx\\\/index.php\\\/2025\\\/01\\\/16\\\/sheinbaum-solicitara-a-trump-la-informacion-completa-sobre-la-detencion-del-mayo-zambada\\\/\"]}]},{\"@type\":\"ImageObject\",\"inLanguage\":\"es\",\"@id\":\"https:\\\/\\\/fuentesfidedignas.com.mx\\\/index.php\\\/2025\\\/01\\\/16\\\/sheinbaum-solicitara-a-trump-la-informacion-completa-sobre-la-detencion-del-mayo-zambada\\\/#primaryimage\",\"url\":\"https:\\\/\\\/fuentesfidedignas.com.mx\\\/wp-content\\\/uploads\\\/2024\\\/07\\\/arresto-el-mayo.jpg\",\"contentUrl\":\"https:\\\/\\\/fuentesfidedignas.com.mx\\\/wp-content\\\/uploads\\\/2024\\\/07\\\/arresto-el-mayo.jpg\",\"width\":650,\"height\":486},{\"@type\":\"BreadcrumbList\",\"@id\":\"https:\\\/\\\/fuentesfidedignas.com.mx\\\/index.php\\\/2025\\\/01\\\/16\\\/sheinbaum-solicitara-a-trump-la-informacion-completa-sobre-la-detencion-del-mayo-zambada\\\/#breadcrumb\",\"itemListElement\":[{\"@type\":\"ListItem\",\"position\":1,\"name\":\"Inicio\",\"item\":\"https:\\\/\\\/fuentesfidedignas.com.mx\\\/\"},{\"@type\":\"ListItem\",\"position\":2,\"name\":\"Sheinbaum solicitar\u00e1 a Trump la \u201cinformaci\u00f3n completa\u201d sobre la detenci\u00f3n del \u2018Mayo\u2019 Zambada\"}]},{\"@type\":\"WebSite\",\"@id\":\"https:\\\/\\\/fuentesfidedignas.com.mx\\\/#website\",\"url\":\"https:\\\/\\\/fuentesfidedignas.com.mx\\\/\",\"name\":\"Fuentes Fidedignas\",\"description\":\"Otro sitio realizado con WordPress\",\"publisher\":{\"@id\":\"https:\\\/\\\/fuentesfidedignas.com.mx\\\/#organization\"},\"potentialAction\":[{\"@type\":\"SearchAction\",\"target\":{\"@type\":\"EntryPoint\",\"urlTemplate\":\"https:\\\/\\\/fuentesfidedignas.com.mx\\\/?s={search_term_string}\"},\"query-input\":{\"@type\":\"PropertyValueSpecification\",\"valueRequired\":true,\"valueName\":\"search_term_string\"}}],\"inLanguage\":\"es\"},{\"@type\":\"Organization\",\"@id\":\"https:\\\/\\\/fuentesfidedignas.com.mx\\\/#organization\",\"name\":\"Fuentes Fidedignas\",\"url\":\"https:\\\/\\\/fuentesfidedignas.com.mx\\\/\",\"logo\":{\"@type\":\"ImageObject\",\"inLanguage\":\"es\",\"@id\":\"https:\\\/\\\/fuentesfidedignas.com.mx\\\/#\\\/schema\\\/logo\\\/image\\\/\",\"url\":\"https:\\\/\\\/fuentesfidedignas.com.mx\\\/wp-content\\\/uploads\\\/2021\\\/04\\\/logo-retina.png\",\"contentUrl\":\"https:\\\/\\\/fuentesfidedignas.com.mx\\\/wp-content\\\/uploads\\\/2021\\\/04\\\/logo-retina.png\",\"width\":280,\"height\":51,\"caption\":\"Fuentes Fidedignas\"},\"image\":{\"@id\":\"https:\\\/\\\/fuentesfidedignas.com.mx\\\/#\\\/schema\\\/logo\\\/image\\\/\"},\"sameAs\":[\"https:\\\/\\\/www.facebook.com\\\/Fuentes-Fidedignas-368234489921644\",\"https:\\\/\\\/x.com\\\/fidedignas\"]},{\"@type\":\"Person\",\"@id\":\"https:\\\/\\\/fuentesfidedignas.com.mx\\\/#\\\/schema\\\/person\\\/67d852f0557c8509146a4b9ddebd543a\",\"name\":\"L\u00f3pez D\u00f3riga\",\"image\":{\"@type\":\"ImageObject\",\"inLanguage\":\"es\",\"@id\":\"https:\\\/\\\/secure.gravatar.com\\\/avatar\\\/e525b06574ca18b33cded59dfe5778d6c823b9513154eff47da551b0551bdd1e?s=96&d=mm&r=g\",\"url\":\"https:\\\/\\\/secure.gravatar.com\\\/avatar\\\/e525b06574ca18b33cded59dfe5778d6c823b9513154eff47da551b0551bdd1e?s=96&d=mm&r=g\",\"contentUrl\":\"https:\\\/\\\/secure.gravatar.com\\\/avatar\\\/e525b06574ca18b33cded59dfe5778d6c823b9513154eff47da551b0551bdd1e?s=96&d=mm&r=g\",\"caption\":\"L\u00f3pez D\u00f3riga\"},\"url\":\"https:\\\/\\\/fuentesfidedignas.com.mx\\\/index.php\\\/author\\\/doriga\\\/\"}]}<\/script>\n<!-- \/ Yoast SEO plugin. -->","yoast_head_json":{"title":"Sheinbaum solicitar\u00e1 a Trump la \u201cinformaci\u00f3n completa\u201d sobre la detenci\u00f3n del \u2018Mayo\u2019 Zambada - Fuentes Fidedignas","robots":{"index":"index","follow":"follow","max-snippet":"max-snippet:-1","max-image-preview":"max-image-preview:large","max-video-preview":"max-video-preview:-1"},"canonical":"https:\/\/fuentesfidedignas.com.mx\/index.php\/2025\/01\/16\/sheinbaum-solicitara-a-trump-la-informacion-completa-sobre-la-detencion-del-mayo-zambada\/","og_locale":"es_MX","og_type":"article","og_title":"Sheinbaum solicitar\u00e1 a Trump la \u201cinformaci\u00f3n completa\u201d sobre la detenci\u00f3n del \u2018Mayo\u2019 Zambada - Fuentes Fidedignas","og_description":"La presidenta Sheinbaum indic\u00f3 que EE.UU. debe entregar toda la informaci\u00f3n de la captura del narcotraficante Ismael \u2018Mayo\u2019 Zambada a presidenta de M\u00e9xico, Claudia Sheinbaum Pardo, asegur\u00f3 que cuando Donald Trump tome posesi\u00f3n de la Casa Blanca volver\u00e1 a solicitar la informaci\u00f3n sobre la detenci\u00f3n del narcotraficante Ismael Mayo Zambada, realizada el 25 de julio. [&hellip;]","og_url":"https:\/\/fuentesfidedignas.com.mx\/index.php\/2025\/01\/16\/sheinbaum-solicitara-a-trump-la-informacion-completa-sobre-la-detencion-del-mayo-zambada\/","og_site_name":"Fuentes Fidedignas","article_publisher":"https:\/\/www.facebook.com\/Fuentes-Fidedignas-368234489921644","article_published_time":"2025-01-16T16:32:57+00:00","article_modified_time":"2025-01-16T16:32:59+00:00","og_image":[{"width":650,"height":486,"url":"https:\/\/fuentesfidedignas.com.mx\/wp-content\/uploads\/2024\/07\/arresto-el-mayo.jpg","type":"image\/jpeg"}],"author":"L\u00f3pez D\u00f3riga","twitter_card":"summary_large_image","twitter_creator":"@fidedignas","twitter_site":"@fidedignas","twitter_misc":{"Escrito por":"L\u00f3pez D\u00f3riga","Tiempo de lectura":"2 minutos"},"schema":{"@context":"https:\/\/schema.org","@graph":[{"@type":"Article","@id":"https:\/\/fuentesfidedignas.com.mx\/index.php\/2025\/01\/16\/sheinbaum-solicitara-a-trump-la-informacion-completa-sobre-la-detencion-del-mayo-zambada\/#article","isPartOf":{"@id":"https:\/\/fuentesfidedignas.com.mx\/index.php\/2025\/01\/16\/sheinbaum-solicitara-a-trump-la-informacion-completa-sobre-la-detencion-del-mayo-zambada\/"},"author":{"name":"L\u00f3pez D\u00f3riga","@id":"https:\/\/fuentesfidedignas.com.mx\/#\/schema\/person\/67d852f0557c8509146a4b9ddebd543a"},"headline":"Sheinbaum solicitar\u00e1 a Trump la \u201cinformaci\u00f3n completa\u201d sobre la detenci\u00f3n del \u2018Mayo\u2019 Zambada","datePublished":"2025-01-16T16:32:57+00:00","dateModified":"2025-01-16T16:32:59+00:00","mainEntityOfPage":{"@id":"https:\/\/fuentesfidedignas.com.mx\/index.php\/2025\/01\/16\/sheinbaum-solicitara-a-trump-la-informacion-completa-sobre-la-detencion-del-mayo-zambada\/"},"wordCount":391,"commentCount":0,"publisher":{"@id":"https:\/\/fuentesfidedignas.com.mx\/#organization"},"image":{"@id":"https:\/\/fuentesfidedignas.com.mx\/index.php\/2025\/01\/16\/sheinbaum-solicitara-a-trump-la-informacion-completa-sobre-la-detencion-del-mayo-zambada\/#primaryimage"},"thumbnailUrl":"https:\/\/fuentesfidedignas.com.mx\/wp-content\/uploads\/2024\/07\/arresto-el-mayo.jpg","articleSection":["NOTICIAS NACIONALES"],"inLanguage":"es","potentialAction":[{"@type":"CommentAction","name":"Comment","target":["https:\/\/fuentesfidedignas.com.mx\/index.php\/2025\/01\/16\/sheinbaum-solicitara-a-trump-la-informacion-completa-sobre-la-detencion-del-mayo-zambada\/#respond"]}]},{"@type":"WebPage","@id":"https:\/\/fuentesfidedignas.com.mx\/index.php\/2025\/01\/16\/sheinbaum-solicitara-a-trump-la-informacion-completa-sobre-la-detencion-del-mayo-zambada\/","url":"https:\/\/fuentesfidedignas.com.mx\/index.php\/2025\/01\/16\/sheinbaum-solicitara-a-trump-la-informacion-completa-sobre-la-detencion-del-mayo-zambada\/","name":"Sheinbaum solicitar\u00e1 a Trump la \u201cinformaci\u00f3n completa\u201d sobre la detenci\u00f3n del \u2018Mayo\u2019 Zambada - Fuentes Fidedignas","isPartOf":{"@id":"https:\/\/fuentesfidedignas.com.mx\/#website"},"primaryImageOfPage":{"@id":"https:\/\/fuentesfidedignas.com.mx\/index.php\/2025\/01\/16\/sheinbaum-solicitara-a-trump-la-informacion-completa-sobre-la-detencion-del-mayo-zambada\/#primaryimage"},"image":{"@id":"https:\/\/fuentesfidedignas.com.mx\/index.php\/2025\/01\/16\/sheinbaum-solicitara-a-trump-la-informacion-completa-sobre-la-detencion-del-mayo-zambada\/#primaryimage"},"thumbnailUrl":"https:\/\/fuentesfidedignas.com.mx\/wp-content\/uploads\/2024\/07\/arresto-el-mayo.jpg","datePublished":"2025-01-16T16:32:57+00:00","dateModified":"2025-01-16T16:32:59+00:00","breadcrumb":{"@id":"https:\/\/fuentesfidedignas.com.mx\/index.php\/2025\/01\/16\/sheinbaum-solicitara-a-trump-la-informacion-completa-sobre-la-detencion-del-mayo-zambada\/#breadcrumb"},"inLanguage":"es","potentialAction":[{"@type":"ReadAction","target":["https:\/\/fuentesfidedignas.com.mx\/index.php\/2025\/01\/16\/sheinbaum-solicitara-a-trump-la-informacion-completa-sobre-la-detencion-del-mayo-zambada\/"]}]},{"@type":"ImageObject","inLanguage":"es","@id":"https:\/\/fuentesfidedignas.com.mx\/index.php\/2025\/01\/16\/sheinbaum-solicitara-a-trump-la-informacion-completa-sobre-la-detencion-del-mayo-zambada\/#primaryimage","url":"https:\/\/fuentesfidedignas.com.mx\/wp-content\/uploads\/2024\/07\/arresto-el-mayo.jpg","contentUrl":"https:\/\/fuentesfidedignas.com.mx\/wp-content\/uploads\/2024\/07\/arresto-el-mayo.jpg","width":650,"height":486},{"@type":"BreadcrumbList","@id":"https:\/\/fuentesfidedignas.com.mx\/index.php\/2025\/01\/16\/sheinbaum-solicitara-a-trump-la-informacion-completa-sobre-la-detencion-del-mayo-zambada\/#breadcrumb","itemListElement":[{"@type":"ListItem","position":1,"name":"Inicio","item":"https:\/\/fuentesfidedignas.com.mx\/"},{"@type":"ListItem","position":2,"name":"Sheinbaum solicitar\u00e1 a Trump la \u201cinformaci\u00f3n completa\u201d sobre la detenci\u00f3n del \u2018Mayo\u2019 Zambada"}]},{"@type":"WebSite","@id":"https:\/\/fuentesfidedignas.com.mx\/#website","url":"https:\/\/fuentesfidedignas.com.mx\/","name":"Fuentes Fidedignas","description":"Otro sitio realizado con WordPress","publisher":{"@id":"https:\/\/fuentesfidedignas.com.mx\/#organization"},"potentialAction":[{"@type":"SearchAction","target":{"@type":"EntryPoint","urlTemplate":"https:\/\/fuentesfidedignas.com.mx\/?s={search_term_string}"},"query-input":{"@type":"PropertyValueSpecification","valueRequired":true,"valueName":"search_term_string"}}],"inLanguage":"es"},{"@type":"Organization","@id":"https:\/\/fuentesfidedignas.com.mx\/#organization","name":"Fuentes Fidedignas","url":"https:\/\/fuentesfidedignas.com.mx\/","logo":{"@type":"ImageObject","inLanguage":"es","@id":"https:\/\/fuentesfidedignas.com.mx\/#\/schema\/logo\/image\/","url":"https:\/\/fuentesfidedignas.com.mx\/wp-content\/uploads\/2021\/04\/logo-retina.png","contentUrl":"https:\/\/fuentesfidedignas.com.mx\/wp-content\/uploads\/2021\/04\/logo-retina.png","width":280,"height":51,"caption":"Fuentes Fidedignas"},"image":{"@id":"https:\/\/fuentesfidedignas.com.mx\/#\/schema\/logo\/image\/"},"sameAs":["https:\/\/www.facebook.com\/Fuentes-Fidedignas-368234489921644","https:\/\/x.com\/fidedignas"]},{"@type":"Person","@id":"https:\/\/fuentesfidedignas.com.mx\/#\/schema\/person\/67d852f0557c8509146a4b9ddebd543a","name":"L\u00f3pez D\u00f3riga","image":{"@type":"ImageObject","inLanguage":"es","@id":"https:\/\/secure.gravatar.com\/avatar\/e525b06574ca18b33cded59dfe5778d6c823b9513154eff47da551b0551bdd1e?s=96&d=mm&r=g","url":"https:\/\/secure.gravatar.com\/avatar\/e525b06574ca18b33cded59dfe5778d6c823b9513154eff47da551b0551bdd1e?s=96&d=mm&r=g","contentUrl":"https:\/\/secure.gravatar.com\/avatar\/e525b06574ca18b33cded59dfe5778d6c823b9513154eff47da551b0551bdd1e?s=96&d=mm&r=g","caption":"L\u00f3pez D\u00f3riga"},"url":"https:\/\/fuentesfidedignas.com.mx\/index.php\/author\/doriga\/"}]}},"_links":{"self":[{"href":"https:\/\/fuentesfidedignas.com.mx\/index.php\/wp-json\/wp\/v2\/posts\/99452","targetHints":{"allow":["GET"]}}],"collection":[{"href":"https:\/\/fuentesfidedignas.com.mx\/index.php\/wp-json\/wp\/v2\/posts"}],"about":[{"href":"https:\/\/fuentesfidedignas.com.mx\/index.php\/wp-json\/wp\/v2\/types\/post"}],"author":[{"embeddable":true,"href":"https:\/\/fuentesfidedignas.com.mx\/index.php\/wp-json\/wp\/v2\/users\/47"}],"replies":[{"embeddable":true,"href":"https:\/\/fuentesfidedignas.com.mx\/index.php\/wp-json\/wp\/v2\/comments?post=99452"}],"version-history":[{"count":1,"href":"https:\/\/fuentesfidedignas.com.mx\/index.php\/wp-json\/wp\/v2\/posts\/99452\/revisions"}],"predecessor-version":[{"id":99453,"href":"https:\/\/fuentesfidedignas.com.mx\/index.php\/wp-json\/wp\/v2\/posts\/99452\/revisions\/99453"}],"wp:featuredmedia":[{"embeddable":true,"href":"https:\/\/fuentesfidedignas.com.mx\/index.php\/wp-json\/wp\/v2\/media\/87523"}],"wp:attachment":[{"href":"https:\/\/fuentesfidedignas.com.mx\/index.php\/wp-json\/wp\/v2\/media?parent=99452"}],"wp:term":[{"taxonomy":"category","embeddable":true,"href":"https:\/\/fuentesfidedignas.com.mx\/index.php\/wp-json\/wp\/v2\/categories?post=99452"},{"taxonomy":"post_tag","embeddable":true,"href":"https:\/\/fuentesfidedignas.com.mx\/index.php\/wp-json\/wp\/v2\/tags?post=99452"}],"curies":[{"name":"wp","href":"https:\/\/api.w.org\/{rel}","templated":true}]}}