{"id":99415,"date":"2025-01-15T18:36:22","date_gmt":"2025-01-16T01:36:22","guid":{"rendered":"https:\/\/fuentesfidedignas.com.mx\/?p=99415"},"modified":"2025-01-15T18:36:24","modified_gmt":"2025-01-16T01:36:24","slug":"avioneta-se-desploma-en-los-limites-de-nayarit-y-jalisco-viajaban-5-personas-a-bordo","status":"publish","type":"post","link":"https:\/\/fuentesfidedignas.com.mx\/index.php\/2025\/01\/15\/avioneta-se-desploma-en-los-limites-de-nayarit-y-jalisco-viajaban-5-personas-a-bordo\/","title":{"rendered":"Avioneta se desploma en los l\u00edmites de Nayarit y Jalisco; viajaban 5 personas a bordo"},"content":{"rendered":"\n<p><strong><em>El accidente dej\u00f3 a cinco personas a bordo, cuyo estado de salud a\u00fan es incierto.<\/em><\/strong><\/p>\n\n\n\n<p>Una intensa movilizaci\u00f3n de equipos de emergencia se registr\u00f3 esta tarde en el municipio de Bola\u00f1os, tras el reporte del desplome de una avioneta en los l\u00edmites de los estados de Jalisco&nbsp;y Nayarit.&nbsp;<\/p>\n\n\n\n<p>El accidente ocurri\u00f3 en las cercan\u00edas de Puente de Camotl\u00e1n, en el municipio de La Yesca, Nayarit, y gener\u00f3 incertidumbre sobre el estado de salud de las cinco personas que viajaban a bordo.<\/p>\n\n\n\n<p>De acuerdo con los primeros reportes, la aeronave hab\u00eda despegado de Puente de Camotl\u00e1n, en Nayarit, y se dirig\u00eda hacia otro destino, aunque no se ha confirmado la procedencia ni el destino final de la avioneta.&nbsp;<\/p>\n\n\n\n<p>Las autoridades a\u00fan investigan si la aeronave ten\u00eda alguna conexi\u00f3n con el aeropuerto de Tepic, aunque se presume que podr\u00eda ser de origen for\u00e1neo.<\/p>\n\n\n\n<p>Personal de Protecci\u00f3n Civil y Bomberos de ambos estados, junto con param\u00e9dicos, desplegaron un operativo de b\u00fasqueda y rescate en la zona.&nbsp;<\/p>\n\n\n\n<p>Sin embargo, las condiciones del terreno presentaron obst\u00e1culos para los rescatistas, quienes se ven obligados a enfrentarse a terrenos empinados y dif\u00edciles de transitar.<\/p>\n\n\n\n<p>Hasta el momento, las autoridades no han confirmado la identidad de los cinco ocupantes ni el estado de salud de los mismos.<\/p>\n","protected":false},"excerpt":{"rendered":"<p>El accidente dej\u00f3 a cinco personas a bordo, cuyo estado de salud a\u00fan es incierto. Una intensa movilizaci\u00f3n de equipos de emergencia se registr\u00f3 esta tarde en el municipio de Bola\u00f1os, tras el reporte del desplome de una avioneta en los l\u00edmites de los estados de Jalisco&nbsp;y Nayarit.&nbsp; El accidente ocurri\u00f3 en las cercan\u00edas de [&hellip;]<\/p>\n","protected":false},"author":9,"featured_media":55813,"comment_status":"open","ping_status":"open","sticky":false,"template":"","format":"standard","meta":{"tdm_status":"","tdm_grid_status":"","footnotes":""},"categories":[39],"tags":[],"class_list":{"0":"post-99415","1":"post","2":"type-post","3":"status-publish","4":"format-standard","5":"has-post-thumbnail","7":"category-noticias-nacionales"},"yoast_head":"<!-- This site is optimized with the Yoast SEO plugin v27.5 - https:\/\/yoast.com\/product\/yoast-seo-wordpress\/ -->\n<title>Avioneta se desploma en los l\u00edmites de Nayarit y Jalisco; viajaban 5 personas a bordo - Fuentes Fidedignas<\/title>\n<meta name=\"robots\" content=\"index, follow, max-snippet:-1, max-image-preview:large, max-video-preview:-1\" \/>\n<link rel=\"canonical\" href=\"https:\/\/fuentesfidedignas.com.mx\/index.php\/2025\/01\/15\/avioneta-se-desploma-en-los-limites-de-nayarit-y-jalisco-viajaban-5-personas-a-bordo\/\" \/>\n<meta property=\"og:locale\" content=\"es_MX\" \/>\n<meta property=\"og:type\" content=\"article\" \/>\n<meta property=\"og:title\" content=\"Avioneta se desploma en los l\u00edmites de Nayarit y Jalisco; viajaban 5 personas a bordo - Fuentes Fidedignas\" \/>\n<meta property=\"og:description\" content=\"El accidente dej\u00f3 a cinco personas a bordo, cuyo estado de salud a\u00fan es incierto. Una intensa movilizaci\u00f3n de equipos de emergencia se registr\u00f3 esta tarde en el municipio de Bola\u00f1os, tras el reporte del desplome de una avioneta en los l\u00edmites de los estados de Jalisco&nbsp;y Nayarit.&nbsp; El accidente ocurri\u00f3 en las cercan\u00edas de [&hellip;]\" \/>\n<meta property=\"og:url\" content=\"https:\/\/fuentesfidedignas.com.mx\/index.php\/2025\/01\/15\/avioneta-se-desploma-en-los-limites-de-nayarit-y-jalisco-viajaban-5-personas-a-bordo\/\" \/>\n<meta property=\"og:site_name\" content=\"Fuentes Fidedignas\" \/>\n<meta property=\"article:publisher\" content=\"https:\/\/www.facebook.com\/Fuentes-Fidedignas-368234489921644\" \/>\n<meta property=\"article:published_time\" content=\"2025-01-16T01:36:22+00:00\" \/>\n<meta property=\"article:modified_time\" content=\"2025-01-16T01:36:24+00:00\" \/>\n<meta property=\"og:image\" content=\"https:\/\/fuentesfidedignas.com.mx\/wp-content\/uploads\/2023\/08\/CINTA.jpg\" \/>\n\t<meta property=\"og:image:width\" content=\"800\" \/>\n\t<meta property=\"og:image:height\" content=\"600\" \/>\n\t<meta property=\"og:image:type\" content=\"image\/jpeg\" \/>\n<meta name=\"author\" content=\"Milenio\" \/>\n<meta name=\"twitter:card\" content=\"summary_large_image\" \/>\n<meta name=\"twitter:creator\" content=\"@fidedignas\" \/>\n<meta name=\"twitter:site\" content=\"@fidedignas\" \/>\n<meta name=\"twitter:label1\" content=\"Escrito por\" \/>\n\t<meta name=\"twitter:data1\" content=\"Milenio\" \/>\n\t<meta name=\"twitter:label2\" content=\"Tiempo de lectura\" \/>\n\t<meta name=\"twitter:data2\" content=\"2 minutos\" \/>\n<script type=\"application\/ld+json\" class=\"yoast-schema-graph\">{\"@context\":\"https:\\\/\\\/schema.org\",\"@graph\":[{\"@type\":\"Article\",\"@id\":\"https:\\\/\\\/fuentesfidedignas.com.mx\\\/index.php\\\/2025\\\/01\\\/15\\\/avioneta-se-desploma-en-los-limites-de-nayarit-y-jalisco-viajaban-5-personas-a-bordo\\\/#article\",\"isPartOf\":{\"@id\":\"https:\\\/\\\/fuentesfidedignas.com.mx\\\/index.php\\\/2025\\\/01\\\/15\\\/avioneta-se-desploma-en-los-limites-de-nayarit-y-jalisco-viajaban-5-personas-a-bordo\\\/\"},\"author\":{\"name\":\"Milenio\",\"@id\":\"https:\\\/\\\/fuentesfidedignas.com.mx\\\/#\\\/schema\\\/person\\\/47ec0135738f4b0c7495f06a77a2c976\"},\"headline\":\"Avioneta se desploma en los l\u00edmites de Nayarit y Jalisco; viajaban 5 personas a bordo\",\"datePublished\":\"2025-01-16T01:36:22+00:00\",\"dateModified\":\"2025-01-16T01:36:24+00:00\",\"mainEntityOfPage\":{\"@id\":\"https:\\\/\\\/fuentesfidedignas.com.mx\\\/index.php\\\/2025\\\/01\\\/15\\\/avioneta-se-desploma-en-los-limites-de-nayarit-y-jalisco-viajaban-5-personas-a-bordo\\\/\"},\"wordCount\":248,\"commentCount\":0,\"publisher\":{\"@id\":\"https:\\\/\\\/fuentesfidedignas.com.mx\\\/#organization\"},\"image\":{\"@id\":\"https:\\\/\\\/fuentesfidedignas.com.mx\\\/index.php\\\/2025\\\/01\\\/15\\\/avioneta-se-desploma-en-los-limites-de-nayarit-y-jalisco-viajaban-5-personas-a-bordo\\\/#primaryimage\"},\"thumbnailUrl\":\"https:\\\/\\\/fuentesfidedignas.com.mx\\\/wp-content\\\/uploads\\\/2023\\\/08\\\/CINTA.jpg\",\"articleSection\":[\"NOTICIAS NACIONALES\"],\"inLanguage\":\"es\",\"potentialAction\":[{\"@type\":\"CommentAction\",\"name\":\"Comment\",\"target\":[\"https:\\\/\\\/fuentesfidedignas.com.mx\\\/index.php\\\/2025\\\/01\\\/15\\\/avioneta-se-desploma-en-los-limites-de-nayarit-y-jalisco-viajaban-5-personas-a-bordo\\\/#respond\"]}]},{\"@type\":\"WebPage\",\"@id\":\"https:\\\/\\\/fuentesfidedignas.com.mx\\\/index.php\\\/2025\\\/01\\\/15\\\/avioneta-se-desploma-en-los-limites-de-nayarit-y-jalisco-viajaban-5-personas-a-bordo\\\/\",\"url\":\"https:\\\/\\\/fuentesfidedignas.com.mx\\\/index.php\\\/2025\\\/01\\\/15\\\/avioneta-se-desploma-en-los-limites-de-nayarit-y-jalisco-viajaban-5-personas-a-bordo\\\/\",\"name\":\"Avioneta se desploma en los l\u00edmites de Nayarit y Jalisco; viajaban 5 personas a bordo - Fuentes Fidedignas\",\"isPartOf\":{\"@id\":\"https:\\\/\\\/fuentesfidedignas.com.mx\\\/#website\"},\"primaryImageOfPage\":{\"@id\":\"https:\\\/\\\/fuentesfidedignas.com.mx\\\/index.php\\\/2025\\\/01\\\/15\\\/avioneta-se-desploma-en-los-limites-de-nayarit-y-jalisco-viajaban-5-personas-a-bordo\\\/#primaryimage\"},\"image\":{\"@id\":\"https:\\\/\\\/fuentesfidedignas.com.mx\\\/index.php\\\/2025\\\/01\\\/15\\\/avioneta-se-desploma-en-los-limites-de-nayarit-y-jalisco-viajaban-5-personas-a-bordo\\\/#primaryimage\"},\"thumbnailUrl\":\"https:\\\/\\\/fuentesfidedignas.com.mx\\\/wp-content\\\/uploads\\\/2023\\\/08\\\/CINTA.jpg\",\"datePublished\":\"2025-01-16T01:36:22+00:00\",\"dateModified\":\"2025-01-16T01:36:24+00:00\",\"breadcrumb\":{\"@id\":\"https:\\\/\\\/fuentesfidedignas.com.mx\\\/index.php\\\/2025\\\/01\\\/15\\\/avioneta-se-desploma-en-los-limites-de-nayarit-y-jalisco-viajaban-5-personas-a-bordo\\\/#breadcrumb\"},\"inLanguage\":\"es\",\"potentialAction\":[{\"@type\":\"ReadAction\",\"target\":[\"https:\\\/\\\/fuentesfidedignas.com.mx\\\/index.php\\\/2025\\\/01\\\/15\\\/avioneta-se-desploma-en-los-limites-de-nayarit-y-jalisco-viajaban-5-personas-a-bordo\\\/\"]}]},{\"@type\":\"ImageObject\",\"inLanguage\":\"es\",\"@id\":\"https:\\\/\\\/fuentesfidedignas.com.mx\\\/index.php\\\/2025\\\/01\\\/15\\\/avioneta-se-desploma-en-los-limites-de-nayarit-y-jalisco-viajaban-5-personas-a-bordo\\\/#primaryimage\",\"url\":\"https:\\\/\\\/fuentesfidedignas.com.mx\\\/wp-content\\\/uploads\\\/2023\\\/08\\\/CINTA.jpg\",\"contentUrl\":\"https:\\\/\\\/fuentesfidedignas.com.mx\\\/wp-content\\\/uploads\\\/2023\\\/08\\\/CINTA.jpg\",\"width\":800,\"height\":600},{\"@type\":\"BreadcrumbList\",\"@id\":\"https:\\\/\\\/fuentesfidedignas.com.mx\\\/index.php\\\/2025\\\/01\\\/15\\\/avioneta-se-desploma-en-los-limites-de-nayarit-y-jalisco-viajaban-5-personas-a-bordo\\\/#breadcrumb\",\"itemListElement\":[{\"@type\":\"ListItem\",\"position\":1,\"name\":\"Inicio\",\"item\":\"https:\\\/\\\/fuentesfidedignas.com.mx\\\/\"},{\"@type\":\"ListItem\",\"position\":2,\"name\":\"Avioneta se desploma en los l\u00edmites de Nayarit y Jalisco; viajaban 5 personas a bordo\"}]},{\"@type\":\"WebSite\",\"@id\":\"https:\\\/\\\/fuentesfidedignas.com.mx\\\/#website\",\"url\":\"https:\\\/\\\/fuentesfidedignas.com.mx\\\/\",\"name\":\"Fuentes Fidedignas\",\"description\":\"Otro sitio realizado con WordPress\",\"publisher\":{\"@id\":\"https:\\\/\\\/fuentesfidedignas.com.mx\\\/#organization\"},\"potentialAction\":[{\"@type\":\"SearchAction\",\"target\":{\"@type\":\"EntryPoint\",\"urlTemplate\":\"https:\\\/\\\/fuentesfidedignas.com.mx\\\/?s={search_term_string}\"},\"query-input\":{\"@type\":\"PropertyValueSpecification\",\"valueRequired\":true,\"valueName\":\"search_term_string\"}}],\"inLanguage\":\"es\"},{\"@type\":\"Organization\",\"@id\":\"https:\\\/\\\/fuentesfidedignas.com.mx\\\/#organization\",\"name\":\"Fuentes Fidedignas\",\"url\":\"https:\\\/\\\/fuentesfidedignas.com.mx\\\/\",\"logo\":{\"@type\":\"ImageObject\",\"inLanguage\":\"es\",\"@id\":\"https:\\\/\\\/fuentesfidedignas.com.mx\\\/#\\\/schema\\\/logo\\\/image\\\/\",\"url\":\"https:\\\/\\\/fuentesfidedignas.com.mx\\\/wp-content\\\/uploads\\\/2021\\\/04\\\/logo-retina.png\",\"contentUrl\":\"https:\\\/\\\/fuentesfidedignas.com.mx\\\/wp-content\\\/uploads\\\/2021\\\/04\\\/logo-retina.png\",\"width\":280,\"height\":51,\"caption\":\"Fuentes Fidedignas\"},\"image\":{\"@id\":\"https:\\\/\\\/fuentesfidedignas.com.mx\\\/#\\\/schema\\\/logo\\\/image\\\/\"},\"sameAs\":[\"https:\\\/\\\/www.facebook.com\\\/Fuentes-Fidedignas-368234489921644\",\"https:\\\/\\\/x.com\\\/fidedignas\"]},{\"@type\":\"Person\",\"@id\":\"https:\\\/\\\/fuentesfidedignas.com.mx\\\/#\\\/schema\\\/person\\\/47ec0135738f4b0c7495f06a77a2c976\",\"name\":\"Milenio\",\"image\":{\"@type\":\"ImageObject\",\"inLanguage\":\"es\",\"@id\":\"https:\\\/\\\/secure.gravatar.com\\\/avatar\\\/acabf7b54753e51c2c76457954577c236b3b764789b19879565769739d1e4a75?s=96&d=mm&r=g\",\"url\":\"https:\\\/\\\/secure.gravatar.com\\\/avatar\\\/acabf7b54753e51c2c76457954577c236b3b764789b19879565769739d1e4a75?s=96&d=mm&r=g\",\"contentUrl\":\"https:\\\/\\\/secure.gravatar.com\\\/avatar\\\/acabf7b54753e51c2c76457954577c236b3b764789b19879565769739d1e4a75?s=96&d=mm&r=g\",\"caption\":\"Milenio\"},\"url\":\"https:\\\/\\\/fuentesfidedignas.com.mx\\\/index.php\\\/author\\\/milenio\\\/\"}]}<\/script>\n<!-- \/ Yoast SEO plugin. -->","yoast_head_json":{"title":"Avioneta se desploma en los l\u00edmites de Nayarit y Jalisco; viajaban 5 personas a bordo - Fuentes Fidedignas","robots":{"index":"index","follow":"follow","max-snippet":"max-snippet:-1","max-image-preview":"max-image-preview:large","max-video-preview":"max-video-preview:-1"},"canonical":"https:\/\/fuentesfidedignas.com.mx\/index.php\/2025\/01\/15\/avioneta-se-desploma-en-los-limites-de-nayarit-y-jalisco-viajaban-5-personas-a-bordo\/","og_locale":"es_MX","og_type":"article","og_title":"Avioneta se desploma en los l\u00edmites de Nayarit y Jalisco; viajaban 5 personas a bordo - Fuentes Fidedignas","og_description":"El accidente dej\u00f3 a cinco personas a bordo, cuyo estado de salud a\u00fan es incierto. Una intensa movilizaci\u00f3n de equipos de emergencia se registr\u00f3 esta tarde en el municipio de Bola\u00f1os, tras el reporte del desplome de una avioneta en los l\u00edmites de los estados de Jalisco&nbsp;y Nayarit.&nbsp; El accidente ocurri\u00f3 en las cercan\u00edas de [&hellip;]","og_url":"https:\/\/fuentesfidedignas.com.mx\/index.php\/2025\/01\/15\/avioneta-se-desploma-en-los-limites-de-nayarit-y-jalisco-viajaban-5-personas-a-bordo\/","og_site_name":"Fuentes Fidedignas","article_publisher":"https:\/\/www.facebook.com\/Fuentes-Fidedignas-368234489921644","article_published_time":"2025-01-16T01:36:22+00:00","article_modified_time":"2025-01-16T01:36:24+00:00","og_image":[{"width":800,"height":600,"url":"https:\/\/fuentesfidedignas.com.mx\/wp-content\/uploads\/2023\/08\/CINTA.jpg","type":"image\/jpeg"}],"author":"Milenio","twitter_card":"summary_large_image","twitter_creator":"@fidedignas","twitter_site":"@fidedignas","twitter_misc":{"Escrito por":"Milenio","Tiempo de lectura":"2 minutos"},"schema":{"@context":"https:\/\/schema.org","@graph":[{"@type":"Article","@id":"https:\/\/fuentesfidedignas.com.mx\/index.php\/2025\/01\/15\/avioneta-se-desploma-en-los-limites-de-nayarit-y-jalisco-viajaban-5-personas-a-bordo\/#article","isPartOf":{"@id":"https:\/\/fuentesfidedignas.com.mx\/index.php\/2025\/01\/15\/avioneta-se-desploma-en-los-limites-de-nayarit-y-jalisco-viajaban-5-personas-a-bordo\/"},"author":{"name":"Milenio","@id":"https:\/\/fuentesfidedignas.com.mx\/#\/schema\/person\/47ec0135738f4b0c7495f06a77a2c976"},"headline":"Avioneta se desploma en los l\u00edmites de Nayarit y Jalisco; viajaban 5 personas a bordo","datePublished":"2025-01-16T01:36:22+00:00","dateModified":"2025-01-16T01:36:24+00:00","mainEntityOfPage":{"@id":"https:\/\/fuentesfidedignas.com.mx\/index.php\/2025\/01\/15\/avioneta-se-desploma-en-los-limites-de-nayarit-y-jalisco-viajaban-5-personas-a-bordo\/"},"wordCount":248,"commentCount":0,"publisher":{"@id":"https:\/\/fuentesfidedignas.com.mx\/#organization"},"image":{"@id":"https:\/\/fuentesfidedignas.com.mx\/index.php\/2025\/01\/15\/avioneta-se-desploma-en-los-limites-de-nayarit-y-jalisco-viajaban-5-personas-a-bordo\/#primaryimage"},"thumbnailUrl":"https:\/\/fuentesfidedignas.com.mx\/wp-content\/uploads\/2023\/08\/CINTA.jpg","articleSection":["NOTICIAS NACIONALES"],"inLanguage":"es","potentialAction":[{"@type":"CommentAction","name":"Comment","target":["https:\/\/fuentesfidedignas.com.mx\/index.php\/2025\/01\/15\/avioneta-se-desploma-en-los-limites-de-nayarit-y-jalisco-viajaban-5-personas-a-bordo\/#respond"]}]},{"@type":"WebPage","@id":"https:\/\/fuentesfidedignas.com.mx\/index.php\/2025\/01\/15\/avioneta-se-desploma-en-los-limites-de-nayarit-y-jalisco-viajaban-5-personas-a-bordo\/","url":"https:\/\/fuentesfidedignas.com.mx\/index.php\/2025\/01\/15\/avioneta-se-desploma-en-los-limites-de-nayarit-y-jalisco-viajaban-5-personas-a-bordo\/","name":"Avioneta se desploma en los l\u00edmites de Nayarit y Jalisco; viajaban 5 personas a bordo - Fuentes Fidedignas","isPartOf":{"@id":"https:\/\/fuentesfidedignas.com.mx\/#website"},"primaryImageOfPage":{"@id":"https:\/\/fuentesfidedignas.com.mx\/index.php\/2025\/01\/15\/avioneta-se-desploma-en-los-limites-de-nayarit-y-jalisco-viajaban-5-personas-a-bordo\/#primaryimage"},"image":{"@id":"https:\/\/fuentesfidedignas.com.mx\/index.php\/2025\/01\/15\/avioneta-se-desploma-en-los-limites-de-nayarit-y-jalisco-viajaban-5-personas-a-bordo\/#primaryimage"},"thumbnailUrl":"https:\/\/fuentesfidedignas.com.mx\/wp-content\/uploads\/2023\/08\/CINTA.jpg","datePublished":"2025-01-16T01:36:22+00:00","dateModified":"2025-01-16T01:36:24+00:00","breadcrumb":{"@id":"https:\/\/fuentesfidedignas.com.mx\/index.php\/2025\/01\/15\/avioneta-se-desploma-en-los-limites-de-nayarit-y-jalisco-viajaban-5-personas-a-bordo\/#breadcrumb"},"inLanguage":"es","potentialAction":[{"@type":"ReadAction","target":["https:\/\/fuentesfidedignas.com.mx\/index.php\/2025\/01\/15\/avioneta-se-desploma-en-los-limites-de-nayarit-y-jalisco-viajaban-5-personas-a-bordo\/"]}]},{"@type":"ImageObject","inLanguage":"es","@id":"https:\/\/fuentesfidedignas.com.mx\/index.php\/2025\/01\/15\/avioneta-se-desploma-en-los-limites-de-nayarit-y-jalisco-viajaban-5-personas-a-bordo\/#primaryimage","url":"https:\/\/fuentesfidedignas.com.mx\/wp-content\/uploads\/2023\/08\/CINTA.jpg","contentUrl":"https:\/\/fuentesfidedignas.com.mx\/wp-content\/uploads\/2023\/08\/CINTA.jpg","width":800,"height":600},{"@type":"BreadcrumbList","@id":"https:\/\/fuentesfidedignas.com.mx\/index.php\/2025\/01\/15\/avioneta-se-desploma-en-los-limites-de-nayarit-y-jalisco-viajaban-5-personas-a-bordo\/#breadcrumb","itemListElement":[{"@type":"ListItem","position":1,"name":"Inicio","item":"https:\/\/fuentesfidedignas.com.mx\/"},{"@type":"ListItem","position":2,"name":"Avioneta se desploma en los l\u00edmites de Nayarit y Jalisco; viajaban 5 personas a bordo"}]},{"@type":"WebSite","@id":"https:\/\/fuentesfidedignas.com.mx\/#website","url":"https:\/\/fuentesfidedignas.com.mx\/","name":"Fuentes Fidedignas","description":"Otro sitio realizado con WordPress","publisher":{"@id":"https:\/\/fuentesfidedignas.com.mx\/#organization"},"potentialAction":[{"@type":"SearchAction","target":{"@type":"EntryPoint","urlTemplate":"https:\/\/fuentesfidedignas.com.mx\/?s={search_term_string}"},"query-input":{"@type":"PropertyValueSpecification","valueRequired":true,"valueName":"search_term_string"}}],"inLanguage":"es"},{"@type":"Organization","@id":"https:\/\/fuentesfidedignas.com.mx\/#organization","name":"Fuentes Fidedignas","url":"https:\/\/fuentesfidedignas.com.mx\/","logo":{"@type":"ImageObject","inLanguage":"es","@id":"https:\/\/fuentesfidedignas.com.mx\/#\/schema\/logo\/image\/","url":"https:\/\/fuentesfidedignas.com.mx\/wp-content\/uploads\/2021\/04\/logo-retina.png","contentUrl":"https:\/\/fuentesfidedignas.com.mx\/wp-content\/uploads\/2021\/04\/logo-retina.png","width":280,"height":51,"caption":"Fuentes Fidedignas"},"image":{"@id":"https:\/\/fuentesfidedignas.com.mx\/#\/schema\/logo\/image\/"},"sameAs":["https:\/\/www.facebook.com\/Fuentes-Fidedignas-368234489921644","https:\/\/x.com\/fidedignas"]},{"@type":"Person","@id":"https:\/\/fuentesfidedignas.com.mx\/#\/schema\/person\/47ec0135738f4b0c7495f06a77a2c976","name":"Milenio","image":{"@type":"ImageObject","inLanguage":"es","@id":"https:\/\/secure.gravatar.com\/avatar\/acabf7b54753e51c2c76457954577c236b3b764789b19879565769739d1e4a75?s=96&d=mm&r=g","url":"https:\/\/secure.gravatar.com\/avatar\/acabf7b54753e51c2c76457954577c236b3b764789b19879565769739d1e4a75?s=96&d=mm&r=g","contentUrl":"https:\/\/secure.gravatar.com\/avatar\/acabf7b54753e51c2c76457954577c236b3b764789b19879565769739d1e4a75?s=96&d=mm&r=g","caption":"Milenio"},"url":"https:\/\/fuentesfidedignas.com.mx\/index.php\/author\/milenio\/"}]}},"_links":{"self":[{"href":"https:\/\/fuentesfidedignas.com.mx\/index.php\/wp-json\/wp\/v2\/posts\/99415","targetHints":{"allow":["GET"]}}],"collection":[{"href":"https:\/\/fuentesfidedignas.com.mx\/index.php\/wp-json\/wp\/v2\/posts"}],"about":[{"href":"https:\/\/fuentesfidedignas.com.mx\/index.php\/wp-json\/wp\/v2\/types\/post"}],"author":[{"embeddable":true,"href":"https:\/\/fuentesfidedignas.com.mx\/index.php\/wp-json\/wp\/v2\/users\/9"}],"replies":[{"embeddable":true,"href":"https:\/\/fuentesfidedignas.com.mx\/index.php\/wp-json\/wp\/v2\/comments?post=99415"}],"version-history":[{"count":1,"href":"https:\/\/fuentesfidedignas.com.mx\/index.php\/wp-json\/wp\/v2\/posts\/99415\/revisions"}],"predecessor-version":[{"id":99416,"href":"https:\/\/fuentesfidedignas.com.mx\/index.php\/wp-json\/wp\/v2\/posts\/99415\/revisions\/99416"}],"wp:featuredmedia":[{"embeddable":true,"href":"https:\/\/fuentesfidedignas.com.mx\/index.php\/wp-json\/wp\/v2\/media\/55813"}],"wp:attachment":[{"href":"https:\/\/fuentesfidedignas.com.mx\/index.php\/wp-json\/wp\/v2\/media?parent=99415"}],"wp:term":[{"taxonomy":"category","embeddable":true,"href":"https:\/\/fuentesfidedignas.com.mx\/index.php\/wp-json\/wp\/v2\/categories?post=99415"},{"taxonomy":"post_tag","embeddable":true,"href":"https:\/\/fuentesfidedignas.com.mx\/index.php\/wp-json\/wp\/v2\/tags?post=99415"}],"curies":[{"name":"wp","href":"https:\/\/api.w.org\/{rel}","templated":true}]}}