{"id":99328,"date":"2025-01-14T17:24:26","date_gmt":"2025-01-15T00:24:26","guid":{"rendered":"https:\/\/fuentesfidedignas.com.mx\/?p=99328"},"modified":"2025-01-14T17:25:02","modified_gmt":"2025-01-15T00:25:02","slug":"el-mayo-zambada-regresa-a-la-corte-en-eu-los-chapitos-negocian-con-fiscalia","status":"publish","type":"post","link":"https:\/\/fuentesfidedignas.com.mx\/index.php\/2025\/01\/14\/el-mayo-zambada-regresa-a-la-corte-en-eu-los-chapitos-negocian-con-fiscalia\/","title":{"rendered":"&#8216;El Mayo&#8217; Zambada regresa a la Corte en EU; Los Chapitos negocian con Fiscal\u00eda"},"content":{"rendered":"\n<p><strong><em>El juez Brian Cogan, encargado del caso &#8216;El Mayo&#8217;, ha decidido si el abogado Frank P\u00e9rez, que tambi\u00e9n lo es de &#8216;El Vicentillo&#8217;, hijo de Zambada, podr\u00e1 continuar al frente de la defensa del capo.<\/em><\/strong><\/p>\n\n\n\n<p>El narcotraficante mexicano Ismael El Mayo&nbsp;Zambada,&nbsp;cofundador del C\u00e1rtel de Sinaloa, regresar\u00e1 el mi\u00e9rcoles 15 de enero al tribunal federal de Nueva York, donde se realizar\u00e1 una audiencia en la que se dirimir\u00e1 un potencial conflicto de inter\u00e9s del abogado del capo, quien tambi\u00e9n representa a uno de sus hijos.<\/p>\n\n\n\n<p>Cabe mencionar que al presunto narcotraficante, detenido el jueves 25 de julio del 2024 en El Paso, Texas, se le acusa de 17 cargos.<\/p>\n\n\n\n<p>Mientras tanto, Los Chapitos, Joaqu\u00edn y Ovidio Guzm\u00e1n L\u00f3pez, dos de los v\u00e1stagos de Joaqu\u00edn El Chapo Guzm\u00e1n, contin\u00faan negociando un acuerdo de culpabilidad con la Fiscal\u00eda federal de Estados Unidos, tal como trascendi\u00f3 una semana atr\u00e1s en una vista celebrada en una corte de Chicago.<\/p>\n\n\n\n<p>Zambada comparecer\u00e1 a las 10:00 horas en la Corte de Distrito Este, junto a la Fiscal\u00eda estadunidense que lo acusa de varios delitos relacionados con tr\u00e1fico de coca\u00edna, metanfetamina, fentanilo y hero\u00edna.<\/p>\n\n\n\n<p><strong>\u00bfDe qu\u00e9 acusan a El Mayo Zambada?\u00a0<\/strong><br>Tras dos audiencias\u00a0\u2014una en septiembre y otra en octubre\u2014<br>en Nueva York, y despu\u00e9s de que la fecha fuera modificada en un par de ocasiones, Zambada vuelve ma\u00f1ana al tribunal donde, entre otros cargos, se le acusa de conspiraci\u00f3n para asesinato, narcotr\u00e1fico, pertenencia a empresa criminal (el C\u00e1rtel de Sinaloa) y posesi\u00f3n de armas.<\/p>\n\n\n\n<p>El caso en Nueva York contra El Mayo, quien estuvo pr\u00f3fugo de la justicia durante m\u00e1s de cuatro d\u00e9cadas y por cuya captura Estados Unidos ofrec\u00eda 15 millones de d\u00f3lares, fue actualizado en febrero y es el \u00fanico que menciona el tr\u00e1fico de fentanilo, el potente opioide que ha generado una crisis de muertes por sobredosis en Estados Unidos.<\/p>\n\n\n\n<p>As\u00ed, Zambada podr\u00eda afrontar la pena de muerte, a pesar de que esta fue abolida en el estado de Nueva York en 2004, si el Gobierno considera que con su papel crucial en el Cartel de Sinaloa, actor principal en la crisis de sobredosis por fentanilo en Estados Unidos incurri\u00f3 en delitos federales tan graves como asesinatos en masa o cr\u00edmenes por terrorismo.<\/p>\n\n\n\n<p><strong>Potencial conflicto de intereses: \u00bfQu\u00e9 pasa con su abogado?\u00a0<\/strong><br>Sin embargo, en la sesi\u00f3n de este mi\u00e9rcoles, lo que se espera principalmente es que el juez encargado Brian M. Cogan se pronuncie sobre la petici\u00f3n de la Fiscal\u00eda para que revise un &#8220;potencial conflicto de intereses&#8221; por parte del abogado principal de El Mayo,\u00a0Frank P\u00e9rez.\u00a0<\/p>\n\n\n\n<p>Y es que este letrado tambi\u00e9n representa al hijo del propio capo, Vicente Zambada Niebla, El Vicentillo, quien se ha desempe\u00f1ado como colaborador activo de Estados Unidos.<\/p>\n\n\n\n<p>En octubre, Cogan, que conden\u00f3 a cadena perpetua a El Chapo en 2019 y a 38 a\u00f1os al exsecretario de Seguridad P\u00fablica mexicano Genaro Garc\u00eda meses atr\u00e1s, pidi\u00f3 &#8220;tiempo&#8221; para investigar esta posible incompatibilidad debido a la enjundia de la acusaci\u00f3n:&nbsp;<\/p>\n\n\n\n<p>&#8220;Esto ser\u00eda algo muy serio e importante, no puedo resolverlo en apenas dos d\u00edas&#8221;, afirm\u00f3 entonces el magistrado.<\/p>\n\n\n\n<p>&#8220;Espec\u00edficamente, los deberes del se\u00f1or P\u00e9rez de lealtad y confidencialidad hacia su cliente podr\u00edan impedirle asesorar al acusado sobre estrategias de defensa viables y representarlo vigorosamente y diligentemente tanto en la etapa previa al juicio como en el proceso&#8221;, hab\u00edan detallado antes los fiscales en su solicitud.<\/p>\n\n\n\n<p>Adem\u00e1s, la audiencia de ma\u00f1ana podr\u00eda definir nuevas fechas del proceso abierto contra Zambada en Nueva York y hasta un posible cambio de postura del capo, que se declar\u00f3 no culpable en septiembre de los 17 cargos de los que se le acusa.<\/p>\n\n\n\n<p><strong>\u00bfPor qu\u00e9 existe el conflicto de inter\u00e9s?\u00a0<\/strong><br>Recientemente la fiscal\u00eda estadunidense paus\u00f3 su oposici\u00f3n a que P\u00e9rez defienda a Zambada para que se pueda avanzar con los preparativos para un juicio o incluso una negociaci\u00f3n de culpabilidad.<\/p>\n\n\n\n<p>\u201cAdem\u00e1s de ser el hijo del acusado, Zambada Niebla tambi\u00e9n fue un conspirador con el acusado, y se declar\u00f3 culpable para llegar a un acuerdo de cooperaci\u00f3n con el gobierno\u201d, detall\u00f3 la fiscal\u00eda en una carta presentada ante el juez Brian Cogan.<\/p>\n\n\n\n<p><strong>D\u00edas antes de la vuelta de Trump a la Casa Blanca<\/strong><br>Los nuevos detalles de la estrategia de la defensa de El Mayo y las negociaciones de Los Chapitos, cuyo abogado ya ha dejado claro que su prioridad es declararse culpables para evitar ir a juicio, coinciden con el regreso a la Casa Blanca del presidente electo Donald Trump.<\/p>\n\n\n\n<p>El magnate republicano ser\u00e1 investido el pr\u00f3ximo lunes bajo la promesa de endurecer la mano contra los carteles de la droga y ya ha anunciado su intenci\u00f3n de designarlos como &#8220;grupos terroristas&#8221;.<\/p>\n\n\n\n<p>Despu\u00e9s de la llegada de El Mayo en avioneta a suelo estadounidense en julio, bajo condiciones a\u00fan rodeadas de misterio, el estado mexicano de Sinaloa vive inmerso en una guerra sin cuartel generada por la rivalidad de&nbsp;Los Chapitos&nbsp;y Los Mayitos, facci\u00f3n del C\u00e1rtel de Sinaloa af\u00edn a Zambada-, que deja ya centenares de muertos.<\/p>\n","protected":false},"excerpt":{"rendered":"<p>El juez Brian Cogan, encargado del caso &#8216;El Mayo&#8217;, ha decidido si el abogado Frank P\u00e9rez, que tambi\u00e9n lo es de &#8216;El Vicentillo&#8217;, hijo de Zambada, podr\u00e1 continuar al frente de la defensa del capo. El narcotraficante mexicano Ismael El Mayo&nbsp;Zambada,&nbsp;cofundador del C\u00e1rtel de Sinaloa, regresar\u00e1 el mi\u00e9rcoles 15 de enero al tribunal federal de [&hellip;]<\/p>\n","protected":false},"author":9,"featured_media":88463,"comment_status":"open","ping_status":"open","sticky":false,"template":"","format":"standard","meta":{"tdm_status":"","tdm_grid_status":"","footnotes":""},"categories":[37],"tags":[],"class_list":{"0":"post-99328","1":"post","2":"type-post","3":"status-publish","4":"format-standard","5":"has-post-thumbnail","7":"category-nota-principal"},"yoast_head":"<!-- This site is optimized with the Yoast SEO plugin v27.5 - https:\/\/yoast.com\/product\/yoast-seo-wordpress\/ -->\n<title>&#039;El Mayo&#039; Zambada regresa a la Corte en EU; Los Chapitos negocian con Fiscal\u00eda - Fuentes Fidedignas<\/title>\n<meta name=\"robots\" content=\"index, follow, max-snippet:-1, max-image-preview:large, max-video-preview:-1\" \/>\n<link rel=\"canonical\" href=\"https:\/\/fuentesfidedignas.com.mx\/index.php\/2025\/01\/14\/el-mayo-zambada-regresa-a-la-corte-en-eu-los-chapitos-negocian-con-fiscalia\/\" \/>\n<meta property=\"og:locale\" content=\"es_MX\" \/>\n<meta property=\"og:type\" content=\"article\" \/>\n<meta property=\"og:title\" content=\"&#039;El Mayo&#039; Zambada regresa a la Corte en EU; Los Chapitos negocian con Fiscal\u00eda - Fuentes Fidedignas\" \/>\n<meta property=\"og:description\" content=\"El juez Brian Cogan, encargado del caso &#8216;El Mayo&#8217;, ha decidido si el abogado Frank P\u00e9rez, que tambi\u00e9n lo es de &#8216;El Vicentillo&#8217;, hijo de Zambada, podr\u00e1 continuar al frente de la defensa del capo. El narcotraficante mexicano Ismael El Mayo&nbsp;Zambada,&nbsp;cofundador del C\u00e1rtel de Sinaloa, regresar\u00e1 el mi\u00e9rcoles 15 de enero al tribunal federal de [&hellip;]\" \/>\n<meta property=\"og:url\" content=\"https:\/\/fuentesfidedignas.com.mx\/index.php\/2025\/01\/14\/el-mayo-zambada-regresa-a-la-corte-en-eu-los-chapitos-negocian-con-fiscalia\/\" \/>\n<meta property=\"og:site_name\" content=\"Fuentes Fidedignas\" \/>\n<meta property=\"article:publisher\" content=\"https:\/\/www.facebook.com\/Fuentes-Fidedignas-368234489921644\" \/>\n<meta property=\"article:published_time\" content=\"2025-01-15T00:24:26+00:00\" \/>\n<meta property=\"article:modified_time\" content=\"2025-01-15T00:25:02+00:00\" \/>\n<meta property=\"og:image\" content=\"https:\/\/fuentesfidedignas.com.mx\/wp-content\/uploads\/2024\/08\/mayo_zambada.jpg\" \/>\n\t<meta property=\"og:image:width\" content=\"929\" \/>\n\t<meta property=\"og:image:height\" content=\"580\" \/>\n\t<meta property=\"og:image:type\" content=\"image\/jpeg\" \/>\n<meta name=\"author\" content=\"Milenio\" \/>\n<meta name=\"twitter:card\" content=\"summary_large_image\" \/>\n<meta name=\"twitter:creator\" content=\"@fidedignas\" \/>\n<meta name=\"twitter:site\" content=\"@fidedignas\" \/>\n<meta name=\"twitter:label1\" content=\"Escrito por\" \/>\n\t<meta name=\"twitter:data1\" content=\"Milenio\" \/>\n\t<meta name=\"twitter:label2\" content=\"Tiempo de lectura\" \/>\n\t<meta name=\"twitter:data2\" content=\"5 minutos\" \/>\n<script type=\"application\/ld+json\" class=\"yoast-schema-graph\">{\"@context\":\"https:\\\/\\\/schema.org\",\"@graph\":[{\"@type\":\"Article\",\"@id\":\"https:\\\/\\\/fuentesfidedignas.com.mx\\\/index.php\\\/2025\\\/01\\\/14\\\/el-mayo-zambada-regresa-a-la-corte-en-eu-los-chapitos-negocian-con-fiscalia\\\/#article\",\"isPartOf\":{\"@id\":\"https:\\\/\\\/fuentesfidedignas.com.mx\\\/index.php\\\/2025\\\/01\\\/14\\\/el-mayo-zambada-regresa-a-la-corte-en-eu-los-chapitos-negocian-con-fiscalia\\\/\"},\"author\":{\"name\":\"Milenio\",\"@id\":\"https:\\\/\\\/fuentesfidedignas.com.mx\\\/#\\\/schema\\\/person\\\/47ec0135738f4b0c7495f06a77a2c976\"},\"headline\":\"&#8216;El Mayo&#8217; Zambada regresa a la Corte en EU; Los Chapitos negocian con Fiscal\u00eda\",\"datePublished\":\"2025-01-15T00:24:26+00:00\",\"dateModified\":\"2025-01-15T00:25:02+00:00\",\"mainEntityOfPage\":{\"@id\":\"https:\\\/\\\/fuentesfidedignas.com.mx\\\/index.php\\\/2025\\\/01\\\/14\\\/el-mayo-zambada-regresa-a-la-corte-en-eu-los-chapitos-negocian-con-fiscalia\\\/\"},\"wordCount\":912,\"commentCount\":0,\"publisher\":{\"@id\":\"https:\\\/\\\/fuentesfidedignas.com.mx\\\/#organization\"},\"image\":{\"@id\":\"https:\\\/\\\/fuentesfidedignas.com.mx\\\/index.php\\\/2025\\\/01\\\/14\\\/el-mayo-zambada-regresa-a-la-corte-en-eu-los-chapitos-negocian-con-fiscalia\\\/#primaryimage\"},\"thumbnailUrl\":\"https:\\\/\\\/fuentesfidedignas.com.mx\\\/wp-content\\\/uploads\\\/2024\\\/08\\\/mayo_zambada.jpg\",\"articleSection\":[\"NOTA PRINCIPAL\"],\"inLanguage\":\"es\",\"potentialAction\":[{\"@type\":\"CommentAction\",\"name\":\"Comment\",\"target\":[\"https:\\\/\\\/fuentesfidedignas.com.mx\\\/index.php\\\/2025\\\/01\\\/14\\\/el-mayo-zambada-regresa-a-la-corte-en-eu-los-chapitos-negocian-con-fiscalia\\\/#respond\"]}]},{\"@type\":\"WebPage\",\"@id\":\"https:\\\/\\\/fuentesfidedignas.com.mx\\\/index.php\\\/2025\\\/01\\\/14\\\/el-mayo-zambada-regresa-a-la-corte-en-eu-los-chapitos-negocian-con-fiscalia\\\/\",\"url\":\"https:\\\/\\\/fuentesfidedignas.com.mx\\\/index.php\\\/2025\\\/01\\\/14\\\/el-mayo-zambada-regresa-a-la-corte-en-eu-los-chapitos-negocian-con-fiscalia\\\/\",\"name\":\"'El Mayo' Zambada regresa a la Corte en EU; Los Chapitos negocian con Fiscal\u00eda - Fuentes Fidedignas\",\"isPartOf\":{\"@id\":\"https:\\\/\\\/fuentesfidedignas.com.mx\\\/#website\"},\"primaryImageOfPage\":{\"@id\":\"https:\\\/\\\/fuentesfidedignas.com.mx\\\/index.php\\\/2025\\\/01\\\/14\\\/el-mayo-zambada-regresa-a-la-corte-en-eu-los-chapitos-negocian-con-fiscalia\\\/#primaryimage\"},\"image\":{\"@id\":\"https:\\\/\\\/fuentesfidedignas.com.mx\\\/index.php\\\/2025\\\/01\\\/14\\\/el-mayo-zambada-regresa-a-la-corte-en-eu-los-chapitos-negocian-con-fiscalia\\\/#primaryimage\"},\"thumbnailUrl\":\"https:\\\/\\\/fuentesfidedignas.com.mx\\\/wp-content\\\/uploads\\\/2024\\\/08\\\/mayo_zambada.jpg\",\"datePublished\":\"2025-01-15T00:24:26+00:00\",\"dateModified\":\"2025-01-15T00:25:02+00:00\",\"breadcrumb\":{\"@id\":\"https:\\\/\\\/fuentesfidedignas.com.mx\\\/index.php\\\/2025\\\/01\\\/14\\\/el-mayo-zambada-regresa-a-la-corte-en-eu-los-chapitos-negocian-con-fiscalia\\\/#breadcrumb\"},\"inLanguage\":\"es\",\"potentialAction\":[{\"@type\":\"ReadAction\",\"target\":[\"https:\\\/\\\/fuentesfidedignas.com.mx\\\/index.php\\\/2025\\\/01\\\/14\\\/el-mayo-zambada-regresa-a-la-corte-en-eu-los-chapitos-negocian-con-fiscalia\\\/\"]}]},{\"@type\":\"ImageObject\",\"inLanguage\":\"es\",\"@id\":\"https:\\\/\\\/fuentesfidedignas.com.mx\\\/index.php\\\/2025\\\/01\\\/14\\\/el-mayo-zambada-regresa-a-la-corte-en-eu-los-chapitos-negocian-con-fiscalia\\\/#primaryimage\",\"url\":\"https:\\\/\\\/fuentesfidedignas.com.mx\\\/wp-content\\\/uploads\\\/2024\\\/08\\\/mayo_zambada.jpg\",\"contentUrl\":\"https:\\\/\\\/fuentesfidedignas.com.mx\\\/wp-content\\\/uploads\\\/2024\\\/08\\\/mayo_zambada.jpg\",\"width\":929,\"height\":580},{\"@type\":\"BreadcrumbList\",\"@id\":\"https:\\\/\\\/fuentesfidedignas.com.mx\\\/index.php\\\/2025\\\/01\\\/14\\\/el-mayo-zambada-regresa-a-la-corte-en-eu-los-chapitos-negocian-con-fiscalia\\\/#breadcrumb\",\"itemListElement\":[{\"@type\":\"ListItem\",\"position\":1,\"name\":\"Inicio\",\"item\":\"https:\\\/\\\/fuentesfidedignas.com.mx\\\/\"},{\"@type\":\"ListItem\",\"position\":2,\"name\":\"&#8216;El Mayo&#8217; Zambada regresa a la Corte en EU; Los Chapitos negocian con Fiscal\u00eda\"}]},{\"@type\":\"WebSite\",\"@id\":\"https:\\\/\\\/fuentesfidedignas.com.mx\\\/#website\",\"url\":\"https:\\\/\\\/fuentesfidedignas.com.mx\\\/\",\"name\":\"Fuentes Fidedignas\",\"description\":\"Otro sitio realizado con WordPress\",\"publisher\":{\"@id\":\"https:\\\/\\\/fuentesfidedignas.com.mx\\\/#organization\"},\"potentialAction\":[{\"@type\":\"SearchAction\",\"target\":{\"@type\":\"EntryPoint\",\"urlTemplate\":\"https:\\\/\\\/fuentesfidedignas.com.mx\\\/?s={search_term_string}\"},\"query-input\":{\"@type\":\"PropertyValueSpecification\",\"valueRequired\":true,\"valueName\":\"search_term_string\"}}],\"inLanguage\":\"es\"},{\"@type\":\"Organization\",\"@id\":\"https:\\\/\\\/fuentesfidedignas.com.mx\\\/#organization\",\"name\":\"Fuentes Fidedignas\",\"url\":\"https:\\\/\\\/fuentesfidedignas.com.mx\\\/\",\"logo\":{\"@type\":\"ImageObject\",\"inLanguage\":\"es\",\"@id\":\"https:\\\/\\\/fuentesfidedignas.com.mx\\\/#\\\/schema\\\/logo\\\/image\\\/\",\"url\":\"https:\\\/\\\/fuentesfidedignas.com.mx\\\/wp-content\\\/uploads\\\/2021\\\/04\\\/logo-retina.png\",\"contentUrl\":\"https:\\\/\\\/fuentesfidedignas.com.mx\\\/wp-content\\\/uploads\\\/2021\\\/04\\\/logo-retina.png\",\"width\":280,\"height\":51,\"caption\":\"Fuentes Fidedignas\"},\"image\":{\"@id\":\"https:\\\/\\\/fuentesfidedignas.com.mx\\\/#\\\/schema\\\/logo\\\/image\\\/\"},\"sameAs\":[\"https:\\\/\\\/www.facebook.com\\\/Fuentes-Fidedignas-368234489921644\",\"https:\\\/\\\/x.com\\\/fidedignas\"]},{\"@type\":\"Person\",\"@id\":\"https:\\\/\\\/fuentesfidedignas.com.mx\\\/#\\\/schema\\\/person\\\/47ec0135738f4b0c7495f06a77a2c976\",\"name\":\"Milenio\",\"image\":{\"@type\":\"ImageObject\",\"inLanguage\":\"es\",\"@id\":\"https:\\\/\\\/secure.gravatar.com\\\/avatar\\\/acabf7b54753e51c2c76457954577c236b3b764789b19879565769739d1e4a75?s=96&d=mm&r=g\",\"url\":\"https:\\\/\\\/secure.gravatar.com\\\/avatar\\\/acabf7b54753e51c2c76457954577c236b3b764789b19879565769739d1e4a75?s=96&d=mm&r=g\",\"contentUrl\":\"https:\\\/\\\/secure.gravatar.com\\\/avatar\\\/acabf7b54753e51c2c76457954577c236b3b764789b19879565769739d1e4a75?s=96&d=mm&r=g\",\"caption\":\"Milenio\"},\"url\":\"https:\\\/\\\/fuentesfidedignas.com.mx\\\/index.php\\\/author\\\/milenio\\\/\"}]}<\/script>\n<!-- \/ Yoast SEO plugin. -->","yoast_head_json":{"title":"'El Mayo' Zambada regresa a la Corte en EU; Los Chapitos negocian con Fiscal\u00eda - Fuentes Fidedignas","robots":{"index":"index","follow":"follow","max-snippet":"max-snippet:-1","max-image-preview":"max-image-preview:large","max-video-preview":"max-video-preview:-1"},"canonical":"https:\/\/fuentesfidedignas.com.mx\/index.php\/2025\/01\/14\/el-mayo-zambada-regresa-a-la-corte-en-eu-los-chapitos-negocian-con-fiscalia\/","og_locale":"es_MX","og_type":"article","og_title":"'El Mayo' Zambada regresa a la Corte en EU; Los Chapitos negocian con Fiscal\u00eda - Fuentes Fidedignas","og_description":"El juez Brian Cogan, encargado del caso &#8216;El Mayo&#8217;, ha decidido si el abogado Frank P\u00e9rez, que tambi\u00e9n lo es de &#8216;El Vicentillo&#8217;, hijo de Zambada, podr\u00e1 continuar al frente de la defensa del capo. El narcotraficante mexicano Ismael El Mayo&nbsp;Zambada,&nbsp;cofundador del C\u00e1rtel de Sinaloa, regresar\u00e1 el mi\u00e9rcoles 15 de enero al tribunal federal de [&hellip;]","og_url":"https:\/\/fuentesfidedignas.com.mx\/index.php\/2025\/01\/14\/el-mayo-zambada-regresa-a-la-corte-en-eu-los-chapitos-negocian-con-fiscalia\/","og_site_name":"Fuentes Fidedignas","article_publisher":"https:\/\/www.facebook.com\/Fuentes-Fidedignas-368234489921644","article_published_time":"2025-01-15T00:24:26+00:00","article_modified_time":"2025-01-15T00:25:02+00:00","og_image":[{"width":929,"height":580,"url":"https:\/\/fuentesfidedignas.com.mx\/wp-content\/uploads\/2024\/08\/mayo_zambada.jpg","type":"image\/jpeg"}],"author":"Milenio","twitter_card":"summary_large_image","twitter_creator":"@fidedignas","twitter_site":"@fidedignas","twitter_misc":{"Escrito por":"Milenio","Tiempo de lectura":"5 minutos"},"schema":{"@context":"https:\/\/schema.org","@graph":[{"@type":"Article","@id":"https:\/\/fuentesfidedignas.com.mx\/index.php\/2025\/01\/14\/el-mayo-zambada-regresa-a-la-corte-en-eu-los-chapitos-negocian-con-fiscalia\/#article","isPartOf":{"@id":"https:\/\/fuentesfidedignas.com.mx\/index.php\/2025\/01\/14\/el-mayo-zambada-regresa-a-la-corte-en-eu-los-chapitos-negocian-con-fiscalia\/"},"author":{"name":"Milenio","@id":"https:\/\/fuentesfidedignas.com.mx\/#\/schema\/person\/47ec0135738f4b0c7495f06a77a2c976"},"headline":"&#8216;El Mayo&#8217; Zambada regresa a la Corte en EU; Los Chapitos negocian con Fiscal\u00eda","datePublished":"2025-01-15T00:24:26+00:00","dateModified":"2025-01-15T00:25:02+00:00","mainEntityOfPage":{"@id":"https:\/\/fuentesfidedignas.com.mx\/index.php\/2025\/01\/14\/el-mayo-zambada-regresa-a-la-corte-en-eu-los-chapitos-negocian-con-fiscalia\/"},"wordCount":912,"commentCount":0,"publisher":{"@id":"https:\/\/fuentesfidedignas.com.mx\/#organization"},"image":{"@id":"https:\/\/fuentesfidedignas.com.mx\/index.php\/2025\/01\/14\/el-mayo-zambada-regresa-a-la-corte-en-eu-los-chapitos-negocian-con-fiscalia\/#primaryimage"},"thumbnailUrl":"https:\/\/fuentesfidedignas.com.mx\/wp-content\/uploads\/2024\/08\/mayo_zambada.jpg","articleSection":["NOTA PRINCIPAL"],"inLanguage":"es","potentialAction":[{"@type":"CommentAction","name":"Comment","target":["https:\/\/fuentesfidedignas.com.mx\/index.php\/2025\/01\/14\/el-mayo-zambada-regresa-a-la-corte-en-eu-los-chapitos-negocian-con-fiscalia\/#respond"]}]},{"@type":"WebPage","@id":"https:\/\/fuentesfidedignas.com.mx\/index.php\/2025\/01\/14\/el-mayo-zambada-regresa-a-la-corte-en-eu-los-chapitos-negocian-con-fiscalia\/","url":"https:\/\/fuentesfidedignas.com.mx\/index.php\/2025\/01\/14\/el-mayo-zambada-regresa-a-la-corte-en-eu-los-chapitos-negocian-con-fiscalia\/","name":"'El Mayo' Zambada regresa a la Corte en EU; Los Chapitos negocian con Fiscal\u00eda - Fuentes Fidedignas","isPartOf":{"@id":"https:\/\/fuentesfidedignas.com.mx\/#website"},"primaryImageOfPage":{"@id":"https:\/\/fuentesfidedignas.com.mx\/index.php\/2025\/01\/14\/el-mayo-zambada-regresa-a-la-corte-en-eu-los-chapitos-negocian-con-fiscalia\/#primaryimage"},"image":{"@id":"https:\/\/fuentesfidedignas.com.mx\/index.php\/2025\/01\/14\/el-mayo-zambada-regresa-a-la-corte-en-eu-los-chapitos-negocian-con-fiscalia\/#primaryimage"},"thumbnailUrl":"https:\/\/fuentesfidedignas.com.mx\/wp-content\/uploads\/2024\/08\/mayo_zambada.jpg","datePublished":"2025-01-15T00:24:26+00:00","dateModified":"2025-01-15T00:25:02+00:00","breadcrumb":{"@id":"https:\/\/fuentesfidedignas.com.mx\/index.php\/2025\/01\/14\/el-mayo-zambada-regresa-a-la-corte-en-eu-los-chapitos-negocian-con-fiscalia\/#breadcrumb"},"inLanguage":"es","potentialAction":[{"@type":"ReadAction","target":["https:\/\/fuentesfidedignas.com.mx\/index.php\/2025\/01\/14\/el-mayo-zambada-regresa-a-la-corte-en-eu-los-chapitos-negocian-con-fiscalia\/"]}]},{"@type":"ImageObject","inLanguage":"es","@id":"https:\/\/fuentesfidedignas.com.mx\/index.php\/2025\/01\/14\/el-mayo-zambada-regresa-a-la-corte-en-eu-los-chapitos-negocian-con-fiscalia\/#primaryimage","url":"https:\/\/fuentesfidedignas.com.mx\/wp-content\/uploads\/2024\/08\/mayo_zambada.jpg","contentUrl":"https:\/\/fuentesfidedignas.com.mx\/wp-content\/uploads\/2024\/08\/mayo_zambada.jpg","width":929,"height":580},{"@type":"BreadcrumbList","@id":"https:\/\/fuentesfidedignas.com.mx\/index.php\/2025\/01\/14\/el-mayo-zambada-regresa-a-la-corte-en-eu-los-chapitos-negocian-con-fiscalia\/#breadcrumb","itemListElement":[{"@type":"ListItem","position":1,"name":"Inicio","item":"https:\/\/fuentesfidedignas.com.mx\/"},{"@type":"ListItem","position":2,"name":"&#8216;El Mayo&#8217; Zambada regresa a la Corte en EU; Los Chapitos negocian con Fiscal\u00eda"}]},{"@type":"WebSite","@id":"https:\/\/fuentesfidedignas.com.mx\/#website","url":"https:\/\/fuentesfidedignas.com.mx\/","name":"Fuentes Fidedignas","description":"Otro sitio realizado con WordPress","publisher":{"@id":"https:\/\/fuentesfidedignas.com.mx\/#organization"},"potentialAction":[{"@type":"SearchAction","target":{"@type":"EntryPoint","urlTemplate":"https:\/\/fuentesfidedignas.com.mx\/?s={search_term_string}"},"query-input":{"@type":"PropertyValueSpecification","valueRequired":true,"valueName":"search_term_string"}}],"inLanguage":"es"},{"@type":"Organization","@id":"https:\/\/fuentesfidedignas.com.mx\/#organization","name":"Fuentes Fidedignas","url":"https:\/\/fuentesfidedignas.com.mx\/","logo":{"@type":"ImageObject","inLanguage":"es","@id":"https:\/\/fuentesfidedignas.com.mx\/#\/schema\/logo\/image\/","url":"https:\/\/fuentesfidedignas.com.mx\/wp-content\/uploads\/2021\/04\/logo-retina.png","contentUrl":"https:\/\/fuentesfidedignas.com.mx\/wp-content\/uploads\/2021\/04\/logo-retina.png","width":280,"height":51,"caption":"Fuentes Fidedignas"},"image":{"@id":"https:\/\/fuentesfidedignas.com.mx\/#\/schema\/logo\/image\/"},"sameAs":["https:\/\/www.facebook.com\/Fuentes-Fidedignas-368234489921644","https:\/\/x.com\/fidedignas"]},{"@type":"Person","@id":"https:\/\/fuentesfidedignas.com.mx\/#\/schema\/person\/47ec0135738f4b0c7495f06a77a2c976","name":"Milenio","image":{"@type":"ImageObject","inLanguage":"es","@id":"https:\/\/secure.gravatar.com\/avatar\/acabf7b54753e51c2c76457954577c236b3b764789b19879565769739d1e4a75?s=96&d=mm&r=g","url":"https:\/\/secure.gravatar.com\/avatar\/acabf7b54753e51c2c76457954577c236b3b764789b19879565769739d1e4a75?s=96&d=mm&r=g","contentUrl":"https:\/\/secure.gravatar.com\/avatar\/acabf7b54753e51c2c76457954577c236b3b764789b19879565769739d1e4a75?s=96&d=mm&r=g","caption":"Milenio"},"url":"https:\/\/fuentesfidedignas.com.mx\/index.php\/author\/milenio\/"}]}},"_links":{"self":[{"href":"https:\/\/fuentesfidedignas.com.mx\/index.php\/wp-json\/wp\/v2\/posts\/99328","targetHints":{"allow":["GET"]}}],"collection":[{"href":"https:\/\/fuentesfidedignas.com.mx\/index.php\/wp-json\/wp\/v2\/posts"}],"about":[{"href":"https:\/\/fuentesfidedignas.com.mx\/index.php\/wp-json\/wp\/v2\/types\/post"}],"author":[{"embeddable":true,"href":"https:\/\/fuentesfidedignas.com.mx\/index.php\/wp-json\/wp\/v2\/users\/9"}],"replies":[{"embeddable":true,"href":"https:\/\/fuentesfidedignas.com.mx\/index.php\/wp-json\/wp\/v2\/comments?post=99328"}],"version-history":[{"count":2,"href":"https:\/\/fuentesfidedignas.com.mx\/index.php\/wp-json\/wp\/v2\/posts\/99328\/revisions"}],"predecessor-version":[{"id":99330,"href":"https:\/\/fuentesfidedignas.com.mx\/index.php\/wp-json\/wp\/v2\/posts\/99328\/revisions\/99330"}],"wp:featuredmedia":[{"embeddable":true,"href":"https:\/\/fuentesfidedignas.com.mx\/index.php\/wp-json\/wp\/v2\/media\/88463"}],"wp:attachment":[{"href":"https:\/\/fuentesfidedignas.com.mx\/index.php\/wp-json\/wp\/v2\/media?parent=99328"}],"wp:term":[{"taxonomy":"category","embeddable":true,"href":"https:\/\/fuentesfidedignas.com.mx\/index.php\/wp-json\/wp\/v2\/categories?post=99328"},{"taxonomy":"post_tag","embeddable":true,"href":"https:\/\/fuentesfidedignas.com.mx\/index.php\/wp-json\/wp\/v2\/tags?post=99328"}],"curies":[{"name":"wp","href":"https:\/\/api.w.org\/{rel}","templated":true}]}}