{"id":99254,"date":"2025-01-13T19:02:38","date_gmt":"2025-01-14T02:02:38","guid":{"rendered":"https:\/\/fuentesfidedignas.com.mx\/?p=99254"},"modified":"2025-01-13T19:02:43","modified_gmt":"2025-01-14T02:02:43","slug":"vinculan-a-proceso-a-el-dracula-hombre-ligado-a-los-chapitos-por-trafico-de-armas","status":"publish","type":"post","link":"https:\/\/fuentesfidedignas.com.mx\/index.php\/2025\/01\/13\/vinculan-a-proceso-a-el-dracula-hombre-ligado-a-los-chapitos-por-trafico-de-armas\/","title":{"rendered":"Vinculan a proceso a &#8216;El Dr\u00e1cula&#8217;, hombre ligado a Los Chapitos, por tr\u00e1fico de armas"},"content":{"rendered":"\n<p><strong><em>Posterior a su captura, determinan vincular a proceso a Juan Manuel &#8220;N&#8221;, junto a cuatro miembros de su c\u00e9lula criminal.<\/em><\/strong><\/p>\n\n\n\n<p>La Fiscal\u00eda General de la Rep\u00fablica (FGR) obtuvo vinculaci\u00f3n a proceso en contra de Juan Manuel \u201cN\u201d, El Dr\u00e1cula, tambi\u00e9n identificado como Jocksan, y a otras cuatro personas m\u00e1s acusadas de cohecho, portaci\u00f3n y posesi\u00f3n de armas de fuego de uso exclusivo del Ej\u00e9rcito, Armada y Fuerza A\u00e9rea.<\/p>\n\n\n\n<p>A trav\u00e9s de la Fiscal\u00eda Especializada en materia de Delincuencia Organizada (FEMDO), el Ministerio P\u00fablico de la Federaci\u00f3n (MPF) aport\u00f3 los datos de prueba suficientes para que un juez de Distrito, del Centro de Justicia Penal Federal en Almoloya de Ju\u00e1rez, Estado de M\u00e9xico, lo vinculara a proceso.<\/p>\n\n\n\n<p>Cabe mencionar que el juzgador dio un plazo de cuatro meses para la investigaci\u00f3n complementaria y prisi\u00f3n preventiva justificada, de El Dr\u00e1cula y los otros imputados.<\/p>\n\n\n\n<p><strong>As\u00ed detuvieron a El Dr\u00e1cula<\/strong><br>El operativo realizado el 28 de diciembre del pasado a\u00f1o, se ejecut\u00f3 mediante un cateo autorizado por un juez federal. Result\u00f3 en el aseguramiento de diversas armas de fuego, cargadores, cartuchos y narc\u00f3ticos.\u00a0<\/p>\n\n\n\n<p>Una operaci\u00f3n conjunta entre la Secretar\u00eda de la Defensa Nacional (Defensa), Marina (Semar), Guardia Nacional y la Fiscal\u00eda General de la Rep\u00fablica (FGR) gestionaron labores de inteligencia que permitieron ubicar un inmueble que el grupo usaba como base de operaciones.<\/p>\n\n\n\n<p>El Dr\u00e1cula, junto a los otros cuatro individuos, enfrentaron cargos por portaci\u00f3n y posesi\u00f3n de armas de fuego de uso exclusivo del Ej\u00e9rcito, Armada y Fuerza A\u00e9rea, adem\u00e1s de cohecho.<\/p>\n\n\n\n<p>La c\u00e9lula delictiva est\u00e1 compuesta por dos mujeres y dos hombres: Juan &#8220;N&#8221;, Jael &#8220;N&#8221;, Jes\u00fas &#8220;N&#8221; y Griselda &#8220;N&#8221;, quienes comparten los delitos realizados por El Dr\u00e1cula.&nbsp;<\/p>\n\n\n\n<p><strong>\u00bfQui\u00e9n es Juan Manuel &#8220;N?<\/strong><br>Juan Manuel \u201cN\u201d, El Dr\u00e1cula es el l\u00edder de una c\u00e9lula criminal vinculada al C\u00e1rtel del Pac\u00edfico (Sinaloa). Sus labores en el grupo constaban en actividades de narcomenudeo, tr\u00e1fico de armas y equipo t\u00e1ctico, as\u00ed como del control de precios y distribuci\u00f3n de camar\u00f3n en Escuinapa.<\/p>\n\n\n\n<p>El Ministerio P\u00fablico de la Federaci\u00f3n present\u00f3 pruebas suficientes ante el juez, quien vincul\u00f3 a los detenidos a proceso y orden\u00f3 un plazo de cuatro meses para la investigaci\u00f3n complementaria, adem\u00e1s de la prisi\u00f3n preventiva justificada para los acusados. Este operativo forma parte de los esfuerzos del gobierno federal para desarticular redes criminales en la regi\u00f3n y garantizar la seguridad p\u00fablica.<\/p>\n","protected":false},"excerpt":{"rendered":"<p>Posterior a su captura, determinan vincular a proceso a Juan Manuel &#8220;N&#8221;, junto a cuatro miembros de su c\u00e9lula criminal. La Fiscal\u00eda General de la Rep\u00fablica (FGR) obtuvo vinculaci\u00f3n a proceso en contra de Juan Manuel \u201cN\u201d, El Dr\u00e1cula, tambi\u00e9n identificado como Jocksan, y a otras cuatro personas m\u00e1s acusadas de cohecho, portaci\u00f3n y posesi\u00f3n [&hellip;]<\/p>\n","protected":false},"author":9,"featured_media":99255,"comment_status":"open","ping_status":"open","sticky":false,"template":"","format":"standard","meta":{"tdm_status":"","tdm_grid_status":"","footnotes":""},"categories":[39],"tags":[],"class_list":{"0":"post-99254","1":"post","2":"type-post","3":"status-publish","4":"format-standard","5":"has-post-thumbnail","7":"category-noticias-nacionales"},"yoast_head":"<!-- This site is optimized with the Yoast SEO plugin v27.5 - https:\/\/yoast.com\/product\/yoast-seo-wordpress\/ -->\n<title>Vinculan a proceso a &#039;El Dr\u00e1cula&#039;, hombre ligado a Los Chapitos, por tr\u00e1fico de armas - Fuentes Fidedignas<\/title>\n<meta name=\"robots\" content=\"index, follow, max-snippet:-1, max-image-preview:large, max-video-preview:-1\" \/>\n<link rel=\"canonical\" href=\"https:\/\/fuentesfidedignas.com.mx\/index.php\/2025\/01\/13\/vinculan-a-proceso-a-el-dracula-hombre-ligado-a-los-chapitos-por-trafico-de-armas\/\" \/>\n<meta property=\"og:locale\" content=\"es_MX\" \/>\n<meta property=\"og:type\" content=\"article\" \/>\n<meta property=\"og:title\" content=\"Vinculan a proceso a &#039;El Dr\u00e1cula&#039;, hombre ligado a Los Chapitos, por tr\u00e1fico de armas - Fuentes Fidedignas\" \/>\n<meta property=\"og:description\" content=\"Posterior a su captura, determinan vincular a proceso a Juan Manuel &#8220;N&#8221;, junto a cuatro miembros de su c\u00e9lula criminal. La Fiscal\u00eda General de la Rep\u00fablica (FGR) obtuvo vinculaci\u00f3n a proceso en contra de Juan Manuel \u201cN\u201d, El Dr\u00e1cula, tambi\u00e9n identificado como Jocksan, y a otras cuatro personas m\u00e1s acusadas de cohecho, portaci\u00f3n y posesi\u00f3n [&hellip;]\" \/>\n<meta property=\"og:url\" content=\"https:\/\/fuentesfidedignas.com.mx\/index.php\/2025\/01\/13\/vinculan-a-proceso-a-el-dracula-hombre-ligado-a-los-chapitos-por-trafico-de-armas\/\" \/>\n<meta property=\"og:site_name\" content=\"Fuentes Fidedignas\" \/>\n<meta property=\"article:publisher\" content=\"https:\/\/www.facebook.com\/Fuentes-Fidedignas-368234489921644\" \/>\n<meta property=\"article:published_time\" content=\"2025-01-14T02:02:38+00:00\" \/>\n<meta property=\"article:modified_time\" content=\"2025-01-14T02:02:43+00:00\" \/>\n<meta property=\"og:image\" content=\"https:\/\/fuentesfidedignas.com.mx\/wp-content\/uploads\/2025\/01\/dracula.jpg\" \/>\n\t<meta property=\"og:image:width\" content=\"600\" \/>\n\t<meta property=\"og:image:height\" content=\"338\" \/>\n\t<meta property=\"og:image:type\" content=\"image\/jpeg\" \/>\n<meta name=\"author\" content=\"Milenio\" \/>\n<meta name=\"twitter:card\" content=\"summary_large_image\" \/>\n<meta name=\"twitter:creator\" content=\"@fidedignas\" \/>\n<meta name=\"twitter:site\" content=\"@fidedignas\" \/>\n<meta name=\"twitter:label1\" content=\"Escrito por\" \/>\n\t<meta name=\"twitter:data1\" content=\"Milenio\" \/>\n\t<meta name=\"twitter:label2\" content=\"Tiempo de lectura\" \/>\n\t<meta name=\"twitter:data2\" content=\"2 minutos\" \/>\n<script type=\"application\/ld+json\" class=\"yoast-schema-graph\">{\"@context\":\"https:\\\/\\\/schema.org\",\"@graph\":[{\"@type\":\"Article\",\"@id\":\"https:\\\/\\\/fuentesfidedignas.com.mx\\\/index.php\\\/2025\\\/01\\\/13\\\/vinculan-a-proceso-a-el-dracula-hombre-ligado-a-los-chapitos-por-trafico-de-armas\\\/#article\",\"isPartOf\":{\"@id\":\"https:\\\/\\\/fuentesfidedignas.com.mx\\\/index.php\\\/2025\\\/01\\\/13\\\/vinculan-a-proceso-a-el-dracula-hombre-ligado-a-los-chapitos-por-trafico-de-armas\\\/\"},\"author\":{\"name\":\"Milenio\",\"@id\":\"https:\\\/\\\/fuentesfidedignas.com.mx\\\/#\\\/schema\\\/person\\\/47ec0135738f4b0c7495f06a77a2c976\"},\"headline\":\"Vinculan a proceso a &#8216;El Dr\u00e1cula&#8217;, hombre ligado a Los Chapitos, por tr\u00e1fico de armas\",\"datePublished\":\"2025-01-14T02:02:38+00:00\",\"dateModified\":\"2025-01-14T02:02:43+00:00\",\"mainEntityOfPage\":{\"@id\":\"https:\\\/\\\/fuentesfidedignas.com.mx\\\/index.php\\\/2025\\\/01\\\/13\\\/vinculan-a-proceso-a-el-dracula-hombre-ligado-a-los-chapitos-por-trafico-de-armas\\\/\"},\"wordCount\":460,\"commentCount\":0,\"publisher\":{\"@id\":\"https:\\\/\\\/fuentesfidedignas.com.mx\\\/#organization\"},\"image\":{\"@id\":\"https:\\\/\\\/fuentesfidedignas.com.mx\\\/index.php\\\/2025\\\/01\\\/13\\\/vinculan-a-proceso-a-el-dracula-hombre-ligado-a-los-chapitos-por-trafico-de-armas\\\/#primaryimage\"},\"thumbnailUrl\":\"https:\\\/\\\/fuentesfidedignas.com.mx\\\/wp-content\\\/uploads\\\/2025\\\/01\\\/dracula.jpg\",\"articleSection\":[\"NOTICIAS NACIONALES\"],\"inLanguage\":\"es\",\"potentialAction\":[{\"@type\":\"CommentAction\",\"name\":\"Comment\",\"target\":[\"https:\\\/\\\/fuentesfidedignas.com.mx\\\/index.php\\\/2025\\\/01\\\/13\\\/vinculan-a-proceso-a-el-dracula-hombre-ligado-a-los-chapitos-por-trafico-de-armas\\\/#respond\"]}]},{\"@type\":\"WebPage\",\"@id\":\"https:\\\/\\\/fuentesfidedignas.com.mx\\\/index.php\\\/2025\\\/01\\\/13\\\/vinculan-a-proceso-a-el-dracula-hombre-ligado-a-los-chapitos-por-trafico-de-armas\\\/\",\"url\":\"https:\\\/\\\/fuentesfidedignas.com.mx\\\/index.php\\\/2025\\\/01\\\/13\\\/vinculan-a-proceso-a-el-dracula-hombre-ligado-a-los-chapitos-por-trafico-de-armas\\\/\",\"name\":\"Vinculan a proceso a 'El Dr\u00e1cula', hombre ligado a Los Chapitos, por tr\u00e1fico de armas - Fuentes Fidedignas\",\"isPartOf\":{\"@id\":\"https:\\\/\\\/fuentesfidedignas.com.mx\\\/#website\"},\"primaryImageOfPage\":{\"@id\":\"https:\\\/\\\/fuentesfidedignas.com.mx\\\/index.php\\\/2025\\\/01\\\/13\\\/vinculan-a-proceso-a-el-dracula-hombre-ligado-a-los-chapitos-por-trafico-de-armas\\\/#primaryimage\"},\"image\":{\"@id\":\"https:\\\/\\\/fuentesfidedignas.com.mx\\\/index.php\\\/2025\\\/01\\\/13\\\/vinculan-a-proceso-a-el-dracula-hombre-ligado-a-los-chapitos-por-trafico-de-armas\\\/#primaryimage\"},\"thumbnailUrl\":\"https:\\\/\\\/fuentesfidedignas.com.mx\\\/wp-content\\\/uploads\\\/2025\\\/01\\\/dracula.jpg\",\"datePublished\":\"2025-01-14T02:02:38+00:00\",\"dateModified\":\"2025-01-14T02:02:43+00:00\",\"breadcrumb\":{\"@id\":\"https:\\\/\\\/fuentesfidedignas.com.mx\\\/index.php\\\/2025\\\/01\\\/13\\\/vinculan-a-proceso-a-el-dracula-hombre-ligado-a-los-chapitos-por-trafico-de-armas\\\/#breadcrumb\"},\"inLanguage\":\"es\",\"potentialAction\":[{\"@type\":\"ReadAction\",\"target\":[\"https:\\\/\\\/fuentesfidedignas.com.mx\\\/index.php\\\/2025\\\/01\\\/13\\\/vinculan-a-proceso-a-el-dracula-hombre-ligado-a-los-chapitos-por-trafico-de-armas\\\/\"]}]},{\"@type\":\"ImageObject\",\"inLanguage\":\"es\",\"@id\":\"https:\\\/\\\/fuentesfidedignas.com.mx\\\/index.php\\\/2025\\\/01\\\/13\\\/vinculan-a-proceso-a-el-dracula-hombre-ligado-a-los-chapitos-por-trafico-de-armas\\\/#primaryimage\",\"url\":\"https:\\\/\\\/fuentesfidedignas.com.mx\\\/wp-content\\\/uploads\\\/2025\\\/01\\\/dracula.jpg\",\"contentUrl\":\"https:\\\/\\\/fuentesfidedignas.com.mx\\\/wp-content\\\/uploads\\\/2025\\\/01\\\/dracula.jpg\",\"width\":600,\"height\":338},{\"@type\":\"BreadcrumbList\",\"@id\":\"https:\\\/\\\/fuentesfidedignas.com.mx\\\/index.php\\\/2025\\\/01\\\/13\\\/vinculan-a-proceso-a-el-dracula-hombre-ligado-a-los-chapitos-por-trafico-de-armas\\\/#breadcrumb\",\"itemListElement\":[{\"@type\":\"ListItem\",\"position\":1,\"name\":\"Inicio\",\"item\":\"https:\\\/\\\/fuentesfidedignas.com.mx\\\/\"},{\"@type\":\"ListItem\",\"position\":2,\"name\":\"Vinculan a proceso a &#8216;El Dr\u00e1cula&#8217;, hombre ligado a Los Chapitos, por tr\u00e1fico de armas\"}]},{\"@type\":\"WebSite\",\"@id\":\"https:\\\/\\\/fuentesfidedignas.com.mx\\\/#website\",\"url\":\"https:\\\/\\\/fuentesfidedignas.com.mx\\\/\",\"name\":\"Fuentes Fidedignas\",\"description\":\"Otro sitio realizado con WordPress\",\"publisher\":{\"@id\":\"https:\\\/\\\/fuentesfidedignas.com.mx\\\/#organization\"},\"potentialAction\":[{\"@type\":\"SearchAction\",\"target\":{\"@type\":\"EntryPoint\",\"urlTemplate\":\"https:\\\/\\\/fuentesfidedignas.com.mx\\\/?s={search_term_string}\"},\"query-input\":{\"@type\":\"PropertyValueSpecification\",\"valueRequired\":true,\"valueName\":\"search_term_string\"}}],\"inLanguage\":\"es\"},{\"@type\":\"Organization\",\"@id\":\"https:\\\/\\\/fuentesfidedignas.com.mx\\\/#organization\",\"name\":\"Fuentes Fidedignas\",\"url\":\"https:\\\/\\\/fuentesfidedignas.com.mx\\\/\",\"logo\":{\"@type\":\"ImageObject\",\"inLanguage\":\"es\",\"@id\":\"https:\\\/\\\/fuentesfidedignas.com.mx\\\/#\\\/schema\\\/logo\\\/image\\\/\",\"url\":\"https:\\\/\\\/fuentesfidedignas.com.mx\\\/wp-content\\\/uploads\\\/2021\\\/04\\\/logo-retina.png\",\"contentUrl\":\"https:\\\/\\\/fuentesfidedignas.com.mx\\\/wp-content\\\/uploads\\\/2021\\\/04\\\/logo-retina.png\",\"width\":280,\"height\":51,\"caption\":\"Fuentes Fidedignas\"},\"image\":{\"@id\":\"https:\\\/\\\/fuentesfidedignas.com.mx\\\/#\\\/schema\\\/logo\\\/image\\\/\"},\"sameAs\":[\"https:\\\/\\\/www.facebook.com\\\/Fuentes-Fidedignas-368234489921644\",\"https:\\\/\\\/x.com\\\/fidedignas\"]},{\"@type\":\"Person\",\"@id\":\"https:\\\/\\\/fuentesfidedignas.com.mx\\\/#\\\/schema\\\/person\\\/47ec0135738f4b0c7495f06a77a2c976\",\"name\":\"Milenio\",\"image\":{\"@type\":\"ImageObject\",\"inLanguage\":\"es\",\"@id\":\"https:\\\/\\\/secure.gravatar.com\\\/avatar\\\/acabf7b54753e51c2c76457954577c236b3b764789b19879565769739d1e4a75?s=96&d=mm&r=g\",\"url\":\"https:\\\/\\\/secure.gravatar.com\\\/avatar\\\/acabf7b54753e51c2c76457954577c236b3b764789b19879565769739d1e4a75?s=96&d=mm&r=g\",\"contentUrl\":\"https:\\\/\\\/secure.gravatar.com\\\/avatar\\\/acabf7b54753e51c2c76457954577c236b3b764789b19879565769739d1e4a75?s=96&d=mm&r=g\",\"caption\":\"Milenio\"},\"url\":\"https:\\\/\\\/fuentesfidedignas.com.mx\\\/index.php\\\/author\\\/milenio\\\/\"}]}<\/script>\n<!-- \/ Yoast SEO plugin. -->","yoast_head_json":{"title":"Vinculan a proceso a 'El Dr\u00e1cula', hombre ligado a Los Chapitos, por tr\u00e1fico de armas - Fuentes Fidedignas","robots":{"index":"index","follow":"follow","max-snippet":"max-snippet:-1","max-image-preview":"max-image-preview:large","max-video-preview":"max-video-preview:-1"},"canonical":"https:\/\/fuentesfidedignas.com.mx\/index.php\/2025\/01\/13\/vinculan-a-proceso-a-el-dracula-hombre-ligado-a-los-chapitos-por-trafico-de-armas\/","og_locale":"es_MX","og_type":"article","og_title":"Vinculan a proceso a 'El Dr\u00e1cula', hombre ligado a Los Chapitos, por tr\u00e1fico de armas - Fuentes Fidedignas","og_description":"Posterior a su captura, determinan vincular a proceso a Juan Manuel &#8220;N&#8221;, junto a cuatro miembros de su c\u00e9lula criminal. La Fiscal\u00eda General de la Rep\u00fablica (FGR) obtuvo vinculaci\u00f3n a proceso en contra de Juan Manuel \u201cN\u201d, El Dr\u00e1cula, tambi\u00e9n identificado como Jocksan, y a otras cuatro personas m\u00e1s acusadas de cohecho, portaci\u00f3n y posesi\u00f3n [&hellip;]","og_url":"https:\/\/fuentesfidedignas.com.mx\/index.php\/2025\/01\/13\/vinculan-a-proceso-a-el-dracula-hombre-ligado-a-los-chapitos-por-trafico-de-armas\/","og_site_name":"Fuentes Fidedignas","article_publisher":"https:\/\/www.facebook.com\/Fuentes-Fidedignas-368234489921644","article_published_time":"2025-01-14T02:02:38+00:00","article_modified_time":"2025-01-14T02:02:43+00:00","og_image":[{"width":600,"height":338,"url":"https:\/\/fuentesfidedignas.com.mx\/wp-content\/uploads\/2025\/01\/dracula.jpg","type":"image\/jpeg"}],"author":"Milenio","twitter_card":"summary_large_image","twitter_creator":"@fidedignas","twitter_site":"@fidedignas","twitter_misc":{"Escrito por":"Milenio","Tiempo de lectura":"2 minutos"},"schema":{"@context":"https:\/\/schema.org","@graph":[{"@type":"Article","@id":"https:\/\/fuentesfidedignas.com.mx\/index.php\/2025\/01\/13\/vinculan-a-proceso-a-el-dracula-hombre-ligado-a-los-chapitos-por-trafico-de-armas\/#article","isPartOf":{"@id":"https:\/\/fuentesfidedignas.com.mx\/index.php\/2025\/01\/13\/vinculan-a-proceso-a-el-dracula-hombre-ligado-a-los-chapitos-por-trafico-de-armas\/"},"author":{"name":"Milenio","@id":"https:\/\/fuentesfidedignas.com.mx\/#\/schema\/person\/47ec0135738f4b0c7495f06a77a2c976"},"headline":"Vinculan a proceso a &#8216;El Dr\u00e1cula&#8217;, hombre ligado a Los Chapitos, por tr\u00e1fico de armas","datePublished":"2025-01-14T02:02:38+00:00","dateModified":"2025-01-14T02:02:43+00:00","mainEntityOfPage":{"@id":"https:\/\/fuentesfidedignas.com.mx\/index.php\/2025\/01\/13\/vinculan-a-proceso-a-el-dracula-hombre-ligado-a-los-chapitos-por-trafico-de-armas\/"},"wordCount":460,"commentCount":0,"publisher":{"@id":"https:\/\/fuentesfidedignas.com.mx\/#organization"},"image":{"@id":"https:\/\/fuentesfidedignas.com.mx\/index.php\/2025\/01\/13\/vinculan-a-proceso-a-el-dracula-hombre-ligado-a-los-chapitos-por-trafico-de-armas\/#primaryimage"},"thumbnailUrl":"https:\/\/fuentesfidedignas.com.mx\/wp-content\/uploads\/2025\/01\/dracula.jpg","articleSection":["NOTICIAS NACIONALES"],"inLanguage":"es","potentialAction":[{"@type":"CommentAction","name":"Comment","target":["https:\/\/fuentesfidedignas.com.mx\/index.php\/2025\/01\/13\/vinculan-a-proceso-a-el-dracula-hombre-ligado-a-los-chapitos-por-trafico-de-armas\/#respond"]}]},{"@type":"WebPage","@id":"https:\/\/fuentesfidedignas.com.mx\/index.php\/2025\/01\/13\/vinculan-a-proceso-a-el-dracula-hombre-ligado-a-los-chapitos-por-trafico-de-armas\/","url":"https:\/\/fuentesfidedignas.com.mx\/index.php\/2025\/01\/13\/vinculan-a-proceso-a-el-dracula-hombre-ligado-a-los-chapitos-por-trafico-de-armas\/","name":"Vinculan a proceso a 'El Dr\u00e1cula', hombre ligado a Los Chapitos, por tr\u00e1fico de armas - Fuentes Fidedignas","isPartOf":{"@id":"https:\/\/fuentesfidedignas.com.mx\/#website"},"primaryImageOfPage":{"@id":"https:\/\/fuentesfidedignas.com.mx\/index.php\/2025\/01\/13\/vinculan-a-proceso-a-el-dracula-hombre-ligado-a-los-chapitos-por-trafico-de-armas\/#primaryimage"},"image":{"@id":"https:\/\/fuentesfidedignas.com.mx\/index.php\/2025\/01\/13\/vinculan-a-proceso-a-el-dracula-hombre-ligado-a-los-chapitos-por-trafico-de-armas\/#primaryimage"},"thumbnailUrl":"https:\/\/fuentesfidedignas.com.mx\/wp-content\/uploads\/2025\/01\/dracula.jpg","datePublished":"2025-01-14T02:02:38+00:00","dateModified":"2025-01-14T02:02:43+00:00","breadcrumb":{"@id":"https:\/\/fuentesfidedignas.com.mx\/index.php\/2025\/01\/13\/vinculan-a-proceso-a-el-dracula-hombre-ligado-a-los-chapitos-por-trafico-de-armas\/#breadcrumb"},"inLanguage":"es","potentialAction":[{"@type":"ReadAction","target":["https:\/\/fuentesfidedignas.com.mx\/index.php\/2025\/01\/13\/vinculan-a-proceso-a-el-dracula-hombre-ligado-a-los-chapitos-por-trafico-de-armas\/"]}]},{"@type":"ImageObject","inLanguage":"es","@id":"https:\/\/fuentesfidedignas.com.mx\/index.php\/2025\/01\/13\/vinculan-a-proceso-a-el-dracula-hombre-ligado-a-los-chapitos-por-trafico-de-armas\/#primaryimage","url":"https:\/\/fuentesfidedignas.com.mx\/wp-content\/uploads\/2025\/01\/dracula.jpg","contentUrl":"https:\/\/fuentesfidedignas.com.mx\/wp-content\/uploads\/2025\/01\/dracula.jpg","width":600,"height":338},{"@type":"BreadcrumbList","@id":"https:\/\/fuentesfidedignas.com.mx\/index.php\/2025\/01\/13\/vinculan-a-proceso-a-el-dracula-hombre-ligado-a-los-chapitos-por-trafico-de-armas\/#breadcrumb","itemListElement":[{"@type":"ListItem","position":1,"name":"Inicio","item":"https:\/\/fuentesfidedignas.com.mx\/"},{"@type":"ListItem","position":2,"name":"Vinculan a proceso a &#8216;El Dr\u00e1cula&#8217;, hombre ligado a Los Chapitos, por tr\u00e1fico de armas"}]},{"@type":"WebSite","@id":"https:\/\/fuentesfidedignas.com.mx\/#website","url":"https:\/\/fuentesfidedignas.com.mx\/","name":"Fuentes Fidedignas","description":"Otro sitio realizado con WordPress","publisher":{"@id":"https:\/\/fuentesfidedignas.com.mx\/#organization"},"potentialAction":[{"@type":"SearchAction","target":{"@type":"EntryPoint","urlTemplate":"https:\/\/fuentesfidedignas.com.mx\/?s={search_term_string}"},"query-input":{"@type":"PropertyValueSpecification","valueRequired":true,"valueName":"search_term_string"}}],"inLanguage":"es"},{"@type":"Organization","@id":"https:\/\/fuentesfidedignas.com.mx\/#organization","name":"Fuentes Fidedignas","url":"https:\/\/fuentesfidedignas.com.mx\/","logo":{"@type":"ImageObject","inLanguage":"es","@id":"https:\/\/fuentesfidedignas.com.mx\/#\/schema\/logo\/image\/","url":"https:\/\/fuentesfidedignas.com.mx\/wp-content\/uploads\/2021\/04\/logo-retina.png","contentUrl":"https:\/\/fuentesfidedignas.com.mx\/wp-content\/uploads\/2021\/04\/logo-retina.png","width":280,"height":51,"caption":"Fuentes Fidedignas"},"image":{"@id":"https:\/\/fuentesfidedignas.com.mx\/#\/schema\/logo\/image\/"},"sameAs":["https:\/\/www.facebook.com\/Fuentes-Fidedignas-368234489921644","https:\/\/x.com\/fidedignas"]},{"@type":"Person","@id":"https:\/\/fuentesfidedignas.com.mx\/#\/schema\/person\/47ec0135738f4b0c7495f06a77a2c976","name":"Milenio","image":{"@type":"ImageObject","inLanguage":"es","@id":"https:\/\/secure.gravatar.com\/avatar\/acabf7b54753e51c2c76457954577c236b3b764789b19879565769739d1e4a75?s=96&d=mm&r=g","url":"https:\/\/secure.gravatar.com\/avatar\/acabf7b54753e51c2c76457954577c236b3b764789b19879565769739d1e4a75?s=96&d=mm&r=g","contentUrl":"https:\/\/secure.gravatar.com\/avatar\/acabf7b54753e51c2c76457954577c236b3b764789b19879565769739d1e4a75?s=96&d=mm&r=g","caption":"Milenio"},"url":"https:\/\/fuentesfidedignas.com.mx\/index.php\/author\/milenio\/"}]}},"_links":{"self":[{"href":"https:\/\/fuentesfidedignas.com.mx\/index.php\/wp-json\/wp\/v2\/posts\/99254","targetHints":{"allow":["GET"]}}],"collection":[{"href":"https:\/\/fuentesfidedignas.com.mx\/index.php\/wp-json\/wp\/v2\/posts"}],"about":[{"href":"https:\/\/fuentesfidedignas.com.mx\/index.php\/wp-json\/wp\/v2\/types\/post"}],"author":[{"embeddable":true,"href":"https:\/\/fuentesfidedignas.com.mx\/index.php\/wp-json\/wp\/v2\/users\/9"}],"replies":[{"embeddable":true,"href":"https:\/\/fuentesfidedignas.com.mx\/index.php\/wp-json\/wp\/v2\/comments?post=99254"}],"version-history":[{"count":1,"href":"https:\/\/fuentesfidedignas.com.mx\/index.php\/wp-json\/wp\/v2\/posts\/99254\/revisions"}],"predecessor-version":[{"id":99256,"href":"https:\/\/fuentesfidedignas.com.mx\/index.php\/wp-json\/wp\/v2\/posts\/99254\/revisions\/99256"}],"wp:featuredmedia":[{"embeddable":true,"href":"https:\/\/fuentesfidedignas.com.mx\/index.php\/wp-json\/wp\/v2\/media\/99255"}],"wp:attachment":[{"href":"https:\/\/fuentesfidedignas.com.mx\/index.php\/wp-json\/wp\/v2\/media?parent=99254"}],"wp:term":[{"taxonomy":"category","embeddable":true,"href":"https:\/\/fuentesfidedignas.com.mx\/index.php\/wp-json\/wp\/v2\/categories?post=99254"},{"taxonomy":"post_tag","embeddable":true,"href":"https:\/\/fuentesfidedignas.com.mx\/index.php\/wp-json\/wp\/v2\/tags?post=99254"}],"curies":[{"name":"wp","href":"https:\/\/api.w.org\/{rel}","templated":true}]}}