{"id":99149,"date":"2025-01-12T12:27:10","date_gmt":"2025-01-12T19:27:10","guid":{"rendered":"https:\/\/fuentesfidedignas.com.mx\/?p=99149"},"modified":"2025-01-12T12:27:13","modified_gmt":"2025-01-12T19:27:13","slug":"presenta-claudia-sheinbaum-informe-por-100-dias-de-gobierno","status":"publish","type":"post","link":"https:\/\/fuentesfidedignas.com.mx\/index.php\/2025\/01\/12\/presenta-claudia-sheinbaum-informe-por-100-dias-de-gobierno\/","title":{"rendered":"Presenta Claudia Sheinbaum informe por 100 d\u00edas de gobierno"},"content":{"rendered":"\n<p><strong><em>La presidenta Claudia Sheinbaum presenta en el Z\u00f3calo de CDMX un informe por los primeros 100 d\u00edas de Gobierno<\/em><\/strong><\/p>\n\n\n\n<p>La presidenta Claudia Sheinbaum present\u00f3 en el Z\u00f3calo de la Ciudad de M\u00e9xico un informe por los primeros 100 d\u00edas de su Gobierno.<\/p>\n\n\n\n<p>&#8220;No vamos a regresar la modelo neoliberal, no vamos a regresar al r\u00e9gimen de corrupci\u00f3n y privilegios\u201d, sentenci\u00f3.<\/p>\n\n\n\n<p>La presidenta afirm\u00f3 que continuar\u00e1 el modelo de humanismo mexicano, en el que \u201cpor el bien del pueblo, primero los pobres\u201d.<\/p>\n\n\n\n<p>Entre los logros de su administraci\u00f3n subray\u00f3 el r\u00e9cord de creaci\u00f3n de empleos en diciembre para tal mes, con 22 millones 238 mil 379; y un bajo nivel de desempleo as\u00ed como el aumento del salario m\u00ednimo.<\/p>\n\n\n\n<p>&#8220;Somos el principal socio comercial de Estados Unidos. Las reservas internacionales del Banco de M\u00e9xico sumaron 229 mil millones de d\u00f3lares. Y somos la doceava econom\u00eda mundial\u201d, agreg\u00f3.<\/p>\n\n\n\n<p>Sheinbaum Pardo resalt\u00f3 que el 1 de junio se llevar\u00e1n a cabo las elecciones judiciales, en las que se elegir\u00e1n a jueces, magistrados y ministros, a fin de acabar con la corrupci\u00f3n dentro de tal poder de la Uni\u00f3n.<\/p>\n\n\n\n<p>&#8220;El Poder Judicial ser\u00e1 aut\u00f3nomo\u201d, enfatiz\u00f3.<\/p>\n\n\n\n<p>Expres\u00f3 adem\u00e1s que en su mandato \u201cM\u00e9xico se convertir\u00e1 en una potencia cient\u00edfica\u201d con innovaciones tecnol\u00f3gicas como el reci\u00e9n presentado Olinia, veh\u00edculo mexicano el\u00e9ctrico.<\/p>\n\n\n\n<p>Adelant\u00f3 que en pr\u00f3ximos meses iniciar\u00e1n los programas para la construcci\u00f3n de 125 mil viviendas y efectuar 100 mil mejoramientos, en tanto que prometi\u00f3 que la Ley del Infonavit es en beneficio de los trabajadores.<\/p>\n\n\n\n<p>&#8220;El acceso a la vivienda tambi\u00e9n es un derecho del pueblo de M\u00e9xico\u201d, refiri\u00f3.<\/p>\n\n\n\n<p>Para las mujeres trabajadoras, dijo, se crearon centros de cuidado infantil de servicio gratuito.<\/p>\n\n\n\n<p>Se dejar\u00e1 de importar el frijol y se construir\u00e1n dos plantas de leche en Michoac\u00e1n y Campeche, as\u00ed como 14 centros de acopio de leche en Chihuahua<\/p>\n\n\n\n<p>Adelant\u00f3 que en 2025 se iniciar\u00e1 la construcci\u00f3n de las instalaciones para que el Tren Maya tambi\u00e9n sea de carga, y en abril la construcci\u00f3n de las rutas de ferrocarril de pasajeros desde la CDMX a Pachuca, Nuevo Laredo y Nogales.<\/p>\n\n\n\n<p>Tambi\u00e9n est\u00e1 en construcci\u00f3n la l\u00ednea de pasajeros que conectar\u00e1 a la Ciudad de M\u00e9xico con Quer\u00e9taro.<\/p>\n\n\n\n<p>Entre 2025 y 2026, refiri\u00f3, se har\u00e1n acuerdos con varios gobernadores para construir puentes y distribuidores vehiculares, adem\u00e1s de para ampliar los puertos de Manzanillo y Puerto Progreso.<\/p>\n\n\n\n<p>En materia energ\u00e9tica, prometi\u00f3, se fortalecer\u00e1 a Pemex y CFE.<\/p>\n\n\n\n<p>&#8220;Aumentaremos la generaci\u00f3n el\u00e9ctrica en 27 mil megawatts con un porcentaje amplio de energ\u00eda renovable\u2026 Pemex garantizar\u00e1 el funcionamiento de sus ocho refiner\u00edas y se har\u00e1 cargo del proyecto de econom\u00eda circular en Hidalgo\u201d, expres\u00f3.<\/p>\n\n\n\n<p>Inform\u00f3 que en los primeros 100 d\u00edas de su Gobierno se firm\u00f3 el Acuerdo Nacional por el Derecho al Agua para desprivatizar aguas nacionales y llevarla a las comunidades donde hace falta.<\/p>\n\n\n\n<p>En materia de seguridad, refrend\u00f3 la estrategia de cuatro ejes: atenci\u00f3n a las causas; fortalecimiento de la Guardia Nacional; la inteligencia en la investigaci\u00f3n y la coordinaci\u00f3n de todos los niveles de gobierno.<\/p>\n\n\n\n<p>Dijo que gracias a dicha estrategia, entre septiembre y diciembre de 2024 los homicidios dolosos disminuyeron en 16 por ciento y los robos con violencia en 5 por ciento.<\/p>\n\n\n\n<p>&#8220;Algunos quisieran que fracas\u00e1ramos: se van a quedar con las ganas, porque la estrategia de seguridad va a funcionar\u201d, advirti\u00f3.<\/p>\n\n\n\n<p>La presidenta Claudia Sheinbaum aplaudi\u00f3 adem\u00e1s las remesas enviadas por mexicanos en Estados Unidos, que en 2024 sumaron 65 mil millones de d\u00f3lares.<\/p>\n\n\n\n<p>Calific\u00f3 de \u201ch\u00e9roes y hero\u00ednas de la Patria\u201d a los mexicanos por ser grandes trabajadores y aportar a la econom\u00eda estadounidense.<\/p>\n\n\n\n<p>A prop\u00f3sito, se refiri\u00f3 a la relaci\u00f3n con Estados Unidos de cara al regreso de Donald Trump a la Presidencia:<\/p>\n\n\n\n<p>&#8220;Estoy convencida de que la relaci\u00f3n ser\u00e1 buena y de respeto, y que prevalecer\u00e1 el di\u00e1logo. Nuestra visi\u00f3n es el humanismo mexicano, la fraternidad entre los pueblos y la naci\u00f3n. Eso s\u00ed, siempre tendremos la frente en alto: M\u00e9xico es un pa\u00eds libre, independiente y soberano. Y como lo he dicho, nos coordinamos, colaboramos, pero nunca nos subordinamos\u201d, apunt\u00f3.<\/p>\n","protected":false},"excerpt":{"rendered":"<p>La presidenta Claudia Sheinbaum presenta en el Z\u00f3calo de CDMX un informe por los primeros 100 d\u00edas de Gobierno La presidenta Claudia Sheinbaum present\u00f3 en el Z\u00f3calo de la Ciudad de M\u00e9xico un informe por los primeros 100 d\u00edas de su Gobierno. &#8220;No vamos a regresar la modelo neoliberal, no vamos a regresar al r\u00e9gimen [&hellip;]<\/p>\n","protected":false},"author":47,"featured_media":99150,"comment_status":"open","ping_status":"open","sticky":false,"template":"","format":"standard","meta":{"tdm_status":"","tdm_grid_status":"","footnotes":""},"categories":[39],"tags":[],"class_list":{"0":"post-99149","1":"post","2":"type-post","3":"status-publish","4":"format-standard","5":"has-post-thumbnail","7":"category-noticias-nacionales"},"yoast_head":"<!-- This site is optimized with the Yoast SEO plugin v27.5 - https:\/\/yoast.com\/product\/yoast-seo-wordpress\/ -->\n<title>Presenta Claudia Sheinbaum informe por 100 d\u00edas de gobierno - Fuentes Fidedignas<\/title>\n<meta name=\"robots\" content=\"index, follow, max-snippet:-1, max-image-preview:large, max-video-preview:-1\" \/>\n<link rel=\"canonical\" href=\"https:\/\/fuentesfidedignas.com.mx\/index.php\/2025\/01\/12\/presenta-claudia-sheinbaum-informe-por-100-dias-de-gobierno\/\" \/>\n<meta property=\"og:locale\" content=\"es_MX\" \/>\n<meta property=\"og:type\" content=\"article\" \/>\n<meta property=\"og:title\" content=\"Presenta Claudia Sheinbaum informe por 100 d\u00edas de gobierno - Fuentes Fidedignas\" \/>\n<meta property=\"og:description\" content=\"La presidenta Claudia Sheinbaum presenta en el Z\u00f3calo de CDMX un informe por los primeros 100 d\u00edas de Gobierno La presidenta Claudia Sheinbaum present\u00f3 en el Z\u00f3calo de la Ciudad de M\u00e9xico un informe por los primeros 100 d\u00edas de su Gobierno. &#8220;No vamos a regresar la modelo neoliberal, no vamos a regresar al r\u00e9gimen [&hellip;]\" \/>\n<meta property=\"og:url\" content=\"https:\/\/fuentesfidedignas.com.mx\/index.php\/2025\/01\/12\/presenta-claudia-sheinbaum-informe-por-100-dias-de-gobierno\/\" \/>\n<meta property=\"og:site_name\" content=\"Fuentes Fidedignas\" \/>\n<meta property=\"article:publisher\" content=\"https:\/\/www.facebook.com\/Fuentes-Fidedignas-368234489921644\" \/>\n<meta property=\"article:published_time\" content=\"2025-01-12T19:27:10+00:00\" \/>\n<meta property=\"article:modified_time\" content=\"2025-01-12T19:27:13+00:00\" \/>\n<meta property=\"og:image\" content=\"https:\/\/fuentesfidedignas.com.mx\/wp-content\/uploads\/2025\/01\/WhatsApp-Image-2025-01-12-at-12.01.14-PM-1.jpeg\" \/>\n\t<meta property=\"og:image:width\" content=\"600\" \/>\n\t<meta property=\"og:image:height\" content=\"367\" \/>\n\t<meta property=\"og:image:type\" content=\"image\/jpeg\" \/>\n<meta name=\"author\" content=\"L\u00f3pez D\u00f3riga\" \/>\n<meta name=\"twitter:card\" content=\"summary_large_image\" \/>\n<meta name=\"twitter:creator\" content=\"@fidedignas\" \/>\n<meta name=\"twitter:site\" content=\"@fidedignas\" \/>\n<meta name=\"twitter:label1\" content=\"Escrito por\" \/>\n\t<meta name=\"twitter:data1\" content=\"L\u00f3pez D\u00f3riga\" \/>\n\t<meta name=\"twitter:label2\" content=\"Tiempo de lectura\" \/>\n\t<meta name=\"twitter:data2\" content=\"4 minutos\" \/>\n<script type=\"application\/ld+json\" class=\"yoast-schema-graph\">{\"@context\":\"https:\\\/\\\/schema.org\",\"@graph\":[{\"@type\":\"Article\",\"@id\":\"https:\\\/\\\/fuentesfidedignas.com.mx\\\/index.php\\\/2025\\\/01\\\/12\\\/presenta-claudia-sheinbaum-informe-por-100-dias-de-gobierno\\\/#article\",\"isPartOf\":{\"@id\":\"https:\\\/\\\/fuentesfidedignas.com.mx\\\/index.php\\\/2025\\\/01\\\/12\\\/presenta-claudia-sheinbaum-informe-por-100-dias-de-gobierno\\\/\"},\"author\":{\"name\":\"L\u00f3pez D\u00f3riga\",\"@id\":\"https:\\\/\\\/fuentesfidedignas.com.mx\\\/#\\\/schema\\\/person\\\/67d852f0557c8509146a4b9ddebd543a\"},\"headline\":\"Presenta Claudia Sheinbaum informe por 100 d\u00edas de gobierno\",\"datePublished\":\"2025-01-12T19:27:10+00:00\",\"dateModified\":\"2025-01-12T19:27:13+00:00\",\"mainEntityOfPage\":{\"@id\":\"https:\\\/\\\/fuentesfidedignas.com.mx\\\/index.php\\\/2025\\\/01\\\/12\\\/presenta-claudia-sheinbaum-informe-por-100-dias-de-gobierno\\\/\"},\"wordCount\":729,\"commentCount\":0,\"publisher\":{\"@id\":\"https:\\\/\\\/fuentesfidedignas.com.mx\\\/#organization\"},\"image\":{\"@id\":\"https:\\\/\\\/fuentesfidedignas.com.mx\\\/index.php\\\/2025\\\/01\\\/12\\\/presenta-claudia-sheinbaum-informe-por-100-dias-de-gobierno\\\/#primaryimage\"},\"thumbnailUrl\":\"https:\\\/\\\/fuentesfidedignas.com.mx\\\/wp-content\\\/uploads\\\/2025\\\/01\\\/WhatsApp-Image-2025-01-12-at-12.01.14-PM-1.jpeg\",\"articleSection\":[\"NOTICIAS NACIONALES\"],\"inLanguage\":\"es\",\"potentialAction\":[{\"@type\":\"CommentAction\",\"name\":\"Comment\",\"target\":[\"https:\\\/\\\/fuentesfidedignas.com.mx\\\/index.php\\\/2025\\\/01\\\/12\\\/presenta-claudia-sheinbaum-informe-por-100-dias-de-gobierno\\\/#respond\"]}]},{\"@type\":\"WebPage\",\"@id\":\"https:\\\/\\\/fuentesfidedignas.com.mx\\\/index.php\\\/2025\\\/01\\\/12\\\/presenta-claudia-sheinbaum-informe-por-100-dias-de-gobierno\\\/\",\"url\":\"https:\\\/\\\/fuentesfidedignas.com.mx\\\/index.php\\\/2025\\\/01\\\/12\\\/presenta-claudia-sheinbaum-informe-por-100-dias-de-gobierno\\\/\",\"name\":\"Presenta Claudia Sheinbaum informe por 100 d\u00edas de gobierno - Fuentes Fidedignas\",\"isPartOf\":{\"@id\":\"https:\\\/\\\/fuentesfidedignas.com.mx\\\/#website\"},\"primaryImageOfPage\":{\"@id\":\"https:\\\/\\\/fuentesfidedignas.com.mx\\\/index.php\\\/2025\\\/01\\\/12\\\/presenta-claudia-sheinbaum-informe-por-100-dias-de-gobierno\\\/#primaryimage\"},\"image\":{\"@id\":\"https:\\\/\\\/fuentesfidedignas.com.mx\\\/index.php\\\/2025\\\/01\\\/12\\\/presenta-claudia-sheinbaum-informe-por-100-dias-de-gobierno\\\/#primaryimage\"},\"thumbnailUrl\":\"https:\\\/\\\/fuentesfidedignas.com.mx\\\/wp-content\\\/uploads\\\/2025\\\/01\\\/WhatsApp-Image-2025-01-12-at-12.01.14-PM-1.jpeg\",\"datePublished\":\"2025-01-12T19:27:10+00:00\",\"dateModified\":\"2025-01-12T19:27:13+00:00\",\"breadcrumb\":{\"@id\":\"https:\\\/\\\/fuentesfidedignas.com.mx\\\/index.php\\\/2025\\\/01\\\/12\\\/presenta-claudia-sheinbaum-informe-por-100-dias-de-gobierno\\\/#breadcrumb\"},\"inLanguage\":\"es\",\"potentialAction\":[{\"@type\":\"ReadAction\",\"target\":[\"https:\\\/\\\/fuentesfidedignas.com.mx\\\/index.php\\\/2025\\\/01\\\/12\\\/presenta-claudia-sheinbaum-informe-por-100-dias-de-gobierno\\\/\"]}]},{\"@type\":\"ImageObject\",\"inLanguage\":\"es\",\"@id\":\"https:\\\/\\\/fuentesfidedignas.com.mx\\\/index.php\\\/2025\\\/01\\\/12\\\/presenta-claudia-sheinbaum-informe-por-100-dias-de-gobierno\\\/#primaryimage\",\"url\":\"https:\\\/\\\/fuentesfidedignas.com.mx\\\/wp-content\\\/uploads\\\/2025\\\/01\\\/WhatsApp-Image-2025-01-12-at-12.01.14-PM-1.jpeg\",\"contentUrl\":\"https:\\\/\\\/fuentesfidedignas.com.mx\\\/wp-content\\\/uploads\\\/2025\\\/01\\\/WhatsApp-Image-2025-01-12-at-12.01.14-PM-1.jpeg\",\"width\":600,\"height\":367},{\"@type\":\"BreadcrumbList\",\"@id\":\"https:\\\/\\\/fuentesfidedignas.com.mx\\\/index.php\\\/2025\\\/01\\\/12\\\/presenta-claudia-sheinbaum-informe-por-100-dias-de-gobierno\\\/#breadcrumb\",\"itemListElement\":[{\"@type\":\"ListItem\",\"position\":1,\"name\":\"Inicio\",\"item\":\"https:\\\/\\\/fuentesfidedignas.com.mx\\\/\"},{\"@type\":\"ListItem\",\"position\":2,\"name\":\"Presenta Claudia Sheinbaum informe por 100 d\u00edas de gobierno\"}]},{\"@type\":\"WebSite\",\"@id\":\"https:\\\/\\\/fuentesfidedignas.com.mx\\\/#website\",\"url\":\"https:\\\/\\\/fuentesfidedignas.com.mx\\\/\",\"name\":\"Fuentes Fidedignas\",\"description\":\"Otro sitio realizado con WordPress\",\"publisher\":{\"@id\":\"https:\\\/\\\/fuentesfidedignas.com.mx\\\/#organization\"},\"potentialAction\":[{\"@type\":\"SearchAction\",\"target\":{\"@type\":\"EntryPoint\",\"urlTemplate\":\"https:\\\/\\\/fuentesfidedignas.com.mx\\\/?s={search_term_string}\"},\"query-input\":{\"@type\":\"PropertyValueSpecification\",\"valueRequired\":true,\"valueName\":\"search_term_string\"}}],\"inLanguage\":\"es\"},{\"@type\":\"Organization\",\"@id\":\"https:\\\/\\\/fuentesfidedignas.com.mx\\\/#organization\",\"name\":\"Fuentes Fidedignas\",\"url\":\"https:\\\/\\\/fuentesfidedignas.com.mx\\\/\",\"logo\":{\"@type\":\"ImageObject\",\"inLanguage\":\"es\",\"@id\":\"https:\\\/\\\/fuentesfidedignas.com.mx\\\/#\\\/schema\\\/logo\\\/image\\\/\",\"url\":\"https:\\\/\\\/fuentesfidedignas.com.mx\\\/wp-content\\\/uploads\\\/2021\\\/04\\\/logo-retina.png\",\"contentUrl\":\"https:\\\/\\\/fuentesfidedignas.com.mx\\\/wp-content\\\/uploads\\\/2021\\\/04\\\/logo-retina.png\",\"width\":280,\"height\":51,\"caption\":\"Fuentes Fidedignas\"},\"image\":{\"@id\":\"https:\\\/\\\/fuentesfidedignas.com.mx\\\/#\\\/schema\\\/logo\\\/image\\\/\"},\"sameAs\":[\"https:\\\/\\\/www.facebook.com\\\/Fuentes-Fidedignas-368234489921644\",\"https:\\\/\\\/x.com\\\/fidedignas\"]},{\"@type\":\"Person\",\"@id\":\"https:\\\/\\\/fuentesfidedignas.com.mx\\\/#\\\/schema\\\/person\\\/67d852f0557c8509146a4b9ddebd543a\",\"name\":\"L\u00f3pez D\u00f3riga\",\"image\":{\"@type\":\"ImageObject\",\"inLanguage\":\"es\",\"@id\":\"https:\\\/\\\/secure.gravatar.com\\\/avatar\\\/e525b06574ca18b33cded59dfe5778d6c823b9513154eff47da551b0551bdd1e?s=96&d=mm&r=g\",\"url\":\"https:\\\/\\\/secure.gravatar.com\\\/avatar\\\/e525b06574ca18b33cded59dfe5778d6c823b9513154eff47da551b0551bdd1e?s=96&d=mm&r=g\",\"contentUrl\":\"https:\\\/\\\/secure.gravatar.com\\\/avatar\\\/e525b06574ca18b33cded59dfe5778d6c823b9513154eff47da551b0551bdd1e?s=96&d=mm&r=g\",\"caption\":\"L\u00f3pez D\u00f3riga\"},\"url\":\"https:\\\/\\\/fuentesfidedignas.com.mx\\\/index.php\\\/author\\\/doriga\\\/\"}]}<\/script>\n<!-- \/ Yoast SEO plugin. -->","yoast_head_json":{"title":"Presenta Claudia Sheinbaum informe por 100 d\u00edas de gobierno - Fuentes Fidedignas","robots":{"index":"index","follow":"follow","max-snippet":"max-snippet:-1","max-image-preview":"max-image-preview:large","max-video-preview":"max-video-preview:-1"},"canonical":"https:\/\/fuentesfidedignas.com.mx\/index.php\/2025\/01\/12\/presenta-claudia-sheinbaum-informe-por-100-dias-de-gobierno\/","og_locale":"es_MX","og_type":"article","og_title":"Presenta Claudia Sheinbaum informe por 100 d\u00edas de gobierno - Fuentes Fidedignas","og_description":"La presidenta Claudia Sheinbaum presenta en el Z\u00f3calo de CDMX un informe por los primeros 100 d\u00edas de Gobierno La presidenta Claudia Sheinbaum present\u00f3 en el Z\u00f3calo de la Ciudad de M\u00e9xico un informe por los primeros 100 d\u00edas de su Gobierno. &#8220;No vamos a regresar la modelo neoliberal, no vamos a regresar al r\u00e9gimen [&hellip;]","og_url":"https:\/\/fuentesfidedignas.com.mx\/index.php\/2025\/01\/12\/presenta-claudia-sheinbaum-informe-por-100-dias-de-gobierno\/","og_site_name":"Fuentes Fidedignas","article_publisher":"https:\/\/www.facebook.com\/Fuentes-Fidedignas-368234489921644","article_published_time":"2025-01-12T19:27:10+00:00","article_modified_time":"2025-01-12T19:27:13+00:00","og_image":[{"width":600,"height":367,"url":"https:\/\/fuentesfidedignas.com.mx\/wp-content\/uploads\/2025\/01\/WhatsApp-Image-2025-01-12-at-12.01.14-PM-1.jpeg","type":"image\/jpeg"}],"author":"L\u00f3pez D\u00f3riga","twitter_card":"summary_large_image","twitter_creator":"@fidedignas","twitter_site":"@fidedignas","twitter_misc":{"Escrito por":"L\u00f3pez D\u00f3riga","Tiempo de lectura":"4 minutos"},"schema":{"@context":"https:\/\/schema.org","@graph":[{"@type":"Article","@id":"https:\/\/fuentesfidedignas.com.mx\/index.php\/2025\/01\/12\/presenta-claudia-sheinbaum-informe-por-100-dias-de-gobierno\/#article","isPartOf":{"@id":"https:\/\/fuentesfidedignas.com.mx\/index.php\/2025\/01\/12\/presenta-claudia-sheinbaum-informe-por-100-dias-de-gobierno\/"},"author":{"name":"L\u00f3pez D\u00f3riga","@id":"https:\/\/fuentesfidedignas.com.mx\/#\/schema\/person\/67d852f0557c8509146a4b9ddebd543a"},"headline":"Presenta Claudia Sheinbaum informe por 100 d\u00edas de gobierno","datePublished":"2025-01-12T19:27:10+00:00","dateModified":"2025-01-12T19:27:13+00:00","mainEntityOfPage":{"@id":"https:\/\/fuentesfidedignas.com.mx\/index.php\/2025\/01\/12\/presenta-claudia-sheinbaum-informe-por-100-dias-de-gobierno\/"},"wordCount":729,"commentCount":0,"publisher":{"@id":"https:\/\/fuentesfidedignas.com.mx\/#organization"},"image":{"@id":"https:\/\/fuentesfidedignas.com.mx\/index.php\/2025\/01\/12\/presenta-claudia-sheinbaum-informe-por-100-dias-de-gobierno\/#primaryimage"},"thumbnailUrl":"https:\/\/fuentesfidedignas.com.mx\/wp-content\/uploads\/2025\/01\/WhatsApp-Image-2025-01-12-at-12.01.14-PM-1.jpeg","articleSection":["NOTICIAS NACIONALES"],"inLanguage":"es","potentialAction":[{"@type":"CommentAction","name":"Comment","target":["https:\/\/fuentesfidedignas.com.mx\/index.php\/2025\/01\/12\/presenta-claudia-sheinbaum-informe-por-100-dias-de-gobierno\/#respond"]}]},{"@type":"WebPage","@id":"https:\/\/fuentesfidedignas.com.mx\/index.php\/2025\/01\/12\/presenta-claudia-sheinbaum-informe-por-100-dias-de-gobierno\/","url":"https:\/\/fuentesfidedignas.com.mx\/index.php\/2025\/01\/12\/presenta-claudia-sheinbaum-informe-por-100-dias-de-gobierno\/","name":"Presenta Claudia Sheinbaum informe por 100 d\u00edas de gobierno - Fuentes Fidedignas","isPartOf":{"@id":"https:\/\/fuentesfidedignas.com.mx\/#website"},"primaryImageOfPage":{"@id":"https:\/\/fuentesfidedignas.com.mx\/index.php\/2025\/01\/12\/presenta-claudia-sheinbaum-informe-por-100-dias-de-gobierno\/#primaryimage"},"image":{"@id":"https:\/\/fuentesfidedignas.com.mx\/index.php\/2025\/01\/12\/presenta-claudia-sheinbaum-informe-por-100-dias-de-gobierno\/#primaryimage"},"thumbnailUrl":"https:\/\/fuentesfidedignas.com.mx\/wp-content\/uploads\/2025\/01\/WhatsApp-Image-2025-01-12-at-12.01.14-PM-1.jpeg","datePublished":"2025-01-12T19:27:10+00:00","dateModified":"2025-01-12T19:27:13+00:00","breadcrumb":{"@id":"https:\/\/fuentesfidedignas.com.mx\/index.php\/2025\/01\/12\/presenta-claudia-sheinbaum-informe-por-100-dias-de-gobierno\/#breadcrumb"},"inLanguage":"es","potentialAction":[{"@type":"ReadAction","target":["https:\/\/fuentesfidedignas.com.mx\/index.php\/2025\/01\/12\/presenta-claudia-sheinbaum-informe-por-100-dias-de-gobierno\/"]}]},{"@type":"ImageObject","inLanguage":"es","@id":"https:\/\/fuentesfidedignas.com.mx\/index.php\/2025\/01\/12\/presenta-claudia-sheinbaum-informe-por-100-dias-de-gobierno\/#primaryimage","url":"https:\/\/fuentesfidedignas.com.mx\/wp-content\/uploads\/2025\/01\/WhatsApp-Image-2025-01-12-at-12.01.14-PM-1.jpeg","contentUrl":"https:\/\/fuentesfidedignas.com.mx\/wp-content\/uploads\/2025\/01\/WhatsApp-Image-2025-01-12-at-12.01.14-PM-1.jpeg","width":600,"height":367},{"@type":"BreadcrumbList","@id":"https:\/\/fuentesfidedignas.com.mx\/index.php\/2025\/01\/12\/presenta-claudia-sheinbaum-informe-por-100-dias-de-gobierno\/#breadcrumb","itemListElement":[{"@type":"ListItem","position":1,"name":"Inicio","item":"https:\/\/fuentesfidedignas.com.mx\/"},{"@type":"ListItem","position":2,"name":"Presenta Claudia Sheinbaum informe por 100 d\u00edas de gobierno"}]},{"@type":"WebSite","@id":"https:\/\/fuentesfidedignas.com.mx\/#website","url":"https:\/\/fuentesfidedignas.com.mx\/","name":"Fuentes Fidedignas","description":"Otro sitio realizado con WordPress","publisher":{"@id":"https:\/\/fuentesfidedignas.com.mx\/#organization"},"potentialAction":[{"@type":"SearchAction","target":{"@type":"EntryPoint","urlTemplate":"https:\/\/fuentesfidedignas.com.mx\/?s={search_term_string}"},"query-input":{"@type":"PropertyValueSpecification","valueRequired":true,"valueName":"search_term_string"}}],"inLanguage":"es"},{"@type":"Organization","@id":"https:\/\/fuentesfidedignas.com.mx\/#organization","name":"Fuentes Fidedignas","url":"https:\/\/fuentesfidedignas.com.mx\/","logo":{"@type":"ImageObject","inLanguage":"es","@id":"https:\/\/fuentesfidedignas.com.mx\/#\/schema\/logo\/image\/","url":"https:\/\/fuentesfidedignas.com.mx\/wp-content\/uploads\/2021\/04\/logo-retina.png","contentUrl":"https:\/\/fuentesfidedignas.com.mx\/wp-content\/uploads\/2021\/04\/logo-retina.png","width":280,"height":51,"caption":"Fuentes Fidedignas"},"image":{"@id":"https:\/\/fuentesfidedignas.com.mx\/#\/schema\/logo\/image\/"},"sameAs":["https:\/\/www.facebook.com\/Fuentes-Fidedignas-368234489921644","https:\/\/x.com\/fidedignas"]},{"@type":"Person","@id":"https:\/\/fuentesfidedignas.com.mx\/#\/schema\/person\/67d852f0557c8509146a4b9ddebd543a","name":"L\u00f3pez D\u00f3riga","image":{"@type":"ImageObject","inLanguage":"es","@id":"https:\/\/secure.gravatar.com\/avatar\/e525b06574ca18b33cded59dfe5778d6c823b9513154eff47da551b0551bdd1e?s=96&d=mm&r=g","url":"https:\/\/secure.gravatar.com\/avatar\/e525b06574ca18b33cded59dfe5778d6c823b9513154eff47da551b0551bdd1e?s=96&d=mm&r=g","contentUrl":"https:\/\/secure.gravatar.com\/avatar\/e525b06574ca18b33cded59dfe5778d6c823b9513154eff47da551b0551bdd1e?s=96&d=mm&r=g","caption":"L\u00f3pez D\u00f3riga"},"url":"https:\/\/fuentesfidedignas.com.mx\/index.php\/author\/doriga\/"}]}},"_links":{"self":[{"href":"https:\/\/fuentesfidedignas.com.mx\/index.php\/wp-json\/wp\/v2\/posts\/99149","targetHints":{"allow":["GET"]}}],"collection":[{"href":"https:\/\/fuentesfidedignas.com.mx\/index.php\/wp-json\/wp\/v2\/posts"}],"about":[{"href":"https:\/\/fuentesfidedignas.com.mx\/index.php\/wp-json\/wp\/v2\/types\/post"}],"author":[{"embeddable":true,"href":"https:\/\/fuentesfidedignas.com.mx\/index.php\/wp-json\/wp\/v2\/users\/47"}],"replies":[{"embeddable":true,"href":"https:\/\/fuentesfidedignas.com.mx\/index.php\/wp-json\/wp\/v2\/comments?post=99149"}],"version-history":[{"count":1,"href":"https:\/\/fuentesfidedignas.com.mx\/index.php\/wp-json\/wp\/v2\/posts\/99149\/revisions"}],"predecessor-version":[{"id":99151,"href":"https:\/\/fuentesfidedignas.com.mx\/index.php\/wp-json\/wp\/v2\/posts\/99149\/revisions\/99151"}],"wp:featuredmedia":[{"embeddable":true,"href":"https:\/\/fuentesfidedignas.com.mx\/index.php\/wp-json\/wp\/v2\/media\/99150"}],"wp:attachment":[{"href":"https:\/\/fuentesfidedignas.com.mx\/index.php\/wp-json\/wp\/v2\/media?parent=99149"}],"wp:term":[{"taxonomy":"category","embeddable":true,"href":"https:\/\/fuentesfidedignas.com.mx\/index.php\/wp-json\/wp\/v2\/categories?post=99149"},{"taxonomy":"post_tag","embeddable":true,"href":"https:\/\/fuentesfidedignas.com.mx\/index.php\/wp-json\/wp\/v2\/tags?post=99149"}],"curies":[{"name":"wp","href":"https:\/\/api.w.org\/{rel}","templated":true}]}}