{"id":99126,"date":"2025-01-11T13:13:46","date_gmt":"2025-01-11T20:13:46","guid":{"rendered":"https:\/\/fuentesfidedignas.com.mx\/?p=99126"},"modified":"2025-01-11T13:13:46","modified_gmt":"2025-01-11T20:13:46","slug":"apoya-ambrocio-chavez-con-pintura-para-telesecundaria-de-salvador-alvarado","status":"publish","type":"post","link":"https:\/\/fuentesfidedignas.com.mx\/index.php\/2025\/01\/11\/apoya-ambrocio-chavez-con-pintura-para-telesecundaria-de-salvador-alvarado\/","title":{"rendered":"Apoya Ambrocio Ch\u00e1vez con pintura para Telesecundaria de Salvador Alvarado"},"content":{"rendered":"\n<p><\/p>\n\n\n\n<p>\u2022La escuela Telesecundaria atiende a poco mas de 60 adolescentes de la comunidad de Cruz Blanca y localidades cercanas, con este apoyo mejorar\u00e1 la imagen del centro educativo.<\/p>\n\n\n\n<p>\u2022As\u00ed como esta entrega, en otras ocasiones se han apoyado a ni\u00f1os y j\u00f3venes deportistas de la regi\u00f3n, quienes han recibido uniformes y otro tipo de art\u00edculos deportivos, buscando generar alternativas de esparcimiento para ni\u00f1os, ni\u00f1as y j\u00f3venes de la regi\u00f3n.<\/p>\n\n\n\n<p><em>Guam\u00fachil, Salvador Alvarado; a 11 de enero de 2025<\/em>:- Acompa\u00f1ado de docentes y padres de familia, el Diputado por el noveno distrito, Ambrocio Ch\u00e1vez Ch\u00e1vez, entreg\u00f3 esta ma\u00f1ana un lote de cubetas de pintura que ser\u00e1n usadas para dar mantenimiento a la escuela Telesecundaria No. 132, ubicada en la comunidad Cruz Blanca del municipio de Salvador Alvarado. Gracias a esta ayuda, se podr\u00e1 embellecer la instituci\u00f3n educativa que atiende a poco m\u00e1s de 60 adolescentes de esta y otras comunidades aleda\u00f1as.<\/p>\n\n\n\n<p>&#8220;Cubetas de pintura, yo digo de buena calidad, para la escuela secundaria, Telesecundaria que est\u00e1 ubicada en Cruz Blanca, Salvador Alvarado. La Telesecundaria es la n\u00famero 132 que dirige aqu\u00ed, nuestra ex alumna de la prepa UAS, Mirka Patricia Hern\u00e1ndez; tambi\u00e9n hay maestras de la escuela y madres de familia. Esta petici\u00f3n tiene ya mucha antig\u00fcedad, hace rato que la directora nos hab\u00eda solicitado como Diputado el apoyo y bueno, hubo la posibilidad de que ahora empezando el 2025 le toque a la escuela Telesecundaria de Cruz Blanca&#8221;, resalt\u00f3.<\/p>\n\n\n\n<p>Ch\u00e1vez Ch\u00e1vez, resalt\u00f3 la importancia de seguir apoyando al sector educativo y refrend\u00f3 su compromiso de continuar impulsando ayuda como estas, porque las escuelas Telesecundarias carecen de apoyo institucional. As\u00ed que, subray\u00f3 que seguir\u00e1 construyendo al sector educativo de la regi\u00f3n.<\/p>\n\n\n\n<p>Por su parte, Mirka Patricia Hern\u00e1ndez P\u00e9rez, directora de la Telesecundaria No. 132, resalt\u00f3 la importancia de recibir una donaci\u00f3n como esta, ya que, dijo con ello podr\u00e1n pintar y dar otra imagen al centro educativo que atiende a adolescentes de la comunidad Cruz Blanca, pero donde tambi\u00e9n acuden j\u00f3venes de otras localidades cercanas.<\/p>\n\n\n\n<p>&#8220;Muchas gracias Diputado, en realidad este es un apoyo que como dice usted, tenemos tiempo solicitando, es una necesidad que tenemos en nuestra escuela. Con este apoyo vamos a lograr el objetivo de que se reactive, la imagen de nuestra escuela que se mejore&#8221;, subray\u00f3.<\/p>\n\n\n\n<p>Durante la entrega de este lote de cubetas de pintura, estuvieron presente padres y madres de familia de j\u00f3venes que estudian en este centro educativo, as\u00ed como docentes aue atienden la Telesecundaria No. 132.<\/p>\n\n\n\n<p><\/p>\n","protected":false},"excerpt":{"rendered":"<p>\u2022La escuela Telesecundaria atiende a poco mas de 60 adolescentes de la comunidad de Cruz Blanca y localidades cercanas, con este apoyo mejorar\u00e1 la imagen del centro educativo. \u2022As\u00ed como esta entrega, en otras ocasiones se han apoyado a ni\u00f1os y j\u00f3venes deportistas de la regi\u00f3n, quienes han recibido uniformes y otro tipo de art\u00edculos [&hellip;]<\/p>\n","protected":false},"author":4,"featured_media":99125,"comment_status":"closed","ping_status":"open","sticky":false,"template":"","format":"standard","meta":{"tdm_status":"","tdm_grid_status":"","footnotes":""},"categories":[38],"tags":[],"class_list":{"0":"post-99126","1":"post","2":"type-post","3":"status-publish","4":"format-standard","5":"has-post-thumbnail","7":"category-noticias-locales"},"yoast_head":"<!-- This site is optimized with the Yoast SEO plugin v27.4 - https:\/\/yoast.com\/product\/yoast-seo-wordpress\/ -->\n<title>Apoya Ambrocio Ch\u00e1vez con pintura para Telesecundaria de Salvador Alvarado - Fuentes Fidedignas<\/title>\n<meta name=\"robots\" content=\"index, follow, max-snippet:-1, max-image-preview:large, max-video-preview:-1\" \/>\n<link rel=\"canonical\" href=\"https:\/\/fuentesfidedignas.com.mx\/index.php\/2025\/01\/11\/apoya-ambrocio-chavez-con-pintura-para-telesecundaria-de-salvador-alvarado\/\" \/>\n<meta property=\"og:locale\" content=\"es_MX\" \/>\n<meta property=\"og:type\" content=\"article\" \/>\n<meta property=\"og:title\" content=\"Apoya Ambrocio Ch\u00e1vez con pintura para Telesecundaria de Salvador Alvarado - Fuentes Fidedignas\" \/>\n<meta property=\"og:description\" content=\"\u2022La escuela Telesecundaria atiende a poco mas de 60 adolescentes de la comunidad de Cruz Blanca y localidades cercanas, con este apoyo mejorar\u00e1 la imagen del centro educativo. \u2022As\u00ed como esta entrega, en otras ocasiones se han apoyado a ni\u00f1os y j\u00f3venes deportistas de la regi\u00f3n, quienes han recibido uniformes y otro tipo de art\u00edculos [&hellip;]\" \/>\n<meta property=\"og:url\" content=\"https:\/\/fuentesfidedignas.com.mx\/index.php\/2025\/01\/11\/apoya-ambrocio-chavez-con-pintura-para-telesecundaria-de-salvador-alvarado\/\" \/>\n<meta property=\"og:site_name\" content=\"Fuentes Fidedignas\" \/>\n<meta property=\"article:publisher\" content=\"https:\/\/www.facebook.com\/Fuentes-Fidedignas-368234489921644\" \/>\n<meta property=\"article:published_time\" content=\"2025-01-11T20:13:46+00:00\" \/>\n<meta property=\"og:image\" content=\"https:\/\/fuentesfidedignas.com.mx\/wp-content\/uploads\/2025\/01\/6e20fecd-2d9f-49c2-a8fd-97eb5c1b2309-1.jpg\" \/>\n\t<meta property=\"og:image:width\" content=\"1600\" \/>\n\t<meta property=\"og:image:height\" content=\"1431\" \/>\n\t<meta property=\"og:image:type\" content=\"image\/jpeg\" \/>\n<meta name=\"author\" content=\"Redacci\u00f3n\" \/>\n<meta name=\"twitter:card\" content=\"summary_large_image\" \/>\n<meta name=\"twitter:creator\" content=\"@fidedignas\" \/>\n<meta name=\"twitter:site\" content=\"@fidedignas\" \/>\n<meta name=\"twitter:label1\" content=\"Escrito por\" \/>\n\t<meta name=\"twitter:data1\" content=\"Redacci\u00f3n\" \/>\n\t<meta name=\"twitter:label2\" content=\"Tiempo de lectura\" \/>\n\t<meta name=\"twitter:data2\" content=\"2 minutos\" \/>\n<script type=\"application\/ld+json\" class=\"yoast-schema-graph\">{\"@context\":\"https:\\\/\\\/schema.org\",\"@graph\":[{\"@type\":\"Article\",\"@id\":\"https:\\\/\\\/fuentesfidedignas.com.mx\\\/index.php\\\/2025\\\/01\\\/11\\\/apoya-ambrocio-chavez-con-pintura-para-telesecundaria-de-salvador-alvarado\\\/#article\",\"isPartOf\":{\"@id\":\"https:\\\/\\\/fuentesfidedignas.com.mx\\\/index.php\\\/2025\\\/01\\\/11\\\/apoya-ambrocio-chavez-con-pintura-para-telesecundaria-de-salvador-alvarado\\\/\"},\"author\":{\"name\":\"Redacci\u00f3n\",\"@id\":\"https:\\\/\\\/fuentesfidedignas.com.mx\\\/#\\\/schema\\\/person\\\/331be9283d37198e2acd5750279085b0\"},\"headline\":\"Apoya Ambrocio Ch\u00e1vez con pintura para Telesecundaria de Salvador Alvarado\",\"datePublished\":\"2025-01-11T20:13:46+00:00\",\"mainEntityOfPage\":{\"@id\":\"https:\\\/\\\/fuentesfidedignas.com.mx\\\/index.php\\\/2025\\\/01\\\/11\\\/apoya-ambrocio-chavez-con-pintura-para-telesecundaria-de-salvador-alvarado\\\/\"},\"wordCount\":449,\"publisher\":{\"@id\":\"https:\\\/\\\/fuentesfidedignas.com.mx\\\/#organization\"},\"image\":{\"@id\":\"https:\\\/\\\/fuentesfidedignas.com.mx\\\/index.php\\\/2025\\\/01\\\/11\\\/apoya-ambrocio-chavez-con-pintura-para-telesecundaria-de-salvador-alvarado\\\/#primaryimage\"},\"thumbnailUrl\":\"https:\\\/\\\/fuentesfidedignas.com.mx\\\/wp-content\\\/uploads\\\/2025\\\/01\\\/6e20fecd-2d9f-49c2-a8fd-97eb5c1b2309-1.jpg\",\"articleSection\":[\"NOTICIAS LOCALES\"],\"inLanguage\":\"es\"},{\"@type\":\"WebPage\",\"@id\":\"https:\\\/\\\/fuentesfidedignas.com.mx\\\/index.php\\\/2025\\\/01\\\/11\\\/apoya-ambrocio-chavez-con-pintura-para-telesecundaria-de-salvador-alvarado\\\/\",\"url\":\"https:\\\/\\\/fuentesfidedignas.com.mx\\\/index.php\\\/2025\\\/01\\\/11\\\/apoya-ambrocio-chavez-con-pintura-para-telesecundaria-de-salvador-alvarado\\\/\",\"name\":\"Apoya Ambrocio Ch\u00e1vez con pintura para Telesecundaria de Salvador Alvarado - Fuentes Fidedignas\",\"isPartOf\":{\"@id\":\"https:\\\/\\\/fuentesfidedignas.com.mx\\\/#website\"},\"primaryImageOfPage\":{\"@id\":\"https:\\\/\\\/fuentesfidedignas.com.mx\\\/index.php\\\/2025\\\/01\\\/11\\\/apoya-ambrocio-chavez-con-pintura-para-telesecundaria-de-salvador-alvarado\\\/#primaryimage\"},\"image\":{\"@id\":\"https:\\\/\\\/fuentesfidedignas.com.mx\\\/index.php\\\/2025\\\/01\\\/11\\\/apoya-ambrocio-chavez-con-pintura-para-telesecundaria-de-salvador-alvarado\\\/#primaryimage\"},\"thumbnailUrl\":\"https:\\\/\\\/fuentesfidedignas.com.mx\\\/wp-content\\\/uploads\\\/2025\\\/01\\\/6e20fecd-2d9f-49c2-a8fd-97eb5c1b2309-1.jpg\",\"datePublished\":\"2025-01-11T20:13:46+00:00\",\"breadcrumb\":{\"@id\":\"https:\\\/\\\/fuentesfidedignas.com.mx\\\/index.php\\\/2025\\\/01\\\/11\\\/apoya-ambrocio-chavez-con-pintura-para-telesecundaria-de-salvador-alvarado\\\/#breadcrumb\"},\"inLanguage\":\"es\",\"potentialAction\":[{\"@type\":\"ReadAction\",\"target\":[\"https:\\\/\\\/fuentesfidedignas.com.mx\\\/index.php\\\/2025\\\/01\\\/11\\\/apoya-ambrocio-chavez-con-pintura-para-telesecundaria-de-salvador-alvarado\\\/\"]}]},{\"@type\":\"ImageObject\",\"inLanguage\":\"es\",\"@id\":\"https:\\\/\\\/fuentesfidedignas.com.mx\\\/index.php\\\/2025\\\/01\\\/11\\\/apoya-ambrocio-chavez-con-pintura-para-telesecundaria-de-salvador-alvarado\\\/#primaryimage\",\"url\":\"https:\\\/\\\/fuentesfidedignas.com.mx\\\/wp-content\\\/uploads\\\/2025\\\/01\\\/6e20fecd-2d9f-49c2-a8fd-97eb5c1b2309-1.jpg\",\"contentUrl\":\"https:\\\/\\\/fuentesfidedignas.com.mx\\\/wp-content\\\/uploads\\\/2025\\\/01\\\/6e20fecd-2d9f-49c2-a8fd-97eb5c1b2309-1.jpg\",\"width\":1600,\"height\":1431},{\"@type\":\"BreadcrumbList\",\"@id\":\"https:\\\/\\\/fuentesfidedignas.com.mx\\\/index.php\\\/2025\\\/01\\\/11\\\/apoya-ambrocio-chavez-con-pintura-para-telesecundaria-de-salvador-alvarado\\\/#breadcrumb\",\"itemListElement\":[{\"@type\":\"ListItem\",\"position\":1,\"name\":\"Inicio\",\"item\":\"https:\\\/\\\/fuentesfidedignas.com.mx\\\/\"},{\"@type\":\"ListItem\",\"position\":2,\"name\":\"Apoya Ambrocio Ch\u00e1vez con pintura para Telesecundaria de Salvador Alvarado\"}]},{\"@type\":\"WebSite\",\"@id\":\"https:\\\/\\\/fuentesfidedignas.com.mx\\\/#website\",\"url\":\"https:\\\/\\\/fuentesfidedignas.com.mx\\\/\",\"name\":\"Fuentes Fidedignas\",\"description\":\"Otro sitio realizado con WordPress\",\"publisher\":{\"@id\":\"https:\\\/\\\/fuentesfidedignas.com.mx\\\/#organization\"},\"potentialAction\":[{\"@type\":\"SearchAction\",\"target\":{\"@type\":\"EntryPoint\",\"urlTemplate\":\"https:\\\/\\\/fuentesfidedignas.com.mx\\\/?s={search_term_string}\"},\"query-input\":{\"@type\":\"PropertyValueSpecification\",\"valueRequired\":true,\"valueName\":\"search_term_string\"}}],\"inLanguage\":\"es\"},{\"@type\":\"Organization\",\"@id\":\"https:\\\/\\\/fuentesfidedignas.com.mx\\\/#organization\",\"name\":\"Fuentes Fidedignas\",\"url\":\"https:\\\/\\\/fuentesfidedignas.com.mx\\\/\",\"logo\":{\"@type\":\"ImageObject\",\"inLanguage\":\"es\",\"@id\":\"https:\\\/\\\/fuentesfidedignas.com.mx\\\/#\\\/schema\\\/logo\\\/image\\\/\",\"url\":\"https:\\\/\\\/fuentesfidedignas.com.mx\\\/wp-content\\\/uploads\\\/2021\\\/04\\\/logo-retina.png\",\"contentUrl\":\"https:\\\/\\\/fuentesfidedignas.com.mx\\\/wp-content\\\/uploads\\\/2021\\\/04\\\/logo-retina.png\",\"width\":280,\"height\":51,\"caption\":\"Fuentes Fidedignas\"},\"image\":{\"@id\":\"https:\\\/\\\/fuentesfidedignas.com.mx\\\/#\\\/schema\\\/logo\\\/image\\\/\"},\"sameAs\":[\"https:\\\/\\\/www.facebook.com\\\/Fuentes-Fidedignas-368234489921644\",\"https:\\\/\\\/x.com\\\/fidedignas\"]},{\"@type\":\"Person\",\"@id\":\"https:\\\/\\\/fuentesfidedignas.com.mx\\\/#\\\/schema\\\/person\\\/331be9283d37198e2acd5750279085b0\",\"name\":\"Redacci\u00f3n\",\"image\":{\"@type\":\"ImageObject\",\"inLanguage\":\"es\",\"@id\":\"https:\\\/\\\/secure.gravatar.com\\\/avatar\\\/f6d8782c11d12b2d4ad3fbb6931aeab5309937a4d6cd2fc9cfaa28a6396a5aec?s=96&d=mm&r=g\",\"url\":\"https:\\\/\\\/secure.gravatar.com\\\/avatar\\\/f6d8782c11d12b2d4ad3fbb6931aeab5309937a4d6cd2fc9cfaa28a6396a5aec?s=96&d=mm&r=g\",\"contentUrl\":\"https:\\\/\\\/secure.gravatar.com\\\/avatar\\\/f6d8782c11d12b2d4ad3fbb6931aeab5309937a4d6cd2fc9cfaa28a6396a5aec?s=96&d=mm&r=g\",\"caption\":\"Redacci\u00f3n\"},\"url\":\"https:\\\/\\\/fuentesfidedignas.com.mx\\\/index.php\\\/author\\\/redaccion\\\/\"}]}<\/script>\n<!-- \/ Yoast SEO plugin. -->","yoast_head_json":{"title":"Apoya Ambrocio Ch\u00e1vez con pintura para Telesecundaria de Salvador Alvarado - Fuentes Fidedignas","robots":{"index":"index","follow":"follow","max-snippet":"max-snippet:-1","max-image-preview":"max-image-preview:large","max-video-preview":"max-video-preview:-1"},"canonical":"https:\/\/fuentesfidedignas.com.mx\/index.php\/2025\/01\/11\/apoya-ambrocio-chavez-con-pintura-para-telesecundaria-de-salvador-alvarado\/","og_locale":"es_MX","og_type":"article","og_title":"Apoya Ambrocio Ch\u00e1vez con pintura para Telesecundaria de Salvador Alvarado - Fuentes Fidedignas","og_description":"\u2022La escuela Telesecundaria atiende a poco mas de 60 adolescentes de la comunidad de Cruz Blanca y localidades cercanas, con este apoyo mejorar\u00e1 la imagen del centro educativo. \u2022As\u00ed como esta entrega, en otras ocasiones se han apoyado a ni\u00f1os y j\u00f3venes deportistas de la regi\u00f3n, quienes han recibido uniformes y otro tipo de art\u00edculos [&hellip;]","og_url":"https:\/\/fuentesfidedignas.com.mx\/index.php\/2025\/01\/11\/apoya-ambrocio-chavez-con-pintura-para-telesecundaria-de-salvador-alvarado\/","og_site_name":"Fuentes Fidedignas","article_publisher":"https:\/\/www.facebook.com\/Fuentes-Fidedignas-368234489921644","article_published_time":"2025-01-11T20:13:46+00:00","og_image":[{"width":1600,"height":1431,"url":"https:\/\/fuentesfidedignas.com.mx\/wp-content\/uploads\/2025\/01\/6e20fecd-2d9f-49c2-a8fd-97eb5c1b2309-1.jpg","type":"image\/jpeg"}],"author":"Redacci\u00f3n","twitter_card":"summary_large_image","twitter_creator":"@fidedignas","twitter_site":"@fidedignas","twitter_misc":{"Escrito por":"Redacci\u00f3n","Tiempo de lectura":"2 minutos"},"schema":{"@context":"https:\/\/schema.org","@graph":[{"@type":"Article","@id":"https:\/\/fuentesfidedignas.com.mx\/index.php\/2025\/01\/11\/apoya-ambrocio-chavez-con-pintura-para-telesecundaria-de-salvador-alvarado\/#article","isPartOf":{"@id":"https:\/\/fuentesfidedignas.com.mx\/index.php\/2025\/01\/11\/apoya-ambrocio-chavez-con-pintura-para-telesecundaria-de-salvador-alvarado\/"},"author":{"name":"Redacci\u00f3n","@id":"https:\/\/fuentesfidedignas.com.mx\/#\/schema\/person\/331be9283d37198e2acd5750279085b0"},"headline":"Apoya Ambrocio Ch\u00e1vez con pintura para Telesecundaria de Salvador Alvarado","datePublished":"2025-01-11T20:13:46+00:00","mainEntityOfPage":{"@id":"https:\/\/fuentesfidedignas.com.mx\/index.php\/2025\/01\/11\/apoya-ambrocio-chavez-con-pintura-para-telesecundaria-de-salvador-alvarado\/"},"wordCount":449,"publisher":{"@id":"https:\/\/fuentesfidedignas.com.mx\/#organization"},"image":{"@id":"https:\/\/fuentesfidedignas.com.mx\/index.php\/2025\/01\/11\/apoya-ambrocio-chavez-con-pintura-para-telesecundaria-de-salvador-alvarado\/#primaryimage"},"thumbnailUrl":"https:\/\/fuentesfidedignas.com.mx\/wp-content\/uploads\/2025\/01\/6e20fecd-2d9f-49c2-a8fd-97eb5c1b2309-1.jpg","articleSection":["NOTICIAS LOCALES"],"inLanguage":"es"},{"@type":"WebPage","@id":"https:\/\/fuentesfidedignas.com.mx\/index.php\/2025\/01\/11\/apoya-ambrocio-chavez-con-pintura-para-telesecundaria-de-salvador-alvarado\/","url":"https:\/\/fuentesfidedignas.com.mx\/index.php\/2025\/01\/11\/apoya-ambrocio-chavez-con-pintura-para-telesecundaria-de-salvador-alvarado\/","name":"Apoya Ambrocio Ch\u00e1vez con pintura para Telesecundaria de Salvador Alvarado - Fuentes Fidedignas","isPartOf":{"@id":"https:\/\/fuentesfidedignas.com.mx\/#website"},"primaryImageOfPage":{"@id":"https:\/\/fuentesfidedignas.com.mx\/index.php\/2025\/01\/11\/apoya-ambrocio-chavez-con-pintura-para-telesecundaria-de-salvador-alvarado\/#primaryimage"},"image":{"@id":"https:\/\/fuentesfidedignas.com.mx\/index.php\/2025\/01\/11\/apoya-ambrocio-chavez-con-pintura-para-telesecundaria-de-salvador-alvarado\/#primaryimage"},"thumbnailUrl":"https:\/\/fuentesfidedignas.com.mx\/wp-content\/uploads\/2025\/01\/6e20fecd-2d9f-49c2-a8fd-97eb5c1b2309-1.jpg","datePublished":"2025-01-11T20:13:46+00:00","breadcrumb":{"@id":"https:\/\/fuentesfidedignas.com.mx\/index.php\/2025\/01\/11\/apoya-ambrocio-chavez-con-pintura-para-telesecundaria-de-salvador-alvarado\/#breadcrumb"},"inLanguage":"es","potentialAction":[{"@type":"ReadAction","target":["https:\/\/fuentesfidedignas.com.mx\/index.php\/2025\/01\/11\/apoya-ambrocio-chavez-con-pintura-para-telesecundaria-de-salvador-alvarado\/"]}]},{"@type":"ImageObject","inLanguage":"es","@id":"https:\/\/fuentesfidedignas.com.mx\/index.php\/2025\/01\/11\/apoya-ambrocio-chavez-con-pintura-para-telesecundaria-de-salvador-alvarado\/#primaryimage","url":"https:\/\/fuentesfidedignas.com.mx\/wp-content\/uploads\/2025\/01\/6e20fecd-2d9f-49c2-a8fd-97eb5c1b2309-1.jpg","contentUrl":"https:\/\/fuentesfidedignas.com.mx\/wp-content\/uploads\/2025\/01\/6e20fecd-2d9f-49c2-a8fd-97eb5c1b2309-1.jpg","width":1600,"height":1431},{"@type":"BreadcrumbList","@id":"https:\/\/fuentesfidedignas.com.mx\/index.php\/2025\/01\/11\/apoya-ambrocio-chavez-con-pintura-para-telesecundaria-de-salvador-alvarado\/#breadcrumb","itemListElement":[{"@type":"ListItem","position":1,"name":"Inicio","item":"https:\/\/fuentesfidedignas.com.mx\/"},{"@type":"ListItem","position":2,"name":"Apoya Ambrocio Ch\u00e1vez con pintura para Telesecundaria de Salvador Alvarado"}]},{"@type":"WebSite","@id":"https:\/\/fuentesfidedignas.com.mx\/#website","url":"https:\/\/fuentesfidedignas.com.mx\/","name":"Fuentes Fidedignas","description":"Otro sitio realizado con WordPress","publisher":{"@id":"https:\/\/fuentesfidedignas.com.mx\/#organization"},"potentialAction":[{"@type":"SearchAction","target":{"@type":"EntryPoint","urlTemplate":"https:\/\/fuentesfidedignas.com.mx\/?s={search_term_string}"},"query-input":{"@type":"PropertyValueSpecification","valueRequired":true,"valueName":"search_term_string"}}],"inLanguage":"es"},{"@type":"Organization","@id":"https:\/\/fuentesfidedignas.com.mx\/#organization","name":"Fuentes Fidedignas","url":"https:\/\/fuentesfidedignas.com.mx\/","logo":{"@type":"ImageObject","inLanguage":"es","@id":"https:\/\/fuentesfidedignas.com.mx\/#\/schema\/logo\/image\/","url":"https:\/\/fuentesfidedignas.com.mx\/wp-content\/uploads\/2021\/04\/logo-retina.png","contentUrl":"https:\/\/fuentesfidedignas.com.mx\/wp-content\/uploads\/2021\/04\/logo-retina.png","width":280,"height":51,"caption":"Fuentes Fidedignas"},"image":{"@id":"https:\/\/fuentesfidedignas.com.mx\/#\/schema\/logo\/image\/"},"sameAs":["https:\/\/www.facebook.com\/Fuentes-Fidedignas-368234489921644","https:\/\/x.com\/fidedignas"]},{"@type":"Person","@id":"https:\/\/fuentesfidedignas.com.mx\/#\/schema\/person\/331be9283d37198e2acd5750279085b0","name":"Redacci\u00f3n","image":{"@type":"ImageObject","inLanguage":"es","@id":"https:\/\/secure.gravatar.com\/avatar\/f6d8782c11d12b2d4ad3fbb6931aeab5309937a4d6cd2fc9cfaa28a6396a5aec?s=96&d=mm&r=g","url":"https:\/\/secure.gravatar.com\/avatar\/f6d8782c11d12b2d4ad3fbb6931aeab5309937a4d6cd2fc9cfaa28a6396a5aec?s=96&d=mm&r=g","contentUrl":"https:\/\/secure.gravatar.com\/avatar\/f6d8782c11d12b2d4ad3fbb6931aeab5309937a4d6cd2fc9cfaa28a6396a5aec?s=96&d=mm&r=g","caption":"Redacci\u00f3n"},"url":"https:\/\/fuentesfidedignas.com.mx\/index.php\/author\/redaccion\/"}]}},"_links":{"self":[{"href":"https:\/\/fuentesfidedignas.com.mx\/index.php\/wp-json\/wp\/v2\/posts\/99126","targetHints":{"allow":["GET"]}}],"collection":[{"href":"https:\/\/fuentesfidedignas.com.mx\/index.php\/wp-json\/wp\/v2\/posts"}],"about":[{"href":"https:\/\/fuentesfidedignas.com.mx\/index.php\/wp-json\/wp\/v2\/types\/post"}],"author":[{"embeddable":true,"href":"https:\/\/fuentesfidedignas.com.mx\/index.php\/wp-json\/wp\/v2\/users\/4"}],"replies":[{"embeddable":true,"href":"https:\/\/fuentesfidedignas.com.mx\/index.php\/wp-json\/wp\/v2\/comments?post=99126"}],"version-history":[{"count":1,"href":"https:\/\/fuentesfidedignas.com.mx\/index.php\/wp-json\/wp\/v2\/posts\/99126\/revisions"}],"predecessor-version":[{"id":99127,"href":"https:\/\/fuentesfidedignas.com.mx\/index.php\/wp-json\/wp\/v2\/posts\/99126\/revisions\/99127"}],"wp:featuredmedia":[{"embeddable":true,"href":"https:\/\/fuentesfidedignas.com.mx\/index.php\/wp-json\/wp\/v2\/media\/99125"}],"wp:attachment":[{"href":"https:\/\/fuentesfidedignas.com.mx\/index.php\/wp-json\/wp\/v2\/media?parent=99126"}],"wp:term":[{"taxonomy":"category","embeddable":true,"href":"https:\/\/fuentesfidedignas.com.mx\/index.php\/wp-json\/wp\/v2\/categories?post=99126"},{"taxonomy":"post_tag","embeddable":true,"href":"https:\/\/fuentesfidedignas.com.mx\/index.php\/wp-json\/wp\/v2\/tags?post=99126"}],"curies":[{"name":"wp","href":"https:\/\/api.w.org\/{rel}","templated":true}]}}