{"id":99120,"date":"2025-01-11T10:40:56","date_gmt":"2025-01-11T17:40:56","guid":{"rendered":"https:\/\/fuentesfidedignas.com.mx\/?p=99120"},"modified":"2025-01-11T10:40:56","modified_gmt":"2025-01-11T17:40:56","slug":"durazo-culpa-a-victimas-de-asesinato-en-sonora-97-de-homicidios-son-por-actividades-ilegales","status":"publish","type":"post","link":"https:\/\/fuentesfidedignas.com.mx\/index.php\/2025\/01\/11\/durazo-culpa-a-victimas-de-asesinato-en-sonora-97-de-homicidios-son-por-actividades-ilegales\/","title":{"rendered":"Durazo culpa a v\u00edctimas de asesinato en Sonora: \u201897% de homicidios son por actividades ilegales\u2019"},"content":{"rendered":"\n<p><strong><em><br>En un discurso ante polic\u00edas sonorenses, el gobernador Alfonso Durazo culp\u00f3 a v\u00edctimas de homicidio por sus asesinatos, al afirmar que \u201cse esmeraron\u201d en crear \u201centornos de riesgo\u201d.<\/em><\/strong><\/p>\n\n\n\n<p>El gobernador de Sonora, Alfonso Durazo, se\u00f1al\u00f3 que la gran mayor\u00eda de personas asesinadas en el estado fueron atacadas por realizar \u201cactividades ilegales\u201d, en declaraciones hechas frente a m\u00e1s de 80 agentes en la conmemoraci\u00f3n del D\u00eda del Polic\u00eda.<\/p>\n\n\n\n<p class=\"default__StyledText-sc-kkhi2r-0 cZzhZb body-paragraph\">\u201cUno de los problemas que se presenta con frecuencia, lo estamos viviendo lamentablemente&#8230; los familiares se inconforman por la ausencia de uno de sus integrantes. Quiero decirles a ustedes y a la sociedad, que&nbsp;<strong>en el 97.2 por ciento de los homicidios&nbsp;<\/strong>que ocurren en el estado,&nbsp;<strong>las v\u00edctimas se esmeraron en el transcurso de su vida en crear un entorno de riesgo<\/strong>, en virtud de las actividades ilegales en las que estuvieron involucrados\u201d, apunt\u00f3 el gobernador en su discurso de este 10 de enero.&nbsp;<\/p>\n\n\n\n<p class=\"default__StyledText-sc-kkhi2r-0 cZzhZb body-paragraph\">Durazo coment\u00f3 que por ello \u201ces muy importante que la sociedad (y particularmente la familia) est\u00e9 atenta al comportamiento de cada uno de sus integrantes, porque las actividades ilegales de alguno de sus miembros genera un entorno de riesgo no s\u00f3lo para quien realiza las actividades ilegales, sino para el conjunto de la familia\u201d.<\/p>\n\n\n\n<p>Como antecedente, en Sonora se han dado a conocer los casos del m\u00fasico&nbsp;<strong><a href=\"https:\/\/www.elfinanciero.com.mx\/estados\/2025\/01\/09\/familia-de-el-pancholin-protesta-tras-detencion-de-dos-parientes-y-la-desaparicion-de-lamberto-quijada\/\" target=\"_blank\" rel=\"noreferrer noopener\">Lamberto Quijada<\/a><\/strong>; el adolescente&nbsp;<a href=\"https:\/\/www.elfinanciero.com.mx\/estados\/2024\/11\/26\/caso-jonathan-por-que-detuvieron-al-joven-que-fue-secuestrado-en-hermosillo-esto-dice-la-fiscalia-de-sonora\/\" target=\"_blank\" rel=\"noreferrer noopener\">Jonathan Islas<\/a>&nbsp;y su amigo Irving Garc\u00eda, los tres privados de la libertad (todos los casos fueron informados previamente en El Financiero). En los tres casos, las personas fueron reportadas como desaparecidas.&nbsp;<a href=\"https:\/\/www.elfinanciero.com.mx\/estados\/2024\/11\/24\/jonathan-islas-desaparecido-en-sonora-joven-de-16-anos-es-acusado-de-secuestro-y-detenido\/\" target=\"_blank\" rel=\"noreferrer noopener\">Jonathan Islas fue encontrado y detenido<\/a>presuntamente por secuestro.<\/p>\n\n\n\n<p class=\"default__StyledText-sc-kkhi2r-0 cZzhZb body-paragraph\">Si bien,&nbsp;<a href=\"https:\/\/www.elfinanciero.com.mx\/estados\/2025\/01\/07\/protestan-en-sonora-para-exigir-que-aparezca-lamberto-quijada-autoridades-lo-ligan-con-la-linea\/\" target=\"_blank\" rel=\"noreferrer noopener\">Lamberto Gonz\u00e1lez Quijada<\/a>, que desapareci\u00f3 desde el 5 de enero todav\u00eda no est\u00e1 vinculado oficialmente a ning\u00fan grupo criminal, el fiscal de Sonora, Gustavo R\u00f3mulo Salas, coment\u00f3 a la prensa que hay una l\u00ednea de investigaci\u00f3n que as\u00ed lo indica.<\/p>\n\n\n\n<p class=\"default__StyledText-sc-kkhi2r-0 cZzhZb body-paragraph\">Las autoridades estatales han se\u00f1alado previamente que existe una conexi\u00f3n entre la delincuencia organizada y la violencia intrafamiliar; Sonora es el segundo estados con m\u00e1s casos de este tipo de violencia dentro de las familias. A ello se suma un contexto de ingreso de armas y los conflictos entre c\u00e9lulas delicti<\/p>\n\n\n\n<p class=\"default__StyledText-sc-kkhi2r-0 cZzhZb body-paragraph\">Apenas este 10 de enero, la oficial Yolanda Ballesteros fue reconocida como Polic\u00eda del A\u00f1o 2024, por su labor contra la violencia intrafamiliar.<\/p>\n\n\n\n<p class=\"default__StyledText-sc-kkhi2r-0 cZzhZb body-paragraph\">El gobernador Alfonso Durazo refiri\u00f3 que \u201ces probable\u201d que las familias con frecuencia sean las \u00faltimas en enterarse de la \u201ceventual actividad ilegal de uno de sus integrantes\u201d, haciendo referencia a las&nbsp;<strong>familias que se han manifestado para exigir avances en las investigaciones de desaparici\u00f3n<\/strong>&nbsp;y otros casos.<\/p>\n","protected":false},"excerpt":{"rendered":"<p>En un discurso ante polic\u00edas sonorenses, el gobernador Alfonso Durazo culp\u00f3 a v\u00edctimas de homicidio por sus asesinatos, al afirmar que \u201cse esmeraron\u201d en crear \u201centornos de riesgo\u201d. El gobernador de Sonora, Alfonso Durazo, se\u00f1al\u00f3 que la gran mayor\u00eda de personas asesinadas en el estado fueron atacadas por realizar \u201cactividades ilegales\u201d, en declaraciones hechas frente [&hellip;]<\/p>\n","protected":false},"author":21,"featured_media":99119,"comment_status":"closed","ping_status":"open","sticky":false,"template":"","format":"standard","meta":{"tdm_status":"","tdm_grid_status":"","footnotes":""},"categories":[39],"tags":[],"class_list":{"0":"post-99120","1":"post","2":"type-post","3":"status-publish","4":"format-standard","5":"has-post-thumbnail","7":"category-noticias-nacionales"},"yoast_head":"<!-- This site is optimized with the Yoast SEO plugin v27.4 - https:\/\/yoast.com\/product\/yoast-seo-wordpress\/ -->\n<title>Durazo culpa a v\u00edctimas de asesinato en Sonora: \u201897% de homicidios son por actividades ilegales\u2019 - Fuentes Fidedignas<\/title>\n<meta name=\"robots\" content=\"index, follow, max-snippet:-1, max-image-preview:large, max-video-preview:-1\" \/>\n<link rel=\"canonical\" href=\"https:\/\/fuentesfidedignas.com.mx\/index.php\/2025\/01\/11\/durazo-culpa-a-victimas-de-asesinato-en-sonora-97-de-homicidios-son-por-actividades-ilegales\/\" \/>\n<meta property=\"og:locale\" content=\"es_MX\" \/>\n<meta property=\"og:type\" content=\"article\" \/>\n<meta property=\"og:title\" content=\"Durazo culpa a v\u00edctimas de asesinato en Sonora: \u201897% de homicidios son por actividades ilegales\u2019 - Fuentes Fidedignas\" \/>\n<meta property=\"og:description\" content=\"En un discurso ante polic\u00edas sonorenses, el gobernador Alfonso Durazo culp\u00f3 a v\u00edctimas de homicidio por sus asesinatos, al afirmar que \u201cse esmeraron\u201d en crear \u201centornos de riesgo\u201d. El gobernador de Sonora, Alfonso Durazo, se\u00f1al\u00f3 que la gran mayor\u00eda de personas asesinadas en el estado fueron atacadas por realizar \u201cactividades ilegales\u201d, en declaraciones hechas frente [&hellip;]\" \/>\n<meta property=\"og:url\" content=\"https:\/\/fuentesfidedignas.com.mx\/index.php\/2025\/01\/11\/durazo-culpa-a-victimas-de-asesinato-en-sonora-97-de-homicidios-son-por-actividades-ilegales\/\" \/>\n<meta property=\"og:site_name\" content=\"Fuentes Fidedignas\" \/>\n<meta property=\"article:publisher\" content=\"https:\/\/www.facebook.com\/Fuentes-Fidedignas-368234489921644\" \/>\n<meta property=\"article:published_time\" content=\"2025-01-11T17:40:56+00:00\" \/>\n<meta property=\"og:image\" content=\"https:\/\/fuentesfidedignas.com.mx\/wp-content\/uploads\/2025\/01\/img_9593-1.jpg\" \/>\n\t<meta property=\"og:image:width\" content=\"1600\" \/>\n\t<meta property=\"og:image:height\" content=\"900\" \/>\n\t<meta property=\"og:image:type\" content=\"image\/jpeg\" \/>\n<meta name=\"author\" content=\"El Financiero\" \/>\n<meta name=\"twitter:card\" content=\"summary_large_image\" \/>\n<meta name=\"twitter:creator\" content=\"@fidedignas\" \/>\n<meta name=\"twitter:site\" content=\"@fidedignas\" \/>\n<meta name=\"twitter:label1\" content=\"Escrito por\" \/>\n\t<meta name=\"twitter:data1\" content=\"El Financiero\" \/>\n\t<meta name=\"twitter:label2\" content=\"Tiempo de lectura\" \/>\n\t<meta name=\"twitter:data2\" content=\"2 minutos\" \/>\n<script type=\"application\/ld+json\" class=\"yoast-schema-graph\">{\"@context\":\"https:\\\/\\\/schema.org\",\"@graph\":[{\"@type\":\"Article\",\"@id\":\"https:\\\/\\\/fuentesfidedignas.com.mx\\\/index.php\\\/2025\\\/01\\\/11\\\/durazo-culpa-a-victimas-de-asesinato-en-sonora-97-de-homicidios-son-por-actividades-ilegales\\\/#article\",\"isPartOf\":{\"@id\":\"https:\\\/\\\/fuentesfidedignas.com.mx\\\/index.php\\\/2025\\\/01\\\/11\\\/durazo-culpa-a-victimas-de-asesinato-en-sonora-97-de-homicidios-son-por-actividades-ilegales\\\/\"},\"author\":{\"name\":\"El Financiero\",\"@id\":\"https:\\\/\\\/fuentesfidedignas.com.mx\\\/#\\\/schema\\\/person\\\/494f7e0dce8dfaaec5b64f16615b78e9\"},\"headline\":\"Durazo culpa a v\u00edctimas de asesinato en Sonora: \u201897% de homicidios son por actividades ilegales\u2019\",\"datePublished\":\"2025-01-11T17:40:56+00:00\",\"mainEntityOfPage\":{\"@id\":\"https:\\\/\\\/fuentesfidedignas.com.mx\\\/index.php\\\/2025\\\/01\\\/11\\\/durazo-culpa-a-victimas-de-asesinato-en-sonora-97-de-homicidios-son-por-actividades-ilegales\\\/\"},\"wordCount\":472,\"publisher\":{\"@id\":\"https:\\\/\\\/fuentesfidedignas.com.mx\\\/#organization\"},\"image\":{\"@id\":\"https:\\\/\\\/fuentesfidedignas.com.mx\\\/index.php\\\/2025\\\/01\\\/11\\\/durazo-culpa-a-victimas-de-asesinato-en-sonora-97-de-homicidios-son-por-actividades-ilegales\\\/#primaryimage\"},\"thumbnailUrl\":\"https:\\\/\\\/fuentesfidedignas.com.mx\\\/wp-content\\\/uploads\\\/2025\\\/01\\\/img_9593-1.jpg\",\"articleSection\":[\"NOTICIAS NACIONALES\"],\"inLanguage\":\"es\"},{\"@type\":\"WebPage\",\"@id\":\"https:\\\/\\\/fuentesfidedignas.com.mx\\\/index.php\\\/2025\\\/01\\\/11\\\/durazo-culpa-a-victimas-de-asesinato-en-sonora-97-de-homicidios-son-por-actividades-ilegales\\\/\",\"url\":\"https:\\\/\\\/fuentesfidedignas.com.mx\\\/index.php\\\/2025\\\/01\\\/11\\\/durazo-culpa-a-victimas-de-asesinato-en-sonora-97-de-homicidios-son-por-actividades-ilegales\\\/\",\"name\":\"Durazo culpa a v\u00edctimas de asesinato en Sonora: \u201897% de homicidios son por actividades ilegales\u2019 - Fuentes Fidedignas\",\"isPartOf\":{\"@id\":\"https:\\\/\\\/fuentesfidedignas.com.mx\\\/#website\"},\"primaryImageOfPage\":{\"@id\":\"https:\\\/\\\/fuentesfidedignas.com.mx\\\/index.php\\\/2025\\\/01\\\/11\\\/durazo-culpa-a-victimas-de-asesinato-en-sonora-97-de-homicidios-son-por-actividades-ilegales\\\/#primaryimage\"},\"image\":{\"@id\":\"https:\\\/\\\/fuentesfidedignas.com.mx\\\/index.php\\\/2025\\\/01\\\/11\\\/durazo-culpa-a-victimas-de-asesinato-en-sonora-97-de-homicidios-son-por-actividades-ilegales\\\/#primaryimage\"},\"thumbnailUrl\":\"https:\\\/\\\/fuentesfidedignas.com.mx\\\/wp-content\\\/uploads\\\/2025\\\/01\\\/img_9593-1.jpg\",\"datePublished\":\"2025-01-11T17:40:56+00:00\",\"breadcrumb\":{\"@id\":\"https:\\\/\\\/fuentesfidedignas.com.mx\\\/index.php\\\/2025\\\/01\\\/11\\\/durazo-culpa-a-victimas-de-asesinato-en-sonora-97-de-homicidios-son-por-actividades-ilegales\\\/#breadcrumb\"},\"inLanguage\":\"es\",\"potentialAction\":[{\"@type\":\"ReadAction\",\"target\":[\"https:\\\/\\\/fuentesfidedignas.com.mx\\\/index.php\\\/2025\\\/01\\\/11\\\/durazo-culpa-a-victimas-de-asesinato-en-sonora-97-de-homicidios-son-por-actividades-ilegales\\\/\"]}]},{\"@type\":\"ImageObject\",\"inLanguage\":\"es\",\"@id\":\"https:\\\/\\\/fuentesfidedignas.com.mx\\\/index.php\\\/2025\\\/01\\\/11\\\/durazo-culpa-a-victimas-de-asesinato-en-sonora-97-de-homicidios-son-por-actividades-ilegales\\\/#primaryimage\",\"url\":\"https:\\\/\\\/fuentesfidedignas.com.mx\\\/wp-content\\\/uploads\\\/2025\\\/01\\\/img_9593-1.jpg\",\"contentUrl\":\"https:\\\/\\\/fuentesfidedignas.com.mx\\\/wp-content\\\/uploads\\\/2025\\\/01\\\/img_9593-1.jpg\",\"width\":1600,\"height\":900},{\"@type\":\"BreadcrumbList\",\"@id\":\"https:\\\/\\\/fuentesfidedignas.com.mx\\\/index.php\\\/2025\\\/01\\\/11\\\/durazo-culpa-a-victimas-de-asesinato-en-sonora-97-de-homicidios-son-por-actividades-ilegales\\\/#breadcrumb\",\"itemListElement\":[{\"@type\":\"ListItem\",\"position\":1,\"name\":\"Inicio\",\"item\":\"https:\\\/\\\/fuentesfidedignas.com.mx\\\/\"},{\"@type\":\"ListItem\",\"position\":2,\"name\":\"Durazo culpa a v\u00edctimas de asesinato en Sonora: \u201897% de homicidios son por actividades ilegales\u2019\"}]},{\"@type\":\"WebSite\",\"@id\":\"https:\\\/\\\/fuentesfidedignas.com.mx\\\/#website\",\"url\":\"https:\\\/\\\/fuentesfidedignas.com.mx\\\/\",\"name\":\"Fuentes Fidedignas\",\"description\":\"Otro sitio realizado con WordPress\",\"publisher\":{\"@id\":\"https:\\\/\\\/fuentesfidedignas.com.mx\\\/#organization\"},\"potentialAction\":[{\"@type\":\"SearchAction\",\"target\":{\"@type\":\"EntryPoint\",\"urlTemplate\":\"https:\\\/\\\/fuentesfidedignas.com.mx\\\/?s={search_term_string}\"},\"query-input\":{\"@type\":\"PropertyValueSpecification\",\"valueRequired\":true,\"valueName\":\"search_term_string\"}}],\"inLanguage\":\"es\"},{\"@type\":\"Organization\",\"@id\":\"https:\\\/\\\/fuentesfidedignas.com.mx\\\/#organization\",\"name\":\"Fuentes Fidedignas\",\"url\":\"https:\\\/\\\/fuentesfidedignas.com.mx\\\/\",\"logo\":{\"@type\":\"ImageObject\",\"inLanguage\":\"es\",\"@id\":\"https:\\\/\\\/fuentesfidedignas.com.mx\\\/#\\\/schema\\\/logo\\\/image\\\/\",\"url\":\"https:\\\/\\\/fuentesfidedignas.com.mx\\\/wp-content\\\/uploads\\\/2021\\\/04\\\/logo-retina.png\",\"contentUrl\":\"https:\\\/\\\/fuentesfidedignas.com.mx\\\/wp-content\\\/uploads\\\/2021\\\/04\\\/logo-retina.png\",\"width\":280,\"height\":51,\"caption\":\"Fuentes Fidedignas\"},\"image\":{\"@id\":\"https:\\\/\\\/fuentesfidedignas.com.mx\\\/#\\\/schema\\\/logo\\\/image\\\/\"},\"sameAs\":[\"https:\\\/\\\/www.facebook.com\\\/Fuentes-Fidedignas-368234489921644\",\"https:\\\/\\\/x.com\\\/fidedignas\"]},{\"@type\":\"Person\",\"@id\":\"https:\\\/\\\/fuentesfidedignas.com.mx\\\/#\\\/schema\\\/person\\\/494f7e0dce8dfaaec5b64f16615b78e9\",\"name\":\"El Financiero\",\"image\":{\"@type\":\"ImageObject\",\"inLanguage\":\"es\",\"@id\":\"https:\\\/\\\/secure.gravatar.com\\\/avatar\\\/88c0f3f2079389318ef8dd35c22cb997212aa89646e357ba59b318db26ed91a9?s=96&d=mm&r=g\",\"url\":\"https:\\\/\\\/secure.gravatar.com\\\/avatar\\\/88c0f3f2079389318ef8dd35c22cb997212aa89646e357ba59b318db26ed91a9?s=96&d=mm&r=g\",\"contentUrl\":\"https:\\\/\\\/secure.gravatar.com\\\/avatar\\\/88c0f3f2079389318ef8dd35c22cb997212aa89646e357ba59b318db26ed91a9?s=96&d=mm&r=g\",\"caption\":\"El Financiero\"},\"url\":\"https:\\\/\\\/fuentesfidedignas.com.mx\\\/index.php\\\/author\\\/financiero\\\/\"}]}<\/script>\n<!-- \/ Yoast SEO plugin. -->","yoast_head_json":{"title":"Durazo culpa a v\u00edctimas de asesinato en Sonora: \u201897% de homicidios son por actividades ilegales\u2019 - Fuentes Fidedignas","robots":{"index":"index","follow":"follow","max-snippet":"max-snippet:-1","max-image-preview":"max-image-preview:large","max-video-preview":"max-video-preview:-1"},"canonical":"https:\/\/fuentesfidedignas.com.mx\/index.php\/2025\/01\/11\/durazo-culpa-a-victimas-de-asesinato-en-sonora-97-de-homicidios-son-por-actividades-ilegales\/","og_locale":"es_MX","og_type":"article","og_title":"Durazo culpa a v\u00edctimas de asesinato en Sonora: \u201897% de homicidios son por actividades ilegales\u2019 - Fuentes Fidedignas","og_description":"En un discurso ante polic\u00edas sonorenses, el gobernador Alfonso Durazo culp\u00f3 a v\u00edctimas de homicidio por sus asesinatos, al afirmar que \u201cse esmeraron\u201d en crear \u201centornos de riesgo\u201d. El gobernador de Sonora, Alfonso Durazo, se\u00f1al\u00f3 que la gran mayor\u00eda de personas asesinadas en el estado fueron atacadas por realizar \u201cactividades ilegales\u201d, en declaraciones hechas frente [&hellip;]","og_url":"https:\/\/fuentesfidedignas.com.mx\/index.php\/2025\/01\/11\/durazo-culpa-a-victimas-de-asesinato-en-sonora-97-de-homicidios-son-por-actividades-ilegales\/","og_site_name":"Fuentes Fidedignas","article_publisher":"https:\/\/www.facebook.com\/Fuentes-Fidedignas-368234489921644","article_published_time":"2025-01-11T17:40:56+00:00","og_image":[{"width":1600,"height":900,"url":"https:\/\/fuentesfidedignas.com.mx\/wp-content\/uploads\/2025\/01\/img_9593-1.jpg","type":"image\/jpeg"}],"author":"El Financiero","twitter_card":"summary_large_image","twitter_creator":"@fidedignas","twitter_site":"@fidedignas","twitter_misc":{"Escrito por":"El Financiero","Tiempo de lectura":"2 minutos"},"schema":{"@context":"https:\/\/schema.org","@graph":[{"@type":"Article","@id":"https:\/\/fuentesfidedignas.com.mx\/index.php\/2025\/01\/11\/durazo-culpa-a-victimas-de-asesinato-en-sonora-97-de-homicidios-son-por-actividades-ilegales\/#article","isPartOf":{"@id":"https:\/\/fuentesfidedignas.com.mx\/index.php\/2025\/01\/11\/durazo-culpa-a-victimas-de-asesinato-en-sonora-97-de-homicidios-son-por-actividades-ilegales\/"},"author":{"name":"El Financiero","@id":"https:\/\/fuentesfidedignas.com.mx\/#\/schema\/person\/494f7e0dce8dfaaec5b64f16615b78e9"},"headline":"Durazo culpa a v\u00edctimas de asesinato en Sonora: \u201897% de homicidios son por actividades ilegales\u2019","datePublished":"2025-01-11T17:40:56+00:00","mainEntityOfPage":{"@id":"https:\/\/fuentesfidedignas.com.mx\/index.php\/2025\/01\/11\/durazo-culpa-a-victimas-de-asesinato-en-sonora-97-de-homicidios-son-por-actividades-ilegales\/"},"wordCount":472,"publisher":{"@id":"https:\/\/fuentesfidedignas.com.mx\/#organization"},"image":{"@id":"https:\/\/fuentesfidedignas.com.mx\/index.php\/2025\/01\/11\/durazo-culpa-a-victimas-de-asesinato-en-sonora-97-de-homicidios-son-por-actividades-ilegales\/#primaryimage"},"thumbnailUrl":"https:\/\/fuentesfidedignas.com.mx\/wp-content\/uploads\/2025\/01\/img_9593-1.jpg","articleSection":["NOTICIAS NACIONALES"],"inLanguage":"es"},{"@type":"WebPage","@id":"https:\/\/fuentesfidedignas.com.mx\/index.php\/2025\/01\/11\/durazo-culpa-a-victimas-de-asesinato-en-sonora-97-de-homicidios-son-por-actividades-ilegales\/","url":"https:\/\/fuentesfidedignas.com.mx\/index.php\/2025\/01\/11\/durazo-culpa-a-victimas-de-asesinato-en-sonora-97-de-homicidios-son-por-actividades-ilegales\/","name":"Durazo culpa a v\u00edctimas de asesinato en Sonora: \u201897% de homicidios son por actividades ilegales\u2019 - Fuentes Fidedignas","isPartOf":{"@id":"https:\/\/fuentesfidedignas.com.mx\/#website"},"primaryImageOfPage":{"@id":"https:\/\/fuentesfidedignas.com.mx\/index.php\/2025\/01\/11\/durazo-culpa-a-victimas-de-asesinato-en-sonora-97-de-homicidios-son-por-actividades-ilegales\/#primaryimage"},"image":{"@id":"https:\/\/fuentesfidedignas.com.mx\/index.php\/2025\/01\/11\/durazo-culpa-a-victimas-de-asesinato-en-sonora-97-de-homicidios-son-por-actividades-ilegales\/#primaryimage"},"thumbnailUrl":"https:\/\/fuentesfidedignas.com.mx\/wp-content\/uploads\/2025\/01\/img_9593-1.jpg","datePublished":"2025-01-11T17:40:56+00:00","breadcrumb":{"@id":"https:\/\/fuentesfidedignas.com.mx\/index.php\/2025\/01\/11\/durazo-culpa-a-victimas-de-asesinato-en-sonora-97-de-homicidios-son-por-actividades-ilegales\/#breadcrumb"},"inLanguage":"es","potentialAction":[{"@type":"ReadAction","target":["https:\/\/fuentesfidedignas.com.mx\/index.php\/2025\/01\/11\/durazo-culpa-a-victimas-de-asesinato-en-sonora-97-de-homicidios-son-por-actividades-ilegales\/"]}]},{"@type":"ImageObject","inLanguage":"es","@id":"https:\/\/fuentesfidedignas.com.mx\/index.php\/2025\/01\/11\/durazo-culpa-a-victimas-de-asesinato-en-sonora-97-de-homicidios-son-por-actividades-ilegales\/#primaryimage","url":"https:\/\/fuentesfidedignas.com.mx\/wp-content\/uploads\/2025\/01\/img_9593-1.jpg","contentUrl":"https:\/\/fuentesfidedignas.com.mx\/wp-content\/uploads\/2025\/01\/img_9593-1.jpg","width":1600,"height":900},{"@type":"BreadcrumbList","@id":"https:\/\/fuentesfidedignas.com.mx\/index.php\/2025\/01\/11\/durazo-culpa-a-victimas-de-asesinato-en-sonora-97-de-homicidios-son-por-actividades-ilegales\/#breadcrumb","itemListElement":[{"@type":"ListItem","position":1,"name":"Inicio","item":"https:\/\/fuentesfidedignas.com.mx\/"},{"@type":"ListItem","position":2,"name":"Durazo culpa a v\u00edctimas de asesinato en Sonora: \u201897% de homicidios son por actividades ilegales\u2019"}]},{"@type":"WebSite","@id":"https:\/\/fuentesfidedignas.com.mx\/#website","url":"https:\/\/fuentesfidedignas.com.mx\/","name":"Fuentes Fidedignas","description":"Otro sitio realizado con WordPress","publisher":{"@id":"https:\/\/fuentesfidedignas.com.mx\/#organization"},"potentialAction":[{"@type":"SearchAction","target":{"@type":"EntryPoint","urlTemplate":"https:\/\/fuentesfidedignas.com.mx\/?s={search_term_string}"},"query-input":{"@type":"PropertyValueSpecification","valueRequired":true,"valueName":"search_term_string"}}],"inLanguage":"es"},{"@type":"Organization","@id":"https:\/\/fuentesfidedignas.com.mx\/#organization","name":"Fuentes Fidedignas","url":"https:\/\/fuentesfidedignas.com.mx\/","logo":{"@type":"ImageObject","inLanguage":"es","@id":"https:\/\/fuentesfidedignas.com.mx\/#\/schema\/logo\/image\/","url":"https:\/\/fuentesfidedignas.com.mx\/wp-content\/uploads\/2021\/04\/logo-retina.png","contentUrl":"https:\/\/fuentesfidedignas.com.mx\/wp-content\/uploads\/2021\/04\/logo-retina.png","width":280,"height":51,"caption":"Fuentes Fidedignas"},"image":{"@id":"https:\/\/fuentesfidedignas.com.mx\/#\/schema\/logo\/image\/"},"sameAs":["https:\/\/www.facebook.com\/Fuentes-Fidedignas-368234489921644","https:\/\/x.com\/fidedignas"]},{"@type":"Person","@id":"https:\/\/fuentesfidedignas.com.mx\/#\/schema\/person\/494f7e0dce8dfaaec5b64f16615b78e9","name":"El Financiero","image":{"@type":"ImageObject","inLanguage":"es","@id":"https:\/\/secure.gravatar.com\/avatar\/88c0f3f2079389318ef8dd35c22cb997212aa89646e357ba59b318db26ed91a9?s=96&d=mm&r=g","url":"https:\/\/secure.gravatar.com\/avatar\/88c0f3f2079389318ef8dd35c22cb997212aa89646e357ba59b318db26ed91a9?s=96&d=mm&r=g","contentUrl":"https:\/\/secure.gravatar.com\/avatar\/88c0f3f2079389318ef8dd35c22cb997212aa89646e357ba59b318db26ed91a9?s=96&d=mm&r=g","caption":"El Financiero"},"url":"https:\/\/fuentesfidedignas.com.mx\/index.php\/author\/financiero\/"}]}},"_links":{"self":[{"href":"https:\/\/fuentesfidedignas.com.mx\/index.php\/wp-json\/wp\/v2\/posts\/99120","targetHints":{"allow":["GET"]}}],"collection":[{"href":"https:\/\/fuentesfidedignas.com.mx\/index.php\/wp-json\/wp\/v2\/posts"}],"about":[{"href":"https:\/\/fuentesfidedignas.com.mx\/index.php\/wp-json\/wp\/v2\/types\/post"}],"author":[{"embeddable":true,"href":"https:\/\/fuentesfidedignas.com.mx\/index.php\/wp-json\/wp\/v2\/users\/21"}],"replies":[{"embeddable":true,"href":"https:\/\/fuentesfidedignas.com.mx\/index.php\/wp-json\/wp\/v2\/comments?post=99120"}],"version-history":[{"count":1,"href":"https:\/\/fuentesfidedignas.com.mx\/index.php\/wp-json\/wp\/v2\/posts\/99120\/revisions"}],"predecessor-version":[{"id":99121,"href":"https:\/\/fuentesfidedignas.com.mx\/index.php\/wp-json\/wp\/v2\/posts\/99120\/revisions\/99121"}],"wp:featuredmedia":[{"embeddable":true,"href":"https:\/\/fuentesfidedignas.com.mx\/index.php\/wp-json\/wp\/v2\/media\/99119"}],"wp:attachment":[{"href":"https:\/\/fuentesfidedignas.com.mx\/index.php\/wp-json\/wp\/v2\/media?parent=99120"}],"wp:term":[{"taxonomy":"category","embeddable":true,"href":"https:\/\/fuentesfidedignas.com.mx\/index.php\/wp-json\/wp\/v2\/categories?post=99120"},{"taxonomy":"post_tag","embeddable":true,"href":"https:\/\/fuentesfidedignas.com.mx\/index.php\/wp-json\/wp\/v2\/tags?post=99120"}],"curies":[{"name":"wp","href":"https:\/\/api.w.org\/{rel}","templated":true}]}}