{"id":98817,"date":"2025-01-07T20:03:57","date_gmt":"2025-01-08T03:03:57","guid":{"rendered":"https:\/\/fuentesfidedignas.com.mx\/?p=98817"},"modified":"2025-01-07T20:04:00","modified_gmt":"2025-01-08T03:04:00","slug":"incendio-en-los-angeles-fuerza-el-desalojo-de-30-mil-residentes-y-avanza-sin-control","status":"publish","type":"post","link":"https:\/\/fuentesfidedignas.com.mx\/index.php\/2025\/01\/07\/incendio-en-los-angeles-fuerza-el-desalojo-de-30-mil-residentes-y-avanza-sin-control\/","title":{"rendered":"Incendio en Los \u00c1ngeles fuerza el desalojo de 30 mil residentes y avanza sin control"},"content":{"rendered":"\n<p><strong><em>Las autoridades han declarado el estado de emergencia en el \u00e1rea de Pacific Palisades por las fuertes rachas de viento que se espera en las pr\u00f3ximas 24 horas<\/em><\/strong><\/p>\n\n\n\n<p>Un incendio en uno de los barrios m\u00e1s acaudalados de Los \u00c1ngeles forz\u00f3 este martes el desalojo de 30 mil personas a medida que se propagan sin control las llamas, impulsadas por los fuertes vientos que azotan la regi\u00f3n.<\/p>\n\n\n\n<p>El r\u00e1pido avance de las llamas amenaza a unas 10 mil viviendas y unas 13 mil estructuras, mientras que unas 30 mil personas han tenido que ser desalojadas, indic\u00f3 en una rueda de prensa la jefa del Departamento de Bomberos de Los \u00c1ngeles, Kristin Crowley.<\/p>\n\n\n\n<p>El incendio, que comenz\u00f3 alrededor de las 10:30 h local en el barrio de Pacific Palisades, en el norte de la metr\u00f3polis, creci\u00f3 hasta alcanzar los mil 200 acres (485 hect\u00e1reas) en cuesti\u00f3n de horas, inform\u00f3 el Departamento contra incendios de Los \u00c1ngeles (CalFire) en su \u00faltimo bolet\u00edn.<\/p>\n\n\n\n<p>Las autoridades han declarado el estado de emergencia en el \u00e1rea de Pacific Palisades por las fuertes rachas de viento que se espera en las pr\u00f3ximas 24 horas.<\/p>\n\n\n\n<p>\u201cSe espera que las r\u00e1fagas de viento de hasta 60 millas por hora (m\u00e1s de 90 km\/h) contin\u00faen hasta el jueves, lo que podr\u00eda ayudar a que el avivar la actividad del fuego\u201d, agreg\u00f3 por su parte Cal Fire.<\/p>\n\n\n\n<p>Im\u00e1genes difundidas por medio local muestra el cielo cubierto de humo, visible desde la ciudad colindante de Santa M\u00f3nica, mientras los equipos de rescate se apresuran por contener las llamas.<\/p>\n\n\n\n<p>Entre los residentes de este barrio, uno de los m\u00e1s ricos de Los \u00c1ngeles, se encuentran estrellas de Hollywood como Jennifer Aniston, Bradley Cooper, Tom Hanks y Rita Wilson, Reese Witherspoon, Adam Sandler y Michael Keaton, seg\u00fan The Hollywood Reporter.<\/p>\n\n\n\n<p>El Servicio Meteorol\u00f3gico Nacional (NWS, en ingl\u00e9s) advirti\u00f3 el lunes que el sur de California se ver\u00eda afectado en los pr\u00f3ximos d\u00edas por una tormenta de viento que afectar\u00eda principalmente los condados de Los \u00c1ngeles y Ventura.<\/p>\n\n\n\n<p>\u201cLos fuertes vientos y la baja humedad relativa producir\u00e1n condiciones clim\u00e1ticas cr\u00edticas y extremadamente cr\u00edticas en el sur de California hasta el jueves\u201d, reza un aviso en la p\u00e1gina web del NWS.<\/p>\n","protected":false},"excerpt":{"rendered":"<p>Las autoridades han declarado el estado de emergencia en el \u00e1rea de Pacific Palisades por las fuertes rachas de viento que se espera en las pr\u00f3ximas 24 horas Un incendio en uno de los barrios m\u00e1s acaudalados de Los \u00c1ngeles forz\u00f3 este martes el desalojo de 30 mil personas a medida que se propagan sin [&hellip;]<\/p>\n","protected":false},"author":47,"featured_media":98818,"comment_status":"open","ping_status":"open","sticky":false,"template":"","format":"standard","meta":{"tdm_status":"","tdm_grid_status":"","footnotes":""},"categories":[39],"tags":[],"class_list":{"0":"post-98817","1":"post","2":"type-post","3":"status-publish","4":"format-standard","5":"has-post-thumbnail","7":"category-noticias-nacionales"},"yoast_head":"<!-- This site is optimized with the Yoast SEO plugin v27.5 - https:\/\/yoast.com\/product\/yoast-seo-wordpress\/ -->\n<title>Incendio en Los \u00c1ngeles fuerza el desalojo de 30 mil residentes y avanza sin control - Fuentes Fidedignas<\/title>\n<meta name=\"robots\" content=\"index, follow, max-snippet:-1, max-image-preview:large, max-video-preview:-1\" \/>\n<link rel=\"canonical\" href=\"https:\/\/fuentesfidedignas.com.mx\/index.php\/2025\/01\/07\/incendio-en-los-angeles-fuerza-el-desalojo-de-30-mil-residentes-y-avanza-sin-control\/\" \/>\n<meta property=\"og:locale\" content=\"es_MX\" \/>\n<meta property=\"og:type\" content=\"article\" \/>\n<meta property=\"og:title\" content=\"Incendio en Los \u00c1ngeles fuerza el desalojo de 30 mil residentes y avanza sin control - Fuentes Fidedignas\" \/>\n<meta property=\"og:description\" content=\"Las autoridades han declarado el estado de emergencia en el \u00e1rea de Pacific Palisades por las fuertes rachas de viento que se espera en las pr\u00f3ximas 24 horas Un incendio en uno de los barrios m\u00e1s acaudalados de Los \u00c1ngeles forz\u00f3 este martes el desalojo de 30 mil personas a medida que se propagan sin [&hellip;]\" \/>\n<meta property=\"og:url\" content=\"https:\/\/fuentesfidedignas.com.mx\/index.php\/2025\/01\/07\/incendio-en-los-angeles-fuerza-el-desalojo-de-30-mil-residentes-y-avanza-sin-control\/\" \/>\n<meta property=\"og:site_name\" content=\"Fuentes Fidedignas\" \/>\n<meta property=\"article:publisher\" content=\"https:\/\/www.facebook.com\/Fuentes-Fidedignas-368234489921644\" \/>\n<meta property=\"article:published_time\" content=\"2025-01-08T03:03:57+00:00\" \/>\n<meta property=\"article:modified_time\" content=\"2025-01-08T03:04:00+00:00\" \/>\n<meta property=\"og:image\" content=\"https:\/\/fuentesfidedignas.com.mx\/wp-content\/uploads\/2025\/01\/incendio-en-los-angeles-fuerza-el-desalojo-de-30-mil-residentes-y-avanza.jpg\" \/>\n\t<meta property=\"og:image:width\" content=\"650\" \/>\n\t<meta property=\"og:image:height\" content=\"433\" \/>\n\t<meta property=\"og:image:type\" content=\"image\/jpeg\" \/>\n<meta name=\"author\" content=\"L\u00f3pez D\u00f3riga\" \/>\n<meta name=\"twitter:card\" content=\"summary_large_image\" \/>\n<meta name=\"twitter:creator\" content=\"@fidedignas\" \/>\n<meta name=\"twitter:site\" content=\"@fidedignas\" \/>\n<meta name=\"twitter:label1\" content=\"Escrito por\" \/>\n\t<meta name=\"twitter:data1\" content=\"L\u00f3pez D\u00f3riga\" \/>\n\t<meta name=\"twitter:label2\" content=\"Tiempo de lectura\" \/>\n\t<meta name=\"twitter:data2\" content=\"2 minutos\" \/>\n<script type=\"application\/ld+json\" class=\"yoast-schema-graph\">{\"@context\":\"https:\\\/\\\/schema.org\",\"@graph\":[{\"@type\":\"Article\",\"@id\":\"https:\\\/\\\/fuentesfidedignas.com.mx\\\/index.php\\\/2025\\\/01\\\/07\\\/incendio-en-los-angeles-fuerza-el-desalojo-de-30-mil-residentes-y-avanza-sin-control\\\/#article\",\"isPartOf\":{\"@id\":\"https:\\\/\\\/fuentesfidedignas.com.mx\\\/index.php\\\/2025\\\/01\\\/07\\\/incendio-en-los-angeles-fuerza-el-desalojo-de-30-mil-residentes-y-avanza-sin-control\\\/\"},\"author\":{\"name\":\"L\u00f3pez D\u00f3riga\",\"@id\":\"https:\\\/\\\/fuentesfidedignas.com.mx\\\/#\\\/schema\\\/person\\\/67d852f0557c8509146a4b9ddebd543a\"},\"headline\":\"Incendio en Los \u00c1ngeles fuerza el desalojo de 30 mil residentes y avanza sin control\",\"datePublished\":\"2025-01-08T03:03:57+00:00\",\"dateModified\":\"2025-01-08T03:04:00+00:00\",\"mainEntityOfPage\":{\"@id\":\"https:\\\/\\\/fuentesfidedignas.com.mx\\\/index.php\\\/2025\\\/01\\\/07\\\/incendio-en-los-angeles-fuerza-el-desalojo-de-30-mil-residentes-y-avanza-sin-control\\\/\"},\"wordCount\":398,\"commentCount\":0,\"publisher\":{\"@id\":\"https:\\\/\\\/fuentesfidedignas.com.mx\\\/#organization\"},\"image\":{\"@id\":\"https:\\\/\\\/fuentesfidedignas.com.mx\\\/index.php\\\/2025\\\/01\\\/07\\\/incendio-en-los-angeles-fuerza-el-desalojo-de-30-mil-residentes-y-avanza-sin-control\\\/#primaryimage\"},\"thumbnailUrl\":\"https:\\\/\\\/fuentesfidedignas.com.mx\\\/wp-content\\\/uploads\\\/2025\\\/01\\\/incendio-en-los-angeles-fuerza-el-desalojo-de-30-mil-residentes-y-avanza.jpg\",\"articleSection\":[\"NOTICIAS NACIONALES\"],\"inLanguage\":\"es\",\"potentialAction\":[{\"@type\":\"CommentAction\",\"name\":\"Comment\",\"target\":[\"https:\\\/\\\/fuentesfidedignas.com.mx\\\/index.php\\\/2025\\\/01\\\/07\\\/incendio-en-los-angeles-fuerza-el-desalojo-de-30-mil-residentes-y-avanza-sin-control\\\/#respond\"]}]},{\"@type\":\"WebPage\",\"@id\":\"https:\\\/\\\/fuentesfidedignas.com.mx\\\/index.php\\\/2025\\\/01\\\/07\\\/incendio-en-los-angeles-fuerza-el-desalojo-de-30-mil-residentes-y-avanza-sin-control\\\/\",\"url\":\"https:\\\/\\\/fuentesfidedignas.com.mx\\\/index.php\\\/2025\\\/01\\\/07\\\/incendio-en-los-angeles-fuerza-el-desalojo-de-30-mil-residentes-y-avanza-sin-control\\\/\",\"name\":\"Incendio en Los \u00c1ngeles fuerza el desalojo de 30 mil residentes y avanza sin control - Fuentes Fidedignas\",\"isPartOf\":{\"@id\":\"https:\\\/\\\/fuentesfidedignas.com.mx\\\/#website\"},\"primaryImageOfPage\":{\"@id\":\"https:\\\/\\\/fuentesfidedignas.com.mx\\\/index.php\\\/2025\\\/01\\\/07\\\/incendio-en-los-angeles-fuerza-el-desalojo-de-30-mil-residentes-y-avanza-sin-control\\\/#primaryimage\"},\"image\":{\"@id\":\"https:\\\/\\\/fuentesfidedignas.com.mx\\\/index.php\\\/2025\\\/01\\\/07\\\/incendio-en-los-angeles-fuerza-el-desalojo-de-30-mil-residentes-y-avanza-sin-control\\\/#primaryimage\"},\"thumbnailUrl\":\"https:\\\/\\\/fuentesfidedignas.com.mx\\\/wp-content\\\/uploads\\\/2025\\\/01\\\/incendio-en-los-angeles-fuerza-el-desalojo-de-30-mil-residentes-y-avanza.jpg\",\"datePublished\":\"2025-01-08T03:03:57+00:00\",\"dateModified\":\"2025-01-08T03:04:00+00:00\",\"breadcrumb\":{\"@id\":\"https:\\\/\\\/fuentesfidedignas.com.mx\\\/index.php\\\/2025\\\/01\\\/07\\\/incendio-en-los-angeles-fuerza-el-desalojo-de-30-mil-residentes-y-avanza-sin-control\\\/#breadcrumb\"},\"inLanguage\":\"es\",\"potentialAction\":[{\"@type\":\"ReadAction\",\"target\":[\"https:\\\/\\\/fuentesfidedignas.com.mx\\\/index.php\\\/2025\\\/01\\\/07\\\/incendio-en-los-angeles-fuerza-el-desalojo-de-30-mil-residentes-y-avanza-sin-control\\\/\"]}]},{\"@type\":\"ImageObject\",\"inLanguage\":\"es\",\"@id\":\"https:\\\/\\\/fuentesfidedignas.com.mx\\\/index.php\\\/2025\\\/01\\\/07\\\/incendio-en-los-angeles-fuerza-el-desalojo-de-30-mil-residentes-y-avanza-sin-control\\\/#primaryimage\",\"url\":\"https:\\\/\\\/fuentesfidedignas.com.mx\\\/wp-content\\\/uploads\\\/2025\\\/01\\\/incendio-en-los-angeles-fuerza-el-desalojo-de-30-mil-residentes-y-avanza.jpg\",\"contentUrl\":\"https:\\\/\\\/fuentesfidedignas.com.mx\\\/wp-content\\\/uploads\\\/2025\\\/01\\\/incendio-en-los-angeles-fuerza-el-desalojo-de-30-mil-residentes-y-avanza.jpg\",\"width\":650,\"height\":433},{\"@type\":\"BreadcrumbList\",\"@id\":\"https:\\\/\\\/fuentesfidedignas.com.mx\\\/index.php\\\/2025\\\/01\\\/07\\\/incendio-en-los-angeles-fuerza-el-desalojo-de-30-mil-residentes-y-avanza-sin-control\\\/#breadcrumb\",\"itemListElement\":[{\"@type\":\"ListItem\",\"position\":1,\"name\":\"Inicio\",\"item\":\"https:\\\/\\\/fuentesfidedignas.com.mx\\\/\"},{\"@type\":\"ListItem\",\"position\":2,\"name\":\"Incendio en Los \u00c1ngeles fuerza el desalojo de 30 mil residentes y avanza sin control\"}]},{\"@type\":\"WebSite\",\"@id\":\"https:\\\/\\\/fuentesfidedignas.com.mx\\\/#website\",\"url\":\"https:\\\/\\\/fuentesfidedignas.com.mx\\\/\",\"name\":\"Fuentes Fidedignas\",\"description\":\"Otro sitio realizado con WordPress\",\"publisher\":{\"@id\":\"https:\\\/\\\/fuentesfidedignas.com.mx\\\/#organization\"},\"potentialAction\":[{\"@type\":\"SearchAction\",\"target\":{\"@type\":\"EntryPoint\",\"urlTemplate\":\"https:\\\/\\\/fuentesfidedignas.com.mx\\\/?s={search_term_string}\"},\"query-input\":{\"@type\":\"PropertyValueSpecification\",\"valueRequired\":true,\"valueName\":\"search_term_string\"}}],\"inLanguage\":\"es\"},{\"@type\":\"Organization\",\"@id\":\"https:\\\/\\\/fuentesfidedignas.com.mx\\\/#organization\",\"name\":\"Fuentes Fidedignas\",\"url\":\"https:\\\/\\\/fuentesfidedignas.com.mx\\\/\",\"logo\":{\"@type\":\"ImageObject\",\"inLanguage\":\"es\",\"@id\":\"https:\\\/\\\/fuentesfidedignas.com.mx\\\/#\\\/schema\\\/logo\\\/image\\\/\",\"url\":\"https:\\\/\\\/fuentesfidedignas.com.mx\\\/wp-content\\\/uploads\\\/2021\\\/04\\\/logo-retina.png\",\"contentUrl\":\"https:\\\/\\\/fuentesfidedignas.com.mx\\\/wp-content\\\/uploads\\\/2021\\\/04\\\/logo-retina.png\",\"width\":280,\"height\":51,\"caption\":\"Fuentes Fidedignas\"},\"image\":{\"@id\":\"https:\\\/\\\/fuentesfidedignas.com.mx\\\/#\\\/schema\\\/logo\\\/image\\\/\"},\"sameAs\":[\"https:\\\/\\\/www.facebook.com\\\/Fuentes-Fidedignas-368234489921644\",\"https:\\\/\\\/x.com\\\/fidedignas\"]},{\"@type\":\"Person\",\"@id\":\"https:\\\/\\\/fuentesfidedignas.com.mx\\\/#\\\/schema\\\/person\\\/67d852f0557c8509146a4b9ddebd543a\",\"name\":\"L\u00f3pez D\u00f3riga\",\"image\":{\"@type\":\"ImageObject\",\"inLanguage\":\"es\",\"@id\":\"https:\\\/\\\/secure.gravatar.com\\\/avatar\\\/e525b06574ca18b33cded59dfe5778d6c823b9513154eff47da551b0551bdd1e?s=96&d=mm&r=g\",\"url\":\"https:\\\/\\\/secure.gravatar.com\\\/avatar\\\/e525b06574ca18b33cded59dfe5778d6c823b9513154eff47da551b0551bdd1e?s=96&d=mm&r=g\",\"contentUrl\":\"https:\\\/\\\/secure.gravatar.com\\\/avatar\\\/e525b06574ca18b33cded59dfe5778d6c823b9513154eff47da551b0551bdd1e?s=96&d=mm&r=g\",\"caption\":\"L\u00f3pez D\u00f3riga\"},\"url\":\"https:\\\/\\\/fuentesfidedignas.com.mx\\\/index.php\\\/author\\\/doriga\\\/\"}]}<\/script>\n<!-- \/ Yoast SEO plugin. -->","yoast_head_json":{"title":"Incendio en Los \u00c1ngeles fuerza el desalojo de 30 mil residentes y avanza sin control - Fuentes Fidedignas","robots":{"index":"index","follow":"follow","max-snippet":"max-snippet:-1","max-image-preview":"max-image-preview:large","max-video-preview":"max-video-preview:-1"},"canonical":"https:\/\/fuentesfidedignas.com.mx\/index.php\/2025\/01\/07\/incendio-en-los-angeles-fuerza-el-desalojo-de-30-mil-residentes-y-avanza-sin-control\/","og_locale":"es_MX","og_type":"article","og_title":"Incendio en Los \u00c1ngeles fuerza el desalojo de 30 mil residentes y avanza sin control - Fuentes Fidedignas","og_description":"Las autoridades han declarado el estado de emergencia en el \u00e1rea de Pacific Palisades por las fuertes rachas de viento que se espera en las pr\u00f3ximas 24 horas Un incendio en uno de los barrios m\u00e1s acaudalados de Los \u00c1ngeles forz\u00f3 este martes el desalojo de 30 mil personas a medida que se propagan sin [&hellip;]","og_url":"https:\/\/fuentesfidedignas.com.mx\/index.php\/2025\/01\/07\/incendio-en-los-angeles-fuerza-el-desalojo-de-30-mil-residentes-y-avanza-sin-control\/","og_site_name":"Fuentes Fidedignas","article_publisher":"https:\/\/www.facebook.com\/Fuentes-Fidedignas-368234489921644","article_published_time":"2025-01-08T03:03:57+00:00","article_modified_time":"2025-01-08T03:04:00+00:00","og_image":[{"width":650,"height":433,"url":"https:\/\/fuentesfidedignas.com.mx\/wp-content\/uploads\/2025\/01\/incendio-en-los-angeles-fuerza-el-desalojo-de-30-mil-residentes-y-avanza.jpg","type":"image\/jpeg"}],"author":"L\u00f3pez D\u00f3riga","twitter_card":"summary_large_image","twitter_creator":"@fidedignas","twitter_site":"@fidedignas","twitter_misc":{"Escrito por":"L\u00f3pez D\u00f3riga","Tiempo de lectura":"2 minutos"},"schema":{"@context":"https:\/\/schema.org","@graph":[{"@type":"Article","@id":"https:\/\/fuentesfidedignas.com.mx\/index.php\/2025\/01\/07\/incendio-en-los-angeles-fuerza-el-desalojo-de-30-mil-residentes-y-avanza-sin-control\/#article","isPartOf":{"@id":"https:\/\/fuentesfidedignas.com.mx\/index.php\/2025\/01\/07\/incendio-en-los-angeles-fuerza-el-desalojo-de-30-mil-residentes-y-avanza-sin-control\/"},"author":{"name":"L\u00f3pez D\u00f3riga","@id":"https:\/\/fuentesfidedignas.com.mx\/#\/schema\/person\/67d852f0557c8509146a4b9ddebd543a"},"headline":"Incendio en Los \u00c1ngeles fuerza el desalojo de 30 mil residentes y avanza sin control","datePublished":"2025-01-08T03:03:57+00:00","dateModified":"2025-01-08T03:04:00+00:00","mainEntityOfPage":{"@id":"https:\/\/fuentesfidedignas.com.mx\/index.php\/2025\/01\/07\/incendio-en-los-angeles-fuerza-el-desalojo-de-30-mil-residentes-y-avanza-sin-control\/"},"wordCount":398,"commentCount":0,"publisher":{"@id":"https:\/\/fuentesfidedignas.com.mx\/#organization"},"image":{"@id":"https:\/\/fuentesfidedignas.com.mx\/index.php\/2025\/01\/07\/incendio-en-los-angeles-fuerza-el-desalojo-de-30-mil-residentes-y-avanza-sin-control\/#primaryimage"},"thumbnailUrl":"https:\/\/fuentesfidedignas.com.mx\/wp-content\/uploads\/2025\/01\/incendio-en-los-angeles-fuerza-el-desalojo-de-30-mil-residentes-y-avanza.jpg","articleSection":["NOTICIAS NACIONALES"],"inLanguage":"es","potentialAction":[{"@type":"CommentAction","name":"Comment","target":["https:\/\/fuentesfidedignas.com.mx\/index.php\/2025\/01\/07\/incendio-en-los-angeles-fuerza-el-desalojo-de-30-mil-residentes-y-avanza-sin-control\/#respond"]}]},{"@type":"WebPage","@id":"https:\/\/fuentesfidedignas.com.mx\/index.php\/2025\/01\/07\/incendio-en-los-angeles-fuerza-el-desalojo-de-30-mil-residentes-y-avanza-sin-control\/","url":"https:\/\/fuentesfidedignas.com.mx\/index.php\/2025\/01\/07\/incendio-en-los-angeles-fuerza-el-desalojo-de-30-mil-residentes-y-avanza-sin-control\/","name":"Incendio en Los \u00c1ngeles fuerza el desalojo de 30 mil residentes y avanza sin control - Fuentes Fidedignas","isPartOf":{"@id":"https:\/\/fuentesfidedignas.com.mx\/#website"},"primaryImageOfPage":{"@id":"https:\/\/fuentesfidedignas.com.mx\/index.php\/2025\/01\/07\/incendio-en-los-angeles-fuerza-el-desalojo-de-30-mil-residentes-y-avanza-sin-control\/#primaryimage"},"image":{"@id":"https:\/\/fuentesfidedignas.com.mx\/index.php\/2025\/01\/07\/incendio-en-los-angeles-fuerza-el-desalojo-de-30-mil-residentes-y-avanza-sin-control\/#primaryimage"},"thumbnailUrl":"https:\/\/fuentesfidedignas.com.mx\/wp-content\/uploads\/2025\/01\/incendio-en-los-angeles-fuerza-el-desalojo-de-30-mil-residentes-y-avanza.jpg","datePublished":"2025-01-08T03:03:57+00:00","dateModified":"2025-01-08T03:04:00+00:00","breadcrumb":{"@id":"https:\/\/fuentesfidedignas.com.mx\/index.php\/2025\/01\/07\/incendio-en-los-angeles-fuerza-el-desalojo-de-30-mil-residentes-y-avanza-sin-control\/#breadcrumb"},"inLanguage":"es","potentialAction":[{"@type":"ReadAction","target":["https:\/\/fuentesfidedignas.com.mx\/index.php\/2025\/01\/07\/incendio-en-los-angeles-fuerza-el-desalojo-de-30-mil-residentes-y-avanza-sin-control\/"]}]},{"@type":"ImageObject","inLanguage":"es","@id":"https:\/\/fuentesfidedignas.com.mx\/index.php\/2025\/01\/07\/incendio-en-los-angeles-fuerza-el-desalojo-de-30-mil-residentes-y-avanza-sin-control\/#primaryimage","url":"https:\/\/fuentesfidedignas.com.mx\/wp-content\/uploads\/2025\/01\/incendio-en-los-angeles-fuerza-el-desalojo-de-30-mil-residentes-y-avanza.jpg","contentUrl":"https:\/\/fuentesfidedignas.com.mx\/wp-content\/uploads\/2025\/01\/incendio-en-los-angeles-fuerza-el-desalojo-de-30-mil-residentes-y-avanza.jpg","width":650,"height":433},{"@type":"BreadcrumbList","@id":"https:\/\/fuentesfidedignas.com.mx\/index.php\/2025\/01\/07\/incendio-en-los-angeles-fuerza-el-desalojo-de-30-mil-residentes-y-avanza-sin-control\/#breadcrumb","itemListElement":[{"@type":"ListItem","position":1,"name":"Inicio","item":"https:\/\/fuentesfidedignas.com.mx\/"},{"@type":"ListItem","position":2,"name":"Incendio en Los \u00c1ngeles fuerza el desalojo de 30 mil residentes y avanza sin control"}]},{"@type":"WebSite","@id":"https:\/\/fuentesfidedignas.com.mx\/#website","url":"https:\/\/fuentesfidedignas.com.mx\/","name":"Fuentes Fidedignas","description":"Otro sitio realizado con WordPress","publisher":{"@id":"https:\/\/fuentesfidedignas.com.mx\/#organization"},"potentialAction":[{"@type":"SearchAction","target":{"@type":"EntryPoint","urlTemplate":"https:\/\/fuentesfidedignas.com.mx\/?s={search_term_string}"},"query-input":{"@type":"PropertyValueSpecification","valueRequired":true,"valueName":"search_term_string"}}],"inLanguage":"es"},{"@type":"Organization","@id":"https:\/\/fuentesfidedignas.com.mx\/#organization","name":"Fuentes Fidedignas","url":"https:\/\/fuentesfidedignas.com.mx\/","logo":{"@type":"ImageObject","inLanguage":"es","@id":"https:\/\/fuentesfidedignas.com.mx\/#\/schema\/logo\/image\/","url":"https:\/\/fuentesfidedignas.com.mx\/wp-content\/uploads\/2021\/04\/logo-retina.png","contentUrl":"https:\/\/fuentesfidedignas.com.mx\/wp-content\/uploads\/2021\/04\/logo-retina.png","width":280,"height":51,"caption":"Fuentes Fidedignas"},"image":{"@id":"https:\/\/fuentesfidedignas.com.mx\/#\/schema\/logo\/image\/"},"sameAs":["https:\/\/www.facebook.com\/Fuentes-Fidedignas-368234489921644","https:\/\/x.com\/fidedignas"]},{"@type":"Person","@id":"https:\/\/fuentesfidedignas.com.mx\/#\/schema\/person\/67d852f0557c8509146a4b9ddebd543a","name":"L\u00f3pez D\u00f3riga","image":{"@type":"ImageObject","inLanguage":"es","@id":"https:\/\/secure.gravatar.com\/avatar\/e525b06574ca18b33cded59dfe5778d6c823b9513154eff47da551b0551bdd1e?s=96&d=mm&r=g","url":"https:\/\/secure.gravatar.com\/avatar\/e525b06574ca18b33cded59dfe5778d6c823b9513154eff47da551b0551bdd1e?s=96&d=mm&r=g","contentUrl":"https:\/\/secure.gravatar.com\/avatar\/e525b06574ca18b33cded59dfe5778d6c823b9513154eff47da551b0551bdd1e?s=96&d=mm&r=g","caption":"L\u00f3pez D\u00f3riga"},"url":"https:\/\/fuentesfidedignas.com.mx\/index.php\/author\/doriga\/"}]}},"_links":{"self":[{"href":"https:\/\/fuentesfidedignas.com.mx\/index.php\/wp-json\/wp\/v2\/posts\/98817","targetHints":{"allow":["GET"]}}],"collection":[{"href":"https:\/\/fuentesfidedignas.com.mx\/index.php\/wp-json\/wp\/v2\/posts"}],"about":[{"href":"https:\/\/fuentesfidedignas.com.mx\/index.php\/wp-json\/wp\/v2\/types\/post"}],"author":[{"embeddable":true,"href":"https:\/\/fuentesfidedignas.com.mx\/index.php\/wp-json\/wp\/v2\/users\/47"}],"replies":[{"embeddable":true,"href":"https:\/\/fuentesfidedignas.com.mx\/index.php\/wp-json\/wp\/v2\/comments?post=98817"}],"version-history":[{"count":1,"href":"https:\/\/fuentesfidedignas.com.mx\/index.php\/wp-json\/wp\/v2\/posts\/98817\/revisions"}],"predecessor-version":[{"id":98819,"href":"https:\/\/fuentesfidedignas.com.mx\/index.php\/wp-json\/wp\/v2\/posts\/98817\/revisions\/98819"}],"wp:featuredmedia":[{"embeddable":true,"href":"https:\/\/fuentesfidedignas.com.mx\/index.php\/wp-json\/wp\/v2\/media\/98818"}],"wp:attachment":[{"href":"https:\/\/fuentesfidedignas.com.mx\/index.php\/wp-json\/wp\/v2\/media?parent=98817"}],"wp:term":[{"taxonomy":"category","embeddable":true,"href":"https:\/\/fuentesfidedignas.com.mx\/index.php\/wp-json\/wp\/v2\/categories?post=98817"},{"taxonomy":"post_tag","embeddable":true,"href":"https:\/\/fuentesfidedignas.com.mx\/index.php\/wp-json\/wp\/v2\/tags?post=98817"}],"curies":[{"name":"wp","href":"https:\/\/api.w.org\/{rel}","templated":true}]}}