{"id":98796,"date":"2025-01-07T15:36:55","date_gmt":"2025-01-07T22:36:55","guid":{"rendered":"https:\/\/fuentesfidedignas.com.mx\/?p=98796"},"modified":"2025-01-07T15:36:55","modified_gmt":"2025-01-07T22:36:55","slug":"caos-vial-tras-persecucion-y-enfrentamiento-en-carretera-hermosillo-guaymas-reportan-dos-muertos","status":"publish","type":"post","link":"https:\/\/fuentesfidedignas.com.mx\/index.php\/2025\/01\/07\/caos-vial-tras-persecucion-y-enfrentamiento-en-carretera-hermosillo-guaymas-reportan-dos-muertos\/","title":{"rendered":"Caos vial tras persecuci\u00f3n y enfrentamiento en carretera Hermosillo-Guaymas; reportan dos muertos"},"content":{"rendered":"\n<p><strong><em>Decenas de elementos de seguridad mantienen cerrado el tr\u00e1nsito tras un enfrentamiento con presuntos delincuentes<\/em><\/strong><\/p>\n\n\n\n<p>Dos personas sin vida, tres detenidos y un auto incendiado es el resultado de una persecuci\u00f3n que se registr\u00f3 en el kil\u00f3metro 248 de la carretera Hermosillo-Guaymas, al Sur de la ciudad.<\/p>\n\n\n\n<p>El tr\u00e1nsito en la salida Sur de la ciudad, est\u00e1 cerrado en ambos sentidos, por autoridades.<\/p>\n\n\n\n<p>Decenas de elementos estatales y municipales se encuentran en el lugar.<\/p>\n\n\n\n<h2 class=\"wp-block-heading ei-articleBodyHeading__StyledHeading-sc-11axkf8-0 dpQogE ei-heading\">\u00bfQu\u00e9 sucedi\u00f3 en la carretera Hermosillo-Guaymas?<\/h2>\n\n\n\n<p class=\"ei-articleBody__StyledText-sc-1wmd47a-1 bbbVrh body-paragraph ei-article-body-text\">De acuerdo con informaci\u00f3n extraoficial se registr\u00f3 una&nbsp;<strong>persecuci\u00f3n y posterior enfrentamiento<\/strong>, alrededor de las 10:00 horas.<\/p>\n\n\n\n<p class=\"ei-articleBody__StyledText-sc-1wmd47a-1 bbbVrh body-paragraph ei-article-body-text\">La Secretar\u00eda de Seguridad confirm\u00f3 posteriormente que elementos de la Polic\u00eda Estatal lograron&nbsp;<strong>neutralizar a dos presuntos delincuentes<\/strong>, y&nbsp;<strong>detuvieron a tres personas<\/strong>&nbsp;m\u00e1s.<\/p>\n\n\n\n<h2 class=\"wp-block-heading ei-articleBodyHeading__StyledHeading-sc-11axkf8-0 dpQogE ei-heading\">Aseguramiento de armas<\/h2>\n\n\n\n<p class=\"ei-articleBody__StyledText-sc-1wmd47a-1 bbbVrh body-paragraph ei-article-body-text\">Durante el operativo, las autoridades&nbsp;<strong>aseguraron&nbsp;<\/strong>un arsenal que inclu\u00eda un&nbsp;<strong>arma larga y dos armas cortas<\/strong>, adem\u00e1s de localizar un&nbsp;<strong>veh\u00edculo&nbsp;<\/strong>volcado en las inmediaciones del Cerro de la Virgen, dentro de Hermosillo.<\/p>\n\n\n\n<p>Gracias al&nbsp;<strong>uso de c\u00e1maras del C5i<\/strong>, las autoridades pudieron rastrear y dar seguimiento al veh\u00edculo sospechoso, lo que permiti\u00f3 una r\u00e1pida reacci\u00f3n y la contenci\u00f3n del incidente.<\/p>\n","protected":false},"excerpt":{"rendered":"<p>Decenas de elementos de seguridad mantienen cerrado el tr\u00e1nsito tras un enfrentamiento con presuntos delincuentes Dos personas sin vida, tres detenidos y un auto incendiado es el resultado de una persecuci\u00f3n que se registr\u00f3 en el kil\u00f3metro 248 de la carretera Hermosillo-Guaymas, al Sur de la ciudad. El tr\u00e1nsito en la salida Sur de la [&hellip;]<\/p>\n","protected":false},"author":40,"featured_media":98795,"comment_status":"closed","ping_status":"open","sticky":false,"template":"","format":"standard","meta":{"tdm_status":"","tdm_grid_status":"","footnotes":""},"categories":[39],"tags":[],"class_list":{"0":"post-98796","1":"post","2":"type-post","3":"status-publish","4":"format-standard","5":"has-post-thumbnail","7":"category-noticias-nacionales"},"yoast_head":"<!-- This site is optimized with the Yoast SEO plugin v27.5 - https:\/\/yoast.com\/product\/yoast-seo-wordpress\/ -->\n<title>Caos vial tras persecuci\u00f3n y enfrentamiento en carretera Hermosillo-Guaymas; reportan dos muertos - Fuentes Fidedignas<\/title>\n<meta name=\"robots\" content=\"index, follow, max-snippet:-1, max-image-preview:large, max-video-preview:-1\" \/>\n<link rel=\"canonical\" href=\"https:\/\/fuentesfidedignas.com.mx\/index.php\/2025\/01\/07\/caos-vial-tras-persecucion-y-enfrentamiento-en-carretera-hermosillo-guaymas-reportan-dos-muertos\/\" \/>\n<meta property=\"og:locale\" content=\"es_MX\" \/>\n<meta property=\"og:type\" content=\"article\" \/>\n<meta property=\"og:title\" content=\"Caos vial tras persecuci\u00f3n y enfrentamiento en carretera Hermosillo-Guaymas; reportan dos muertos - Fuentes Fidedignas\" \/>\n<meta property=\"og:description\" content=\"Decenas de elementos de seguridad mantienen cerrado el tr\u00e1nsito tras un enfrentamiento con presuntos delincuentes Dos personas sin vida, tres detenidos y un auto incendiado es el resultado de una persecuci\u00f3n que se registr\u00f3 en el kil\u00f3metro 248 de la carretera Hermosillo-Guaymas, al Sur de la ciudad. El tr\u00e1nsito en la salida Sur de la [&hellip;]\" \/>\n<meta property=\"og:url\" content=\"https:\/\/fuentesfidedignas.com.mx\/index.php\/2025\/01\/07\/caos-vial-tras-persecucion-y-enfrentamiento-en-carretera-hermosillo-guaymas-reportan-dos-muertos\/\" \/>\n<meta property=\"og:site_name\" content=\"Fuentes Fidedignas\" \/>\n<meta property=\"article:publisher\" content=\"https:\/\/www.facebook.com\/Fuentes-Fidedignas-368234489921644\" \/>\n<meta property=\"article:published_time\" content=\"2025-01-07T22:36:55+00:00\" \/>\n<meta property=\"og:image\" content=\"https:\/\/fuentesfidedignas.com.mx\/wp-content\/uploads\/2025\/01\/img_8368-1.jpg\" \/>\n\t<meta property=\"og:image:width\" content=\"768\" \/>\n\t<meta property=\"og:image:height\" content=\"512\" \/>\n\t<meta property=\"og:image:type\" content=\"image\/png\" \/>\n<meta name=\"author\" content=\"El Imparcial\" \/>\n<meta name=\"twitter:card\" content=\"summary_large_image\" \/>\n<meta name=\"twitter:creator\" content=\"@fidedignas\" \/>\n<meta name=\"twitter:site\" content=\"@fidedignas\" \/>\n<meta name=\"twitter:label1\" content=\"Escrito por\" \/>\n\t<meta name=\"twitter:data1\" content=\"El Imparcial\" \/>\n\t<meta name=\"twitter:label2\" content=\"Tiempo de lectura\" \/>\n\t<meta name=\"twitter:data2\" content=\"1 minuto\" \/>\n<script type=\"application\/ld+json\" class=\"yoast-schema-graph\">{\"@context\":\"https:\\\/\\\/schema.org\",\"@graph\":[{\"@type\":\"Article\",\"@id\":\"https:\\\/\\\/fuentesfidedignas.com.mx\\\/index.php\\\/2025\\\/01\\\/07\\\/caos-vial-tras-persecucion-y-enfrentamiento-en-carretera-hermosillo-guaymas-reportan-dos-muertos\\\/#article\",\"isPartOf\":{\"@id\":\"https:\\\/\\\/fuentesfidedignas.com.mx\\\/index.php\\\/2025\\\/01\\\/07\\\/caos-vial-tras-persecucion-y-enfrentamiento-en-carretera-hermosillo-guaymas-reportan-dos-muertos\\\/\"},\"author\":{\"name\":\"El Imparcial\",\"@id\":\"https:\\\/\\\/fuentesfidedignas.com.mx\\\/#\\\/schema\\\/person\\\/ff4db17f8fd9c584e0cfc2a0c436b8a1\"},\"headline\":\"Caos vial tras persecuci\u00f3n y enfrentamiento en carretera Hermosillo-Guaymas; reportan dos muertos\",\"datePublished\":\"2025-01-07T22:36:55+00:00\",\"mainEntityOfPage\":{\"@id\":\"https:\\\/\\\/fuentesfidedignas.com.mx\\\/index.php\\\/2025\\\/01\\\/07\\\/caos-vial-tras-persecucion-y-enfrentamiento-en-carretera-hermosillo-guaymas-reportan-dos-muertos\\\/\"},\"wordCount\":225,\"publisher\":{\"@id\":\"https:\\\/\\\/fuentesfidedignas.com.mx\\\/#organization\"},\"image\":{\"@id\":\"https:\\\/\\\/fuentesfidedignas.com.mx\\\/index.php\\\/2025\\\/01\\\/07\\\/caos-vial-tras-persecucion-y-enfrentamiento-en-carretera-hermosillo-guaymas-reportan-dos-muertos\\\/#primaryimage\"},\"thumbnailUrl\":\"https:\\\/\\\/fuentesfidedignas.com.mx\\\/wp-content\\\/uploads\\\/2025\\\/01\\\/img_8368-1.jpg\",\"articleSection\":[\"NOTICIAS NACIONALES\"],\"inLanguage\":\"es\"},{\"@type\":\"WebPage\",\"@id\":\"https:\\\/\\\/fuentesfidedignas.com.mx\\\/index.php\\\/2025\\\/01\\\/07\\\/caos-vial-tras-persecucion-y-enfrentamiento-en-carretera-hermosillo-guaymas-reportan-dos-muertos\\\/\",\"url\":\"https:\\\/\\\/fuentesfidedignas.com.mx\\\/index.php\\\/2025\\\/01\\\/07\\\/caos-vial-tras-persecucion-y-enfrentamiento-en-carretera-hermosillo-guaymas-reportan-dos-muertos\\\/\",\"name\":\"Caos vial tras persecuci\u00f3n y enfrentamiento en carretera Hermosillo-Guaymas; reportan dos muertos - Fuentes Fidedignas\",\"isPartOf\":{\"@id\":\"https:\\\/\\\/fuentesfidedignas.com.mx\\\/#website\"},\"primaryImageOfPage\":{\"@id\":\"https:\\\/\\\/fuentesfidedignas.com.mx\\\/index.php\\\/2025\\\/01\\\/07\\\/caos-vial-tras-persecucion-y-enfrentamiento-en-carretera-hermosillo-guaymas-reportan-dos-muertos\\\/#primaryimage\"},\"image\":{\"@id\":\"https:\\\/\\\/fuentesfidedignas.com.mx\\\/index.php\\\/2025\\\/01\\\/07\\\/caos-vial-tras-persecucion-y-enfrentamiento-en-carretera-hermosillo-guaymas-reportan-dos-muertos\\\/#primaryimage\"},\"thumbnailUrl\":\"https:\\\/\\\/fuentesfidedignas.com.mx\\\/wp-content\\\/uploads\\\/2025\\\/01\\\/img_8368-1.jpg\",\"datePublished\":\"2025-01-07T22:36:55+00:00\",\"breadcrumb\":{\"@id\":\"https:\\\/\\\/fuentesfidedignas.com.mx\\\/index.php\\\/2025\\\/01\\\/07\\\/caos-vial-tras-persecucion-y-enfrentamiento-en-carretera-hermosillo-guaymas-reportan-dos-muertos\\\/#breadcrumb\"},\"inLanguage\":\"es\",\"potentialAction\":[{\"@type\":\"ReadAction\",\"target\":[\"https:\\\/\\\/fuentesfidedignas.com.mx\\\/index.php\\\/2025\\\/01\\\/07\\\/caos-vial-tras-persecucion-y-enfrentamiento-en-carretera-hermosillo-guaymas-reportan-dos-muertos\\\/\"]}]},{\"@type\":\"ImageObject\",\"inLanguage\":\"es\",\"@id\":\"https:\\\/\\\/fuentesfidedignas.com.mx\\\/index.php\\\/2025\\\/01\\\/07\\\/caos-vial-tras-persecucion-y-enfrentamiento-en-carretera-hermosillo-guaymas-reportan-dos-muertos\\\/#primaryimage\",\"url\":\"https:\\\/\\\/fuentesfidedignas.com.mx\\\/wp-content\\\/uploads\\\/2025\\\/01\\\/img_8368-1.jpg\",\"contentUrl\":\"https:\\\/\\\/fuentesfidedignas.com.mx\\\/wp-content\\\/uploads\\\/2025\\\/01\\\/img_8368-1.jpg\",\"width\":768,\"height\":512},{\"@type\":\"BreadcrumbList\",\"@id\":\"https:\\\/\\\/fuentesfidedignas.com.mx\\\/index.php\\\/2025\\\/01\\\/07\\\/caos-vial-tras-persecucion-y-enfrentamiento-en-carretera-hermosillo-guaymas-reportan-dos-muertos\\\/#breadcrumb\",\"itemListElement\":[{\"@type\":\"ListItem\",\"position\":1,\"name\":\"Inicio\",\"item\":\"https:\\\/\\\/fuentesfidedignas.com.mx\\\/\"},{\"@type\":\"ListItem\",\"position\":2,\"name\":\"Caos vial tras persecuci\u00f3n y enfrentamiento en carretera Hermosillo-Guaymas; reportan dos muertos\"}]},{\"@type\":\"WebSite\",\"@id\":\"https:\\\/\\\/fuentesfidedignas.com.mx\\\/#website\",\"url\":\"https:\\\/\\\/fuentesfidedignas.com.mx\\\/\",\"name\":\"Fuentes Fidedignas\",\"description\":\"Otro sitio realizado con WordPress\",\"publisher\":{\"@id\":\"https:\\\/\\\/fuentesfidedignas.com.mx\\\/#organization\"},\"potentialAction\":[{\"@type\":\"SearchAction\",\"target\":{\"@type\":\"EntryPoint\",\"urlTemplate\":\"https:\\\/\\\/fuentesfidedignas.com.mx\\\/?s={search_term_string}\"},\"query-input\":{\"@type\":\"PropertyValueSpecification\",\"valueRequired\":true,\"valueName\":\"search_term_string\"}}],\"inLanguage\":\"es\"},{\"@type\":\"Organization\",\"@id\":\"https:\\\/\\\/fuentesfidedignas.com.mx\\\/#organization\",\"name\":\"Fuentes Fidedignas\",\"url\":\"https:\\\/\\\/fuentesfidedignas.com.mx\\\/\",\"logo\":{\"@type\":\"ImageObject\",\"inLanguage\":\"es\",\"@id\":\"https:\\\/\\\/fuentesfidedignas.com.mx\\\/#\\\/schema\\\/logo\\\/image\\\/\",\"url\":\"https:\\\/\\\/fuentesfidedignas.com.mx\\\/wp-content\\\/uploads\\\/2021\\\/04\\\/logo-retina.png\",\"contentUrl\":\"https:\\\/\\\/fuentesfidedignas.com.mx\\\/wp-content\\\/uploads\\\/2021\\\/04\\\/logo-retina.png\",\"width\":280,\"height\":51,\"caption\":\"Fuentes Fidedignas\"},\"image\":{\"@id\":\"https:\\\/\\\/fuentesfidedignas.com.mx\\\/#\\\/schema\\\/logo\\\/image\\\/\"},\"sameAs\":[\"https:\\\/\\\/www.facebook.com\\\/Fuentes-Fidedignas-368234489921644\",\"https:\\\/\\\/x.com\\\/fidedignas\"]},{\"@type\":\"Person\",\"@id\":\"https:\\\/\\\/fuentesfidedignas.com.mx\\\/#\\\/schema\\\/person\\\/ff4db17f8fd9c584e0cfc2a0c436b8a1\",\"name\":\"El Imparcial\",\"image\":{\"@type\":\"ImageObject\",\"inLanguage\":\"es\",\"@id\":\"https:\\\/\\\/secure.gravatar.com\\\/avatar\\\/accd6807585a75316c237ee783498317be6f66ab34c47c940966f26a3f613161?s=96&d=mm&r=g\",\"url\":\"https:\\\/\\\/secure.gravatar.com\\\/avatar\\\/accd6807585a75316c237ee783498317be6f66ab34c47c940966f26a3f613161?s=96&d=mm&r=g\",\"contentUrl\":\"https:\\\/\\\/secure.gravatar.com\\\/avatar\\\/accd6807585a75316c237ee783498317be6f66ab34c47c940966f26a3f613161?s=96&d=mm&r=g\",\"caption\":\"El Imparcial\"},\"url\":\"https:\\\/\\\/fuentesfidedignas.com.mx\\\/index.php\\\/author\\\/imparcial\\\/\"}]}<\/script>\n<!-- \/ Yoast SEO plugin. -->","yoast_head_json":{"title":"Caos vial tras persecuci\u00f3n y enfrentamiento en carretera Hermosillo-Guaymas; reportan dos muertos - Fuentes Fidedignas","robots":{"index":"index","follow":"follow","max-snippet":"max-snippet:-1","max-image-preview":"max-image-preview:large","max-video-preview":"max-video-preview:-1"},"canonical":"https:\/\/fuentesfidedignas.com.mx\/index.php\/2025\/01\/07\/caos-vial-tras-persecucion-y-enfrentamiento-en-carretera-hermosillo-guaymas-reportan-dos-muertos\/","og_locale":"es_MX","og_type":"article","og_title":"Caos vial tras persecuci\u00f3n y enfrentamiento en carretera Hermosillo-Guaymas; reportan dos muertos - Fuentes Fidedignas","og_description":"Decenas de elementos de seguridad mantienen cerrado el tr\u00e1nsito tras un enfrentamiento con presuntos delincuentes Dos personas sin vida, tres detenidos y un auto incendiado es el resultado de una persecuci\u00f3n que se registr\u00f3 en el kil\u00f3metro 248 de la carretera Hermosillo-Guaymas, al Sur de la ciudad. El tr\u00e1nsito en la salida Sur de la [&hellip;]","og_url":"https:\/\/fuentesfidedignas.com.mx\/index.php\/2025\/01\/07\/caos-vial-tras-persecucion-y-enfrentamiento-en-carretera-hermosillo-guaymas-reportan-dos-muertos\/","og_site_name":"Fuentes Fidedignas","article_publisher":"https:\/\/www.facebook.com\/Fuentes-Fidedignas-368234489921644","article_published_time":"2025-01-07T22:36:55+00:00","og_image":[{"width":768,"height":512,"url":"https:\/\/fuentesfidedignas.com.mx\/wp-content\/uploads\/2025\/01\/img_8368-1.jpg","type":"image\/png"}],"author":"El Imparcial","twitter_card":"summary_large_image","twitter_creator":"@fidedignas","twitter_site":"@fidedignas","twitter_misc":{"Escrito por":"El Imparcial","Tiempo de lectura":"1 minuto"},"schema":{"@context":"https:\/\/schema.org","@graph":[{"@type":"Article","@id":"https:\/\/fuentesfidedignas.com.mx\/index.php\/2025\/01\/07\/caos-vial-tras-persecucion-y-enfrentamiento-en-carretera-hermosillo-guaymas-reportan-dos-muertos\/#article","isPartOf":{"@id":"https:\/\/fuentesfidedignas.com.mx\/index.php\/2025\/01\/07\/caos-vial-tras-persecucion-y-enfrentamiento-en-carretera-hermosillo-guaymas-reportan-dos-muertos\/"},"author":{"name":"El Imparcial","@id":"https:\/\/fuentesfidedignas.com.mx\/#\/schema\/person\/ff4db17f8fd9c584e0cfc2a0c436b8a1"},"headline":"Caos vial tras persecuci\u00f3n y enfrentamiento en carretera Hermosillo-Guaymas; reportan dos muertos","datePublished":"2025-01-07T22:36:55+00:00","mainEntityOfPage":{"@id":"https:\/\/fuentesfidedignas.com.mx\/index.php\/2025\/01\/07\/caos-vial-tras-persecucion-y-enfrentamiento-en-carretera-hermosillo-guaymas-reportan-dos-muertos\/"},"wordCount":225,"publisher":{"@id":"https:\/\/fuentesfidedignas.com.mx\/#organization"},"image":{"@id":"https:\/\/fuentesfidedignas.com.mx\/index.php\/2025\/01\/07\/caos-vial-tras-persecucion-y-enfrentamiento-en-carretera-hermosillo-guaymas-reportan-dos-muertos\/#primaryimage"},"thumbnailUrl":"https:\/\/fuentesfidedignas.com.mx\/wp-content\/uploads\/2025\/01\/img_8368-1.jpg","articleSection":["NOTICIAS NACIONALES"],"inLanguage":"es"},{"@type":"WebPage","@id":"https:\/\/fuentesfidedignas.com.mx\/index.php\/2025\/01\/07\/caos-vial-tras-persecucion-y-enfrentamiento-en-carretera-hermosillo-guaymas-reportan-dos-muertos\/","url":"https:\/\/fuentesfidedignas.com.mx\/index.php\/2025\/01\/07\/caos-vial-tras-persecucion-y-enfrentamiento-en-carretera-hermosillo-guaymas-reportan-dos-muertos\/","name":"Caos vial tras persecuci\u00f3n y enfrentamiento en carretera Hermosillo-Guaymas; reportan dos muertos - Fuentes Fidedignas","isPartOf":{"@id":"https:\/\/fuentesfidedignas.com.mx\/#website"},"primaryImageOfPage":{"@id":"https:\/\/fuentesfidedignas.com.mx\/index.php\/2025\/01\/07\/caos-vial-tras-persecucion-y-enfrentamiento-en-carretera-hermosillo-guaymas-reportan-dos-muertos\/#primaryimage"},"image":{"@id":"https:\/\/fuentesfidedignas.com.mx\/index.php\/2025\/01\/07\/caos-vial-tras-persecucion-y-enfrentamiento-en-carretera-hermosillo-guaymas-reportan-dos-muertos\/#primaryimage"},"thumbnailUrl":"https:\/\/fuentesfidedignas.com.mx\/wp-content\/uploads\/2025\/01\/img_8368-1.jpg","datePublished":"2025-01-07T22:36:55+00:00","breadcrumb":{"@id":"https:\/\/fuentesfidedignas.com.mx\/index.php\/2025\/01\/07\/caos-vial-tras-persecucion-y-enfrentamiento-en-carretera-hermosillo-guaymas-reportan-dos-muertos\/#breadcrumb"},"inLanguage":"es","potentialAction":[{"@type":"ReadAction","target":["https:\/\/fuentesfidedignas.com.mx\/index.php\/2025\/01\/07\/caos-vial-tras-persecucion-y-enfrentamiento-en-carretera-hermosillo-guaymas-reportan-dos-muertos\/"]}]},{"@type":"ImageObject","inLanguage":"es","@id":"https:\/\/fuentesfidedignas.com.mx\/index.php\/2025\/01\/07\/caos-vial-tras-persecucion-y-enfrentamiento-en-carretera-hermosillo-guaymas-reportan-dos-muertos\/#primaryimage","url":"https:\/\/fuentesfidedignas.com.mx\/wp-content\/uploads\/2025\/01\/img_8368-1.jpg","contentUrl":"https:\/\/fuentesfidedignas.com.mx\/wp-content\/uploads\/2025\/01\/img_8368-1.jpg","width":768,"height":512},{"@type":"BreadcrumbList","@id":"https:\/\/fuentesfidedignas.com.mx\/index.php\/2025\/01\/07\/caos-vial-tras-persecucion-y-enfrentamiento-en-carretera-hermosillo-guaymas-reportan-dos-muertos\/#breadcrumb","itemListElement":[{"@type":"ListItem","position":1,"name":"Inicio","item":"https:\/\/fuentesfidedignas.com.mx\/"},{"@type":"ListItem","position":2,"name":"Caos vial tras persecuci\u00f3n y enfrentamiento en carretera Hermosillo-Guaymas; reportan dos muertos"}]},{"@type":"WebSite","@id":"https:\/\/fuentesfidedignas.com.mx\/#website","url":"https:\/\/fuentesfidedignas.com.mx\/","name":"Fuentes Fidedignas","description":"Otro sitio realizado con WordPress","publisher":{"@id":"https:\/\/fuentesfidedignas.com.mx\/#organization"},"potentialAction":[{"@type":"SearchAction","target":{"@type":"EntryPoint","urlTemplate":"https:\/\/fuentesfidedignas.com.mx\/?s={search_term_string}"},"query-input":{"@type":"PropertyValueSpecification","valueRequired":true,"valueName":"search_term_string"}}],"inLanguage":"es"},{"@type":"Organization","@id":"https:\/\/fuentesfidedignas.com.mx\/#organization","name":"Fuentes Fidedignas","url":"https:\/\/fuentesfidedignas.com.mx\/","logo":{"@type":"ImageObject","inLanguage":"es","@id":"https:\/\/fuentesfidedignas.com.mx\/#\/schema\/logo\/image\/","url":"https:\/\/fuentesfidedignas.com.mx\/wp-content\/uploads\/2021\/04\/logo-retina.png","contentUrl":"https:\/\/fuentesfidedignas.com.mx\/wp-content\/uploads\/2021\/04\/logo-retina.png","width":280,"height":51,"caption":"Fuentes Fidedignas"},"image":{"@id":"https:\/\/fuentesfidedignas.com.mx\/#\/schema\/logo\/image\/"},"sameAs":["https:\/\/www.facebook.com\/Fuentes-Fidedignas-368234489921644","https:\/\/x.com\/fidedignas"]},{"@type":"Person","@id":"https:\/\/fuentesfidedignas.com.mx\/#\/schema\/person\/ff4db17f8fd9c584e0cfc2a0c436b8a1","name":"El Imparcial","image":{"@type":"ImageObject","inLanguage":"es","@id":"https:\/\/secure.gravatar.com\/avatar\/accd6807585a75316c237ee783498317be6f66ab34c47c940966f26a3f613161?s=96&d=mm&r=g","url":"https:\/\/secure.gravatar.com\/avatar\/accd6807585a75316c237ee783498317be6f66ab34c47c940966f26a3f613161?s=96&d=mm&r=g","contentUrl":"https:\/\/secure.gravatar.com\/avatar\/accd6807585a75316c237ee783498317be6f66ab34c47c940966f26a3f613161?s=96&d=mm&r=g","caption":"El Imparcial"},"url":"https:\/\/fuentesfidedignas.com.mx\/index.php\/author\/imparcial\/"}]}},"_links":{"self":[{"href":"https:\/\/fuentesfidedignas.com.mx\/index.php\/wp-json\/wp\/v2\/posts\/98796","targetHints":{"allow":["GET"]}}],"collection":[{"href":"https:\/\/fuentesfidedignas.com.mx\/index.php\/wp-json\/wp\/v2\/posts"}],"about":[{"href":"https:\/\/fuentesfidedignas.com.mx\/index.php\/wp-json\/wp\/v2\/types\/post"}],"author":[{"embeddable":true,"href":"https:\/\/fuentesfidedignas.com.mx\/index.php\/wp-json\/wp\/v2\/users\/40"}],"replies":[{"embeddable":true,"href":"https:\/\/fuentesfidedignas.com.mx\/index.php\/wp-json\/wp\/v2\/comments?post=98796"}],"version-history":[{"count":1,"href":"https:\/\/fuentesfidedignas.com.mx\/index.php\/wp-json\/wp\/v2\/posts\/98796\/revisions"}],"predecessor-version":[{"id":98797,"href":"https:\/\/fuentesfidedignas.com.mx\/index.php\/wp-json\/wp\/v2\/posts\/98796\/revisions\/98797"}],"wp:featuredmedia":[{"embeddable":true,"href":"https:\/\/fuentesfidedignas.com.mx\/index.php\/wp-json\/wp\/v2\/media\/98795"}],"wp:attachment":[{"href":"https:\/\/fuentesfidedignas.com.mx\/index.php\/wp-json\/wp\/v2\/media?parent=98796"}],"wp:term":[{"taxonomy":"category","embeddable":true,"href":"https:\/\/fuentesfidedignas.com.mx\/index.php\/wp-json\/wp\/v2\/categories?post=98796"},{"taxonomy":"post_tag","embeddable":true,"href":"https:\/\/fuentesfidedignas.com.mx\/index.php\/wp-json\/wp\/v2\/tags?post=98796"}],"curies":[{"name":"wp","href":"https:\/\/api.w.org\/{rel}","templated":true}]}}