{"id":98760,"date":"2025-01-07T08:42:30","date_gmt":"2025-01-07T15:42:30","guid":{"rendered":"https:\/\/fuentesfidedignas.com.mx\/?p=98760"},"modified":"2025-01-07T08:42:33","modified_gmt":"2025-01-07T15:42:33","slug":"los-virus-son-conocidos-oms-pide-calma-ante-brote-de-infecciones-respiratorias-en-china","status":"publish","type":"post","link":"https:\/\/fuentesfidedignas.com.mx\/index.php\/2025\/01\/07\/los-virus-son-conocidos-oms-pide-calma-ante-brote-de-infecciones-respiratorias-en-china\/","title":{"rendered":"\u201cLos virus son conocidos\u201d: OMS pide calma ante brote de infecciones respiratorias en China"},"content":{"rendered":"\n<p><strong><em>La OMS se\u00f1al\u00f3 que la gripe estacional corresponde al 30 por ciento de las infecciones respiratorias registradas en las \u00faltimas semanas en China<\/em><\/strong><\/p>\n\n\n\n<p>La Organizaci\u00f3n Mundial de la Salud (OMS) aclar\u00f3 que, de acuerdo a la informaci\u00f3n recibida de las autoridades China, los virus representes en el brote de infecciones respiratorias detectado recientemente en el norte de China \u201cson conocidos\u201d y que el m\u00e1s com\u00fan es el de la gripe estacional.<\/p>\n\n\n\n<p>Los pat\u00f3genos que se han detectado incluyen los virus sincitial respiratorio (VRS), el metapneumovirus humano (MPVH), el SARS-CoV-2 (causante del COVID-19) y el de la gripe estacional.<\/p>\n\n\n\n<p>\u201cLos niveles de infecciones respiratorias notificados en China est\u00e1n dentro de lo habitual para la estaci\u00f3n invernal y las autoridades han informado que la utilizaci\u00f3n de los hospitales es actualmente inferior a la del a\u00f1o pasado por estas fechas, y no se han producido declaraciones ni respuestas de emergencia\u201d, recalc\u00f3 la portavoz de la OMS, Margaret Harris.<\/p>\n\n\n\n<p>Coment\u00f3 que el Centro Chino para el Control y la Prevenci\u00f3n de Enfermedades inform\u00f3 el pasado d\u00eda 2 y en reuniones con equipos de la OM sobre el aumento de varias infecciones respiratorias comunes, \u201ccomo era de esperar durante el invierno\u201d.<\/p>\n\n\n\n<p>El virus responsable que se ha identificado con mayor frecuencia corresponde a la gripe estacional, que corresponde al 30 por ciento de casos que acudieron con s\u00edntomas gripales para recibir atenci\u00f3n m\u00e9dica y su prevalencia va en aumento.<\/p>\n\n\n\n<p>Asimismo, el Sistema Mundial de Vigilancia y Respuesta a la Gripe de la OMS ha registrado un aumento de la gripe en el hemisferio norte, que se encuentra en el periodo de invierno; as\u00ed como en partes de Asia, Europa, \u00c1frica y en algunos pa\u00edses del Caribe.<\/p>\n\n\n\n<p>La presencia del MPVH entre los virus que est\u00e1n circulando ha causado preocupaci\u00f3n por su asociaci\u00f3n con el metapneumovirus aviar, a pesar de que no se trata de un nuevo virus .<\/p>\n\n\n\n<p>El MPVH fue descubierto por primera vez en 2001 y es un virus com\u00fan que circula entre las personas en invierno y primavera.<\/p>\n\n\n\n<p>Sus s\u00edntomas respiratorios son similares a los del resfriado com\u00fan y, como ocurre con otros virus, puede provocar enfermedades m\u00e1s graves como bronquitis o neumon\u00eda entre personas vulnerables, como los beb\u00e9s o las personas mayores, as\u00ed como entre aquellas con el sistema inmunitario debilitado.<\/p>\n\n\n\n<p>\u201cMedidas sencillas pueden prevenir el contagio, como quedarse en casa cuando se est\u00e1 enfermo, llevar mascarilla en lugares concurridos o mal ventilados, mejorar la ventilaci\u00f3n cuando se pueda, cubrirse la boca al toser o estornudar, lavarse las manos con regularidad y ponerse las vacunas recomendadas por el m\u00e9dico\u201d, recalc\u00f3 Harris.<\/p>\n","protected":false},"excerpt":{"rendered":"<p>La OMS se\u00f1al\u00f3 que la gripe estacional corresponde al 30 por ciento de las infecciones respiratorias registradas en las \u00faltimas semanas en China La Organizaci\u00f3n Mundial de la Salud (OMS) aclar\u00f3 que, de acuerdo a la informaci\u00f3n recibida de las autoridades China, los virus representes en el brote de infecciones respiratorias detectado recientemente en el [&hellip;]<\/p>\n","protected":false},"author":47,"featured_media":98761,"comment_status":"open","ping_status":"open","sticky":false,"template":"","format":"standard","meta":{"tdm_status":"","tdm_grid_status":"","footnotes":""},"categories":[39],"tags":[],"class_list":{"0":"post-98760","1":"post","2":"type-post","3":"status-publish","4":"format-standard","5":"has-post-thumbnail","7":"category-noticias-nacionales"},"yoast_head":"<!-- This site is optimized with the Yoast SEO plugin v27.5 - https:\/\/yoast.com\/product\/yoast-seo-wordpress\/ -->\n<title>\u201cLos virus son conocidos\u201d: OMS pide calma ante brote de infecciones respiratorias en China - Fuentes Fidedignas<\/title>\n<meta name=\"robots\" content=\"index, follow, max-snippet:-1, max-image-preview:large, max-video-preview:-1\" \/>\n<link rel=\"canonical\" href=\"https:\/\/fuentesfidedignas.com.mx\/index.php\/2025\/01\/07\/los-virus-son-conocidos-oms-pide-calma-ante-brote-de-infecciones-respiratorias-en-china\/\" \/>\n<meta property=\"og:locale\" content=\"es_MX\" \/>\n<meta property=\"og:type\" content=\"article\" \/>\n<meta property=\"og:title\" content=\"\u201cLos virus son conocidos\u201d: OMS pide calma ante brote de infecciones respiratorias en China - Fuentes Fidedignas\" \/>\n<meta property=\"og:description\" content=\"La OMS se\u00f1al\u00f3 que la gripe estacional corresponde al 30 por ciento de las infecciones respiratorias registradas en las \u00faltimas semanas en China La Organizaci\u00f3n Mundial de la Salud (OMS) aclar\u00f3 que, de acuerdo a la informaci\u00f3n recibida de las autoridades China, los virus representes en el brote de infecciones respiratorias detectado recientemente en el [&hellip;]\" \/>\n<meta property=\"og:url\" content=\"https:\/\/fuentesfidedignas.com.mx\/index.php\/2025\/01\/07\/los-virus-son-conocidos-oms-pide-calma-ante-brote-de-infecciones-respiratorias-en-china\/\" \/>\n<meta property=\"og:site_name\" content=\"Fuentes Fidedignas\" \/>\n<meta property=\"article:publisher\" content=\"https:\/\/www.facebook.com\/Fuentes-Fidedignas-368234489921644\" \/>\n<meta property=\"article:published_time\" content=\"2025-01-07T15:42:30+00:00\" \/>\n<meta property=\"article:modified_time\" content=\"2025-01-07T15:42:33+00:00\" \/>\n<meta property=\"og:image\" content=\"https:\/\/fuentesfidedignas.com.mx\/wp-content\/uploads\/2025\/01\/virus_china.jpg\" \/>\n\t<meta property=\"og:image:width\" content=\"600\" \/>\n\t<meta property=\"og:image:height\" content=\"400\" \/>\n\t<meta property=\"og:image:type\" content=\"image\/jpeg\" \/>\n<meta name=\"author\" content=\"L\u00f3pez D\u00f3riga\" \/>\n<meta name=\"twitter:card\" content=\"summary_large_image\" \/>\n<meta name=\"twitter:creator\" content=\"@fidedignas\" \/>\n<meta name=\"twitter:site\" content=\"@fidedignas\" \/>\n<meta name=\"twitter:label1\" content=\"Escrito por\" \/>\n\t<meta name=\"twitter:data1\" content=\"L\u00f3pez D\u00f3riga\" \/>\n\t<meta name=\"twitter:label2\" content=\"Tiempo de lectura\" \/>\n\t<meta name=\"twitter:data2\" content=\"3 minutos\" \/>\n<script type=\"application\/ld+json\" class=\"yoast-schema-graph\">{\"@context\":\"https:\\\/\\\/schema.org\",\"@graph\":[{\"@type\":\"Article\",\"@id\":\"https:\\\/\\\/fuentesfidedignas.com.mx\\\/index.php\\\/2025\\\/01\\\/07\\\/los-virus-son-conocidos-oms-pide-calma-ante-brote-de-infecciones-respiratorias-en-china\\\/#article\",\"isPartOf\":{\"@id\":\"https:\\\/\\\/fuentesfidedignas.com.mx\\\/index.php\\\/2025\\\/01\\\/07\\\/los-virus-son-conocidos-oms-pide-calma-ante-brote-de-infecciones-respiratorias-en-china\\\/\"},\"author\":{\"name\":\"L\u00f3pez D\u00f3riga\",\"@id\":\"https:\\\/\\\/fuentesfidedignas.com.mx\\\/#\\\/schema\\\/person\\\/67d852f0557c8509146a4b9ddebd543a\"},\"headline\":\"\u201cLos virus son conocidos\u201d: OMS pide calma ante brote de infecciones respiratorias en China\",\"datePublished\":\"2025-01-07T15:42:30+00:00\",\"dateModified\":\"2025-01-07T15:42:33+00:00\",\"mainEntityOfPage\":{\"@id\":\"https:\\\/\\\/fuentesfidedignas.com.mx\\\/index.php\\\/2025\\\/01\\\/07\\\/los-virus-son-conocidos-oms-pide-calma-ante-brote-de-infecciones-respiratorias-en-china\\\/\"},\"wordCount\":466,\"commentCount\":0,\"publisher\":{\"@id\":\"https:\\\/\\\/fuentesfidedignas.com.mx\\\/#organization\"},\"image\":{\"@id\":\"https:\\\/\\\/fuentesfidedignas.com.mx\\\/index.php\\\/2025\\\/01\\\/07\\\/los-virus-son-conocidos-oms-pide-calma-ante-brote-de-infecciones-respiratorias-en-china\\\/#primaryimage\"},\"thumbnailUrl\":\"https:\\\/\\\/fuentesfidedignas.com.mx\\\/wp-content\\\/uploads\\\/2025\\\/01\\\/virus_china.jpg\",\"articleSection\":[\"NOTICIAS NACIONALES\"],\"inLanguage\":\"es\",\"potentialAction\":[{\"@type\":\"CommentAction\",\"name\":\"Comment\",\"target\":[\"https:\\\/\\\/fuentesfidedignas.com.mx\\\/index.php\\\/2025\\\/01\\\/07\\\/los-virus-son-conocidos-oms-pide-calma-ante-brote-de-infecciones-respiratorias-en-china\\\/#respond\"]}]},{\"@type\":\"WebPage\",\"@id\":\"https:\\\/\\\/fuentesfidedignas.com.mx\\\/index.php\\\/2025\\\/01\\\/07\\\/los-virus-son-conocidos-oms-pide-calma-ante-brote-de-infecciones-respiratorias-en-china\\\/\",\"url\":\"https:\\\/\\\/fuentesfidedignas.com.mx\\\/index.php\\\/2025\\\/01\\\/07\\\/los-virus-son-conocidos-oms-pide-calma-ante-brote-de-infecciones-respiratorias-en-china\\\/\",\"name\":\"\u201cLos virus son conocidos\u201d: OMS pide calma ante brote de infecciones respiratorias en China - Fuentes Fidedignas\",\"isPartOf\":{\"@id\":\"https:\\\/\\\/fuentesfidedignas.com.mx\\\/#website\"},\"primaryImageOfPage\":{\"@id\":\"https:\\\/\\\/fuentesfidedignas.com.mx\\\/index.php\\\/2025\\\/01\\\/07\\\/los-virus-son-conocidos-oms-pide-calma-ante-brote-de-infecciones-respiratorias-en-china\\\/#primaryimage\"},\"image\":{\"@id\":\"https:\\\/\\\/fuentesfidedignas.com.mx\\\/index.php\\\/2025\\\/01\\\/07\\\/los-virus-son-conocidos-oms-pide-calma-ante-brote-de-infecciones-respiratorias-en-china\\\/#primaryimage\"},\"thumbnailUrl\":\"https:\\\/\\\/fuentesfidedignas.com.mx\\\/wp-content\\\/uploads\\\/2025\\\/01\\\/virus_china.jpg\",\"datePublished\":\"2025-01-07T15:42:30+00:00\",\"dateModified\":\"2025-01-07T15:42:33+00:00\",\"breadcrumb\":{\"@id\":\"https:\\\/\\\/fuentesfidedignas.com.mx\\\/index.php\\\/2025\\\/01\\\/07\\\/los-virus-son-conocidos-oms-pide-calma-ante-brote-de-infecciones-respiratorias-en-china\\\/#breadcrumb\"},\"inLanguage\":\"es\",\"potentialAction\":[{\"@type\":\"ReadAction\",\"target\":[\"https:\\\/\\\/fuentesfidedignas.com.mx\\\/index.php\\\/2025\\\/01\\\/07\\\/los-virus-son-conocidos-oms-pide-calma-ante-brote-de-infecciones-respiratorias-en-china\\\/\"]}]},{\"@type\":\"ImageObject\",\"inLanguage\":\"es\",\"@id\":\"https:\\\/\\\/fuentesfidedignas.com.mx\\\/index.php\\\/2025\\\/01\\\/07\\\/los-virus-son-conocidos-oms-pide-calma-ante-brote-de-infecciones-respiratorias-en-china\\\/#primaryimage\",\"url\":\"https:\\\/\\\/fuentesfidedignas.com.mx\\\/wp-content\\\/uploads\\\/2025\\\/01\\\/virus_china.jpg\",\"contentUrl\":\"https:\\\/\\\/fuentesfidedignas.com.mx\\\/wp-content\\\/uploads\\\/2025\\\/01\\\/virus_china.jpg\",\"width\":600,\"height\":400},{\"@type\":\"BreadcrumbList\",\"@id\":\"https:\\\/\\\/fuentesfidedignas.com.mx\\\/index.php\\\/2025\\\/01\\\/07\\\/los-virus-son-conocidos-oms-pide-calma-ante-brote-de-infecciones-respiratorias-en-china\\\/#breadcrumb\",\"itemListElement\":[{\"@type\":\"ListItem\",\"position\":1,\"name\":\"Inicio\",\"item\":\"https:\\\/\\\/fuentesfidedignas.com.mx\\\/\"},{\"@type\":\"ListItem\",\"position\":2,\"name\":\"\u201cLos virus son conocidos\u201d: OMS pide calma ante brote de infecciones respiratorias en China\"}]},{\"@type\":\"WebSite\",\"@id\":\"https:\\\/\\\/fuentesfidedignas.com.mx\\\/#website\",\"url\":\"https:\\\/\\\/fuentesfidedignas.com.mx\\\/\",\"name\":\"Fuentes Fidedignas\",\"description\":\"Otro sitio realizado con WordPress\",\"publisher\":{\"@id\":\"https:\\\/\\\/fuentesfidedignas.com.mx\\\/#organization\"},\"potentialAction\":[{\"@type\":\"SearchAction\",\"target\":{\"@type\":\"EntryPoint\",\"urlTemplate\":\"https:\\\/\\\/fuentesfidedignas.com.mx\\\/?s={search_term_string}\"},\"query-input\":{\"@type\":\"PropertyValueSpecification\",\"valueRequired\":true,\"valueName\":\"search_term_string\"}}],\"inLanguage\":\"es\"},{\"@type\":\"Organization\",\"@id\":\"https:\\\/\\\/fuentesfidedignas.com.mx\\\/#organization\",\"name\":\"Fuentes Fidedignas\",\"url\":\"https:\\\/\\\/fuentesfidedignas.com.mx\\\/\",\"logo\":{\"@type\":\"ImageObject\",\"inLanguage\":\"es\",\"@id\":\"https:\\\/\\\/fuentesfidedignas.com.mx\\\/#\\\/schema\\\/logo\\\/image\\\/\",\"url\":\"https:\\\/\\\/fuentesfidedignas.com.mx\\\/wp-content\\\/uploads\\\/2021\\\/04\\\/logo-retina.png\",\"contentUrl\":\"https:\\\/\\\/fuentesfidedignas.com.mx\\\/wp-content\\\/uploads\\\/2021\\\/04\\\/logo-retina.png\",\"width\":280,\"height\":51,\"caption\":\"Fuentes Fidedignas\"},\"image\":{\"@id\":\"https:\\\/\\\/fuentesfidedignas.com.mx\\\/#\\\/schema\\\/logo\\\/image\\\/\"},\"sameAs\":[\"https:\\\/\\\/www.facebook.com\\\/Fuentes-Fidedignas-368234489921644\",\"https:\\\/\\\/x.com\\\/fidedignas\"]},{\"@type\":\"Person\",\"@id\":\"https:\\\/\\\/fuentesfidedignas.com.mx\\\/#\\\/schema\\\/person\\\/67d852f0557c8509146a4b9ddebd543a\",\"name\":\"L\u00f3pez D\u00f3riga\",\"image\":{\"@type\":\"ImageObject\",\"inLanguage\":\"es\",\"@id\":\"https:\\\/\\\/secure.gravatar.com\\\/avatar\\\/e525b06574ca18b33cded59dfe5778d6c823b9513154eff47da551b0551bdd1e?s=96&d=mm&r=g\",\"url\":\"https:\\\/\\\/secure.gravatar.com\\\/avatar\\\/e525b06574ca18b33cded59dfe5778d6c823b9513154eff47da551b0551bdd1e?s=96&d=mm&r=g\",\"contentUrl\":\"https:\\\/\\\/secure.gravatar.com\\\/avatar\\\/e525b06574ca18b33cded59dfe5778d6c823b9513154eff47da551b0551bdd1e?s=96&d=mm&r=g\",\"caption\":\"L\u00f3pez D\u00f3riga\"},\"url\":\"https:\\\/\\\/fuentesfidedignas.com.mx\\\/index.php\\\/author\\\/doriga\\\/\"}]}<\/script>\n<!-- \/ Yoast SEO plugin. -->","yoast_head_json":{"title":"\u201cLos virus son conocidos\u201d: OMS pide calma ante brote de infecciones respiratorias en China - Fuentes Fidedignas","robots":{"index":"index","follow":"follow","max-snippet":"max-snippet:-1","max-image-preview":"max-image-preview:large","max-video-preview":"max-video-preview:-1"},"canonical":"https:\/\/fuentesfidedignas.com.mx\/index.php\/2025\/01\/07\/los-virus-son-conocidos-oms-pide-calma-ante-brote-de-infecciones-respiratorias-en-china\/","og_locale":"es_MX","og_type":"article","og_title":"\u201cLos virus son conocidos\u201d: OMS pide calma ante brote de infecciones respiratorias en China - Fuentes Fidedignas","og_description":"La OMS se\u00f1al\u00f3 que la gripe estacional corresponde al 30 por ciento de las infecciones respiratorias registradas en las \u00faltimas semanas en China La Organizaci\u00f3n Mundial de la Salud (OMS) aclar\u00f3 que, de acuerdo a la informaci\u00f3n recibida de las autoridades China, los virus representes en el brote de infecciones respiratorias detectado recientemente en el [&hellip;]","og_url":"https:\/\/fuentesfidedignas.com.mx\/index.php\/2025\/01\/07\/los-virus-son-conocidos-oms-pide-calma-ante-brote-de-infecciones-respiratorias-en-china\/","og_site_name":"Fuentes Fidedignas","article_publisher":"https:\/\/www.facebook.com\/Fuentes-Fidedignas-368234489921644","article_published_time":"2025-01-07T15:42:30+00:00","article_modified_time":"2025-01-07T15:42:33+00:00","og_image":[{"width":600,"height":400,"url":"https:\/\/fuentesfidedignas.com.mx\/wp-content\/uploads\/2025\/01\/virus_china.jpg","type":"image\/jpeg"}],"author":"L\u00f3pez D\u00f3riga","twitter_card":"summary_large_image","twitter_creator":"@fidedignas","twitter_site":"@fidedignas","twitter_misc":{"Escrito por":"L\u00f3pez D\u00f3riga","Tiempo de lectura":"3 minutos"},"schema":{"@context":"https:\/\/schema.org","@graph":[{"@type":"Article","@id":"https:\/\/fuentesfidedignas.com.mx\/index.php\/2025\/01\/07\/los-virus-son-conocidos-oms-pide-calma-ante-brote-de-infecciones-respiratorias-en-china\/#article","isPartOf":{"@id":"https:\/\/fuentesfidedignas.com.mx\/index.php\/2025\/01\/07\/los-virus-son-conocidos-oms-pide-calma-ante-brote-de-infecciones-respiratorias-en-china\/"},"author":{"name":"L\u00f3pez D\u00f3riga","@id":"https:\/\/fuentesfidedignas.com.mx\/#\/schema\/person\/67d852f0557c8509146a4b9ddebd543a"},"headline":"\u201cLos virus son conocidos\u201d: OMS pide calma ante brote de infecciones respiratorias en China","datePublished":"2025-01-07T15:42:30+00:00","dateModified":"2025-01-07T15:42:33+00:00","mainEntityOfPage":{"@id":"https:\/\/fuentesfidedignas.com.mx\/index.php\/2025\/01\/07\/los-virus-son-conocidos-oms-pide-calma-ante-brote-de-infecciones-respiratorias-en-china\/"},"wordCount":466,"commentCount":0,"publisher":{"@id":"https:\/\/fuentesfidedignas.com.mx\/#organization"},"image":{"@id":"https:\/\/fuentesfidedignas.com.mx\/index.php\/2025\/01\/07\/los-virus-son-conocidos-oms-pide-calma-ante-brote-de-infecciones-respiratorias-en-china\/#primaryimage"},"thumbnailUrl":"https:\/\/fuentesfidedignas.com.mx\/wp-content\/uploads\/2025\/01\/virus_china.jpg","articleSection":["NOTICIAS NACIONALES"],"inLanguage":"es","potentialAction":[{"@type":"CommentAction","name":"Comment","target":["https:\/\/fuentesfidedignas.com.mx\/index.php\/2025\/01\/07\/los-virus-son-conocidos-oms-pide-calma-ante-brote-de-infecciones-respiratorias-en-china\/#respond"]}]},{"@type":"WebPage","@id":"https:\/\/fuentesfidedignas.com.mx\/index.php\/2025\/01\/07\/los-virus-son-conocidos-oms-pide-calma-ante-brote-de-infecciones-respiratorias-en-china\/","url":"https:\/\/fuentesfidedignas.com.mx\/index.php\/2025\/01\/07\/los-virus-son-conocidos-oms-pide-calma-ante-brote-de-infecciones-respiratorias-en-china\/","name":"\u201cLos virus son conocidos\u201d: OMS pide calma ante brote de infecciones respiratorias en China - Fuentes Fidedignas","isPartOf":{"@id":"https:\/\/fuentesfidedignas.com.mx\/#website"},"primaryImageOfPage":{"@id":"https:\/\/fuentesfidedignas.com.mx\/index.php\/2025\/01\/07\/los-virus-son-conocidos-oms-pide-calma-ante-brote-de-infecciones-respiratorias-en-china\/#primaryimage"},"image":{"@id":"https:\/\/fuentesfidedignas.com.mx\/index.php\/2025\/01\/07\/los-virus-son-conocidos-oms-pide-calma-ante-brote-de-infecciones-respiratorias-en-china\/#primaryimage"},"thumbnailUrl":"https:\/\/fuentesfidedignas.com.mx\/wp-content\/uploads\/2025\/01\/virus_china.jpg","datePublished":"2025-01-07T15:42:30+00:00","dateModified":"2025-01-07T15:42:33+00:00","breadcrumb":{"@id":"https:\/\/fuentesfidedignas.com.mx\/index.php\/2025\/01\/07\/los-virus-son-conocidos-oms-pide-calma-ante-brote-de-infecciones-respiratorias-en-china\/#breadcrumb"},"inLanguage":"es","potentialAction":[{"@type":"ReadAction","target":["https:\/\/fuentesfidedignas.com.mx\/index.php\/2025\/01\/07\/los-virus-son-conocidos-oms-pide-calma-ante-brote-de-infecciones-respiratorias-en-china\/"]}]},{"@type":"ImageObject","inLanguage":"es","@id":"https:\/\/fuentesfidedignas.com.mx\/index.php\/2025\/01\/07\/los-virus-son-conocidos-oms-pide-calma-ante-brote-de-infecciones-respiratorias-en-china\/#primaryimage","url":"https:\/\/fuentesfidedignas.com.mx\/wp-content\/uploads\/2025\/01\/virus_china.jpg","contentUrl":"https:\/\/fuentesfidedignas.com.mx\/wp-content\/uploads\/2025\/01\/virus_china.jpg","width":600,"height":400},{"@type":"BreadcrumbList","@id":"https:\/\/fuentesfidedignas.com.mx\/index.php\/2025\/01\/07\/los-virus-son-conocidos-oms-pide-calma-ante-brote-de-infecciones-respiratorias-en-china\/#breadcrumb","itemListElement":[{"@type":"ListItem","position":1,"name":"Inicio","item":"https:\/\/fuentesfidedignas.com.mx\/"},{"@type":"ListItem","position":2,"name":"\u201cLos virus son conocidos\u201d: OMS pide calma ante brote de infecciones respiratorias en China"}]},{"@type":"WebSite","@id":"https:\/\/fuentesfidedignas.com.mx\/#website","url":"https:\/\/fuentesfidedignas.com.mx\/","name":"Fuentes Fidedignas","description":"Otro sitio realizado con WordPress","publisher":{"@id":"https:\/\/fuentesfidedignas.com.mx\/#organization"},"potentialAction":[{"@type":"SearchAction","target":{"@type":"EntryPoint","urlTemplate":"https:\/\/fuentesfidedignas.com.mx\/?s={search_term_string}"},"query-input":{"@type":"PropertyValueSpecification","valueRequired":true,"valueName":"search_term_string"}}],"inLanguage":"es"},{"@type":"Organization","@id":"https:\/\/fuentesfidedignas.com.mx\/#organization","name":"Fuentes Fidedignas","url":"https:\/\/fuentesfidedignas.com.mx\/","logo":{"@type":"ImageObject","inLanguage":"es","@id":"https:\/\/fuentesfidedignas.com.mx\/#\/schema\/logo\/image\/","url":"https:\/\/fuentesfidedignas.com.mx\/wp-content\/uploads\/2021\/04\/logo-retina.png","contentUrl":"https:\/\/fuentesfidedignas.com.mx\/wp-content\/uploads\/2021\/04\/logo-retina.png","width":280,"height":51,"caption":"Fuentes Fidedignas"},"image":{"@id":"https:\/\/fuentesfidedignas.com.mx\/#\/schema\/logo\/image\/"},"sameAs":["https:\/\/www.facebook.com\/Fuentes-Fidedignas-368234489921644","https:\/\/x.com\/fidedignas"]},{"@type":"Person","@id":"https:\/\/fuentesfidedignas.com.mx\/#\/schema\/person\/67d852f0557c8509146a4b9ddebd543a","name":"L\u00f3pez D\u00f3riga","image":{"@type":"ImageObject","inLanguage":"es","@id":"https:\/\/secure.gravatar.com\/avatar\/e525b06574ca18b33cded59dfe5778d6c823b9513154eff47da551b0551bdd1e?s=96&d=mm&r=g","url":"https:\/\/secure.gravatar.com\/avatar\/e525b06574ca18b33cded59dfe5778d6c823b9513154eff47da551b0551bdd1e?s=96&d=mm&r=g","contentUrl":"https:\/\/secure.gravatar.com\/avatar\/e525b06574ca18b33cded59dfe5778d6c823b9513154eff47da551b0551bdd1e?s=96&d=mm&r=g","caption":"L\u00f3pez D\u00f3riga"},"url":"https:\/\/fuentesfidedignas.com.mx\/index.php\/author\/doriga\/"}]}},"_links":{"self":[{"href":"https:\/\/fuentesfidedignas.com.mx\/index.php\/wp-json\/wp\/v2\/posts\/98760","targetHints":{"allow":["GET"]}}],"collection":[{"href":"https:\/\/fuentesfidedignas.com.mx\/index.php\/wp-json\/wp\/v2\/posts"}],"about":[{"href":"https:\/\/fuentesfidedignas.com.mx\/index.php\/wp-json\/wp\/v2\/types\/post"}],"author":[{"embeddable":true,"href":"https:\/\/fuentesfidedignas.com.mx\/index.php\/wp-json\/wp\/v2\/users\/47"}],"replies":[{"embeddable":true,"href":"https:\/\/fuentesfidedignas.com.mx\/index.php\/wp-json\/wp\/v2\/comments?post=98760"}],"version-history":[{"count":1,"href":"https:\/\/fuentesfidedignas.com.mx\/index.php\/wp-json\/wp\/v2\/posts\/98760\/revisions"}],"predecessor-version":[{"id":98762,"href":"https:\/\/fuentesfidedignas.com.mx\/index.php\/wp-json\/wp\/v2\/posts\/98760\/revisions\/98762"}],"wp:featuredmedia":[{"embeddable":true,"href":"https:\/\/fuentesfidedignas.com.mx\/index.php\/wp-json\/wp\/v2\/media\/98761"}],"wp:attachment":[{"href":"https:\/\/fuentesfidedignas.com.mx\/index.php\/wp-json\/wp\/v2\/media?parent=98760"}],"wp:term":[{"taxonomy":"category","embeddable":true,"href":"https:\/\/fuentesfidedignas.com.mx\/index.php\/wp-json\/wp\/v2\/categories?post=98760"},{"taxonomy":"post_tag","embeddable":true,"href":"https:\/\/fuentesfidedignas.com.mx\/index.php\/wp-json\/wp\/v2\/tags?post=98760"}],"curies":[{"name":"wp","href":"https:\/\/api.w.org\/{rel}","templated":true}]}}