{"id":98676,"date":"2025-01-06T09:35:36","date_gmt":"2025-01-06T16:35:36","guid":{"rendered":"https:\/\/fuentesfidedignas.com.mx\/?p=98676"},"modified":"2025-01-06T09:36:45","modified_gmt":"2025-01-06T16:36:45","slug":"culiacan-amanece-con-bloqueos-civiles-despojan-de-vehiculos-recolectores-de-basura","status":"publish","type":"post","link":"https:\/\/fuentesfidedignas.com.mx\/index.php\/2025\/01\/06\/culiacan-amanece-con-bloqueos-civiles-despojan-de-vehiculos-recolectores-de-basura\/","title":{"rendered":"Culiac\u00e1n amanece con bloqueos; civiles despojan de veh\u00edculos recolectores de basura"},"content":{"rendered":"\n<p>Este lunes, la capital sinaloense despert\u00f3 con un bloqueo en el sector Los \u00c1ngeles.<\/p>\n\n\n\n<p>Tres camiones de basura pertenecientes al Ayuntamiento de Culiac\u00e1n fueron utilizados para bloquear la vialidad, dos de ellos ubicados en las inmediaciones de un conocido supermercado y el tercero bloqueando el acceso a la Zona Dorada.<\/p>\n\n\n\n<p>A finales de noviembre del a\u00f1o pasado, cuando se registr\u00f3 un enfrentamiento en la sindicatura de Imala, se vivi\u00f3 una situaci\u00f3n similar en las cercan\u00edas, con camiones de basura bloqueando diversos puntos clave de la ciudad.<\/p>\n\n\n\n<p>El d\u00eda de ayer, la&nbsp;<strong>Secretar\u00eda de Seguridad P\u00fablica&nbsp;<\/strong>del Estado inform\u00f3 la recuperaci\u00f3n de tres camiones de basura que hab\u00edan sido robados al municipio, sin embargo se desconoce cu\u00e1ntos m\u00e1s hab\u00edan sido despojados.<\/p>\n\n\n\n<p>Hasta el momento, las autoridades no han emitido declaraciones oficiales sobre el origen de los bloqueos ni sobre posibles responsables, aunque el bloqueo fue retirado cerca de las 7 de la ma\u00f1ana.&nbsp;<\/p>\n\n\n\n<p>La situaci\u00f3n mantiene en alerta a la poblaci\u00f3n, mientras se esperan m\u00e1s detalles sobre las investigaciones en curso.<\/p>\n\n\n\n<p>Asimismo, durante la ma\u00f1ana se registr\u00f3 un presunto enfrentamiento en la&nbsp;<strong>sindicatura de Costa Rica<\/strong>, lo que gener\u00f3 una fuerte movilizaci\u00f3n policial.<\/p>\n","protected":false},"excerpt":{"rendered":"<p>Este lunes, la capital sinaloense despert\u00f3 con un bloqueo en el sector Los \u00c1ngeles. Tres camiones de basura pertenecientes al Ayuntamiento de Culiac\u00e1n fueron utilizados para bloquear la vialidad, dos de ellos ubicados en las inmediaciones de un conocido supermercado y el tercero bloqueando el acceso a la Zona Dorada. A finales de noviembre del [&hellip;]<\/p>\n","protected":false},"author":9,"featured_media":98675,"comment_status":"closed","ping_status":"open","sticky":false,"template":"","format":"standard","meta":{"tdm_status":"","tdm_grid_status":"","footnotes":""},"categories":[37],"tags":[],"class_list":{"0":"post-98676","1":"post","2":"type-post","3":"status-publish","4":"format-standard","5":"has-post-thumbnail","7":"category-nota-principal"},"yoast_head":"<!-- This site is optimized with the Yoast SEO plugin v27.5 - https:\/\/yoast.com\/product\/yoast-seo-wordpress\/ -->\n<title>Culiac\u00e1n amanece con bloqueos; civiles despojan de veh\u00edculos recolectores de basura - Fuentes Fidedignas<\/title>\n<meta name=\"robots\" content=\"index, follow, max-snippet:-1, max-image-preview:large, max-video-preview:-1\" \/>\n<link rel=\"canonical\" href=\"https:\/\/fuentesfidedignas.com.mx\/index.php\/2025\/01\/06\/culiacan-amanece-con-bloqueos-civiles-despojan-de-vehiculos-recolectores-de-basura\/\" \/>\n<meta property=\"og:locale\" content=\"es_MX\" \/>\n<meta property=\"og:type\" content=\"article\" \/>\n<meta property=\"og:title\" content=\"Culiac\u00e1n amanece con bloqueos; civiles despojan de veh\u00edculos recolectores de basura - Fuentes Fidedignas\" \/>\n<meta property=\"og:description\" content=\"Este lunes, la capital sinaloense despert\u00f3 con un bloqueo en el sector Los \u00c1ngeles. Tres camiones de basura pertenecientes al Ayuntamiento de Culiac\u00e1n fueron utilizados para bloquear la vialidad, dos de ellos ubicados en las inmediaciones de un conocido supermercado y el tercero bloqueando el acceso a la Zona Dorada. A finales de noviembre del [&hellip;]\" \/>\n<meta property=\"og:url\" content=\"https:\/\/fuentesfidedignas.com.mx\/index.php\/2025\/01\/06\/culiacan-amanece-con-bloqueos-civiles-despojan-de-vehiculos-recolectores-de-basura\/\" \/>\n<meta property=\"og:site_name\" content=\"Fuentes Fidedignas\" \/>\n<meta property=\"article:publisher\" content=\"https:\/\/www.facebook.com\/Fuentes-Fidedignas-368234489921644\" \/>\n<meta property=\"article:published_time\" content=\"2025-01-06T16:35:36+00:00\" \/>\n<meta property=\"article:modified_time\" content=\"2025-01-06T16:36:45+00:00\" \/>\n<meta property=\"og:image\" content=\"https:\/\/fuentesfidedignas.com.mx\/wp-content\/uploads\/2025\/01\/4f4b6b66-bab2-412b-9290-1308f7b009cc-1.jpg\" \/>\n\t<meta property=\"og:image:width\" content=\"1599\" \/>\n\t<meta property=\"og:image:height\" content=\"899\" \/>\n\t<meta property=\"og:image:type\" content=\"image\/jpeg\" \/>\n<meta name=\"author\" content=\"Milenio\" \/>\n<meta name=\"twitter:card\" content=\"summary_large_image\" \/>\n<meta name=\"twitter:creator\" content=\"@fidedignas\" \/>\n<meta name=\"twitter:site\" content=\"@fidedignas\" \/>\n<meta name=\"twitter:label1\" content=\"Escrito por\" \/>\n\t<meta name=\"twitter:data1\" content=\"Milenio\" \/>\n\t<meta name=\"twitter:label2\" content=\"Tiempo de lectura\" \/>\n\t<meta name=\"twitter:data2\" content=\"1 minuto\" \/>\n<script type=\"application\/ld+json\" class=\"yoast-schema-graph\">{\"@context\":\"https:\\\/\\\/schema.org\",\"@graph\":[{\"@type\":\"Article\",\"@id\":\"https:\\\/\\\/fuentesfidedignas.com.mx\\\/index.php\\\/2025\\\/01\\\/06\\\/culiacan-amanece-con-bloqueos-civiles-despojan-de-vehiculos-recolectores-de-basura\\\/#article\",\"isPartOf\":{\"@id\":\"https:\\\/\\\/fuentesfidedignas.com.mx\\\/index.php\\\/2025\\\/01\\\/06\\\/culiacan-amanece-con-bloqueos-civiles-despojan-de-vehiculos-recolectores-de-basura\\\/\"},\"author\":{\"name\":\"Milenio\",\"@id\":\"https:\\\/\\\/fuentesfidedignas.com.mx\\\/#\\\/schema\\\/person\\\/47ec0135738f4b0c7495f06a77a2c976\"},\"headline\":\"Culiac\u00e1n amanece con bloqueos; civiles despojan de veh\u00edculos recolectores de basura\",\"datePublished\":\"2025-01-06T16:35:36+00:00\",\"dateModified\":\"2025-01-06T16:36:45+00:00\",\"mainEntityOfPage\":{\"@id\":\"https:\\\/\\\/fuentesfidedignas.com.mx\\\/index.php\\\/2025\\\/01\\\/06\\\/culiacan-amanece-con-bloqueos-civiles-despojan-de-vehiculos-recolectores-de-basura\\\/\"},\"wordCount\":226,\"publisher\":{\"@id\":\"https:\\\/\\\/fuentesfidedignas.com.mx\\\/#organization\"},\"image\":{\"@id\":\"https:\\\/\\\/fuentesfidedignas.com.mx\\\/index.php\\\/2025\\\/01\\\/06\\\/culiacan-amanece-con-bloqueos-civiles-despojan-de-vehiculos-recolectores-de-basura\\\/#primaryimage\"},\"thumbnailUrl\":\"https:\\\/\\\/fuentesfidedignas.com.mx\\\/wp-content\\\/uploads\\\/2025\\\/01\\\/4f4b6b66-bab2-412b-9290-1308f7b009cc-1.jpg\",\"articleSection\":[\"NOTA PRINCIPAL\"],\"inLanguage\":\"es\"},{\"@type\":\"WebPage\",\"@id\":\"https:\\\/\\\/fuentesfidedignas.com.mx\\\/index.php\\\/2025\\\/01\\\/06\\\/culiacan-amanece-con-bloqueos-civiles-despojan-de-vehiculos-recolectores-de-basura\\\/\",\"url\":\"https:\\\/\\\/fuentesfidedignas.com.mx\\\/index.php\\\/2025\\\/01\\\/06\\\/culiacan-amanece-con-bloqueos-civiles-despojan-de-vehiculos-recolectores-de-basura\\\/\",\"name\":\"Culiac\u00e1n amanece con bloqueos; civiles despojan de veh\u00edculos recolectores de basura - Fuentes Fidedignas\",\"isPartOf\":{\"@id\":\"https:\\\/\\\/fuentesfidedignas.com.mx\\\/#website\"},\"primaryImageOfPage\":{\"@id\":\"https:\\\/\\\/fuentesfidedignas.com.mx\\\/index.php\\\/2025\\\/01\\\/06\\\/culiacan-amanece-con-bloqueos-civiles-despojan-de-vehiculos-recolectores-de-basura\\\/#primaryimage\"},\"image\":{\"@id\":\"https:\\\/\\\/fuentesfidedignas.com.mx\\\/index.php\\\/2025\\\/01\\\/06\\\/culiacan-amanece-con-bloqueos-civiles-despojan-de-vehiculos-recolectores-de-basura\\\/#primaryimage\"},\"thumbnailUrl\":\"https:\\\/\\\/fuentesfidedignas.com.mx\\\/wp-content\\\/uploads\\\/2025\\\/01\\\/4f4b6b66-bab2-412b-9290-1308f7b009cc-1.jpg\",\"datePublished\":\"2025-01-06T16:35:36+00:00\",\"dateModified\":\"2025-01-06T16:36:45+00:00\",\"breadcrumb\":{\"@id\":\"https:\\\/\\\/fuentesfidedignas.com.mx\\\/index.php\\\/2025\\\/01\\\/06\\\/culiacan-amanece-con-bloqueos-civiles-despojan-de-vehiculos-recolectores-de-basura\\\/#breadcrumb\"},\"inLanguage\":\"es\",\"potentialAction\":[{\"@type\":\"ReadAction\",\"target\":[\"https:\\\/\\\/fuentesfidedignas.com.mx\\\/index.php\\\/2025\\\/01\\\/06\\\/culiacan-amanece-con-bloqueos-civiles-despojan-de-vehiculos-recolectores-de-basura\\\/\"]}]},{\"@type\":\"ImageObject\",\"inLanguage\":\"es\",\"@id\":\"https:\\\/\\\/fuentesfidedignas.com.mx\\\/index.php\\\/2025\\\/01\\\/06\\\/culiacan-amanece-con-bloqueos-civiles-despojan-de-vehiculos-recolectores-de-basura\\\/#primaryimage\",\"url\":\"https:\\\/\\\/fuentesfidedignas.com.mx\\\/wp-content\\\/uploads\\\/2025\\\/01\\\/4f4b6b66-bab2-412b-9290-1308f7b009cc-1.jpg\",\"contentUrl\":\"https:\\\/\\\/fuentesfidedignas.com.mx\\\/wp-content\\\/uploads\\\/2025\\\/01\\\/4f4b6b66-bab2-412b-9290-1308f7b009cc-1.jpg\",\"width\":1599,\"height\":899},{\"@type\":\"BreadcrumbList\",\"@id\":\"https:\\\/\\\/fuentesfidedignas.com.mx\\\/index.php\\\/2025\\\/01\\\/06\\\/culiacan-amanece-con-bloqueos-civiles-despojan-de-vehiculos-recolectores-de-basura\\\/#breadcrumb\",\"itemListElement\":[{\"@type\":\"ListItem\",\"position\":1,\"name\":\"Inicio\",\"item\":\"https:\\\/\\\/fuentesfidedignas.com.mx\\\/\"},{\"@type\":\"ListItem\",\"position\":2,\"name\":\"Culiac\u00e1n amanece con bloqueos; civiles despojan de veh\u00edculos recolectores de basura\"}]},{\"@type\":\"WebSite\",\"@id\":\"https:\\\/\\\/fuentesfidedignas.com.mx\\\/#website\",\"url\":\"https:\\\/\\\/fuentesfidedignas.com.mx\\\/\",\"name\":\"Fuentes Fidedignas\",\"description\":\"Otro sitio realizado con WordPress\",\"publisher\":{\"@id\":\"https:\\\/\\\/fuentesfidedignas.com.mx\\\/#organization\"},\"potentialAction\":[{\"@type\":\"SearchAction\",\"target\":{\"@type\":\"EntryPoint\",\"urlTemplate\":\"https:\\\/\\\/fuentesfidedignas.com.mx\\\/?s={search_term_string}\"},\"query-input\":{\"@type\":\"PropertyValueSpecification\",\"valueRequired\":true,\"valueName\":\"search_term_string\"}}],\"inLanguage\":\"es\"},{\"@type\":\"Organization\",\"@id\":\"https:\\\/\\\/fuentesfidedignas.com.mx\\\/#organization\",\"name\":\"Fuentes Fidedignas\",\"url\":\"https:\\\/\\\/fuentesfidedignas.com.mx\\\/\",\"logo\":{\"@type\":\"ImageObject\",\"inLanguage\":\"es\",\"@id\":\"https:\\\/\\\/fuentesfidedignas.com.mx\\\/#\\\/schema\\\/logo\\\/image\\\/\",\"url\":\"https:\\\/\\\/fuentesfidedignas.com.mx\\\/wp-content\\\/uploads\\\/2021\\\/04\\\/logo-retina.png\",\"contentUrl\":\"https:\\\/\\\/fuentesfidedignas.com.mx\\\/wp-content\\\/uploads\\\/2021\\\/04\\\/logo-retina.png\",\"width\":280,\"height\":51,\"caption\":\"Fuentes Fidedignas\"},\"image\":{\"@id\":\"https:\\\/\\\/fuentesfidedignas.com.mx\\\/#\\\/schema\\\/logo\\\/image\\\/\"},\"sameAs\":[\"https:\\\/\\\/www.facebook.com\\\/Fuentes-Fidedignas-368234489921644\",\"https:\\\/\\\/x.com\\\/fidedignas\"]},{\"@type\":\"Person\",\"@id\":\"https:\\\/\\\/fuentesfidedignas.com.mx\\\/#\\\/schema\\\/person\\\/47ec0135738f4b0c7495f06a77a2c976\",\"name\":\"Milenio\",\"image\":{\"@type\":\"ImageObject\",\"inLanguage\":\"es\",\"@id\":\"https:\\\/\\\/secure.gravatar.com\\\/avatar\\\/acabf7b54753e51c2c76457954577c236b3b764789b19879565769739d1e4a75?s=96&d=mm&r=g\",\"url\":\"https:\\\/\\\/secure.gravatar.com\\\/avatar\\\/acabf7b54753e51c2c76457954577c236b3b764789b19879565769739d1e4a75?s=96&d=mm&r=g\",\"contentUrl\":\"https:\\\/\\\/secure.gravatar.com\\\/avatar\\\/acabf7b54753e51c2c76457954577c236b3b764789b19879565769739d1e4a75?s=96&d=mm&r=g\",\"caption\":\"Milenio\"},\"url\":\"https:\\\/\\\/fuentesfidedignas.com.mx\\\/index.php\\\/author\\\/milenio\\\/\"}]}<\/script>\n<!-- \/ Yoast SEO plugin. -->","yoast_head_json":{"title":"Culiac\u00e1n amanece con bloqueos; civiles despojan de veh\u00edculos recolectores de basura - Fuentes Fidedignas","robots":{"index":"index","follow":"follow","max-snippet":"max-snippet:-1","max-image-preview":"max-image-preview:large","max-video-preview":"max-video-preview:-1"},"canonical":"https:\/\/fuentesfidedignas.com.mx\/index.php\/2025\/01\/06\/culiacan-amanece-con-bloqueos-civiles-despojan-de-vehiculos-recolectores-de-basura\/","og_locale":"es_MX","og_type":"article","og_title":"Culiac\u00e1n amanece con bloqueos; civiles despojan de veh\u00edculos recolectores de basura - Fuentes Fidedignas","og_description":"Este lunes, la capital sinaloense despert\u00f3 con un bloqueo en el sector Los \u00c1ngeles. Tres camiones de basura pertenecientes al Ayuntamiento de Culiac\u00e1n fueron utilizados para bloquear la vialidad, dos de ellos ubicados en las inmediaciones de un conocido supermercado y el tercero bloqueando el acceso a la Zona Dorada. A finales de noviembre del [&hellip;]","og_url":"https:\/\/fuentesfidedignas.com.mx\/index.php\/2025\/01\/06\/culiacan-amanece-con-bloqueos-civiles-despojan-de-vehiculos-recolectores-de-basura\/","og_site_name":"Fuentes Fidedignas","article_publisher":"https:\/\/www.facebook.com\/Fuentes-Fidedignas-368234489921644","article_published_time":"2025-01-06T16:35:36+00:00","article_modified_time":"2025-01-06T16:36:45+00:00","og_image":[{"width":1599,"height":899,"url":"https:\/\/fuentesfidedignas.com.mx\/wp-content\/uploads\/2025\/01\/4f4b6b66-bab2-412b-9290-1308f7b009cc-1.jpg","type":"image\/jpeg"}],"author":"Milenio","twitter_card":"summary_large_image","twitter_creator":"@fidedignas","twitter_site":"@fidedignas","twitter_misc":{"Escrito por":"Milenio","Tiempo de lectura":"1 minuto"},"schema":{"@context":"https:\/\/schema.org","@graph":[{"@type":"Article","@id":"https:\/\/fuentesfidedignas.com.mx\/index.php\/2025\/01\/06\/culiacan-amanece-con-bloqueos-civiles-despojan-de-vehiculos-recolectores-de-basura\/#article","isPartOf":{"@id":"https:\/\/fuentesfidedignas.com.mx\/index.php\/2025\/01\/06\/culiacan-amanece-con-bloqueos-civiles-despojan-de-vehiculos-recolectores-de-basura\/"},"author":{"name":"Milenio","@id":"https:\/\/fuentesfidedignas.com.mx\/#\/schema\/person\/47ec0135738f4b0c7495f06a77a2c976"},"headline":"Culiac\u00e1n amanece con bloqueos; civiles despojan de veh\u00edculos recolectores de basura","datePublished":"2025-01-06T16:35:36+00:00","dateModified":"2025-01-06T16:36:45+00:00","mainEntityOfPage":{"@id":"https:\/\/fuentesfidedignas.com.mx\/index.php\/2025\/01\/06\/culiacan-amanece-con-bloqueos-civiles-despojan-de-vehiculos-recolectores-de-basura\/"},"wordCount":226,"publisher":{"@id":"https:\/\/fuentesfidedignas.com.mx\/#organization"},"image":{"@id":"https:\/\/fuentesfidedignas.com.mx\/index.php\/2025\/01\/06\/culiacan-amanece-con-bloqueos-civiles-despojan-de-vehiculos-recolectores-de-basura\/#primaryimage"},"thumbnailUrl":"https:\/\/fuentesfidedignas.com.mx\/wp-content\/uploads\/2025\/01\/4f4b6b66-bab2-412b-9290-1308f7b009cc-1.jpg","articleSection":["NOTA PRINCIPAL"],"inLanguage":"es"},{"@type":"WebPage","@id":"https:\/\/fuentesfidedignas.com.mx\/index.php\/2025\/01\/06\/culiacan-amanece-con-bloqueos-civiles-despojan-de-vehiculos-recolectores-de-basura\/","url":"https:\/\/fuentesfidedignas.com.mx\/index.php\/2025\/01\/06\/culiacan-amanece-con-bloqueos-civiles-despojan-de-vehiculos-recolectores-de-basura\/","name":"Culiac\u00e1n amanece con bloqueos; civiles despojan de veh\u00edculos recolectores de basura - Fuentes Fidedignas","isPartOf":{"@id":"https:\/\/fuentesfidedignas.com.mx\/#website"},"primaryImageOfPage":{"@id":"https:\/\/fuentesfidedignas.com.mx\/index.php\/2025\/01\/06\/culiacan-amanece-con-bloqueos-civiles-despojan-de-vehiculos-recolectores-de-basura\/#primaryimage"},"image":{"@id":"https:\/\/fuentesfidedignas.com.mx\/index.php\/2025\/01\/06\/culiacan-amanece-con-bloqueos-civiles-despojan-de-vehiculos-recolectores-de-basura\/#primaryimage"},"thumbnailUrl":"https:\/\/fuentesfidedignas.com.mx\/wp-content\/uploads\/2025\/01\/4f4b6b66-bab2-412b-9290-1308f7b009cc-1.jpg","datePublished":"2025-01-06T16:35:36+00:00","dateModified":"2025-01-06T16:36:45+00:00","breadcrumb":{"@id":"https:\/\/fuentesfidedignas.com.mx\/index.php\/2025\/01\/06\/culiacan-amanece-con-bloqueos-civiles-despojan-de-vehiculos-recolectores-de-basura\/#breadcrumb"},"inLanguage":"es","potentialAction":[{"@type":"ReadAction","target":["https:\/\/fuentesfidedignas.com.mx\/index.php\/2025\/01\/06\/culiacan-amanece-con-bloqueos-civiles-despojan-de-vehiculos-recolectores-de-basura\/"]}]},{"@type":"ImageObject","inLanguage":"es","@id":"https:\/\/fuentesfidedignas.com.mx\/index.php\/2025\/01\/06\/culiacan-amanece-con-bloqueos-civiles-despojan-de-vehiculos-recolectores-de-basura\/#primaryimage","url":"https:\/\/fuentesfidedignas.com.mx\/wp-content\/uploads\/2025\/01\/4f4b6b66-bab2-412b-9290-1308f7b009cc-1.jpg","contentUrl":"https:\/\/fuentesfidedignas.com.mx\/wp-content\/uploads\/2025\/01\/4f4b6b66-bab2-412b-9290-1308f7b009cc-1.jpg","width":1599,"height":899},{"@type":"BreadcrumbList","@id":"https:\/\/fuentesfidedignas.com.mx\/index.php\/2025\/01\/06\/culiacan-amanece-con-bloqueos-civiles-despojan-de-vehiculos-recolectores-de-basura\/#breadcrumb","itemListElement":[{"@type":"ListItem","position":1,"name":"Inicio","item":"https:\/\/fuentesfidedignas.com.mx\/"},{"@type":"ListItem","position":2,"name":"Culiac\u00e1n amanece con bloqueos; civiles despojan de veh\u00edculos recolectores de basura"}]},{"@type":"WebSite","@id":"https:\/\/fuentesfidedignas.com.mx\/#website","url":"https:\/\/fuentesfidedignas.com.mx\/","name":"Fuentes Fidedignas","description":"Otro sitio realizado con WordPress","publisher":{"@id":"https:\/\/fuentesfidedignas.com.mx\/#organization"},"potentialAction":[{"@type":"SearchAction","target":{"@type":"EntryPoint","urlTemplate":"https:\/\/fuentesfidedignas.com.mx\/?s={search_term_string}"},"query-input":{"@type":"PropertyValueSpecification","valueRequired":true,"valueName":"search_term_string"}}],"inLanguage":"es"},{"@type":"Organization","@id":"https:\/\/fuentesfidedignas.com.mx\/#organization","name":"Fuentes Fidedignas","url":"https:\/\/fuentesfidedignas.com.mx\/","logo":{"@type":"ImageObject","inLanguage":"es","@id":"https:\/\/fuentesfidedignas.com.mx\/#\/schema\/logo\/image\/","url":"https:\/\/fuentesfidedignas.com.mx\/wp-content\/uploads\/2021\/04\/logo-retina.png","contentUrl":"https:\/\/fuentesfidedignas.com.mx\/wp-content\/uploads\/2021\/04\/logo-retina.png","width":280,"height":51,"caption":"Fuentes Fidedignas"},"image":{"@id":"https:\/\/fuentesfidedignas.com.mx\/#\/schema\/logo\/image\/"},"sameAs":["https:\/\/www.facebook.com\/Fuentes-Fidedignas-368234489921644","https:\/\/x.com\/fidedignas"]},{"@type":"Person","@id":"https:\/\/fuentesfidedignas.com.mx\/#\/schema\/person\/47ec0135738f4b0c7495f06a77a2c976","name":"Milenio","image":{"@type":"ImageObject","inLanguage":"es","@id":"https:\/\/secure.gravatar.com\/avatar\/acabf7b54753e51c2c76457954577c236b3b764789b19879565769739d1e4a75?s=96&d=mm&r=g","url":"https:\/\/secure.gravatar.com\/avatar\/acabf7b54753e51c2c76457954577c236b3b764789b19879565769739d1e4a75?s=96&d=mm&r=g","contentUrl":"https:\/\/secure.gravatar.com\/avatar\/acabf7b54753e51c2c76457954577c236b3b764789b19879565769739d1e4a75?s=96&d=mm&r=g","caption":"Milenio"},"url":"https:\/\/fuentesfidedignas.com.mx\/index.php\/author\/milenio\/"}]}},"_links":{"self":[{"href":"https:\/\/fuentesfidedignas.com.mx\/index.php\/wp-json\/wp\/v2\/posts\/98676","targetHints":{"allow":["GET"]}}],"collection":[{"href":"https:\/\/fuentesfidedignas.com.mx\/index.php\/wp-json\/wp\/v2\/posts"}],"about":[{"href":"https:\/\/fuentesfidedignas.com.mx\/index.php\/wp-json\/wp\/v2\/types\/post"}],"author":[{"embeddable":true,"href":"https:\/\/fuentesfidedignas.com.mx\/index.php\/wp-json\/wp\/v2\/users\/9"}],"replies":[{"embeddable":true,"href":"https:\/\/fuentesfidedignas.com.mx\/index.php\/wp-json\/wp\/v2\/comments?post=98676"}],"version-history":[{"count":2,"href":"https:\/\/fuentesfidedignas.com.mx\/index.php\/wp-json\/wp\/v2\/posts\/98676\/revisions"}],"predecessor-version":[{"id":98678,"href":"https:\/\/fuentesfidedignas.com.mx\/index.php\/wp-json\/wp\/v2\/posts\/98676\/revisions\/98678"}],"wp:featuredmedia":[{"embeddable":true,"href":"https:\/\/fuentesfidedignas.com.mx\/index.php\/wp-json\/wp\/v2\/media\/98675"}],"wp:attachment":[{"href":"https:\/\/fuentesfidedignas.com.mx\/index.php\/wp-json\/wp\/v2\/media?parent=98676"}],"wp:term":[{"taxonomy":"category","embeddable":true,"href":"https:\/\/fuentesfidedignas.com.mx\/index.php\/wp-json\/wp\/v2\/categories?post=98676"},{"taxonomy":"post_tag","embeddable":true,"href":"https:\/\/fuentesfidedignas.com.mx\/index.php\/wp-json\/wp\/v2\/tags?post=98676"}],"curies":[{"name":"wp","href":"https:\/\/api.w.org\/{rel}","templated":true}]}}