{"id":98425,"date":"2025-01-02T19:13:11","date_gmt":"2025-01-03T02:13:11","guid":{"rendered":"https:\/\/fuentesfidedignas.com.mx\/?p=98425"},"modified":"2025-01-02T19:13:14","modified_gmt":"2025-01-03T02:13:14","slug":"video-avioneta-se-estrella-contra-almacen-en-california-y-deja-un-muerto","status":"publish","type":"post","link":"https:\/\/fuentesfidedignas.com.mx\/index.php\/2025\/01\/02\/video-avioneta-se-estrella-contra-almacen-en-california-y-deja-un-muerto\/","title":{"rendered":"VIDEO | Avioneta se estrella contra almac\u00e9n en California y deja un muerto"},"content":{"rendered":"\n<p><strong><em>Tras el accidente, 15 personas resultaron heridas en el almac\u00e9n que estaba cerca del Aeropuerto Municipal de Fullerton<\/em><\/strong><\/p>\n\n\n\n<p>Al menos una persona muri\u00f3 y otras 15 resultaron heridas este jueves al estrellarse una avioneta contra el techo de un edificio comercial en Fullerton, en el estado de California, informaron las autoridades.<\/p>\n\n\n\n<p>\u201cNueve individuos han sido transportados y seis individuos fueron tratados y dados de alta en la escena. Hay una muerte confirmada\u201d, inform\u00f3 en X el Departamento de Polic\u00eda de Fullerton.<\/p>\n\n\n\n<p>El avi\u00f3n se estrell\u00f3 alrededor de las 14:00 hora local cerca del Aeropuerto Municipal de Fullerton, un aeropuerto de aviaci\u00f3n general en el condado de Orange que se encuentra a unos 10 kil\u00f3metros de Disneyland, en el sur de Los \u00c1ngeles.<\/p>\n\n\n\n<blockquote class=\"twitter-tweet\"><p lang=\"en\" dir=\"ltr\">Active Investigation Update:<br><br>Police and Fire personnel continue to investigate. Nine individuals have been transported and six individuals were treated and released on scene. There is one confirmed fatality. Updates to follow. <a href=\"https:\/\/t.co\/ECg9IiqDVm\">https:\/\/t.co\/ECg9IiqDVm<\/a><\/p>&mdash; Fullerton PD (@FPDPIO) <a href=\"https:\/\/twitter.com\/FPDPIO\/status\/1874966378954043538?ref_src=twsrc%5Etfw\">January 2, 2025<\/a><\/blockquote> <script async src=\"https:\/\/platform.twitter.com\/widgets.js\" charset=\"utf-8\"><\/script>\n\n\n\n<p>En im\u00e1genes difundidas por el canal de televisi\u00f3n KABC-TV puede verse una columna de humo negro saliendo de un agujero en el techo de uno de los varios almacenes del distrito comercial.<\/p>\n\n\n\n<p>Los equipos de socorro se han desplazado a la zona para reforzar las labores de rescate mientras se investigan las causas del accidente.<\/p>\n\n\n\n<p>Por el momento se desconoce el tipo de avi\u00f3n que sufri\u00f3 el accidente as\u00ed como la identidad de las v\u00edctimas del suceso.<\/p>\n\n\n\n<blockquote class=\"twitter-tweet\"><p lang=\"es\" dir=\"ltr\">\ud83c\uddfa\ud83c\uddf8 | AHORA: Una avioneta se estrell\u00f3 contra un almac\u00e9n en Fullerton, California. <a href=\"https:\/\/t.co\/ciHlpRTV0L\">pic.twitter.com\/ciHlpRTV0L<\/a><\/p>&mdash; Guillermo Ortega Ruiz (@GOrtegaRuiz) <a href=\"https:\/\/twitter.com\/GOrtegaRuiz\/status\/1874957575441260724?ref_src=twsrc%5Etfw\">January 2, 2025<\/a><\/blockquote> <script async src=\"https:\/\/platform.twitter.com\/widgets.js\" charset=\"utf-8\"><\/script>\n\n\n\n<p><\/p>\n","protected":false},"excerpt":{"rendered":"<p>Tras el accidente, 15 personas resultaron heridas en el almac\u00e9n que estaba cerca del Aeropuerto Municipal de Fullerton Al menos una persona muri\u00f3 y otras 15 resultaron heridas este jueves al estrellarse una avioneta contra el techo de un edificio comercial en Fullerton, en el estado de California, informaron las autoridades. \u201cNueve individuos han sido [&hellip;]<\/p>\n","protected":false},"author":22,"featured_media":98426,"comment_status":"open","ping_status":"open","sticky":false,"template":"","format":"standard","meta":{"tdm_status":"","tdm_grid_status":"","footnotes":""},"categories":[39],"tags":[],"class_list":{"0":"post-98425","1":"post","2":"type-post","3":"status-publish","4":"format-standard","5":"has-post-thumbnail","7":"category-noticias-nacionales"},"yoast_head":"<!-- This site is optimized with the Yoast SEO plugin v27.5 - https:\/\/yoast.com\/product\/yoast-seo-wordpress\/ -->\n<title>VIDEO | Avioneta se estrella contra almac\u00e9n en California y deja un muerto - Fuentes Fidedignas<\/title>\n<meta name=\"robots\" content=\"index, follow, max-snippet:-1, max-image-preview:large, max-video-preview:-1\" \/>\n<link rel=\"canonical\" href=\"https:\/\/fuentesfidedignas.com.mx\/index.php\/2025\/01\/02\/video-avioneta-se-estrella-contra-almacen-en-california-y-deja-un-muerto\/\" \/>\n<meta property=\"og:locale\" content=\"es_MX\" \/>\n<meta property=\"og:type\" content=\"article\" \/>\n<meta property=\"og:title\" content=\"VIDEO | Avioneta se estrella contra almac\u00e9n en California y deja un muerto - Fuentes Fidedignas\" \/>\n<meta property=\"og:description\" content=\"Tras el accidente, 15 personas resultaron heridas en el almac\u00e9n que estaba cerca del Aeropuerto Municipal de Fullerton Al menos una persona muri\u00f3 y otras 15 resultaron heridas este jueves al estrellarse una avioneta contra el techo de un edificio comercial en Fullerton, en el estado de California, informaron las autoridades. \u201cNueve individuos han sido [&hellip;]\" \/>\n<meta property=\"og:url\" content=\"https:\/\/fuentesfidedignas.com.mx\/index.php\/2025\/01\/02\/video-avioneta-se-estrella-contra-almacen-en-california-y-deja-un-muerto\/\" \/>\n<meta property=\"og:site_name\" content=\"Fuentes Fidedignas\" \/>\n<meta property=\"article:publisher\" content=\"https:\/\/www.facebook.com\/Fuentes-Fidedignas-368234489921644\" \/>\n<meta property=\"article:published_time\" content=\"2025-01-03T02:13:11+00:00\" \/>\n<meta property=\"article:modified_time\" content=\"2025-01-03T02:13:14+00:00\" \/>\n<meta property=\"og:image\" content=\"https:\/\/fuentesfidedignas.com.mx\/wp-content\/uploads\/2025\/01\/avioneta_CA.jpg\" \/>\n\t<meta property=\"og:image:width\" content=\"600\" \/>\n\t<meta property=\"og:image:height\" content=\"416\" \/>\n\t<meta property=\"og:image:type\" content=\"image\/jpeg\" \/>\n<meta name=\"author\" content=\"EFE\" \/>\n<meta name=\"twitter:card\" content=\"summary_large_image\" \/>\n<meta name=\"twitter:creator\" content=\"@fidedignas\" \/>\n<meta name=\"twitter:site\" content=\"@fidedignas\" \/>\n<meta name=\"twitter:label1\" content=\"Escrito por\" \/>\n\t<meta name=\"twitter:data1\" content=\"EFE\" \/>\n\t<meta name=\"twitter:label2\" content=\"Tiempo de lectura\" \/>\n\t<meta name=\"twitter:data2\" content=\"2 minutos\" \/>\n<script type=\"application\/ld+json\" class=\"yoast-schema-graph\">{\"@context\":\"https:\\\/\\\/schema.org\",\"@graph\":[{\"@type\":\"Article\",\"@id\":\"https:\\\/\\\/fuentesfidedignas.com.mx\\\/index.php\\\/2025\\\/01\\\/02\\\/video-avioneta-se-estrella-contra-almacen-en-california-y-deja-un-muerto\\\/#article\",\"isPartOf\":{\"@id\":\"https:\\\/\\\/fuentesfidedignas.com.mx\\\/index.php\\\/2025\\\/01\\\/02\\\/video-avioneta-se-estrella-contra-almacen-en-california-y-deja-un-muerto\\\/\"},\"author\":{\"name\":\"EFE\",\"@id\":\"https:\\\/\\\/fuentesfidedignas.com.mx\\\/#\\\/schema\\\/person\\\/0d44615087b5a626d5d3f13afe31ac41\"},\"headline\":\"VIDEO | Avioneta se estrella contra almac\u00e9n en California y deja un muerto\",\"datePublished\":\"2025-01-03T02:13:11+00:00\",\"dateModified\":\"2025-01-03T02:13:14+00:00\",\"mainEntityOfPage\":{\"@id\":\"https:\\\/\\\/fuentesfidedignas.com.mx\\\/index.php\\\/2025\\\/01\\\/02\\\/video-avioneta-se-estrella-contra-almacen-en-california-y-deja-un-muerto\\\/\"},\"wordCount\":282,\"commentCount\":0,\"publisher\":{\"@id\":\"https:\\\/\\\/fuentesfidedignas.com.mx\\\/#organization\"},\"image\":{\"@id\":\"https:\\\/\\\/fuentesfidedignas.com.mx\\\/index.php\\\/2025\\\/01\\\/02\\\/video-avioneta-se-estrella-contra-almacen-en-california-y-deja-un-muerto\\\/#primaryimage\"},\"thumbnailUrl\":\"https:\\\/\\\/fuentesfidedignas.com.mx\\\/wp-content\\\/uploads\\\/2025\\\/01\\\/avioneta_CA.jpg\",\"articleSection\":[\"NOTICIAS NACIONALES\"],\"inLanguage\":\"es\",\"potentialAction\":[{\"@type\":\"CommentAction\",\"name\":\"Comment\",\"target\":[\"https:\\\/\\\/fuentesfidedignas.com.mx\\\/index.php\\\/2025\\\/01\\\/02\\\/video-avioneta-se-estrella-contra-almacen-en-california-y-deja-un-muerto\\\/#respond\"]}]},{\"@type\":\"WebPage\",\"@id\":\"https:\\\/\\\/fuentesfidedignas.com.mx\\\/index.php\\\/2025\\\/01\\\/02\\\/video-avioneta-se-estrella-contra-almacen-en-california-y-deja-un-muerto\\\/\",\"url\":\"https:\\\/\\\/fuentesfidedignas.com.mx\\\/index.php\\\/2025\\\/01\\\/02\\\/video-avioneta-se-estrella-contra-almacen-en-california-y-deja-un-muerto\\\/\",\"name\":\"VIDEO | Avioneta se estrella contra almac\u00e9n en California y deja un muerto - Fuentes Fidedignas\",\"isPartOf\":{\"@id\":\"https:\\\/\\\/fuentesfidedignas.com.mx\\\/#website\"},\"primaryImageOfPage\":{\"@id\":\"https:\\\/\\\/fuentesfidedignas.com.mx\\\/index.php\\\/2025\\\/01\\\/02\\\/video-avioneta-se-estrella-contra-almacen-en-california-y-deja-un-muerto\\\/#primaryimage\"},\"image\":{\"@id\":\"https:\\\/\\\/fuentesfidedignas.com.mx\\\/index.php\\\/2025\\\/01\\\/02\\\/video-avioneta-se-estrella-contra-almacen-en-california-y-deja-un-muerto\\\/#primaryimage\"},\"thumbnailUrl\":\"https:\\\/\\\/fuentesfidedignas.com.mx\\\/wp-content\\\/uploads\\\/2025\\\/01\\\/avioneta_CA.jpg\",\"datePublished\":\"2025-01-03T02:13:11+00:00\",\"dateModified\":\"2025-01-03T02:13:14+00:00\",\"breadcrumb\":{\"@id\":\"https:\\\/\\\/fuentesfidedignas.com.mx\\\/index.php\\\/2025\\\/01\\\/02\\\/video-avioneta-se-estrella-contra-almacen-en-california-y-deja-un-muerto\\\/#breadcrumb\"},\"inLanguage\":\"es\",\"potentialAction\":[{\"@type\":\"ReadAction\",\"target\":[\"https:\\\/\\\/fuentesfidedignas.com.mx\\\/index.php\\\/2025\\\/01\\\/02\\\/video-avioneta-se-estrella-contra-almacen-en-california-y-deja-un-muerto\\\/\"]}]},{\"@type\":\"ImageObject\",\"inLanguage\":\"es\",\"@id\":\"https:\\\/\\\/fuentesfidedignas.com.mx\\\/index.php\\\/2025\\\/01\\\/02\\\/video-avioneta-se-estrella-contra-almacen-en-california-y-deja-un-muerto\\\/#primaryimage\",\"url\":\"https:\\\/\\\/fuentesfidedignas.com.mx\\\/wp-content\\\/uploads\\\/2025\\\/01\\\/avioneta_CA.jpg\",\"contentUrl\":\"https:\\\/\\\/fuentesfidedignas.com.mx\\\/wp-content\\\/uploads\\\/2025\\\/01\\\/avioneta_CA.jpg\",\"width\":600,\"height\":416},{\"@type\":\"BreadcrumbList\",\"@id\":\"https:\\\/\\\/fuentesfidedignas.com.mx\\\/index.php\\\/2025\\\/01\\\/02\\\/video-avioneta-se-estrella-contra-almacen-en-california-y-deja-un-muerto\\\/#breadcrumb\",\"itemListElement\":[{\"@type\":\"ListItem\",\"position\":1,\"name\":\"Inicio\",\"item\":\"https:\\\/\\\/fuentesfidedignas.com.mx\\\/\"},{\"@type\":\"ListItem\",\"position\":2,\"name\":\"VIDEO | Avioneta se estrella contra almac\u00e9n en California y deja un muerto\"}]},{\"@type\":\"WebSite\",\"@id\":\"https:\\\/\\\/fuentesfidedignas.com.mx\\\/#website\",\"url\":\"https:\\\/\\\/fuentesfidedignas.com.mx\\\/\",\"name\":\"Fuentes Fidedignas\",\"description\":\"Otro sitio realizado con WordPress\",\"publisher\":{\"@id\":\"https:\\\/\\\/fuentesfidedignas.com.mx\\\/#organization\"},\"potentialAction\":[{\"@type\":\"SearchAction\",\"target\":{\"@type\":\"EntryPoint\",\"urlTemplate\":\"https:\\\/\\\/fuentesfidedignas.com.mx\\\/?s={search_term_string}\"},\"query-input\":{\"@type\":\"PropertyValueSpecification\",\"valueRequired\":true,\"valueName\":\"search_term_string\"}}],\"inLanguage\":\"es\"},{\"@type\":\"Organization\",\"@id\":\"https:\\\/\\\/fuentesfidedignas.com.mx\\\/#organization\",\"name\":\"Fuentes Fidedignas\",\"url\":\"https:\\\/\\\/fuentesfidedignas.com.mx\\\/\",\"logo\":{\"@type\":\"ImageObject\",\"inLanguage\":\"es\",\"@id\":\"https:\\\/\\\/fuentesfidedignas.com.mx\\\/#\\\/schema\\\/logo\\\/image\\\/\",\"url\":\"https:\\\/\\\/fuentesfidedignas.com.mx\\\/wp-content\\\/uploads\\\/2021\\\/04\\\/logo-retina.png\",\"contentUrl\":\"https:\\\/\\\/fuentesfidedignas.com.mx\\\/wp-content\\\/uploads\\\/2021\\\/04\\\/logo-retina.png\",\"width\":280,\"height\":51,\"caption\":\"Fuentes Fidedignas\"},\"image\":{\"@id\":\"https:\\\/\\\/fuentesfidedignas.com.mx\\\/#\\\/schema\\\/logo\\\/image\\\/\"},\"sameAs\":[\"https:\\\/\\\/www.facebook.com\\\/Fuentes-Fidedignas-368234489921644\",\"https:\\\/\\\/x.com\\\/fidedignas\"]},{\"@type\":\"Person\",\"@id\":\"https:\\\/\\\/fuentesfidedignas.com.mx\\\/#\\\/schema\\\/person\\\/0d44615087b5a626d5d3f13afe31ac41\",\"name\":\"EFE\",\"image\":{\"@type\":\"ImageObject\",\"inLanguage\":\"es\",\"@id\":\"https:\\\/\\\/secure.gravatar.com\\\/avatar\\\/7048c2d9b569d9bed55bb53ad23821e6e047aa66338fb6ea9868627bbb9f54e8?s=96&d=mm&r=g\",\"url\":\"https:\\\/\\\/secure.gravatar.com\\\/avatar\\\/7048c2d9b569d9bed55bb53ad23821e6e047aa66338fb6ea9868627bbb9f54e8?s=96&d=mm&r=g\",\"contentUrl\":\"https:\\\/\\\/secure.gravatar.com\\\/avatar\\\/7048c2d9b569d9bed55bb53ad23821e6e047aa66338fb6ea9868627bbb9f54e8?s=96&d=mm&r=g\",\"caption\":\"EFE\"},\"url\":\"https:\\\/\\\/fuentesfidedignas.com.mx\\\/index.php\\\/author\\\/efe\\\/\"}]}<\/script>\n<!-- \/ Yoast SEO plugin. -->","yoast_head_json":{"title":"VIDEO | Avioneta se estrella contra almac\u00e9n en California y deja un muerto - Fuentes Fidedignas","robots":{"index":"index","follow":"follow","max-snippet":"max-snippet:-1","max-image-preview":"max-image-preview:large","max-video-preview":"max-video-preview:-1"},"canonical":"https:\/\/fuentesfidedignas.com.mx\/index.php\/2025\/01\/02\/video-avioneta-se-estrella-contra-almacen-en-california-y-deja-un-muerto\/","og_locale":"es_MX","og_type":"article","og_title":"VIDEO | Avioneta se estrella contra almac\u00e9n en California y deja un muerto - Fuentes Fidedignas","og_description":"Tras el accidente, 15 personas resultaron heridas en el almac\u00e9n que estaba cerca del Aeropuerto Municipal de Fullerton Al menos una persona muri\u00f3 y otras 15 resultaron heridas este jueves al estrellarse una avioneta contra el techo de un edificio comercial en Fullerton, en el estado de California, informaron las autoridades. \u201cNueve individuos han sido [&hellip;]","og_url":"https:\/\/fuentesfidedignas.com.mx\/index.php\/2025\/01\/02\/video-avioneta-se-estrella-contra-almacen-en-california-y-deja-un-muerto\/","og_site_name":"Fuentes Fidedignas","article_publisher":"https:\/\/www.facebook.com\/Fuentes-Fidedignas-368234489921644","article_published_time":"2025-01-03T02:13:11+00:00","article_modified_time":"2025-01-03T02:13:14+00:00","og_image":[{"width":600,"height":416,"url":"https:\/\/fuentesfidedignas.com.mx\/wp-content\/uploads\/2025\/01\/avioneta_CA.jpg","type":"image\/jpeg"}],"author":"EFE","twitter_card":"summary_large_image","twitter_creator":"@fidedignas","twitter_site":"@fidedignas","twitter_misc":{"Escrito por":"EFE","Tiempo de lectura":"2 minutos"},"schema":{"@context":"https:\/\/schema.org","@graph":[{"@type":"Article","@id":"https:\/\/fuentesfidedignas.com.mx\/index.php\/2025\/01\/02\/video-avioneta-se-estrella-contra-almacen-en-california-y-deja-un-muerto\/#article","isPartOf":{"@id":"https:\/\/fuentesfidedignas.com.mx\/index.php\/2025\/01\/02\/video-avioneta-se-estrella-contra-almacen-en-california-y-deja-un-muerto\/"},"author":{"name":"EFE","@id":"https:\/\/fuentesfidedignas.com.mx\/#\/schema\/person\/0d44615087b5a626d5d3f13afe31ac41"},"headline":"VIDEO | Avioneta se estrella contra almac\u00e9n en California y deja un muerto","datePublished":"2025-01-03T02:13:11+00:00","dateModified":"2025-01-03T02:13:14+00:00","mainEntityOfPage":{"@id":"https:\/\/fuentesfidedignas.com.mx\/index.php\/2025\/01\/02\/video-avioneta-se-estrella-contra-almacen-en-california-y-deja-un-muerto\/"},"wordCount":282,"commentCount":0,"publisher":{"@id":"https:\/\/fuentesfidedignas.com.mx\/#organization"},"image":{"@id":"https:\/\/fuentesfidedignas.com.mx\/index.php\/2025\/01\/02\/video-avioneta-se-estrella-contra-almacen-en-california-y-deja-un-muerto\/#primaryimage"},"thumbnailUrl":"https:\/\/fuentesfidedignas.com.mx\/wp-content\/uploads\/2025\/01\/avioneta_CA.jpg","articleSection":["NOTICIAS NACIONALES"],"inLanguage":"es","potentialAction":[{"@type":"CommentAction","name":"Comment","target":["https:\/\/fuentesfidedignas.com.mx\/index.php\/2025\/01\/02\/video-avioneta-se-estrella-contra-almacen-en-california-y-deja-un-muerto\/#respond"]}]},{"@type":"WebPage","@id":"https:\/\/fuentesfidedignas.com.mx\/index.php\/2025\/01\/02\/video-avioneta-se-estrella-contra-almacen-en-california-y-deja-un-muerto\/","url":"https:\/\/fuentesfidedignas.com.mx\/index.php\/2025\/01\/02\/video-avioneta-se-estrella-contra-almacen-en-california-y-deja-un-muerto\/","name":"VIDEO | Avioneta se estrella contra almac\u00e9n en California y deja un muerto - Fuentes Fidedignas","isPartOf":{"@id":"https:\/\/fuentesfidedignas.com.mx\/#website"},"primaryImageOfPage":{"@id":"https:\/\/fuentesfidedignas.com.mx\/index.php\/2025\/01\/02\/video-avioneta-se-estrella-contra-almacen-en-california-y-deja-un-muerto\/#primaryimage"},"image":{"@id":"https:\/\/fuentesfidedignas.com.mx\/index.php\/2025\/01\/02\/video-avioneta-se-estrella-contra-almacen-en-california-y-deja-un-muerto\/#primaryimage"},"thumbnailUrl":"https:\/\/fuentesfidedignas.com.mx\/wp-content\/uploads\/2025\/01\/avioneta_CA.jpg","datePublished":"2025-01-03T02:13:11+00:00","dateModified":"2025-01-03T02:13:14+00:00","breadcrumb":{"@id":"https:\/\/fuentesfidedignas.com.mx\/index.php\/2025\/01\/02\/video-avioneta-se-estrella-contra-almacen-en-california-y-deja-un-muerto\/#breadcrumb"},"inLanguage":"es","potentialAction":[{"@type":"ReadAction","target":["https:\/\/fuentesfidedignas.com.mx\/index.php\/2025\/01\/02\/video-avioneta-se-estrella-contra-almacen-en-california-y-deja-un-muerto\/"]}]},{"@type":"ImageObject","inLanguage":"es","@id":"https:\/\/fuentesfidedignas.com.mx\/index.php\/2025\/01\/02\/video-avioneta-se-estrella-contra-almacen-en-california-y-deja-un-muerto\/#primaryimage","url":"https:\/\/fuentesfidedignas.com.mx\/wp-content\/uploads\/2025\/01\/avioneta_CA.jpg","contentUrl":"https:\/\/fuentesfidedignas.com.mx\/wp-content\/uploads\/2025\/01\/avioneta_CA.jpg","width":600,"height":416},{"@type":"BreadcrumbList","@id":"https:\/\/fuentesfidedignas.com.mx\/index.php\/2025\/01\/02\/video-avioneta-se-estrella-contra-almacen-en-california-y-deja-un-muerto\/#breadcrumb","itemListElement":[{"@type":"ListItem","position":1,"name":"Inicio","item":"https:\/\/fuentesfidedignas.com.mx\/"},{"@type":"ListItem","position":2,"name":"VIDEO | Avioneta se estrella contra almac\u00e9n en California y deja un muerto"}]},{"@type":"WebSite","@id":"https:\/\/fuentesfidedignas.com.mx\/#website","url":"https:\/\/fuentesfidedignas.com.mx\/","name":"Fuentes Fidedignas","description":"Otro sitio realizado con WordPress","publisher":{"@id":"https:\/\/fuentesfidedignas.com.mx\/#organization"},"potentialAction":[{"@type":"SearchAction","target":{"@type":"EntryPoint","urlTemplate":"https:\/\/fuentesfidedignas.com.mx\/?s={search_term_string}"},"query-input":{"@type":"PropertyValueSpecification","valueRequired":true,"valueName":"search_term_string"}}],"inLanguage":"es"},{"@type":"Organization","@id":"https:\/\/fuentesfidedignas.com.mx\/#organization","name":"Fuentes Fidedignas","url":"https:\/\/fuentesfidedignas.com.mx\/","logo":{"@type":"ImageObject","inLanguage":"es","@id":"https:\/\/fuentesfidedignas.com.mx\/#\/schema\/logo\/image\/","url":"https:\/\/fuentesfidedignas.com.mx\/wp-content\/uploads\/2021\/04\/logo-retina.png","contentUrl":"https:\/\/fuentesfidedignas.com.mx\/wp-content\/uploads\/2021\/04\/logo-retina.png","width":280,"height":51,"caption":"Fuentes Fidedignas"},"image":{"@id":"https:\/\/fuentesfidedignas.com.mx\/#\/schema\/logo\/image\/"},"sameAs":["https:\/\/www.facebook.com\/Fuentes-Fidedignas-368234489921644","https:\/\/x.com\/fidedignas"]},{"@type":"Person","@id":"https:\/\/fuentesfidedignas.com.mx\/#\/schema\/person\/0d44615087b5a626d5d3f13afe31ac41","name":"EFE","image":{"@type":"ImageObject","inLanguage":"es","@id":"https:\/\/secure.gravatar.com\/avatar\/7048c2d9b569d9bed55bb53ad23821e6e047aa66338fb6ea9868627bbb9f54e8?s=96&d=mm&r=g","url":"https:\/\/secure.gravatar.com\/avatar\/7048c2d9b569d9bed55bb53ad23821e6e047aa66338fb6ea9868627bbb9f54e8?s=96&d=mm&r=g","contentUrl":"https:\/\/secure.gravatar.com\/avatar\/7048c2d9b569d9bed55bb53ad23821e6e047aa66338fb6ea9868627bbb9f54e8?s=96&d=mm&r=g","caption":"EFE"},"url":"https:\/\/fuentesfidedignas.com.mx\/index.php\/author\/efe\/"}]}},"_links":{"self":[{"href":"https:\/\/fuentesfidedignas.com.mx\/index.php\/wp-json\/wp\/v2\/posts\/98425","targetHints":{"allow":["GET"]}}],"collection":[{"href":"https:\/\/fuentesfidedignas.com.mx\/index.php\/wp-json\/wp\/v2\/posts"}],"about":[{"href":"https:\/\/fuentesfidedignas.com.mx\/index.php\/wp-json\/wp\/v2\/types\/post"}],"author":[{"embeddable":true,"href":"https:\/\/fuentesfidedignas.com.mx\/index.php\/wp-json\/wp\/v2\/users\/22"}],"replies":[{"embeddable":true,"href":"https:\/\/fuentesfidedignas.com.mx\/index.php\/wp-json\/wp\/v2\/comments?post=98425"}],"version-history":[{"count":1,"href":"https:\/\/fuentesfidedignas.com.mx\/index.php\/wp-json\/wp\/v2\/posts\/98425\/revisions"}],"predecessor-version":[{"id":98427,"href":"https:\/\/fuentesfidedignas.com.mx\/index.php\/wp-json\/wp\/v2\/posts\/98425\/revisions\/98427"}],"wp:featuredmedia":[{"embeddable":true,"href":"https:\/\/fuentesfidedignas.com.mx\/index.php\/wp-json\/wp\/v2\/media\/98426"}],"wp:attachment":[{"href":"https:\/\/fuentesfidedignas.com.mx\/index.php\/wp-json\/wp\/v2\/media?parent=98425"}],"wp:term":[{"taxonomy":"category","embeddable":true,"href":"https:\/\/fuentesfidedignas.com.mx\/index.php\/wp-json\/wp\/v2\/categories?post=98425"},{"taxonomy":"post_tag","embeddable":true,"href":"https:\/\/fuentesfidedignas.com.mx\/index.php\/wp-json\/wp\/v2\/tags?post=98425"}],"curies":[{"name":"wp","href":"https:\/\/api.w.org\/{rel}","templated":true}]}}