{"id":98365,"date":"2025-01-02T04:16:00","date_gmt":"2025-01-02T11:16:00","guid":{"rendered":"https:\/\/fuentesfidedignas.com.mx\/?p=98365"},"modified":"2025-01-02T08:20:46","modified_gmt":"2025-01-02T15:20:46","slug":"murio-claudia-baccarinni-la-mujer-mas-anciana-de-italia-a-los-114-anos","status":"publish","type":"post","link":"https:\/\/fuentesfidedignas.com.mx\/index.php\/2025\/01\/02\/murio-claudia-baccarinni-la-mujer-mas-anciana-de-italia-a-los-114-anos\/","title":{"rendered":"Muri\u00f3 Claudia Baccarinni, la mujer m\u00e1s anciana de Italia, a los 114 a\u00f1os"},"content":{"rendered":"\n<p><strong><em>Baccarini muri\u00f3 &#8220;serenamente&#8221; en Noche Buena, as\u00ed lo confirm\u00f3 el alcalde de su localidad.<\/em><\/strong><\/p>\n\n\n\n<p>La mujer m\u00e1s longeva de Italia, Claudia Baccarinni, ha fallecido a la edad de 114 a\u00f1os en su localidad natal, Faenza (norte), seg\u00fan declar\u00f3 este viernes en un comunicado el alcalde de esa poblaci\u00f3n, Massimo Isola.<\/p>\n\n\n\n<p>Baccarini muri\u00f3 &#8220;serenamente&#8221; el pasado 24 de diciembre tras una vida de 114 a\u00f1os y 72 d\u00edas de vida.<\/p>\n\n\n\n<p>&#8220;En nombre de la ciudad, del ayuntamiento y a t\u00edtulo personal, expreso el m\u00e1s sentido p\u00e9same a todos quienes la quer\u00edan y a su familia. La se\u00f1ora Claudia fue uno de nuestros s\u00edmbolos, testimonio valioso de nuestra historia colectiva&#8221;, escribi\u00f3 el regidor en Facebook.<\/p>\n\n\n\n<p>Baccarini naci\u00f3 en Faenza el 13 de octubre de 1910 y tuvo diez hijos de su matrimonio con Pietro Baldi, quien fue alcalde de esta ciudad entre 1951 y 1956, seg\u00fan informan los medios locales.<\/p>\n\n\n\n<p>Con su fallecimiento, la mujer m\u00e1s longeva actualmente viva es Lucia Laura Sangenito, de 114 a\u00f1os y 35 d\u00edas de vida, natural de Stuno (sur).<\/p>\n\n\n\n<iframe loading=\"lazy\" src=\"https:\/\/www.facebook.com\/plugins\/post.php?href=https%3A%2F%2Fwww.facebook.com%2Fmassimoisolasindaco%2Fposts%2Fpfbid02QJJktdMyB1v67ohuJZccfdcFtFHHCddc68WwgzbfW35KmJr8LpY2cEvYEjs63ZXAl&#038;show_text=true&#038;width=500\" width=\"500\" height=\"588\" style=\"border:none;overflow:hidden\" scrolling=\"no\" frameborder=\"0\" allowfullscreen=\"true\" allow=\"autoplay; clipboard-write; encrypted-media; picture-in-picture; web-share\"><\/iframe>\n\n\n\n<p>Italia es el pa\u00eds m\u00e1s envejecido de Europa, con una media de edad de 48,4 a\u00f1os, seg\u00fan Eurostat.<\/p>\n\n\n\n<p>Las personas que superan el centenario en Italia ascienden a 22.552 y el 81 % son mujeres, de acuerdo a un informe del 1 de enero de 2024 del Instituto Nacional de Estad\u00edstica (Istat).<\/p>\n\n\n\n<p>Esto revela que en una d\u00e9cada, las personas que han superado el siglo de vida han aumentado en un 30 %, ya que en 2014 eran 17.252, indica el Istat.<\/p>\n","protected":false},"excerpt":{"rendered":"<p>Baccarini muri\u00f3 &#8220;serenamente&#8221; en Noche Buena, as\u00ed lo confirm\u00f3 el alcalde de su localidad. La mujer m\u00e1s longeva de Italia, Claudia Baccarinni, ha fallecido a la edad de 114 a\u00f1os en su localidad natal, Faenza (norte), seg\u00fan declar\u00f3 este viernes en un comunicado el alcalde de esa poblaci\u00f3n, Massimo Isola. Baccarini muri\u00f3 &#8220;serenamente&#8221; el pasado [&hellip;]<\/p>\n","protected":false},"author":9,"featured_media":98366,"comment_status":"open","ping_status":"open","sticky":false,"template":"","format":"standard","meta":{"tdm_status":"","tdm_grid_status":"","footnotes":""},"categories":[40],"tags":[],"class_list":{"0":"post-98365","1":"post","2":"type-post","3":"status-publish","4":"format-standard","5":"has-post-thumbnail","7":"category-las-asombrosas"},"yoast_head":"<!-- This site is optimized with the Yoast SEO plugin v27.5 - https:\/\/yoast.com\/product\/yoast-seo-wordpress\/ -->\n<title>Muri\u00f3 Claudia Baccarinni, la mujer m\u00e1s anciana de Italia, a los 114 a\u00f1os - Fuentes Fidedignas<\/title>\n<meta name=\"robots\" content=\"index, follow, max-snippet:-1, max-image-preview:large, max-video-preview:-1\" \/>\n<link rel=\"canonical\" href=\"https:\/\/fuentesfidedignas.com.mx\/index.php\/2025\/01\/02\/murio-claudia-baccarinni-la-mujer-mas-anciana-de-italia-a-los-114-anos\/\" \/>\n<meta property=\"og:locale\" content=\"es_MX\" \/>\n<meta property=\"og:type\" content=\"article\" \/>\n<meta property=\"og:title\" content=\"Muri\u00f3 Claudia Baccarinni, la mujer m\u00e1s anciana de Italia, a los 114 a\u00f1os - Fuentes Fidedignas\" \/>\n<meta property=\"og:description\" content=\"Baccarini muri\u00f3 &#8220;serenamente&#8221; en Noche Buena, as\u00ed lo confirm\u00f3 el alcalde de su localidad. La mujer m\u00e1s longeva de Italia, Claudia Baccarinni, ha fallecido a la edad de 114 a\u00f1os en su localidad natal, Faenza (norte), seg\u00fan declar\u00f3 este viernes en un comunicado el alcalde de esa poblaci\u00f3n, Massimo Isola. Baccarini muri\u00f3 &#8220;serenamente&#8221; el pasado [&hellip;]\" \/>\n<meta property=\"og:url\" content=\"https:\/\/fuentesfidedignas.com.mx\/index.php\/2025\/01\/02\/murio-claudia-baccarinni-la-mujer-mas-anciana-de-italia-a-los-114-anos\/\" \/>\n<meta property=\"og:site_name\" content=\"Fuentes Fidedignas\" \/>\n<meta property=\"article:publisher\" content=\"https:\/\/www.facebook.com\/Fuentes-Fidedignas-368234489921644\" \/>\n<meta property=\"article:published_time\" content=\"2025-01-02T11:16:00+00:00\" \/>\n<meta property=\"article:modified_time\" content=\"2025-01-02T15:20:46+00:00\" \/>\n<meta property=\"og:image\" content=\"https:\/\/fuentesfidedignas.com.mx\/wp-content\/uploads\/2025\/01\/anciana-de-italia.jpg\" \/>\n\t<meta property=\"og:image:width\" content=\"600\" \/>\n\t<meta property=\"og:image:height\" content=\"379\" \/>\n\t<meta property=\"og:image:type\" content=\"image\/jpeg\" \/>\n<meta name=\"author\" content=\"Milenio\" \/>\n<meta name=\"twitter:card\" content=\"summary_large_image\" \/>\n<meta name=\"twitter:creator\" content=\"@fidedignas\" \/>\n<meta name=\"twitter:site\" content=\"@fidedignas\" \/>\n<meta name=\"twitter:label1\" content=\"Escrito por\" \/>\n\t<meta name=\"twitter:data1\" content=\"Milenio\" \/>\n\t<meta name=\"twitter:label2\" content=\"Tiempo de lectura\" \/>\n\t<meta name=\"twitter:data2\" content=\"2 minutos\" \/>\n<script type=\"application\/ld+json\" class=\"yoast-schema-graph\">{\"@context\":\"https:\\\/\\\/schema.org\",\"@graph\":[{\"@type\":\"Article\",\"@id\":\"https:\\\/\\\/fuentesfidedignas.com.mx\\\/index.php\\\/2025\\\/01\\\/02\\\/murio-claudia-baccarinni-la-mujer-mas-anciana-de-italia-a-los-114-anos\\\/#article\",\"isPartOf\":{\"@id\":\"https:\\\/\\\/fuentesfidedignas.com.mx\\\/index.php\\\/2025\\\/01\\\/02\\\/murio-claudia-baccarinni-la-mujer-mas-anciana-de-italia-a-los-114-anos\\\/\"},\"author\":{\"name\":\"Milenio\",\"@id\":\"https:\\\/\\\/fuentesfidedignas.com.mx\\\/#\\\/schema\\\/person\\\/47ec0135738f4b0c7495f06a77a2c976\"},\"headline\":\"Muri\u00f3 Claudia Baccarinni, la mujer m\u00e1s anciana de Italia, a los 114 a\u00f1os\",\"datePublished\":\"2025-01-02T11:16:00+00:00\",\"dateModified\":\"2025-01-02T15:20:46+00:00\",\"mainEntityOfPage\":{\"@id\":\"https:\\\/\\\/fuentesfidedignas.com.mx\\\/index.php\\\/2025\\\/01\\\/02\\\/murio-claudia-baccarinni-la-mujer-mas-anciana-de-italia-a-los-114-anos\\\/\"},\"wordCount\":271,\"commentCount\":0,\"publisher\":{\"@id\":\"https:\\\/\\\/fuentesfidedignas.com.mx\\\/#organization\"},\"image\":{\"@id\":\"https:\\\/\\\/fuentesfidedignas.com.mx\\\/index.php\\\/2025\\\/01\\\/02\\\/murio-claudia-baccarinni-la-mujer-mas-anciana-de-italia-a-los-114-anos\\\/#primaryimage\"},\"thumbnailUrl\":\"https:\\\/\\\/fuentesfidedignas.com.mx\\\/wp-content\\\/uploads\\\/2025\\\/01\\\/anciana-de-italia.jpg\",\"articleSection\":[\"LAS ASOMBROSAS\"],\"inLanguage\":\"es\",\"potentialAction\":[{\"@type\":\"CommentAction\",\"name\":\"Comment\",\"target\":[\"https:\\\/\\\/fuentesfidedignas.com.mx\\\/index.php\\\/2025\\\/01\\\/02\\\/murio-claudia-baccarinni-la-mujer-mas-anciana-de-italia-a-los-114-anos\\\/#respond\"]}]},{\"@type\":\"WebPage\",\"@id\":\"https:\\\/\\\/fuentesfidedignas.com.mx\\\/index.php\\\/2025\\\/01\\\/02\\\/murio-claudia-baccarinni-la-mujer-mas-anciana-de-italia-a-los-114-anos\\\/\",\"url\":\"https:\\\/\\\/fuentesfidedignas.com.mx\\\/index.php\\\/2025\\\/01\\\/02\\\/murio-claudia-baccarinni-la-mujer-mas-anciana-de-italia-a-los-114-anos\\\/\",\"name\":\"Muri\u00f3 Claudia Baccarinni, la mujer m\u00e1s anciana de Italia, a los 114 a\u00f1os - Fuentes Fidedignas\",\"isPartOf\":{\"@id\":\"https:\\\/\\\/fuentesfidedignas.com.mx\\\/#website\"},\"primaryImageOfPage\":{\"@id\":\"https:\\\/\\\/fuentesfidedignas.com.mx\\\/index.php\\\/2025\\\/01\\\/02\\\/murio-claudia-baccarinni-la-mujer-mas-anciana-de-italia-a-los-114-anos\\\/#primaryimage\"},\"image\":{\"@id\":\"https:\\\/\\\/fuentesfidedignas.com.mx\\\/index.php\\\/2025\\\/01\\\/02\\\/murio-claudia-baccarinni-la-mujer-mas-anciana-de-italia-a-los-114-anos\\\/#primaryimage\"},\"thumbnailUrl\":\"https:\\\/\\\/fuentesfidedignas.com.mx\\\/wp-content\\\/uploads\\\/2025\\\/01\\\/anciana-de-italia.jpg\",\"datePublished\":\"2025-01-02T11:16:00+00:00\",\"dateModified\":\"2025-01-02T15:20:46+00:00\",\"breadcrumb\":{\"@id\":\"https:\\\/\\\/fuentesfidedignas.com.mx\\\/index.php\\\/2025\\\/01\\\/02\\\/murio-claudia-baccarinni-la-mujer-mas-anciana-de-italia-a-los-114-anos\\\/#breadcrumb\"},\"inLanguage\":\"es\",\"potentialAction\":[{\"@type\":\"ReadAction\",\"target\":[\"https:\\\/\\\/fuentesfidedignas.com.mx\\\/index.php\\\/2025\\\/01\\\/02\\\/murio-claudia-baccarinni-la-mujer-mas-anciana-de-italia-a-los-114-anos\\\/\"]}]},{\"@type\":\"ImageObject\",\"inLanguage\":\"es\",\"@id\":\"https:\\\/\\\/fuentesfidedignas.com.mx\\\/index.php\\\/2025\\\/01\\\/02\\\/murio-claudia-baccarinni-la-mujer-mas-anciana-de-italia-a-los-114-anos\\\/#primaryimage\",\"url\":\"https:\\\/\\\/fuentesfidedignas.com.mx\\\/wp-content\\\/uploads\\\/2025\\\/01\\\/anciana-de-italia.jpg\",\"contentUrl\":\"https:\\\/\\\/fuentesfidedignas.com.mx\\\/wp-content\\\/uploads\\\/2025\\\/01\\\/anciana-de-italia.jpg\",\"width\":600,\"height\":379},{\"@type\":\"BreadcrumbList\",\"@id\":\"https:\\\/\\\/fuentesfidedignas.com.mx\\\/index.php\\\/2025\\\/01\\\/02\\\/murio-claudia-baccarinni-la-mujer-mas-anciana-de-italia-a-los-114-anos\\\/#breadcrumb\",\"itemListElement\":[{\"@type\":\"ListItem\",\"position\":1,\"name\":\"Inicio\",\"item\":\"https:\\\/\\\/fuentesfidedignas.com.mx\\\/\"},{\"@type\":\"ListItem\",\"position\":2,\"name\":\"Muri\u00f3 Claudia Baccarinni, la mujer m\u00e1s anciana de Italia, a los 114 a\u00f1os\"}]},{\"@type\":\"WebSite\",\"@id\":\"https:\\\/\\\/fuentesfidedignas.com.mx\\\/#website\",\"url\":\"https:\\\/\\\/fuentesfidedignas.com.mx\\\/\",\"name\":\"Fuentes Fidedignas\",\"description\":\"Otro sitio realizado con WordPress\",\"publisher\":{\"@id\":\"https:\\\/\\\/fuentesfidedignas.com.mx\\\/#organization\"},\"potentialAction\":[{\"@type\":\"SearchAction\",\"target\":{\"@type\":\"EntryPoint\",\"urlTemplate\":\"https:\\\/\\\/fuentesfidedignas.com.mx\\\/?s={search_term_string}\"},\"query-input\":{\"@type\":\"PropertyValueSpecification\",\"valueRequired\":true,\"valueName\":\"search_term_string\"}}],\"inLanguage\":\"es\"},{\"@type\":\"Organization\",\"@id\":\"https:\\\/\\\/fuentesfidedignas.com.mx\\\/#organization\",\"name\":\"Fuentes Fidedignas\",\"url\":\"https:\\\/\\\/fuentesfidedignas.com.mx\\\/\",\"logo\":{\"@type\":\"ImageObject\",\"inLanguage\":\"es\",\"@id\":\"https:\\\/\\\/fuentesfidedignas.com.mx\\\/#\\\/schema\\\/logo\\\/image\\\/\",\"url\":\"https:\\\/\\\/fuentesfidedignas.com.mx\\\/wp-content\\\/uploads\\\/2021\\\/04\\\/logo-retina.png\",\"contentUrl\":\"https:\\\/\\\/fuentesfidedignas.com.mx\\\/wp-content\\\/uploads\\\/2021\\\/04\\\/logo-retina.png\",\"width\":280,\"height\":51,\"caption\":\"Fuentes Fidedignas\"},\"image\":{\"@id\":\"https:\\\/\\\/fuentesfidedignas.com.mx\\\/#\\\/schema\\\/logo\\\/image\\\/\"},\"sameAs\":[\"https:\\\/\\\/www.facebook.com\\\/Fuentes-Fidedignas-368234489921644\",\"https:\\\/\\\/x.com\\\/fidedignas\"]},{\"@type\":\"Person\",\"@id\":\"https:\\\/\\\/fuentesfidedignas.com.mx\\\/#\\\/schema\\\/person\\\/47ec0135738f4b0c7495f06a77a2c976\",\"name\":\"Milenio\",\"image\":{\"@type\":\"ImageObject\",\"inLanguage\":\"es\",\"@id\":\"https:\\\/\\\/secure.gravatar.com\\\/avatar\\\/acabf7b54753e51c2c76457954577c236b3b764789b19879565769739d1e4a75?s=96&d=mm&r=g\",\"url\":\"https:\\\/\\\/secure.gravatar.com\\\/avatar\\\/acabf7b54753e51c2c76457954577c236b3b764789b19879565769739d1e4a75?s=96&d=mm&r=g\",\"contentUrl\":\"https:\\\/\\\/secure.gravatar.com\\\/avatar\\\/acabf7b54753e51c2c76457954577c236b3b764789b19879565769739d1e4a75?s=96&d=mm&r=g\",\"caption\":\"Milenio\"},\"url\":\"https:\\\/\\\/fuentesfidedignas.com.mx\\\/index.php\\\/author\\\/milenio\\\/\"}]}<\/script>\n<!-- \/ Yoast SEO plugin. -->","yoast_head_json":{"title":"Muri\u00f3 Claudia Baccarinni, la mujer m\u00e1s anciana de Italia, a los 114 a\u00f1os - Fuentes Fidedignas","robots":{"index":"index","follow":"follow","max-snippet":"max-snippet:-1","max-image-preview":"max-image-preview:large","max-video-preview":"max-video-preview:-1"},"canonical":"https:\/\/fuentesfidedignas.com.mx\/index.php\/2025\/01\/02\/murio-claudia-baccarinni-la-mujer-mas-anciana-de-italia-a-los-114-anos\/","og_locale":"es_MX","og_type":"article","og_title":"Muri\u00f3 Claudia Baccarinni, la mujer m\u00e1s anciana de Italia, a los 114 a\u00f1os - Fuentes Fidedignas","og_description":"Baccarini muri\u00f3 &#8220;serenamente&#8221; en Noche Buena, as\u00ed lo confirm\u00f3 el alcalde de su localidad. La mujer m\u00e1s longeva de Italia, Claudia Baccarinni, ha fallecido a la edad de 114 a\u00f1os en su localidad natal, Faenza (norte), seg\u00fan declar\u00f3 este viernes en un comunicado el alcalde de esa poblaci\u00f3n, Massimo Isola. Baccarini muri\u00f3 &#8220;serenamente&#8221; el pasado [&hellip;]","og_url":"https:\/\/fuentesfidedignas.com.mx\/index.php\/2025\/01\/02\/murio-claudia-baccarinni-la-mujer-mas-anciana-de-italia-a-los-114-anos\/","og_site_name":"Fuentes Fidedignas","article_publisher":"https:\/\/www.facebook.com\/Fuentes-Fidedignas-368234489921644","article_published_time":"2025-01-02T11:16:00+00:00","article_modified_time":"2025-01-02T15:20:46+00:00","og_image":[{"width":600,"height":379,"url":"https:\/\/fuentesfidedignas.com.mx\/wp-content\/uploads\/2025\/01\/anciana-de-italia.jpg","type":"image\/jpeg"}],"author":"Milenio","twitter_card":"summary_large_image","twitter_creator":"@fidedignas","twitter_site":"@fidedignas","twitter_misc":{"Escrito por":"Milenio","Tiempo de lectura":"2 minutos"},"schema":{"@context":"https:\/\/schema.org","@graph":[{"@type":"Article","@id":"https:\/\/fuentesfidedignas.com.mx\/index.php\/2025\/01\/02\/murio-claudia-baccarinni-la-mujer-mas-anciana-de-italia-a-los-114-anos\/#article","isPartOf":{"@id":"https:\/\/fuentesfidedignas.com.mx\/index.php\/2025\/01\/02\/murio-claudia-baccarinni-la-mujer-mas-anciana-de-italia-a-los-114-anos\/"},"author":{"name":"Milenio","@id":"https:\/\/fuentesfidedignas.com.mx\/#\/schema\/person\/47ec0135738f4b0c7495f06a77a2c976"},"headline":"Muri\u00f3 Claudia Baccarinni, la mujer m\u00e1s anciana de Italia, a los 114 a\u00f1os","datePublished":"2025-01-02T11:16:00+00:00","dateModified":"2025-01-02T15:20:46+00:00","mainEntityOfPage":{"@id":"https:\/\/fuentesfidedignas.com.mx\/index.php\/2025\/01\/02\/murio-claudia-baccarinni-la-mujer-mas-anciana-de-italia-a-los-114-anos\/"},"wordCount":271,"commentCount":0,"publisher":{"@id":"https:\/\/fuentesfidedignas.com.mx\/#organization"},"image":{"@id":"https:\/\/fuentesfidedignas.com.mx\/index.php\/2025\/01\/02\/murio-claudia-baccarinni-la-mujer-mas-anciana-de-italia-a-los-114-anos\/#primaryimage"},"thumbnailUrl":"https:\/\/fuentesfidedignas.com.mx\/wp-content\/uploads\/2025\/01\/anciana-de-italia.jpg","articleSection":["LAS ASOMBROSAS"],"inLanguage":"es","potentialAction":[{"@type":"CommentAction","name":"Comment","target":["https:\/\/fuentesfidedignas.com.mx\/index.php\/2025\/01\/02\/murio-claudia-baccarinni-la-mujer-mas-anciana-de-italia-a-los-114-anos\/#respond"]}]},{"@type":"WebPage","@id":"https:\/\/fuentesfidedignas.com.mx\/index.php\/2025\/01\/02\/murio-claudia-baccarinni-la-mujer-mas-anciana-de-italia-a-los-114-anos\/","url":"https:\/\/fuentesfidedignas.com.mx\/index.php\/2025\/01\/02\/murio-claudia-baccarinni-la-mujer-mas-anciana-de-italia-a-los-114-anos\/","name":"Muri\u00f3 Claudia Baccarinni, la mujer m\u00e1s anciana de Italia, a los 114 a\u00f1os - Fuentes Fidedignas","isPartOf":{"@id":"https:\/\/fuentesfidedignas.com.mx\/#website"},"primaryImageOfPage":{"@id":"https:\/\/fuentesfidedignas.com.mx\/index.php\/2025\/01\/02\/murio-claudia-baccarinni-la-mujer-mas-anciana-de-italia-a-los-114-anos\/#primaryimage"},"image":{"@id":"https:\/\/fuentesfidedignas.com.mx\/index.php\/2025\/01\/02\/murio-claudia-baccarinni-la-mujer-mas-anciana-de-italia-a-los-114-anos\/#primaryimage"},"thumbnailUrl":"https:\/\/fuentesfidedignas.com.mx\/wp-content\/uploads\/2025\/01\/anciana-de-italia.jpg","datePublished":"2025-01-02T11:16:00+00:00","dateModified":"2025-01-02T15:20:46+00:00","breadcrumb":{"@id":"https:\/\/fuentesfidedignas.com.mx\/index.php\/2025\/01\/02\/murio-claudia-baccarinni-la-mujer-mas-anciana-de-italia-a-los-114-anos\/#breadcrumb"},"inLanguage":"es","potentialAction":[{"@type":"ReadAction","target":["https:\/\/fuentesfidedignas.com.mx\/index.php\/2025\/01\/02\/murio-claudia-baccarinni-la-mujer-mas-anciana-de-italia-a-los-114-anos\/"]}]},{"@type":"ImageObject","inLanguage":"es","@id":"https:\/\/fuentesfidedignas.com.mx\/index.php\/2025\/01\/02\/murio-claudia-baccarinni-la-mujer-mas-anciana-de-italia-a-los-114-anos\/#primaryimage","url":"https:\/\/fuentesfidedignas.com.mx\/wp-content\/uploads\/2025\/01\/anciana-de-italia.jpg","contentUrl":"https:\/\/fuentesfidedignas.com.mx\/wp-content\/uploads\/2025\/01\/anciana-de-italia.jpg","width":600,"height":379},{"@type":"BreadcrumbList","@id":"https:\/\/fuentesfidedignas.com.mx\/index.php\/2025\/01\/02\/murio-claudia-baccarinni-la-mujer-mas-anciana-de-italia-a-los-114-anos\/#breadcrumb","itemListElement":[{"@type":"ListItem","position":1,"name":"Inicio","item":"https:\/\/fuentesfidedignas.com.mx\/"},{"@type":"ListItem","position":2,"name":"Muri\u00f3 Claudia Baccarinni, la mujer m\u00e1s anciana de Italia, a los 114 a\u00f1os"}]},{"@type":"WebSite","@id":"https:\/\/fuentesfidedignas.com.mx\/#website","url":"https:\/\/fuentesfidedignas.com.mx\/","name":"Fuentes Fidedignas","description":"Otro sitio realizado con WordPress","publisher":{"@id":"https:\/\/fuentesfidedignas.com.mx\/#organization"},"potentialAction":[{"@type":"SearchAction","target":{"@type":"EntryPoint","urlTemplate":"https:\/\/fuentesfidedignas.com.mx\/?s={search_term_string}"},"query-input":{"@type":"PropertyValueSpecification","valueRequired":true,"valueName":"search_term_string"}}],"inLanguage":"es"},{"@type":"Organization","@id":"https:\/\/fuentesfidedignas.com.mx\/#organization","name":"Fuentes Fidedignas","url":"https:\/\/fuentesfidedignas.com.mx\/","logo":{"@type":"ImageObject","inLanguage":"es","@id":"https:\/\/fuentesfidedignas.com.mx\/#\/schema\/logo\/image\/","url":"https:\/\/fuentesfidedignas.com.mx\/wp-content\/uploads\/2021\/04\/logo-retina.png","contentUrl":"https:\/\/fuentesfidedignas.com.mx\/wp-content\/uploads\/2021\/04\/logo-retina.png","width":280,"height":51,"caption":"Fuentes Fidedignas"},"image":{"@id":"https:\/\/fuentesfidedignas.com.mx\/#\/schema\/logo\/image\/"},"sameAs":["https:\/\/www.facebook.com\/Fuentes-Fidedignas-368234489921644","https:\/\/x.com\/fidedignas"]},{"@type":"Person","@id":"https:\/\/fuentesfidedignas.com.mx\/#\/schema\/person\/47ec0135738f4b0c7495f06a77a2c976","name":"Milenio","image":{"@type":"ImageObject","inLanguage":"es","@id":"https:\/\/secure.gravatar.com\/avatar\/acabf7b54753e51c2c76457954577c236b3b764789b19879565769739d1e4a75?s=96&d=mm&r=g","url":"https:\/\/secure.gravatar.com\/avatar\/acabf7b54753e51c2c76457954577c236b3b764789b19879565769739d1e4a75?s=96&d=mm&r=g","contentUrl":"https:\/\/secure.gravatar.com\/avatar\/acabf7b54753e51c2c76457954577c236b3b764789b19879565769739d1e4a75?s=96&d=mm&r=g","caption":"Milenio"},"url":"https:\/\/fuentesfidedignas.com.mx\/index.php\/author\/milenio\/"}]}},"_links":{"self":[{"href":"https:\/\/fuentesfidedignas.com.mx\/index.php\/wp-json\/wp\/v2\/posts\/98365","targetHints":{"allow":["GET"]}}],"collection":[{"href":"https:\/\/fuentesfidedignas.com.mx\/index.php\/wp-json\/wp\/v2\/posts"}],"about":[{"href":"https:\/\/fuentesfidedignas.com.mx\/index.php\/wp-json\/wp\/v2\/types\/post"}],"author":[{"embeddable":true,"href":"https:\/\/fuentesfidedignas.com.mx\/index.php\/wp-json\/wp\/v2\/users\/9"}],"replies":[{"embeddable":true,"href":"https:\/\/fuentesfidedignas.com.mx\/index.php\/wp-json\/wp\/v2\/comments?post=98365"}],"version-history":[{"count":2,"href":"https:\/\/fuentesfidedignas.com.mx\/index.php\/wp-json\/wp\/v2\/posts\/98365\/revisions"}],"predecessor-version":[{"id":98368,"href":"https:\/\/fuentesfidedignas.com.mx\/index.php\/wp-json\/wp\/v2\/posts\/98365\/revisions\/98368"}],"wp:featuredmedia":[{"embeddable":true,"href":"https:\/\/fuentesfidedignas.com.mx\/index.php\/wp-json\/wp\/v2\/media\/98366"}],"wp:attachment":[{"href":"https:\/\/fuentesfidedignas.com.mx\/index.php\/wp-json\/wp\/v2\/media?parent=98365"}],"wp:term":[{"taxonomy":"category","embeddable":true,"href":"https:\/\/fuentesfidedignas.com.mx\/index.php\/wp-json\/wp\/v2\/categories?post=98365"},{"taxonomy":"post_tag","embeddable":true,"href":"https:\/\/fuentesfidedignas.com.mx\/index.php\/wp-json\/wp\/v2\/tags?post=98365"}],"curies":[{"name":"wp","href":"https:\/\/api.w.org\/{rel}","templated":true}]}}