{"id":98362,"date":"2025-01-02T04:13:42","date_gmt":"2025-01-02T11:13:42","guid":{"rendered":"https:\/\/fuentesfidedignas.com.mx\/?p=98362"},"modified":"2025-01-02T08:21:10","modified_gmt":"2025-01-02T15:21:10","slug":"egiptologos-franceses-han-descubierto-un-sarcofago-del-imperio-medio-en-luxor","status":"publish","type":"post","link":"https:\/\/fuentesfidedignas.com.mx\/index.php\/2025\/01\/02\/egiptologos-franceses-han-descubierto-un-sarcofago-del-imperio-medio-en-luxor\/","title":{"rendered":"Egipt\u00f3logos franceses han descubierto un sarc\u00f3fago del Imperio Medio en Luxor"},"content":{"rendered":"\n<p><strong><em>El sarc\u00f3fago del Imperio Medio fue descubierto por la Universidad de Estrasburgo y el Instituto Franc\u00e9s de Arqueolog\u00eda Oriental<\/em><\/strong><\/p>\n\n\n\n<p>Dos grupos de egipt\u00f3logos franceses han descubierto este mes de diciembre un sarc\u00f3fago del Imperio Medio durante una campa\u00f1a de excavaciones en un lugar en el que ya se hab\u00edan hecho otras anteriormente en el complejo de Luxor.<\/p>\n\n\n\n<p>El hallazgo lo ha hecho p\u00fablico el director del Instituto de Egiptolog\u00eda de la Universidad de Estrasburgo, Fr\u00e9d\u00e9ric Colin, en declaraciones publicadas este domingo por el diario de la ciudad DNA (Derni\u00e8res Nouvelles d\u2019Alsace).<\/p>\n\n\n\n<p>&#8220;El sarc\u00f3fago fue localizado el pasado d\u00eda 16 \u201cen el momento en el que preparaba mi informe de fin de campa\u00f1a y cuando hab\u00eda que recoger el yacimiento y el material\u201d, ha precisado Colin.<\/p>\n\n\n\n<p>Esta temporada de excavaciones, que ha tenido una duraci\u00f3n de un par de meses, ha estado organizada de forma conjunta por la Universidad de Estrasburgo y el Instituto Franc\u00e9s de Arqueolog\u00eda Oriental.<\/p>\n\n\n\n<p>El examen pormenorizado de la nueva sepultura del Imperio Medio (del siglo XXI al XVIII octavo antes de Jesucristo) se har\u00e1 la pr\u00f3xima temporada en 2025.<\/p>\n\n\n\n<p>Fueron los hallazgos conseguidos en 2018 y 2019 de otros cinco sarc\u00f3fagos del Nuevo Imperio (del siglo XIV al IX antes de Jesucristo) los que llevaron a decidir organizar una nueva campa\u00f1a este a\u00f1o para determinar si eran una tumba aislada o formaba parte de un conjunto mayor.<\/p>\n","protected":false},"excerpt":{"rendered":"<p>El sarc\u00f3fago del Imperio Medio fue descubierto por la Universidad de Estrasburgo y el Instituto Franc\u00e9s de Arqueolog\u00eda Oriental Dos grupos de egipt\u00f3logos franceses han descubierto este mes de diciembre un sarc\u00f3fago del Imperio Medio durante una campa\u00f1a de excavaciones en un lugar en el que ya se hab\u00edan hecho otras anteriormente en el complejo [&hellip;]<\/p>\n","protected":false},"author":22,"featured_media":98363,"comment_status":"open","ping_status":"open","sticky":false,"template":"","format":"standard","meta":{"tdm_status":"","tdm_grid_status":"","footnotes":""},"categories":[40],"tags":[],"class_list":{"0":"post-98362","1":"post","2":"type-post","3":"status-publish","4":"format-standard","5":"has-post-thumbnail","7":"category-las-asombrosas"},"yoast_head":"<!-- This site is optimized with the Yoast SEO plugin v27.5 - https:\/\/yoast.com\/product\/yoast-seo-wordpress\/ -->\n<title>Egipt\u00f3logos franceses han descubierto un sarc\u00f3fago del Imperio Medio en Luxor - Fuentes Fidedignas<\/title>\n<meta name=\"robots\" content=\"index, follow, max-snippet:-1, max-image-preview:large, max-video-preview:-1\" \/>\n<link rel=\"canonical\" href=\"https:\/\/fuentesfidedignas.com.mx\/index.php\/2025\/01\/02\/egiptologos-franceses-han-descubierto-un-sarcofago-del-imperio-medio-en-luxor\/\" \/>\n<meta property=\"og:locale\" content=\"es_MX\" \/>\n<meta property=\"og:type\" content=\"article\" \/>\n<meta property=\"og:title\" content=\"Egipt\u00f3logos franceses han descubierto un sarc\u00f3fago del Imperio Medio en Luxor - Fuentes Fidedignas\" \/>\n<meta property=\"og:description\" content=\"El sarc\u00f3fago del Imperio Medio fue descubierto por la Universidad de Estrasburgo y el Instituto Franc\u00e9s de Arqueolog\u00eda Oriental Dos grupos de egipt\u00f3logos franceses han descubierto este mes de diciembre un sarc\u00f3fago del Imperio Medio durante una campa\u00f1a de excavaciones en un lugar en el que ya se hab\u00edan hecho otras anteriormente en el complejo [&hellip;]\" \/>\n<meta property=\"og:url\" content=\"https:\/\/fuentesfidedignas.com.mx\/index.php\/2025\/01\/02\/egiptologos-franceses-han-descubierto-un-sarcofago-del-imperio-medio-en-luxor\/\" \/>\n<meta property=\"og:site_name\" content=\"Fuentes Fidedignas\" \/>\n<meta property=\"article:publisher\" content=\"https:\/\/www.facebook.com\/Fuentes-Fidedignas-368234489921644\" \/>\n<meta property=\"article:published_time\" content=\"2025-01-02T11:13:42+00:00\" \/>\n<meta property=\"article:modified_time\" content=\"2025-01-02T15:21:10+00:00\" \/>\n<meta property=\"og:image\" content=\"https:\/\/fuentesfidedignas.com.mx\/wp-content\/uploads\/2025\/01\/sarcofago-del-imperio-medio-en-luxor.jpg\" \/>\n\t<meta property=\"og:image:width\" content=\"600\" \/>\n\t<meta property=\"og:image:height\" content=\"337\" \/>\n\t<meta property=\"og:image:type\" content=\"image\/jpeg\" \/>\n<meta name=\"author\" content=\"EFE\" \/>\n<meta name=\"twitter:card\" content=\"summary_large_image\" \/>\n<meta name=\"twitter:creator\" content=\"@fidedignas\" \/>\n<meta name=\"twitter:site\" content=\"@fidedignas\" \/>\n<meta name=\"twitter:label1\" content=\"Escrito por\" \/>\n\t<meta name=\"twitter:data1\" content=\"EFE\" \/>\n\t<meta name=\"twitter:label2\" content=\"Tiempo de lectura\" \/>\n\t<meta name=\"twitter:data2\" content=\"2 minutos\" \/>\n<script type=\"application\/ld+json\" class=\"yoast-schema-graph\">{\"@context\":\"https:\\\/\\\/schema.org\",\"@graph\":[{\"@type\":\"Article\",\"@id\":\"https:\\\/\\\/fuentesfidedignas.com.mx\\\/index.php\\\/2025\\\/01\\\/02\\\/egiptologos-franceses-han-descubierto-un-sarcofago-del-imperio-medio-en-luxor\\\/#article\",\"isPartOf\":{\"@id\":\"https:\\\/\\\/fuentesfidedignas.com.mx\\\/index.php\\\/2025\\\/01\\\/02\\\/egiptologos-franceses-han-descubierto-un-sarcofago-del-imperio-medio-en-luxor\\\/\"},\"author\":{\"name\":\"EFE\",\"@id\":\"https:\\\/\\\/fuentesfidedignas.com.mx\\\/#\\\/schema\\\/person\\\/0d44615087b5a626d5d3f13afe31ac41\"},\"headline\":\"Egipt\u00f3logos franceses han descubierto un sarc\u00f3fago del Imperio Medio en Luxor\",\"datePublished\":\"2025-01-02T11:13:42+00:00\",\"dateModified\":\"2025-01-02T15:21:10+00:00\",\"mainEntityOfPage\":{\"@id\":\"https:\\\/\\\/fuentesfidedignas.com.mx\\\/index.php\\\/2025\\\/01\\\/02\\\/egiptologos-franceses-han-descubierto-un-sarcofago-del-imperio-medio-en-luxor\\\/\"},\"wordCount\":264,\"commentCount\":0,\"publisher\":{\"@id\":\"https:\\\/\\\/fuentesfidedignas.com.mx\\\/#organization\"},\"image\":{\"@id\":\"https:\\\/\\\/fuentesfidedignas.com.mx\\\/index.php\\\/2025\\\/01\\\/02\\\/egiptologos-franceses-han-descubierto-un-sarcofago-del-imperio-medio-en-luxor\\\/#primaryimage\"},\"thumbnailUrl\":\"https:\\\/\\\/fuentesfidedignas.com.mx\\\/wp-content\\\/uploads\\\/2025\\\/01\\\/sarcofago-del-imperio-medio-en-luxor.jpg\",\"articleSection\":[\"LAS ASOMBROSAS\"],\"inLanguage\":\"es\",\"potentialAction\":[{\"@type\":\"CommentAction\",\"name\":\"Comment\",\"target\":[\"https:\\\/\\\/fuentesfidedignas.com.mx\\\/index.php\\\/2025\\\/01\\\/02\\\/egiptologos-franceses-han-descubierto-un-sarcofago-del-imperio-medio-en-luxor\\\/#respond\"]}]},{\"@type\":\"WebPage\",\"@id\":\"https:\\\/\\\/fuentesfidedignas.com.mx\\\/index.php\\\/2025\\\/01\\\/02\\\/egiptologos-franceses-han-descubierto-un-sarcofago-del-imperio-medio-en-luxor\\\/\",\"url\":\"https:\\\/\\\/fuentesfidedignas.com.mx\\\/index.php\\\/2025\\\/01\\\/02\\\/egiptologos-franceses-han-descubierto-un-sarcofago-del-imperio-medio-en-luxor\\\/\",\"name\":\"Egipt\u00f3logos franceses han descubierto un sarc\u00f3fago del Imperio Medio en Luxor - Fuentes Fidedignas\",\"isPartOf\":{\"@id\":\"https:\\\/\\\/fuentesfidedignas.com.mx\\\/#website\"},\"primaryImageOfPage\":{\"@id\":\"https:\\\/\\\/fuentesfidedignas.com.mx\\\/index.php\\\/2025\\\/01\\\/02\\\/egiptologos-franceses-han-descubierto-un-sarcofago-del-imperio-medio-en-luxor\\\/#primaryimage\"},\"image\":{\"@id\":\"https:\\\/\\\/fuentesfidedignas.com.mx\\\/index.php\\\/2025\\\/01\\\/02\\\/egiptologos-franceses-han-descubierto-un-sarcofago-del-imperio-medio-en-luxor\\\/#primaryimage\"},\"thumbnailUrl\":\"https:\\\/\\\/fuentesfidedignas.com.mx\\\/wp-content\\\/uploads\\\/2025\\\/01\\\/sarcofago-del-imperio-medio-en-luxor.jpg\",\"datePublished\":\"2025-01-02T11:13:42+00:00\",\"dateModified\":\"2025-01-02T15:21:10+00:00\",\"breadcrumb\":{\"@id\":\"https:\\\/\\\/fuentesfidedignas.com.mx\\\/index.php\\\/2025\\\/01\\\/02\\\/egiptologos-franceses-han-descubierto-un-sarcofago-del-imperio-medio-en-luxor\\\/#breadcrumb\"},\"inLanguage\":\"es\",\"potentialAction\":[{\"@type\":\"ReadAction\",\"target\":[\"https:\\\/\\\/fuentesfidedignas.com.mx\\\/index.php\\\/2025\\\/01\\\/02\\\/egiptologos-franceses-han-descubierto-un-sarcofago-del-imperio-medio-en-luxor\\\/\"]}]},{\"@type\":\"ImageObject\",\"inLanguage\":\"es\",\"@id\":\"https:\\\/\\\/fuentesfidedignas.com.mx\\\/index.php\\\/2025\\\/01\\\/02\\\/egiptologos-franceses-han-descubierto-un-sarcofago-del-imperio-medio-en-luxor\\\/#primaryimage\",\"url\":\"https:\\\/\\\/fuentesfidedignas.com.mx\\\/wp-content\\\/uploads\\\/2025\\\/01\\\/sarcofago-del-imperio-medio-en-luxor.jpg\",\"contentUrl\":\"https:\\\/\\\/fuentesfidedignas.com.mx\\\/wp-content\\\/uploads\\\/2025\\\/01\\\/sarcofago-del-imperio-medio-en-luxor.jpg\",\"width\":600,\"height\":337},{\"@type\":\"BreadcrumbList\",\"@id\":\"https:\\\/\\\/fuentesfidedignas.com.mx\\\/index.php\\\/2025\\\/01\\\/02\\\/egiptologos-franceses-han-descubierto-un-sarcofago-del-imperio-medio-en-luxor\\\/#breadcrumb\",\"itemListElement\":[{\"@type\":\"ListItem\",\"position\":1,\"name\":\"Inicio\",\"item\":\"https:\\\/\\\/fuentesfidedignas.com.mx\\\/\"},{\"@type\":\"ListItem\",\"position\":2,\"name\":\"Egipt\u00f3logos franceses han descubierto un sarc\u00f3fago del Imperio Medio en Luxor\"}]},{\"@type\":\"WebSite\",\"@id\":\"https:\\\/\\\/fuentesfidedignas.com.mx\\\/#website\",\"url\":\"https:\\\/\\\/fuentesfidedignas.com.mx\\\/\",\"name\":\"Fuentes Fidedignas\",\"description\":\"Otro sitio realizado con WordPress\",\"publisher\":{\"@id\":\"https:\\\/\\\/fuentesfidedignas.com.mx\\\/#organization\"},\"potentialAction\":[{\"@type\":\"SearchAction\",\"target\":{\"@type\":\"EntryPoint\",\"urlTemplate\":\"https:\\\/\\\/fuentesfidedignas.com.mx\\\/?s={search_term_string}\"},\"query-input\":{\"@type\":\"PropertyValueSpecification\",\"valueRequired\":true,\"valueName\":\"search_term_string\"}}],\"inLanguage\":\"es\"},{\"@type\":\"Organization\",\"@id\":\"https:\\\/\\\/fuentesfidedignas.com.mx\\\/#organization\",\"name\":\"Fuentes Fidedignas\",\"url\":\"https:\\\/\\\/fuentesfidedignas.com.mx\\\/\",\"logo\":{\"@type\":\"ImageObject\",\"inLanguage\":\"es\",\"@id\":\"https:\\\/\\\/fuentesfidedignas.com.mx\\\/#\\\/schema\\\/logo\\\/image\\\/\",\"url\":\"https:\\\/\\\/fuentesfidedignas.com.mx\\\/wp-content\\\/uploads\\\/2021\\\/04\\\/logo-retina.png\",\"contentUrl\":\"https:\\\/\\\/fuentesfidedignas.com.mx\\\/wp-content\\\/uploads\\\/2021\\\/04\\\/logo-retina.png\",\"width\":280,\"height\":51,\"caption\":\"Fuentes Fidedignas\"},\"image\":{\"@id\":\"https:\\\/\\\/fuentesfidedignas.com.mx\\\/#\\\/schema\\\/logo\\\/image\\\/\"},\"sameAs\":[\"https:\\\/\\\/www.facebook.com\\\/Fuentes-Fidedignas-368234489921644\",\"https:\\\/\\\/x.com\\\/fidedignas\"]},{\"@type\":\"Person\",\"@id\":\"https:\\\/\\\/fuentesfidedignas.com.mx\\\/#\\\/schema\\\/person\\\/0d44615087b5a626d5d3f13afe31ac41\",\"name\":\"EFE\",\"image\":{\"@type\":\"ImageObject\",\"inLanguage\":\"es\",\"@id\":\"https:\\\/\\\/secure.gravatar.com\\\/avatar\\\/7048c2d9b569d9bed55bb53ad23821e6e047aa66338fb6ea9868627bbb9f54e8?s=96&d=mm&r=g\",\"url\":\"https:\\\/\\\/secure.gravatar.com\\\/avatar\\\/7048c2d9b569d9bed55bb53ad23821e6e047aa66338fb6ea9868627bbb9f54e8?s=96&d=mm&r=g\",\"contentUrl\":\"https:\\\/\\\/secure.gravatar.com\\\/avatar\\\/7048c2d9b569d9bed55bb53ad23821e6e047aa66338fb6ea9868627bbb9f54e8?s=96&d=mm&r=g\",\"caption\":\"EFE\"},\"url\":\"https:\\\/\\\/fuentesfidedignas.com.mx\\\/index.php\\\/author\\\/efe\\\/\"}]}<\/script>\n<!-- \/ Yoast SEO plugin. -->","yoast_head_json":{"title":"Egipt\u00f3logos franceses han descubierto un sarc\u00f3fago del Imperio Medio en Luxor - Fuentes Fidedignas","robots":{"index":"index","follow":"follow","max-snippet":"max-snippet:-1","max-image-preview":"max-image-preview:large","max-video-preview":"max-video-preview:-1"},"canonical":"https:\/\/fuentesfidedignas.com.mx\/index.php\/2025\/01\/02\/egiptologos-franceses-han-descubierto-un-sarcofago-del-imperio-medio-en-luxor\/","og_locale":"es_MX","og_type":"article","og_title":"Egipt\u00f3logos franceses han descubierto un sarc\u00f3fago del Imperio Medio en Luxor - Fuentes Fidedignas","og_description":"El sarc\u00f3fago del Imperio Medio fue descubierto por la Universidad de Estrasburgo y el Instituto Franc\u00e9s de Arqueolog\u00eda Oriental Dos grupos de egipt\u00f3logos franceses han descubierto este mes de diciembre un sarc\u00f3fago del Imperio Medio durante una campa\u00f1a de excavaciones en un lugar en el que ya se hab\u00edan hecho otras anteriormente en el complejo [&hellip;]","og_url":"https:\/\/fuentesfidedignas.com.mx\/index.php\/2025\/01\/02\/egiptologos-franceses-han-descubierto-un-sarcofago-del-imperio-medio-en-luxor\/","og_site_name":"Fuentes Fidedignas","article_publisher":"https:\/\/www.facebook.com\/Fuentes-Fidedignas-368234489921644","article_published_time":"2025-01-02T11:13:42+00:00","article_modified_time":"2025-01-02T15:21:10+00:00","og_image":[{"width":600,"height":337,"url":"https:\/\/fuentesfidedignas.com.mx\/wp-content\/uploads\/2025\/01\/sarcofago-del-imperio-medio-en-luxor.jpg","type":"image\/jpeg"}],"author":"EFE","twitter_card":"summary_large_image","twitter_creator":"@fidedignas","twitter_site":"@fidedignas","twitter_misc":{"Escrito por":"EFE","Tiempo de lectura":"2 minutos"},"schema":{"@context":"https:\/\/schema.org","@graph":[{"@type":"Article","@id":"https:\/\/fuentesfidedignas.com.mx\/index.php\/2025\/01\/02\/egiptologos-franceses-han-descubierto-un-sarcofago-del-imperio-medio-en-luxor\/#article","isPartOf":{"@id":"https:\/\/fuentesfidedignas.com.mx\/index.php\/2025\/01\/02\/egiptologos-franceses-han-descubierto-un-sarcofago-del-imperio-medio-en-luxor\/"},"author":{"name":"EFE","@id":"https:\/\/fuentesfidedignas.com.mx\/#\/schema\/person\/0d44615087b5a626d5d3f13afe31ac41"},"headline":"Egipt\u00f3logos franceses han descubierto un sarc\u00f3fago del Imperio Medio en Luxor","datePublished":"2025-01-02T11:13:42+00:00","dateModified":"2025-01-02T15:21:10+00:00","mainEntityOfPage":{"@id":"https:\/\/fuentesfidedignas.com.mx\/index.php\/2025\/01\/02\/egiptologos-franceses-han-descubierto-un-sarcofago-del-imperio-medio-en-luxor\/"},"wordCount":264,"commentCount":0,"publisher":{"@id":"https:\/\/fuentesfidedignas.com.mx\/#organization"},"image":{"@id":"https:\/\/fuentesfidedignas.com.mx\/index.php\/2025\/01\/02\/egiptologos-franceses-han-descubierto-un-sarcofago-del-imperio-medio-en-luxor\/#primaryimage"},"thumbnailUrl":"https:\/\/fuentesfidedignas.com.mx\/wp-content\/uploads\/2025\/01\/sarcofago-del-imperio-medio-en-luxor.jpg","articleSection":["LAS ASOMBROSAS"],"inLanguage":"es","potentialAction":[{"@type":"CommentAction","name":"Comment","target":["https:\/\/fuentesfidedignas.com.mx\/index.php\/2025\/01\/02\/egiptologos-franceses-han-descubierto-un-sarcofago-del-imperio-medio-en-luxor\/#respond"]}]},{"@type":"WebPage","@id":"https:\/\/fuentesfidedignas.com.mx\/index.php\/2025\/01\/02\/egiptologos-franceses-han-descubierto-un-sarcofago-del-imperio-medio-en-luxor\/","url":"https:\/\/fuentesfidedignas.com.mx\/index.php\/2025\/01\/02\/egiptologos-franceses-han-descubierto-un-sarcofago-del-imperio-medio-en-luxor\/","name":"Egipt\u00f3logos franceses han descubierto un sarc\u00f3fago del Imperio Medio en Luxor - Fuentes Fidedignas","isPartOf":{"@id":"https:\/\/fuentesfidedignas.com.mx\/#website"},"primaryImageOfPage":{"@id":"https:\/\/fuentesfidedignas.com.mx\/index.php\/2025\/01\/02\/egiptologos-franceses-han-descubierto-un-sarcofago-del-imperio-medio-en-luxor\/#primaryimage"},"image":{"@id":"https:\/\/fuentesfidedignas.com.mx\/index.php\/2025\/01\/02\/egiptologos-franceses-han-descubierto-un-sarcofago-del-imperio-medio-en-luxor\/#primaryimage"},"thumbnailUrl":"https:\/\/fuentesfidedignas.com.mx\/wp-content\/uploads\/2025\/01\/sarcofago-del-imperio-medio-en-luxor.jpg","datePublished":"2025-01-02T11:13:42+00:00","dateModified":"2025-01-02T15:21:10+00:00","breadcrumb":{"@id":"https:\/\/fuentesfidedignas.com.mx\/index.php\/2025\/01\/02\/egiptologos-franceses-han-descubierto-un-sarcofago-del-imperio-medio-en-luxor\/#breadcrumb"},"inLanguage":"es","potentialAction":[{"@type":"ReadAction","target":["https:\/\/fuentesfidedignas.com.mx\/index.php\/2025\/01\/02\/egiptologos-franceses-han-descubierto-un-sarcofago-del-imperio-medio-en-luxor\/"]}]},{"@type":"ImageObject","inLanguage":"es","@id":"https:\/\/fuentesfidedignas.com.mx\/index.php\/2025\/01\/02\/egiptologos-franceses-han-descubierto-un-sarcofago-del-imperio-medio-en-luxor\/#primaryimage","url":"https:\/\/fuentesfidedignas.com.mx\/wp-content\/uploads\/2025\/01\/sarcofago-del-imperio-medio-en-luxor.jpg","contentUrl":"https:\/\/fuentesfidedignas.com.mx\/wp-content\/uploads\/2025\/01\/sarcofago-del-imperio-medio-en-luxor.jpg","width":600,"height":337},{"@type":"BreadcrumbList","@id":"https:\/\/fuentesfidedignas.com.mx\/index.php\/2025\/01\/02\/egiptologos-franceses-han-descubierto-un-sarcofago-del-imperio-medio-en-luxor\/#breadcrumb","itemListElement":[{"@type":"ListItem","position":1,"name":"Inicio","item":"https:\/\/fuentesfidedignas.com.mx\/"},{"@type":"ListItem","position":2,"name":"Egipt\u00f3logos franceses han descubierto un sarc\u00f3fago del Imperio Medio en Luxor"}]},{"@type":"WebSite","@id":"https:\/\/fuentesfidedignas.com.mx\/#website","url":"https:\/\/fuentesfidedignas.com.mx\/","name":"Fuentes Fidedignas","description":"Otro sitio realizado con WordPress","publisher":{"@id":"https:\/\/fuentesfidedignas.com.mx\/#organization"},"potentialAction":[{"@type":"SearchAction","target":{"@type":"EntryPoint","urlTemplate":"https:\/\/fuentesfidedignas.com.mx\/?s={search_term_string}"},"query-input":{"@type":"PropertyValueSpecification","valueRequired":true,"valueName":"search_term_string"}}],"inLanguage":"es"},{"@type":"Organization","@id":"https:\/\/fuentesfidedignas.com.mx\/#organization","name":"Fuentes Fidedignas","url":"https:\/\/fuentesfidedignas.com.mx\/","logo":{"@type":"ImageObject","inLanguage":"es","@id":"https:\/\/fuentesfidedignas.com.mx\/#\/schema\/logo\/image\/","url":"https:\/\/fuentesfidedignas.com.mx\/wp-content\/uploads\/2021\/04\/logo-retina.png","contentUrl":"https:\/\/fuentesfidedignas.com.mx\/wp-content\/uploads\/2021\/04\/logo-retina.png","width":280,"height":51,"caption":"Fuentes Fidedignas"},"image":{"@id":"https:\/\/fuentesfidedignas.com.mx\/#\/schema\/logo\/image\/"},"sameAs":["https:\/\/www.facebook.com\/Fuentes-Fidedignas-368234489921644","https:\/\/x.com\/fidedignas"]},{"@type":"Person","@id":"https:\/\/fuentesfidedignas.com.mx\/#\/schema\/person\/0d44615087b5a626d5d3f13afe31ac41","name":"EFE","image":{"@type":"ImageObject","inLanguage":"es","@id":"https:\/\/secure.gravatar.com\/avatar\/7048c2d9b569d9bed55bb53ad23821e6e047aa66338fb6ea9868627bbb9f54e8?s=96&d=mm&r=g","url":"https:\/\/secure.gravatar.com\/avatar\/7048c2d9b569d9bed55bb53ad23821e6e047aa66338fb6ea9868627bbb9f54e8?s=96&d=mm&r=g","contentUrl":"https:\/\/secure.gravatar.com\/avatar\/7048c2d9b569d9bed55bb53ad23821e6e047aa66338fb6ea9868627bbb9f54e8?s=96&d=mm&r=g","caption":"EFE"},"url":"https:\/\/fuentesfidedignas.com.mx\/index.php\/author\/efe\/"}]}},"_links":{"self":[{"href":"https:\/\/fuentesfidedignas.com.mx\/index.php\/wp-json\/wp\/v2\/posts\/98362","targetHints":{"allow":["GET"]}}],"collection":[{"href":"https:\/\/fuentesfidedignas.com.mx\/index.php\/wp-json\/wp\/v2\/posts"}],"about":[{"href":"https:\/\/fuentesfidedignas.com.mx\/index.php\/wp-json\/wp\/v2\/types\/post"}],"author":[{"embeddable":true,"href":"https:\/\/fuentesfidedignas.com.mx\/index.php\/wp-json\/wp\/v2\/users\/22"}],"replies":[{"embeddable":true,"href":"https:\/\/fuentesfidedignas.com.mx\/index.php\/wp-json\/wp\/v2\/comments?post=98362"}],"version-history":[{"count":1,"href":"https:\/\/fuentesfidedignas.com.mx\/index.php\/wp-json\/wp\/v2\/posts\/98362\/revisions"}],"predecessor-version":[{"id":98364,"href":"https:\/\/fuentesfidedignas.com.mx\/index.php\/wp-json\/wp\/v2\/posts\/98362\/revisions\/98364"}],"wp:featuredmedia":[{"embeddable":true,"href":"https:\/\/fuentesfidedignas.com.mx\/index.php\/wp-json\/wp\/v2\/media\/98363"}],"wp:attachment":[{"href":"https:\/\/fuentesfidedignas.com.mx\/index.php\/wp-json\/wp\/v2\/media?parent=98362"}],"wp:term":[{"taxonomy":"category","embeddable":true,"href":"https:\/\/fuentesfidedignas.com.mx\/index.php\/wp-json\/wp\/v2\/categories?post=98362"},{"taxonomy":"post_tag","embeddable":true,"href":"https:\/\/fuentesfidedignas.com.mx\/index.php\/wp-json\/wp\/v2\/tags?post=98362"}],"curies":[{"name":"wp","href":"https:\/\/api.w.org\/{rel}","templated":true}]}}