{"id":9833,"date":"2021-08-14T11:39:01","date_gmt":"2021-08-14T18:39:01","guid":{"rendered":"https:\/\/fuentesfidedignas.com.mx\/?p=9833"},"modified":"2021-08-14T11:39:03","modified_gmt":"2021-08-14T18:39:03","slug":"huracan-linda-ya-es-categoria-4-esta-es-su-nueva-trayectoria","status":"publish","type":"post","link":"https:\/\/fuentesfidedignas.com.mx\/index.php\/2021\/08\/14\/huracan-linda-ya-es-categoria-4-esta-es-su-nueva-trayectoria\/","title":{"rendered":"Hurac\u00e1n \u201cLinda\u201d ya es categor\u00eda 4: esta es su nueva trayectoria"},"content":{"rendered":"\n<p><br><strong><em>Linda se hab\u00eda intensificado de tormenta tropical a hurac\u00e1n categor\u00eda 1 el jueves, y este viernes subi\u00f3 a categor\u00eda 2 y 3 en unas horas<\/em><\/strong><br><br>Ciudad de M\u00e9xico.- El hurac\u00e1n Linda se intensific\u00f3 a categor\u00eda 4 aunque se aleja de las costas del Pac\u00edfico mexicano, inform\u00f3 este s\u00e1bado el Servicio Meteorol\u00f3gico Nacional (SMN).<\/p>\n\n\n\n<p>El organismo avis\u00f3 que el cicl\u00f3n se localiza a 790 kil\u00f3metros al sur-suroeste de Cabo San L\u00e1zaro, del estado de Baja California Sur, con un desplazamiento de 20 kil\u00f3metros por hora en direcci\u00f3n hacia el oeste-noroeste.<\/p>\n\n\n\n<p>\u201cTuvo vientos m\u00e1ximos sostenidos de 215 kil\u00f3metros por hora, rachas de 260 kil\u00f3metros por hora y desplazamiento al oeste-noroeste a 20 kil\u00f3metros por hora\u201d, report\u00f3 el SMN.<\/p>\n\n\n\n<p>Linda se hab\u00eda intensificado de tormenta tropical a hurac\u00e1n categor\u00eda 1 el jueves, y este viernes subi\u00f3 a categor\u00eda 2 y 3 en unas horas.<\/p>\n\n\n\n<p>El pron\u00f3stico oficial prev\u00e9 que el cicl\u00f3n descienda otra vez a hurac\u00e1n categor\u00eda 3 la tarde de este s\u00e1bado, cuando ya se localizar\u00e1 a m\u00e1s de 840 kil\u00f3metros de Los Cabos<\/p>\n\n\n\n<p>Aun as\u00ed, el SMN advirti\u00f3 de nuevas condiciones meteorol\u00f3gicas por un canal de baja presi\u00f3n ubicado sobre el noroeste, el occidente y el centro de M\u00e9xico que interact\u00faa con la onda tropical n\u00famero 20 en el occidente del pa\u00eds.<\/p>\n\n\n\n<p>Por ello, para este s\u00e1bado prev\u00e9 lluvias \u201cmuy fuertes\u201d en zonas de Chiapas, Chihuahua, Colima, Sonora, Estado de M\u00e9xico, Jalisco y Michoac\u00e1n.<\/p>\n\n\n\n<p>\u201cLas lluvias podr\u00edan provocar deslaves, incremento en los niveles de r\u00edos y arroyos, y desbordamientos e inundaciones en zonas bajas, por lo que se exhorta a la poblaci\u00f3n de los estados mencionados y a la navegaci\u00f3n mar\u00edtima a atender los avisos\u201d, indic\u00f3.<\/p>\n\n\n\n<p>La temporada de lluvias y ciclones tropicales de 2021 en el Pac\u00edfico comenz\u00f3 oficialmente el pasado 15 de mayo y se estima que finalice en noviembre.<\/p>\n\n\n\n<p>Por el momento, se han formado en el Pac\u00edfico los ciclones Andr\u00e9s, Blanca, Carlos, Dolores, Enrique, Felicia, Guillermo, Hilda, Ignacio, Jimena, Kevin y Linda.<\/p>\n\n\n\n<p>Dolores toc\u00f3 tierra el pasado 19 de junio e impact\u00f3 especialmente en los estados de Colima y Michoac\u00e1n y dej\u00f3 3 muertos por tormentas el\u00e9ctricas.<\/p>\n\n\n\n<p>La Comisi\u00f3n Nacional del Agua (Conagua), de la que depende el SMN, pronostic\u00f3 en mayo pasado la formaci\u00f3n de entre 14 y 20 sistemas con nombre en el oc\u00e9ano Pac\u00edfico para esta temporada, mientras que para el Atl\u00e1ntico previ\u00f3 de 15 a 19 fen\u00f3menos meteorol\u00f3gicos.<\/p>\n","protected":false},"excerpt":{"rendered":"<p>Linda se hab\u00eda intensificado de tormenta tropical a hurac\u00e1n categor\u00eda 1 el jueves, y este viernes subi\u00f3 a categor\u00eda 2 y 3 en unas horas Ciudad de M\u00e9xico.- El hurac\u00e1n Linda se intensific\u00f3 a categor\u00eda 4 aunque se aleja de las costas del Pac\u00edfico mexicano, inform\u00f3 este s\u00e1bado el Servicio Meteorol\u00f3gico Nacional (SMN). El organismo [&hellip;]<\/p>\n","protected":false},"author":41,"featured_media":9834,"comment_status":"open","ping_status":"open","sticky":false,"template":"","format":"standard","meta":{"tdm_status":"","tdm_grid_status":"","footnotes":""},"categories":[37],"tags":[],"class_list":{"0":"post-9833","1":"post","2":"type-post","3":"status-publish","4":"format-standard","5":"has-post-thumbnail","7":"category-nota-principal"},"yoast_head":"<!-- This site is optimized with the Yoast SEO plugin v27.5 - https:\/\/yoast.com\/product\/yoast-seo-wordpress\/ -->\n<title>Hurac\u00e1n \u201cLinda\u201d ya es categor\u00eda 4: esta es su nueva trayectoria - Fuentes Fidedignas<\/title>\n<meta name=\"robots\" content=\"index, follow, max-snippet:-1, max-image-preview:large, max-video-preview:-1\" \/>\n<link rel=\"canonical\" href=\"https:\/\/fuentesfidedignas.com.mx\/index.php\/2021\/08\/14\/huracan-linda-ya-es-categoria-4-esta-es-su-nueva-trayectoria\/\" \/>\n<meta property=\"og:locale\" content=\"es_MX\" \/>\n<meta property=\"og:type\" content=\"article\" \/>\n<meta property=\"og:title\" content=\"Hurac\u00e1n \u201cLinda\u201d ya es categor\u00eda 4: esta es su nueva trayectoria - Fuentes Fidedignas\" \/>\n<meta property=\"og:description\" content=\"Linda se hab\u00eda intensificado de tormenta tropical a hurac\u00e1n categor\u00eda 1 el jueves, y este viernes subi\u00f3 a categor\u00eda 2 y 3 en unas horas Ciudad de M\u00e9xico.- El hurac\u00e1n Linda se intensific\u00f3 a categor\u00eda 4 aunque se aleja de las costas del Pac\u00edfico mexicano, inform\u00f3 este s\u00e1bado el Servicio Meteorol\u00f3gico Nacional (SMN). El organismo [&hellip;]\" \/>\n<meta property=\"og:url\" content=\"https:\/\/fuentesfidedignas.com.mx\/index.php\/2021\/08\/14\/huracan-linda-ya-es-categoria-4-esta-es-su-nueva-trayectoria\/\" \/>\n<meta property=\"og:site_name\" content=\"Fuentes Fidedignas\" \/>\n<meta property=\"article:publisher\" content=\"https:\/\/www.facebook.com\/Fuentes-Fidedignas-368234489921644\" \/>\n<meta property=\"article:published_time\" content=\"2021-08-14T18:39:01+00:00\" \/>\n<meta property=\"article:modified_time\" content=\"2021-08-14T18:39:03+00:00\" \/>\n<meta property=\"og:image\" content=\"https:\/\/fuentesfidedignas.com.mx\/wp-content\/uploads\/2021\/08\/linda.jpg\" \/>\n\t<meta property=\"og:image:width\" content=\"768\" \/>\n\t<meta property=\"og:image:height\" content=\"512\" \/>\n\t<meta property=\"og:image:type\" content=\"image\/jpeg\" \/>\n<meta name=\"author\" content=\"Infobae\" \/>\n<meta name=\"twitter:card\" content=\"summary_large_image\" \/>\n<meta name=\"twitter:creator\" content=\"@fidedignas\" \/>\n<meta name=\"twitter:site\" content=\"@fidedignas\" \/>\n<meta name=\"twitter:label1\" content=\"Escrito por\" \/>\n\t<meta name=\"twitter:data1\" content=\"Infobae\" \/>\n\t<meta name=\"twitter:label2\" content=\"Tiempo de lectura\" \/>\n\t<meta name=\"twitter:data2\" content=\"2 minutos\" \/>\n<script type=\"application\/ld+json\" class=\"yoast-schema-graph\">{\"@context\":\"https:\\\/\\\/schema.org\",\"@graph\":[{\"@type\":\"Article\",\"@id\":\"https:\\\/\\\/fuentesfidedignas.com.mx\\\/index.php\\\/2021\\\/08\\\/14\\\/huracan-linda-ya-es-categoria-4-esta-es-su-nueva-trayectoria\\\/#article\",\"isPartOf\":{\"@id\":\"https:\\\/\\\/fuentesfidedignas.com.mx\\\/index.php\\\/2021\\\/08\\\/14\\\/huracan-linda-ya-es-categoria-4-esta-es-su-nueva-trayectoria\\\/\"},\"author\":{\"name\":\"Infobae\",\"@id\":\"https:\\\/\\\/fuentesfidedignas.com.mx\\\/#\\\/schema\\\/person\\\/8575896a7c1067d352f6c1cd6582c389\"},\"headline\":\"Hurac\u00e1n \u201cLinda\u201d ya es categor\u00eda 4: esta es su nueva trayectoria\",\"datePublished\":\"2021-08-14T18:39:01+00:00\",\"dateModified\":\"2021-08-14T18:39:03+00:00\",\"mainEntityOfPage\":{\"@id\":\"https:\\\/\\\/fuentesfidedignas.com.mx\\\/index.php\\\/2021\\\/08\\\/14\\\/huracan-linda-ya-es-categoria-4-esta-es-su-nueva-trayectoria\\\/\"},\"wordCount\":441,\"commentCount\":0,\"publisher\":{\"@id\":\"https:\\\/\\\/fuentesfidedignas.com.mx\\\/#organization\"},\"image\":{\"@id\":\"https:\\\/\\\/fuentesfidedignas.com.mx\\\/index.php\\\/2021\\\/08\\\/14\\\/huracan-linda-ya-es-categoria-4-esta-es-su-nueva-trayectoria\\\/#primaryimage\"},\"thumbnailUrl\":\"https:\\\/\\\/fuentesfidedignas.com.mx\\\/wp-content\\\/uploads\\\/2021\\\/08\\\/linda.jpg\",\"articleSection\":[\"NOTA PRINCIPAL\"],\"inLanguage\":\"es\",\"potentialAction\":[{\"@type\":\"CommentAction\",\"name\":\"Comment\",\"target\":[\"https:\\\/\\\/fuentesfidedignas.com.mx\\\/index.php\\\/2021\\\/08\\\/14\\\/huracan-linda-ya-es-categoria-4-esta-es-su-nueva-trayectoria\\\/#respond\"]}]},{\"@type\":\"WebPage\",\"@id\":\"https:\\\/\\\/fuentesfidedignas.com.mx\\\/index.php\\\/2021\\\/08\\\/14\\\/huracan-linda-ya-es-categoria-4-esta-es-su-nueva-trayectoria\\\/\",\"url\":\"https:\\\/\\\/fuentesfidedignas.com.mx\\\/index.php\\\/2021\\\/08\\\/14\\\/huracan-linda-ya-es-categoria-4-esta-es-su-nueva-trayectoria\\\/\",\"name\":\"Hurac\u00e1n \u201cLinda\u201d ya es categor\u00eda 4: esta es su nueva trayectoria - Fuentes Fidedignas\",\"isPartOf\":{\"@id\":\"https:\\\/\\\/fuentesfidedignas.com.mx\\\/#website\"},\"primaryImageOfPage\":{\"@id\":\"https:\\\/\\\/fuentesfidedignas.com.mx\\\/index.php\\\/2021\\\/08\\\/14\\\/huracan-linda-ya-es-categoria-4-esta-es-su-nueva-trayectoria\\\/#primaryimage\"},\"image\":{\"@id\":\"https:\\\/\\\/fuentesfidedignas.com.mx\\\/index.php\\\/2021\\\/08\\\/14\\\/huracan-linda-ya-es-categoria-4-esta-es-su-nueva-trayectoria\\\/#primaryimage\"},\"thumbnailUrl\":\"https:\\\/\\\/fuentesfidedignas.com.mx\\\/wp-content\\\/uploads\\\/2021\\\/08\\\/linda.jpg\",\"datePublished\":\"2021-08-14T18:39:01+00:00\",\"dateModified\":\"2021-08-14T18:39:03+00:00\",\"breadcrumb\":{\"@id\":\"https:\\\/\\\/fuentesfidedignas.com.mx\\\/index.php\\\/2021\\\/08\\\/14\\\/huracan-linda-ya-es-categoria-4-esta-es-su-nueva-trayectoria\\\/#breadcrumb\"},\"inLanguage\":\"es\",\"potentialAction\":[{\"@type\":\"ReadAction\",\"target\":[\"https:\\\/\\\/fuentesfidedignas.com.mx\\\/index.php\\\/2021\\\/08\\\/14\\\/huracan-linda-ya-es-categoria-4-esta-es-su-nueva-trayectoria\\\/\"]}]},{\"@type\":\"ImageObject\",\"inLanguage\":\"es\",\"@id\":\"https:\\\/\\\/fuentesfidedignas.com.mx\\\/index.php\\\/2021\\\/08\\\/14\\\/huracan-linda-ya-es-categoria-4-esta-es-su-nueva-trayectoria\\\/#primaryimage\",\"url\":\"https:\\\/\\\/fuentesfidedignas.com.mx\\\/wp-content\\\/uploads\\\/2021\\\/08\\\/linda.jpg\",\"contentUrl\":\"https:\\\/\\\/fuentesfidedignas.com.mx\\\/wp-content\\\/uploads\\\/2021\\\/08\\\/linda.jpg\",\"width\":768,\"height\":512},{\"@type\":\"BreadcrumbList\",\"@id\":\"https:\\\/\\\/fuentesfidedignas.com.mx\\\/index.php\\\/2021\\\/08\\\/14\\\/huracan-linda-ya-es-categoria-4-esta-es-su-nueva-trayectoria\\\/#breadcrumb\",\"itemListElement\":[{\"@type\":\"ListItem\",\"position\":1,\"name\":\"Inicio\",\"item\":\"https:\\\/\\\/fuentesfidedignas.com.mx\\\/\"},{\"@type\":\"ListItem\",\"position\":2,\"name\":\"Hurac\u00e1n \u201cLinda\u201d ya es categor\u00eda 4: esta es su nueva trayectoria\"}]},{\"@type\":\"WebSite\",\"@id\":\"https:\\\/\\\/fuentesfidedignas.com.mx\\\/#website\",\"url\":\"https:\\\/\\\/fuentesfidedignas.com.mx\\\/\",\"name\":\"Fuentes Fidedignas\",\"description\":\"Otro sitio realizado con WordPress\",\"publisher\":{\"@id\":\"https:\\\/\\\/fuentesfidedignas.com.mx\\\/#organization\"},\"potentialAction\":[{\"@type\":\"SearchAction\",\"target\":{\"@type\":\"EntryPoint\",\"urlTemplate\":\"https:\\\/\\\/fuentesfidedignas.com.mx\\\/?s={search_term_string}\"},\"query-input\":{\"@type\":\"PropertyValueSpecification\",\"valueRequired\":true,\"valueName\":\"search_term_string\"}}],\"inLanguage\":\"es\"},{\"@type\":\"Organization\",\"@id\":\"https:\\\/\\\/fuentesfidedignas.com.mx\\\/#organization\",\"name\":\"Fuentes Fidedignas\",\"url\":\"https:\\\/\\\/fuentesfidedignas.com.mx\\\/\",\"logo\":{\"@type\":\"ImageObject\",\"inLanguage\":\"es\",\"@id\":\"https:\\\/\\\/fuentesfidedignas.com.mx\\\/#\\\/schema\\\/logo\\\/image\\\/\",\"url\":\"https:\\\/\\\/fuentesfidedignas.com.mx\\\/wp-content\\\/uploads\\\/2021\\\/04\\\/logo-retina.png\",\"contentUrl\":\"https:\\\/\\\/fuentesfidedignas.com.mx\\\/wp-content\\\/uploads\\\/2021\\\/04\\\/logo-retina.png\",\"width\":280,\"height\":51,\"caption\":\"Fuentes Fidedignas\"},\"image\":{\"@id\":\"https:\\\/\\\/fuentesfidedignas.com.mx\\\/#\\\/schema\\\/logo\\\/image\\\/\"},\"sameAs\":[\"https:\\\/\\\/www.facebook.com\\\/Fuentes-Fidedignas-368234489921644\",\"https:\\\/\\\/x.com\\\/fidedignas\"]},{\"@type\":\"Person\",\"@id\":\"https:\\\/\\\/fuentesfidedignas.com.mx\\\/#\\\/schema\\\/person\\\/8575896a7c1067d352f6c1cd6582c389\",\"name\":\"Infobae\",\"image\":{\"@type\":\"ImageObject\",\"inLanguage\":\"es\",\"@id\":\"https:\\\/\\\/secure.gravatar.com\\\/avatar\\\/e4ec95706f8d1670343f6526fdcec45474bab17475a851434a64ca12b5acba1c?s=96&d=mm&r=g\",\"url\":\"https:\\\/\\\/secure.gravatar.com\\\/avatar\\\/e4ec95706f8d1670343f6526fdcec45474bab17475a851434a64ca12b5acba1c?s=96&d=mm&r=g\",\"contentUrl\":\"https:\\\/\\\/secure.gravatar.com\\\/avatar\\\/e4ec95706f8d1670343f6526fdcec45474bab17475a851434a64ca12b5acba1c?s=96&d=mm&r=g\",\"caption\":\"Infobae\"},\"url\":\"https:\\\/\\\/fuentesfidedignas.com.mx\\\/index.php\\\/author\\\/infobae\\\/\"}]}<\/script>\n<!-- \/ Yoast SEO plugin. -->","yoast_head_json":{"title":"Hurac\u00e1n \u201cLinda\u201d ya es categor\u00eda 4: esta es su nueva trayectoria - Fuentes Fidedignas","robots":{"index":"index","follow":"follow","max-snippet":"max-snippet:-1","max-image-preview":"max-image-preview:large","max-video-preview":"max-video-preview:-1"},"canonical":"https:\/\/fuentesfidedignas.com.mx\/index.php\/2021\/08\/14\/huracan-linda-ya-es-categoria-4-esta-es-su-nueva-trayectoria\/","og_locale":"es_MX","og_type":"article","og_title":"Hurac\u00e1n \u201cLinda\u201d ya es categor\u00eda 4: esta es su nueva trayectoria - Fuentes Fidedignas","og_description":"Linda se hab\u00eda intensificado de tormenta tropical a hurac\u00e1n categor\u00eda 1 el jueves, y este viernes subi\u00f3 a categor\u00eda 2 y 3 en unas horas Ciudad de M\u00e9xico.- El hurac\u00e1n Linda se intensific\u00f3 a categor\u00eda 4 aunque se aleja de las costas del Pac\u00edfico mexicano, inform\u00f3 este s\u00e1bado el Servicio Meteorol\u00f3gico Nacional (SMN). El organismo [&hellip;]","og_url":"https:\/\/fuentesfidedignas.com.mx\/index.php\/2021\/08\/14\/huracan-linda-ya-es-categoria-4-esta-es-su-nueva-trayectoria\/","og_site_name":"Fuentes Fidedignas","article_publisher":"https:\/\/www.facebook.com\/Fuentes-Fidedignas-368234489921644","article_published_time":"2021-08-14T18:39:01+00:00","article_modified_time":"2021-08-14T18:39:03+00:00","og_image":[{"width":768,"height":512,"url":"https:\/\/fuentesfidedignas.com.mx\/wp-content\/uploads\/2021\/08\/linda.jpg","type":"image\/jpeg"}],"author":"Infobae","twitter_card":"summary_large_image","twitter_creator":"@fidedignas","twitter_site":"@fidedignas","twitter_misc":{"Escrito por":"Infobae","Tiempo de lectura":"2 minutos"},"schema":{"@context":"https:\/\/schema.org","@graph":[{"@type":"Article","@id":"https:\/\/fuentesfidedignas.com.mx\/index.php\/2021\/08\/14\/huracan-linda-ya-es-categoria-4-esta-es-su-nueva-trayectoria\/#article","isPartOf":{"@id":"https:\/\/fuentesfidedignas.com.mx\/index.php\/2021\/08\/14\/huracan-linda-ya-es-categoria-4-esta-es-su-nueva-trayectoria\/"},"author":{"name":"Infobae","@id":"https:\/\/fuentesfidedignas.com.mx\/#\/schema\/person\/8575896a7c1067d352f6c1cd6582c389"},"headline":"Hurac\u00e1n \u201cLinda\u201d ya es categor\u00eda 4: esta es su nueva trayectoria","datePublished":"2021-08-14T18:39:01+00:00","dateModified":"2021-08-14T18:39:03+00:00","mainEntityOfPage":{"@id":"https:\/\/fuentesfidedignas.com.mx\/index.php\/2021\/08\/14\/huracan-linda-ya-es-categoria-4-esta-es-su-nueva-trayectoria\/"},"wordCount":441,"commentCount":0,"publisher":{"@id":"https:\/\/fuentesfidedignas.com.mx\/#organization"},"image":{"@id":"https:\/\/fuentesfidedignas.com.mx\/index.php\/2021\/08\/14\/huracan-linda-ya-es-categoria-4-esta-es-su-nueva-trayectoria\/#primaryimage"},"thumbnailUrl":"https:\/\/fuentesfidedignas.com.mx\/wp-content\/uploads\/2021\/08\/linda.jpg","articleSection":["NOTA PRINCIPAL"],"inLanguage":"es","potentialAction":[{"@type":"CommentAction","name":"Comment","target":["https:\/\/fuentesfidedignas.com.mx\/index.php\/2021\/08\/14\/huracan-linda-ya-es-categoria-4-esta-es-su-nueva-trayectoria\/#respond"]}]},{"@type":"WebPage","@id":"https:\/\/fuentesfidedignas.com.mx\/index.php\/2021\/08\/14\/huracan-linda-ya-es-categoria-4-esta-es-su-nueva-trayectoria\/","url":"https:\/\/fuentesfidedignas.com.mx\/index.php\/2021\/08\/14\/huracan-linda-ya-es-categoria-4-esta-es-su-nueva-trayectoria\/","name":"Hurac\u00e1n \u201cLinda\u201d ya es categor\u00eda 4: esta es su nueva trayectoria - Fuentes Fidedignas","isPartOf":{"@id":"https:\/\/fuentesfidedignas.com.mx\/#website"},"primaryImageOfPage":{"@id":"https:\/\/fuentesfidedignas.com.mx\/index.php\/2021\/08\/14\/huracan-linda-ya-es-categoria-4-esta-es-su-nueva-trayectoria\/#primaryimage"},"image":{"@id":"https:\/\/fuentesfidedignas.com.mx\/index.php\/2021\/08\/14\/huracan-linda-ya-es-categoria-4-esta-es-su-nueva-trayectoria\/#primaryimage"},"thumbnailUrl":"https:\/\/fuentesfidedignas.com.mx\/wp-content\/uploads\/2021\/08\/linda.jpg","datePublished":"2021-08-14T18:39:01+00:00","dateModified":"2021-08-14T18:39:03+00:00","breadcrumb":{"@id":"https:\/\/fuentesfidedignas.com.mx\/index.php\/2021\/08\/14\/huracan-linda-ya-es-categoria-4-esta-es-su-nueva-trayectoria\/#breadcrumb"},"inLanguage":"es","potentialAction":[{"@type":"ReadAction","target":["https:\/\/fuentesfidedignas.com.mx\/index.php\/2021\/08\/14\/huracan-linda-ya-es-categoria-4-esta-es-su-nueva-trayectoria\/"]}]},{"@type":"ImageObject","inLanguage":"es","@id":"https:\/\/fuentesfidedignas.com.mx\/index.php\/2021\/08\/14\/huracan-linda-ya-es-categoria-4-esta-es-su-nueva-trayectoria\/#primaryimage","url":"https:\/\/fuentesfidedignas.com.mx\/wp-content\/uploads\/2021\/08\/linda.jpg","contentUrl":"https:\/\/fuentesfidedignas.com.mx\/wp-content\/uploads\/2021\/08\/linda.jpg","width":768,"height":512},{"@type":"BreadcrumbList","@id":"https:\/\/fuentesfidedignas.com.mx\/index.php\/2021\/08\/14\/huracan-linda-ya-es-categoria-4-esta-es-su-nueva-trayectoria\/#breadcrumb","itemListElement":[{"@type":"ListItem","position":1,"name":"Inicio","item":"https:\/\/fuentesfidedignas.com.mx\/"},{"@type":"ListItem","position":2,"name":"Hurac\u00e1n \u201cLinda\u201d ya es categor\u00eda 4: esta es su nueva trayectoria"}]},{"@type":"WebSite","@id":"https:\/\/fuentesfidedignas.com.mx\/#website","url":"https:\/\/fuentesfidedignas.com.mx\/","name":"Fuentes Fidedignas","description":"Otro sitio realizado con WordPress","publisher":{"@id":"https:\/\/fuentesfidedignas.com.mx\/#organization"},"potentialAction":[{"@type":"SearchAction","target":{"@type":"EntryPoint","urlTemplate":"https:\/\/fuentesfidedignas.com.mx\/?s={search_term_string}"},"query-input":{"@type":"PropertyValueSpecification","valueRequired":true,"valueName":"search_term_string"}}],"inLanguage":"es"},{"@type":"Organization","@id":"https:\/\/fuentesfidedignas.com.mx\/#organization","name":"Fuentes Fidedignas","url":"https:\/\/fuentesfidedignas.com.mx\/","logo":{"@type":"ImageObject","inLanguage":"es","@id":"https:\/\/fuentesfidedignas.com.mx\/#\/schema\/logo\/image\/","url":"https:\/\/fuentesfidedignas.com.mx\/wp-content\/uploads\/2021\/04\/logo-retina.png","contentUrl":"https:\/\/fuentesfidedignas.com.mx\/wp-content\/uploads\/2021\/04\/logo-retina.png","width":280,"height":51,"caption":"Fuentes Fidedignas"},"image":{"@id":"https:\/\/fuentesfidedignas.com.mx\/#\/schema\/logo\/image\/"},"sameAs":["https:\/\/www.facebook.com\/Fuentes-Fidedignas-368234489921644","https:\/\/x.com\/fidedignas"]},{"@type":"Person","@id":"https:\/\/fuentesfidedignas.com.mx\/#\/schema\/person\/8575896a7c1067d352f6c1cd6582c389","name":"Infobae","image":{"@type":"ImageObject","inLanguage":"es","@id":"https:\/\/secure.gravatar.com\/avatar\/e4ec95706f8d1670343f6526fdcec45474bab17475a851434a64ca12b5acba1c?s=96&d=mm&r=g","url":"https:\/\/secure.gravatar.com\/avatar\/e4ec95706f8d1670343f6526fdcec45474bab17475a851434a64ca12b5acba1c?s=96&d=mm&r=g","contentUrl":"https:\/\/secure.gravatar.com\/avatar\/e4ec95706f8d1670343f6526fdcec45474bab17475a851434a64ca12b5acba1c?s=96&d=mm&r=g","caption":"Infobae"},"url":"https:\/\/fuentesfidedignas.com.mx\/index.php\/author\/infobae\/"}]}},"_links":{"self":[{"href":"https:\/\/fuentesfidedignas.com.mx\/index.php\/wp-json\/wp\/v2\/posts\/9833","targetHints":{"allow":["GET"]}}],"collection":[{"href":"https:\/\/fuentesfidedignas.com.mx\/index.php\/wp-json\/wp\/v2\/posts"}],"about":[{"href":"https:\/\/fuentesfidedignas.com.mx\/index.php\/wp-json\/wp\/v2\/types\/post"}],"author":[{"embeddable":true,"href":"https:\/\/fuentesfidedignas.com.mx\/index.php\/wp-json\/wp\/v2\/users\/41"}],"replies":[{"embeddable":true,"href":"https:\/\/fuentesfidedignas.com.mx\/index.php\/wp-json\/wp\/v2\/comments?post=9833"}],"version-history":[{"count":1,"href":"https:\/\/fuentesfidedignas.com.mx\/index.php\/wp-json\/wp\/v2\/posts\/9833\/revisions"}],"predecessor-version":[{"id":9835,"href":"https:\/\/fuentesfidedignas.com.mx\/index.php\/wp-json\/wp\/v2\/posts\/9833\/revisions\/9835"}],"wp:featuredmedia":[{"embeddable":true,"href":"https:\/\/fuentesfidedignas.com.mx\/index.php\/wp-json\/wp\/v2\/media\/9834"}],"wp:attachment":[{"href":"https:\/\/fuentesfidedignas.com.mx\/index.php\/wp-json\/wp\/v2\/media?parent=9833"}],"wp:term":[{"taxonomy":"category","embeddable":true,"href":"https:\/\/fuentesfidedignas.com.mx\/index.php\/wp-json\/wp\/v2\/categories?post=9833"},{"taxonomy":"post_tag","embeddable":true,"href":"https:\/\/fuentesfidedignas.com.mx\/index.php\/wp-json\/wp\/v2\/tags?post=9833"}],"curies":[{"name":"wp","href":"https:\/\/api.w.org\/{rel}","templated":true}]}}