{"id":98329,"date":"2024-12-31T08:03:24","date_gmt":"2024-12-31T15:03:24","guid":{"rendered":"https:\/\/fuentesfidedignas.com.mx\/?p=98329"},"modified":"2024-12-31T08:03:28","modified_gmt":"2024-12-31T15:03:28","slug":"restaurante-ihop-anuncia-cierre-de-su-sucursal-en-culiacan-por-ola-de-violencia-en-sinaloa","status":"publish","type":"post","link":"https:\/\/fuentesfidedignas.com.mx\/index.php\/2024\/12\/31\/restaurante-ihop-anuncia-cierre-de-su-sucursal-en-culiacan-por-ola-de-violencia-en-sinaloa\/","title":{"rendered":"Restaurante IHOP anuncia cierre de su sucursal en Culiac\u00e1n por ola de violencia en Sinaloa"},"content":{"rendered":"\n<h2 class=\"wp-block-heading\">Paralelamente, el gobierno implement\u00f3 estrategias de seguridad, como el despliegue de 200 elementos de las Fuerzas Especiales, para combatir los altos \u00edndices de criminalidad en el estado.<\/h2>\n\n\n\n<p>La inseguridad en la capital sinaloense cobr\u00f3 una nueva v\u00edctima: el emblem\u00e1tico restaurante IHOP, que anunci\u00f3 su cierre definitivo.&nbsp;<\/p>\n\n\n\n<p>A trav\u00e9s de un comunicado, la franquicia inform\u00f3 que esta decisi\u00f3n fue tomada para priorizar la seguridad de sus empleados y clientes.<\/p>\n\n\n\n<p>\u201cCon mucho pesar, les informamos que IHOP Culiac\u00e1n cierra sus puertas debido a la creciente inseguridad en nuestra ciudad. Esta dif\u00edcil decisi\u00f3n busca priorizar la seguridad de nuestro equipo y de ustedes, nuestros clientes\u201d, se\u00f1ala el comunicado.<br><\/p>\n\n\n\n<p>La cadena de restaurantes The International House of Pancakes (IHOP, por sus siglas en ingl\u00e9s) confirm\u00f3 que la sucursal ubicada en Blvd. Diego Valadez R\u00edos, Poniente 1695, Desarrollo Urbano Tres R\u00edos, en Culiac\u00e1n Rosales, Sinaloa, cerrar\u00e1 sus puertas debido a la inseguridad que prevalece en la entidad.<\/p>\n\n\n\n<p>Durante su operaci\u00f3n en la ciudad, IHOP se convirti\u00f3 en un lugar ic\u00f3nico para desayunos en familia, celebraciones y momentos de convivencia, dejando huella en la comunidad.&nbsp;<\/p>\n\n\n\n<p>En su mensaje, el restaurante agradeci\u00f3 la lealtad de sus clientes y expres\u00f3 su esperanza de que, en un futuro, las circunstancias permitan su regreso.<\/p>\n\n\n\n<p>Este cierre no es un caso aislado. Otros negocios en la regi\u00f3n han reportado dificultades para operar ante los altos niveles de violencia, lo que afecta tanto a peque\u00f1os comercios como a franquicias internacionales.<\/p>\n\n\n\n<figure class=\"wp-block-image size-large\"><img decoding=\"async\" width=\"698\" height=\"1024\" src=\"https:\/\/fuentesfidedignas.com.mx\/wp-content\/uploads\/2024\/12\/IMG_2809-698x1024.jpg\" alt=\"\" class=\"wp-image-98330\" srcset=\"https:\/\/fuentesfidedignas.com.mx\/wp-content\/uploads\/2024\/12\/IMG_2809-698x1024.jpg 698w, https:\/\/fuentesfidedignas.com.mx\/wp-content\/uploads\/2024\/12\/IMG_2809-204x300.jpg 204w, https:\/\/fuentesfidedignas.com.mx\/wp-content\/uploads\/2024\/12\/IMG_2809-768x1127.jpg 768w, https:\/\/fuentesfidedignas.com.mx\/wp-content\/uploads\/2024\/12\/IMG_2809-1047x1536.jpg 1047w, https:\/\/fuentesfidedignas.com.mx\/wp-content\/uploads\/2024\/12\/IMG_2809-286x420.jpg 286w, https:\/\/fuentesfidedignas.com.mx\/wp-content\/uploads\/2024\/12\/IMG_2809-572x840.jpg 572w, https:\/\/fuentesfidedignas.com.mx\/wp-content\/uploads\/2024\/12\/IMG_2809-300x440.jpg 300w, https:\/\/fuentesfidedignas.com.mx\/wp-content\/uploads\/2024\/12\/IMG_2809-600x880.jpg 600w, https:\/\/fuentesfidedignas.com.mx\/wp-content\/uploads\/2024\/12\/IMG_2809-696x1021.jpg 696w, https:\/\/fuentesfidedignas.com.mx\/wp-content\/uploads\/2024\/12\/IMG_2809-1068x1567.jpg 1068w, https:\/\/fuentesfidedignas.com.mx\/wp-content\/uploads\/2024\/12\/IMG_2809.jpg 1179w\" sizes=\"(max-width: 698px) 100vw, 698px\" \/><\/figure>\n\n\n\n<p><a href=\"https:\/\/www.instagram.com\/p\/DENuI8rg-mp\/?igsh=d2w4NjNjOXUwNW1t\">https:\/\/www.instagram.com\/p\/DENuI8rg-mp\/?igsh=d2w4NjNjOXUwNW1t<\/a><\/p>\n","protected":false},"excerpt":{"rendered":"<p>Paralelamente, el gobierno implement\u00f3 estrategias de seguridad, como el despliegue de 200 elementos de las Fuerzas Especiales, para combatir los altos \u00edndices de criminalidad en el estado. La inseguridad en la capital sinaloense cobr\u00f3 una nueva v\u00edctima: el emblem\u00e1tico restaurante IHOP, que anunci\u00f3 su cierre definitivo.&nbsp; A trav\u00e9s de un comunicado, la franquicia inform\u00f3 que [&hellip;]<\/p>\n","protected":false},"author":9,"featured_media":98330,"comment_status":"open","ping_status":"open","sticky":false,"template":"","format":"standard","meta":{"tdm_status":"","tdm_grid_status":"","footnotes":""},"categories":[38],"tags":[],"class_list":{"0":"post-98329","1":"post","2":"type-post","3":"status-publish","4":"format-standard","5":"has-post-thumbnail","7":"category-noticias-locales"},"yoast_head":"<!-- This site is optimized with the Yoast SEO plugin v27.5 - https:\/\/yoast.com\/product\/yoast-seo-wordpress\/ -->\n<title>Restaurante IHOP anuncia cierre de su sucursal en Culiac\u00e1n por ola de violencia en Sinaloa - Fuentes Fidedignas<\/title>\n<meta name=\"robots\" content=\"index, follow, max-snippet:-1, max-image-preview:large, max-video-preview:-1\" \/>\n<link rel=\"canonical\" href=\"https:\/\/fuentesfidedignas.com.mx\/index.php\/2024\/12\/31\/restaurante-ihop-anuncia-cierre-de-su-sucursal-en-culiacan-por-ola-de-violencia-en-sinaloa\/\" \/>\n<meta property=\"og:locale\" content=\"es_MX\" \/>\n<meta property=\"og:type\" content=\"article\" \/>\n<meta property=\"og:title\" content=\"Restaurante IHOP anuncia cierre de su sucursal en Culiac\u00e1n por ola de violencia en Sinaloa - Fuentes Fidedignas\" \/>\n<meta property=\"og:description\" content=\"Paralelamente, el gobierno implement\u00f3 estrategias de seguridad, como el despliegue de 200 elementos de las Fuerzas Especiales, para combatir los altos \u00edndices de criminalidad en el estado. La inseguridad en la capital sinaloense cobr\u00f3 una nueva v\u00edctima: el emblem\u00e1tico restaurante IHOP, que anunci\u00f3 su cierre definitivo.&nbsp; A trav\u00e9s de un comunicado, la franquicia inform\u00f3 que [&hellip;]\" \/>\n<meta property=\"og:url\" content=\"https:\/\/fuentesfidedignas.com.mx\/index.php\/2024\/12\/31\/restaurante-ihop-anuncia-cierre-de-su-sucursal-en-culiacan-por-ola-de-violencia-en-sinaloa\/\" \/>\n<meta property=\"og:site_name\" content=\"Fuentes Fidedignas\" \/>\n<meta property=\"article:publisher\" content=\"https:\/\/www.facebook.com\/Fuentes-Fidedignas-368234489921644\" \/>\n<meta property=\"article:published_time\" content=\"2024-12-31T15:03:24+00:00\" \/>\n<meta property=\"article:modified_time\" content=\"2024-12-31T15:03:28+00:00\" \/>\n<meta property=\"og:image\" content=\"https:\/\/fuentesfidedignas.com.mx\/wp-content\/uploads\/2024\/12\/IMG_2809.jpg\" \/>\n\t<meta property=\"og:image:width\" content=\"1179\" \/>\n\t<meta property=\"og:image:height\" content=\"1730\" \/>\n\t<meta property=\"og:image:type\" content=\"image\/jpeg\" \/>\n<meta name=\"author\" content=\"Milenio\" \/>\n<meta name=\"twitter:card\" content=\"summary_large_image\" \/>\n<meta name=\"twitter:creator\" content=\"@fidedignas\" \/>\n<meta name=\"twitter:site\" content=\"@fidedignas\" \/>\n<meta name=\"twitter:label1\" content=\"Escrito por\" \/>\n\t<meta name=\"twitter:data1\" content=\"Milenio\" \/>\n\t<meta name=\"twitter:label2\" content=\"Tiempo de lectura\" \/>\n\t<meta name=\"twitter:data2\" content=\"2 minutos\" \/>\n<script type=\"application\/ld+json\" class=\"yoast-schema-graph\">{\"@context\":\"https:\\\/\\\/schema.org\",\"@graph\":[{\"@type\":\"Article\",\"@id\":\"https:\\\/\\\/fuentesfidedignas.com.mx\\\/index.php\\\/2024\\\/12\\\/31\\\/restaurante-ihop-anuncia-cierre-de-su-sucursal-en-culiacan-por-ola-de-violencia-en-sinaloa\\\/#article\",\"isPartOf\":{\"@id\":\"https:\\\/\\\/fuentesfidedignas.com.mx\\\/index.php\\\/2024\\\/12\\\/31\\\/restaurante-ihop-anuncia-cierre-de-su-sucursal-en-culiacan-por-ola-de-violencia-en-sinaloa\\\/\"},\"author\":{\"name\":\"Milenio\",\"@id\":\"https:\\\/\\\/fuentesfidedignas.com.mx\\\/#\\\/schema\\\/person\\\/47ec0135738f4b0c7495f06a77a2c976\"},\"headline\":\"Restaurante IHOP anuncia cierre de su sucursal en Culiac\u00e1n por ola de violencia en Sinaloa\",\"datePublished\":\"2024-12-31T15:03:24+00:00\",\"dateModified\":\"2024-12-31T15:03:28+00:00\",\"mainEntityOfPage\":{\"@id\":\"https:\\\/\\\/fuentesfidedignas.com.mx\\\/index.php\\\/2024\\\/12\\\/31\\\/restaurante-ihop-anuncia-cierre-de-su-sucursal-en-culiacan-por-ola-de-violencia-en-sinaloa\\\/\"},\"wordCount\":282,\"commentCount\":0,\"publisher\":{\"@id\":\"https:\\\/\\\/fuentesfidedignas.com.mx\\\/#organization\"},\"image\":{\"@id\":\"https:\\\/\\\/fuentesfidedignas.com.mx\\\/index.php\\\/2024\\\/12\\\/31\\\/restaurante-ihop-anuncia-cierre-de-su-sucursal-en-culiacan-por-ola-de-violencia-en-sinaloa\\\/#primaryimage\"},\"thumbnailUrl\":\"https:\\\/\\\/fuentesfidedignas.com.mx\\\/wp-content\\\/uploads\\\/2024\\\/12\\\/IMG_2809.jpg\",\"articleSection\":[\"NOTICIAS LOCALES\"],\"inLanguage\":\"es\",\"potentialAction\":[{\"@type\":\"CommentAction\",\"name\":\"Comment\",\"target\":[\"https:\\\/\\\/fuentesfidedignas.com.mx\\\/index.php\\\/2024\\\/12\\\/31\\\/restaurante-ihop-anuncia-cierre-de-su-sucursal-en-culiacan-por-ola-de-violencia-en-sinaloa\\\/#respond\"]}]},{\"@type\":\"WebPage\",\"@id\":\"https:\\\/\\\/fuentesfidedignas.com.mx\\\/index.php\\\/2024\\\/12\\\/31\\\/restaurante-ihop-anuncia-cierre-de-su-sucursal-en-culiacan-por-ola-de-violencia-en-sinaloa\\\/\",\"url\":\"https:\\\/\\\/fuentesfidedignas.com.mx\\\/index.php\\\/2024\\\/12\\\/31\\\/restaurante-ihop-anuncia-cierre-de-su-sucursal-en-culiacan-por-ola-de-violencia-en-sinaloa\\\/\",\"name\":\"Restaurante IHOP anuncia cierre de su sucursal en Culiac\u00e1n por ola de violencia en Sinaloa - Fuentes Fidedignas\",\"isPartOf\":{\"@id\":\"https:\\\/\\\/fuentesfidedignas.com.mx\\\/#website\"},\"primaryImageOfPage\":{\"@id\":\"https:\\\/\\\/fuentesfidedignas.com.mx\\\/index.php\\\/2024\\\/12\\\/31\\\/restaurante-ihop-anuncia-cierre-de-su-sucursal-en-culiacan-por-ola-de-violencia-en-sinaloa\\\/#primaryimage\"},\"image\":{\"@id\":\"https:\\\/\\\/fuentesfidedignas.com.mx\\\/index.php\\\/2024\\\/12\\\/31\\\/restaurante-ihop-anuncia-cierre-de-su-sucursal-en-culiacan-por-ola-de-violencia-en-sinaloa\\\/#primaryimage\"},\"thumbnailUrl\":\"https:\\\/\\\/fuentesfidedignas.com.mx\\\/wp-content\\\/uploads\\\/2024\\\/12\\\/IMG_2809.jpg\",\"datePublished\":\"2024-12-31T15:03:24+00:00\",\"dateModified\":\"2024-12-31T15:03:28+00:00\",\"breadcrumb\":{\"@id\":\"https:\\\/\\\/fuentesfidedignas.com.mx\\\/index.php\\\/2024\\\/12\\\/31\\\/restaurante-ihop-anuncia-cierre-de-su-sucursal-en-culiacan-por-ola-de-violencia-en-sinaloa\\\/#breadcrumb\"},\"inLanguage\":\"es\",\"potentialAction\":[{\"@type\":\"ReadAction\",\"target\":[\"https:\\\/\\\/fuentesfidedignas.com.mx\\\/index.php\\\/2024\\\/12\\\/31\\\/restaurante-ihop-anuncia-cierre-de-su-sucursal-en-culiacan-por-ola-de-violencia-en-sinaloa\\\/\"]}]},{\"@type\":\"ImageObject\",\"inLanguage\":\"es\",\"@id\":\"https:\\\/\\\/fuentesfidedignas.com.mx\\\/index.php\\\/2024\\\/12\\\/31\\\/restaurante-ihop-anuncia-cierre-de-su-sucursal-en-culiacan-por-ola-de-violencia-en-sinaloa\\\/#primaryimage\",\"url\":\"https:\\\/\\\/fuentesfidedignas.com.mx\\\/wp-content\\\/uploads\\\/2024\\\/12\\\/IMG_2809.jpg\",\"contentUrl\":\"https:\\\/\\\/fuentesfidedignas.com.mx\\\/wp-content\\\/uploads\\\/2024\\\/12\\\/IMG_2809.jpg\",\"width\":1179,\"height\":1730},{\"@type\":\"BreadcrumbList\",\"@id\":\"https:\\\/\\\/fuentesfidedignas.com.mx\\\/index.php\\\/2024\\\/12\\\/31\\\/restaurante-ihop-anuncia-cierre-de-su-sucursal-en-culiacan-por-ola-de-violencia-en-sinaloa\\\/#breadcrumb\",\"itemListElement\":[{\"@type\":\"ListItem\",\"position\":1,\"name\":\"Inicio\",\"item\":\"https:\\\/\\\/fuentesfidedignas.com.mx\\\/\"},{\"@type\":\"ListItem\",\"position\":2,\"name\":\"Restaurante IHOP anuncia cierre de su sucursal en Culiac\u00e1n por ola de violencia en Sinaloa\"}]},{\"@type\":\"WebSite\",\"@id\":\"https:\\\/\\\/fuentesfidedignas.com.mx\\\/#website\",\"url\":\"https:\\\/\\\/fuentesfidedignas.com.mx\\\/\",\"name\":\"Fuentes Fidedignas\",\"description\":\"Otro sitio realizado con WordPress\",\"publisher\":{\"@id\":\"https:\\\/\\\/fuentesfidedignas.com.mx\\\/#organization\"},\"potentialAction\":[{\"@type\":\"SearchAction\",\"target\":{\"@type\":\"EntryPoint\",\"urlTemplate\":\"https:\\\/\\\/fuentesfidedignas.com.mx\\\/?s={search_term_string}\"},\"query-input\":{\"@type\":\"PropertyValueSpecification\",\"valueRequired\":true,\"valueName\":\"search_term_string\"}}],\"inLanguage\":\"es\"},{\"@type\":\"Organization\",\"@id\":\"https:\\\/\\\/fuentesfidedignas.com.mx\\\/#organization\",\"name\":\"Fuentes Fidedignas\",\"url\":\"https:\\\/\\\/fuentesfidedignas.com.mx\\\/\",\"logo\":{\"@type\":\"ImageObject\",\"inLanguage\":\"es\",\"@id\":\"https:\\\/\\\/fuentesfidedignas.com.mx\\\/#\\\/schema\\\/logo\\\/image\\\/\",\"url\":\"https:\\\/\\\/fuentesfidedignas.com.mx\\\/wp-content\\\/uploads\\\/2021\\\/04\\\/logo-retina.png\",\"contentUrl\":\"https:\\\/\\\/fuentesfidedignas.com.mx\\\/wp-content\\\/uploads\\\/2021\\\/04\\\/logo-retina.png\",\"width\":280,\"height\":51,\"caption\":\"Fuentes Fidedignas\"},\"image\":{\"@id\":\"https:\\\/\\\/fuentesfidedignas.com.mx\\\/#\\\/schema\\\/logo\\\/image\\\/\"},\"sameAs\":[\"https:\\\/\\\/www.facebook.com\\\/Fuentes-Fidedignas-368234489921644\",\"https:\\\/\\\/x.com\\\/fidedignas\"]},{\"@type\":\"Person\",\"@id\":\"https:\\\/\\\/fuentesfidedignas.com.mx\\\/#\\\/schema\\\/person\\\/47ec0135738f4b0c7495f06a77a2c976\",\"name\":\"Milenio\",\"image\":{\"@type\":\"ImageObject\",\"inLanguage\":\"es\",\"@id\":\"https:\\\/\\\/secure.gravatar.com\\\/avatar\\\/acabf7b54753e51c2c76457954577c236b3b764789b19879565769739d1e4a75?s=96&d=mm&r=g\",\"url\":\"https:\\\/\\\/secure.gravatar.com\\\/avatar\\\/acabf7b54753e51c2c76457954577c236b3b764789b19879565769739d1e4a75?s=96&d=mm&r=g\",\"contentUrl\":\"https:\\\/\\\/secure.gravatar.com\\\/avatar\\\/acabf7b54753e51c2c76457954577c236b3b764789b19879565769739d1e4a75?s=96&d=mm&r=g\",\"caption\":\"Milenio\"},\"url\":\"https:\\\/\\\/fuentesfidedignas.com.mx\\\/index.php\\\/author\\\/milenio\\\/\"}]}<\/script>\n<!-- \/ Yoast SEO plugin. -->","yoast_head_json":{"title":"Restaurante IHOP anuncia cierre de su sucursal en Culiac\u00e1n por ola de violencia en Sinaloa - Fuentes Fidedignas","robots":{"index":"index","follow":"follow","max-snippet":"max-snippet:-1","max-image-preview":"max-image-preview:large","max-video-preview":"max-video-preview:-1"},"canonical":"https:\/\/fuentesfidedignas.com.mx\/index.php\/2024\/12\/31\/restaurante-ihop-anuncia-cierre-de-su-sucursal-en-culiacan-por-ola-de-violencia-en-sinaloa\/","og_locale":"es_MX","og_type":"article","og_title":"Restaurante IHOP anuncia cierre de su sucursal en Culiac\u00e1n por ola de violencia en Sinaloa - Fuentes Fidedignas","og_description":"Paralelamente, el gobierno implement\u00f3 estrategias de seguridad, como el despliegue de 200 elementos de las Fuerzas Especiales, para combatir los altos \u00edndices de criminalidad en el estado. La inseguridad en la capital sinaloense cobr\u00f3 una nueva v\u00edctima: el emblem\u00e1tico restaurante IHOP, que anunci\u00f3 su cierre definitivo.&nbsp; A trav\u00e9s de un comunicado, la franquicia inform\u00f3 que [&hellip;]","og_url":"https:\/\/fuentesfidedignas.com.mx\/index.php\/2024\/12\/31\/restaurante-ihop-anuncia-cierre-de-su-sucursal-en-culiacan-por-ola-de-violencia-en-sinaloa\/","og_site_name":"Fuentes Fidedignas","article_publisher":"https:\/\/www.facebook.com\/Fuentes-Fidedignas-368234489921644","article_published_time":"2024-12-31T15:03:24+00:00","article_modified_time":"2024-12-31T15:03:28+00:00","og_image":[{"width":1179,"height":1730,"url":"https:\/\/fuentesfidedignas.com.mx\/wp-content\/uploads\/2024\/12\/IMG_2809.jpg","type":"image\/jpeg"}],"author":"Milenio","twitter_card":"summary_large_image","twitter_creator":"@fidedignas","twitter_site":"@fidedignas","twitter_misc":{"Escrito por":"Milenio","Tiempo de lectura":"2 minutos"},"schema":{"@context":"https:\/\/schema.org","@graph":[{"@type":"Article","@id":"https:\/\/fuentesfidedignas.com.mx\/index.php\/2024\/12\/31\/restaurante-ihop-anuncia-cierre-de-su-sucursal-en-culiacan-por-ola-de-violencia-en-sinaloa\/#article","isPartOf":{"@id":"https:\/\/fuentesfidedignas.com.mx\/index.php\/2024\/12\/31\/restaurante-ihop-anuncia-cierre-de-su-sucursal-en-culiacan-por-ola-de-violencia-en-sinaloa\/"},"author":{"name":"Milenio","@id":"https:\/\/fuentesfidedignas.com.mx\/#\/schema\/person\/47ec0135738f4b0c7495f06a77a2c976"},"headline":"Restaurante IHOP anuncia cierre de su sucursal en Culiac\u00e1n por ola de violencia en Sinaloa","datePublished":"2024-12-31T15:03:24+00:00","dateModified":"2024-12-31T15:03:28+00:00","mainEntityOfPage":{"@id":"https:\/\/fuentesfidedignas.com.mx\/index.php\/2024\/12\/31\/restaurante-ihop-anuncia-cierre-de-su-sucursal-en-culiacan-por-ola-de-violencia-en-sinaloa\/"},"wordCount":282,"commentCount":0,"publisher":{"@id":"https:\/\/fuentesfidedignas.com.mx\/#organization"},"image":{"@id":"https:\/\/fuentesfidedignas.com.mx\/index.php\/2024\/12\/31\/restaurante-ihop-anuncia-cierre-de-su-sucursal-en-culiacan-por-ola-de-violencia-en-sinaloa\/#primaryimage"},"thumbnailUrl":"https:\/\/fuentesfidedignas.com.mx\/wp-content\/uploads\/2024\/12\/IMG_2809.jpg","articleSection":["NOTICIAS LOCALES"],"inLanguage":"es","potentialAction":[{"@type":"CommentAction","name":"Comment","target":["https:\/\/fuentesfidedignas.com.mx\/index.php\/2024\/12\/31\/restaurante-ihop-anuncia-cierre-de-su-sucursal-en-culiacan-por-ola-de-violencia-en-sinaloa\/#respond"]}]},{"@type":"WebPage","@id":"https:\/\/fuentesfidedignas.com.mx\/index.php\/2024\/12\/31\/restaurante-ihop-anuncia-cierre-de-su-sucursal-en-culiacan-por-ola-de-violencia-en-sinaloa\/","url":"https:\/\/fuentesfidedignas.com.mx\/index.php\/2024\/12\/31\/restaurante-ihop-anuncia-cierre-de-su-sucursal-en-culiacan-por-ola-de-violencia-en-sinaloa\/","name":"Restaurante IHOP anuncia cierre de su sucursal en Culiac\u00e1n por ola de violencia en Sinaloa - Fuentes Fidedignas","isPartOf":{"@id":"https:\/\/fuentesfidedignas.com.mx\/#website"},"primaryImageOfPage":{"@id":"https:\/\/fuentesfidedignas.com.mx\/index.php\/2024\/12\/31\/restaurante-ihop-anuncia-cierre-de-su-sucursal-en-culiacan-por-ola-de-violencia-en-sinaloa\/#primaryimage"},"image":{"@id":"https:\/\/fuentesfidedignas.com.mx\/index.php\/2024\/12\/31\/restaurante-ihop-anuncia-cierre-de-su-sucursal-en-culiacan-por-ola-de-violencia-en-sinaloa\/#primaryimage"},"thumbnailUrl":"https:\/\/fuentesfidedignas.com.mx\/wp-content\/uploads\/2024\/12\/IMG_2809.jpg","datePublished":"2024-12-31T15:03:24+00:00","dateModified":"2024-12-31T15:03:28+00:00","breadcrumb":{"@id":"https:\/\/fuentesfidedignas.com.mx\/index.php\/2024\/12\/31\/restaurante-ihop-anuncia-cierre-de-su-sucursal-en-culiacan-por-ola-de-violencia-en-sinaloa\/#breadcrumb"},"inLanguage":"es","potentialAction":[{"@type":"ReadAction","target":["https:\/\/fuentesfidedignas.com.mx\/index.php\/2024\/12\/31\/restaurante-ihop-anuncia-cierre-de-su-sucursal-en-culiacan-por-ola-de-violencia-en-sinaloa\/"]}]},{"@type":"ImageObject","inLanguage":"es","@id":"https:\/\/fuentesfidedignas.com.mx\/index.php\/2024\/12\/31\/restaurante-ihop-anuncia-cierre-de-su-sucursal-en-culiacan-por-ola-de-violencia-en-sinaloa\/#primaryimage","url":"https:\/\/fuentesfidedignas.com.mx\/wp-content\/uploads\/2024\/12\/IMG_2809.jpg","contentUrl":"https:\/\/fuentesfidedignas.com.mx\/wp-content\/uploads\/2024\/12\/IMG_2809.jpg","width":1179,"height":1730},{"@type":"BreadcrumbList","@id":"https:\/\/fuentesfidedignas.com.mx\/index.php\/2024\/12\/31\/restaurante-ihop-anuncia-cierre-de-su-sucursal-en-culiacan-por-ola-de-violencia-en-sinaloa\/#breadcrumb","itemListElement":[{"@type":"ListItem","position":1,"name":"Inicio","item":"https:\/\/fuentesfidedignas.com.mx\/"},{"@type":"ListItem","position":2,"name":"Restaurante IHOP anuncia cierre de su sucursal en Culiac\u00e1n por ola de violencia en Sinaloa"}]},{"@type":"WebSite","@id":"https:\/\/fuentesfidedignas.com.mx\/#website","url":"https:\/\/fuentesfidedignas.com.mx\/","name":"Fuentes Fidedignas","description":"Otro sitio realizado con WordPress","publisher":{"@id":"https:\/\/fuentesfidedignas.com.mx\/#organization"},"potentialAction":[{"@type":"SearchAction","target":{"@type":"EntryPoint","urlTemplate":"https:\/\/fuentesfidedignas.com.mx\/?s={search_term_string}"},"query-input":{"@type":"PropertyValueSpecification","valueRequired":true,"valueName":"search_term_string"}}],"inLanguage":"es"},{"@type":"Organization","@id":"https:\/\/fuentesfidedignas.com.mx\/#organization","name":"Fuentes Fidedignas","url":"https:\/\/fuentesfidedignas.com.mx\/","logo":{"@type":"ImageObject","inLanguage":"es","@id":"https:\/\/fuentesfidedignas.com.mx\/#\/schema\/logo\/image\/","url":"https:\/\/fuentesfidedignas.com.mx\/wp-content\/uploads\/2021\/04\/logo-retina.png","contentUrl":"https:\/\/fuentesfidedignas.com.mx\/wp-content\/uploads\/2021\/04\/logo-retina.png","width":280,"height":51,"caption":"Fuentes Fidedignas"},"image":{"@id":"https:\/\/fuentesfidedignas.com.mx\/#\/schema\/logo\/image\/"},"sameAs":["https:\/\/www.facebook.com\/Fuentes-Fidedignas-368234489921644","https:\/\/x.com\/fidedignas"]},{"@type":"Person","@id":"https:\/\/fuentesfidedignas.com.mx\/#\/schema\/person\/47ec0135738f4b0c7495f06a77a2c976","name":"Milenio","image":{"@type":"ImageObject","inLanguage":"es","@id":"https:\/\/secure.gravatar.com\/avatar\/acabf7b54753e51c2c76457954577c236b3b764789b19879565769739d1e4a75?s=96&d=mm&r=g","url":"https:\/\/secure.gravatar.com\/avatar\/acabf7b54753e51c2c76457954577c236b3b764789b19879565769739d1e4a75?s=96&d=mm&r=g","contentUrl":"https:\/\/secure.gravatar.com\/avatar\/acabf7b54753e51c2c76457954577c236b3b764789b19879565769739d1e4a75?s=96&d=mm&r=g","caption":"Milenio"},"url":"https:\/\/fuentesfidedignas.com.mx\/index.php\/author\/milenio\/"}]}},"_links":{"self":[{"href":"https:\/\/fuentesfidedignas.com.mx\/index.php\/wp-json\/wp\/v2\/posts\/98329","targetHints":{"allow":["GET"]}}],"collection":[{"href":"https:\/\/fuentesfidedignas.com.mx\/index.php\/wp-json\/wp\/v2\/posts"}],"about":[{"href":"https:\/\/fuentesfidedignas.com.mx\/index.php\/wp-json\/wp\/v2\/types\/post"}],"author":[{"embeddable":true,"href":"https:\/\/fuentesfidedignas.com.mx\/index.php\/wp-json\/wp\/v2\/users\/9"}],"replies":[{"embeddable":true,"href":"https:\/\/fuentesfidedignas.com.mx\/index.php\/wp-json\/wp\/v2\/comments?post=98329"}],"version-history":[{"count":1,"href":"https:\/\/fuentesfidedignas.com.mx\/index.php\/wp-json\/wp\/v2\/posts\/98329\/revisions"}],"predecessor-version":[{"id":98331,"href":"https:\/\/fuentesfidedignas.com.mx\/index.php\/wp-json\/wp\/v2\/posts\/98329\/revisions\/98331"}],"wp:featuredmedia":[{"embeddable":true,"href":"https:\/\/fuentesfidedignas.com.mx\/index.php\/wp-json\/wp\/v2\/media\/98330"}],"wp:attachment":[{"href":"https:\/\/fuentesfidedignas.com.mx\/index.php\/wp-json\/wp\/v2\/media?parent=98329"}],"wp:term":[{"taxonomy":"category","embeddable":true,"href":"https:\/\/fuentesfidedignas.com.mx\/index.php\/wp-json\/wp\/v2\/categories?post=98329"},{"taxonomy":"post_tag","embeddable":true,"href":"https:\/\/fuentesfidedignas.com.mx\/index.php\/wp-json\/wp\/v2\/tags?post=98329"}],"curies":[{"name":"wp","href":"https:\/\/api.w.org\/{rel}","templated":true}]}}