{"id":98293,"date":"2024-12-30T06:46:47","date_gmt":"2024-12-30T13:46:47","guid":{"rendered":"https:\/\/fuentesfidedignas.com.mx\/?p=98293"},"modified":"2024-12-30T06:46:50","modified_gmt":"2024-12-30T13:46:50","slug":"trump-replicara-el-modelo-texano-contra-migrantes","status":"publish","type":"post","link":"https:\/\/fuentesfidedignas.com.mx\/index.php\/2024\/12\/30\/trump-replicara-el-modelo-texano-contra-migrantes\/","title":{"rendered":"Trump replicar\u00e1 el modelo texano contra migrantes"},"content":{"rendered":"\n<h2 class=\"wp-block-heading\">En Texas, el gobernador Greg Abbot ha insistido en disuadir la migraci\u00f3n irregular a trav\u00e9s de la implementaci\u00f3n de estrictas medidas.<\/h2>\n\n\n\n<p>Texas es la zona cero del operativo caza migrantes que a partir del 20 de enero se extender\u00e1 a todo Estados Unidos, ahora que Donald Trump tiene en la mira a millones de migrantes sin documentos.&nbsp;<\/p>\n\n\n\n<p>Aqu\u00ed, hasta las organizaciones pro migrantes son acosadas legalmente por el fiscal general, con tal de evitar que fluya el apoyo a trav\u00e9s de donaciones.<br><\/p>\n\n\n\n<p>En el estado gobernado por el republicano Greg Abbott, conocido por su postura antimigrante, no s\u00f3lo hay cientos de elementos de la Guardia Nacional, fuerzas del orden estatal y hasta de Florida que llegaron hace meses; tambi\u00e9n se han colocado boyas y alambres con p\u00faas, dispuestos para resguardar la frontera a lo largo del r\u00edo bravo y hacia el desierto texano.<\/p>\n\n\n\n<p>Los esfuerzos del gobernador aliado trumpista, por reforzar la seguridad en Texas, han representado un costo de 4 mil 500 millones d\u00f3lares desde 2021, cuando se puso en marcha el Operativo Lone Star: todo, con tal de frenar \u201cla invasi\u00f3n\u201d migrante.<\/p>\n\n\n\n<p>Texas es el ejemplo de lo que Donald Trump quiere implementar a nivel nacional. Enviar soldados a la frontera, deportar migrantes, construir centros detenci\u00f3n y seguir con la construcci\u00f3n y el reforzamiento del muro.<br><\/p>\n\n\n\n<p>Este estado, es la mayor frontera con M\u00e9xico y aqu\u00ed, parad\u00f3jicamente viven 7.9 de los 38.5 millones de mexicanos que viven en Estados Unidos; la mayor\u00eda de ellos, votantes por Trump, pues en el estado de la estrella solitaria, el republicano arras\u00f3 en noviembre pasado.<\/p>\n\n\n\n<p>En Texas, el endurecimiento de las pol\u00edticas antimigrantes llega al acoso legal a albergues y organizaciones defensoras de migrantes. Una de las mayores organizaciones pro migrantes que opera en la frontera texana es Caridades Cat\u00f3licas que dirige la hermana Norma Pimentel.&nbsp;<\/p>\n\n\n\n<p>En febrero de 2023, el fiscal Ken Paxton demand\u00f3 a la agrupaci\u00f3n sin fines de lucro. Este albergue ubicado en McAllen recibe a solicitantes de asilo que ya fueron procesados por las autoridades migratorias.<\/p>\n\n\n\n<p>A esta demanda que no prosper\u00f3, se sumaron otras agrupaciones como Casa Anunciaci\u00f3n, se\u00f1aladas por \u201cfacilitar la entrada ilegal a Estados Unidos\u201d, as\u00ed como el \u201ccontrabando de personas\u201d.<\/p>\n\n\n\n<p>En entrevista con MILENIO, la hermana Norma Pimentel dijo que las demandas contra organizaciones como Caridades Cat\u00f3licas son una medida de presi\u00f3n para evitar que operen los albergues en apoyo a los migrantes.<\/p>\n\n\n\n<p>&#8220;El estado de Texas est\u00e1 tomando y ha tomado medidas estrictas y pensar que una respuesta como la nuestra de dar acogida y atenci\u00f3n b\u00e1sica de comida y descanso es algo ilegal y que no lo debemos hacer, lo ven como que apoyamos el tr\u00e1fico ilegal de personas, pero las personas que llegan a nuestro centro son personas ya procesadas por la patrulla fronteriza&#8221;, asegura.<br><\/p>\n\n\n\n<p>En Caridades Cat\u00f3licas ingresan diariamente cientos de migrantes, la mayor\u00eda familias con ni\u00f1os peque\u00f1os que reci\u00e9n salieron de los centros de detenci\u00f3n.&nbsp;<\/p>\n\n\n\n<p>Los hombres llegan con brazaletes en los tobillos y bolsas de pl\u00e1stico con las pocas pertenencias que logran rescatar tras su paso por el R\u00edo Bravo.&nbsp;<\/p>\n\n\n\n<p>Algunos a\u00fan tienen cortadas en la piel por las p\u00faas de los alambres que lograron traspasar, despu\u00e9s de nadar para entregarse a las autoridades migratorias que utilizan estos disuasivos para evitar que lleguen a territorio norteamericano.<\/p>\n\n\n\n<p>As\u00ed llegaron David Le\u00f3n de 26 a\u00f1os, su esposa de 22 y su peque\u00f1o de un a\u00f1o que huyeron de la persecuci\u00f3n pol\u00edtica hace siete meses de Venezuela. Vendieron su camioneta y se embarcaron en la traves\u00eda que los tuvo varados en Ecatepec, a la espera de una cita en la aplicaci\u00f3n CBP One.<\/p>\n\n\n\n<p>La desesperaci\u00f3n los hizo contactar a un &#8220;pollero&#8221; que por 200 d\u00f3lares por persona les pidi\u00f3 llegar a Matamoros y los dej\u00f3 con otras 15 personas en una lancha inflable para cruzar el R\u00edo Bravo.<br><\/p>\n\n\n\n<p>Despu\u00e9s de llegar al otro lado del r\u00edo se toparon con alambres de p\u00faas que sortearon con la ropa que tra\u00edan como protecci\u00f3n para no cortarse.&nbsp;<\/p>\n\n\n\n<p>Pasaron tres d\u00edas en detenci\u00f3n despu\u00e9s de entregarse a la patrulla fronteriza y fueron liberados y llevados al albergue de la hermana Pimentel donde esperaban los boletos de autob\u00fas que sus familiares en el norte de Texas les pagaron para encontrarse con ellos.<\/p>\n\n\n\n<p>&#8220;Lo m\u00e1s dif\u00edcil fue M\u00e9xico, las extorsiones de la mafia y de migraci\u00f3n. Estuve casi cinco meses esperando la cita que no llegaba y decidimos correr el riesgo. Ya est\u00e1bamos cansados y nos venimos pero no fue nada f\u00e1cil.\u00a0<br>&#8220;Ahora s\u00f3lo tenemos la esperanza de poder quedarnos aqu\u00ed en Estados Unidos. Gracias a Dios estamos felices y tanta espera vali\u00f3 la pena. Queremos hacer las cosas bien y trabajar&#8221;, relata el joven venezolano, sin saber que solo el 5 por ciento de las solicitudes de asilo son aceptadas por un juez.<br><\/p>\n\n\n\n<p>La hermana Norma Pimentel, reconocida a nivel mundial por sus&nbsp;esfuerzos a favor de los migrantes, refiri\u00f3 que en las semanas previas al 20 de enero se ha incrementado el n\u00famero de migrantes solicitantes de asilo que se entregan a la patrulla fronteriza para iniciar son proceso legal.&nbsp;<\/p>\n\n\n\n<p>Aunque esta cifra ha sido considerablemente menor en los \u00faltimos a\u00f1os porque el estado de Texas implement\u00f3 consecuencias severas para quienes ingresan de manera irregular y que de inmediato son deportados.<\/p>\n\n\n\n<p>&#8220;Yo creo que las medidas que se van a tomar por la nueva administraci\u00f3n van a ser de detener y deportar y no permitir que nadie entre. Eso va a ser muy estricto pero parecido a lo que sucede actualmente en Texas&#8221;, dijo.<br>A ello se suma la amenaza de eliminar la aplicaci\u00f3n CBP One, lo que dejar\u00eda sin opci\u00f3n alguna a personas que quieran solicitar asilo en un Estados Unidos que vivir\u00e1 una era de endurecimiento en sus pol\u00edticas migratorias.<br><\/p>\n","protected":false},"excerpt":{"rendered":"<p>En Texas, el gobernador Greg Abbot ha insistido en disuadir la migraci\u00f3n irregular a trav\u00e9s de la implementaci\u00f3n de estrictas medidas. Texas es la zona cero del operativo caza migrantes que a partir del 20 de enero se extender\u00e1 a todo Estados Unidos, ahora que Donald Trump tiene en la mira a millones de migrantes [&hellip;]<\/p>\n","protected":false},"author":9,"featured_media":98294,"comment_status":"open","ping_status":"open","sticky":false,"template":"","format":"standard","meta":{"tdm_status":"","tdm_grid_status":"","footnotes":""},"categories":[39],"tags":[],"class_list":{"0":"post-98293","1":"post","2":"type-post","3":"status-publish","4":"format-standard","5":"has-post-thumbnail","7":"category-noticias-nacionales"},"yoast_head":"<!-- This site is optimized with the Yoast SEO plugin v27.5 - https:\/\/yoast.com\/product\/yoast-seo-wordpress\/ -->\n<title>Trump replicar\u00e1 el modelo texano contra migrantes - Fuentes Fidedignas<\/title>\n<meta name=\"robots\" content=\"index, follow, max-snippet:-1, max-image-preview:large, max-video-preview:-1\" \/>\n<link rel=\"canonical\" href=\"https:\/\/fuentesfidedignas.com.mx\/index.php\/2024\/12\/30\/trump-replicara-el-modelo-texano-contra-migrantes\/\" \/>\n<meta property=\"og:locale\" content=\"es_MX\" \/>\n<meta property=\"og:type\" content=\"article\" \/>\n<meta property=\"og:title\" content=\"Trump replicar\u00e1 el modelo texano contra migrantes - Fuentes Fidedignas\" \/>\n<meta property=\"og:description\" content=\"En Texas, el gobernador Greg Abbot ha insistido en disuadir la migraci\u00f3n irregular a trav\u00e9s de la implementaci\u00f3n de estrictas medidas. Texas es la zona cero del operativo caza migrantes que a partir del 20 de enero se extender\u00e1 a todo Estados Unidos, ahora que Donald Trump tiene en la mira a millones de migrantes [&hellip;]\" \/>\n<meta property=\"og:url\" content=\"https:\/\/fuentesfidedignas.com.mx\/index.php\/2024\/12\/30\/trump-replicara-el-modelo-texano-contra-migrantes\/\" \/>\n<meta property=\"og:site_name\" content=\"Fuentes Fidedignas\" \/>\n<meta property=\"article:publisher\" content=\"https:\/\/www.facebook.com\/Fuentes-Fidedignas-368234489921644\" \/>\n<meta property=\"article:published_time\" content=\"2024-12-30T13:46:47+00:00\" \/>\n<meta property=\"article:modified_time\" content=\"2024-12-30T13:46:50+00:00\" \/>\n<meta property=\"og:image\" content=\"https:\/\/fuentesfidedignas.com.mx\/wp-content\/uploads\/2024\/12\/Captura-de-Pantalla-2024-12-30-a-las-6.44.22.jpg\" \/>\n\t<meta property=\"og:image:width\" content=\"1142\" \/>\n\t<meta property=\"og:image:height\" content=\"695\" \/>\n\t<meta property=\"og:image:type\" content=\"image\/jpeg\" \/>\n<meta name=\"author\" content=\"Milenio\" \/>\n<meta name=\"twitter:card\" content=\"summary_large_image\" \/>\n<meta name=\"twitter:creator\" content=\"@fidedignas\" \/>\n<meta name=\"twitter:site\" content=\"@fidedignas\" \/>\n<meta name=\"twitter:label1\" content=\"Escrito por\" \/>\n\t<meta name=\"twitter:data1\" content=\"Milenio\" \/>\n\t<meta name=\"twitter:label2\" content=\"Tiempo de lectura\" \/>\n\t<meta name=\"twitter:data2\" content=\"5 minutos\" \/>\n<script type=\"application\/ld+json\" class=\"yoast-schema-graph\">{\"@context\":\"https:\\\/\\\/schema.org\",\"@graph\":[{\"@type\":\"Article\",\"@id\":\"https:\\\/\\\/fuentesfidedignas.com.mx\\\/index.php\\\/2024\\\/12\\\/30\\\/trump-replicara-el-modelo-texano-contra-migrantes\\\/#article\",\"isPartOf\":{\"@id\":\"https:\\\/\\\/fuentesfidedignas.com.mx\\\/index.php\\\/2024\\\/12\\\/30\\\/trump-replicara-el-modelo-texano-contra-migrantes\\\/\"},\"author\":{\"name\":\"Milenio\",\"@id\":\"https:\\\/\\\/fuentesfidedignas.com.mx\\\/#\\\/schema\\\/person\\\/47ec0135738f4b0c7495f06a77a2c976\"},\"headline\":\"Trump replicar\u00e1 el modelo texano contra migrantes\",\"datePublished\":\"2024-12-30T13:46:47+00:00\",\"dateModified\":\"2024-12-30T13:46:50+00:00\",\"mainEntityOfPage\":{\"@id\":\"https:\\\/\\\/fuentesfidedignas.com.mx\\\/index.php\\\/2024\\\/12\\\/30\\\/trump-replicara-el-modelo-texano-contra-migrantes\\\/\"},\"wordCount\":1028,\"commentCount\":0,\"publisher\":{\"@id\":\"https:\\\/\\\/fuentesfidedignas.com.mx\\\/#organization\"},\"image\":{\"@id\":\"https:\\\/\\\/fuentesfidedignas.com.mx\\\/index.php\\\/2024\\\/12\\\/30\\\/trump-replicara-el-modelo-texano-contra-migrantes\\\/#primaryimage\"},\"thumbnailUrl\":\"https:\\\/\\\/fuentesfidedignas.com.mx\\\/wp-content\\\/uploads\\\/2024\\\/12\\\/Captura-de-Pantalla-2024-12-30-a-las-6.44.22.jpg\",\"articleSection\":[\"NOTICIAS NACIONALES\"],\"inLanguage\":\"es\",\"potentialAction\":[{\"@type\":\"CommentAction\",\"name\":\"Comment\",\"target\":[\"https:\\\/\\\/fuentesfidedignas.com.mx\\\/index.php\\\/2024\\\/12\\\/30\\\/trump-replicara-el-modelo-texano-contra-migrantes\\\/#respond\"]}]},{\"@type\":\"WebPage\",\"@id\":\"https:\\\/\\\/fuentesfidedignas.com.mx\\\/index.php\\\/2024\\\/12\\\/30\\\/trump-replicara-el-modelo-texano-contra-migrantes\\\/\",\"url\":\"https:\\\/\\\/fuentesfidedignas.com.mx\\\/index.php\\\/2024\\\/12\\\/30\\\/trump-replicara-el-modelo-texano-contra-migrantes\\\/\",\"name\":\"Trump replicar\u00e1 el modelo texano contra migrantes - Fuentes Fidedignas\",\"isPartOf\":{\"@id\":\"https:\\\/\\\/fuentesfidedignas.com.mx\\\/#website\"},\"primaryImageOfPage\":{\"@id\":\"https:\\\/\\\/fuentesfidedignas.com.mx\\\/index.php\\\/2024\\\/12\\\/30\\\/trump-replicara-el-modelo-texano-contra-migrantes\\\/#primaryimage\"},\"image\":{\"@id\":\"https:\\\/\\\/fuentesfidedignas.com.mx\\\/index.php\\\/2024\\\/12\\\/30\\\/trump-replicara-el-modelo-texano-contra-migrantes\\\/#primaryimage\"},\"thumbnailUrl\":\"https:\\\/\\\/fuentesfidedignas.com.mx\\\/wp-content\\\/uploads\\\/2024\\\/12\\\/Captura-de-Pantalla-2024-12-30-a-las-6.44.22.jpg\",\"datePublished\":\"2024-12-30T13:46:47+00:00\",\"dateModified\":\"2024-12-30T13:46:50+00:00\",\"breadcrumb\":{\"@id\":\"https:\\\/\\\/fuentesfidedignas.com.mx\\\/index.php\\\/2024\\\/12\\\/30\\\/trump-replicara-el-modelo-texano-contra-migrantes\\\/#breadcrumb\"},\"inLanguage\":\"es\",\"potentialAction\":[{\"@type\":\"ReadAction\",\"target\":[\"https:\\\/\\\/fuentesfidedignas.com.mx\\\/index.php\\\/2024\\\/12\\\/30\\\/trump-replicara-el-modelo-texano-contra-migrantes\\\/\"]}]},{\"@type\":\"ImageObject\",\"inLanguage\":\"es\",\"@id\":\"https:\\\/\\\/fuentesfidedignas.com.mx\\\/index.php\\\/2024\\\/12\\\/30\\\/trump-replicara-el-modelo-texano-contra-migrantes\\\/#primaryimage\",\"url\":\"https:\\\/\\\/fuentesfidedignas.com.mx\\\/wp-content\\\/uploads\\\/2024\\\/12\\\/Captura-de-Pantalla-2024-12-30-a-las-6.44.22.jpg\",\"contentUrl\":\"https:\\\/\\\/fuentesfidedignas.com.mx\\\/wp-content\\\/uploads\\\/2024\\\/12\\\/Captura-de-Pantalla-2024-12-30-a-las-6.44.22.jpg\",\"width\":1142,\"height\":695},{\"@type\":\"BreadcrumbList\",\"@id\":\"https:\\\/\\\/fuentesfidedignas.com.mx\\\/index.php\\\/2024\\\/12\\\/30\\\/trump-replicara-el-modelo-texano-contra-migrantes\\\/#breadcrumb\",\"itemListElement\":[{\"@type\":\"ListItem\",\"position\":1,\"name\":\"Inicio\",\"item\":\"https:\\\/\\\/fuentesfidedignas.com.mx\\\/\"},{\"@type\":\"ListItem\",\"position\":2,\"name\":\"Trump replicar\u00e1 el modelo texano contra migrantes\"}]},{\"@type\":\"WebSite\",\"@id\":\"https:\\\/\\\/fuentesfidedignas.com.mx\\\/#website\",\"url\":\"https:\\\/\\\/fuentesfidedignas.com.mx\\\/\",\"name\":\"Fuentes Fidedignas\",\"description\":\"Otro sitio realizado con WordPress\",\"publisher\":{\"@id\":\"https:\\\/\\\/fuentesfidedignas.com.mx\\\/#organization\"},\"potentialAction\":[{\"@type\":\"SearchAction\",\"target\":{\"@type\":\"EntryPoint\",\"urlTemplate\":\"https:\\\/\\\/fuentesfidedignas.com.mx\\\/?s={search_term_string}\"},\"query-input\":{\"@type\":\"PropertyValueSpecification\",\"valueRequired\":true,\"valueName\":\"search_term_string\"}}],\"inLanguage\":\"es\"},{\"@type\":\"Organization\",\"@id\":\"https:\\\/\\\/fuentesfidedignas.com.mx\\\/#organization\",\"name\":\"Fuentes Fidedignas\",\"url\":\"https:\\\/\\\/fuentesfidedignas.com.mx\\\/\",\"logo\":{\"@type\":\"ImageObject\",\"inLanguage\":\"es\",\"@id\":\"https:\\\/\\\/fuentesfidedignas.com.mx\\\/#\\\/schema\\\/logo\\\/image\\\/\",\"url\":\"https:\\\/\\\/fuentesfidedignas.com.mx\\\/wp-content\\\/uploads\\\/2021\\\/04\\\/logo-retina.png\",\"contentUrl\":\"https:\\\/\\\/fuentesfidedignas.com.mx\\\/wp-content\\\/uploads\\\/2021\\\/04\\\/logo-retina.png\",\"width\":280,\"height\":51,\"caption\":\"Fuentes Fidedignas\"},\"image\":{\"@id\":\"https:\\\/\\\/fuentesfidedignas.com.mx\\\/#\\\/schema\\\/logo\\\/image\\\/\"},\"sameAs\":[\"https:\\\/\\\/www.facebook.com\\\/Fuentes-Fidedignas-368234489921644\",\"https:\\\/\\\/x.com\\\/fidedignas\"]},{\"@type\":\"Person\",\"@id\":\"https:\\\/\\\/fuentesfidedignas.com.mx\\\/#\\\/schema\\\/person\\\/47ec0135738f4b0c7495f06a77a2c976\",\"name\":\"Milenio\",\"image\":{\"@type\":\"ImageObject\",\"inLanguage\":\"es\",\"@id\":\"https:\\\/\\\/secure.gravatar.com\\\/avatar\\\/acabf7b54753e51c2c76457954577c236b3b764789b19879565769739d1e4a75?s=96&d=mm&r=g\",\"url\":\"https:\\\/\\\/secure.gravatar.com\\\/avatar\\\/acabf7b54753e51c2c76457954577c236b3b764789b19879565769739d1e4a75?s=96&d=mm&r=g\",\"contentUrl\":\"https:\\\/\\\/secure.gravatar.com\\\/avatar\\\/acabf7b54753e51c2c76457954577c236b3b764789b19879565769739d1e4a75?s=96&d=mm&r=g\",\"caption\":\"Milenio\"},\"url\":\"https:\\\/\\\/fuentesfidedignas.com.mx\\\/index.php\\\/author\\\/milenio\\\/\"}]}<\/script>\n<!-- \/ Yoast SEO plugin. -->","yoast_head_json":{"title":"Trump replicar\u00e1 el modelo texano contra migrantes - Fuentes Fidedignas","robots":{"index":"index","follow":"follow","max-snippet":"max-snippet:-1","max-image-preview":"max-image-preview:large","max-video-preview":"max-video-preview:-1"},"canonical":"https:\/\/fuentesfidedignas.com.mx\/index.php\/2024\/12\/30\/trump-replicara-el-modelo-texano-contra-migrantes\/","og_locale":"es_MX","og_type":"article","og_title":"Trump replicar\u00e1 el modelo texano contra migrantes - Fuentes Fidedignas","og_description":"En Texas, el gobernador Greg Abbot ha insistido en disuadir la migraci\u00f3n irregular a trav\u00e9s de la implementaci\u00f3n de estrictas medidas. Texas es la zona cero del operativo caza migrantes que a partir del 20 de enero se extender\u00e1 a todo Estados Unidos, ahora que Donald Trump tiene en la mira a millones de migrantes [&hellip;]","og_url":"https:\/\/fuentesfidedignas.com.mx\/index.php\/2024\/12\/30\/trump-replicara-el-modelo-texano-contra-migrantes\/","og_site_name":"Fuentes Fidedignas","article_publisher":"https:\/\/www.facebook.com\/Fuentes-Fidedignas-368234489921644","article_published_time":"2024-12-30T13:46:47+00:00","article_modified_time":"2024-12-30T13:46:50+00:00","og_image":[{"width":1142,"height":695,"url":"https:\/\/fuentesfidedignas.com.mx\/wp-content\/uploads\/2024\/12\/Captura-de-Pantalla-2024-12-30-a-las-6.44.22.jpg","type":"image\/jpeg"}],"author":"Milenio","twitter_card":"summary_large_image","twitter_creator":"@fidedignas","twitter_site":"@fidedignas","twitter_misc":{"Escrito por":"Milenio","Tiempo de lectura":"5 minutos"},"schema":{"@context":"https:\/\/schema.org","@graph":[{"@type":"Article","@id":"https:\/\/fuentesfidedignas.com.mx\/index.php\/2024\/12\/30\/trump-replicara-el-modelo-texano-contra-migrantes\/#article","isPartOf":{"@id":"https:\/\/fuentesfidedignas.com.mx\/index.php\/2024\/12\/30\/trump-replicara-el-modelo-texano-contra-migrantes\/"},"author":{"name":"Milenio","@id":"https:\/\/fuentesfidedignas.com.mx\/#\/schema\/person\/47ec0135738f4b0c7495f06a77a2c976"},"headline":"Trump replicar\u00e1 el modelo texano contra migrantes","datePublished":"2024-12-30T13:46:47+00:00","dateModified":"2024-12-30T13:46:50+00:00","mainEntityOfPage":{"@id":"https:\/\/fuentesfidedignas.com.mx\/index.php\/2024\/12\/30\/trump-replicara-el-modelo-texano-contra-migrantes\/"},"wordCount":1028,"commentCount":0,"publisher":{"@id":"https:\/\/fuentesfidedignas.com.mx\/#organization"},"image":{"@id":"https:\/\/fuentesfidedignas.com.mx\/index.php\/2024\/12\/30\/trump-replicara-el-modelo-texano-contra-migrantes\/#primaryimage"},"thumbnailUrl":"https:\/\/fuentesfidedignas.com.mx\/wp-content\/uploads\/2024\/12\/Captura-de-Pantalla-2024-12-30-a-las-6.44.22.jpg","articleSection":["NOTICIAS NACIONALES"],"inLanguage":"es","potentialAction":[{"@type":"CommentAction","name":"Comment","target":["https:\/\/fuentesfidedignas.com.mx\/index.php\/2024\/12\/30\/trump-replicara-el-modelo-texano-contra-migrantes\/#respond"]}]},{"@type":"WebPage","@id":"https:\/\/fuentesfidedignas.com.mx\/index.php\/2024\/12\/30\/trump-replicara-el-modelo-texano-contra-migrantes\/","url":"https:\/\/fuentesfidedignas.com.mx\/index.php\/2024\/12\/30\/trump-replicara-el-modelo-texano-contra-migrantes\/","name":"Trump replicar\u00e1 el modelo texano contra migrantes - Fuentes Fidedignas","isPartOf":{"@id":"https:\/\/fuentesfidedignas.com.mx\/#website"},"primaryImageOfPage":{"@id":"https:\/\/fuentesfidedignas.com.mx\/index.php\/2024\/12\/30\/trump-replicara-el-modelo-texano-contra-migrantes\/#primaryimage"},"image":{"@id":"https:\/\/fuentesfidedignas.com.mx\/index.php\/2024\/12\/30\/trump-replicara-el-modelo-texano-contra-migrantes\/#primaryimage"},"thumbnailUrl":"https:\/\/fuentesfidedignas.com.mx\/wp-content\/uploads\/2024\/12\/Captura-de-Pantalla-2024-12-30-a-las-6.44.22.jpg","datePublished":"2024-12-30T13:46:47+00:00","dateModified":"2024-12-30T13:46:50+00:00","breadcrumb":{"@id":"https:\/\/fuentesfidedignas.com.mx\/index.php\/2024\/12\/30\/trump-replicara-el-modelo-texano-contra-migrantes\/#breadcrumb"},"inLanguage":"es","potentialAction":[{"@type":"ReadAction","target":["https:\/\/fuentesfidedignas.com.mx\/index.php\/2024\/12\/30\/trump-replicara-el-modelo-texano-contra-migrantes\/"]}]},{"@type":"ImageObject","inLanguage":"es","@id":"https:\/\/fuentesfidedignas.com.mx\/index.php\/2024\/12\/30\/trump-replicara-el-modelo-texano-contra-migrantes\/#primaryimage","url":"https:\/\/fuentesfidedignas.com.mx\/wp-content\/uploads\/2024\/12\/Captura-de-Pantalla-2024-12-30-a-las-6.44.22.jpg","contentUrl":"https:\/\/fuentesfidedignas.com.mx\/wp-content\/uploads\/2024\/12\/Captura-de-Pantalla-2024-12-30-a-las-6.44.22.jpg","width":1142,"height":695},{"@type":"BreadcrumbList","@id":"https:\/\/fuentesfidedignas.com.mx\/index.php\/2024\/12\/30\/trump-replicara-el-modelo-texano-contra-migrantes\/#breadcrumb","itemListElement":[{"@type":"ListItem","position":1,"name":"Inicio","item":"https:\/\/fuentesfidedignas.com.mx\/"},{"@type":"ListItem","position":2,"name":"Trump replicar\u00e1 el modelo texano contra migrantes"}]},{"@type":"WebSite","@id":"https:\/\/fuentesfidedignas.com.mx\/#website","url":"https:\/\/fuentesfidedignas.com.mx\/","name":"Fuentes Fidedignas","description":"Otro sitio realizado con WordPress","publisher":{"@id":"https:\/\/fuentesfidedignas.com.mx\/#organization"},"potentialAction":[{"@type":"SearchAction","target":{"@type":"EntryPoint","urlTemplate":"https:\/\/fuentesfidedignas.com.mx\/?s={search_term_string}"},"query-input":{"@type":"PropertyValueSpecification","valueRequired":true,"valueName":"search_term_string"}}],"inLanguage":"es"},{"@type":"Organization","@id":"https:\/\/fuentesfidedignas.com.mx\/#organization","name":"Fuentes Fidedignas","url":"https:\/\/fuentesfidedignas.com.mx\/","logo":{"@type":"ImageObject","inLanguage":"es","@id":"https:\/\/fuentesfidedignas.com.mx\/#\/schema\/logo\/image\/","url":"https:\/\/fuentesfidedignas.com.mx\/wp-content\/uploads\/2021\/04\/logo-retina.png","contentUrl":"https:\/\/fuentesfidedignas.com.mx\/wp-content\/uploads\/2021\/04\/logo-retina.png","width":280,"height":51,"caption":"Fuentes Fidedignas"},"image":{"@id":"https:\/\/fuentesfidedignas.com.mx\/#\/schema\/logo\/image\/"},"sameAs":["https:\/\/www.facebook.com\/Fuentes-Fidedignas-368234489921644","https:\/\/x.com\/fidedignas"]},{"@type":"Person","@id":"https:\/\/fuentesfidedignas.com.mx\/#\/schema\/person\/47ec0135738f4b0c7495f06a77a2c976","name":"Milenio","image":{"@type":"ImageObject","inLanguage":"es","@id":"https:\/\/secure.gravatar.com\/avatar\/acabf7b54753e51c2c76457954577c236b3b764789b19879565769739d1e4a75?s=96&d=mm&r=g","url":"https:\/\/secure.gravatar.com\/avatar\/acabf7b54753e51c2c76457954577c236b3b764789b19879565769739d1e4a75?s=96&d=mm&r=g","contentUrl":"https:\/\/secure.gravatar.com\/avatar\/acabf7b54753e51c2c76457954577c236b3b764789b19879565769739d1e4a75?s=96&d=mm&r=g","caption":"Milenio"},"url":"https:\/\/fuentesfidedignas.com.mx\/index.php\/author\/milenio\/"}]}},"_links":{"self":[{"href":"https:\/\/fuentesfidedignas.com.mx\/index.php\/wp-json\/wp\/v2\/posts\/98293","targetHints":{"allow":["GET"]}}],"collection":[{"href":"https:\/\/fuentesfidedignas.com.mx\/index.php\/wp-json\/wp\/v2\/posts"}],"about":[{"href":"https:\/\/fuentesfidedignas.com.mx\/index.php\/wp-json\/wp\/v2\/types\/post"}],"author":[{"embeddable":true,"href":"https:\/\/fuentesfidedignas.com.mx\/index.php\/wp-json\/wp\/v2\/users\/9"}],"replies":[{"embeddable":true,"href":"https:\/\/fuentesfidedignas.com.mx\/index.php\/wp-json\/wp\/v2\/comments?post=98293"}],"version-history":[{"count":1,"href":"https:\/\/fuentesfidedignas.com.mx\/index.php\/wp-json\/wp\/v2\/posts\/98293\/revisions"}],"predecessor-version":[{"id":98295,"href":"https:\/\/fuentesfidedignas.com.mx\/index.php\/wp-json\/wp\/v2\/posts\/98293\/revisions\/98295"}],"wp:featuredmedia":[{"embeddable":true,"href":"https:\/\/fuentesfidedignas.com.mx\/index.php\/wp-json\/wp\/v2\/media\/98294"}],"wp:attachment":[{"href":"https:\/\/fuentesfidedignas.com.mx\/index.php\/wp-json\/wp\/v2\/media?parent=98293"}],"wp:term":[{"taxonomy":"category","embeddable":true,"href":"https:\/\/fuentesfidedignas.com.mx\/index.php\/wp-json\/wp\/v2\/categories?post=98293"},{"taxonomy":"post_tag","embeddable":true,"href":"https:\/\/fuentesfidedignas.com.mx\/index.php\/wp-json\/wp\/v2\/tags?post=98293"}],"curies":[{"name":"wp","href":"https:\/\/api.w.org\/{rel}","templated":true}]}}