{"id":98287,"date":"2024-12-29T06:55:24","date_gmt":"2024-12-29T13:55:24","guid":{"rendered":"https:\/\/fuentesfidedignas.com.mx\/?p=98287"},"modified":"2024-12-29T06:56:31","modified_gmt":"2024-12-29T13:56:31","slug":"guerra-entre-chapitos-y-mayiza-desata-ola-de-desapariciones-y-extorsiones","status":"publish","type":"post","link":"https:\/\/fuentesfidedignas.com.mx\/index.php\/2024\/12\/29\/guerra-entre-chapitos-y-mayiza-desata-ola-de-desapariciones-y-extorsiones\/","title":{"rendered":"Guerra entre Chapitos y Mayiza desata ola de desapariciones y extorsiones"},"content":{"rendered":"\n<p>Desde la fragmentaci\u00f3n del C\u00e1rtel de Sinaloa se han reportado 695 personas desaparecidas, as\u00ed ha sido el avance estas semanas.<\/p>\n\n\n\n<p>La guerra entre&nbsp;La Mayiza y Los Chapitos&nbsp;comenz\u00f3 con levantones. Los primeros se dieron luego de la detenci\u00f3n de Ismael El Mayo Zambada, y hasta la fecha no han parado.<\/p>\n\n\n\n<p>De manera oficial, se reportan 695 personas desaparecidas, aunque madres buscadoras advierten que la cifra podr\u00eda alcanzar las 800, quienes adem\u00e1s, denuncian estar siendo v\u00edctimas de extorsiones y amenazas.<\/p>\n\n\n\n<p>\u201cLo que yo empec\u00e9 a notar cuando empiezo a hacer el censo es que primero levantan a personas en diferentes colonias, pero de diferentes edades, por ejemplo, edades de 40, 50, 60 a\u00f1os en ciertas colonias\u201d, explica en entrevista con MILENIO Mar\u00eda Isabel Cruz Bernal, presidenta fundadora de Sabuesos Buscadoras, colectivo de madres, hijas y familias de personas desaparecidas en Sinaloa.<\/p>\n\n\n\n<p>&#8220;A la semana \u2014contin\u00faa\u2014 empieza el levantadero de los j\u00f3venes, de 14, 12, hasta 25 a\u00f1os. Quiero suponer que esas personas que empezaron a levantar primero eran las personas que eran encargadas de esas colonias y son las que pusieron a las otras personas, porque hab\u00eda listas. \u00bfQui\u00e9n proporcion\u00f3 esas listas? \u2026obvio fueron ellos\u201d.<br>Por si no fuera poco el martirio que representa un familiar desaparecido, durante este periodo, madres, hijas, hermanas, han tenido que enfrentar a otro problema: la extorsi\u00f3n, y es que de acuerdo con la organizaci\u00f3n se ha presentado al menos 300 casos.<br><\/p>\n\n\n\n<p>\u201cMe cost\u00f3 much\u00edsimo trabajo empezar a ver que los extorsionadores se incrementaron porque las familias suben las fichas con sus n\u00fameros celulares. Empiezo a percatar de eso y empiezo a pedir que no suban n\u00fameros personales, que se acogieran a cualquier colectivo, a las autoridades, pero eran de 180, 200 mil pesos lo que ped\u00edan los extorsionadores y ellos\u2026 los daban, sino buscaban de donde&#8221;.<br>En uno de los casos documentado con conversaciones, se puede apreciar el modelo de negocio: La comunicaci\u00f3n con los extorsionadores es por WhatsApp; nunca se identifican ni dan se\u00f1ales de que realmente tienen al familiar desaparecido. Solo mencionan el nombre y aseguran que ya le dieron su calentadita.<br><\/p>\n\n\n\n<p>Los extorsionadores mencionan a un supuesto patr\u00f3n y piden a la familia que salde una deuda depositando dinero a una cuenta Banamex (5256784215979690), refiere la conversaci\u00f3n.<br>\u201cYo creo que ahora esto me vino a cambiar la manera de buscar\u2026 porque si bien compartimos en redes sociales, cuando esto empieza, empezamos a difundir, hacer las fichas y difundirlas y nos llegan dos amenazas. No hicimos caso, dijimos \u2018pinche gente loca\u2019, empezamos y seguimos, pero eran de m\u00e1s. Subimos 30, 40 fichas diarias&#8221;.<br>&#8220;Nos lleg\u00f3 una tercera amenaza preguntando de qu\u00e9 lado estaba yo, qu\u00e9 fracci\u00f3n era. Es una persona que est\u00e1 desaparecida y a m\u00ed no me interesa si pertenec\u00eda para all\u00e1 o para ac\u00e1. Yo solo s\u00e9 que es un desaparecido, es un hijo, es un hermano, un pap\u00e1 y su madre lo est\u00e1 buscando y por eso lo subo. Tratan de intimidarme, tratan de calmarme y decirme que piense las cosas y no le tome importancia\u201d.<br>Reconoce que las familias la han buscado, incluso antes que las mismas autoridades; \u201cpor confianza, por miedo,<br><\/p>\n\n\n\n<p>&#8220;Me lleg\u00f3 la cuarta amenaza&#8221;, cuenta Mar\u00eda Isabel. &#8220;Me dieron datos de mi casa, cu\u00e1ntas personas viven, qu\u00e9 hay aqu\u00ed, d\u00f3nde voy, por d\u00f3nde salgo, ya se\u00f1alado, y lo \u00fanico que quer\u00edan era la lista de las personas que ten\u00edan un familiar desaparecido, de todas las fichas que yo hab\u00eda subido, sin ese peque\u00f1o dato en las fichas\u2026 pues era obvio&#8221;.<br>Mar\u00eda Isabel sabe bien qu\u00e9 es ser v\u00edctima de la guerra. Su hijo desapareci\u00f3 durante \u201cla de 2017\u201d, protagonizada entonces por grupos armados de&nbsp;Los D\u00e1maso y Los Chapitos,&nbsp; uno de los episodios m\u00e1s violentos en Sinaloa, una jornada de varias semanas de enfrentamientos, persecuciones, ataques, incendios, choques con las Fuerzas Armadas, decomisos y aseguramientos, v\u00edctimas inocentes y levantones.<\/p>\n\n\n\n<p>Hoy, no ve un final cercano a esta guerra sin cuartel, sin embargo, advierte que no dejar\u00e1 de denunciar, visibilizar o buscar.<br><\/p>\n\n\n\n<p>\u201cLos m\u00e1s afectados son la sociedad, quienes estamos de pie y que estamos aguantando estas guerras que han llevado v\u00edctimas inocentes que han llegado a caer en esta guerra sin cuartel. Se me hace m\u00e1s pesada esta guerra y creo que hay muchos m\u00e1s desaparecidos y m\u00e1s muertos\u201d.<br><\/p>\n\n\n\n<p><\/p>\n\n\n\n<p><\/p>\n","protected":false},"excerpt":{"rendered":"<p>Desde la fragmentaci\u00f3n del C\u00e1rtel de Sinaloa se han reportado 695 personas desaparecidas, as\u00ed ha sido el avance estas semanas. La guerra entre&nbsp;La Mayiza y Los Chapitos&nbsp;comenz\u00f3 con levantones. Los primeros se dieron luego de la detenci\u00f3n de Ismael El Mayo Zambada, y hasta la fecha no han parado. De manera oficial, se reportan 695 [&hellip;]<\/p>\n","protected":false},"author":9,"featured_media":98288,"comment_status":"open","ping_status":"open","sticky":false,"template":"","format":"standard","meta":{"tdm_status":"","tdm_grid_status":"","footnotes":""},"categories":[37],"tags":[],"class_list":{"0":"post-98287","1":"post","2":"type-post","3":"status-publish","4":"format-standard","5":"has-post-thumbnail","7":"category-nota-principal"},"yoast_head":"<!-- This site is optimized with the Yoast SEO plugin v27.5 - https:\/\/yoast.com\/product\/yoast-seo-wordpress\/ -->\n<title>Guerra entre Chapitos y Mayiza desata ola de desapariciones y extorsiones - Fuentes Fidedignas<\/title>\n<meta name=\"robots\" content=\"index, follow, max-snippet:-1, max-image-preview:large, max-video-preview:-1\" \/>\n<link rel=\"canonical\" href=\"https:\/\/fuentesfidedignas.com.mx\/index.php\/2024\/12\/29\/guerra-entre-chapitos-y-mayiza-desata-ola-de-desapariciones-y-extorsiones\/\" \/>\n<meta property=\"og:locale\" content=\"es_MX\" \/>\n<meta property=\"og:type\" content=\"article\" \/>\n<meta property=\"og:title\" content=\"Guerra entre Chapitos y Mayiza desata ola de desapariciones y extorsiones - Fuentes Fidedignas\" \/>\n<meta property=\"og:description\" content=\"Desde la fragmentaci\u00f3n del C\u00e1rtel de Sinaloa se han reportado 695 personas desaparecidas, as\u00ed ha sido el avance estas semanas. La guerra entre&nbsp;La Mayiza y Los Chapitos&nbsp;comenz\u00f3 con levantones. Los primeros se dieron luego de la detenci\u00f3n de Ismael El Mayo Zambada, y hasta la fecha no han parado. De manera oficial, se reportan 695 [&hellip;]\" \/>\n<meta property=\"og:url\" content=\"https:\/\/fuentesfidedignas.com.mx\/index.php\/2024\/12\/29\/guerra-entre-chapitos-y-mayiza-desata-ola-de-desapariciones-y-extorsiones\/\" \/>\n<meta property=\"og:site_name\" content=\"Fuentes Fidedignas\" \/>\n<meta property=\"article:publisher\" content=\"https:\/\/www.facebook.com\/Fuentes-Fidedignas-368234489921644\" \/>\n<meta property=\"article:published_time\" content=\"2024-12-29T13:55:24+00:00\" \/>\n<meta property=\"article:modified_time\" content=\"2024-12-29T13:56:31+00:00\" \/>\n<meta property=\"og:image\" content=\"https:\/\/fuentesfidedignas.com.mx\/wp-content\/uploads\/2024\/12\/Captura-de-Pantalla-2024-12-29-a-las-6.54.13.jpg\" \/>\n\t<meta property=\"og:image:width\" content=\"1920\" \/>\n\t<meta property=\"og:image:height\" content=\"1191\" \/>\n\t<meta property=\"og:image:type\" content=\"image\/jpeg\" \/>\n<meta name=\"author\" content=\"Milenio\" \/>\n<meta name=\"twitter:card\" content=\"summary_large_image\" \/>\n<meta name=\"twitter:creator\" content=\"@fidedignas\" \/>\n<meta name=\"twitter:site\" content=\"@fidedignas\" \/>\n<meta name=\"twitter:label1\" content=\"Escrito por\" \/>\n\t<meta name=\"twitter:data1\" content=\"Milenio\" \/>\n\t<meta name=\"twitter:label2\" content=\"Tiempo de lectura\" \/>\n\t<meta name=\"twitter:data2\" content=\"4 minutos\" \/>\n<script type=\"application\/ld+json\" class=\"yoast-schema-graph\">{\"@context\":\"https:\\\/\\\/schema.org\",\"@graph\":[{\"@type\":\"Article\",\"@id\":\"https:\\\/\\\/fuentesfidedignas.com.mx\\\/index.php\\\/2024\\\/12\\\/29\\\/guerra-entre-chapitos-y-mayiza-desata-ola-de-desapariciones-y-extorsiones\\\/#article\",\"isPartOf\":{\"@id\":\"https:\\\/\\\/fuentesfidedignas.com.mx\\\/index.php\\\/2024\\\/12\\\/29\\\/guerra-entre-chapitos-y-mayiza-desata-ola-de-desapariciones-y-extorsiones\\\/\"},\"author\":{\"name\":\"Milenio\",\"@id\":\"https:\\\/\\\/fuentesfidedignas.com.mx\\\/#\\\/schema\\\/person\\\/47ec0135738f4b0c7495f06a77a2c976\"},\"headline\":\"Guerra entre Chapitos y Mayiza desata ola de desapariciones y extorsiones\",\"datePublished\":\"2024-12-29T13:55:24+00:00\",\"dateModified\":\"2024-12-29T13:56:31+00:00\",\"mainEntityOfPage\":{\"@id\":\"https:\\\/\\\/fuentesfidedignas.com.mx\\\/index.php\\\/2024\\\/12\\\/29\\\/guerra-entre-chapitos-y-mayiza-desata-ola-de-desapariciones-y-extorsiones\\\/\"},\"wordCount\":758,\"commentCount\":0,\"publisher\":{\"@id\":\"https:\\\/\\\/fuentesfidedignas.com.mx\\\/#organization\"},\"image\":{\"@id\":\"https:\\\/\\\/fuentesfidedignas.com.mx\\\/index.php\\\/2024\\\/12\\\/29\\\/guerra-entre-chapitos-y-mayiza-desata-ola-de-desapariciones-y-extorsiones\\\/#primaryimage\"},\"thumbnailUrl\":\"https:\\\/\\\/fuentesfidedignas.com.mx\\\/wp-content\\\/uploads\\\/2024\\\/12\\\/Captura-de-Pantalla-2024-12-29-a-las-6.54.13.jpg\",\"articleSection\":[\"NOTA PRINCIPAL\"],\"inLanguage\":\"es\",\"potentialAction\":[{\"@type\":\"CommentAction\",\"name\":\"Comment\",\"target\":[\"https:\\\/\\\/fuentesfidedignas.com.mx\\\/index.php\\\/2024\\\/12\\\/29\\\/guerra-entre-chapitos-y-mayiza-desata-ola-de-desapariciones-y-extorsiones\\\/#respond\"]}]},{\"@type\":\"WebPage\",\"@id\":\"https:\\\/\\\/fuentesfidedignas.com.mx\\\/index.php\\\/2024\\\/12\\\/29\\\/guerra-entre-chapitos-y-mayiza-desata-ola-de-desapariciones-y-extorsiones\\\/\",\"url\":\"https:\\\/\\\/fuentesfidedignas.com.mx\\\/index.php\\\/2024\\\/12\\\/29\\\/guerra-entre-chapitos-y-mayiza-desata-ola-de-desapariciones-y-extorsiones\\\/\",\"name\":\"Guerra entre Chapitos y Mayiza desata ola de desapariciones y extorsiones - Fuentes Fidedignas\",\"isPartOf\":{\"@id\":\"https:\\\/\\\/fuentesfidedignas.com.mx\\\/#website\"},\"primaryImageOfPage\":{\"@id\":\"https:\\\/\\\/fuentesfidedignas.com.mx\\\/index.php\\\/2024\\\/12\\\/29\\\/guerra-entre-chapitos-y-mayiza-desata-ola-de-desapariciones-y-extorsiones\\\/#primaryimage\"},\"image\":{\"@id\":\"https:\\\/\\\/fuentesfidedignas.com.mx\\\/index.php\\\/2024\\\/12\\\/29\\\/guerra-entre-chapitos-y-mayiza-desata-ola-de-desapariciones-y-extorsiones\\\/#primaryimage\"},\"thumbnailUrl\":\"https:\\\/\\\/fuentesfidedignas.com.mx\\\/wp-content\\\/uploads\\\/2024\\\/12\\\/Captura-de-Pantalla-2024-12-29-a-las-6.54.13.jpg\",\"datePublished\":\"2024-12-29T13:55:24+00:00\",\"dateModified\":\"2024-12-29T13:56:31+00:00\",\"breadcrumb\":{\"@id\":\"https:\\\/\\\/fuentesfidedignas.com.mx\\\/index.php\\\/2024\\\/12\\\/29\\\/guerra-entre-chapitos-y-mayiza-desata-ola-de-desapariciones-y-extorsiones\\\/#breadcrumb\"},\"inLanguage\":\"es\",\"potentialAction\":[{\"@type\":\"ReadAction\",\"target\":[\"https:\\\/\\\/fuentesfidedignas.com.mx\\\/index.php\\\/2024\\\/12\\\/29\\\/guerra-entre-chapitos-y-mayiza-desata-ola-de-desapariciones-y-extorsiones\\\/\"]}]},{\"@type\":\"ImageObject\",\"inLanguage\":\"es\",\"@id\":\"https:\\\/\\\/fuentesfidedignas.com.mx\\\/index.php\\\/2024\\\/12\\\/29\\\/guerra-entre-chapitos-y-mayiza-desata-ola-de-desapariciones-y-extorsiones\\\/#primaryimage\",\"url\":\"https:\\\/\\\/fuentesfidedignas.com.mx\\\/wp-content\\\/uploads\\\/2024\\\/12\\\/Captura-de-Pantalla-2024-12-29-a-las-6.54.13.jpg\",\"contentUrl\":\"https:\\\/\\\/fuentesfidedignas.com.mx\\\/wp-content\\\/uploads\\\/2024\\\/12\\\/Captura-de-Pantalla-2024-12-29-a-las-6.54.13.jpg\",\"width\":1920,\"height\":1191},{\"@type\":\"BreadcrumbList\",\"@id\":\"https:\\\/\\\/fuentesfidedignas.com.mx\\\/index.php\\\/2024\\\/12\\\/29\\\/guerra-entre-chapitos-y-mayiza-desata-ola-de-desapariciones-y-extorsiones\\\/#breadcrumb\",\"itemListElement\":[{\"@type\":\"ListItem\",\"position\":1,\"name\":\"Inicio\",\"item\":\"https:\\\/\\\/fuentesfidedignas.com.mx\\\/\"},{\"@type\":\"ListItem\",\"position\":2,\"name\":\"Guerra entre Chapitos y Mayiza desata ola de desapariciones y extorsiones\"}]},{\"@type\":\"WebSite\",\"@id\":\"https:\\\/\\\/fuentesfidedignas.com.mx\\\/#website\",\"url\":\"https:\\\/\\\/fuentesfidedignas.com.mx\\\/\",\"name\":\"Fuentes Fidedignas\",\"description\":\"Otro sitio realizado con WordPress\",\"publisher\":{\"@id\":\"https:\\\/\\\/fuentesfidedignas.com.mx\\\/#organization\"},\"potentialAction\":[{\"@type\":\"SearchAction\",\"target\":{\"@type\":\"EntryPoint\",\"urlTemplate\":\"https:\\\/\\\/fuentesfidedignas.com.mx\\\/?s={search_term_string}\"},\"query-input\":{\"@type\":\"PropertyValueSpecification\",\"valueRequired\":true,\"valueName\":\"search_term_string\"}}],\"inLanguage\":\"es\"},{\"@type\":\"Organization\",\"@id\":\"https:\\\/\\\/fuentesfidedignas.com.mx\\\/#organization\",\"name\":\"Fuentes Fidedignas\",\"url\":\"https:\\\/\\\/fuentesfidedignas.com.mx\\\/\",\"logo\":{\"@type\":\"ImageObject\",\"inLanguage\":\"es\",\"@id\":\"https:\\\/\\\/fuentesfidedignas.com.mx\\\/#\\\/schema\\\/logo\\\/image\\\/\",\"url\":\"https:\\\/\\\/fuentesfidedignas.com.mx\\\/wp-content\\\/uploads\\\/2021\\\/04\\\/logo-retina.png\",\"contentUrl\":\"https:\\\/\\\/fuentesfidedignas.com.mx\\\/wp-content\\\/uploads\\\/2021\\\/04\\\/logo-retina.png\",\"width\":280,\"height\":51,\"caption\":\"Fuentes Fidedignas\"},\"image\":{\"@id\":\"https:\\\/\\\/fuentesfidedignas.com.mx\\\/#\\\/schema\\\/logo\\\/image\\\/\"},\"sameAs\":[\"https:\\\/\\\/www.facebook.com\\\/Fuentes-Fidedignas-368234489921644\",\"https:\\\/\\\/x.com\\\/fidedignas\"]},{\"@type\":\"Person\",\"@id\":\"https:\\\/\\\/fuentesfidedignas.com.mx\\\/#\\\/schema\\\/person\\\/47ec0135738f4b0c7495f06a77a2c976\",\"name\":\"Milenio\",\"image\":{\"@type\":\"ImageObject\",\"inLanguage\":\"es\",\"@id\":\"https:\\\/\\\/secure.gravatar.com\\\/avatar\\\/acabf7b54753e51c2c76457954577c236b3b764789b19879565769739d1e4a75?s=96&d=mm&r=g\",\"url\":\"https:\\\/\\\/secure.gravatar.com\\\/avatar\\\/acabf7b54753e51c2c76457954577c236b3b764789b19879565769739d1e4a75?s=96&d=mm&r=g\",\"contentUrl\":\"https:\\\/\\\/secure.gravatar.com\\\/avatar\\\/acabf7b54753e51c2c76457954577c236b3b764789b19879565769739d1e4a75?s=96&d=mm&r=g\",\"caption\":\"Milenio\"},\"url\":\"https:\\\/\\\/fuentesfidedignas.com.mx\\\/index.php\\\/author\\\/milenio\\\/\"}]}<\/script>\n<!-- \/ Yoast SEO plugin. -->","yoast_head_json":{"title":"Guerra entre Chapitos y Mayiza desata ola de desapariciones y extorsiones - Fuentes Fidedignas","robots":{"index":"index","follow":"follow","max-snippet":"max-snippet:-1","max-image-preview":"max-image-preview:large","max-video-preview":"max-video-preview:-1"},"canonical":"https:\/\/fuentesfidedignas.com.mx\/index.php\/2024\/12\/29\/guerra-entre-chapitos-y-mayiza-desata-ola-de-desapariciones-y-extorsiones\/","og_locale":"es_MX","og_type":"article","og_title":"Guerra entre Chapitos y Mayiza desata ola de desapariciones y extorsiones - Fuentes Fidedignas","og_description":"Desde la fragmentaci\u00f3n del C\u00e1rtel de Sinaloa se han reportado 695 personas desaparecidas, as\u00ed ha sido el avance estas semanas. La guerra entre&nbsp;La Mayiza y Los Chapitos&nbsp;comenz\u00f3 con levantones. Los primeros se dieron luego de la detenci\u00f3n de Ismael El Mayo Zambada, y hasta la fecha no han parado. De manera oficial, se reportan 695 [&hellip;]","og_url":"https:\/\/fuentesfidedignas.com.mx\/index.php\/2024\/12\/29\/guerra-entre-chapitos-y-mayiza-desata-ola-de-desapariciones-y-extorsiones\/","og_site_name":"Fuentes Fidedignas","article_publisher":"https:\/\/www.facebook.com\/Fuentes-Fidedignas-368234489921644","article_published_time":"2024-12-29T13:55:24+00:00","article_modified_time":"2024-12-29T13:56:31+00:00","og_image":[{"width":1920,"height":1191,"url":"https:\/\/fuentesfidedignas.com.mx\/wp-content\/uploads\/2024\/12\/Captura-de-Pantalla-2024-12-29-a-las-6.54.13.jpg","type":"image\/jpeg"}],"author":"Milenio","twitter_card":"summary_large_image","twitter_creator":"@fidedignas","twitter_site":"@fidedignas","twitter_misc":{"Escrito por":"Milenio","Tiempo de lectura":"4 minutos"},"schema":{"@context":"https:\/\/schema.org","@graph":[{"@type":"Article","@id":"https:\/\/fuentesfidedignas.com.mx\/index.php\/2024\/12\/29\/guerra-entre-chapitos-y-mayiza-desata-ola-de-desapariciones-y-extorsiones\/#article","isPartOf":{"@id":"https:\/\/fuentesfidedignas.com.mx\/index.php\/2024\/12\/29\/guerra-entre-chapitos-y-mayiza-desata-ola-de-desapariciones-y-extorsiones\/"},"author":{"name":"Milenio","@id":"https:\/\/fuentesfidedignas.com.mx\/#\/schema\/person\/47ec0135738f4b0c7495f06a77a2c976"},"headline":"Guerra entre Chapitos y Mayiza desata ola de desapariciones y extorsiones","datePublished":"2024-12-29T13:55:24+00:00","dateModified":"2024-12-29T13:56:31+00:00","mainEntityOfPage":{"@id":"https:\/\/fuentesfidedignas.com.mx\/index.php\/2024\/12\/29\/guerra-entre-chapitos-y-mayiza-desata-ola-de-desapariciones-y-extorsiones\/"},"wordCount":758,"commentCount":0,"publisher":{"@id":"https:\/\/fuentesfidedignas.com.mx\/#organization"},"image":{"@id":"https:\/\/fuentesfidedignas.com.mx\/index.php\/2024\/12\/29\/guerra-entre-chapitos-y-mayiza-desata-ola-de-desapariciones-y-extorsiones\/#primaryimage"},"thumbnailUrl":"https:\/\/fuentesfidedignas.com.mx\/wp-content\/uploads\/2024\/12\/Captura-de-Pantalla-2024-12-29-a-las-6.54.13.jpg","articleSection":["NOTA PRINCIPAL"],"inLanguage":"es","potentialAction":[{"@type":"CommentAction","name":"Comment","target":["https:\/\/fuentesfidedignas.com.mx\/index.php\/2024\/12\/29\/guerra-entre-chapitos-y-mayiza-desata-ola-de-desapariciones-y-extorsiones\/#respond"]}]},{"@type":"WebPage","@id":"https:\/\/fuentesfidedignas.com.mx\/index.php\/2024\/12\/29\/guerra-entre-chapitos-y-mayiza-desata-ola-de-desapariciones-y-extorsiones\/","url":"https:\/\/fuentesfidedignas.com.mx\/index.php\/2024\/12\/29\/guerra-entre-chapitos-y-mayiza-desata-ola-de-desapariciones-y-extorsiones\/","name":"Guerra entre Chapitos y Mayiza desata ola de desapariciones y extorsiones - Fuentes Fidedignas","isPartOf":{"@id":"https:\/\/fuentesfidedignas.com.mx\/#website"},"primaryImageOfPage":{"@id":"https:\/\/fuentesfidedignas.com.mx\/index.php\/2024\/12\/29\/guerra-entre-chapitos-y-mayiza-desata-ola-de-desapariciones-y-extorsiones\/#primaryimage"},"image":{"@id":"https:\/\/fuentesfidedignas.com.mx\/index.php\/2024\/12\/29\/guerra-entre-chapitos-y-mayiza-desata-ola-de-desapariciones-y-extorsiones\/#primaryimage"},"thumbnailUrl":"https:\/\/fuentesfidedignas.com.mx\/wp-content\/uploads\/2024\/12\/Captura-de-Pantalla-2024-12-29-a-las-6.54.13.jpg","datePublished":"2024-12-29T13:55:24+00:00","dateModified":"2024-12-29T13:56:31+00:00","breadcrumb":{"@id":"https:\/\/fuentesfidedignas.com.mx\/index.php\/2024\/12\/29\/guerra-entre-chapitos-y-mayiza-desata-ola-de-desapariciones-y-extorsiones\/#breadcrumb"},"inLanguage":"es","potentialAction":[{"@type":"ReadAction","target":["https:\/\/fuentesfidedignas.com.mx\/index.php\/2024\/12\/29\/guerra-entre-chapitos-y-mayiza-desata-ola-de-desapariciones-y-extorsiones\/"]}]},{"@type":"ImageObject","inLanguage":"es","@id":"https:\/\/fuentesfidedignas.com.mx\/index.php\/2024\/12\/29\/guerra-entre-chapitos-y-mayiza-desata-ola-de-desapariciones-y-extorsiones\/#primaryimage","url":"https:\/\/fuentesfidedignas.com.mx\/wp-content\/uploads\/2024\/12\/Captura-de-Pantalla-2024-12-29-a-las-6.54.13.jpg","contentUrl":"https:\/\/fuentesfidedignas.com.mx\/wp-content\/uploads\/2024\/12\/Captura-de-Pantalla-2024-12-29-a-las-6.54.13.jpg","width":1920,"height":1191},{"@type":"BreadcrumbList","@id":"https:\/\/fuentesfidedignas.com.mx\/index.php\/2024\/12\/29\/guerra-entre-chapitos-y-mayiza-desata-ola-de-desapariciones-y-extorsiones\/#breadcrumb","itemListElement":[{"@type":"ListItem","position":1,"name":"Inicio","item":"https:\/\/fuentesfidedignas.com.mx\/"},{"@type":"ListItem","position":2,"name":"Guerra entre Chapitos y Mayiza desata ola de desapariciones y extorsiones"}]},{"@type":"WebSite","@id":"https:\/\/fuentesfidedignas.com.mx\/#website","url":"https:\/\/fuentesfidedignas.com.mx\/","name":"Fuentes Fidedignas","description":"Otro sitio realizado con WordPress","publisher":{"@id":"https:\/\/fuentesfidedignas.com.mx\/#organization"},"potentialAction":[{"@type":"SearchAction","target":{"@type":"EntryPoint","urlTemplate":"https:\/\/fuentesfidedignas.com.mx\/?s={search_term_string}"},"query-input":{"@type":"PropertyValueSpecification","valueRequired":true,"valueName":"search_term_string"}}],"inLanguage":"es"},{"@type":"Organization","@id":"https:\/\/fuentesfidedignas.com.mx\/#organization","name":"Fuentes Fidedignas","url":"https:\/\/fuentesfidedignas.com.mx\/","logo":{"@type":"ImageObject","inLanguage":"es","@id":"https:\/\/fuentesfidedignas.com.mx\/#\/schema\/logo\/image\/","url":"https:\/\/fuentesfidedignas.com.mx\/wp-content\/uploads\/2021\/04\/logo-retina.png","contentUrl":"https:\/\/fuentesfidedignas.com.mx\/wp-content\/uploads\/2021\/04\/logo-retina.png","width":280,"height":51,"caption":"Fuentes Fidedignas"},"image":{"@id":"https:\/\/fuentesfidedignas.com.mx\/#\/schema\/logo\/image\/"},"sameAs":["https:\/\/www.facebook.com\/Fuentes-Fidedignas-368234489921644","https:\/\/x.com\/fidedignas"]},{"@type":"Person","@id":"https:\/\/fuentesfidedignas.com.mx\/#\/schema\/person\/47ec0135738f4b0c7495f06a77a2c976","name":"Milenio","image":{"@type":"ImageObject","inLanguage":"es","@id":"https:\/\/secure.gravatar.com\/avatar\/acabf7b54753e51c2c76457954577c236b3b764789b19879565769739d1e4a75?s=96&d=mm&r=g","url":"https:\/\/secure.gravatar.com\/avatar\/acabf7b54753e51c2c76457954577c236b3b764789b19879565769739d1e4a75?s=96&d=mm&r=g","contentUrl":"https:\/\/secure.gravatar.com\/avatar\/acabf7b54753e51c2c76457954577c236b3b764789b19879565769739d1e4a75?s=96&d=mm&r=g","caption":"Milenio"},"url":"https:\/\/fuentesfidedignas.com.mx\/index.php\/author\/milenio\/"}]}},"_links":{"self":[{"href":"https:\/\/fuentesfidedignas.com.mx\/index.php\/wp-json\/wp\/v2\/posts\/98287","targetHints":{"allow":["GET"]}}],"collection":[{"href":"https:\/\/fuentesfidedignas.com.mx\/index.php\/wp-json\/wp\/v2\/posts"}],"about":[{"href":"https:\/\/fuentesfidedignas.com.mx\/index.php\/wp-json\/wp\/v2\/types\/post"}],"author":[{"embeddable":true,"href":"https:\/\/fuentesfidedignas.com.mx\/index.php\/wp-json\/wp\/v2\/users\/9"}],"replies":[{"embeddable":true,"href":"https:\/\/fuentesfidedignas.com.mx\/index.php\/wp-json\/wp\/v2\/comments?post=98287"}],"version-history":[{"count":1,"href":"https:\/\/fuentesfidedignas.com.mx\/index.php\/wp-json\/wp\/v2\/posts\/98287\/revisions"}],"predecessor-version":[{"id":98289,"href":"https:\/\/fuentesfidedignas.com.mx\/index.php\/wp-json\/wp\/v2\/posts\/98287\/revisions\/98289"}],"wp:featuredmedia":[{"embeddable":true,"href":"https:\/\/fuentesfidedignas.com.mx\/index.php\/wp-json\/wp\/v2\/media\/98288"}],"wp:attachment":[{"href":"https:\/\/fuentesfidedignas.com.mx\/index.php\/wp-json\/wp\/v2\/media?parent=98287"}],"wp:term":[{"taxonomy":"category","embeddable":true,"href":"https:\/\/fuentesfidedignas.com.mx\/index.php\/wp-json\/wp\/v2\/categories?post=98287"},{"taxonomy":"post_tag","embeddable":true,"href":"https:\/\/fuentesfidedignas.com.mx\/index.php\/wp-json\/wp\/v2\/tags?post=98287"}],"curies":[{"name":"wp","href":"https:\/\/api.w.org\/{rel}","templated":true}]}}