{"id":98195,"date":"2024-12-23T17:50:38","date_gmt":"2024-12-24T00:50:38","guid":{"rendered":"https:\/\/fuentesfidedignas.com.mx\/?p=98195"},"modified":"2024-12-23T17:50:41","modified_gmt":"2024-12-24T00:50:41","slug":"detienen-a-11-policias-en-chiapas-por-desaparicion-forzada-de-personas","status":"publish","type":"post","link":"https:\/\/fuentesfidedignas.com.mx\/index.php\/2024\/12\/23\/detienen-a-11-policias-en-chiapas-por-desaparicion-forzada-de-personas\/","title":{"rendered":"Detienen a 11 polic\u00edas en Chiapas por desaparici\u00f3n forzada de personas"},"content":{"rendered":"\n<p><strong><em>Servidores p\u00fablicos de Chiapas se enfrentar\u00e1n justicia por desaparici\u00f3n forzada, pues se logr\u00f3 acreditar su responsabilidad en los hechos<\/em><\/strong><\/p>\n\n\n\n<p>Un operativo antisecuestro en Chiapas, culmin\u00f3 con la detenci\u00f3n 11 polic\u00edas por su presunta colusi\u00f3n con el crimen organizado para la desaparici\u00f3n forzada de personas, inform\u00f3 este lunes la Fiscal\u00eda General del Estado (FGE).<\/p>\n\n\n\n<p>El fiscal Jorge Luis Llaven detall\u00f3 en una conferencia de prensa que esta detenci\u00f3n, de nueve oficiales municipales y dos de investigaci\u00f3n, se logr\u00f3 despu\u00e9s de tres carpetas de investigaci\u00f3n por el delito de desaparici\u00f3n forzada de dos hombres llamados Cristian y Jos\u00e9 Luis en Tuxtla Guti\u00e9rrez, capital de Chiapas.<\/p>\n\n\n\n<p>Entre los detenidos identificaron a Edgar \u2018N\u2019, director de la Polic\u00eda Municipal.<\/p>\n\n\n\n<p>El operativo en el centro de Tuxtla Guti\u00e9rrez lo realizaron elementos de la Fiscal\u00eda General del Estado, de la Fuerza de Reacci\u00f3n Inmediata Pakal (FRIP), la Secretar\u00eda de Seguridad y Protecci\u00f3n Ciudadana, la Polic\u00eda de Investigaci\u00f3n y la Comisi\u00f3n Nacional Antisecuestro (Conase).<\/p>\n\n\n\n<p>Los servidores p\u00fablicos afrontar\u00e1n la justicia por el delito de desaparici\u00f3n forzada, pues se logr\u00f3 acreditar su responsabilidad en los hechos que se le imputan.<\/p>\n\n\n\n<p>Llaven afirm\u00f3 que la Fiscal\u00eda General del Estado y la Secretar\u00eda de Seguridad continuar\u00e1n con las investigaciones como parte de las acciones para garantizar la seguridad a la poblaci\u00f3n y refrendar el compromiso de mantener la pol\u00edtica de Cero Impunidad y Cero Corrupci\u00f3n.<\/p>\n\n\n\n<p>En tanto, el gobernador de Chiapas, Eduardo Ram\u00edrez, prometi\u00f3 que fuerzas estatales y federales recuperar\u00e1n la paz y aplicar\u00e1n la ley en las regiones Frontera, Sierra y Frailesca, municipios que colindan con Guatemala.<\/p>\n\n\n\n<p>Esta zona afronta una ola de violencia desde hace m\u00e1s de 5 a\u00f1os por el crimen organizado y los c\u00e1rteles que se disputan el territorio para controlar el flujo de drogas y personas desde Centroam\u00e9rica.<\/p>\n\n\n\n<p>Adem\u00e1s, han desplazado, asesinado o desaparecido a miles de personas ind\u00edgenas y campesinas.<\/p>\n\n\n\n<blockquote class=\"twitter-tweet\"><p lang=\"es\" dir=\"ltr\">SSPC, FGE Y SSP detienen a nueve polic\u00edas municipales y dos polic\u00edas de investigaci\u00f3n, presuntamente por el delito de desaparici\u00f3n forzada<a href=\"https:\/\/twitter.com\/hashtag\/FGEChiapas?src=hash&amp;ref_src=twsrc%5Etfw\">#FGEChiapas<\/a> <a href=\"https:\/\/twitter.com\/hashtag\/089DenunciaAn%C3%B3nima?src=hash&amp;ref_src=twsrc%5Etfw\">#089DenunciaAn\u00f3nima<\/a> <a href=\"https:\/\/twitter.com\/hashtag\/911Emergencias?src=hash&amp;ref_src=twsrc%5Etfw\">#911Emergencias<\/a> <a href=\"https:\/\/twitter.com\/hashtag\/JusticiaConHumanismo?src=hash&amp;ref_src=twsrc%5Etfw\">#JusticiaConHumanismo<\/a><br><br>Para m\u00e1s informaci\u00f3n\ud83d\udcf2 <a href=\"https:\/\/t.co\/lrW9m8Nuag\">https:\/\/t.co\/lrW9m8Nuag<\/a> <a href=\"https:\/\/t.co\/u9EafC1fmf\">pic.twitter.com\/u9EafC1fmf<\/a><\/p>&mdash; FGEChiapas (@FGEChiapas) <a href=\"https:\/\/twitter.com\/FGEChiapas\/status\/1871329377549746348?ref_src=twsrc%5Etfw\">December 23, 2024<\/a><\/blockquote> <script async src=\"https:\/\/platform.twitter.com\/widgets.js\" charset=\"utf-8\"><\/script>\n","protected":false},"excerpt":{"rendered":"<p>Servidores p\u00fablicos de Chiapas se enfrentar\u00e1n justicia por desaparici\u00f3n forzada, pues se logr\u00f3 acreditar su responsabilidad en los hechos Un operativo antisecuestro en Chiapas, culmin\u00f3 con la detenci\u00f3n 11 polic\u00edas por su presunta colusi\u00f3n con el crimen organizado para la desaparici\u00f3n forzada de personas, inform\u00f3 este lunes la Fiscal\u00eda General del Estado (FGE). El fiscal [&hellip;]<\/p>\n","protected":false},"author":47,"featured_media":98196,"comment_status":"open","ping_status":"open","sticky":false,"template":"","format":"standard","meta":{"tdm_status":"","tdm_grid_status":"","footnotes":""},"categories":[39],"tags":[],"class_list":{"0":"post-98195","1":"post","2":"type-post","3":"status-publish","4":"format-standard","5":"has-post-thumbnail","7":"category-noticias-nacionales"},"yoast_head":"<!-- This site is optimized with the Yoast SEO plugin v27.5 - https:\/\/yoast.com\/product\/yoast-seo-wordpress\/ -->\n<title>Detienen a 11 polic\u00edas en Chiapas por desaparici\u00f3n forzada de personas - Fuentes Fidedignas<\/title>\n<meta name=\"robots\" content=\"index, follow, max-snippet:-1, max-image-preview:large, max-video-preview:-1\" \/>\n<link rel=\"canonical\" href=\"https:\/\/fuentesfidedignas.com.mx\/index.php\/2024\/12\/23\/detienen-a-11-policias-en-chiapas-por-desaparicion-forzada-de-personas\/\" \/>\n<meta property=\"og:locale\" content=\"es_MX\" \/>\n<meta property=\"og:type\" content=\"article\" \/>\n<meta property=\"og:title\" content=\"Detienen a 11 polic\u00edas en Chiapas por desaparici\u00f3n forzada de personas - Fuentes Fidedignas\" \/>\n<meta property=\"og:description\" content=\"Servidores p\u00fablicos de Chiapas se enfrentar\u00e1n justicia por desaparici\u00f3n forzada, pues se logr\u00f3 acreditar su responsabilidad en los hechos Un operativo antisecuestro en Chiapas, culmin\u00f3 con la detenci\u00f3n 11 polic\u00edas por su presunta colusi\u00f3n con el crimen organizado para la desaparici\u00f3n forzada de personas, inform\u00f3 este lunes la Fiscal\u00eda General del Estado (FGE). El fiscal [&hellip;]\" \/>\n<meta property=\"og:url\" content=\"https:\/\/fuentesfidedignas.com.mx\/index.php\/2024\/12\/23\/detienen-a-11-policias-en-chiapas-por-desaparicion-forzada-de-personas\/\" \/>\n<meta property=\"og:site_name\" content=\"Fuentes Fidedignas\" \/>\n<meta property=\"article:publisher\" content=\"https:\/\/www.facebook.com\/Fuentes-Fidedignas-368234489921644\" \/>\n<meta property=\"article:published_time\" content=\"2024-12-24T00:50:38+00:00\" \/>\n<meta property=\"article:modified_time\" content=\"2024-12-24T00:50:41+00:00\" \/>\n<meta property=\"og:image\" content=\"https:\/\/fuentesfidedignas.com.mx\/wp-content\/uploads\/2024\/12\/polis_chiapas.jpg\" \/>\n\t<meta property=\"og:image:width\" content=\"600\" \/>\n\t<meta property=\"og:image:height\" content=\"393\" \/>\n\t<meta property=\"og:image:type\" content=\"image\/jpeg\" \/>\n<meta name=\"author\" content=\"L\u00f3pez D\u00f3riga\" \/>\n<meta name=\"twitter:card\" content=\"summary_large_image\" \/>\n<meta name=\"twitter:creator\" content=\"@fidedignas\" \/>\n<meta name=\"twitter:site\" content=\"@fidedignas\" \/>\n<meta name=\"twitter:label1\" content=\"Escrito por\" \/>\n\t<meta name=\"twitter:data1\" content=\"L\u00f3pez D\u00f3riga\" \/>\n\t<meta name=\"twitter:label2\" content=\"Tiempo de lectura\" \/>\n\t<meta name=\"twitter:data2\" content=\"2 minutos\" \/>\n<script type=\"application\/ld+json\" class=\"yoast-schema-graph\">{\"@context\":\"https:\\\/\\\/schema.org\",\"@graph\":[{\"@type\":\"Article\",\"@id\":\"https:\\\/\\\/fuentesfidedignas.com.mx\\\/index.php\\\/2024\\\/12\\\/23\\\/detienen-a-11-policias-en-chiapas-por-desaparicion-forzada-de-personas\\\/#article\",\"isPartOf\":{\"@id\":\"https:\\\/\\\/fuentesfidedignas.com.mx\\\/index.php\\\/2024\\\/12\\\/23\\\/detienen-a-11-policias-en-chiapas-por-desaparicion-forzada-de-personas\\\/\"},\"author\":{\"name\":\"L\u00f3pez D\u00f3riga\",\"@id\":\"https:\\\/\\\/fuentesfidedignas.com.mx\\\/#\\\/schema\\\/person\\\/67d852f0557c8509146a4b9ddebd543a\"},\"headline\":\"Detienen a 11 polic\u00edas en Chiapas por desaparici\u00f3n forzada de personas\",\"datePublished\":\"2024-12-24T00:50:38+00:00\",\"dateModified\":\"2024-12-24T00:50:41+00:00\",\"mainEntityOfPage\":{\"@id\":\"https:\\\/\\\/fuentesfidedignas.com.mx\\\/index.php\\\/2024\\\/12\\\/23\\\/detienen-a-11-policias-en-chiapas-por-desaparicion-forzada-de-personas\\\/\"},\"wordCount\":408,\"commentCount\":0,\"publisher\":{\"@id\":\"https:\\\/\\\/fuentesfidedignas.com.mx\\\/#organization\"},\"image\":{\"@id\":\"https:\\\/\\\/fuentesfidedignas.com.mx\\\/index.php\\\/2024\\\/12\\\/23\\\/detienen-a-11-policias-en-chiapas-por-desaparicion-forzada-de-personas\\\/#primaryimage\"},\"thumbnailUrl\":\"https:\\\/\\\/fuentesfidedignas.com.mx\\\/wp-content\\\/uploads\\\/2024\\\/12\\\/polis_chiapas.jpg\",\"articleSection\":[\"NOTICIAS NACIONALES\"],\"inLanguage\":\"es\",\"potentialAction\":[{\"@type\":\"CommentAction\",\"name\":\"Comment\",\"target\":[\"https:\\\/\\\/fuentesfidedignas.com.mx\\\/index.php\\\/2024\\\/12\\\/23\\\/detienen-a-11-policias-en-chiapas-por-desaparicion-forzada-de-personas\\\/#respond\"]}]},{\"@type\":\"WebPage\",\"@id\":\"https:\\\/\\\/fuentesfidedignas.com.mx\\\/index.php\\\/2024\\\/12\\\/23\\\/detienen-a-11-policias-en-chiapas-por-desaparicion-forzada-de-personas\\\/\",\"url\":\"https:\\\/\\\/fuentesfidedignas.com.mx\\\/index.php\\\/2024\\\/12\\\/23\\\/detienen-a-11-policias-en-chiapas-por-desaparicion-forzada-de-personas\\\/\",\"name\":\"Detienen a 11 polic\u00edas en Chiapas por desaparici\u00f3n forzada de personas - Fuentes Fidedignas\",\"isPartOf\":{\"@id\":\"https:\\\/\\\/fuentesfidedignas.com.mx\\\/#website\"},\"primaryImageOfPage\":{\"@id\":\"https:\\\/\\\/fuentesfidedignas.com.mx\\\/index.php\\\/2024\\\/12\\\/23\\\/detienen-a-11-policias-en-chiapas-por-desaparicion-forzada-de-personas\\\/#primaryimage\"},\"image\":{\"@id\":\"https:\\\/\\\/fuentesfidedignas.com.mx\\\/index.php\\\/2024\\\/12\\\/23\\\/detienen-a-11-policias-en-chiapas-por-desaparicion-forzada-de-personas\\\/#primaryimage\"},\"thumbnailUrl\":\"https:\\\/\\\/fuentesfidedignas.com.mx\\\/wp-content\\\/uploads\\\/2024\\\/12\\\/polis_chiapas.jpg\",\"datePublished\":\"2024-12-24T00:50:38+00:00\",\"dateModified\":\"2024-12-24T00:50:41+00:00\",\"breadcrumb\":{\"@id\":\"https:\\\/\\\/fuentesfidedignas.com.mx\\\/index.php\\\/2024\\\/12\\\/23\\\/detienen-a-11-policias-en-chiapas-por-desaparicion-forzada-de-personas\\\/#breadcrumb\"},\"inLanguage\":\"es\",\"potentialAction\":[{\"@type\":\"ReadAction\",\"target\":[\"https:\\\/\\\/fuentesfidedignas.com.mx\\\/index.php\\\/2024\\\/12\\\/23\\\/detienen-a-11-policias-en-chiapas-por-desaparicion-forzada-de-personas\\\/\"]}]},{\"@type\":\"ImageObject\",\"inLanguage\":\"es\",\"@id\":\"https:\\\/\\\/fuentesfidedignas.com.mx\\\/index.php\\\/2024\\\/12\\\/23\\\/detienen-a-11-policias-en-chiapas-por-desaparicion-forzada-de-personas\\\/#primaryimage\",\"url\":\"https:\\\/\\\/fuentesfidedignas.com.mx\\\/wp-content\\\/uploads\\\/2024\\\/12\\\/polis_chiapas.jpg\",\"contentUrl\":\"https:\\\/\\\/fuentesfidedignas.com.mx\\\/wp-content\\\/uploads\\\/2024\\\/12\\\/polis_chiapas.jpg\",\"width\":600,\"height\":393},{\"@type\":\"BreadcrumbList\",\"@id\":\"https:\\\/\\\/fuentesfidedignas.com.mx\\\/index.php\\\/2024\\\/12\\\/23\\\/detienen-a-11-policias-en-chiapas-por-desaparicion-forzada-de-personas\\\/#breadcrumb\",\"itemListElement\":[{\"@type\":\"ListItem\",\"position\":1,\"name\":\"Inicio\",\"item\":\"https:\\\/\\\/fuentesfidedignas.com.mx\\\/\"},{\"@type\":\"ListItem\",\"position\":2,\"name\":\"Detienen a 11 polic\u00edas en Chiapas por desaparici\u00f3n forzada de personas\"}]},{\"@type\":\"WebSite\",\"@id\":\"https:\\\/\\\/fuentesfidedignas.com.mx\\\/#website\",\"url\":\"https:\\\/\\\/fuentesfidedignas.com.mx\\\/\",\"name\":\"Fuentes Fidedignas\",\"description\":\"Otro sitio realizado con WordPress\",\"publisher\":{\"@id\":\"https:\\\/\\\/fuentesfidedignas.com.mx\\\/#organization\"},\"potentialAction\":[{\"@type\":\"SearchAction\",\"target\":{\"@type\":\"EntryPoint\",\"urlTemplate\":\"https:\\\/\\\/fuentesfidedignas.com.mx\\\/?s={search_term_string}\"},\"query-input\":{\"@type\":\"PropertyValueSpecification\",\"valueRequired\":true,\"valueName\":\"search_term_string\"}}],\"inLanguage\":\"es\"},{\"@type\":\"Organization\",\"@id\":\"https:\\\/\\\/fuentesfidedignas.com.mx\\\/#organization\",\"name\":\"Fuentes Fidedignas\",\"url\":\"https:\\\/\\\/fuentesfidedignas.com.mx\\\/\",\"logo\":{\"@type\":\"ImageObject\",\"inLanguage\":\"es\",\"@id\":\"https:\\\/\\\/fuentesfidedignas.com.mx\\\/#\\\/schema\\\/logo\\\/image\\\/\",\"url\":\"https:\\\/\\\/fuentesfidedignas.com.mx\\\/wp-content\\\/uploads\\\/2021\\\/04\\\/logo-retina.png\",\"contentUrl\":\"https:\\\/\\\/fuentesfidedignas.com.mx\\\/wp-content\\\/uploads\\\/2021\\\/04\\\/logo-retina.png\",\"width\":280,\"height\":51,\"caption\":\"Fuentes Fidedignas\"},\"image\":{\"@id\":\"https:\\\/\\\/fuentesfidedignas.com.mx\\\/#\\\/schema\\\/logo\\\/image\\\/\"},\"sameAs\":[\"https:\\\/\\\/www.facebook.com\\\/Fuentes-Fidedignas-368234489921644\",\"https:\\\/\\\/x.com\\\/fidedignas\"]},{\"@type\":\"Person\",\"@id\":\"https:\\\/\\\/fuentesfidedignas.com.mx\\\/#\\\/schema\\\/person\\\/67d852f0557c8509146a4b9ddebd543a\",\"name\":\"L\u00f3pez D\u00f3riga\",\"image\":{\"@type\":\"ImageObject\",\"inLanguage\":\"es\",\"@id\":\"https:\\\/\\\/secure.gravatar.com\\\/avatar\\\/e525b06574ca18b33cded59dfe5778d6c823b9513154eff47da551b0551bdd1e?s=96&d=mm&r=g\",\"url\":\"https:\\\/\\\/secure.gravatar.com\\\/avatar\\\/e525b06574ca18b33cded59dfe5778d6c823b9513154eff47da551b0551bdd1e?s=96&d=mm&r=g\",\"contentUrl\":\"https:\\\/\\\/secure.gravatar.com\\\/avatar\\\/e525b06574ca18b33cded59dfe5778d6c823b9513154eff47da551b0551bdd1e?s=96&d=mm&r=g\",\"caption\":\"L\u00f3pez D\u00f3riga\"},\"url\":\"https:\\\/\\\/fuentesfidedignas.com.mx\\\/index.php\\\/author\\\/doriga\\\/\"}]}<\/script>\n<!-- \/ Yoast SEO plugin. -->","yoast_head_json":{"title":"Detienen a 11 polic\u00edas en Chiapas por desaparici\u00f3n forzada de personas - Fuentes Fidedignas","robots":{"index":"index","follow":"follow","max-snippet":"max-snippet:-1","max-image-preview":"max-image-preview:large","max-video-preview":"max-video-preview:-1"},"canonical":"https:\/\/fuentesfidedignas.com.mx\/index.php\/2024\/12\/23\/detienen-a-11-policias-en-chiapas-por-desaparicion-forzada-de-personas\/","og_locale":"es_MX","og_type":"article","og_title":"Detienen a 11 polic\u00edas en Chiapas por desaparici\u00f3n forzada de personas - Fuentes Fidedignas","og_description":"Servidores p\u00fablicos de Chiapas se enfrentar\u00e1n justicia por desaparici\u00f3n forzada, pues se logr\u00f3 acreditar su responsabilidad en los hechos Un operativo antisecuestro en Chiapas, culmin\u00f3 con la detenci\u00f3n 11 polic\u00edas por su presunta colusi\u00f3n con el crimen organizado para la desaparici\u00f3n forzada de personas, inform\u00f3 este lunes la Fiscal\u00eda General del Estado (FGE). El fiscal [&hellip;]","og_url":"https:\/\/fuentesfidedignas.com.mx\/index.php\/2024\/12\/23\/detienen-a-11-policias-en-chiapas-por-desaparicion-forzada-de-personas\/","og_site_name":"Fuentes Fidedignas","article_publisher":"https:\/\/www.facebook.com\/Fuentes-Fidedignas-368234489921644","article_published_time":"2024-12-24T00:50:38+00:00","article_modified_time":"2024-12-24T00:50:41+00:00","og_image":[{"width":600,"height":393,"url":"https:\/\/fuentesfidedignas.com.mx\/wp-content\/uploads\/2024\/12\/polis_chiapas.jpg","type":"image\/jpeg"}],"author":"L\u00f3pez D\u00f3riga","twitter_card":"summary_large_image","twitter_creator":"@fidedignas","twitter_site":"@fidedignas","twitter_misc":{"Escrito por":"L\u00f3pez D\u00f3riga","Tiempo de lectura":"2 minutos"},"schema":{"@context":"https:\/\/schema.org","@graph":[{"@type":"Article","@id":"https:\/\/fuentesfidedignas.com.mx\/index.php\/2024\/12\/23\/detienen-a-11-policias-en-chiapas-por-desaparicion-forzada-de-personas\/#article","isPartOf":{"@id":"https:\/\/fuentesfidedignas.com.mx\/index.php\/2024\/12\/23\/detienen-a-11-policias-en-chiapas-por-desaparicion-forzada-de-personas\/"},"author":{"name":"L\u00f3pez D\u00f3riga","@id":"https:\/\/fuentesfidedignas.com.mx\/#\/schema\/person\/67d852f0557c8509146a4b9ddebd543a"},"headline":"Detienen a 11 polic\u00edas en Chiapas por desaparici\u00f3n forzada de personas","datePublished":"2024-12-24T00:50:38+00:00","dateModified":"2024-12-24T00:50:41+00:00","mainEntityOfPage":{"@id":"https:\/\/fuentesfidedignas.com.mx\/index.php\/2024\/12\/23\/detienen-a-11-policias-en-chiapas-por-desaparicion-forzada-de-personas\/"},"wordCount":408,"commentCount":0,"publisher":{"@id":"https:\/\/fuentesfidedignas.com.mx\/#organization"},"image":{"@id":"https:\/\/fuentesfidedignas.com.mx\/index.php\/2024\/12\/23\/detienen-a-11-policias-en-chiapas-por-desaparicion-forzada-de-personas\/#primaryimage"},"thumbnailUrl":"https:\/\/fuentesfidedignas.com.mx\/wp-content\/uploads\/2024\/12\/polis_chiapas.jpg","articleSection":["NOTICIAS NACIONALES"],"inLanguage":"es","potentialAction":[{"@type":"CommentAction","name":"Comment","target":["https:\/\/fuentesfidedignas.com.mx\/index.php\/2024\/12\/23\/detienen-a-11-policias-en-chiapas-por-desaparicion-forzada-de-personas\/#respond"]}]},{"@type":"WebPage","@id":"https:\/\/fuentesfidedignas.com.mx\/index.php\/2024\/12\/23\/detienen-a-11-policias-en-chiapas-por-desaparicion-forzada-de-personas\/","url":"https:\/\/fuentesfidedignas.com.mx\/index.php\/2024\/12\/23\/detienen-a-11-policias-en-chiapas-por-desaparicion-forzada-de-personas\/","name":"Detienen a 11 polic\u00edas en Chiapas por desaparici\u00f3n forzada de personas - Fuentes Fidedignas","isPartOf":{"@id":"https:\/\/fuentesfidedignas.com.mx\/#website"},"primaryImageOfPage":{"@id":"https:\/\/fuentesfidedignas.com.mx\/index.php\/2024\/12\/23\/detienen-a-11-policias-en-chiapas-por-desaparicion-forzada-de-personas\/#primaryimage"},"image":{"@id":"https:\/\/fuentesfidedignas.com.mx\/index.php\/2024\/12\/23\/detienen-a-11-policias-en-chiapas-por-desaparicion-forzada-de-personas\/#primaryimage"},"thumbnailUrl":"https:\/\/fuentesfidedignas.com.mx\/wp-content\/uploads\/2024\/12\/polis_chiapas.jpg","datePublished":"2024-12-24T00:50:38+00:00","dateModified":"2024-12-24T00:50:41+00:00","breadcrumb":{"@id":"https:\/\/fuentesfidedignas.com.mx\/index.php\/2024\/12\/23\/detienen-a-11-policias-en-chiapas-por-desaparicion-forzada-de-personas\/#breadcrumb"},"inLanguage":"es","potentialAction":[{"@type":"ReadAction","target":["https:\/\/fuentesfidedignas.com.mx\/index.php\/2024\/12\/23\/detienen-a-11-policias-en-chiapas-por-desaparicion-forzada-de-personas\/"]}]},{"@type":"ImageObject","inLanguage":"es","@id":"https:\/\/fuentesfidedignas.com.mx\/index.php\/2024\/12\/23\/detienen-a-11-policias-en-chiapas-por-desaparicion-forzada-de-personas\/#primaryimage","url":"https:\/\/fuentesfidedignas.com.mx\/wp-content\/uploads\/2024\/12\/polis_chiapas.jpg","contentUrl":"https:\/\/fuentesfidedignas.com.mx\/wp-content\/uploads\/2024\/12\/polis_chiapas.jpg","width":600,"height":393},{"@type":"BreadcrumbList","@id":"https:\/\/fuentesfidedignas.com.mx\/index.php\/2024\/12\/23\/detienen-a-11-policias-en-chiapas-por-desaparicion-forzada-de-personas\/#breadcrumb","itemListElement":[{"@type":"ListItem","position":1,"name":"Inicio","item":"https:\/\/fuentesfidedignas.com.mx\/"},{"@type":"ListItem","position":2,"name":"Detienen a 11 polic\u00edas en Chiapas por desaparici\u00f3n forzada de personas"}]},{"@type":"WebSite","@id":"https:\/\/fuentesfidedignas.com.mx\/#website","url":"https:\/\/fuentesfidedignas.com.mx\/","name":"Fuentes Fidedignas","description":"Otro sitio realizado con WordPress","publisher":{"@id":"https:\/\/fuentesfidedignas.com.mx\/#organization"},"potentialAction":[{"@type":"SearchAction","target":{"@type":"EntryPoint","urlTemplate":"https:\/\/fuentesfidedignas.com.mx\/?s={search_term_string}"},"query-input":{"@type":"PropertyValueSpecification","valueRequired":true,"valueName":"search_term_string"}}],"inLanguage":"es"},{"@type":"Organization","@id":"https:\/\/fuentesfidedignas.com.mx\/#organization","name":"Fuentes Fidedignas","url":"https:\/\/fuentesfidedignas.com.mx\/","logo":{"@type":"ImageObject","inLanguage":"es","@id":"https:\/\/fuentesfidedignas.com.mx\/#\/schema\/logo\/image\/","url":"https:\/\/fuentesfidedignas.com.mx\/wp-content\/uploads\/2021\/04\/logo-retina.png","contentUrl":"https:\/\/fuentesfidedignas.com.mx\/wp-content\/uploads\/2021\/04\/logo-retina.png","width":280,"height":51,"caption":"Fuentes Fidedignas"},"image":{"@id":"https:\/\/fuentesfidedignas.com.mx\/#\/schema\/logo\/image\/"},"sameAs":["https:\/\/www.facebook.com\/Fuentes-Fidedignas-368234489921644","https:\/\/x.com\/fidedignas"]},{"@type":"Person","@id":"https:\/\/fuentesfidedignas.com.mx\/#\/schema\/person\/67d852f0557c8509146a4b9ddebd543a","name":"L\u00f3pez D\u00f3riga","image":{"@type":"ImageObject","inLanguage":"es","@id":"https:\/\/secure.gravatar.com\/avatar\/e525b06574ca18b33cded59dfe5778d6c823b9513154eff47da551b0551bdd1e?s=96&d=mm&r=g","url":"https:\/\/secure.gravatar.com\/avatar\/e525b06574ca18b33cded59dfe5778d6c823b9513154eff47da551b0551bdd1e?s=96&d=mm&r=g","contentUrl":"https:\/\/secure.gravatar.com\/avatar\/e525b06574ca18b33cded59dfe5778d6c823b9513154eff47da551b0551bdd1e?s=96&d=mm&r=g","caption":"L\u00f3pez D\u00f3riga"},"url":"https:\/\/fuentesfidedignas.com.mx\/index.php\/author\/doriga\/"}]}},"_links":{"self":[{"href":"https:\/\/fuentesfidedignas.com.mx\/index.php\/wp-json\/wp\/v2\/posts\/98195","targetHints":{"allow":["GET"]}}],"collection":[{"href":"https:\/\/fuentesfidedignas.com.mx\/index.php\/wp-json\/wp\/v2\/posts"}],"about":[{"href":"https:\/\/fuentesfidedignas.com.mx\/index.php\/wp-json\/wp\/v2\/types\/post"}],"author":[{"embeddable":true,"href":"https:\/\/fuentesfidedignas.com.mx\/index.php\/wp-json\/wp\/v2\/users\/47"}],"replies":[{"embeddable":true,"href":"https:\/\/fuentesfidedignas.com.mx\/index.php\/wp-json\/wp\/v2\/comments?post=98195"}],"version-history":[{"count":1,"href":"https:\/\/fuentesfidedignas.com.mx\/index.php\/wp-json\/wp\/v2\/posts\/98195\/revisions"}],"predecessor-version":[{"id":98197,"href":"https:\/\/fuentesfidedignas.com.mx\/index.php\/wp-json\/wp\/v2\/posts\/98195\/revisions\/98197"}],"wp:featuredmedia":[{"embeddable":true,"href":"https:\/\/fuentesfidedignas.com.mx\/index.php\/wp-json\/wp\/v2\/media\/98196"}],"wp:attachment":[{"href":"https:\/\/fuentesfidedignas.com.mx\/index.php\/wp-json\/wp\/v2\/media?parent=98195"}],"wp:term":[{"taxonomy":"category","embeddable":true,"href":"https:\/\/fuentesfidedignas.com.mx\/index.php\/wp-json\/wp\/v2\/categories?post=98195"},{"taxonomy":"post_tag","embeddable":true,"href":"https:\/\/fuentesfidedignas.com.mx\/index.php\/wp-json\/wp\/v2\/tags?post=98195"}],"curies":[{"name":"wp","href":"https:\/\/api.w.org\/{rel}","templated":true}]}}