{"id":9814,"date":"2021-08-14T08:03:18","date_gmt":"2021-08-14T15:03:18","guid":{"rendered":"https:\/\/fuentesfidedignas.com.mx\/?p=9814"},"modified":"2021-08-14T11:41:42","modified_gmt":"2021-08-14T18:41:42","slug":"huracan-linda-se-intensifica-a-categoria-3-en-el-pacifico","status":"publish","type":"post","link":"https:\/\/fuentesfidedignas.com.mx\/index.php\/2021\/08\/14\/huracan-linda-se-intensifica-a-categoria-3-en-el-pacifico\/","title":{"rendered":"Hurac\u00e1n &#8216;Linda&#8217; se intensifica a categor\u00eda 3 en el Pac\u00edfico"},"content":{"rendered":"\n<p><strong><em>El SMN indic\u00f3 que el hurac\u00e1n Linda se localiza a 675 kil\u00f3metros al sur-suroeste de Cabo San Lucas, Baja California Sur<\/em><\/strong><\/p>\n\n\n\n<p>Ciudad de M\u00e9xico. El hurac\u00e1n Linda se intensific\u00f3 a categor\u00eda 3 en la escala Saffir-Simpson en las \u00faltimas horas y su centro se localiza al sur-suroeste de las costas de Baja California Sur, en el Pac\u00edfico mexicano, inform\u00f3 el Servicio Meteorol\u00f3gico Nacional (SMN).<\/p>\n\n\n\n<p>En un comunicado, el SMN indic\u00f3 que el cicl\u00f3n se localiza a 675 kil\u00f3metros al sur-suroeste de Cabo San Lucas, Baja California Sur, y a 820 kil\u00f3metros al oeste-suroeste de Cabo Corrientes, Jalisco.<\/p>\n\n\n\n<figure class=\"wp-block-embed is-type-rich is-provider-twitter wp-block-embed-twitter\"><div class=\"wp-block-embed__wrapper\">\n<blockquote class=\"twitter-tweet\" data-width=\"550\" data-dnt=\"true\"><p lang=\"es\" dir=\"ltr\">El <a href=\"https:\/\/twitter.com\/hashtag\/Hurac%C3%A1n?src=hash&amp;ref_src=twsrc%5Etfw\">#Hurac\u00e1n<\/a> <a href=\"https:\/\/twitter.com\/hashtag\/Linda?src=hash&amp;ref_src=twsrc%5Etfw\">#Linda<\/a> categor\u00eda 3, en la escala de <a href=\"https:\/\/twitter.com\/hashtag\/SaffirSimpson?src=hash&amp;ref_src=twsrc%5Etfw\">#SaffirSimpson<\/a>, se localiza a 695 km al suroeste de Cabo San Lucas <a href=\"https:\/\/twitter.com\/hashtag\/BCS?src=hash&amp;ref_src=twsrc%5Etfw\">#BCS<\/a>. <br><br>Para m\u00e1s informaci\u00f3n ingresa a: <a href=\"https:\/\/t.co\/VVYNAjY7Uo\">https:\/\/t.co\/VVYNAjY7Uo<\/a> <a href=\"https:\/\/t.co\/LtoZiRyoxH\">pic.twitter.com\/LtoZiRyoxH<\/a><\/p>&mdash; CONAGUA Clima (@conagua_clima) <a href=\"https:\/\/twitter.com\/conagua_clima\/status\/1426381758564421639?ref_src=twsrc%5Etfw\">August 14, 2021<\/a><\/blockquote><script async src=\"https:\/\/platform.twitter.com\/widgets.js\" charset=\"utf-8\"><\/script>\n<\/div><\/figure>\n\n\n\n<p>Su desplazamiento es hacia el oeste-noroeste a 22 kil\u00f3metros por hora y avanza con vientos sostenidos de 185 kil\u00f3metros por hora y rachas de 220 kil\u00f3metros, mientras que el di\u00e1metro del ojo es de 37 kil\u00f3metros.<\/p>\n\n\n\n<p>\u201cSu circulaci\u00f3n refuerza la entrada de humedad hacia el occidente del pa\u00eds, adem\u00e1s genera oleaje de 2 a 3 metros de altura en las costas de Baja California Sur, Nayarit, Jalisco, Colima y Michoac\u00e1n\u201d, se\u00f1al\u00f3 el SMN.<\/p>\n\n\n\n<p>Linda se hab\u00eda intensificado de tormenta tropical a hurac\u00e1n categor\u00eda 1 el jueves y este viernes subi\u00f3 a categor\u00eda 2 y 3 en unas horas.<\/p>\n\n\n\n<p>Seg\u00fan los pron\u00f3sticos del SMN se prev\u00e9 que Linda se mantenga como hurac\u00e1n categor\u00eda 3 la noche de este viernes, durante todo el s\u00e1bado y las primeras horas del domingo aunque ya estar\u00eda a unos 950 kil\u00f3metros al suroeste de Los Cabos, para luego bajar a categor\u00eda 2.<\/p>\n\n\n\n<p>Debido a su paso, el SMN pidi\u00f3 \u201cextremar precauciones a la poblaci\u00f3n en general en las zonas de los estados mencionados por lluvias, viento y oleaje (incluyendo la navegaci\u00f3n mar\u00edtima) y atender las recomendaciones emitidas por las autoridades del Sistema Nacional de Protecci\u00f3n Civil\u201c.<\/p>\n\n\n\n<p>La temporada de lluvias y ciclones tropicales 2021 en el Pac\u00edfico comenz\u00f3 oficialmente el pasado 15 de mayo y se estima que finalice en noviembre.<\/p>\n\n\n\n<p>Por el momento, se han formado en el Pac\u00edfico los ciclones Andr\u00e9s, Blanca, Carlos, Dolores, Enrique, Felicia, Guillermo, Hilda, Ignacio, Jimena, Kevin y Linda.<br>Dolores toc\u00f3 tierra el pasado 19 de junio e impact\u00f3 especialmente en los estados de Colima y Michoac\u00e1n y dej\u00f3 3 muertos por tormentas el\u00e9ctricas.<\/p>\n\n\n\n<p>La Comisi\u00f3n Nacional del Agua (Conagua), de la que depende el SMN, pronostic\u00f3 en mayo pasado la formaci\u00f3n de entre 14 y 20 sistemas con nombre en el oc\u00e9ano Pac\u00edfico para esta temporada, mientras que para el Atl\u00e1ntico previ\u00f3 de 15 a 19 fen\u00f3menos meteorol\u00f3gicos.<\/p>\n","protected":false},"excerpt":{"rendered":"<p>El SMN indic\u00f3 que el hurac\u00e1n Linda se localiza a 675 kil\u00f3metros al sur-suroeste de Cabo San Lucas, Baja California Sur Ciudad de M\u00e9xico. El hurac\u00e1n Linda se intensific\u00f3 a categor\u00eda 3 en la escala Saffir-Simpson en las \u00faltimas horas y su centro se localiza al sur-suroeste de las costas de Baja California Sur, en [&hellip;]<\/p>\n","protected":false},"author":47,"featured_media":9815,"comment_status":"open","ping_status":"open","sticky":false,"template":"","format":"standard","meta":{"tdm_status":"","tdm_grid_status":"","footnotes":""},"categories":[1],"tags":[],"class_list":{"0":"post-9814","1":"post","2":"type-post","3":"status-publish","4":"format-standard","5":"has-post-thumbnail","7":"category-sin-categoria"},"yoast_head":"<!-- This site is optimized with the Yoast SEO plugin v27.5 - https:\/\/yoast.com\/product\/yoast-seo-wordpress\/ -->\n<title>Hurac\u00e1n &#039;Linda&#039; se intensifica a categor\u00eda 3 en el Pac\u00edfico - Fuentes Fidedignas<\/title>\n<meta name=\"robots\" content=\"index, follow, max-snippet:-1, max-image-preview:large, max-video-preview:-1\" \/>\n<link rel=\"canonical\" href=\"https:\/\/fuentesfidedignas.com.mx\/index.php\/2021\/08\/14\/huracan-linda-se-intensifica-a-categoria-3-en-el-pacifico\/\" \/>\n<meta property=\"og:locale\" content=\"es_MX\" \/>\n<meta property=\"og:type\" content=\"article\" \/>\n<meta property=\"og:title\" content=\"Hurac\u00e1n &#039;Linda&#039; se intensifica a categor\u00eda 3 en el Pac\u00edfico - Fuentes Fidedignas\" \/>\n<meta property=\"og:description\" content=\"El SMN indic\u00f3 que el hurac\u00e1n Linda se localiza a 675 kil\u00f3metros al sur-suroeste de Cabo San Lucas, Baja California Sur Ciudad de M\u00e9xico. El hurac\u00e1n Linda se intensific\u00f3 a categor\u00eda 3 en la escala Saffir-Simpson en las \u00faltimas horas y su centro se localiza al sur-suroeste de las costas de Baja California Sur, en [&hellip;]\" \/>\n<meta property=\"og:url\" content=\"https:\/\/fuentesfidedignas.com.mx\/index.php\/2021\/08\/14\/huracan-linda-se-intensifica-a-categoria-3-en-el-pacifico\/\" \/>\n<meta property=\"og:site_name\" content=\"Fuentes Fidedignas\" \/>\n<meta property=\"article:publisher\" content=\"https:\/\/www.facebook.com\/Fuentes-Fidedignas-368234489921644\" \/>\n<meta property=\"article:published_time\" content=\"2021-08-14T15:03:18+00:00\" \/>\n<meta property=\"article:modified_time\" content=\"2021-08-14T18:41:42+00:00\" \/>\n<meta property=\"og:image\" content=\"https:\/\/fuentesfidedignas.com.mx\/wp-content\/uploads\/2021\/08\/huracan-linda-1.jpg\" \/>\n\t<meta property=\"og:image:width\" content=\"980\" \/>\n\t<meta property=\"og:image:height\" content=\"550\" \/>\n\t<meta property=\"og:image:type\" content=\"image\/jpeg\" \/>\n<meta name=\"author\" content=\"L\u00f3pez D\u00f3riga\" \/>\n<meta name=\"twitter:card\" content=\"summary_large_image\" \/>\n<meta name=\"twitter:creator\" content=\"@fidedignas\" \/>\n<meta name=\"twitter:site\" content=\"@fidedignas\" \/>\n<meta name=\"twitter:label1\" content=\"Escrito por\" \/>\n\t<meta name=\"twitter:data1\" content=\"L\u00f3pez D\u00f3riga\" \/>\n\t<meta name=\"twitter:label2\" content=\"Tiempo de lectura\" \/>\n\t<meta name=\"twitter:data2\" content=\"2 minutos\" \/>\n<script type=\"application\/ld+json\" class=\"yoast-schema-graph\">{\"@context\":\"https:\\\/\\\/schema.org\",\"@graph\":[{\"@type\":\"Article\",\"@id\":\"https:\\\/\\\/fuentesfidedignas.com.mx\\\/index.php\\\/2021\\\/08\\\/14\\\/huracan-linda-se-intensifica-a-categoria-3-en-el-pacifico\\\/#article\",\"isPartOf\":{\"@id\":\"https:\\\/\\\/fuentesfidedignas.com.mx\\\/index.php\\\/2021\\\/08\\\/14\\\/huracan-linda-se-intensifica-a-categoria-3-en-el-pacifico\\\/\"},\"author\":{\"name\":\"L\u00f3pez D\u00f3riga\",\"@id\":\"https:\\\/\\\/fuentesfidedignas.com.mx\\\/#\\\/schema\\\/person\\\/67d852f0557c8509146a4b9ddebd543a\"},\"headline\":\"Hurac\u00e1n &#8216;Linda&#8217; se intensifica a categor\u00eda 3 en el Pac\u00edfico\",\"datePublished\":\"2021-08-14T15:03:18+00:00\",\"dateModified\":\"2021-08-14T18:41:42+00:00\",\"mainEntityOfPage\":{\"@id\":\"https:\\\/\\\/fuentesfidedignas.com.mx\\\/index.php\\\/2021\\\/08\\\/14\\\/huracan-linda-se-intensifica-a-categoria-3-en-el-pacifico\\\/\"},\"wordCount\":472,\"commentCount\":0,\"publisher\":{\"@id\":\"https:\\\/\\\/fuentesfidedignas.com.mx\\\/#organization\"},\"image\":{\"@id\":\"https:\\\/\\\/fuentesfidedignas.com.mx\\\/index.php\\\/2021\\\/08\\\/14\\\/huracan-linda-se-intensifica-a-categoria-3-en-el-pacifico\\\/#primaryimage\"},\"thumbnailUrl\":\"https:\\\/\\\/fuentesfidedignas.com.mx\\\/wp-content\\\/uploads\\\/2021\\\/08\\\/huracan-linda-1.jpg\",\"inLanguage\":\"es\",\"potentialAction\":[{\"@type\":\"CommentAction\",\"name\":\"Comment\",\"target\":[\"https:\\\/\\\/fuentesfidedignas.com.mx\\\/index.php\\\/2021\\\/08\\\/14\\\/huracan-linda-se-intensifica-a-categoria-3-en-el-pacifico\\\/#respond\"]}]},{\"@type\":\"WebPage\",\"@id\":\"https:\\\/\\\/fuentesfidedignas.com.mx\\\/index.php\\\/2021\\\/08\\\/14\\\/huracan-linda-se-intensifica-a-categoria-3-en-el-pacifico\\\/\",\"url\":\"https:\\\/\\\/fuentesfidedignas.com.mx\\\/index.php\\\/2021\\\/08\\\/14\\\/huracan-linda-se-intensifica-a-categoria-3-en-el-pacifico\\\/\",\"name\":\"Hurac\u00e1n 'Linda' se intensifica a categor\u00eda 3 en el Pac\u00edfico - Fuentes Fidedignas\",\"isPartOf\":{\"@id\":\"https:\\\/\\\/fuentesfidedignas.com.mx\\\/#website\"},\"primaryImageOfPage\":{\"@id\":\"https:\\\/\\\/fuentesfidedignas.com.mx\\\/index.php\\\/2021\\\/08\\\/14\\\/huracan-linda-se-intensifica-a-categoria-3-en-el-pacifico\\\/#primaryimage\"},\"image\":{\"@id\":\"https:\\\/\\\/fuentesfidedignas.com.mx\\\/index.php\\\/2021\\\/08\\\/14\\\/huracan-linda-se-intensifica-a-categoria-3-en-el-pacifico\\\/#primaryimage\"},\"thumbnailUrl\":\"https:\\\/\\\/fuentesfidedignas.com.mx\\\/wp-content\\\/uploads\\\/2021\\\/08\\\/huracan-linda-1.jpg\",\"datePublished\":\"2021-08-14T15:03:18+00:00\",\"dateModified\":\"2021-08-14T18:41:42+00:00\",\"breadcrumb\":{\"@id\":\"https:\\\/\\\/fuentesfidedignas.com.mx\\\/index.php\\\/2021\\\/08\\\/14\\\/huracan-linda-se-intensifica-a-categoria-3-en-el-pacifico\\\/#breadcrumb\"},\"inLanguage\":\"es\",\"potentialAction\":[{\"@type\":\"ReadAction\",\"target\":[\"https:\\\/\\\/fuentesfidedignas.com.mx\\\/index.php\\\/2021\\\/08\\\/14\\\/huracan-linda-se-intensifica-a-categoria-3-en-el-pacifico\\\/\"]}]},{\"@type\":\"ImageObject\",\"inLanguage\":\"es\",\"@id\":\"https:\\\/\\\/fuentesfidedignas.com.mx\\\/index.php\\\/2021\\\/08\\\/14\\\/huracan-linda-se-intensifica-a-categoria-3-en-el-pacifico\\\/#primaryimage\",\"url\":\"https:\\\/\\\/fuentesfidedignas.com.mx\\\/wp-content\\\/uploads\\\/2021\\\/08\\\/huracan-linda-1.jpg\",\"contentUrl\":\"https:\\\/\\\/fuentesfidedignas.com.mx\\\/wp-content\\\/uploads\\\/2021\\\/08\\\/huracan-linda-1.jpg\",\"width\":980,\"height\":550},{\"@type\":\"BreadcrumbList\",\"@id\":\"https:\\\/\\\/fuentesfidedignas.com.mx\\\/index.php\\\/2021\\\/08\\\/14\\\/huracan-linda-se-intensifica-a-categoria-3-en-el-pacifico\\\/#breadcrumb\",\"itemListElement\":[{\"@type\":\"ListItem\",\"position\":1,\"name\":\"Inicio\",\"item\":\"https:\\\/\\\/fuentesfidedignas.com.mx\\\/\"},{\"@type\":\"ListItem\",\"position\":2,\"name\":\"Hurac\u00e1n &#8216;Linda&#8217; se intensifica a categor\u00eda 3 en el Pac\u00edfico\"}]},{\"@type\":\"WebSite\",\"@id\":\"https:\\\/\\\/fuentesfidedignas.com.mx\\\/#website\",\"url\":\"https:\\\/\\\/fuentesfidedignas.com.mx\\\/\",\"name\":\"Fuentes Fidedignas\",\"description\":\"Otro sitio realizado con WordPress\",\"publisher\":{\"@id\":\"https:\\\/\\\/fuentesfidedignas.com.mx\\\/#organization\"},\"potentialAction\":[{\"@type\":\"SearchAction\",\"target\":{\"@type\":\"EntryPoint\",\"urlTemplate\":\"https:\\\/\\\/fuentesfidedignas.com.mx\\\/?s={search_term_string}\"},\"query-input\":{\"@type\":\"PropertyValueSpecification\",\"valueRequired\":true,\"valueName\":\"search_term_string\"}}],\"inLanguage\":\"es\"},{\"@type\":\"Organization\",\"@id\":\"https:\\\/\\\/fuentesfidedignas.com.mx\\\/#organization\",\"name\":\"Fuentes Fidedignas\",\"url\":\"https:\\\/\\\/fuentesfidedignas.com.mx\\\/\",\"logo\":{\"@type\":\"ImageObject\",\"inLanguage\":\"es\",\"@id\":\"https:\\\/\\\/fuentesfidedignas.com.mx\\\/#\\\/schema\\\/logo\\\/image\\\/\",\"url\":\"https:\\\/\\\/fuentesfidedignas.com.mx\\\/wp-content\\\/uploads\\\/2021\\\/04\\\/logo-retina.png\",\"contentUrl\":\"https:\\\/\\\/fuentesfidedignas.com.mx\\\/wp-content\\\/uploads\\\/2021\\\/04\\\/logo-retina.png\",\"width\":280,\"height\":51,\"caption\":\"Fuentes Fidedignas\"},\"image\":{\"@id\":\"https:\\\/\\\/fuentesfidedignas.com.mx\\\/#\\\/schema\\\/logo\\\/image\\\/\"},\"sameAs\":[\"https:\\\/\\\/www.facebook.com\\\/Fuentes-Fidedignas-368234489921644\",\"https:\\\/\\\/x.com\\\/fidedignas\"]},{\"@type\":\"Person\",\"@id\":\"https:\\\/\\\/fuentesfidedignas.com.mx\\\/#\\\/schema\\\/person\\\/67d852f0557c8509146a4b9ddebd543a\",\"name\":\"L\u00f3pez D\u00f3riga\",\"image\":{\"@type\":\"ImageObject\",\"inLanguage\":\"es\",\"@id\":\"https:\\\/\\\/secure.gravatar.com\\\/avatar\\\/e525b06574ca18b33cded59dfe5778d6c823b9513154eff47da551b0551bdd1e?s=96&d=mm&r=g\",\"url\":\"https:\\\/\\\/secure.gravatar.com\\\/avatar\\\/e525b06574ca18b33cded59dfe5778d6c823b9513154eff47da551b0551bdd1e?s=96&d=mm&r=g\",\"contentUrl\":\"https:\\\/\\\/secure.gravatar.com\\\/avatar\\\/e525b06574ca18b33cded59dfe5778d6c823b9513154eff47da551b0551bdd1e?s=96&d=mm&r=g\",\"caption\":\"L\u00f3pez D\u00f3riga\"},\"url\":\"https:\\\/\\\/fuentesfidedignas.com.mx\\\/index.php\\\/author\\\/doriga\\\/\"}]}<\/script>\n<!-- \/ Yoast SEO plugin. -->","yoast_head_json":{"title":"Hurac\u00e1n 'Linda' se intensifica a categor\u00eda 3 en el Pac\u00edfico - Fuentes Fidedignas","robots":{"index":"index","follow":"follow","max-snippet":"max-snippet:-1","max-image-preview":"max-image-preview:large","max-video-preview":"max-video-preview:-1"},"canonical":"https:\/\/fuentesfidedignas.com.mx\/index.php\/2021\/08\/14\/huracan-linda-se-intensifica-a-categoria-3-en-el-pacifico\/","og_locale":"es_MX","og_type":"article","og_title":"Hurac\u00e1n 'Linda' se intensifica a categor\u00eda 3 en el Pac\u00edfico - Fuentes Fidedignas","og_description":"El SMN indic\u00f3 que el hurac\u00e1n Linda se localiza a 675 kil\u00f3metros al sur-suroeste de Cabo San Lucas, Baja California Sur Ciudad de M\u00e9xico. El hurac\u00e1n Linda se intensific\u00f3 a categor\u00eda 3 en la escala Saffir-Simpson en las \u00faltimas horas y su centro se localiza al sur-suroeste de las costas de Baja California Sur, en [&hellip;]","og_url":"https:\/\/fuentesfidedignas.com.mx\/index.php\/2021\/08\/14\/huracan-linda-se-intensifica-a-categoria-3-en-el-pacifico\/","og_site_name":"Fuentes Fidedignas","article_publisher":"https:\/\/www.facebook.com\/Fuentes-Fidedignas-368234489921644","article_published_time":"2021-08-14T15:03:18+00:00","article_modified_time":"2021-08-14T18:41:42+00:00","og_image":[{"width":980,"height":550,"url":"https:\/\/fuentesfidedignas.com.mx\/wp-content\/uploads\/2021\/08\/huracan-linda-1.jpg","type":"image\/jpeg"}],"author":"L\u00f3pez D\u00f3riga","twitter_card":"summary_large_image","twitter_creator":"@fidedignas","twitter_site":"@fidedignas","twitter_misc":{"Escrito por":"L\u00f3pez D\u00f3riga","Tiempo de lectura":"2 minutos"},"schema":{"@context":"https:\/\/schema.org","@graph":[{"@type":"Article","@id":"https:\/\/fuentesfidedignas.com.mx\/index.php\/2021\/08\/14\/huracan-linda-se-intensifica-a-categoria-3-en-el-pacifico\/#article","isPartOf":{"@id":"https:\/\/fuentesfidedignas.com.mx\/index.php\/2021\/08\/14\/huracan-linda-se-intensifica-a-categoria-3-en-el-pacifico\/"},"author":{"name":"L\u00f3pez D\u00f3riga","@id":"https:\/\/fuentesfidedignas.com.mx\/#\/schema\/person\/67d852f0557c8509146a4b9ddebd543a"},"headline":"Hurac\u00e1n &#8216;Linda&#8217; se intensifica a categor\u00eda 3 en el Pac\u00edfico","datePublished":"2021-08-14T15:03:18+00:00","dateModified":"2021-08-14T18:41:42+00:00","mainEntityOfPage":{"@id":"https:\/\/fuentesfidedignas.com.mx\/index.php\/2021\/08\/14\/huracan-linda-se-intensifica-a-categoria-3-en-el-pacifico\/"},"wordCount":472,"commentCount":0,"publisher":{"@id":"https:\/\/fuentesfidedignas.com.mx\/#organization"},"image":{"@id":"https:\/\/fuentesfidedignas.com.mx\/index.php\/2021\/08\/14\/huracan-linda-se-intensifica-a-categoria-3-en-el-pacifico\/#primaryimage"},"thumbnailUrl":"https:\/\/fuentesfidedignas.com.mx\/wp-content\/uploads\/2021\/08\/huracan-linda-1.jpg","inLanguage":"es","potentialAction":[{"@type":"CommentAction","name":"Comment","target":["https:\/\/fuentesfidedignas.com.mx\/index.php\/2021\/08\/14\/huracan-linda-se-intensifica-a-categoria-3-en-el-pacifico\/#respond"]}]},{"@type":"WebPage","@id":"https:\/\/fuentesfidedignas.com.mx\/index.php\/2021\/08\/14\/huracan-linda-se-intensifica-a-categoria-3-en-el-pacifico\/","url":"https:\/\/fuentesfidedignas.com.mx\/index.php\/2021\/08\/14\/huracan-linda-se-intensifica-a-categoria-3-en-el-pacifico\/","name":"Hurac\u00e1n 'Linda' se intensifica a categor\u00eda 3 en el Pac\u00edfico - Fuentes Fidedignas","isPartOf":{"@id":"https:\/\/fuentesfidedignas.com.mx\/#website"},"primaryImageOfPage":{"@id":"https:\/\/fuentesfidedignas.com.mx\/index.php\/2021\/08\/14\/huracan-linda-se-intensifica-a-categoria-3-en-el-pacifico\/#primaryimage"},"image":{"@id":"https:\/\/fuentesfidedignas.com.mx\/index.php\/2021\/08\/14\/huracan-linda-se-intensifica-a-categoria-3-en-el-pacifico\/#primaryimage"},"thumbnailUrl":"https:\/\/fuentesfidedignas.com.mx\/wp-content\/uploads\/2021\/08\/huracan-linda-1.jpg","datePublished":"2021-08-14T15:03:18+00:00","dateModified":"2021-08-14T18:41:42+00:00","breadcrumb":{"@id":"https:\/\/fuentesfidedignas.com.mx\/index.php\/2021\/08\/14\/huracan-linda-se-intensifica-a-categoria-3-en-el-pacifico\/#breadcrumb"},"inLanguage":"es","potentialAction":[{"@type":"ReadAction","target":["https:\/\/fuentesfidedignas.com.mx\/index.php\/2021\/08\/14\/huracan-linda-se-intensifica-a-categoria-3-en-el-pacifico\/"]}]},{"@type":"ImageObject","inLanguage":"es","@id":"https:\/\/fuentesfidedignas.com.mx\/index.php\/2021\/08\/14\/huracan-linda-se-intensifica-a-categoria-3-en-el-pacifico\/#primaryimage","url":"https:\/\/fuentesfidedignas.com.mx\/wp-content\/uploads\/2021\/08\/huracan-linda-1.jpg","contentUrl":"https:\/\/fuentesfidedignas.com.mx\/wp-content\/uploads\/2021\/08\/huracan-linda-1.jpg","width":980,"height":550},{"@type":"BreadcrumbList","@id":"https:\/\/fuentesfidedignas.com.mx\/index.php\/2021\/08\/14\/huracan-linda-se-intensifica-a-categoria-3-en-el-pacifico\/#breadcrumb","itemListElement":[{"@type":"ListItem","position":1,"name":"Inicio","item":"https:\/\/fuentesfidedignas.com.mx\/"},{"@type":"ListItem","position":2,"name":"Hurac\u00e1n &#8216;Linda&#8217; se intensifica a categor\u00eda 3 en el Pac\u00edfico"}]},{"@type":"WebSite","@id":"https:\/\/fuentesfidedignas.com.mx\/#website","url":"https:\/\/fuentesfidedignas.com.mx\/","name":"Fuentes Fidedignas","description":"Otro sitio realizado con WordPress","publisher":{"@id":"https:\/\/fuentesfidedignas.com.mx\/#organization"},"potentialAction":[{"@type":"SearchAction","target":{"@type":"EntryPoint","urlTemplate":"https:\/\/fuentesfidedignas.com.mx\/?s={search_term_string}"},"query-input":{"@type":"PropertyValueSpecification","valueRequired":true,"valueName":"search_term_string"}}],"inLanguage":"es"},{"@type":"Organization","@id":"https:\/\/fuentesfidedignas.com.mx\/#organization","name":"Fuentes Fidedignas","url":"https:\/\/fuentesfidedignas.com.mx\/","logo":{"@type":"ImageObject","inLanguage":"es","@id":"https:\/\/fuentesfidedignas.com.mx\/#\/schema\/logo\/image\/","url":"https:\/\/fuentesfidedignas.com.mx\/wp-content\/uploads\/2021\/04\/logo-retina.png","contentUrl":"https:\/\/fuentesfidedignas.com.mx\/wp-content\/uploads\/2021\/04\/logo-retina.png","width":280,"height":51,"caption":"Fuentes Fidedignas"},"image":{"@id":"https:\/\/fuentesfidedignas.com.mx\/#\/schema\/logo\/image\/"},"sameAs":["https:\/\/www.facebook.com\/Fuentes-Fidedignas-368234489921644","https:\/\/x.com\/fidedignas"]},{"@type":"Person","@id":"https:\/\/fuentesfidedignas.com.mx\/#\/schema\/person\/67d852f0557c8509146a4b9ddebd543a","name":"L\u00f3pez D\u00f3riga","image":{"@type":"ImageObject","inLanguage":"es","@id":"https:\/\/secure.gravatar.com\/avatar\/e525b06574ca18b33cded59dfe5778d6c823b9513154eff47da551b0551bdd1e?s=96&d=mm&r=g","url":"https:\/\/secure.gravatar.com\/avatar\/e525b06574ca18b33cded59dfe5778d6c823b9513154eff47da551b0551bdd1e?s=96&d=mm&r=g","contentUrl":"https:\/\/secure.gravatar.com\/avatar\/e525b06574ca18b33cded59dfe5778d6c823b9513154eff47da551b0551bdd1e?s=96&d=mm&r=g","caption":"L\u00f3pez D\u00f3riga"},"url":"https:\/\/fuentesfidedignas.com.mx\/index.php\/author\/doriga\/"}]}},"_links":{"self":[{"href":"https:\/\/fuentesfidedignas.com.mx\/index.php\/wp-json\/wp\/v2\/posts\/9814","targetHints":{"allow":["GET"]}}],"collection":[{"href":"https:\/\/fuentesfidedignas.com.mx\/index.php\/wp-json\/wp\/v2\/posts"}],"about":[{"href":"https:\/\/fuentesfidedignas.com.mx\/index.php\/wp-json\/wp\/v2\/types\/post"}],"author":[{"embeddable":true,"href":"https:\/\/fuentesfidedignas.com.mx\/index.php\/wp-json\/wp\/v2\/users\/47"}],"replies":[{"embeddable":true,"href":"https:\/\/fuentesfidedignas.com.mx\/index.php\/wp-json\/wp\/v2\/comments?post=9814"}],"version-history":[{"count":1,"href":"https:\/\/fuentesfidedignas.com.mx\/index.php\/wp-json\/wp\/v2\/posts\/9814\/revisions"}],"predecessor-version":[{"id":9816,"href":"https:\/\/fuentesfidedignas.com.mx\/index.php\/wp-json\/wp\/v2\/posts\/9814\/revisions\/9816"}],"wp:featuredmedia":[{"embeddable":true,"href":"https:\/\/fuentesfidedignas.com.mx\/index.php\/wp-json\/wp\/v2\/media\/9815"}],"wp:attachment":[{"href":"https:\/\/fuentesfidedignas.com.mx\/index.php\/wp-json\/wp\/v2\/media?parent=9814"}],"wp:term":[{"taxonomy":"category","embeddable":true,"href":"https:\/\/fuentesfidedignas.com.mx\/index.php\/wp-json\/wp\/v2\/categories?post=9814"},{"taxonomy":"post_tag","embeddable":true,"href":"https:\/\/fuentesfidedignas.com.mx\/index.php\/wp-json\/wp\/v2\/tags?post=9814"}],"curies":[{"name":"wp","href":"https:\/\/api.w.org\/{rel}","templated":true}]}}