{"id":98082,"date":"2024-12-21T11:06:50","date_gmt":"2024-12-21T18:06:50","guid":{"rendered":"https:\/\/fuentesfidedignas.com.mx\/?p=98082"},"modified":"2024-12-21T11:06:52","modified_gmt":"2024-12-21T18:06:52","slug":"por-que-el-gobernador-leopoldo-sanchez-celis-concedio-la-autonomia-a-la-universidad-de-sinaloa","status":"publish","type":"post","link":"https:\/\/fuentesfidedignas.com.mx\/index.php\/2024\/12\/21\/por-que-el-gobernador-leopoldo-sanchez-celis-concedio-la-autonomia-a-la-universidad-de-sinaloa\/","title":{"rendered":"\u00bfPor qu\u00e9 el gobernador Leopoldo S\u00e1nchez Celis \u201cconcedi\u00f3\u201d la autonom\u00eda a la Universidad de Sinaloa?"},"content":{"rendered":"\n<p>El periodista Antonio Pineda Guti\u00e9rrez \u201cTo\u00f1ico\u201d, en su libro Trozos de Vida, narra una interesante charla que sostuvo con Leopoldo S\u00e1nchez Celis, quien ven\u00eda de visita a Sinaloa ya como ex gobernador.<\/p>\n\n\n\n<p>Durante esta conversaci\u00f3n, misma que tuvo lugar en el Restaurante \u201cEl Tabach\u00edn\u201d, S\u00e1nchez Celis afirm\u00f3, que \u201cinspirado por su origen rosalino\u201d, durante su administraci\u00f3n como gobernador de Sinaloa, \u201cconcedi\u00f3\u201d la autonom\u00eda a la hoy Universidad Aut\u00f3noma de Sinaloa.<\/p>\n\n\n\n<p>Fue la XLV Legislatura la que expidi\u00f3 un decreto el 4 diciembre de 1965, en el que se conced\u00eda la autonom\u00eda a la Universidad de Sinaloa (UNISIN) y se le cambiaba la denominaci\u00f3n a Universidad Aut\u00f3noma de Sinaloa, nombre que hasta hoy ostenta.<\/p>\n\n\n\n<p>Antes de este suceso, hay que recordar que, al terminar la revoluci\u00f3n mexicana, en 1918, el gobernador de Sinaloa, Ram\u00f3n F. Iturbe, ya hab\u00eda decretado la autonom\u00eda universitaria.<\/p>\n\n\n\n<p>Fue cuando el Colegio Rosales se transform\u00f3 en la Universidad de Occidente, convirti\u00e9ndose en la primera instituci\u00f3n universitaria en obtener la autonom\u00eda en todo M\u00e9xico.<\/p>\n\n\n\n<p>Sin embargo, el coronel Alfredo Delgado Ibarra, quien fuera gobernador de Sinaloa de 1937 a 1940, mediante decreto abrog\u00f3 su autonom\u00eda en 1937 y la legislatura local le cambi\u00f3 el nombre al Colegio Civil Rosales por el de Universidad Socialista del Noroeste.<\/p>\n\n\n\n<p>Alfredo Delgado Ibarra enfrent\u00f3 diversos conflictos magisteriales y estudiantiles.<\/p>\n\n\n\n<p>Al concluir el periodo presidencial de L\u00e1zaro C\u00e1rdenas, el 9 de octubre de 1941, sin mayores explicaciones, al expedir el decreto n\u00famero 197, el Congreso del Estado cambi\u00f3 de nombre a la Universidad Socialista del Noroeste por Universidad de Sinaloa.<\/p>\n\n\n\n<p>Finalmente, en 1965, la Universidad de Sinaloa se convierte en la Universidad Aut\u00f3noma de Sinaloa.<\/p>\n\n\n\n<p>Por supuesto, la historia no es tan simple, pues en diversos momentos hist\u00f3ricos se registraron importantes movimientos sociales y protestas estudiantiles, algunas reprimidas a sangre y fuego.<\/p>\n\n\n\n<figure class=\"wp-block-image size-full\"><img decoding=\"async\" width=\"800\" height=\"524\" src=\"https:\/\/fuentesfidedignas.com.mx\/wp-content\/uploads\/2024\/12\/WhatsApp-Image-2024-12-21-at-10.11.42-AM-1.jpeg\" alt=\"\" class=\"wp-image-98084\" srcset=\"https:\/\/fuentesfidedignas.com.mx\/wp-content\/uploads\/2024\/12\/WhatsApp-Image-2024-12-21-at-10.11.42-AM-1.jpeg 800w, https:\/\/fuentesfidedignas.com.mx\/wp-content\/uploads\/2024\/12\/WhatsApp-Image-2024-12-21-at-10.11.42-AM-1-300x197.jpeg 300w, https:\/\/fuentesfidedignas.com.mx\/wp-content\/uploads\/2024\/12\/WhatsApp-Image-2024-12-21-at-10.11.42-AM-1-768x503.jpeg 768w, https:\/\/fuentesfidedignas.com.mx\/wp-content\/uploads\/2024\/12\/WhatsApp-Image-2024-12-21-at-10.11.42-AM-1-641x420.jpeg 641w, https:\/\/fuentesfidedignas.com.mx\/wp-content\/uploads\/2024\/12\/WhatsApp-Image-2024-12-21-at-10.11.42-AM-1-600x393.jpeg 600w, https:\/\/fuentesfidedignas.com.mx\/wp-content\/uploads\/2024\/12\/WhatsApp-Image-2024-12-21-at-10.11.42-AM-1-696x456.jpeg 696w, https:\/\/fuentesfidedignas.com.mx\/wp-content\/uploads\/2024\/12\/WhatsApp-Image-2024-12-21-at-10.11.42-AM-1-741x486.jpeg 741w\" sizes=\"(max-width: 800px) 100vw, 800px\" \/><\/figure>\n\n\n\n<p>He aqu\u00ed la conversaci\u00f3n entre Antonio Pineda Guti\u00e9rrez y Leopoldo S\u00e1nchez Celis.<\/p>\n\n\n\n<p>El siguiente texto est\u00e1 escrito en primera persona desde la perspectiva de Antonio Pineda:<\/p>\n\n\n\n<p>\u2014Leopoldo: \u00bfpor qu\u00e9 le concediste la autonom\u00eda a la Universidad de Sinaloa, cuando nadie hac\u00eda presi\u00f3n para ello? \u00bfFue una decisi\u00f3n de tipo pol\u00edtico? \u00bfCu\u00e1l es la verdad?<\/p>\n\n\n\n<p>Se lo pregunt\u00e9 al exgobernador Leopoldo S\u00e1nchez Celis durante su reciente y \u00faltima visita a Sinaloa. Contra su costumbre, no dio una respuesta r\u00e1pida. Sonri\u00f3 ligeramente primero, su rostro se torn\u00f3 serio despu\u00e9s tras entrecerrar los ojos por un instante, habl\u00f3 por fin:<\/p>\n\n\n\n<p>\u2014Voy a explicarte todo desde el principio.<\/p>\n\n\n\n<p>Est\u00e1bamos en el restaurante \u201cEl Tabach\u00edn\u201d del Hotel Executivo. Pedimos un poco de cat\u00e9; nos acomodamos de tal manera que nadie se entrometiera y yo me dediqu\u00e9 a escuchar:<\/p>\n\n\n\n<p>\u2014Para empezar, nadie me presion\u00f3. Yo le conced\u00ed la autonom\u00eda a la Universidad porque consider\u00e9 que ya hab\u00eda adquirido la mayor\u00eda de edad, que pod\u00eda gobernarse por s\u00ed misma. Adem\u00e1s, yo siempre tuve presente y lo sigo teniendo, mi origen rosalino. Yo tengo a orgullo haber sido estudiante del Colegio Civil Rosales y eso influy\u00f3 en mi decisi\u00f3n. Ahora que lo pienso m\u00e1s, hasta me atrevo a decir que pudo haber sido definitivo.<\/p>\n\n\n\n<p>Continu\u00f3:<\/p>\n\n\n\n<p>\u2014Mira: cuando estaba por tomar posesi\u00f3n del gobierno de Sinaloa, mi candidato a la rector\u00eda era el Lic. Jos\u00e9 Luis Cece\u00f1a. Como es de todos conocido, Jos\u00e9 Luis es sinaloense \u2014naci\u00f3 en El Fuerte, efectivamente\u2014 y es uno de los m\u00e1ximos valores que tiene M\u00e9xico en el campo de la Econom\u00eda. Es un valor internacional. Lo invit\u00e9 a venir y en principio, se interes\u00f3 mucho por la rector\u00eda. Inclusive. vino a Sinaloa y anduvo por ah\u00ed cambiando impresiones con estudiantes y maestros y haciendo consultas con algunas organizaciones del sector privado. La Universidad de Sinaloa ten\u00eda entonces como rector al doctor Fernando Uriarte, quien hab\u00eda tenido el gran acierto de fundar la escuela de Agricultura: pero, yo deseaba algo m\u00e1s para la Instituci\u00f3n y sab\u00eda que con Jos\u00e9 Luis al frente, ya estaba dando el primer paso.<\/p>\n\n\n\n<p>Prosigue:<\/p>\n\n\n\n<p>\u2014Lamentablemente, no logr\u00e9 convencerlo. Con una gran honestidad, el Lic. Cece\u00f1a me dijo que \u00e9l consideraba que trasplantarse a Sinaloa despu\u00e9s de tantos a\u00f1os de ausencia, terminar\u00eda por convertirse en un error peligroso y, finalmente, no acept\u00f3 el nombramiento de rector.<\/p>\n\n\n\n<p>\u2014Yo no sab\u00eda eso\u2014 le dije a S\u00e1nchez Celis. Y fui sincero, porque era \u201cla primera noticia\u201d que recib\u00eda de que el distinguido economista sinaloense, habla estado a un paso de ser rector de la Universidad de Sinaloa. No puedo concebir el curso que hubiera tomado la instituci\u00f3n, aunque s\u00ed creo que el Lic. Cece\u00f1a cuenta con la fuerza moral suficiente para no tolerar un estado de cosas como el presente.<\/p>\n\n\n\n<p>Una pausa breve y el exgobernador reanud\u00f3 la charla:<\/p>\n\n\n\n<p>\u2014Surgi\u00f3 entonces el nombre del Dr. Julio Ibarra. Yo no lo conoc\u00eda. Me lo present\u00f3 Ernesto \u00c1lvarez Nolasco. Me gust\u00f3 su trayectoria en la Aut\u00f3noma de M\u00e9xico, su prestigio profesional, sus experiencias en el extranjero y tom\u00e9 la decisi\u00f3n de traerlo, seguro de que ser\u00eda un buen rector.<\/p>\n\n\n\n<p>Dijo despu\u00e9s:<\/p>\n\n\n\n<p>\u2014Mientras Julio trabajaba en su proyecto de &#8220;universidad departamental&#8221;, yo buscaba la manera de apoyar econ\u00f3micamente a la instituci\u00f3n. No eran simples estados de \u00e1nimo, ni poses demag\u00f3gicas. Mi origen rosalino me impulsaba y fue as\u00ed que de un s\u00f3lo golpe elev\u00e9 a dos millones de pesos \u2014de aquellos pesotes de mi \u00e9poca\u2014 el subsidio que recib\u00eda del gobierno la Universidad. Era un dineral y un gran esfuerzo de mi gobierno, porque recordar\u00e1s que el se\u00f1or general Leyva Vel\u00e1zquez me dej\u00f3 un presupuesto anual de s\u00f3lo 72 millones y que hasta adquirir un l\u00e1piz implicaba un sacrificio. Yo ten\u00eda en la tesorer\u00eda al Lic. Alfredo Valdez Montoya, modificamos r\u00e1pidamente la ley de ingresos, subimos el presupuesto a m\u00e1s del triple y as\u00ed ya pude ayudar m\u00e1s efectivamente a la Universidad.<\/p>\n\n\n\n<p>Aqu\u00ed S\u00e1nchez Celis hizo alarde de memoria:<\/p>\n\n\n\n<p>\u2014Cre\u00e9 el Centro de Adiestramiento de Operadores de Maquinaria Agr\u00edcola (el CAOMA), consegu\u00ed material did\u00e1ctico de primera clase, consegu\u00ed en pleno coraz\u00f3n del Valle cien hect\u00e1reas de riego para que la Universidad, explot\u00e1ndolas adecuadamente, pudiera ser autosuficiente y pudiera elevar hasta la excelencia la investigaci\u00f3n agr\u00edcola. Y eso no fue todo. Supe que la compa\u00f1\u00eda minera qu\u00e9 habla operado en Cosal\u00e1 iba a desmantelar sus instalaciones y me atraves\u00e9 para que la Universidad se quedara con ellas. Tambi\u00e9n consegu\u00ed de los Ferrocarriles Nacionales el otorgamiento de los terrenos que rodeaban la estaci\u00f3n del Ferrocarril del Pacifico. Todo estaba listo. Lamentablemente, me fallaron funcionarios de la propia Universidad y se nos escaparon los terrenos. No me pidas nombres de culpables. Ya no vale la pena.<\/p>\n\n\n\n<p>Y sigui\u00f3:<\/p>\n\n\n\n<p>\u2014Fue entonces cuando comenc\u00e9 a darle forma a la idea de concederle la autonom\u00eda a la Universidad. Me pareci\u00f3 que su mayor\u00eda de edad no era un espejismo y un d\u00eda resolv\u00ed enviar la iniciativa al Congreso del Estado. Recordaras que convocamos a una conferencia de prensa y que ah\u00ed, ante la sorpresa de todos, les solt\u00e9 la noticia. La Universidad de Sinaloa ya era Aut\u00f3noma. Fue oportuna la decisi\u00f3n desde todos los \u00e1ngulos, pues Julio * se meti\u00f3 cada vez en mayores problemas y, quieras que no, tuvo que renunciar a la rector\u00eda.<\/p>\n\n\n\n<p>Finalmente:<\/p>\n\n\n\n<p>\u2014Debo decirte, por \u00faltimo, que mi decisi\u00f3n no fue una jugada pol\u00edtica. En mi origen rosalino, en mi orgullo de ser hijo del Colegio Rosales est\u00e1 la explicaci\u00f3n. Si alguien cree que fueron otras mis motivaciones; all\u00e1 \u00e9l. Lo que yo te he contado es la \u00fanica verdad.<\/p>\n\n\n\n<p>De eso, en el resto de la ma\u00f1ana, ya no hablamos ni media palabra m\u00e1s. Estaba dicho todo.<\/p>\n\n\n\n<ul class=\"wp-block-list\">\n<li>Durante su campa\u00f1a electoral, el senador Leopoldo S\u00e1nchez Celis, llam\u00f3 para que participara en ella al Doctor Julio Alberto Ibarra Urrea (Naci\u00f3 el 26 de mayo de 1925 en El Fuerte, Sinaloa y muri\u00f3 el 12 de enero de 2018 en Los Mochis, Sinaloa).<\/li>\n<\/ul>\n\n\n\n<p>Fue una figura emblem\u00e1tica de la educaci\u00f3n superior en Sinaloa. Ya como gobernador S\u00e1nchez Celis lo nombr\u00f3 rector de la Universidad de Sinaloa.<\/p>\n\n\n\n<p>Durante su gesti\u00f3n como rector de la UAS, esta logra su autonom\u00eda en 1965, y se aprueba una nueva Ley Org\u00e1nica.<\/p>\n\n\n\n<p>Su proyecto m\u00e1s importante fue la construcci\u00f3n de Ciudad Universitaria, la que no le toc\u00f3 realizar, sino que fue obra de los rectores que le sucedieron.<\/p>\n\n\n\n<p>Fund\u00f3 la Universidad de Occidente en 1981, en la administraci\u00f3n del gobernador Antonio Toledo Corro. Tambi\u00e9n fue director del ITSON<\/p>\n","protected":false},"excerpt":{"rendered":"<p>El periodista Antonio Pineda Guti\u00e9rrez \u201cTo\u00f1ico\u201d, en su libro Trozos de Vida, narra una interesante charla que sostuvo con Leopoldo S\u00e1nchez Celis, quien ven\u00eda de visita a Sinaloa ya como ex gobernador. Durante esta conversaci\u00f3n, misma que tuvo lugar en el Restaurante \u201cEl Tabach\u00edn\u201d, S\u00e1nchez Celis afirm\u00f3, que \u201cinspirado por su origen rosalino\u201d, durante su [&hellip;]<\/p>\n","protected":false},"author":157,"featured_media":98083,"comment_status":"open","ping_status":"open","sticky":false,"template":"","format":"standard","meta":{"tdm_status":"","tdm_grid_status":"","footnotes":""},"categories":[3064,3093],"tags":[],"class_list":{"0":"post-98082","1":"post","2":"type-post","3":"status-publish","4":"format-standard","5":"has-post-thumbnail","7":"category-columnas","8":"category-el-iconoclasta"},"yoast_head":"<!-- This site is optimized with the Yoast SEO plugin v27.4 - https:\/\/yoast.com\/product\/yoast-seo-wordpress\/ -->\n<title>\u00bfPor qu\u00e9 el gobernador Leopoldo S\u00e1nchez Celis \u201cconcedi\u00f3\u201d la autonom\u00eda a la Universidad de Sinaloa? - Fuentes Fidedignas<\/title>\n<meta name=\"robots\" content=\"index, follow, max-snippet:-1, max-image-preview:large, max-video-preview:-1\" \/>\n<link rel=\"canonical\" href=\"https:\/\/fuentesfidedignas.com.mx\/index.php\/2024\/12\/21\/por-que-el-gobernador-leopoldo-sanchez-celis-concedio-la-autonomia-a-la-universidad-de-sinaloa\/\" \/>\n<meta property=\"og:locale\" content=\"es_MX\" \/>\n<meta property=\"og:type\" content=\"article\" \/>\n<meta property=\"og:title\" content=\"\u00bfPor qu\u00e9 el gobernador Leopoldo S\u00e1nchez Celis \u201cconcedi\u00f3\u201d la autonom\u00eda a la Universidad de Sinaloa? - Fuentes Fidedignas\" \/>\n<meta property=\"og:description\" content=\"El periodista Antonio Pineda Guti\u00e9rrez \u201cTo\u00f1ico\u201d, en su libro Trozos de Vida, narra una interesante charla que sostuvo con Leopoldo S\u00e1nchez Celis, quien ven\u00eda de visita a Sinaloa ya como ex gobernador. Durante esta conversaci\u00f3n, misma que tuvo lugar en el Restaurante \u201cEl Tabach\u00edn\u201d, S\u00e1nchez Celis afirm\u00f3, que \u201cinspirado por su origen rosalino\u201d, durante su [&hellip;]\" \/>\n<meta property=\"og:url\" content=\"https:\/\/fuentesfidedignas.com.mx\/index.php\/2024\/12\/21\/por-que-el-gobernador-leopoldo-sanchez-celis-concedio-la-autonomia-a-la-universidad-de-sinaloa\/\" \/>\n<meta property=\"og:site_name\" content=\"Fuentes Fidedignas\" \/>\n<meta property=\"article:publisher\" content=\"https:\/\/www.facebook.com\/Fuentes-Fidedignas-368234489921644\" \/>\n<meta property=\"article:author\" content=\"https:\/\/www.facebook.com\/licmiguelalonsoriverabojorquez\/\" \/>\n<meta property=\"article:published_time\" content=\"2024-12-21T18:06:50+00:00\" \/>\n<meta property=\"article:modified_time\" content=\"2024-12-21T18:06:52+00:00\" \/>\n<meta property=\"og:image\" content=\"https:\/\/fuentesfidedignas.com.mx\/wp-content\/uploads\/2024\/12\/WhatsApp-Image-2024-12-21-at-10.11.42-AM.jpeg\" \/>\n\t<meta property=\"og:image:width\" content=\"812\" \/>\n\t<meta property=\"og:image:height\" content=\"548\" \/>\n\t<meta property=\"og:image:type\" content=\"image\/jpeg\" \/>\n<meta name=\"author\" content=\"Miguel Alonso Rivera Boj\u00f3rquez\" \/>\n<meta name=\"twitter:card\" content=\"summary_large_image\" \/>\n<meta name=\"twitter:creator\" content=\"@https:\/\/twitter.com\/Miguel_A_Rivera\" \/>\n<meta name=\"twitter:site\" content=\"@fidedignas\" \/>\n<meta name=\"twitter:label1\" content=\"Escrito por\" \/>\n\t<meta name=\"twitter:data1\" content=\"Miguel Alonso Rivera Boj\u00f3rquez\" \/>\n\t<meta name=\"twitter:label2\" content=\"Tiempo de lectura\" \/>\n\t<meta name=\"twitter:data2\" content=\"7 minutos\" \/>\n<script type=\"application\/ld+json\" class=\"yoast-schema-graph\">{\"@context\":\"https:\\\/\\\/schema.org\",\"@graph\":[{\"@type\":\"Article\",\"@id\":\"https:\\\/\\\/fuentesfidedignas.com.mx\\\/index.php\\\/2024\\\/12\\\/21\\\/por-que-el-gobernador-leopoldo-sanchez-celis-concedio-la-autonomia-a-la-universidad-de-sinaloa\\\/#article\",\"isPartOf\":{\"@id\":\"https:\\\/\\\/fuentesfidedignas.com.mx\\\/index.php\\\/2024\\\/12\\\/21\\\/por-que-el-gobernador-leopoldo-sanchez-celis-concedio-la-autonomia-a-la-universidad-de-sinaloa\\\/\"},\"author\":{\"name\":\"Miguel Alonso Rivera Boj\u00f3rquez\",\"@id\":\"https:\\\/\\\/fuentesfidedignas.com.mx\\\/#\\\/schema\\\/person\\\/095dfdd37aa8185778b70f6dfceb617b\"},\"headline\":\"\u00bfPor qu\u00e9 el gobernador Leopoldo S\u00e1nchez Celis \u201cconcedi\u00f3\u201d la autonom\u00eda a la Universidad de Sinaloa?\",\"datePublished\":\"2024-12-21T18:06:50+00:00\",\"dateModified\":\"2024-12-21T18:06:52+00:00\",\"mainEntityOfPage\":{\"@id\":\"https:\\\/\\\/fuentesfidedignas.com.mx\\\/index.php\\\/2024\\\/12\\\/21\\\/por-que-el-gobernador-leopoldo-sanchez-celis-concedio-la-autonomia-a-la-universidad-de-sinaloa\\\/\"},\"wordCount\":1497,\"commentCount\":0,\"publisher\":{\"@id\":\"https:\\\/\\\/fuentesfidedignas.com.mx\\\/#organization\"},\"image\":{\"@id\":\"https:\\\/\\\/fuentesfidedignas.com.mx\\\/index.php\\\/2024\\\/12\\\/21\\\/por-que-el-gobernador-leopoldo-sanchez-celis-concedio-la-autonomia-a-la-universidad-de-sinaloa\\\/#primaryimage\"},\"thumbnailUrl\":\"https:\\\/\\\/fuentesfidedignas.com.mx\\\/wp-content\\\/uploads\\\/2024\\\/12\\\/WhatsApp-Image-2024-12-21-at-10.11.42-AM.jpeg\",\"articleSection\":[\"COLUMNAS\",\"El iconoclasta\"],\"inLanguage\":\"es\",\"potentialAction\":[{\"@type\":\"CommentAction\",\"name\":\"Comment\",\"target\":[\"https:\\\/\\\/fuentesfidedignas.com.mx\\\/index.php\\\/2024\\\/12\\\/21\\\/por-que-el-gobernador-leopoldo-sanchez-celis-concedio-la-autonomia-a-la-universidad-de-sinaloa\\\/#respond\"]}]},{\"@type\":\"WebPage\",\"@id\":\"https:\\\/\\\/fuentesfidedignas.com.mx\\\/index.php\\\/2024\\\/12\\\/21\\\/por-que-el-gobernador-leopoldo-sanchez-celis-concedio-la-autonomia-a-la-universidad-de-sinaloa\\\/\",\"url\":\"https:\\\/\\\/fuentesfidedignas.com.mx\\\/index.php\\\/2024\\\/12\\\/21\\\/por-que-el-gobernador-leopoldo-sanchez-celis-concedio-la-autonomia-a-la-universidad-de-sinaloa\\\/\",\"name\":\"\u00bfPor qu\u00e9 el gobernador Leopoldo S\u00e1nchez Celis \u201cconcedi\u00f3\u201d la autonom\u00eda a la Universidad de Sinaloa? - Fuentes Fidedignas\",\"isPartOf\":{\"@id\":\"https:\\\/\\\/fuentesfidedignas.com.mx\\\/#website\"},\"primaryImageOfPage\":{\"@id\":\"https:\\\/\\\/fuentesfidedignas.com.mx\\\/index.php\\\/2024\\\/12\\\/21\\\/por-que-el-gobernador-leopoldo-sanchez-celis-concedio-la-autonomia-a-la-universidad-de-sinaloa\\\/#primaryimage\"},\"image\":{\"@id\":\"https:\\\/\\\/fuentesfidedignas.com.mx\\\/index.php\\\/2024\\\/12\\\/21\\\/por-que-el-gobernador-leopoldo-sanchez-celis-concedio-la-autonomia-a-la-universidad-de-sinaloa\\\/#primaryimage\"},\"thumbnailUrl\":\"https:\\\/\\\/fuentesfidedignas.com.mx\\\/wp-content\\\/uploads\\\/2024\\\/12\\\/WhatsApp-Image-2024-12-21-at-10.11.42-AM.jpeg\",\"datePublished\":\"2024-12-21T18:06:50+00:00\",\"dateModified\":\"2024-12-21T18:06:52+00:00\",\"breadcrumb\":{\"@id\":\"https:\\\/\\\/fuentesfidedignas.com.mx\\\/index.php\\\/2024\\\/12\\\/21\\\/por-que-el-gobernador-leopoldo-sanchez-celis-concedio-la-autonomia-a-la-universidad-de-sinaloa\\\/#breadcrumb\"},\"inLanguage\":\"es\",\"potentialAction\":[{\"@type\":\"ReadAction\",\"target\":[\"https:\\\/\\\/fuentesfidedignas.com.mx\\\/index.php\\\/2024\\\/12\\\/21\\\/por-que-el-gobernador-leopoldo-sanchez-celis-concedio-la-autonomia-a-la-universidad-de-sinaloa\\\/\"]}]},{\"@type\":\"ImageObject\",\"inLanguage\":\"es\",\"@id\":\"https:\\\/\\\/fuentesfidedignas.com.mx\\\/index.php\\\/2024\\\/12\\\/21\\\/por-que-el-gobernador-leopoldo-sanchez-celis-concedio-la-autonomia-a-la-universidad-de-sinaloa\\\/#primaryimage\",\"url\":\"https:\\\/\\\/fuentesfidedignas.com.mx\\\/wp-content\\\/uploads\\\/2024\\\/12\\\/WhatsApp-Image-2024-12-21-at-10.11.42-AM.jpeg\",\"contentUrl\":\"https:\\\/\\\/fuentesfidedignas.com.mx\\\/wp-content\\\/uploads\\\/2024\\\/12\\\/WhatsApp-Image-2024-12-21-at-10.11.42-AM.jpeg\",\"width\":812,\"height\":548},{\"@type\":\"BreadcrumbList\",\"@id\":\"https:\\\/\\\/fuentesfidedignas.com.mx\\\/index.php\\\/2024\\\/12\\\/21\\\/por-que-el-gobernador-leopoldo-sanchez-celis-concedio-la-autonomia-a-la-universidad-de-sinaloa\\\/#breadcrumb\",\"itemListElement\":[{\"@type\":\"ListItem\",\"position\":1,\"name\":\"Inicio\",\"item\":\"https:\\\/\\\/fuentesfidedignas.com.mx\\\/\"},{\"@type\":\"ListItem\",\"position\":2,\"name\":\"\u00bfPor qu\u00e9 el gobernador Leopoldo S\u00e1nchez Celis \u201cconcedi\u00f3\u201d la autonom\u00eda a la Universidad de Sinaloa?\"}]},{\"@type\":\"WebSite\",\"@id\":\"https:\\\/\\\/fuentesfidedignas.com.mx\\\/#website\",\"url\":\"https:\\\/\\\/fuentesfidedignas.com.mx\\\/\",\"name\":\"Fuentes Fidedignas\",\"description\":\"Otro sitio realizado con WordPress\",\"publisher\":{\"@id\":\"https:\\\/\\\/fuentesfidedignas.com.mx\\\/#organization\"},\"potentialAction\":[{\"@type\":\"SearchAction\",\"target\":{\"@type\":\"EntryPoint\",\"urlTemplate\":\"https:\\\/\\\/fuentesfidedignas.com.mx\\\/?s={search_term_string}\"},\"query-input\":{\"@type\":\"PropertyValueSpecification\",\"valueRequired\":true,\"valueName\":\"search_term_string\"}}],\"inLanguage\":\"es\"},{\"@type\":\"Organization\",\"@id\":\"https:\\\/\\\/fuentesfidedignas.com.mx\\\/#organization\",\"name\":\"Fuentes Fidedignas\",\"url\":\"https:\\\/\\\/fuentesfidedignas.com.mx\\\/\",\"logo\":{\"@type\":\"ImageObject\",\"inLanguage\":\"es\",\"@id\":\"https:\\\/\\\/fuentesfidedignas.com.mx\\\/#\\\/schema\\\/logo\\\/image\\\/\",\"url\":\"https:\\\/\\\/fuentesfidedignas.com.mx\\\/wp-content\\\/uploads\\\/2021\\\/04\\\/logo-retina.png\",\"contentUrl\":\"https:\\\/\\\/fuentesfidedignas.com.mx\\\/wp-content\\\/uploads\\\/2021\\\/04\\\/logo-retina.png\",\"width\":280,\"height\":51,\"caption\":\"Fuentes Fidedignas\"},\"image\":{\"@id\":\"https:\\\/\\\/fuentesfidedignas.com.mx\\\/#\\\/schema\\\/logo\\\/image\\\/\"},\"sameAs\":[\"https:\\\/\\\/www.facebook.com\\\/Fuentes-Fidedignas-368234489921644\",\"https:\\\/\\\/x.com\\\/fidedignas\"]},{\"@type\":\"Person\",\"@id\":\"https:\\\/\\\/fuentesfidedignas.com.mx\\\/#\\\/schema\\\/person\\\/095dfdd37aa8185778b70f6dfceb617b\",\"name\":\"Miguel Alonso Rivera Boj\u00f3rquez\",\"image\":{\"@type\":\"ImageObject\",\"inLanguage\":\"es\",\"@id\":\"https:\\\/\\\/secure.gravatar.com\\\/avatar\\\/bef5d27436917080a19bc816535d8292d13c8271f955a4cccf933064ff1c2862?s=96&d=mm&r=g\",\"url\":\"https:\\\/\\\/secure.gravatar.com\\\/avatar\\\/bef5d27436917080a19bc816535d8292d13c8271f955a4cccf933064ff1c2862?s=96&d=mm&r=g\",\"contentUrl\":\"https:\\\/\\\/secure.gravatar.com\\\/avatar\\\/bef5d27436917080a19bc816535d8292d13c8271f955a4cccf933064ff1c2862?s=96&d=mm&r=g\",\"caption\":\"Miguel Alonso Rivera Boj\u00f3rquez\"},\"description\":\"Con una trayectoria de tres d\u00e9cadas, Miguel Alonso Rivera Boj\u00f3rquez (Culiac\u00e1n, 1968) es un reconocido periodista de prensa, radio y televisi\u00f3n, labor por la cual ha recibido importantes premios. Es licenciado en periodismo y licenciado en psicolog\u00eda. Ha sido titular de comunicaci\u00f3n en diversas secretar\u00edas y dependencias gubernamentales, colaborador de medios locales e internacionales y miembro de asociaciones de escritores, periodistas, historiadores y agrupaciones relacionadas con la salud. Entre los galardones recibidos figuran Premio Sinaloa de Periodismo en Cr\u00f3nica Deportiva \u201cGustavo D. Ca\u00f1edo\u201d (1995), Premio \u201cEl Payo del Rosario\u201d en Reportaje, Universidad Aut\u00f3noma de Sinaloa (1998), Premio Sinaloa de Periodismo \u201cJos\u00e9 Cayetano Valad\u00e9s\u201d, G\u00e9nero Reportaje (1999), Premio Ciudadano Sinaloa de Periodismo en Cr\u00f3nica Deportiva (2001), Premio \u201cEl Payo del Rosario\u201d, Cr\u00f3nica Deportiva, Universidad Aut\u00f3noma de Sinaloa (2002), seis premios de periodismo en el Certamen Estatal de Periodismo del Peri\u00f3dico Noroeste: dos veces en el g\u00e9nero de reportaje, dos en cr\u00f3nica social, cr\u00f3nica cultural y cr\u00f3nica deportiva (1997-2000), Galard\u00f3n al M\u00e9rito en Periodismo otorgado por el Comit\u00e9 Ciudadano Culiac\u00e1n para la Cultura y las Artes Populares (2018) y reconocimiento especial por trayectoria otorgado por la Asociaci\u00f3n de Periodistas de Sinaloa (2023).\",\"sameAs\":[\"https:\\\/\\\/www.facebook.com\\\/licmiguelalonsoriverabojorquez\\\/\",\"https:\\\/\\\/www.instagram.com\\\/miguelalonsoriverabojorquez\\\/\",\"https:\\\/\\\/x.com\\\/https:\\\/\\\/twitter.com\\\/Miguel_A_Rivera\",\"https:\\\/\\\/www.youtube.com\\\/@miguelalonsoriverabojorquez\"],\"url\":\"https:\\\/\\\/fuentesfidedignas.com.mx\\\/index.php\\\/author\\\/miguelalonso\\\/\"}]}<\/script>\n<!-- \/ Yoast SEO plugin. -->","yoast_head_json":{"title":"\u00bfPor qu\u00e9 el gobernador Leopoldo S\u00e1nchez Celis \u201cconcedi\u00f3\u201d la autonom\u00eda a la Universidad de Sinaloa? - Fuentes Fidedignas","robots":{"index":"index","follow":"follow","max-snippet":"max-snippet:-1","max-image-preview":"max-image-preview:large","max-video-preview":"max-video-preview:-1"},"canonical":"https:\/\/fuentesfidedignas.com.mx\/index.php\/2024\/12\/21\/por-que-el-gobernador-leopoldo-sanchez-celis-concedio-la-autonomia-a-la-universidad-de-sinaloa\/","og_locale":"es_MX","og_type":"article","og_title":"\u00bfPor qu\u00e9 el gobernador Leopoldo S\u00e1nchez Celis \u201cconcedi\u00f3\u201d la autonom\u00eda a la Universidad de Sinaloa? - Fuentes Fidedignas","og_description":"El periodista Antonio Pineda Guti\u00e9rrez \u201cTo\u00f1ico\u201d, en su libro Trozos de Vida, narra una interesante charla que sostuvo con Leopoldo S\u00e1nchez Celis, quien ven\u00eda de visita a Sinaloa ya como ex gobernador. Durante esta conversaci\u00f3n, misma que tuvo lugar en el Restaurante \u201cEl Tabach\u00edn\u201d, S\u00e1nchez Celis afirm\u00f3, que \u201cinspirado por su origen rosalino\u201d, durante su [&hellip;]","og_url":"https:\/\/fuentesfidedignas.com.mx\/index.php\/2024\/12\/21\/por-que-el-gobernador-leopoldo-sanchez-celis-concedio-la-autonomia-a-la-universidad-de-sinaloa\/","og_site_name":"Fuentes Fidedignas","article_publisher":"https:\/\/www.facebook.com\/Fuentes-Fidedignas-368234489921644","article_author":"https:\/\/www.facebook.com\/licmiguelalonsoriverabojorquez\/","article_published_time":"2024-12-21T18:06:50+00:00","article_modified_time":"2024-12-21T18:06:52+00:00","og_image":[{"width":812,"height":548,"url":"https:\/\/fuentesfidedignas.com.mx\/wp-content\/uploads\/2024\/12\/WhatsApp-Image-2024-12-21-at-10.11.42-AM.jpeg","type":"image\/jpeg"}],"author":"Miguel Alonso Rivera Boj\u00f3rquez","twitter_card":"summary_large_image","twitter_creator":"@https:\/\/twitter.com\/Miguel_A_Rivera","twitter_site":"@fidedignas","twitter_misc":{"Escrito por":"Miguel Alonso Rivera Boj\u00f3rquez","Tiempo de lectura":"7 minutos"},"schema":{"@context":"https:\/\/schema.org","@graph":[{"@type":"Article","@id":"https:\/\/fuentesfidedignas.com.mx\/index.php\/2024\/12\/21\/por-que-el-gobernador-leopoldo-sanchez-celis-concedio-la-autonomia-a-la-universidad-de-sinaloa\/#article","isPartOf":{"@id":"https:\/\/fuentesfidedignas.com.mx\/index.php\/2024\/12\/21\/por-que-el-gobernador-leopoldo-sanchez-celis-concedio-la-autonomia-a-la-universidad-de-sinaloa\/"},"author":{"name":"Miguel Alonso Rivera Boj\u00f3rquez","@id":"https:\/\/fuentesfidedignas.com.mx\/#\/schema\/person\/095dfdd37aa8185778b70f6dfceb617b"},"headline":"\u00bfPor qu\u00e9 el gobernador Leopoldo S\u00e1nchez Celis \u201cconcedi\u00f3\u201d la autonom\u00eda a la Universidad de Sinaloa?","datePublished":"2024-12-21T18:06:50+00:00","dateModified":"2024-12-21T18:06:52+00:00","mainEntityOfPage":{"@id":"https:\/\/fuentesfidedignas.com.mx\/index.php\/2024\/12\/21\/por-que-el-gobernador-leopoldo-sanchez-celis-concedio-la-autonomia-a-la-universidad-de-sinaloa\/"},"wordCount":1497,"commentCount":0,"publisher":{"@id":"https:\/\/fuentesfidedignas.com.mx\/#organization"},"image":{"@id":"https:\/\/fuentesfidedignas.com.mx\/index.php\/2024\/12\/21\/por-que-el-gobernador-leopoldo-sanchez-celis-concedio-la-autonomia-a-la-universidad-de-sinaloa\/#primaryimage"},"thumbnailUrl":"https:\/\/fuentesfidedignas.com.mx\/wp-content\/uploads\/2024\/12\/WhatsApp-Image-2024-12-21-at-10.11.42-AM.jpeg","articleSection":["COLUMNAS","El iconoclasta"],"inLanguage":"es","potentialAction":[{"@type":"CommentAction","name":"Comment","target":["https:\/\/fuentesfidedignas.com.mx\/index.php\/2024\/12\/21\/por-que-el-gobernador-leopoldo-sanchez-celis-concedio-la-autonomia-a-la-universidad-de-sinaloa\/#respond"]}]},{"@type":"WebPage","@id":"https:\/\/fuentesfidedignas.com.mx\/index.php\/2024\/12\/21\/por-que-el-gobernador-leopoldo-sanchez-celis-concedio-la-autonomia-a-la-universidad-de-sinaloa\/","url":"https:\/\/fuentesfidedignas.com.mx\/index.php\/2024\/12\/21\/por-que-el-gobernador-leopoldo-sanchez-celis-concedio-la-autonomia-a-la-universidad-de-sinaloa\/","name":"\u00bfPor qu\u00e9 el gobernador Leopoldo S\u00e1nchez Celis \u201cconcedi\u00f3\u201d la autonom\u00eda a la Universidad de Sinaloa? - Fuentes Fidedignas","isPartOf":{"@id":"https:\/\/fuentesfidedignas.com.mx\/#website"},"primaryImageOfPage":{"@id":"https:\/\/fuentesfidedignas.com.mx\/index.php\/2024\/12\/21\/por-que-el-gobernador-leopoldo-sanchez-celis-concedio-la-autonomia-a-la-universidad-de-sinaloa\/#primaryimage"},"image":{"@id":"https:\/\/fuentesfidedignas.com.mx\/index.php\/2024\/12\/21\/por-que-el-gobernador-leopoldo-sanchez-celis-concedio-la-autonomia-a-la-universidad-de-sinaloa\/#primaryimage"},"thumbnailUrl":"https:\/\/fuentesfidedignas.com.mx\/wp-content\/uploads\/2024\/12\/WhatsApp-Image-2024-12-21-at-10.11.42-AM.jpeg","datePublished":"2024-12-21T18:06:50+00:00","dateModified":"2024-12-21T18:06:52+00:00","breadcrumb":{"@id":"https:\/\/fuentesfidedignas.com.mx\/index.php\/2024\/12\/21\/por-que-el-gobernador-leopoldo-sanchez-celis-concedio-la-autonomia-a-la-universidad-de-sinaloa\/#breadcrumb"},"inLanguage":"es","potentialAction":[{"@type":"ReadAction","target":["https:\/\/fuentesfidedignas.com.mx\/index.php\/2024\/12\/21\/por-que-el-gobernador-leopoldo-sanchez-celis-concedio-la-autonomia-a-la-universidad-de-sinaloa\/"]}]},{"@type":"ImageObject","inLanguage":"es","@id":"https:\/\/fuentesfidedignas.com.mx\/index.php\/2024\/12\/21\/por-que-el-gobernador-leopoldo-sanchez-celis-concedio-la-autonomia-a-la-universidad-de-sinaloa\/#primaryimage","url":"https:\/\/fuentesfidedignas.com.mx\/wp-content\/uploads\/2024\/12\/WhatsApp-Image-2024-12-21-at-10.11.42-AM.jpeg","contentUrl":"https:\/\/fuentesfidedignas.com.mx\/wp-content\/uploads\/2024\/12\/WhatsApp-Image-2024-12-21-at-10.11.42-AM.jpeg","width":812,"height":548},{"@type":"BreadcrumbList","@id":"https:\/\/fuentesfidedignas.com.mx\/index.php\/2024\/12\/21\/por-que-el-gobernador-leopoldo-sanchez-celis-concedio-la-autonomia-a-la-universidad-de-sinaloa\/#breadcrumb","itemListElement":[{"@type":"ListItem","position":1,"name":"Inicio","item":"https:\/\/fuentesfidedignas.com.mx\/"},{"@type":"ListItem","position":2,"name":"\u00bfPor qu\u00e9 el gobernador Leopoldo S\u00e1nchez Celis \u201cconcedi\u00f3\u201d la autonom\u00eda a la Universidad de Sinaloa?"}]},{"@type":"WebSite","@id":"https:\/\/fuentesfidedignas.com.mx\/#website","url":"https:\/\/fuentesfidedignas.com.mx\/","name":"Fuentes Fidedignas","description":"Otro sitio realizado con WordPress","publisher":{"@id":"https:\/\/fuentesfidedignas.com.mx\/#organization"},"potentialAction":[{"@type":"SearchAction","target":{"@type":"EntryPoint","urlTemplate":"https:\/\/fuentesfidedignas.com.mx\/?s={search_term_string}"},"query-input":{"@type":"PropertyValueSpecification","valueRequired":true,"valueName":"search_term_string"}}],"inLanguage":"es"},{"@type":"Organization","@id":"https:\/\/fuentesfidedignas.com.mx\/#organization","name":"Fuentes Fidedignas","url":"https:\/\/fuentesfidedignas.com.mx\/","logo":{"@type":"ImageObject","inLanguage":"es","@id":"https:\/\/fuentesfidedignas.com.mx\/#\/schema\/logo\/image\/","url":"https:\/\/fuentesfidedignas.com.mx\/wp-content\/uploads\/2021\/04\/logo-retina.png","contentUrl":"https:\/\/fuentesfidedignas.com.mx\/wp-content\/uploads\/2021\/04\/logo-retina.png","width":280,"height":51,"caption":"Fuentes Fidedignas"},"image":{"@id":"https:\/\/fuentesfidedignas.com.mx\/#\/schema\/logo\/image\/"},"sameAs":["https:\/\/www.facebook.com\/Fuentes-Fidedignas-368234489921644","https:\/\/x.com\/fidedignas"]},{"@type":"Person","@id":"https:\/\/fuentesfidedignas.com.mx\/#\/schema\/person\/095dfdd37aa8185778b70f6dfceb617b","name":"Miguel Alonso Rivera Boj\u00f3rquez","image":{"@type":"ImageObject","inLanguage":"es","@id":"https:\/\/secure.gravatar.com\/avatar\/bef5d27436917080a19bc816535d8292d13c8271f955a4cccf933064ff1c2862?s=96&d=mm&r=g","url":"https:\/\/secure.gravatar.com\/avatar\/bef5d27436917080a19bc816535d8292d13c8271f955a4cccf933064ff1c2862?s=96&d=mm&r=g","contentUrl":"https:\/\/secure.gravatar.com\/avatar\/bef5d27436917080a19bc816535d8292d13c8271f955a4cccf933064ff1c2862?s=96&d=mm&r=g","caption":"Miguel Alonso Rivera Boj\u00f3rquez"},"description":"Con una trayectoria de tres d\u00e9cadas, Miguel Alonso Rivera Boj\u00f3rquez (Culiac\u00e1n, 1968) es un reconocido periodista de prensa, radio y televisi\u00f3n, labor por la cual ha recibido importantes premios. Es licenciado en periodismo y licenciado en psicolog\u00eda. Ha sido titular de comunicaci\u00f3n en diversas secretar\u00edas y dependencias gubernamentales, colaborador de medios locales e internacionales y miembro de asociaciones de escritores, periodistas, historiadores y agrupaciones relacionadas con la salud. Entre los galardones recibidos figuran Premio Sinaloa de Periodismo en Cr\u00f3nica Deportiva \u201cGustavo D. Ca\u00f1edo\u201d (1995), Premio \u201cEl Payo del Rosario\u201d en Reportaje, Universidad Aut\u00f3noma de Sinaloa (1998), Premio Sinaloa de Periodismo \u201cJos\u00e9 Cayetano Valad\u00e9s\u201d, G\u00e9nero Reportaje (1999), Premio Ciudadano Sinaloa de Periodismo en Cr\u00f3nica Deportiva (2001), Premio \u201cEl Payo del Rosario\u201d, Cr\u00f3nica Deportiva, Universidad Aut\u00f3noma de Sinaloa (2002), seis premios de periodismo en el Certamen Estatal de Periodismo del Peri\u00f3dico Noroeste: dos veces en el g\u00e9nero de reportaje, dos en cr\u00f3nica social, cr\u00f3nica cultural y cr\u00f3nica deportiva (1997-2000), Galard\u00f3n al M\u00e9rito en Periodismo otorgado por el Comit\u00e9 Ciudadano Culiac\u00e1n para la Cultura y las Artes Populares (2018) y reconocimiento especial por trayectoria otorgado por la Asociaci\u00f3n de Periodistas de Sinaloa (2023).","sameAs":["https:\/\/www.facebook.com\/licmiguelalonsoriverabojorquez\/","https:\/\/www.instagram.com\/miguelalonsoriverabojorquez\/","https:\/\/x.com\/https:\/\/twitter.com\/Miguel_A_Rivera","https:\/\/www.youtube.com\/@miguelalonsoriverabojorquez"],"url":"https:\/\/fuentesfidedignas.com.mx\/index.php\/author\/miguelalonso\/"}]}},"_links":{"self":[{"href":"https:\/\/fuentesfidedignas.com.mx\/index.php\/wp-json\/wp\/v2\/posts\/98082","targetHints":{"allow":["GET"]}}],"collection":[{"href":"https:\/\/fuentesfidedignas.com.mx\/index.php\/wp-json\/wp\/v2\/posts"}],"about":[{"href":"https:\/\/fuentesfidedignas.com.mx\/index.php\/wp-json\/wp\/v2\/types\/post"}],"author":[{"embeddable":true,"href":"https:\/\/fuentesfidedignas.com.mx\/index.php\/wp-json\/wp\/v2\/users\/157"}],"replies":[{"embeddable":true,"href":"https:\/\/fuentesfidedignas.com.mx\/index.php\/wp-json\/wp\/v2\/comments?post=98082"}],"version-history":[{"count":1,"href":"https:\/\/fuentesfidedignas.com.mx\/index.php\/wp-json\/wp\/v2\/posts\/98082\/revisions"}],"predecessor-version":[{"id":98085,"href":"https:\/\/fuentesfidedignas.com.mx\/index.php\/wp-json\/wp\/v2\/posts\/98082\/revisions\/98085"}],"wp:featuredmedia":[{"embeddable":true,"href":"https:\/\/fuentesfidedignas.com.mx\/index.php\/wp-json\/wp\/v2\/media\/98083"}],"wp:attachment":[{"href":"https:\/\/fuentesfidedignas.com.mx\/index.php\/wp-json\/wp\/v2\/media?parent=98082"}],"wp:term":[{"taxonomy":"category","embeddable":true,"href":"https:\/\/fuentesfidedignas.com.mx\/index.php\/wp-json\/wp\/v2\/categories?post=98082"},{"taxonomy":"post_tag","embeddable":true,"href":"https:\/\/fuentesfidedignas.com.mx\/index.php\/wp-json\/wp\/v2\/tags?post=98082"}],"curies":[{"name":"wp","href":"https:\/\/api.w.org\/{rel}","templated":true}]}}