{"id":98034,"date":"2024-12-20T17:03:11","date_gmt":"2024-12-21T00:03:11","guid":{"rendered":"https:\/\/fuentesfidedignas.com.mx\/?p=98034"},"modified":"2024-12-20T17:03:21","modified_gmt":"2024-12-21T00:03:21","slug":"cuerpo-de-oficial-de-la-sspc-abatido-en-culiacan-llega-a-sonora-para-su-funeral","status":"publish","type":"post","link":"https:\/\/fuentesfidedignas.com.mx\/index.php\/2024\/12\/20\/cuerpo-de-oficial-de-la-sspc-abatido-en-culiacan-llega-a-sonora-para-su-funeral\/","title":{"rendered":"Cuerpo de oficial de la SSPC abatido en Culiac\u00e1n, llega a Sonora para su funeral"},"content":{"rendered":"\n<p><strong><em>El agente estaba asignado en Sinaloa y fue asesinado por un comando tras una emboscada en el fraccionamiento Villas del R\u00edo.<\/em><\/strong><\/p>\n\n\n\n<p>El cuerpo de&nbsp;Halexy Guadalupe Velderrain Con, un agente federal que fue asesinado en Culiac\u00e1n, Sinaloa, lleg\u00f3 a su natal Guaymas, Sonora, donde ser\u00e1 despedido por sus familiares y allegados. El oficial fue v\u00edctima de las disputas al interior del C\u00e1rtel del Pac\u00edfico.<\/p>\n\n\n\n<p>Los restos del ex integrante de la Secretar\u00eda de Seguridad P\u00fablica y Protecci\u00f3n Ciudadana (SSPyPC) fueron trasladados el unidades de la Defensa a una funeraria local, donde se llevaron a cabo las ceremonias f\u00fanebres este viernes.<\/p>\n\n\n\n<p><strong>Agente era parte de un equipo especial de investigaciones<\/strong><br>El agente Velderrain ten\u00eda 43 a\u00f1os y formaba parte del equipo especial de investigaciones, estaba asignado al municipio de Culiac\u00e1n, Sinaloa, donde se desprendi\u00f3 este a\u00f1o una cruenta disputa entre fracciones de la delincuencia organizada.<\/p>\n\n\n\n<p>El 18 de diciembre, un grupo t\u00e1ctico de la SSPyPC fue emboscado por un comando que dispar\u00f3 en su contra.<\/p>\n\n\n\n<p>En ese lugar, falleci\u00f3 el agente Halexy Velderrain, cuya muerte constern\u00f3 a la sociedad sonorense.<\/p>\n\n\n\n<p><strong>Garc\u00eda Harfuch acudi\u00f3 de inmediato al lugar de la agresi\u00f3n<\/strong><br>De acuerdo con la agencia Cuartoscuro, el secretario de Seguridad y Protecci\u00f3n Ciudadana, Omar Garc\u00eda Harfuch, lleg\u00f3 de inmediato al fraccionamiento Villas del R\u00edo en Culiac\u00e1n, donde uno de sus agentes muri\u00f3 en una emboscada perpetrada por un grupo armado.<\/p>\n\n\n\n<p>En redes sociales, se compartieron videos de las detonaciones y se report\u00f3 que motociclistas dispararon contra un veh\u00edculo en movimiento.<\/p>\n\n\n\n<p>Garc\u00eda Harfuch, quien regres\u00f3 a Sinaloa ese mismo d\u00eda, coordin\u00f3 un fuerte operativo en el lugar de la agresi\u00f3n.<\/p>\n\n\n\n<p>Este viernes, la presidenta Claudia Sheinbaum lleg\u00f3 al estado de Sinaloa y se espera que el pr\u00f3ximo 21 de diciembre est\u00e9 de visita en Cajeme, Sonora, para atestiguar el funcionamiento de la Universidad del Pueblo Yaqui.<\/p>\n\n\n\n<iframe loading=\"lazy\" src=\"https:\/\/www.facebook.com\/plugins\/post.php?href=https%3A%2F%2Fwww.facebook.com%2Fsspcmx%2Fposts%2Fpfbid02NTVW7RMfxESNDfHSeNvapVsmzaZ4XvrNvqmerjVwxygUri6TEAiVuJ7Y6GfWStV7l&#038;show_text=true&#038;width=500\" width=\"500\" height=\"510\" style=\"border:none;overflow:hidden\" scrolling=\"no\" frameborder=\"0\" allowfullscreen=\"true\" allow=\"autoplay; clipboard-write; encrypted-media; picture-in-picture; web-share\"><\/iframe>\n","protected":false},"excerpt":{"rendered":"<p>El agente estaba asignado en Sinaloa y fue asesinado por un comando tras una emboscada en el fraccionamiento Villas del R\u00edo. El cuerpo de&nbsp;Halexy Guadalupe Velderrain Con, un agente federal que fue asesinado en Culiac\u00e1n, Sinaloa, lleg\u00f3 a su natal Guaymas, Sonora, donde ser\u00e1 despedido por sus familiares y allegados. El oficial fue v\u00edctima de [&hellip;]<\/p>\n","protected":false},"author":9,"featured_media":98035,"comment_status":"open","ping_status":"open","sticky":false,"template":"","format":"standard","meta":{"tdm_status":"","tdm_grid_status":"","footnotes":""},"categories":[39],"tags":[],"class_list":{"0":"post-98034","1":"post","2":"type-post","3":"status-publish","4":"format-standard","5":"has-post-thumbnail","7":"category-noticias-nacionales"},"yoast_head":"<!-- This site is optimized with the Yoast SEO plugin v27.5 - https:\/\/yoast.com\/product\/yoast-seo-wordpress\/ -->\n<title>Cuerpo de oficial de la SSPC abatido en Culiac\u00e1n, llega a Sonora para su funeral - Fuentes Fidedignas<\/title>\n<meta name=\"robots\" content=\"index, follow, max-snippet:-1, max-image-preview:large, max-video-preview:-1\" \/>\n<link rel=\"canonical\" href=\"https:\/\/fuentesfidedignas.com.mx\/index.php\/2024\/12\/20\/cuerpo-de-oficial-de-la-sspc-abatido-en-culiacan-llega-a-sonora-para-su-funeral\/\" \/>\n<meta property=\"og:locale\" content=\"es_MX\" \/>\n<meta property=\"og:type\" content=\"article\" \/>\n<meta property=\"og:title\" content=\"Cuerpo de oficial de la SSPC abatido en Culiac\u00e1n, llega a Sonora para su funeral - Fuentes Fidedignas\" \/>\n<meta property=\"og:description\" content=\"El agente estaba asignado en Sinaloa y fue asesinado por un comando tras una emboscada en el fraccionamiento Villas del R\u00edo. El cuerpo de&nbsp;Halexy Guadalupe Velderrain Con, un agente federal que fue asesinado en Culiac\u00e1n, Sinaloa, lleg\u00f3 a su natal Guaymas, Sonora, donde ser\u00e1 despedido por sus familiares y allegados. El oficial fue v\u00edctima de [&hellip;]\" \/>\n<meta property=\"og:url\" content=\"https:\/\/fuentesfidedignas.com.mx\/index.php\/2024\/12\/20\/cuerpo-de-oficial-de-la-sspc-abatido-en-culiacan-llega-a-sonora-para-su-funeral\/\" \/>\n<meta property=\"og:site_name\" content=\"Fuentes Fidedignas\" \/>\n<meta property=\"article:publisher\" content=\"https:\/\/www.facebook.com\/Fuentes-Fidedignas-368234489921644\" \/>\n<meta property=\"article:published_time\" content=\"2024-12-21T00:03:11+00:00\" \/>\n<meta property=\"article:modified_time\" content=\"2024-12-21T00:03:21+00:00\" \/>\n<meta property=\"og:image\" content=\"https:\/\/fuentesfidedignas.com.mx\/wp-content\/uploads\/2024\/12\/agente_SSPC.jpg\" \/>\n\t<meta property=\"og:image:width\" content=\"600\" \/>\n\t<meta property=\"og:image:height\" content=\"376\" \/>\n\t<meta property=\"og:image:type\" content=\"image\/jpeg\" \/>\n<meta name=\"author\" content=\"Milenio\" \/>\n<meta name=\"twitter:card\" content=\"summary_large_image\" \/>\n<meta name=\"twitter:creator\" content=\"@fidedignas\" \/>\n<meta name=\"twitter:site\" content=\"@fidedignas\" \/>\n<meta name=\"twitter:label1\" content=\"Escrito por\" \/>\n\t<meta name=\"twitter:data1\" content=\"Milenio\" \/>\n\t<meta name=\"twitter:label2\" content=\"Tiempo de lectura\" \/>\n\t<meta name=\"twitter:data2\" content=\"2 minutos\" \/>\n<script type=\"application\/ld+json\" class=\"yoast-schema-graph\">{\"@context\":\"https:\\\/\\\/schema.org\",\"@graph\":[{\"@type\":\"Article\",\"@id\":\"https:\\\/\\\/fuentesfidedignas.com.mx\\\/index.php\\\/2024\\\/12\\\/20\\\/cuerpo-de-oficial-de-la-sspc-abatido-en-culiacan-llega-a-sonora-para-su-funeral\\\/#article\",\"isPartOf\":{\"@id\":\"https:\\\/\\\/fuentesfidedignas.com.mx\\\/index.php\\\/2024\\\/12\\\/20\\\/cuerpo-de-oficial-de-la-sspc-abatido-en-culiacan-llega-a-sonora-para-su-funeral\\\/\"},\"author\":{\"name\":\"Milenio\",\"@id\":\"https:\\\/\\\/fuentesfidedignas.com.mx\\\/#\\\/schema\\\/person\\\/47ec0135738f4b0c7495f06a77a2c976\"},\"headline\":\"Cuerpo de oficial de la SSPC abatido en Culiac\u00e1n, llega a Sonora para su funeral\",\"datePublished\":\"2024-12-21T00:03:11+00:00\",\"dateModified\":\"2024-12-21T00:03:21+00:00\",\"mainEntityOfPage\":{\"@id\":\"https:\\\/\\\/fuentesfidedignas.com.mx\\\/index.php\\\/2024\\\/12\\\/20\\\/cuerpo-de-oficial-de-la-sspc-abatido-en-culiacan-llega-a-sonora-para-su-funeral\\\/\"},\"wordCount\":343,\"commentCount\":0,\"publisher\":{\"@id\":\"https:\\\/\\\/fuentesfidedignas.com.mx\\\/#organization\"},\"image\":{\"@id\":\"https:\\\/\\\/fuentesfidedignas.com.mx\\\/index.php\\\/2024\\\/12\\\/20\\\/cuerpo-de-oficial-de-la-sspc-abatido-en-culiacan-llega-a-sonora-para-su-funeral\\\/#primaryimage\"},\"thumbnailUrl\":\"https:\\\/\\\/fuentesfidedignas.com.mx\\\/wp-content\\\/uploads\\\/2024\\\/12\\\/agente_SSPC.jpg\",\"articleSection\":[\"NOTICIAS NACIONALES\"],\"inLanguage\":\"es\",\"potentialAction\":[{\"@type\":\"CommentAction\",\"name\":\"Comment\",\"target\":[\"https:\\\/\\\/fuentesfidedignas.com.mx\\\/index.php\\\/2024\\\/12\\\/20\\\/cuerpo-de-oficial-de-la-sspc-abatido-en-culiacan-llega-a-sonora-para-su-funeral\\\/#respond\"]}]},{\"@type\":\"WebPage\",\"@id\":\"https:\\\/\\\/fuentesfidedignas.com.mx\\\/index.php\\\/2024\\\/12\\\/20\\\/cuerpo-de-oficial-de-la-sspc-abatido-en-culiacan-llega-a-sonora-para-su-funeral\\\/\",\"url\":\"https:\\\/\\\/fuentesfidedignas.com.mx\\\/index.php\\\/2024\\\/12\\\/20\\\/cuerpo-de-oficial-de-la-sspc-abatido-en-culiacan-llega-a-sonora-para-su-funeral\\\/\",\"name\":\"Cuerpo de oficial de la SSPC abatido en Culiac\u00e1n, llega a Sonora para su funeral - Fuentes Fidedignas\",\"isPartOf\":{\"@id\":\"https:\\\/\\\/fuentesfidedignas.com.mx\\\/#website\"},\"primaryImageOfPage\":{\"@id\":\"https:\\\/\\\/fuentesfidedignas.com.mx\\\/index.php\\\/2024\\\/12\\\/20\\\/cuerpo-de-oficial-de-la-sspc-abatido-en-culiacan-llega-a-sonora-para-su-funeral\\\/#primaryimage\"},\"image\":{\"@id\":\"https:\\\/\\\/fuentesfidedignas.com.mx\\\/index.php\\\/2024\\\/12\\\/20\\\/cuerpo-de-oficial-de-la-sspc-abatido-en-culiacan-llega-a-sonora-para-su-funeral\\\/#primaryimage\"},\"thumbnailUrl\":\"https:\\\/\\\/fuentesfidedignas.com.mx\\\/wp-content\\\/uploads\\\/2024\\\/12\\\/agente_SSPC.jpg\",\"datePublished\":\"2024-12-21T00:03:11+00:00\",\"dateModified\":\"2024-12-21T00:03:21+00:00\",\"breadcrumb\":{\"@id\":\"https:\\\/\\\/fuentesfidedignas.com.mx\\\/index.php\\\/2024\\\/12\\\/20\\\/cuerpo-de-oficial-de-la-sspc-abatido-en-culiacan-llega-a-sonora-para-su-funeral\\\/#breadcrumb\"},\"inLanguage\":\"es\",\"potentialAction\":[{\"@type\":\"ReadAction\",\"target\":[\"https:\\\/\\\/fuentesfidedignas.com.mx\\\/index.php\\\/2024\\\/12\\\/20\\\/cuerpo-de-oficial-de-la-sspc-abatido-en-culiacan-llega-a-sonora-para-su-funeral\\\/\"]}]},{\"@type\":\"ImageObject\",\"inLanguage\":\"es\",\"@id\":\"https:\\\/\\\/fuentesfidedignas.com.mx\\\/index.php\\\/2024\\\/12\\\/20\\\/cuerpo-de-oficial-de-la-sspc-abatido-en-culiacan-llega-a-sonora-para-su-funeral\\\/#primaryimage\",\"url\":\"https:\\\/\\\/fuentesfidedignas.com.mx\\\/wp-content\\\/uploads\\\/2024\\\/12\\\/agente_SSPC.jpg\",\"contentUrl\":\"https:\\\/\\\/fuentesfidedignas.com.mx\\\/wp-content\\\/uploads\\\/2024\\\/12\\\/agente_SSPC.jpg\",\"width\":600,\"height\":376},{\"@type\":\"BreadcrumbList\",\"@id\":\"https:\\\/\\\/fuentesfidedignas.com.mx\\\/index.php\\\/2024\\\/12\\\/20\\\/cuerpo-de-oficial-de-la-sspc-abatido-en-culiacan-llega-a-sonora-para-su-funeral\\\/#breadcrumb\",\"itemListElement\":[{\"@type\":\"ListItem\",\"position\":1,\"name\":\"Inicio\",\"item\":\"https:\\\/\\\/fuentesfidedignas.com.mx\\\/\"},{\"@type\":\"ListItem\",\"position\":2,\"name\":\"Cuerpo de oficial de la SSPC abatido en Culiac\u00e1n, llega a Sonora para su funeral\"}]},{\"@type\":\"WebSite\",\"@id\":\"https:\\\/\\\/fuentesfidedignas.com.mx\\\/#website\",\"url\":\"https:\\\/\\\/fuentesfidedignas.com.mx\\\/\",\"name\":\"Fuentes Fidedignas\",\"description\":\"Otro sitio realizado con WordPress\",\"publisher\":{\"@id\":\"https:\\\/\\\/fuentesfidedignas.com.mx\\\/#organization\"},\"potentialAction\":[{\"@type\":\"SearchAction\",\"target\":{\"@type\":\"EntryPoint\",\"urlTemplate\":\"https:\\\/\\\/fuentesfidedignas.com.mx\\\/?s={search_term_string}\"},\"query-input\":{\"@type\":\"PropertyValueSpecification\",\"valueRequired\":true,\"valueName\":\"search_term_string\"}}],\"inLanguage\":\"es\"},{\"@type\":\"Organization\",\"@id\":\"https:\\\/\\\/fuentesfidedignas.com.mx\\\/#organization\",\"name\":\"Fuentes Fidedignas\",\"url\":\"https:\\\/\\\/fuentesfidedignas.com.mx\\\/\",\"logo\":{\"@type\":\"ImageObject\",\"inLanguage\":\"es\",\"@id\":\"https:\\\/\\\/fuentesfidedignas.com.mx\\\/#\\\/schema\\\/logo\\\/image\\\/\",\"url\":\"https:\\\/\\\/fuentesfidedignas.com.mx\\\/wp-content\\\/uploads\\\/2021\\\/04\\\/logo-retina.png\",\"contentUrl\":\"https:\\\/\\\/fuentesfidedignas.com.mx\\\/wp-content\\\/uploads\\\/2021\\\/04\\\/logo-retina.png\",\"width\":280,\"height\":51,\"caption\":\"Fuentes Fidedignas\"},\"image\":{\"@id\":\"https:\\\/\\\/fuentesfidedignas.com.mx\\\/#\\\/schema\\\/logo\\\/image\\\/\"},\"sameAs\":[\"https:\\\/\\\/www.facebook.com\\\/Fuentes-Fidedignas-368234489921644\",\"https:\\\/\\\/x.com\\\/fidedignas\"]},{\"@type\":\"Person\",\"@id\":\"https:\\\/\\\/fuentesfidedignas.com.mx\\\/#\\\/schema\\\/person\\\/47ec0135738f4b0c7495f06a77a2c976\",\"name\":\"Milenio\",\"image\":{\"@type\":\"ImageObject\",\"inLanguage\":\"es\",\"@id\":\"https:\\\/\\\/secure.gravatar.com\\\/avatar\\\/acabf7b54753e51c2c76457954577c236b3b764789b19879565769739d1e4a75?s=96&d=mm&r=g\",\"url\":\"https:\\\/\\\/secure.gravatar.com\\\/avatar\\\/acabf7b54753e51c2c76457954577c236b3b764789b19879565769739d1e4a75?s=96&d=mm&r=g\",\"contentUrl\":\"https:\\\/\\\/secure.gravatar.com\\\/avatar\\\/acabf7b54753e51c2c76457954577c236b3b764789b19879565769739d1e4a75?s=96&d=mm&r=g\",\"caption\":\"Milenio\"},\"url\":\"https:\\\/\\\/fuentesfidedignas.com.mx\\\/index.php\\\/author\\\/milenio\\\/\"}]}<\/script>\n<!-- \/ Yoast SEO plugin. -->","yoast_head_json":{"title":"Cuerpo de oficial de la SSPC abatido en Culiac\u00e1n, llega a Sonora para su funeral - Fuentes Fidedignas","robots":{"index":"index","follow":"follow","max-snippet":"max-snippet:-1","max-image-preview":"max-image-preview:large","max-video-preview":"max-video-preview:-1"},"canonical":"https:\/\/fuentesfidedignas.com.mx\/index.php\/2024\/12\/20\/cuerpo-de-oficial-de-la-sspc-abatido-en-culiacan-llega-a-sonora-para-su-funeral\/","og_locale":"es_MX","og_type":"article","og_title":"Cuerpo de oficial de la SSPC abatido en Culiac\u00e1n, llega a Sonora para su funeral - Fuentes Fidedignas","og_description":"El agente estaba asignado en Sinaloa y fue asesinado por un comando tras una emboscada en el fraccionamiento Villas del R\u00edo. El cuerpo de&nbsp;Halexy Guadalupe Velderrain Con, un agente federal que fue asesinado en Culiac\u00e1n, Sinaloa, lleg\u00f3 a su natal Guaymas, Sonora, donde ser\u00e1 despedido por sus familiares y allegados. El oficial fue v\u00edctima de [&hellip;]","og_url":"https:\/\/fuentesfidedignas.com.mx\/index.php\/2024\/12\/20\/cuerpo-de-oficial-de-la-sspc-abatido-en-culiacan-llega-a-sonora-para-su-funeral\/","og_site_name":"Fuentes Fidedignas","article_publisher":"https:\/\/www.facebook.com\/Fuentes-Fidedignas-368234489921644","article_published_time":"2024-12-21T00:03:11+00:00","article_modified_time":"2024-12-21T00:03:21+00:00","og_image":[{"width":600,"height":376,"url":"https:\/\/fuentesfidedignas.com.mx\/wp-content\/uploads\/2024\/12\/agente_SSPC.jpg","type":"image\/jpeg"}],"author":"Milenio","twitter_card":"summary_large_image","twitter_creator":"@fidedignas","twitter_site":"@fidedignas","twitter_misc":{"Escrito por":"Milenio","Tiempo de lectura":"2 minutos"},"schema":{"@context":"https:\/\/schema.org","@graph":[{"@type":"Article","@id":"https:\/\/fuentesfidedignas.com.mx\/index.php\/2024\/12\/20\/cuerpo-de-oficial-de-la-sspc-abatido-en-culiacan-llega-a-sonora-para-su-funeral\/#article","isPartOf":{"@id":"https:\/\/fuentesfidedignas.com.mx\/index.php\/2024\/12\/20\/cuerpo-de-oficial-de-la-sspc-abatido-en-culiacan-llega-a-sonora-para-su-funeral\/"},"author":{"name":"Milenio","@id":"https:\/\/fuentesfidedignas.com.mx\/#\/schema\/person\/47ec0135738f4b0c7495f06a77a2c976"},"headline":"Cuerpo de oficial de la SSPC abatido en Culiac\u00e1n, llega a Sonora para su funeral","datePublished":"2024-12-21T00:03:11+00:00","dateModified":"2024-12-21T00:03:21+00:00","mainEntityOfPage":{"@id":"https:\/\/fuentesfidedignas.com.mx\/index.php\/2024\/12\/20\/cuerpo-de-oficial-de-la-sspc-abatido-en-culiacan-llega-a-sonora-para-su-funeral\/"},"wordCount":343,"commentCount":0,"publisher":{"@id":"https:\/\/fuentesfidedignas.com.mx\/#organization"},"image":{"@id":"https:\/\/fuentesfidedignas.com.mx\/index.php\/2024\/12\/20\/cuerpo-de-oficial-de-la-sspc-abatido-en-culiacan-llega-a-sonora-para-su-funeral\/#primaryimage"},"thumbnailUrl":"https:\/\/fuentesfidedignas.com.mx\/wp-content\/uploads\/2024\/12\/agente_SSPC.jpg","articleSection":["NOTICIAS NACIONALES"],"inLanguage":"es","potentialAction":[{"@type":"CommentAction","name":"Comment","target":["https:\/\/fuentesfidedignas.com.mx\/index.php\/2024\/12\/20\/cuerpo-de-oficial-de-la-sspc-abatido-en-culiacan-llega-a-sonora-para-su-funeral\/#respond"]}]},{"@type":"WebPage","@id":"https:\/\/fuentesfidedignas.com.mx\/index.php\/2024\/12\/20\/cuerpo-de-oficial-de-la-sspc-abatido-en-culiacan-llega-a-sonora-para-su-funeral\/","url":"https:\/\/fuentesfidedignas.com.mx\/index.php\/2024\/12\/20\/cuerpo-de-oficial-de-la-sspc-abatido-en-culiacan-llega-a-sonora-para-su-funeral\/","name":"Cuerpo de oficial de la SSPC abatido en Culiac\u00e1n, llega a Sonora para su funeral - Fuentes Fidedignas","isPartOf":{"@id":"https:\/\/fuentesfidedignas.com.mx\/#website"},"primaryImageOfPage":{"@id":"https:\/\/fuentesfidedignas.com.mx\/index.php\/2024\/12\/20\/cuerpo-de-oficial-de-la-sspc-abatido-en-culiacan-llega-a-sonora-para-su-funeral\/#primaryimage"},"image":{"@id":"https:\/\/fuentesfidedignas.com.mx\/index.php\/2024\/12\/20\/cuerpo-de-oficial-de-la-sspc-abatido-en-culiacan-llega-a-sonora-para-su-funeral\/#primaryimage"},"thumbnailUrl":"https:\/\/fuentesfidedignas.com.mx\/wp-content\/uploads\/2024\/12\/agente_SSPC.jpg","datePublished":"2024-12-21T00:03:11+00:00","dateModified":"2024-12-21T00:03:21+00:00","breadcrumb":{"@id":"https:\/\/fuentesfidedignas.com.mx\/index.php\/2024\/12\/20\/cuerpo-de-oficial-de-la-sspc-abatido-en-culiacan-llega-a-sonora-para-su-funeral\/#breadcrumb"},"inLanguage":"es","potentialAction":[{"@type":"ReadAction","target":["https:\/\/fuentesfidedignas.com.mx\/index.php\/2024\/12\/20\/cuerpo-de-oficial-de-la-sspc-abatido-en-culiacan-llega-a-sonora-para-su-funeral\/"]}]},{"@type":"ImageObject","inLanguage":"es","@id":"https:\/\/fuentesfidedignas.com.mx\/index.php\/2024\/12\/20\/cuerpo-de-oficial-de-la-sspc-abatido-en-culiacan-llega-a-sonora-para-su-funeral\/#primaryimage","url":"https:\/\/fuentesfidedignas.com.mx\/wp-content\/uploads\/2024\/12\/agente_SSPC.jpg","contentUrl":"https:\/\/fuentesfidedignas.com.mx\/wp-content\/uploads\/2024\/12\/agente_SSPC.jpg","width":600,"height":376},{"@type":"BreadcrumbList","@id":"https:\/\/fuentesfidedignas.com.mx\/index.php\/2024\/12\/20\/cuerpo-de-oficial-de-la-sspc-abatido-en-culiacan-llega-a-sonora-para-su-funeral\/#breadcrumb","itemListElement":[{"@type":"ListItem","position":1,"name":"Inicio","item":"https:\/\/fuentesfidedignas.com.mx\/"},{"@type":"ListItem","position":2,"name":"Cuerpo de oficial de la SSPC abatido en Culiac\u00e1n, llega a Sonora para su funeral"}]},{"@type":"WebSite","@id":"https:\/\/fuentesfidedignas.com.mx\/#website","url":"https:\/\/fuentesfidedignas.com.mx\/","name":"Fuentes Fidedignas","description":"Otro sitio realizado con WordPress","publisher":{"@id":"https:\/\/fuentesfidedignas.com.mx\/#organization"},"potentialAction":[{"@type":"SearchAction","target":{"@type":"EntryPoint","urlTemplate":"https:\/\/fuentesfidedignas.com.mx\/?s={search_term_string}"},"query-input":{"@type":"PropertyValueSpecification","valueRequired":true,"valueName":"search_term_string"}}],"inLanguage":"es"},{"@type":"Organization","@id":"https:\/\/fuentesfidedignas.com.mx\/#organization","name":"Fuentes Fidedignas","url":"https:\/\/fuentesfidedignas.com.mx\/","logo":{"@type":"ImageObject","inLanguage":"es","@id":"https:\/\/fuentesfidedignas.com.mx\/#\/schema\/logo\/image\/","url":"https:\/\/fuentesfidedignas.com.mx\/wp-content\/uploads\/2021\/04\/logo-retina.png","contentUrl":"https:\/\/fuentesfidedignas.com.mx\/wp-content\/uploads\/2021\/04\/logo-retina.png","width":280,"height":51,"caption":"Fuentes Fidedignas"},"image":{"@id":"https:\/\/fuentesfidedignas.com.mx\/#\/schema\/logo\/image\/"},"sameAs":["https:\/\/www.facebook.com\/Fuentes-Fidedignas-368234489921644","https:\/\/x.com\/fidedignas"]},{"@type":"Person","@id":"https:\/\/fuentesfidedignas.com.mx\/#\/schema\/person\/47ec0135738f4b0c7495f06a77a2c976","name":"Milenio","image":{"@type":"ImageObject","inLanguage":"es","@id":"https:\/\/secure.gravatar.com\/avatar\/acabf7b54753e51c2c76457954577c236b3b764789b19879565769739d1e4a75?s=96&d=mm&r=g","url":"https:\/\/secure.gravatar.com\/avatar\/acabf7b54753e51c2c76457954577c236b3b764789b19879565769739d1e4a75?s=96&d=mm&r=g","contentUrl":"https:\/\/secure.gravatar.com\/avatar\/acabf7b54753e51c2c76457954577c236b3b764789b19879565769739d1e4a75?s=96&d=mm&r=g","caption":"Milenio"},"url":"https:\/\/fuentesfidedignas.com.mx\/index.php\/author\/milenio\/"}]}},"_links":{"self":[{"href":"https:\/\/fuentesfidedignas.com.mx\/index.php\/wp-json\/wp\/v2\/posts\/98034","targetHints":{"allow":["GET"]}}],"collection":[{"href":"https:\/\/fuentesfidedignas.com.mx\/index.php\/wp-json\/wp\/v2\/posts"}],"about":[{"href":"https:\/\/fuentesfidedignas.com.mx\/index.php\/wp-json\/wp\/v2\/types\/post"}],"author":[{"embeddable":true,"href":"https:\/\/fuentesfidedignas.com.mx\/index.php\/wp-json\/wp\/v2\/users\/9"}],"replies":[{"embeddable":true,"href":"https:\/\/fuentesfidedignas.com.mx\/index.php\/wp-json\/wp\/v2\/comments?post=98034"}],"version-history":[{"count":3,"href":"https:\/\/fuentesfidedignas.com.mx\/index.php\/wp-json\/wp\/v2\/posts\/98034\/revisions"}],"predecessor-version":[{"id":98038,"href":"https:\/\/fuentesfidedignas.com.mx\/index.php\/wp-json\/wp\/v2\/posts\/98034\/revisions\/98038"}],"wp:featuredmedia":[{"embeddable":true,"href":"https:\/\/fuentesfidedignas.com.mx\/index.php\/wp-json\/wp\/v2\/media\/98035"}],"wp:attachment":[{"href":"https:\/\/fuentesfidedignas.com.mx\/index.php\/wp-json\/wp\/v2\/media?parent=98034"}],"wp:term":[{"taxonomy":"category","embeddable":true,"href":"https:\/\/fuentesfidedignas.com.mx\/index.php\/wp-json\/wp\/v2\/categories?post=98034"},{"taxonomy":"post_tag","embeddable":true,"href":"https:\/\/fuentesfidedignas.com.mx\/index.php\/wp-json\/wp\/v2\/tags?post=98034"}],"curies":[{"name":"wp","href":"https:\/\/api.w.org\/{rel}","templated":true}]}}