{"id":97998,"date":"2024-12-20T07:16:54","date_gmt":"2024-12-20T14:16:54","guid":{"rendered":"https:\/\/fuentesfidedignas.com.mx\/?p=97998"},"modified":"2024-12-20T07:16:56","modified_gmt":"2024-12-20T14:16:56","slug":"aumentan-a-siete-los-muertos-por-motin-en-carcel-de-villahermosa-tabasco","status":"publish","type":"post","link":"https:\/\/fuentesfidedignas.com.mx\/index.php\/2024\/12\/20\/aumentan-a-siete-los-muertos-por-motin-en-carcel-de-villahermosa-tabasco\/","title":{"rendered":"Aumentan a siete los muertos por mot\u00edn en c\u00e1rcel de Villahermosa, Tabasco"},"content":{"rendered":"\n<p><strong><em>Las autoridades confirmaron la muerte de Jorge Francisco \u2018N\u2019, Marcelo \u2018N\u2019, Mario de Jes\u00fas \u2018N\u2019, Alejandro \u2018N\u2019, Iv\u00e1n \u2018N\u2019, Cristhian \u2018N\u2019 y Antonio \u2018N\u2019, todos reos del penal<\/em><\/strong><\/p>\n\n\n\n<p>Este jueves siete reos murieron tras el <a href=\"https:\/\/fuentesfidedignas.com.mx\/index.php\/2024\/12\/19\/motin-en-penal-de-tabasco-desata-operativo-la-gn-nos-esta-disparando-acusan-reclusos\/\">mot\u00edn en el Centro de Reinserci\u00f3n Social de Tabasco<\/a> (CREST), confirm\u00f3 la Fiscal\u00eda General del Estado.<\/p>\n\n\n\n<p>Por medio de un comunicado, la autoridad inform\u00f3 que tras un operativo realizado por autoridades de seguridad de los tres \u00f3rdenes de gobierno, se logr\u00f3 controlar un mot\u00edn en el interior y se solicit\u00f3 la intervenci\u00f3n de la Fiscal\u00eda.<\/p>\n\n\n\n<p>Las autoridades confirmaron la muerte de Jorge Francisco \u2018N\u2019, Marcelo \u2018N\u2019, Mario de Jes\u00fas \u2018N\u2019, Alejandro \u2018N\u2019, Iv\u00e1n \u2018N\u2019, Cristhian \u2018N\u2019 y Antonio \u2018N\u2019, todos reos del penal.<\/p>\n\n\n\n<p>Adem\u00e1s, seis reos y cuatro polic\u00edas resultaron lesionados.<\/p>\n","protected":false},"excerpt":{"rendered":"<p>Las autoridades confirmaron la muerte de Jorge Francisco \u2018N\u2019, Marcelo \u2018N\u2019, Mario de Jes\u00fas \u2018N\u2019, Alejandro \u2018N\u2019, Iv\u00e1n \u2018N\u2019, Cristhian \u2018N\u2019 y Antonio \u2018N\u2019, todos reos del penal Este jueves siete reos murieron tras el mot\u00edn en el Centro de Reinserci\u00f3n Social de Tabasco (CREST), confirm\u00f3 la Fiscal\u00eda General del Estado. Por medio de un [&hellip;]<\/p>\n","protected":false},"author":47,"featured_media":97999,"comment_status":"open","ping_status":"open","sticky":false,"template":"","format":"standard","meta":{"tdm_status":"","tdm_grid_status":"","footnotes":""},"categories":[39],"tags":[],"class_list":{"0":"post-97998","1":"post","2":"type-post","3":"status-publish","4":"format-standard","5":"has-post-thumbnail","7":"category-noticias-nacionales"},"yoast_head":"<!-- This site is optimized with the Yoast SEO plugin v27.5 - https:\/\/yoast.com\/product\/yoast-seo-wordpress\/ -->\n<title>Aumentan a siete los muertos por mot\u00edn en c\u00e1rcel de Villahermosa, Tabasco - Fuentes Fidedignas<\/title>\n<meta name=\"robots\" content=\"index, follow, max-snippet:-1, max-image-preview:large, max-video-preview:-1\" \/>\n<link rel=\"canonical\" href=\"https:\/\/fuentesfidedignas.com.mx\/index.php\/2024\/12\/20\/aumentan-a-siete-los-muertos-por-motin-en-carcel-de-villahermosa-tabasco\/\" \/>\n<meta property=\"og:locale\" content=\"es_MX\" \/>\n<meta property=\"og:type\" content=\"article\" \/>\n<meta property=\"og:title\" content=\"Aumentan a siete los muertos por mot\u00edn en c\u00e1rcel de Villahermosa, Tabasco - Fuentes Fidedignas\" \/>\n<meta property=\"og:description\" content=\"Las autoridades confirmaron la muerte de Jorge Francisco \u2018N\u2019, Marcelo \u2018N\u2019, Mario de Jes\u00fas \u2018N\u2019, Alejandro \u2018N\u2019, Iv\u00e1n \u2018N\u2019, Cristhian \u2018N\u2019 y Antonio \u2018N\u2019, todos reos del penal Este jueves siete reos murieron tras el mot\u00edn en el Centro de Reinserci\u00f3n Social de Tabasco (CREST), confirm\u00f3 la Fiscal\u00eda General del Estado. Por medio de un [&hellip;]\" \/>\n<meta property=\"og:url\" content=\"https:\/\/fuentesfidedignas.com.mx\/index.php\/2024\/12\/20\/aumentan-a-siete-los-muertos-por-motin-en-carcel-de-villahermosa-tabasco\/\" \/>\n<meta property=\"og:site_name\" content=\"Fuentes Fidedignas\" \/>\n<meta property=\"article:publisher\" content=\"https:\/\/www.facebook.com\/Fuentes-Fidedignas-368234489921644\" \/>\n<meta property=\"article:published_time\" content=\"2024-12-20T14:16:54+00:00\" \/>\n<meta property=\"article:modified_time\" content=\"2024-12-20T14:16:56+00:00\" \/>\n<meta property=\"og:image\" content=\"https:\/\/fuentesfidedignas.com.mx\/wp-content\/uploads\/2024\/12\/helicoptero-de-la-sedena-sobrevuela-creset-de-villahermosa.jpg\" \/>\n\t<meta property=\"og:image:width\" content=\"600\" \/>\n\t<meta property=\"og:image:height\" content=\"400\" \/>\n\t<meta property=\"og:image:type\" content=\"image\/jpeg\" \/>\n<meta name=\"author\" content=\"L\u00f3pez D\u00f3riga\" \/>\n<meta name=\"twitter:card\" content=\"summary_large_image\" \/>\n<meta name=\"twitter:creator\" content=\"@fidedignas\" \/>\n<meta name=\"twitter:site\" content=\"@fidedignas\" \/>\n<meta name=\"twitter:label1\" content=\"Escrito por\" \/>\n\t<meta name=\"twitter:data1\" content=\"L\u00f3pez D\u00f3riga\" \/>\n\t<meta name=\"twitter:label2\" content=\"Tiempo de lectura\" \/>\n\t<meta name=\"twitter:data2\" content=\"1 minuto\" \/>\n<script type=\"application\/ld+json\" class=\"yoast-schema-graph\">{\"@context\":\"https:\\\/\\\/schema.org\",\"@graph\":[{\"@type\":\"Article\",\"@id\":\"https:\\\/\\\/fuentesfidedignas.com.mx\\\/index.php\\\/2024\\\/12\\\/20\\\/aumentan-a-siete-los-muertos-por-motin-en-carcel-de-villahermosa-tabasco\\\/#article\",\"isPartOf\":{\"@id\":\"https:\\\/\\\/fuentesfidedignas.com.mx\\\/index.php\\\/2024\\\/12\\\/20\\\/aumentan-a-siete-los-muertos-por-motin-en-carcel-de-villahermosa-tabasco\\\/\"},\"author\":{\"name\":\"L\u00f3pez D\u00f3riga\",\"@id\":\"https:\\\/\\\/fuentesfidedignas.com.mx\\\/#\\\/schema\\\/person\\\/67d852f0557c8509146a4b9ddebd543a\"},\"headline\":\"Aumentan a siete los muertos por mot\u00edn en c\u00e1rcel de Villahermosa, Tabasco\",\"datePublished\":\"2024-12-20T14:16:54+00:00\",\"dateModified\":\"2024-12-20T14:16:56+00:00\",\"mainEntityOfPage\":{\"@id\":\"https:\\\/\\\/fuentesfidedignas.com.mx\\\/index.php\\\/2024\\\/12\\\/20\\\/aumentan-a-siete-los-muertos-por-motin-en-carcel-de-villahermosa-tabasco\\\/\"},\"wordCount\":152,\"commentCount\":0,\"publisher\":{\"@id\":\"https:\\\/\\\/fuentesfidedignas.com.mx\\\/#organization\"},\"image\":{\"@id\":\"https:\\\/\\\/fuentesfidedignas.com.mx\\\/index.php\\\/2024\\\/12\\\/20\\\/aumentan-a-siete-los-muertos-por-motin-en-carcel-de-villahermosa-tabasco\\\/#primaryimage\"},\"thumbnailUrl\":\"https:\\\/\\\/fuentesfidedignas.com.mx\\\/wp-content\\\/uploads\\\/2024\\\/12\\\/helicoptero-de-la-sedena-sobrevuela-creset-de-villahermosa.jpg\",\"articleSection\":[\"NOTICIAS NACIONALES\"],\"inLanguage\":\"es\",\"potentialAction\":[{\"@type\":\"CommentAction\",\"name\":\"Comment\",\"target\":[\"https:\\\/\\\/fuentesfidedignas.com.mx\\\/index.php\\\/2024\\\/12\\\/20\\\/aumentan-a-siete-los-muertos-por-motin-en-carcel-de-villahermosa-tabasco\\\/#respond\"]}]},{\"@type\":\"WebPage\",\"@id\":\"https:\\\/\\\/fuentesfidedignas.com.mx\\\/index.php\\\/2024\\\/12\\\/20\\\/aumentan-a-siete-los-muertos-por-motin-en-carcel-de-villahermosa-tabasco\\\/\",\"url\":\"https:\\\/\\\/fuentesfidedignas.com.mx\\\/index.php\\\/2024\\\/12\\\/20\\\/aumentan-a-siete-los-muertos-por-motin-en-carcel-de-villahermosa-tabasco\\\/\",\"name\":\"Aumentan a siete los muertos por mot\u00edn en c\u00e1rcel de Villahermosa, Tabasco - Fuentes Fidedignas\",\"isPartOf\":{\"@id\":\"https:\\\/\\\/fuentesfidedignas.com.mx\\\/#website\"},\"primaryImageOfPage\":{\"@id\":\"https:\\\/\\\/fuentesfidedignas.com.mx\\\/index.php\\\/2024\\\/12\\\/20\\\/aumentan-a-siete-los-muertos-por-motin-en-carcel-de-villahermosa-tabasco\\\/#primaryimage\"},\"image\":{\"@id\":\"https:\\\/\\\/fuentesfidedignas.com.mx\\\/index.php\\\/2024\\\/12\\\/20\\\/aumentan-a-siete-los-muertos-por-motin-en-carcel-de-villahermosa-tabasco\\\/#primaryimage\"},\"thumbnailUrl\":\"https:\\\/\\\/fuentesfidedignas.com.mx\\\/wp-content\\\/uploads\\\/2024\\\/12\\\/helicoptero-de-la-sedena-sobrevuela-creset-de-villahermosa.jpg\",\"datePublished\":\"2024-12-20T14:16:54+00:00\",\"dateModified\":\"2024-12-20T14:16:56+00:00\",\"breadcrumb\":{\"@id\":\"https:\\\/\\\/fuentesfidedignas.com.mx\\\/index.php\\\/2024\\\/12\\\/20\\\/aumentan-a-siete-los-muertos-por-motin-en-carcel-de-villahermosa-tabasco\\\/#breadcrumb\"},\"inLanguage\":\"es\",\"potentialAction\":[{\"@type\":\"ReadAction\",\"target\":[\"https:\\\/\\\/fuentesfidedignas.com.mx\\\/index.php\\\/2024\\\/12\\\/20\\\/aumentan-a-siete-los-muertos-por-motin-en-carcel-de-villahermosa-tabasco\\\/\"]}]},{\"@type\":\"ImageObject\",\"inLanguage\":\"es\",\"@id\":\"https:\\\/\\\/fuentesfidedignas.com.mx\\\/index.php\\\/2024\\\/12\\\/20\\\/aumentan-a-siete-los-muertos-por-motin-en-carcel-de-villahermosa-tabasco\\\/#primaryimage\",\"url\":\"https:\\\/\\\/fuentesfidedignas.com.mx\\\/wp-content\\\/uploads\\\/2024\\\/12\\\/helicoptero-de-la-sedena-sobrevuela-creset-de-villahermosa.jpg\",\"contentUrl\":\"https:\\\/\\\/fuentesfidedignas.com.mx\\\/wp-content\\\/uploads\\\/2024\\\/12\\\/helicoptero-de-la-sedena-sobrevuela-creset-de-villahermosa.jpg\",\"width\":600,\"height\":400},{\"@type\":\"BreadcrumbList\",\"@id\":\"https:\\\/\\\/fuentesfidedignas.com.mx\\\/index.php\\\/2024\\\/12\\\/20\\\/aumentan-a-siete-los-muertos-por-motin-en-carcel-de-villahermosa-tabasco\\\/#breadcrumb\",\"itemListElement\":[{\"@type\":\"ListItem\",\"position\":1,\"name\":\"Inicio\",\"item\":\"https:\\\/\\\/fuentesfidedignas.com.mx\\\/\"},{\"@type\":\"ListItem\",\"position\":2,\"name\":\"Aumentan a siete los muertos por mot\u00edn en c\u00e1rcel de Villahermosa, Tabasco\"}]},{\"@type\":\"WebSite\",\"@id\":\"https:\\\/\\\/fuentesfidedignas.com.mx\\\/#website\",\"url\":\"https:\\\/\\\/fuentesfidedignas.com.mx\\\/\",\"name\":\"Fuentes Fidedignas\",\"description\":\"Otro sitio realizado con WordPress\",\"publisher\":{\"@id\":\"https:\\\/\\\/fuentesfidedignas.com.mx\\\/#organization\"},\"potentialAction\":[{\"@type\":\"SearchAction\",\"target\":{\"@type\":\"EntryPoint\",\"urlTemplate\":\"https:\\\/\\\/fuentesfidedignas.com.mx\\\/?s={search_term_string}\"},\"query-input\":{\"@type\":\"PropertyValueSpecification\",\"valueRequired\":true,\"valueName\":\"search_term_string\"}}],\"inLanguage\":\"es\"},{\"@type\":\"Organization\",\"@id\":\"https:\\\/\\\/fuentesfidedignas.com.mx\\\/#organization\",\"name\":\"Fuentes Fidedignas\",\"url\":\"https:\\\/\\\/fuentesfidedignas.com.mx\\\/\",\"logo\":{\"@type\":\"ImageObject\",\"inLanguage\":\"es\",\"@id\":\"https:\\\/\\\/fuentesfidedignas.com.mx\\\/#\\\/schema\\\/logo\\\/image\\\/\",\"url\":\"https:\\\/\\\/fuentesfidedignas.com.mx\\\/wp-content\\\/uploads\\\/2021\\\/04\\\/logo-retina.png\",\"contentUrl\":\"https:\\\/\\\/fuentesfidedignas.com.mx\\\/wp-content\\\/uploads\\\/2021\\\/04\\\/logo-retina.png\",\"width\":280,\"height\":51,\"caption\":\"Fuentes Fidedignas\"},\"image\":{\"@id\":\"https:\\\/\\\/fuentesfidedignas.com.mx\\\/#\\\/schema\\\/logo\\\/image\\\/\"},\"sameAs\":[\"https:\\\/\\\/www.facebook.com\\\/Fuentes-Fidedignas-368234489921644\",\"https:\\\/\\\/x.com\\\/fidedignas\"]},{\"@type\":\"Person\",\"@id\":\"https:\\\/\\\/fuentesfidedignas.com.mx\\\/#\\\/schema\\\/person\\\/67d852f0557c8509146a4b9ddebd543a\",\"name\":\"L\u00f3pez D\u00f3riga\",\"image\":{\"@type\":\"ImageObject\",\"inLanguage\":\"es\",\"@id\":\"https:\\\/\\\/secure.gravatar.com\\\/avatar\\\/e525b06574ca18b33cded59dfe5778d6c823b9513154eff47da551b0551bdd1e?s=96&d=mm&r=g\",\"url\":\"https:\\\/\\\/secure.gravatar.com\\\/avatar\\\/e525b06574ca18b33cded59dfe5778d6c823b9513154eff47da551b0551bdd1e?s=96&d=mm&r=g\",\"contentUrl\":\"https:\\\/\\\/secure.gravatar.com\\\/avatar\\\/e525b06574ca18b33cded59dfe5778d6c823b9513154eff47da551b0551bdd1e?s=96&d=mm&r=g\",\"caption\":\"L\u00f3pez D\u00f3riga\"},\"url\":\"https:\\\/\\\/fuentesfidedignas.com.mx\\\/index.php\\\/author\\\/doriga\\\/\"}]}<\/script>\n<!-- \/ Yoast SEO plugin. -->","yoast_head_json":{"title":"Aumentan a siete los muertos por mot\u00edn en c\u00e1rcel de Villahermosa, Tabasco - Fuentes Fidedignas","robots":{"index":"index","follow":"follow","max-snippet":"max-snippet:-1","max-image-preview":"max-image-preview:large","max-video-preview":"max-video-preview:-1"},"canonical":"https:\/\/fuentesfidedignas.com.mx\/index.php\/2024\/12\/20\/aumentan-a-siete-los-muertos-por-motin-en-carcel-de-villahermosa-tabasco\/","og_locale":"es_MX","og_type":"article","og_title":"Aumentan a siete los muertos por mot\u00edn en c\u00e1rcel de Villahermosa, Tabasco - Fuentes Fidedignas","og_description":"Las autoridades confirmaron la muerte de Jorge Francisco \u2018N\u2019, Marcelo \u2018N\u2019, Mario de Jes\u00fas \u2018N\u2019, Alejandro \u2018N\u2019, Iv\u00e1n \u2018N\u2019, Cristhian \u2018N\u2019 y Antonio \u2018N\u2019, todos reos del penal Este jueves siete reos murieron tras el mot\u00edn en el Centro de Reinserci\u00f3n Social de Tabasco (CREST), confirm\u00f3 la Fiscal\u00eda General del Estado. Por medio de un [&hellip;]","og_url":"https:\/\/fuentesfidedignas.com.mx\/index.php\/2024\/12\/20\/aumentan-a-siete-los-muertos-por-motin-en-carcel-de-villahermosa-tabasco\/","og_site_name":"Fuentes Fidedignas","article_publisher":"https:\/\/www.facebook.com\/Fuentes-Fidedignas-368234489921644","article_published_time":"2024-12-20T14:16:54+00:00","article_modified_time":"2024-12-20T14:16:56+00:00","og_image":[{"width":600,"height":400,"url":"https:\/\/fuentesfidedignas.com.mx\/wp-content\/uploads\/2024\/12\/helicoptero-de-la-sedena-sobrevuela-creset-de-villahermosa.jpg","type":"image\/jpeg"}],"author":"L\u00f3pez D\u00f3riga","twitter_card":"summary_large_image","twitter_creator":"@fidedignas","twitter_site":"@fidedignas","twitter_misc":{"Escrito por":"L\u00f3pez D\u00f3riga","Tiempo de lectura":"1 minuto"},"schema":{"@context":"https:\/\/schema.org","@graph":[{"@type":"Article","@id":"https:\/\/fuentesfidedignas.com.mx\/index.php\/2024\/12\/20\/aumentan-a-siete-los-muertos-por-motin-en-carcel-de-villahermosa-tabasco\/#article","isPartOf":{"@id":"https:\/\/fuentesfidedignas.com.mx\/index.php\/2024\/12\/20\/aumentan-a-siete-los-muertos-por-motin-en-carcel-de-villahermosa-tabasco\/"},"author":{"name":"L\u00f3pez D\u00f3riga","@id":"https:\/\/fuentesfidedignas.com.mx\/#\/schema\/person\/67d852f0557c8509146a4b9ddebd543a"},"headline":"Aumentan a siete los muertos por mot\u00edn en c\u00e1rcel de Villahermosa, Tabasco","datePublished":"2024-12-20T14:16:54+00:00","dateModified":"2024-12-20T14:16:56+00:00","mainEntityOfPage":{"@id":"https:\/\/fuentesfidedignas.com.mx\/index.php\/2024\/12\/20\/aumentan-a-siete-los-muertos-por-motin-en-carcel-de-villahermosa-tabasco\/"},"wordCount":152,"commentCount":0,"publisher":{"@id":"https:\/\/fuentesfidedignas.com.mx\/#organization"},"image":{"@id":"https:\/\/fuentesfidedignas.com.mx\/index.php\/2024\/12\/20\/aumentan-a-siete-los-muertos-por-motin-en-carcel-de-villahermosa-tabasco\/#primaryimage"},"thumbnailUrl":"https:\/\/fuentesfidedignas.com.mx\/wp-content\/uploads\/2024\/12\/helicoptero-de-la-sedena-sobrevuela-creset-de-villahermosa.jpg","articleSection":["NOTICIAS NACIONALES"],"inLanguage":"es","potentialAction":[{"@type":"CommentAction","name":"Comment","target":["https:\/\/fuentesfidedignas.com.mx\/index.php\/2024\/12\/20\/aumentan-a-siete-los-muertos-por-motin-en-carcel-de-villahermosa-tabasco\/#respond"]}]},{"@type":"WebPage","@id":"https:\/\/fuentesfidedignas.com.mx\/index.php\/2024\/12\/20\/aumentan-a-siete-los-muertos-por-motin-en-carcel-de-villahermosa-tabasco\/","url":"https:\/\/fuentesfidedignas.com.mx\/index.php\/2024\/12\/20\/aumentan-a-siete-los-muertos-por-motin-en-carcel-de-villahermosa-tabasco\/","name":"Aumentan a siete los muertos por mot\u00edn en c\u00e1rcel de Villahermosa, Tabasco - Fuentes Fidedignas","isPartOf":{"@id":"https:\/\/fuentesfidedignas.com.mx\/#website"},"primaryImageOfPage":{"@id":"https:\/\/fuentesfidedignas.com.mx\/index.php\/2024\/12\/20\/aumentan-a-siete-los-muertos-por-motin-en-carcel-de-villahermosa-tabasco\/#primaryimage"},"image":{"@id":"https:\/\/fuentesfidedignas.com.mx\/index.php\/2024\/12\/20\/aumentan-a-siete-los-muertos-por-motin-en-carcel-de-villahermosa-tabasco\/#primaryimage"},"thumbnailUrl":"https:\/\/fuentesfidedignas.com.mx\/wp-content\/uploads\/2024\/12\/helicoptero-de-la-sedena-sobrevuela-creset-de-villahermosa.jpg","datePublished":"2024-12-20T14:16:54+00:00","dateModified":"2024-12-20T14:16:56+00:00","breadcrumb":{"@id":"https:\/\/fuentesfidedignas.com.mx\/index.php\/2024\/12\/20\/aumentan-a-siete-los-muertos-por-motin-en-carcel-de-villahermosa-tabasco\/#breadcrumb"},"inLanguage":"es","potentialAction":[{"@type":"ReadAction","target":["https:\/\/fuentesfidedignas.com.mx\/index.php\/2024\/12\/20\/aumentan-a-siete-los-muertos-por-motin-en-carcel-de-villahermosa-tabasco\/"]}]},{"@type":"ImageObject","inLanguage":"es","@id":"https:\/\/fuentesfidedignas.com.mx\/index.php\/2024\/12\/20\/aumentan-a-siete-los-muertos-por-motin-en-carcel-de-villahermosa-tabasco\/#primaryimage","url":"https:\/\/fuentesfidedignas.com.mx\/wp-content\/uploads\/2024\/12\/helicoptero-de-la-sedena-sobrevuela-creset-de-villahermosa.jpg","contentUrl":"https:\/\/fuentesfidedignas.com.mx\/wp-content\/uploads\/2024\/12\/helicoptero-de-la-sedena-sobrevuela-creset-de-villahermosa.jpg","width":600,"height":400},{"@type":"BreadcrumbList","@id":"https:\/\/fuentesfidedignas.com.mx\/index.php\/2024\/12\/20\/aumentan-a-siete-los-muertos-por-motin-en-carcel-de-villahermosa-tabasco\/#breadcrumb","itemListElement":[{"@type":"ListItem","position":1,"name":"Inicio","item":"https:\/\/fuentesfidedignas.com.mx\/"},{"@type":"ListItem","position":2,"name":"Aumentan a siete los muertos por mot\u00edn en c\u00e1rcel de Villahermosa, Tabasco"}]},{"@type":"WebSite","@id":"https:\/\/fuentesfidedignas.com.mx\/#website","url":"https:\/\/fuentesfidedignas.com.mx\/","name":"Fuentes Fidedignas","description":"Otro sitio realizado con WordPress","publisher":{"@id":"https:\/\/fuentesfidedignas.com.mx\/#organization"},"potentialAction":[{"@type":"SearchAction","target":{"@type":"EntryPoint","urlTemplate":"https:\/\/fuentesfidedignas.com.mx\/?s={search_term_string}"},"query-input":{"@type":"PropertyValueSpecification","valueRequired":true,"valueName":"search_term_string"}}],"inLanguage":"es"},{"@type":"Organization","@id":"https:\/\/fuentesfidedignas.com.mx\/#organization","name":"Fuentes Fidedignas","url":"https:\/\/fuentesfidedignas.com.mx\/","logo":{"@type":"ImageObject","inLanguage":"es","@id":"https:\/\/fuentesfidedignas.com.mx\/#\/schema\/logo\/image\/","url":"https:\/\/fuentesfidedignas.com.mx\/wp-content\/uploads\/2021\/04\/logo-retina.png","contentUrl":"https:\/\/fuentesfidedignas.com.mx\/wp-content\/uploads\/2021\/04\/logo-retina.png","width":280,"height":51,"caption":"Fuentes Fidedignas"},"image":{"@id":"https:\/\/fuentesfidedignas.com.mx\/#\/schema\/logo\/image\/"},"sameAs":["https:\/\/www.facebook.com\/Fuentes-Fidedignas-368234489921644","https:\/\/x.com\/fidedignas"]},{"@type":"Person","@id":"https:\/\/fuentesfidedignas.com.mx\/#\/schema\/person\/67d852f0557c8509146a4b9ddebd543a","name":"L\u00f3pez D\u00f3riga","image":{"@type":"ImageObject","inLanguage":"es","@id":"https:\/\/secure.gravatar.com\/avatar\/e525b06574ca18b33cded59dfe5778d6c823b9513154eff47da551b0551bdd1e?s=96&d=mm&r=g","url":"https:\/\/secure.gravatar.com\/avatar\/e525b06574ca18b33cded59dfe5778d6c823b9513154eff47da551b0551bdd1e?s=96&d=mm&r=g","contentUrl":"https:\/\/secure.gravatar.com\/avatar\/e525b06574ca18b33cded59dfe5778d6c823b9513154eff47da551b0551bdd1e?s=96&d=mm&r=g","caption":"L\u00f3pez D\u00f3riga"},"url":"https:\/\/fuentesfidedignas.com.mx\/index.php\/author\/doriga\/"}]}},"_links":{"self":[{"href":"https:\/\/fuentesfidedignas.com.mx\/index.php\/wp-json\/wp\/v2\/posts\/97998","targetHints":{"allow":["GET"]}}],"collection":[{"href":"https:\/\/fuentesfidedignas.com.mx\/index.php\/wp-json\/wp\/v2\/posts"}],"about":[{"href":"https:\/\/fuentesfidedignas.com.mx\/index.php\/wp-json\/wp\/v2\/types\/post"}],"author":[{"embeddable":true,"href":"https:\/\/fuentesfidedignas.com.mx\/index.php\/wp-json\/wp\/v2\/users\/47"}],"replies":[{"embeddable":true,"href":"https:\/\/fuentesfidedignas.com.mx\/index.php\/wp-json\/wp\/v2\/comments?post=97998"}],"version-history":[{"count":1,"href":"https:\/\/fuentesfidedignas.com.mx\/index.php\/wp-json\/wp\/v2\/posts\/97998\/revisions"}],"predecessor-version":[{"id":98000,"href":"https:\/\/fuentesfidedignas.com.mx\/index.php\/wp-json\/wp\/v2\/posts\/97998\/revisions\/98000"}],"wp:featuredmedia":[{"embeddable":true,"href":"https:\/\/fuentesfidedignas.com.mx\/index.php\/wp-json\/wp\/v2\/media\/97999"}],"wp:attachment":[{"href":"https:\/\/fuentesfidedignas.com.mx\/index.php\/wp-json\/wp\/v2\/media?parent=97998"}],"wp:term":[{"taxonomy":"category","embeddable":true,"href":"https:\/\/fuentesfidedignas.com.mx\/index.php\/wp-json\/wp\/v2\/categories?post=97998"},{"taxonomy":"post_tag","embeddable":true,"href":"https:\/\/fuentesfidedignas.com.mx\/index.php\/wp-json\/wp\/v2\/tags?post=97998"}],"curies":[{"name":"wp","href":"https:\/\/api.w.org\/{rel}","templated":true}]}}