{"id":97966,"date":"2024-12-19T17:12:04","date_gmt":"2024-12-20T00:12:04","guid":{"rendered":"https:\/\/fuentesfidedignas.com.mx\/?p=97966"},"modified":"2024-12-19T17:12:51","modified_gmt":"2024-12-20T00:12:51","slug":"bryan-lebaron-presenta-denuncia-en-fgr-por-violencia-en-sinaloa-pide-apoyo-a-sheinbaum-y-politicos","status":"publish","type":"post","link":"https:\/\/fuentesfidedignas.com.mx\/index.php\/2024\/12\/19\/bryan-lebaron-presenta-denuncia-en-fgr-por-violencia-en-sinaloa-pide-apoyo-a-sheinbaum-y-politicos\/","title":{"rendered":"Bryan LeBar\u00f3n presenta denuncia en FGR por violencia en Sinaloa; pide apoyo a CSP y pol\u00edticos"},"content":{"rendered":"\n<p><strong><em>Bryan LeBar\u00f3n hizo un llamado a los partidos pol\u00edticos y a la presidenta Claudia Sheinbaum, para dejar de lado la pol\u00edtica y llamarlos terroristas.<\/em><\/strong><\/p>\n\n\n\n<p>El activista Bryan LeBar\u00f3n present\u00f3 en la Fiscal\u00eda General de la Rep\u00fablica (FGR) una denuncia por el delito de terrorismo, tras 100 d\u00edas de violencia en Sinaloa, en donde se vive una guerra entre las facciones de Los Chapitos y Los Mayos, ambos del c\u00e1rtel de Sinaloa, por el control territorial.<\/p>\n\n\n\n<p>\u201cLa escalada de violencia que sacude al estado de Sinaloa es brutal y es una muestra de lo que ocurre cuando el crimen organizado se apodera de una regi\u00f3n\u201d, detalla el documento entregado.<\/p>\n\n\n\n<p>Ante la Unidad Especializada en Terrorismo Acopio y Tr\u00e1fico de Armas, adscrita a la Fiscal\u00eda Especializada en Materia de Delincuencia Organizada (FEMDO),&nbsp;Bryan LeBar\u00f3n&nbsp; se\u00f1al\u00f3 que esta ola de violencia ininterrumpida ha estado acompa\u00f1ada de actos terroristas que han dejado como consecuencia al menos 535 homicidios, 575 desaparecidos y m\u00e1s de mil robos de veh\u00edculos registrados en lo que va del a\u00f1o.<\/p>\n\n\n\n<p>Adem\u00e1s, de un clima de terror en la ciudadan\u00eda que se ha visto obligada a adoptar un toque de queda por temor a verse atrapada en medio de las balaceras, producto de los enfrentamientos entre grupos criminales.<\/p>\n\n\n\n<p>\u201cEsta ola de violencia no solo ha dejado familias incompletas, tambi\u00e9n ha provocado que muchos negocios no abran, que la gente no salga a la calle y que todo el mundo viva con miedo.\u00a0<\/p>\n\n\n\n<p>&#8220;La guerra no es solo entre agrupaciones criminales, es una lucha por ver quien causa m\u00e1s dolor, por evitar que las autoridades restablezcan la paz y obligar al estado a dejar el control en manos del crimen organizado\u00a8, manifest\u00f3.<\/p>\n\n\n\n<p>Asimismo, hizo referencia a las declaraciones del titular de la Secretar\u00eda de Seguridad y Protecci\u00f3n Ciudadana (SSPC), Omar Garc\u00eda Harfuch, quien inform\u00f3 que uno de sus agentes perdi\u00f3 la vida Sinaloa, el cual estaba adscrito al \u00e1rea de investigaci\u00f3n y participaba en un operativo en el que los polic\u00edas se enfrentaron contra delincuentes en la colonia Villas del R\u00edo, cuando un grupo armado embosc\u00f3 la camioneta en la que se trasladaba el funcionario.<\/p>\n\n\n\n<p>En su denuncia subraya que, es momento de tomar y calificar estos actos como terrorismo.<\/p>\n\n\n\n<p><strong>Pide que intervengan partidos pol\u00edticos y Sheinbaum<\/strong><br>Finaliz\u00f3 haciendo un llamado a los partidos pol\u00edticos y a la presidenta Claudia Sheinbaum, para dejar de lado la pol\u00edtica y llamarlos terroristas.<\/p>\n\n\n\n<p>\u201cFiscal General de la Rep\u00fablica, partidos pol\u00edticos y presidenta constitucional hago esta denuncia para que los investiguen no solo por la sangre que han derramado, sino para que abracen el dolor de las v\u00edctimas y no dejen que siga siendo el miedo quien gobierne en este pa\u00eds\u201d, puntualiz\u00f3.<\/p>\n","protected":false},"excerpt":{"rendered":"<p>Bryan LeBar\u00f3n hizo un llamado a los partidos pol\u00edticos y a la presidenta Claudia Sheinbaum, para dejar de lado la pol\u00edtica y llamarlos terroristas. El activista Bryan LeBar\u00f3n present\u00f3 en la Fiscal\u00eda General de la Rep\u00fablica (FGR) una denuncia por el delito de terrorismo, tras 100 d\u00edas de violencia en Sinaloa, en donde se vive [&hellip;]<\/p>\n","protected":false},"author":9,"featured_media":97967,"comment_status":"open","ping_status":"open","sticky":false,"template":"","format":"standard","meta":{"tdm_status":"","tdm_grid_status":"","footnotes":""},"categories":[39],"tags":[],"class_list":{"0":"post-97966","1":"post","2":"type-post","3":"status-publish","4":"format-standard","5":"has-post-thumbnail","7":"category-noticias-nacionales"},"yoast_head":"<!-- This site is optimized with the Yoast SEO plugin v27.5 - https:\/\/yoast.com\/product\/yoast-seo-wordpress\/ -->\n<title>Bryan LeBar\u00f3n presenta denuncia en FGR por violencia en Sinaloa; pide apoyo a CSP y pol\u00edticos - Fuentes Fidedignas<\/title>\n<meta name=\"robots\" content=\"index, follow, max-snippet:-1, max-image-preview:large, max-video-preview:-1\" \/>\n<link rel=\"canonical\" href=\"https:\/\/fuentesfidedignas.com.mx\/index.php\/2024\/12\/19\/bryan-lebaron-presenta-denuncia-en-fgr-por-violencia-en-sinaloa-pide-apoyo-a-sheinbaum-y-politicos\/\" \/>\n<meta property=\"og:locale\" content=\"es_MX\" \/>\n<meta property=\"og:type\" content=\"article\" \/>\n<meta property=\"og:title\" content=\"Bryan LeBar\u00f3n presenta denuncia en FGR por violencia en Sinaloa; pide apoyo a CSP y pol\u00edticos - Fuentes Fidedignas\" \/>\n<meta property=\"og:description\" content=\"Bryan LeBar\u00f3n hizo un llamado a los partidos pol\u00edticos y a la presidenta Claudia Sheinbaum, para dejar de lado la pol\u00edtica y llamarlos terroristas. El activista Bryan LeBar\u00f3n present\u00f3 en la Fiscal\u00eda General de la Rep\u00fablica (FGR) una denuncia por el delito de terrorismo, tras 100 d\u00edas de violencia en Sinaloa, en donde se vive [&hellip;]\" \/>\n<meta property=\"og:url\" content=\"https:\/\/fuentesfidedignas.com.mx\/index.php\/2024\/12\/19\/bryan-lebaron-presenta-denuncia-en-fgr-por-violencia-en-sinaloa-pide-apoyo-a-sheinbaum-y-politicos\/\" \/>\n<meta property=\"og:site_name\" content=\"Fuentes Fidedignas\" \/>\n<meta property=\"article:publisher\" content=\"https:\/\/www.facebook.com\/Fuentes-Fidedignas-368234489921644\" \/>\n<meta property=\"article:published_time\" content=\"2024-12-20T00:12:04+00:00\" \/>\n<meta property=\"article:modified_time\" content=\"2024-12-20T00:12:51+00:00\" \/>\n<meta property=\"og:image\" content=\"https:\/\/fuentesfidedignas.com.mx\/wp-content\/uploads\/2024\/12\/activista-Bryan-Lebaron.jpg\" \/>\n\t<meta property=\"og:image:width\" content=\"600\" \/>\n\t<meta property=\"og:image:height\" content=\"348\" \/>\n\t<meta property=\"og:image:type\" content=\"image\/jpeg\" \/>\n<meta name=\"author\" content=\"Milenio\" \/>\n<meta name=\"twitter:card\" content=\"summary_large_image\" \/>\n<meta name=\"twitter:creator\" content=\"@fidedignas\" \/>\n<meta name=\"twitter:site\" content=\"@fidedignas\" \/>\n<meta name=\"twitter:label1\" content=\"Escrito por\" \/>\n\t<meta name=\"twitter:data1\" content=\"Milenio\" \/>\n\t<meta name=\"twitter:label2\" content=\"Tiempo de lectura\" \/>\n\t<meta name=\"twitter:data2\" content=\"3 minutos\" \/>\n<script type=\"application\/ld+json\" class=\"yoast-schema-graph\">{\"@context\":\"https:\\\/\\\/schema.org\",\"@graph\":[{\"@type\":\"Article\",\"@id\":\"https:\\\/\\\/fuentesfidedignas.com.mx\\\/index.php\\\/2024\\\/12\\\/19\\\/bryan-lebaron-presenta-denuncia-en-fgr-por-violencia-en-sinaloa-pide-apoyo-a-sheinbaum-y-politicos\\\/#article\",\"isPartOf\":{\"@id\":\"https:\\\/\\\/fuentesfidedignas.com.mx\\\/index.php\\\/2024\\\/12\\\/19\\\/bryan-lebaron-presenta-denuncia-en-fgr-por-violencia-en-sinaloa-pide-apoyo-a-sheinbaum-y-politicos\\\/\"},\"author\":{\"name\":\"Milenio\",\"@id\":\"https:\\\/\\\/fuentesfidedignas.com.mx\\\/#\\\/schema\\\/person\\\/47ec0135738f4b0c7495f06a77a2c976\"},\"headline\":\"Bryan LeBar\u00f3n presenta denuncia en FGR por violencia en Sinaloa; pide apoyo a CSP y pol\u00edticos\",\"datePublished\":\"2024-12-20T00:12:04+00:00\",\"dateModified\":\"2024-12-20T00:12:51+00:00\",\"mainEntityOfPage\":{\"@id\":\"https:\\\/\\\/fuentesfidedignas.com.mx\\\/index.php\\\/2024\\\/12\\\/19\\\/bryan-lebaron-presenta-denuncia-en-fgr-por-violencia-en-sinaloa-pide-apoyo-a-sheinbaum-y-politicos\\\/\"},\"wordCount\":497,\"commentCount\":0,\"publisher\":{\"@id\":\"https:\\\/\\\/fuentesfidedignas.com.mx\\\/#organization\"},\"image\":{\"@id\":\"https:\\\/\\\/fuentesfidedignas.com.mx\\\/index.php\\\/2024\\\/12\\\/19\\\/bryan-lebaron-presenta-denuncia-en-fgr-por-violencia-en-sinaloa-pide-apoyo-a-sheinbaum-y-politicos\\\/#primaryimage\"},\"thumbnailUrl\":\"https:\\\/\\\/fuentesfidedignas.com.mx\\\/wp-content\\\/uploads\\\/2024\\\/12\\\/activista-Bryan-Lebaron.jpg\",\"articleSection\":[\"NOTICIAS NACIONALES\"],\"inLanguage\":\"es\",\"potentialAction\":[{\"@type\":\"CommentAction\",\"name\":\"Comment\",\"target\":[\"https:\\\/\\\/fuentesfidedignas.com.mx\\\/index.php\\\/2024\\\/12\\\/19\\\/bryan-lebaron-presenta-denuncia-en-fgr-por-violencia-en-sinaloa-pide-apoyo-a-sheinbaum-y-politicos\\\/#respond\"]}]},{\"@type\":\"WebPage\",\"@id\":\"https:\\\/\\\/fuentesfidedignas.com.mx\\\/index.php\\\/2024\\\/12\\\/19\\\/bryan-lebaron-presenta-denuncia-en-fgr-por-violencia-en-sinaloa-pide-apoyo-a-sheinbaum-y-politicos\\\/\",\"url\":\"https:\\\/\\\/fuentesfidedignas.com.mx\\\/index.php\\\/2024\\\/12\\\/19\\\/bryan-lebaron-presenta-denuncia-en-fgr-por-violencia-en-sinaloa-pide-apoyo-a-sheinbaum-y-politicos\\\/\",\"name\":\"Bryan LeBar\u00f3n presenta denuncia en FGR por violencia en Sinaloa; pide apoyo a CSP y pol\u00edticos - Fuentes Fidedignas\",\"isPartOf\":{\"@id\":\"https:\\\/\\\/fuentesfidedignas.com.mx\\\/#website\"},\"primaryImageOfPage\":{\"@id\":\"https:\\\/\\\/fuentesfidedignas.com.mx\\\/index.php\\\/2024\\\/12\\\/19\\\/bryan-lebaron-presenta-denuncia-en-fgr-por-violencia-en-sinaloa-pide-apoyo-a-sheinbaum-y-politicos\\\/#primaryimage\"},\"image\":{\"@id\":\"https:\\\/\\\/fuentesfidedignas.com.mx\\\/index.php\\\/2024\\\/12\\\/19\\\/bryan-lebaron-presenta-denuncia-en-fgr-por-violencia-en-sinaloa-pide-apoyo-a-sheinbaum-y-politicos\\\/#primaryimage\"},\"thumbnailUrl\":\"https:\\\/\\\/fuentesfidedignas.com.mx\\\/wp-content\\\/uploads\\\/2024\\\/12\\\/activista-Bryan-Lebaron.jpg\",\"datePublished\":\"2024-12-20T00:12:04+00:00\",\"dateModified\":\"2024-12-20T00:12:51+00:00\",\"breadcrumb\":{\"@id\":\"https:\\\/\\\/fuentesfidedignas.com.mx\\\/index.php\\\/2024\\\/12\\\/19\\\/bryan-lebaron-presenta-denuncia-en-fgr-por-violencia-en-sinaloa-pide-apoyo-a-sheinbaum-y-politicos\\\/#breadcrumb\"},\"inLanguage\":\"es\",\"potentialAction\":[{\"@type\":\"ReadAction\",\"target\":[\"https:\\\/\\\/fuentesfidedignas.com.mx\\\/index.php\\\/2024\\\/12\\\/19\\\/bryan-lebaron-presenta-denuncia-en-fgr-por-violencia-en-sinaloa-pide-apoyo-a-sheinbaum-y-politicos\\\/\"]}]},{\"@type\":\"ImageObject\",\"inLanguage\":\"es\",\"@id\":\"https:\\\/\\\/fuentesfidedignas.com.mx\\\/index.php\\\/2024\\\/12\\\/19\\\/bryan-lebaron-presenta-denuncia-en-fgr-por-violencia-en-sinaloa-pide-apoyo-a-sheinbaum-y-politicos\\\/#primaryimage\",\"url\":\"https:\\\/\\\/fuentesfidedignas.com.mx\\\/wp-content\\\/uploads\\\/2024\\\/12\\\/activista-Bryan-Lebaron.jpg\",\"contentUrl\":\"https:\\\/\\\/fuentesfidedignas.com.mx\\\/wp-content\\\/uploads\\\/2024\\\/12\\\/activista-Bryan-Lebaron.jpg\",\"width\":600,\"height\":348},{\"@type\":\"BreadcrumbList\",\"@id\":\"https:\\\/\\\/fuentesfidedignas.com.mx\\\/index.php\\\/2024\\\/12\\\/19\\\/bryan-lebaron-presenta-denuncia-en-fgr-por-violencia-en-sinaloa-pide-apoyo-a-sheinbaum-y-politicos\\\/#breadcrumb\",\"itemListElement\":[{\"@type\":\"ListItem\",\"position\":1,\"name\":\"Inicio\",\"item\":\"https:\\\/\\\/fuentesfidedignas.com.mx\\\/\"},{\"@type\":\"ListItem\",\"position\":2,\"name\":\"Bryan LeBar\u00f3n presenta denuncia en FGR por violencia en Sinaloa; pide apoyo a CSP y pol\u00edticos\"}]},{\"@type\":\"WebSite\",\"@id\":\"https:\\\/\\\/fuentesfidedignas.com.mx\\\/#website\",\"url\":\"https:\\\/\\\/fuentesfidedignas.com.mx\\\/\",\"name\":\"Fuentes Fidedignas\",\"description\":\"Otro sitio realizado con WordPress\",\"publisher\":{\"@id\":\"https:\\\/\\\/fuentesfidedignas.com.mx\\\/#organization\"},\"potentialAction\":[{\"@type\":\"SearchAction\",\"target\":{\"@type\":\"EntryPoint\",\"urlTemplate\":\"https:\\\/\\\/fuentesfidedignas.com.mx\\\/?s={search_term_string}\"},\"query-input\":{\"@type\":\"PropertyValueSpecification\",\"valueRequired\":true,\"valueName\":\"search_term_string\"}}],\"inLanguage\":\"es\"},{\"@type\":\"Organization\",\"@id\":\"https:\\\/\\\/fuentesfidedignas.com.mx\\\/#organization\",\"name\":\"Fuentes Fidedignas\",\"url\":\"https:\\\/\\\/fuentesfidedignas.com.mx\\\/\",\"logo\":{\"@type\":\"ImageObject\",\"inLanguage\":\"es\",\"@id\":\"https:\\\/\\\/fuentesfidedignas.com.mx\\\/#\\\/schema\\\/logo\\\/image\\\/\",\"url\":\"https:\\\/\\\/fuentesfidedignas.com.mx\\\/wp-content\\\/uploads\\\/2021\\\/04\\\/logo-retina.png\",\"contentUrl\":\"https:\\\/\\\/fuentesfidedignas.com.mx\\\/wp-content\\\/uploads\\\/2021\\\/04\\\/logo-retina.png\",\"width\":280,\"height\":51,\"caption\":\"Fuentes Fidedignas\"},\"image\":{\"@id\":\"https:\\\/\\\/fuentesfidedignas.com.mx\\\/#\\\/schema\\\/logo\\\/image\\\/\"},\"sameAs\":[\"https:\\\/\\\/www.facebook.com\\\/Fuentes-Fidedignas-368234489921644\",\"https:\\\/\\\/x.com\\\/fidedignas\"]},{\"@type\":\"Person\",\"@id\":\"https:\\\/\\\/fuentesfidedignas.com.mx\\\/#\\\/schema\\\/person\\\/47ec0135738f4b0c7495f06a77a2c976\",\"name\":\"Milenio\",\"image\":{\"@type\":\"ImageObject\",\"inLanguage\":\"es\",\"@id\":\"https:\\\/\\\/secure.gravatar.com\\\/avatar\\\/acabf7b54753e51c2c76457954577c236b3b764789b19879565769739d1e4a75?s=96&d=mm&r=g\",\"url\":\"https:\\\/\\\/secure.gravatar.com\\\/avatar\\\/acabf7b54753e51c2c76457954577c236b3b764789b19879565769739d1e4a75?s=96&d=mm&r=g\",\"contentUrl\":\"https:\\\/\\\/secure.gravatar.com\\\/avatar\\\/acabf7b54753e51c2c76457954577c236b3b764789b19879565769739d1e4a75?s=96&d=mm&r=g\",\"caption\":\"Milenio\"},\"url\":\"https:\\\/\\\/fuentesfidedignas.com.mx\\\/index.php\\\/author\\\/milenio\\\/\"}]}<\/script>\n<!-- \/ Yoast SEO plugin. -->","yoast_head_json":{"title":"Bryan LeBar\u00f3n presenta denuncia en FGR por violencia en Sinaloa; pide apoyo a CSP y pol\u00edticos - Fuentes Fidedignas","robots":{"index":"index","follow":"follow","max-snippet":"max-snippet:-1","max-image-preview":"max-image-preview:large","max-video-preview":"max-video-preview:-1"},"canonical":"https:\/\/fuentesfidedignas.com.mx\/index.php\/2024\/12\/19\/bryan-lebaron-presenta-denuncia-en-fgr-por-violencia-en-sinaloa-pide-apoyo-a-sheinbaum-y-politicos\/","og_locale":"es_MX","og_type":"article","og_title":"Bryan LeBar\u00f3n presenta denuncia en FGR por violencia en Sinaloa; pide apoyo a CSP y pol\u00edticos - Fuentes Fidedignas","og_description":"Bryan LeBar\u00f3n hizo un llamado a los partidos pol\u00edticos y a la presidenta Claudia Sheinbaum, para dejar de lado la pol\u00edtica y llamarlos terroristas. El activista Bryan LeBar\u00f3n present\u00f3 en la Fiscal\u00eda General de la Rep\u00fablica (FGR) una denuncia por el delito de terrorismo, tras 100 d\u00edas de violencia en Sinaloa, en donde se vive [&hellip;]","og_url":"https:\/\/fuentesfidedignas.com.mx\/index.php\/2024\/12\/19\/bryan-lebaron-presenta-denuncia-en-fgr-por-violencia-en-sinaloa-pide-apoyo-a-sheinbaum-y-politicos\/","og_site_name":"Fuentes Fidedignas","article_publisher":"https:\/\/www.facebook.com\/Fuentes-Fidedignas-368234489921644","article_published_time":"2024-12-20T00:12:04+00:00","article_modified_time":"2024-12-20T00:12:51+00:00","og_image":[{"width":600,"height":348,"url":"https:\/\/fuentesfidedignas.com.mx\/wp-content\/uploads\/2024\/12\/activista-Bryan-Lebaron.jpg","type":"image\/jpeg"}],"author":"Milenio","twitter_card":"summary_large_image","twitter_creator":"@fidedignas","twitter_site":"@fidedignas","twitter_misc":{"Escrito por":"Milenio","Tiempo de lectura":"3 minutos"},"schema":{"@context":"https:\/\/schema.org","@graph":[{"@type":"Article","@id":"https:\/\/fuentesfidedignas.com.mx\/index.php\/2024\/12\/19\/bryan-lebaron-presenta-denuncia-en-fgr-por-violencia-en-sinaloa-pide-apoyo-a-sheinbaum-y-politicos\/#article","isPartOf":{"@id":"https:\/\/fuentesfidedignas.com.mx\/index.php\/2024\/12\/19\/bryan-lebaron-presenta-denuncia-en-fgr-por-violencia-en-sinaloa-pide-apoyo-a-sheinbaum-y-politicos\/"},"author":{"name":"Milenio","@id":"https:\/\/fuentesfidedignas.com.mx\/#\/schema\/person\/47ec0135738f4b0c7495f06a77a2c976"},"headline":"Bryan LeBar\u00f3n presenta denuncia en FGR por violencia en Sinaloa; pide apoyo a CSP y pol\u00edticos","datePublished":"2024-12-20T00:12:04+00:00","dateModified":"2024-12-20T00:12:51+00:00","mainEntityOfPage":{"@id":"https:\/\/fuentesfidedignas.com.mx\/index.php\/2024\/12\/19\/bryan-lebaron-presenta-denuncia-en-fgr-por-violencia-en-sinaloa-pide-apoyo-a-sheinbaum-y-politicos\/"},"wordCount":497,"commentCount":0,"publisher":{"@id":"https:\/\/fuentesfidedignas.com.mx\/#organization"},"image":{"@id":"https:\/\/fuentesfidedignas.com.mx\/index.php\/2024\/12\/19\/bryan-lebaron-presenta-denuncia-en-fgr-por-violencia-en-sinaloa-pide-apoyo-a-sheinbaum-y-politicos\/#primaryimage"},"thumbnailUrl":"https:\/\/fuentesfidedignas.com.mx\/wp-content\/uploads\/2024\/12\/activista-Bryan-Lebaron.jpg","articleSection":["NOTICIAS NACIONALES"],"inLanguage":"es","potentialAction":[{"@type":"CommentAction","name":"Comment","target":["https:\/\/fuentesfidedignas.com.mx\/index.php\/2024\/12\/19\/bryan-lebaron-presenta-denuncia-en-fgr-por-violencia-en-sinaloa-pide-apoyo-a-sheinbaum-y-politicos\/#respond"]}]},{"@type":"WebPage","@id":"https:\/\/fuentesfidedignas.com.mx\/index.php\/2024\/12\/19\/bryan-lebaron-presenta-denuncia-en-fgr-por-violencia-en-sinaloa-pide-apoyo-a-sheinbaum-y-politicos\/","url":"https:\/\/fuentesfidedignas.com.mx\/index.php\/2024\/12\/19\/bryan-lebaron-presenta-denuncia-en-fgr-por-violencia-en-sinaloa-pide-apoyo-a-sheinbaum-y-politicos\/","name":"Bryan LeBar\u00f3n presenta denuncia en FGR por violencia en Sinaloa; pide apoyo a CSP y pol\u00edticos - Fuentes Fidedignas","isPartOf":{"@id":"https:\/\/fuentesfidedignas.com.mx\/#website"},"primaryImageOfPage":{"@id":"https:\/\/fuentesfidedignas.com.mx\/index.php\/2024\/12\/19\/bryan-lebaron-presenta-denuncia-en-fgr-por-violencia-en-sinaloa-pide-apoyo-a-sheinbaum-y-politicos\/#primaryimage"},"image":{"@id":"https:\/\/fuentesfidedignas.com.mx\/index.php\/2024\/12\/19\/bryan-lebaron-presenta-denuncia-en-fgr-por-violencia-en-sinaloa-pide-apoyo-a-sheinbaum-y-politicos\/#primaryimage"},"thumbnailUrl":"https:\/\/fuentesfidedignas.com.mx\/wp-content\/uploads\/2024\/12\/activista-Bryan-Lebaron.jpg","datePublished":"2024-12-20T00:12:04+00:00","dateModified":"2024-12-20T00:12:51+00:00","breadcrumb":{"@id":"https:\/\/fuentesfidedignas.com.mx\/index.php\/2024\/12\/19\/bryan-lebaron-presenta-denuncia-en-fgr-por-violencia-en-sinaloa-pide-apoyo-a-sheinbaum-y-politicos\/#breadcrumb"},"inLanguage":"es","potentialAction":[{"@type":"ReadAction","target":["https:\/\/fuentesfidedignas.com.mx\/index.php\/2024\/12\/19\/bryan-lebaron-presenta-denuncia-en-fgr-por-violencia-en-sinaloa-pide-apoyo-a-sheinbaum-y-politicos\/"]}]},{"@type":"ImageObject","inLanguage":"es","@id":"https:\/\/fuentesfidedignas.com.mx\/index.php\/2024\/12\/19\/bryan-lebaron-presenta-denuncia-en-fgr-por-violencia-en-sinaloa-pide-apoyo-a-sheinbaum-y-politicos\/#primaryimage","url":"https:\/\/fuentesfidedignas.com.mx\/wp-content\/uploads\/2024\/12\/activista-Bryan-Lebaron.jpg","contentUrl":"https:\/\/fuentesfidedignas.com.mx\/wp-content\/uploads\/2024\/12\/activista-Bryan-Lebaron.jpg","width":600,"height":348},{"@type":"BreadcrumbList","@id":"https:\/\/fuentesfidedignas.com.mx\/index.php\/2024\/12\/19\/bryan-lebaron-presenta-denuncia-en-fgr-por-violencia-en-sinaloa-pide-apoyo-a-sheinbaum-y-politicos\/#breadcrumb","itemListElement":[{"@type":"ListItem","position":1,"name":"Inicio","item":"https:\/\/fuentesfidedignas.com.mx\/"},{"@type":"ListItem","position":2,"name":"Bryan LeBar\u00f3n presenta denuncia en FGR por violencia en Sinaloa; pide apoyo a CSP y pol\u00edticos"}]},{"@type":"WebSite","@id":"https:\/\/fuentesfidedignas.com.mx\/#website","url":"https:\/\/fuentesfidedignas.com.mx\/","name":"Fuentes Fidedignas","description":"Otro sitio realizado con WordPress","publisher":{"@id":"https:\/\/fuentesfidedignas.com.mx\/#organization"},"potentialAction":[{"@type":"SearchAction","target":{"@type":"EntryPoint","urlTemplate":"https:\/\/fuentesfidedignas.com.mx\/?s={search_term_string}"},"query-input":{"@type":"PropertyValueSpecification","valueRequired":true,"valueName":"search_term_string"}}],"inLanguage":"es"},{"@type":"Organization","@id":"https:\/\/fuentesfidedignas.com.mx\/#organization","name":"Fuentes Fidedignas","url":"https:\/\/fuentesfidedignas.com.mx\/","logo":{"@type":"ImageObject","inLanguage":"es","@id":"https:\/\/fuentesfidedignas.com.mx\/#\/schema\/logo\/image\/","url":"https:\/\/fuentesfidedignas.com.mx\/wp-content\/uploads\/2021\/04\/logo-retina.png","contentUrl":"https:\/\/fuentesfidedignas.com.mx\/wp-content\/uploads\/2021\/04\/logo-retina.png","width":280,"height":51,"caption":"Fuentes Fidedignas"},"image":{"@id":"https:\/\/fuentesfidedignas.com.mx\/#\/schema\/logo\/image\/"},"sameAs":["https:\/\/www.facebook.com\/Fuentes-Fidedignas-368234489921644","https:\/\/x.com\/fidedignas"]},{"@type":"Person","@id":"https:\/\/fuentesfidedignas.com.mx\/#\/schema\/person\/47ec0135738f4b0c7495f06a77a2c976","name":"Milenio","image":{"@type":"ImageObject","inLanguage":"es","@id":"https:\/\/secure.gravatar.com\/avatar\/acabf7b54753e51c2c76457954577c236b3b764789b19879565769739d1e4a75?s=96&d=mm&r=g","url":"https:\/\/secure.gravatar.com\/avatar\/acabf7b54753e51c2c76457954577c236b3b764789b19879565769739d1e4a75?s=96&d=mm&r=g","contentUrl":"https:\/\/secure.gravatar.com\/avatar\/acabf7b54753e51c2c76457954577c236b3b764789b19879565769739d1e4a75?s=96&d=mm&r=g","caption":"Milenio"},"url":"https:\/\/fuentesfidedignas.com.mx\/index.php\/author\/milenio\/"}]}},"_links":{"self":[{"href":"https:\/\/fuentesfidedignas.com.mx\/index.php\/wp-json\/wp\/v2\/posts\/97966","targetHints":{"allow":["GET"]}}],"collection":[{"href":"https:\/\/fuentesfidedignas.com.mx\/index.php\/wp-json\/wp\/v2\/posts"}],"about":[{"href":"https:\/\/fuentesfidedignas.com.mx\/index.php\/wp-json\/wp\/v2\/types\/post"}],"author":[{"embeddable":true,"href":"https:\/\/fuentesfidedignas.com.mx\/index.php\/wp-json\/wp\/v2\/users\/9"}],"replies":[{"embeddable":true,"href":"https:\/\/fuentesfidedignas.com.mx\/index.php\/wp-json\/wp\/v2\/comments?post=97966"}],"version-history":[{"count":2,"href":"https:\/\/fuentesfidedignas.com.mx\/index.php\/wp-json\/wp\/v2\/posts\/97966\/revisions"}],"predecessor-version":[{"id":97969,"href":"https:\/\/fuentesfidedignas.com.mx\/index.php\/wp-json\/wp\/v2\/posts\/97966\/revisions\/97969"}],"wp:featuredmedia":[{"embeddable":true,"href":"https:\/\/fuentesfidedignas.com.mx\/index.php\/wp-json\/wp\/v2\/media\/97967"}],"wp:attachment":[{"href":"https:\/\/fuentesfidedignas.com.mx\/index.php\/wp-json\/wp\/v2\/media?parent=97966"}],"wp:term":[{"taxonomy":"category","embeddable":true,"href":"https:\/\/fuentesfidedignas.com.mx\/index.php\/wp-json\/wp\/v2\/categories?post=97966"},{"taxonomy":"post_tag","embeddable":true,"href":"https:\/\/fuentesfidedignas.com.mx\/index.php\/wp-json\/wp\/v2\/tags?post=97966"}],"curies":[{"name":"wp","href":"https:\/\/api.w.org\/{rel}","templated":true}]}}