{"id":97916,"date":"2024-12-19T07:37:31","date_gmt":"2024-12-19T14:37:31","guid":{"rendered":"https:\/\/fuentesfidedignas.com.mx\/?p=97916"},"modified":"2024-12-19T07:37:33","modified_gmt":"2024-12-19T14:37:33","slug":"sheinbaum-lamenta-homicidio-de-agente-de-la-sspc-y-anuncia-que-garcia-harfuch-seguira-en-sinaloa","status":"publish","type":"post","link":"https:\/\/fuentesfidedignas.com.mx\/index.php\/2024\/12\/19\/sheinbaum-lamenta-homicidio-de-agente-de-la-sspc-y-anuncia-que-garcia-harfuch-seguira-en-sinaloa\/","title":{"rendered":"Sheinbaum lamenta homicidio de agente de la SSPC y anuncia que Garc\u00eda Harfuch seguir\u00e1 en Sinaloa"},"content":{"rendered":"\n<p><strong><em>La presidenta Claudia Sheinbaum expres\u00f3 su p\u00e9same por el asesinato de un agente federal en Sinaloa, e inform\u00f3 que el secretario Garc\u00eda Harfuch seguir\u00e1 en el estado para fortalecer acciones de seguridad.<\/em><\/strong><\/p>\n\n\n\n<p>La presidenta Claudia Sheinbaum Pardo lament\u00f3 la muerte de un elemento de la Secretar\u00eda de Seguridad y Protecci\u00f3n Ciudadana (SSCP), asesinado ayer en Culiac\u00e1n, Sinaloa.&nbsp;<\/p>\n\n\n\n<p>La mandataria destac\u00f3 que el titular de la dependencia, Omar Garc\u00eda Harfuch, estar\u00e1 un tiempo en esa entidad, la cual tiene problemas de violencia, a causa de la disputa entre las facciones de Los Chapitos y La Mayiza.<\/p>\n\n\n\n<p>\u201cLamentablemente falleci\u00f3 un joven del equipo de de la Secretar\u00eda de Seguridad y Protecci\u00f3n Ciudadana en Culiac\u00e1n, ya los detalles de los de la investigaci\u00f3n los tienen que dar la propia Secretar\u00eda, pero fue pues fue en cumplimiento de las tareas que est\u00e1n desarrollando.<\/p>\n\n\n\n<p>\u201cEl secretario Omar est\u00e1 nuevamente en Sinaloa, el d\u00eda de ayer se fue para all\u00e1, va a estar pues un tiempo fortaleciendo las acciones de seguridad\u201d, destac\u00f3.<\/p>\n\n\n\n<p>En la conferencia de prensa matutina en Palacio Nacional, Sheinbaum Pardo record\u00f3 que este domingo tendr\u00e1 una gira en Mazatl\u00e1n, Sinaloa, donde encabezar\u00e1 una reuni\u00f3n con el gabinete de seguridad.<\/p>\n\n\n\n<p>\u201cEl domingo vamos a Sinaloa, vamos a Mazatl\u00e1n, vamos a tener una reuni\u00f3n del gabinete seguridad primero y despu\u00e9s ya las reuniones que hacemos con todos los gobernadores, de revisi\u00f3n de las acciones prioritarias, de los proyectos prioritarios estrat\u00e9gicos y despu\u00e9s un evento de programas sociales en Mazatl\u00e1n\u201d, destac\u00f3.<\/p>\n\n\n\n<p>La Secretar\u00eda de Seguridad y Protecci\u00f3n Ciudadana inform\u00f3 que tras una agresi\u00f3n ocurrida en Culiac\u00e1n, Sinaloa, un elemento del \u00e1rea de Investigaci\u00f3n de su corporaci\u00f3n perdi\u00f3 la vida.<\/p>\n\n\n\n<p>\u201cLa SSPC expresa sinceras condolencias a sus familiares y amigos, a quienes les reitera todo el apoyo y solidaridad institucional.<\/p>\n\n\n\n<p>\u201cEsta Secretar\u00eda colaborar\u00e1 con las investigaciones y no descansar\u00e1 hasta detener a los responsables de este lamentable suceso. Este hecho no quedar\u00e1 impune\u201d, se\u00f1al\u00f3 en una tarjeta informativa.<\/p>\n","protected":false},"excerpt":{"rendered":"<p>La presidenta Claudia Sheinbaum expres\u00f3 su p\u00e9same por el asesinato de un agente federal en Sinaloa, e inform\u00f3 que el secretario Garc\u00eda Harfuch seguir\u00e1 en el estado para fortalecer acciones de seguridad. La presidenta Claudia Sheinbaum Pardo lament\u00f3 la muerte de un elemento de la Secretar\u00eda de Seguridad y Protecci\u00f3n Ciudadana (SSCP), asesinado ayer en [&hellip;]<\/p>\n","protected":false},"author":9,"featured_media":97917,"comment_status":"open","ping_status":"open","sticky":false,"template":"","format":"standard","meta":{"tdm_status":"","tdm_grid_status":"","footnotes":""},"categories":[37],"tags":[],"class_list":{"0":"post-97916","1":"post","2":"type-post","3":"status-publish","4":"format-standard","5":"has-post-thumbnail","7":"category-nota-principal"},"yoast_head":"<!-- This site is optimized with the Yoast SEO plugin v27.5 - https:\/\/yoast.com\/product\/yoast-seo-wordpress\/ -->\n<title>Sheinbaum lamenta homicidio de agente de la SSPC y anuncia que Garc\u00eda Harfuch seguir\u00e1 en Sinaloa - Fuentes Fidedignas<\/title>\n<meta name=\"robots\" content=\"index, follow, max-snippet:-1, max-image-preview:large, max-video-preview:-1\" \/>\n<link rel=\"canonical\" href=\"https:\/\/fuentesfidedignas.com.mx\/index.php\/2024\/12\/19\/sheinbaum-lamenta-homicidio-de-agente-de-la-sspc-y-anuncia-que-garcia-harfuch-seguira-en-sinaloa\/\" \/>\n<meta property=\"og:locale\" content=\"es_MX\" \/>\n<meta property=\"og:type\" content=\"article\" \/>\n<meta property=\"og:title\" content=\"Sheinbaum lamenta homicidio de agente de la SSPC y anuncia que Garc\u00eda Harfuch seguir\u00e1 en Sinaloa - Fuentes Fidedignas\" \/>\n<meta property=\"og:description\" content=\"La presidenta Claudia Sheinbaum expres\u00f3 su p\u00e9same por el asesinato de un agente federal en Sinaloa, e inform\u00f3 que el secretario Garc\u00eda Harfuch seguir\u00e1 en el estado para fortalecer acciones de seguridad. La presidenta Claudia Sheinbaum Pardo lament\u00f3 la muerte de un elemento de la Secretar\u00eda de Seguridad y Protecci\u00f3n Ciudadana (SSCP), asesinado ayer en [&hellip;]\" \/>\n<meta property=\"og:url\" content=\"https:\/\/fuentesfidedignas.com.mx\/index.php\/2024\/12\/19\/sheinbaum-lamenta-homicidio-de-agente-de-la-sspc-y-anuncia-que-garcia-harfuch-seguira-en-sinaloa\/\" \/>\n<meta property=\"og:site_name\" content=\"Fuentes Fidedignas\" \/>\n<meta property=\"article:publisher\" content=\"https:\/\/www.facebook.com\/Fuentes-Fidedignas-368234489921644\" \/>\n<meta property=\"article:published_time\" content=\"2024-12-19T14:37:31+00:00\" \/>\n<meta property=\"article:modified_time\" content=\"2024-12-19T14:37:33+00:00\" \/>\n<meta property=\"og:image\" content=\"https:\/\/fuentesfidedignas.com.mx\/wp-content\/uploads\/2024\/12\/sheinbaum.jpg\" \/>\n\t<meta property=\"og:image:width\" content=\"600\" \/>\n\t<meta property=\"og:image:height\" content=\"384\" \/>\n\t<meta property=\"og:image:type\" content=\"image\/jpeg\" \/>\n<meta name=\"author\" content=\"Milenio\" \/>\n<meta name=\"twitter:card\" content=\"summary_large_image\" \/>\n<meta name=\"twitter:creator\" content=\"@fidedignas\" \/>\n<meta name=\"twitter:site\" content=\"@fidedignas\" \/>\n<meta name=\"twitter:label1\" content=\"Escrito por\" \/>\n\t<meta name=\"twitter:data1\" content=\"Milenio\" \/>\n\t<meta name=\"twitter:label2\" content=\"Tiempo de lectura\" \/>\n\t<meta name=\"twitter:data2\" content=\"2 minutos\" \/>\n<script type=\"application\/ld+json\" class=\"yoast-schema-graph\">{\"@context\":\"https:\\\/\\\/schema.org\",\"@graph\":[{\"@type\":\"Article\",\"@id\":\"https:\\\/\\\/fuentesfidedignas.com.mx\\\/index.php\\\/2024\\\/12\\\/19\\\/sheinbaum-lamenta-homicidio-de-agente-de-la-sspc-y-anuncia-que-garcia-harfuch-seguira-en-sinaloa\\\/#article\",\"isPartOf\":{\"@id\":\"https:\\\/\\\/fuentesfidedignas.com.mx\\\/index.php\\\/2024\\\/12\\\/19\\\/sheinbaum-lamenta-homicidio-de-agente-de-la-sspc-y-anuncia-que-garcia-harfuch-seguira-en-sinaloa\\\/\"},\"author\":{\"name\":\"Milenio\",\"@id\":\"https:\\\/\\\/fuentesfidedignas.com.mx\\\/#\\\/schema\\\/person\\\/47ec0135738f4b0c7495f06a77a2c976\"},\"headline\":\"Sheinbaum lamenta homicidio de agente de la SSPC y anuncia que Garc\u00eda Harfuch seguir\u00e1 en Sinaloa\",\"datePublished\":\"2024-12-19T14:37:31+00:00\",\"dateModified\":\"2024-12-19T14:37:33+00:00\",\"mainEntityOfPage\":{\"@id\":\"https:\\\/\\\/fuentesfidedignas.com.mx\\\/index.php\\\/2024\\\/12\\\/19\\\/sheinbaum-lamenta-homicidio-de-agente-de-la-sspc-y-anuncia-que-garcia-harfuch-seguira-en-sinaloa\\\/\"},\"wordCount\":369,\"commentCount\":0,\"publisher\":{\"@id\":\"https:\\\/\\\/fuentesfidedignas.com.mx\\\/#organization\"},\"image\":{\"@id\":\"https:\\\/\\\/fuentesfidedignas.com.mx\\\/index.php\\\/2024\\\/12\\\/19\\\/sheinbaum-lamenta-homicidio-de-agente-de-la-sspc-y-anuncia-que-garcia-harfuch-seguira-en-sinaloa\\\/#primaryimage\"},\"thumbnailUrl\":\"https:\\\/\\\/fuentesfidedignas.com.mx\\\/wp-content\\\/uploads\\\/2024\\\/12\\\/sheinbaum.jpg\",\"articleSection\":[\"NOTA PRINCIPAL\"],\"inLanguage\":\"es\",\"potentialAction\":[{\"@type\":\"CommentAction\",\"name\":\"Comment\",\"target\":[\"https:\\\/\\\/fuentesfidedignas.com.mx\\\/index.php\\\/2024\\\/12\\\/19\\\/sheinbaum-lamenta-homicidio-de-agente-de-la-sspc-y-anuncia-que-garcia-harfuch-seguira-en-sinaloa\\\/#respond\"]}]},{\"@type\":\"WebPage\",\"@id\":\"https:\\\/\\\/fuentesfidedignas.com.mx\\\/index.php\\\/2024\\\/12\\\/19\\\/sheinbaum-lamenta-homicidio-de-agente-de-la-sspc-y-anuncia-que-garcia-harfuch-seguira-en-sinaloa\\\/\",\"url\":\"https:\\\/\\\/fuentesfidedignas.com.mx\\\/index.php\\\/2024\\\/12\\\/19\\\/sheinbaum-lamenta-homicidio-de-agente-de-la-sspc-y-anuncia-que-garcia-harfuch-seguira-en-sinaloa\\\/\",\"name\":\"Sheinbaum lamenta homicidio de agente de la SSPC y anuncia que Garc\u00eda Harfuch seguir\u00e1 en Sinaloa - Fuentes Fidedignas\",\"isPartOf\":{\"@id\":\"https:\\\/\\\/fuentesfidedignas.com.mx\\\/#website\"},\"primaryImageOfPage\":{\"@id\":\"https:\\\/\\\/fuentesfidedignas.com.mx\\\/index.php\\\/2024\\\/12\\\/19\\\/sheinbaum-lamenta-homicidio-de-agente-de-la-sspc-y-anuncia-que-garcia-harfuch-seguira-en-sinaloa\\\/#primaryimage\"},\"image\":{\"@id\":\"https:\\\/\\\/fuentesfidedignas.com.mx\\\/index.php\\\/2024\\\/12\\\/19\\\/sheinbaum-lamenta-homicidio-de-agente-de-la-sspc-y-anuncia-que-garcia-harfuch-seguira-en-sinaloa\\\/#primaryimage\"},\"thumbnailUrl\":\"https:\\\/\\\/fuentesfidedignas.com.mx\\\/wp-content\\\/uploads\\\/2024\\\/12\\\/sheinbaum.jpg\",\"datePublished\":\"2024-12-19T14:37:31+00:00\",\"dateModified\":\"2024-12-19T14:37:33+00:00\",\"breadcrumb\":{\"@id\":\"https:\\\/\\\/fuentesfidedignas.com.mx\\\/index.php\\\/2024\\\/12\\\/19\\\/sheinbaum-lamenta-homicidio-de-agente-de-la-sspc-y-anuncia-que-garcia-harfuch-seguira-en-sinaloa\\\/#breadcrumb\"},\"inLanguage\":\"es\",\"potentialAction\":[{\"@type\":\"ReadAction\",\"target\":[\"https:\\\/\\\/fuentesfidedignas.com.mx\\\/index.php\\\/2024\\\/12\\\/19\\\/sheinbaum-lamenta-homicidio-de-agente-de-la-sspc-y-anuncia-que-garcia-harfuch-seguira-en-sinaloa\\\/\"]}]},{\"@type\":\"ImageObject\",\"inLanguage\":\"es\",\"@id\":\"https:\\\/\\\/fuentesfidedignas.com.mx\\\/index.php\\\/2024\\\/12\\\/19\\\/sheinbaum-lamenta-homicidio-de-agente-de-la-sspc-y-anuncia-que-garcia-harfuch-seguira-en-sinaloa\\\/#primaryimage\",\"url\":\"https:\\\/\\\/fuentesfidedignas.com.mx\\\/wp-content\\\/uploads\\\/2024\\\/12\\\/sheinbaum.jpg\",\"contentUrl\":\"https:\\\/\\\/fuentesfidedignas.com.mx\\\/wp-content\\\/uploads\\\/2024\\\/12\\\/sheinbaum.jpg\",\"width\":600,\"height\":384},{\"@type\":\"BreadcrumbList\",\"@id\":\"https:\\\/\\\/fuentesfidedignas.com.mx\\\/index.php\\\/2024\\\/12\\\/19\\\/sheinbaum-lamenta-homicidio-de-agente-de-la-sspc-y-anuncia-que-garcia-harfuch-seguira-en-sinaloa\\\/#breadcrumb\",\"itemListElement\":[{\"@type\":\"ListItem\",\"position\":1,\"name\":\"Inicio\",\"item\":\"https:\\\/\\\/fuentesfidedignas.com.mx\\\/\"},{\"@type\":\"ListItem\",\"position\":2,\"name\":\"Sheinbaum lamenta homicidio de agente de la SSPC y anuncia que Garc\u00eda Harfuch seguir\u00e1 en Sinaloa\"}]},{\"@type\":\"WebSite\",\"@id\":\"https:\\\/\\\/fuentesfidedignas.com.mx\\\/#website\",\"url\":\"https:\\\/\\\/fuentesfidedignas.com.mx\\\/\",\"name\":\"Fuentes Fidedignas\",\"description\":\"Otro sitio realizado con WordPress\",\"publisher\":{\"@id\":\"https:\\\/\\\/fuentesfidedignas.com.mx\\\/#organization\"},\"potentialAction\":[{\"@type\":\"SearchAction\",\"target\":{\"@type\":\"EntryPoint\",\"urlTemplate\":\"https:\\\/\\\/fuentesfidedignas.com.mx\\\/?s={search_term_string}\"},\"query-input\":{\"@type\":\"PropertyValueSpecification\",\"valueRequired\":true,\"valueName\":\"search_term_string\"}}],\"inLanguage\":\"es\"},{\"@type\":\"Organization\",\"@id\":\"https:\\\/\\\/fuentesfidedignas.com.mx\\\/#organization\",\"name\":\"Fuentes Fidedignas\",\"url\":\"https:\\\/\\\/fuentesfidedignas.com.mx\\\/\",\"logo\":{\"@type\":\"ImageObject\",\"inLanguage\":\"es\",\"@id\":\"https:\\\/\\\/fuentesfidedignas.com.mx\\\/#\\\/schema\\\/logo\\\/image\\\/\",\"url\":\"https:\\\/\\\/fuentesfidedignas.com.mx\\\/wp-content\\\/uploads\\\/2021\\\/04\\\/logo-retina.png\",\"contentUrl\":\"https:\\\/\\\/fuentesfidedignas.com.mx\\\/wp-content\\\/uploads\\\/2021\\\/04\\\/logo-retina.png\",\"width\":280,\"height\":51,\"caption\":\"Fuentes Fidedignas\"},\"image\":{\"@id\":\"https:\\\/\\\/fuentesfidedignas.com.mx\\\/#\\\/schema\\\/logo\\\/image\\\/\"},\"sameAs\":[\"https:\\\/\\\/www.facebook.com\\\/Fuentes-Fidedignas-368234489921644\",\"https:\\\/\\\/x.com\\\/fidedignas\"]},{\"@type\":\"Person\",\"@id\":\"https:\\\/\\\/fuentesfidedignas.com.mx\\\/#\\\/schema\\\/person\\\/47ec0135738f4b0c7495f06a77a2c976\",\"name\":\"Milenio\",\"image\":{\"@type\":\"ImageObject\",\"inLanguage\":\"es\",\"@id\":\"https:\\\/\\\/secure.gravatar.com\\\/avatar\\\/acabf7b54753e51c2c76457954577c236b3b764789b19879565769739d1e4a75?s=96&d=mm&r=g\",\"url\":\"https:\\\/\\\/secure.gravatar.com\\\/avatar\\\/acabf7b54753e51c2c76457954577c236b3b764789b19879565769739d1e4a75?s=96&d=mm&r=g\",\"contentUrl\":\"https:\\\/\\\/secure.gravatar.com\\\/avatar\\\/acabf7b54753e51c2c76457954577c236b3b764789b19879565769739d1e4a75?s=96&d=mm&r=g\",\"caption\":\"Milenio\"},\"url\":\"https:\\\/\\\/fuentesfidedignas.com.mx\\\/index.php\\\/author\\\/milenio\\\/\"}]}<\/script>\n<!-- \/ Yoast SEO plugin. -->","yoast_head_json":{"title":"Sheinbaum lamenta homicidio de agente de la SSPC y anuncia que Garc\u00eda Harfuch seguir\u00e1 en Sinaloa - Fuentes Fidedignas","robots":{"index":"index","follow":"follow","max-snippet":"max-snippet:-1","max-image-preview":"max-image-preview:large","max-video-preview":"max-video-preview:-1"},"canonical":"https:\/\/fuentesfidedignas.com.mx\/index.php\/2024\/12\/19\/sheinbaum-lamenta-homicidio-de-agente-de-la-sspc-y-anuncia-que-garcia-harfuch-seguira-en-sinaloa\/","og_locale":"es_MX","og_type":"article","og_title":"Sheinbaum lamenta homicidio de agente de la SSPC y anuncia que Garc\u00eda Harfuch seguir\u00e1 en Sinaloa - Fuentes Fidedignas","og_description":"La presidenta Claudia Sheinbaum expres\u00f3 su p\u00e9same por el asesinato de un agente federal en Sinaloa, e inform\u00f3 que el secretario Garc\u00eda Harfuch seguir\u00e1 en el estado para fortalecer acciones de seguridad. La presidenta Claudia Sheinbaum Pardo lament\u00f3 la muerte de un elemento de la Secretar\u00eda de Seguridad y Protecci\u00f3n Ciudadana (SSCP), asesinado ayer en [&hellip;]","og_url":"https:\/\/fuentesfidedignas.com.mx\/index.php\/2024\/12\/19\/sheinbaum-lamenta-homicidio-de-agente-de-la-sspc-y-anuncia-que-garcia-harfuch-seguira-en-sinaloa\/","og_site_name":"Fuentes Fidedignas","article_publisher":"https:\/\/www.facebook.com\/Fuentes-Fidedignas-368234489921644","article_published_time":"2024-12-19T14:37:31+00:00","article_modified_time":"2024-12-19T14:37:33+00:00","og_image":[{"width":600,"height":384,"url":"https:\/\/fuentesfidedignas.com.mx\/wp-content\/uploads\/2024\/12\/sheinbaum.jpg","type":"image\/jpeg"}],"author":"Milenio","twitter_card":"summary_large_image","twitter_creator":"@fidedignas","twitter_site":"@fidedignas","twitter_misc":{"Escrito por":"Milenio","Tiempo de lectura":"2 minutos"},"schema":{"@context":"https:\/\/schema.org","@graph":[{"@type":"Article","@id":"https:\/\/fuentesfidedignas.com.mx\/index.php\/2024\/12\/19\/sheinbaum-lamenta-homicidio-de-agente-de-la-sspc-y-anuncia-que-garcia-harfuch-seguira-en-sinaloa\/#article","isPartOf":{"@id":"https:\/\/fuentesfidedignas.com.mx\/index.php\/2024\/12\/19\/sheinbaum-lamenta-homicidio-de-agente-de-la-sspc-y-anuncia-que-garcia-harfuch-seguira-en-sinaloa\/"},"author":{"name":"Milenio","@id":"https:\/\/fuentesfidedignas.com.mx\/#\/schema\/person\/47ec0135738f4b0c7495f06a77a2c976"},"headline":"Sheinbaum lamenta homicidio de agente de la SSPC y anuncia que Garc\u00eda Harfuch seguir\u00e1 en Sinaloa","datePublished":"2024-12-19T14:37:31+00:00","dateModified":"2024-12-19T14:37:33+00:00","mainEntityOfPage":{"@id":"https:\/\/fuentesfidedignas.com.mx\/index.php\/2024\/12\/19\/sheinbaum-lamenta-homicidio-de-agente-de-la-sspc-y-anuncia-que-garcia-harfuch-seguira-en-sinaloa\/"},"wordCount":369,"commentCount":0,"publisher":{"@id":"https:\/\/fuentesfidedignas.com.mx\/#organization"},"image":{"@id":"https:\/\/fuentesfidedignas.com.mx\/index.php\/2024\/12\/19\/sheinbaum-lamenta-homicidio-de-agente-de-la-sspc-y-anuncia-que-garcia-harfuch-seguira-en-sinaloa\/#primaryimage"},"thumbnailUrl":"https:\/\/fuentesfidedignas.com.mx\/wp-content\/uploads\/2024\/12\/sheinbaum.jpg","articleSection":["NOTA PRINCIPAL"],"inLanguage":"es","potentialAction":[{"@type":"CommentAction","name":"Comment","target":["https:\/\/fuentesfidedignas.com.mx\/index.php\/2024\/12\/19\/sheinbaum-lamenta-homicidio-de-agente-de-la-sspc-y-anuncia-que-garcia-harfuch-seguira-en-sinaloa\/#respond"]}]},{"@type":"WebPage","@id":"https:\/\/fuentesfidedignas.com.mx\/index.php\/2024\/12\/19\/sheinbaum-lamenta-homicidio-de-agente-de-la-sspc-y-anuncia-que-garcia-harfuch-seguira-en-sinaloa\/","url":"https:\/\/fuentesfidedignas.com.mx\/index.php\/2024\/12\/19\/sheinbaum-lamenta-homicidio-de-agente-de-la-sspc-y-anuncia-que-garcia-harfuch-seguira-en-sinaloa\/","name":"Sheinbaum lamenta homicidio de agente de la SSPC y anuncia que Garc\u00eda Harfuch seguir\u00e1 en Sinaloa - Fuentes Fidedignas","isPartOf":{"@id":"https:\/\/fuentesfidedignas.com.mx\/#website"},"primaryImageOfPage":{"@id":"https:\/\/fuentesfidedignas.com.mx\/index.php\/2024\/12\/19\/sheinbaum-lamenta-homicidio-de-agente-de-la-sspc-y-anuncia-que-garcia-harfuch-seguira-en-sinaloa\/#primaryimage"},"image":{"@id":"https:\/\/fuentesfidedignas.com.mx\/index.php\/2024\/12\/19\/sheinbaum-lamenta-homicidio-de-agente-de-la-sspc-y-anuncia-que-garcia-harfuch-seguira-en-sinaloa\/#primaryimage"},"thumbnailUrl":"https:\/\/fuentesfidedignas.com.mx\/wp-content\/uploads\/2024\/12\/sheinbaum.jpg","datePublished":"2024-12-19T14:37:31+00:00","dateModified":"2024-12-19T14:37:33+00:00","breadcrumb":{"@id":"https:\/\/fuentesfidedignas.com.mx\/index.php\/2024\/12\/19\/sheinbaum-lamenta-homicidio-de-agente-de-la-sspc-y-anuncia-que-garcia-harfuch-seguira-en-sinaloa\/#breadcrumb"},"inLanguage":"es","potentialAction":[{"@type":"ReadAction","target":["https:\/\/fuentesfidedignas.com.mx\/index.php\/2024\/12\/19\/sheinbaum-lamenta-homicidio-de-agente-de-la-sspc-y-anuncia-que-garcia-harfuch-seguira-en-sinaloa\/"]}]},{"@type":"ImageObject","inLanguage":"es","@id":"https:\/\/fuentesfidedignas.com.mx\/index.php\/2024\/12\/19\/sheinbaum-lamenta-homicidio-de-agente-de-la-sspc-y-anuncia-que-garcia-harfuch-seguira-en-sinaloa\/#primaryimage","url":"https:\/\/fuentesfidedignas.com.mx\/wp-content\/uploads\/2024\/12\/sheinbaum.jpg","contentUrl":"https:\/\/fuentesfidedignas.com.mx\/wp-content\/uploads\/2024\/12\/sheinbaum.jpg","width":600,"height":384},{"@type":"BreadcrumbList","@id":"https:\/\/fuentesfidedignas.com.mx\/index.php\/2024\/12\/19\/sheinbaum-lamenta-homicidio-de-agente-de-la-sspc-y-anuncia-que-garcia-harfuch-seguira-en-sinaloa\/#breadcrumb","itemListElement":[{"@type":"ListItem","position":1,"name":"Inicio","item":"https:\/\/fuentesfidedignas.com.mx\/"},{"@type":"ListItem","position":2,"name":"Sheinbaum lamenta homicidio de agente de la SSPC y anuncia que Garc\u00eda Harfuch seguir\u00e1 en Sinaloa"}]},{"@type":"WebSite","@id":"https:\/\/fuentesfidedignas.com.mx\/#website","url":"https:\/\/fuentesfidedignas.com.mx\/","name":"Fuentes Fidedignas","description":"Otro sitio realizado con WordPress","publisher":{"@id":"https:\/\/fuentesfidedignas.com.mx\/#organization"},"potentialAction":[{"@type":"SearchAction","target":{"@type":"EntryPoint","urlTemplate":"https:\/\/fuentesfidedignas.com.mx\/?s={search_term_string}"},"query-input":{"@type":"PropertyValueSpecification","valueRequired":true,"valueName":"search_term_string"}}],"inLanguage":"es"},{"@type":"Organization","@id":"https:\/\/fuentesfidedignas.com.mx\/#organization","name":"Fuentes Fidedignas","url":"https:\/\/fuentesfidedignas.com.mx\/","logo":{"@type":"ImageObject","inLanguage":"es","@id":"https:\/\/fuentesfidedignas.com.mx\/#\/schema\/logo\/image\/","url":"https:\/\/fuentesfidedignas.com.mx\/wp-content\/uploads\/2021\/04\/logo-retina.png","contentUrl":"https:\/\/fuentesfidedignas.com.mx\/wp-content\/uploads\/2021\/04\/logo-retina.png","width":280,"height":51,"caption":"Fuentes Fidedignas"},"image":{"@id":"https:\/\/fuentesfidedignas.com.mx\/#\/schema\/logo\/image\/"},"sameAs":["https:\/\/www.facebook.com\/Fuentes-Fidedignas-368234489921644","https:\/\/x.com\/fidedignas"]},{"@type":"Person","@id":"https:\/\/fuentesfidedignas.com.mx\/#\/schema\/person\/47ec0135738f4b0c7495f06a77a2c976","name":"Milenio","image":{"@type":"ImageObject","inLanguage":"es","@id":"https:\/\/secure.gravatar.com\/avatar\/acabf7b54753e51c2c76457954577c236b3b764789b19879565769739d1e4a75?s=96&d=mm&r=g","url":"https:\/\/secure.gravatar.com\/avatar\/acabf7b54753e51c2c76457954577c236b3b764789b19879565769739d1e4a75?s=96&d=mm&r=g","contentUrl":"https:\/\/secure.gravatar.com\/avatar\/acabf7b54753e51c2c76457954577c236b3b764789b19879565769739d1e4a75?s=96&d=mm&r=g","caption":"Milenio"},"url":"https:\/\/fuentesfidedignas.com.mx\/index.php\/author\/milenio\/"}]}},"_links":{"self":[{"href":"https:\/\/fuentesfidedignas.com.mx\/index.php\/wp-json\/wp\/v2\/posts\/97916","targetHints":{"allow":["GET"]}}],"collection":[{"href":"https:\/\/fuentesfidedignas.com.mx\/index.php\/wp-json\/wp\/v2\/posts"}],"about":[{"href":"https:\/\/fuentesfidedignas.com.mx\/index.php\/wp-json\/wp\/v2\/types\/post"}],"author":[{"embeddable":true,"href":"https:\/\/fuentesfidedignas.com.mx\/index.php\/wp-json\/wp\/v2\/users\/9"}],"replies":[{"embeddable":true,"href":"https:\/\/fuentesfidedignas.com.mx\/index.php\/wp-json\/wp\/v2\/comments?post=97916"}],"version-history":[{"count":1,"href":"https:\/\/fuentesfidedignas.com.mx\/index.php\/wp-json\/wp\/v2\/posts\/97916\/revisions"}],"predecessor-version":[{"id":97918,"href":"https:\/\/fuentesfidedignas.com.mx\/index.php\/wp-json\/wp\/v2\/posts\/97916\/revisions\/97918"}],"wp:featuredmedia":[{"embeddable":true,"href":"https:\/\/fuentesfidedignas.com.mx\/index.php\/wp-json\/wp\/v2\/media\/97917"}],"wp:attachment":[{"href":"https:\/\/fuentesfidedignas.com.mx\/index.php\/wp-json\/wp\/v2\/media?parent=97916"}],"wp:term":[{"taxonomy":"category","embeddable":true,"href":"https:\/\/fuentesfidedignas.com.mx\/index.php\/wp-json\/wp\/v2\/categories?post=97916"},{"taxonomy":"post_tag","embeddable":true,"href":"https:\/\/fuentesfidedignas.com.mx\/index.php\/wp-json\/wp\/v2\/tags?post=97916"}],"curies":[{"name":"wp","href":"https:\/\/api.w.org\/{rel}","templated":true}]}}