{"id":97843,"date":"2024-12-18T10:24:42","date_gmt":"2024-12-18T17:24:42","guid":{"rendered":"https:\/\/fuentesfidedignas.com.mx\/?p=97843"},"modified":"2024-12-18T14:35:48","modified_gmt":"2024-12-18T21:35:48","slug":"sergio-perez-anuncia-que-no-seguira-en-red-bull","status":"publish","type":"post","link":"https:\/\/fuentesfidedignas.com.mx\/index.php\/2024\/12\/18\/sergio-perez-anuncia-que-no-seguira-en-red-bull\/","title":{"rendered":"Sergio P\u00e9rez anuncia que no seguir\u00e1 en Red Bull"},"content":{"rendered":"\n<p><strong><em>Por medio de redes sociales, el piloto mexicano Sergio Checo\u2019 P\u00e9rez anunci\u00f3 que no seguir\u00e1 con la escuder\u00eda Red Bull<\/em><\/strong><\/p>\n\n\n\n<p><strong>Sergio\u00a0<\/strong><em><strong>Checo<\/strong><\/em><strong>\u00a0P\u00e9rez\u00a0<\/strong>termin\u00f3 su relaci\u00f3n laboral con\u00a0<strong>Red Bull Racing<\/strong>, la ma\u00f1ana de este mi\u00e9rcoles 18 de diciembre el piloto junto con la escuder\u00eda dieron a conocer el com\u00fan acuerdo al que llegaron para terminar con su\u00a0<strong>contrato<\/strong>.<\/p>\n\n\n\n<figure class=\"wp-block-embed is-type-rich is-provider-twitter wp-block-embed-twitter\"><div class=\"wp-block-embed__wrapper\">\n<blockquote class=\"twitter-tweet\" data-width=\"550\" data-dnt=\"true\"><p lang=\"en\" dir=\"ltr\">Thank you for these four years <a href=\"https:\/\/twitter.com\/redbullracing?ref_src=twsrc%5Etfw\">@redbullracing<\/a> <br>I wish you the best. <a href=\"https:\/\/t.co\/9vLUwvqBDl\">pic.twitter.com\/9vLUwvqBDl<\/a><\/p>&mdash; Sergio P\u00e9rez (@SChecoPerez) <a href=\"https:\/\/twitter.com\/SChecoPerez\/status\/1869428340425404705?ref_src=twsrc%5Etfw\">December 18, 2024<\/a><\/blockquote><script async src=\"https:\/\/platform.twitter.com\/widgets.js\" charset=\"utf-8\"><\/script>\n<\/div><\/figure>\n\n\n\n<p>Pero, junto con este anuncio vino acompa\u00f1ada una segunda noticia, Checo tambi\u00e9n se retira de la F\u00f3rmula 1. Su salida de Red Bull tambi\u00e9n deja al mexicano fuera de la temporada 2025 del Gran Circo.<\/p>\n\n\n\n<p>Checo P\u00e9rez no ser\u00e1 parte de la parrilla de salida de la F\u00f3rmula 1. A pesar de que surgieron rumores de que podr\u00eda mantenerse como corredor del m\u00e1ximo circuito de velocidad, su padre Antonio P\u00e9rez Garibay se encarg\u00f3 de confirmar el retiro de su hijo.<\/p>\n\n\n\n<p>Luego de que se confirm\u00f3 su salida de la escuder\u00eda austriaca, el pap\u00e1 de&nbsp;<em>Checo<\/em>&nbsp;tambi\u00e9n adelant\u00f3 que<strong>&nbsp;no hay opciones para el mexicano&nbsp;<\/strong>en F1.<\/p>\n\n\n\n<h2 class=\"wp-block-heading\">\u00bfPor qu\u00e9 Checo P\u00e9rez se retira de la F\u00f3rmula 1?<\/h2>\n\n\n\n<p>En una entrevista que ofreci\u00f3&nbsp;<strong>Antonio P\u00e9rez Garibay&nbsp;<\/strong>a&nbsp;<em>Foro TV<\/em>, detall\u00f3 que su hijo no tiene alg\u00fan \u201cplan B o C\u201d sobre su futuro en el&nbsp;<em>gran circo<\/em>, en consecuencia esta decisi\u00f3n es un retiro oficial de la F1.<\/p>\n\n\n\n<p>Aunque no argument\u00f3 las razones que llevaron al tapat\u00edo a despedirse de esta manera de Red Bull y la F1, se\u00f1al\u00f3 que es parte de \u201ccerrar una p\u00e1gina\u201d. Y es que, el motivo principal por el que se retira es que no tiene m\u00e1s cosas por delante.<\/p>\n\n\n\n<blockquote class=\"wp-block-quote is-layout-flow wp-block-quote-is-layout-flow\">\n<p>\u201cEl d\u00eda de hoy es un retiro total, ya no hay nada. No hay \u2018plan B\u2019, no hay \u2018plan C\u2019, \u00e9ste era el plan y el d\u00eda de hoy, en este momento, est\u00e1 cerrando la p\u00e1gina de la F\u00f3rmula 1 como se cerr\u00f3 anteriormente antes de llegar a Red Bull\u201d<\/p>\n<\/blockquote>\n\n\n\n<p>El exdiputado federal tambi\u00e9n precis\u00f3 que&nbsp;<em>Checo<\/em>&nbsp;priorizar\u00e1 a su familia a partir de este momento, por lo que no se sienten preocupados por lo que venga.<\/p>\n\n\n\n<blockquote class=\"wp-block-quote is-layout-flow wp-block-quote-is-layout-flow\">\n<p>\u201cEn este momento no existe nada m\u00e1s al frente, y tenemos que vivir con ello, aprenderlo, disfrutarlo. Tiene una familia maravillosa, no cambio ninguno de mis nietos por 10 campeonatos de F\u00f3rmula 1\u2033, agreg\u00f3.<\/p>\n<\/blockquote>\n","protected":false},"excerpt":{"rendered":"<p>Por medio de redes sociales, el piloto mexicano Sergio Checo\u2019 P\u00e9rez anunci\u00f3 que no seguir\u00e1 con la escuder\u00eda Red Bull Sergio\u00a0Checo\u00a0P\u00e9rez\u00a0termin\u00f3 su relaci\u00f3n laboral con\u00a0Red Bull Racing, la ma\u00f1ana de este mi\u00e9rcoles 18 de diciembre el piloto junto con la escuder\u00eda dieron a conocer el com\u00fan acuerdo al que llegaron para terminar con su\u00a0contrato. Pero, [&hellip;]<\/p>\n","protected":false},"author":47,"featured_media":97842,"comment_status":"closed","ping_status":"open","sticky":false,"template":"","format":"standard","meta":{"tdm_status":"","tdm_grid_status":"","footnotes":""},"categories":[39],"tags":[],"class_list":{"0":"post-97843","1":"post","2":"type-post","3":"status-publish","4":"format-standard","5":"has-post-thumbnail","7":"category-noticias-nacionales"},"yoast_head":"<!-- This site is optimized with the Yoast SEO plugin v27.5 - https:\/\/yoast.com\/product\/yoast-seo-wordpress\/ -->\n<title>Sergio P\u00e9rez anuncia que no seguir\u00e1 en Red Bull - Fuentes Fidedignas<\/title>\n<meta name=\"robots\" content=\"index, follow, max-snippet:-1, max-image-preview:large, max-video-preview:-1\" \/>\n<link rel=\"canonical\" href=\"https:\/\/fuentesfidedignas.com.mx\/index.php\/2024\/12\/18\/sergio-perez-anuncia-que-no-seguira-en-red-bull\/\" \/>\n<meta property=\"og:locale\" content=\"es_MX\" \/>\n<meta property=\"og:type\" content=\"article\" \/>\n<meta property=\"og:title\" content=\"Sergio P\u00e9rez anuncia que no seguir\u00e1 en Red Bull - Fuentes Fidedignas\" \/>\n<meta property=\"og:description\" content=\"Por medio de redes sociales, el piloto mexicano Sergio Checo\u2019 P\u00e9rez anunci\u00f3 que no seguir\u00e1 con la escuder\u00eda Red Bull Sergio\u00a0Checo\u00a0P\u00e9rez\u00a0termin\u00f3 su relaci\u00f3n laboral con\u00a0Red Bull Racing, la ma\u00f1ana de este mi\u00e9rcoles 18 de diciembre el piloto junto con la escuder\u00eda dieron a conocer el com\u00fan acuerdo al que llegaron para terminar con su\u00a0contrato. Pero, [&hellip;]\" \/>\n<meta property=\"og:url\" content=\"https:\/\/fuentesfidedignas.com.mx\/index.php\/2024\/12\/18\/sergio-perez-anuncia-que-no-seguira-en-red-bull\/\" \/>\n<meta property=\"og:site_name\" content=\"Fuentes Fidedignas\" \/>\n<meta property=\"article:publisher\" content=\"https:\/\/www.facebook.com\/Fuentes-Fidedignas-368234489921644\" \/>\n<meta property=\"article:published_time\" content=\"2024-12-18T17:24:42+00:00\" \/>\n<meta property=\"article:modified_time\" content=\"2024-12-18T21:35:48+00:00\" \/>\n<meta property=\"og:image\" content=\"https:\/\/fuentesfidedignas.com.mx\/wp-content\/uploads\/2024\/12\/img_5137-1.jpg\" \/>\n\t<meta property=\"og:image:width\" content=\"1536\" \/>\n\t<meta property=\"og:image:height\" content=\"1024\" \/>\n\t<meta property=\"og:image:type\" content=\"image\/jpeg\" \/>\n<meta name=\"author\" content=\"L\u00f3pez D\u00f3riga\" \/>\n<meta name=\"twitter:card\" content=\"summary_large_image\" \/>\n<meta name=\"twitter:creator\" content=\"@fidedignas\" \/>\n<meta name=\"twitter:site\" content=\"@fidedignas\" \/>\n<meta name=\"twitter:label1\" content=\"Escrito por\" \/>\n\t<meta name=\"twitter:data1\" content=\"L\u00f3pez D\u00f3riga\" \/>\n\t<meta name=\"twitter:label2\" content=\"Tiempo de lectura\" \/>\n\t<meta name=\"twitter:data2\" content=\"2 minutos\" \/>\n<script type=\"application\/ld+json\" class=\"yoast-schema-graph\">{\"@context\":\"https:\\\/\\\/schema.org\",\"@graph\":[{\"@type\":\"Article\",\"@id\":\"https:\\\/\\\/fuentesfidedignas.com.mx\\\/index.php\\\/2024\\\/12\\\/18\\\/sergio-perez-anuncia-que-no-seguira-en-red-bull\\\/#article\",\"isPartOf\":{\"@id\":\"https:\\\/\\\/fuentesfidedignas.com.mx\\\/index.php\\\/2024\\\/12\\\/18\\\/sergio-perez-anuncia-que-no-seguira-en-red-bull\\\/\"},\"author\":{\"name\":\"L\u00f3pez D\u00f3riga\",\"@id\":\"https:\\\/\\\/fuentesfidedignas.com.mx\\\/#\\\/schema\\\/person\\\/67d852f0557c8509146a4b9ddebd543a\"},\"headline\":\"Sergio P\u00e9rez anuncia que no seguir\u00e1 en Red Bull\",\"datePublished\":\"2024-12-18T17:24:42+00:00\",\"dateModified\":\"2024-12-18T21:35:48+00:00\",\"mainEntityOfPage\":{\"@id\":\"https:\\\/\\\/fuentesfidedignas.com.mx\\\/index.php\\\/2024\\\/12\\\/18\\\/sergio-perez-anuncia-que-no-seguira-en-red-bull\\\/\"},\"wordCount\":426,\"publisher\":{\"@id\":\"https:\\\/\\\/fuentesfidedignas.com.mx\\\/#organization\"},\"image\":{\"@id\":\"https:\\\/\\\/fuentesfidedignas.com.mx\\\/index.php\\\/2024\\\/12\\\/18\\\/sergio-perez-anuncia-que-no-seguira-en-red-bull\\\/#primaryimage\"},\"thumbnailUrl\":\"https:\\\/\\\/fuentesfidedignas.com.mx\\\/wp-content\\\/uploads\\\/2024\\\/12\\\/img_5137-1.jpg\",\"articleSection\":[\"NOTICIAS NACIONALES\"],\"inLanguage\":\"es\"},{\"@type\":\"WebPage\",\"@id\":\"https:\\\/\\\/fuentesfidedignas.com.mx\\\/index.php\\\/2024\\\/12\\\/18\\\/sergio-perez-anuncia-que-no-seguira-en-red-bull\\\/\",\"url\":\"https:\\\/\\\/fuentesfidedignas.com.mx\\\/index.php\\\/2024\\\/12\\\/18\\\/sergio-perez-anuncia-que-no-seguira-en-red-bull\\\/\",\"name\":\"Sergio P\u00e9rez anuncia que no seguir\u00e1 en Red Bull - Fuentes Fidedignas\",\"isPartOf\":{\"@id\":\"https:\\\/\\\/fuentesfidedignas.com.mx\\\/#website\"},\"primaryImageOfPage\":{\"@id\":\"https:\\\/\\\/fuentesfidedignas.com.mx\\\/index.php\\\/2024\\\/12\\\/18\\\/sergio-perez-anuncia-que-no-seguira-en-red-bull\\\/#primaryimage\"},\"image\":{\"@id\":\"https:\\\/\\\/fuentesfidedignas.com.mx\\\/index.php\\\/2024\\\/12\\\/18\\\/sergio-perez-anuncia-que-no-seguira-en-red-bull\\\/#primaryimage\"},\"thumbnailUrl\":\"https:\\\/\\\/fuentesfidedignas.com.mx\\\/wp-content\\\/uploads\\\/2024\\\/12\\\/img_5137-1.jpg\",\"datePublished\":\"2024-12-18T17:24:42+00:00\",\"dateModified\":\"2024-12-18T21:35:48+00:00\",\"breadcrumb\":{\"@id\":\"https:\\\/\\\/fuentesfidedignas.com.mx\\\/index.php\\\/2024\\\/12\\\/18\\\/sergio-perez-anuncia-que-no-seguira-en-red-bull\\\/#breadcrumb\"},\"inLanguage\":\"es\",\"potentialAction\":[{\"@type\":\"ReadAction\",\"target\":[\"https:\\\/\\\/fuentesfidedignas.com.mx\\\/index.php\\\/2024\\\/12\\\/18\\\/sergio-perez-anuncia-que-no-seguira-en-red-bull\\\/\"]}]},{\"@type\":\"ImageObject\",\"inLanguage\":\"es\",\"@id\":\"https:\\\/\\\/fuentesfidedignas.com.mx\\\/index.php\\\/2024\\\/12\\\/18\\\/sergio-perez-anuncia-que-no-seguira-en-red-bull\\\/#primaryimage\",\"url\":\"https:\\\/\\\/fuentesfidedignas.com.mx\\\/wp-content\\\/uploads\\\/2024\\\/12\\\/img_5137-1.jpg\",\"contentUrl\":\"https:\\\/\\\/fuentesfidedignas.com.mx\\\/wp-content\\\/uploads\\\/2024\\\/12\\\/img_5137-1.jpg\",\"width\":1536,\"height\":1024},{\"@type\":\"BreadcrumbList\",\"@id\":\"https:\\\/\\\/fuentesfidedignas.com.mx\\\/index.php\\\/2024\\\/12\\\/18\\\/sergio-perez-anuncia-que-no-seguira-en-red-bull\\\/#breadcrumb\",\"itemListElement\":[{\"@type\":\"ListItem\",\"position\":1,\"name\":\"Inicio\",\"item\":\"https:\\\/\\\/fuentesfidedignas.com.mx\\\/\"},{\"@type\":\"ListItem\",\"position\":2,\"name\":\"Sergio P\u00e9rez anuncia que no seguir\u00e1 en Red Bull\"}]},{\"@type\":\"WebSite\",\"@id\":\"https:\\\/\\\/fuentesfidedignas.com.mx\\\/#website\",\"url\":\"https:\\\/\\\/fuentesfidedignas.com.mx\\\/\",\"name\":\"Fuentes Fidedignas\",\"description\":\"Otro sitio realizado con WordPress\",\"publisher\":{\"@id\":\"https:\\\/\\\/fuentesfidedignas.com.mx\\\/#organization\"},\"potentialAction\":[{\"@type\":\"SearchAction\",\"target\":{\"@type\":\"EntryPoint\",\"urlTemplate\":\"https:\\\/\\\/fuentesfidedignas.com.mx\\\/?s={search_term_string}\"},\"query-input\":{\"@type\":\"PropertyValueSpecification\",\"valueRequired\":true,\"valueName\":\"search_term_string\"}}],\"inLanguage\":\"es\"},{\"@type\":\"Organization\",\"@id\":\"https:\\\/\\\/fuentesfidedignas.com.mx\\\/#organization\",\"name\":\"Fuentes Fidedignas\",\"url\":\"https:\\\/\\\/fuentesfidedignas.com.mx\\\/\",\"logo\":{\"@type\":\"ImageObject\",\"inLanguage\":\"es\",\"@id\":\"https:\\\/\\\/fuentesfidedignas.com.mx\\\/#\\\/schema\\\/logo\\\/image\\\/\",\"url\":\"https:\\\/\\\/fuentesfidedignas.com.mx\\\/wp-content\\\/uploads\\\/2021\\\/04\\\/logo-retina.png\",\"contentUrl\":\"https:\\\/\\\/fuentesfidedignas.com.mx\\\/wp-content\\\/uploads\\\/2021\\\/04\\\/logo-retina.png\",\"width\":280,\"height\":51,\"caption\":\"Fuentes Fidedignas\"},\"image\":{\"@id\":\"https:\\\/\\\/fuentesfidedignas.com.mx\\\/#\\\/schema\\\/logo\\\/image\\\/\"},\"sameAs\":[\"https:\\\/\\\/www.facebook.com\\\/Fuentes-Fidedignas-368234489921644\",\"https:\\\/\\\/x.com\\\/fidedignas\"]},{\"@type\":\"Person\",\"@id\":\"https:\\\/\\\/fuentesfidedignas.com.mx\\\/#\\\/schema\\\/person\\\/67d852f0557c8509146a4b9ddebd543a\",\"name\":\"L\u00f3pez D\u00f3riga\",\"image\":{\"@type\":\"ImageObject\",\"inLanguage\":\"es\",\"@id\":\"https:\\\/\\\/secure.gravatar.com\\\/avatar\\\/e525b06574ca18b33cded59dfe5778d6c823b9513154eff47da551b0551bdd1e?s=96&d=mm&r=g\",\"url\":\"https:\\\/\\\/secure.gravatar.com\\\/avatar\\\/e525b06574ca18b33cded59dfe5778d6c823b9513154eff47da551b0551bdd1e?s=96&d=mm&r=g\",\"contentUrl\":\"https:\\\/\\\/secure.gravatar.com\\\/avatar\\\/e525b06574ca18b33cded59dfe5778d6c823b9513154eff47da551b0551bdd1e?s=96&d=mm&r=g\",\"caption\":\"L\u00f3pez D\u00f3riga\"},\"url\":\"https:\\\/\\\/fuentesfidedignas.com.mx\\\/index.php\\\/author\\\/doriga\\\/\"}]}<\/script>\n<!-- \/ Yoast SEO plugin. -->","yoast_head_json":{"title":"Sergio P\u00e9rez anuncia que no seguir\u00e1 en Red Bull - Fuentes Fidedignas","robots":{"index":"index","follow":"follow","max-snippet":"max-snippet:-1","max-image-preview":"max-image-preview:large","max-video-preview":"max-video-preview:-1"},"canonical":"https:\/\/fuentesfidedignas.com.mx\/index.php\/2024\/12\/18\/sergio-perez-anuncia-que-no-seguira-en-red-bull\/","og_locale":"es_MX","og_type":"article","og_title":"Sergio P\u00e9rez anuncia que no seguir\u00e1 en Red Bull - Fuentes Fidedignas","og_description":"Por medio de redes sociales, el piloto mexicano Sergio Checo\u2019 P\u00e9rez anunci\u00f3 que no seguir\u00e1 con la escuder\u00eda Red Bull Sergio\u00a0Checo\u00a0P\u00e9rez\u00a0termin\u00f3 su relaci\u00f3n laboral con\u00a0Red Bull Racing, la ma\u00f1ana de este mi\u00e9rcoles 18 de diciembre el piloto junto con la escuder\u00eda dieron a conocer el com\u00fan acuerdo al que llegaron para terminar con su\u00a0contrato. Pero, [&hellip;]","og_url":"https:\/\/fuentesfidedignas.com.mx\/index.php\/2024\/12\/18\/sergio-perez-anuncia-que-no-seguira-en-red-bull\/","og_site_name":"Fuentes Fidedignas","article_publisher":"https:\/\/www.facebook.com\/Fuentes-Fidedignas-368234489921644","article_published_time":"2024-12-18T17:24:42+00:00","article_modified_time":"2024-12-18T21:35:48+00:00","og_image":[{"width":1536,"height":1024,"url":"https:\/\/fuentesfidedignas.com.mx\/wp-content\/uploads\/2024\/12\/img_5137-1.jpg","type":"image\/jpeg"}],"author":"L\u00f3pez D\u00f3riga","twitter_card":"summary_large_image","twitter_creator":"@fidedignas","twitter_site":"@fidedignas","twitter_misc":{"Escrito por":"L\u00f3pez D\u00f3riga","Tiempo de lectura":"2 minutos"},"schema":{"@context":"https:\/\/schema.org","@graph":[{"@type":"Article","@id":"https:\/\/fuentesfidedignas.com.mx\/index.php\/2024\/12\/18\/sergio-perez-anuncia-que-no-seguira-en-red-bull\/#article","isPartOf":{"@id":"https:\/\/fuentesfidedignas.com.mx\/index.php\/2024\/12\/18\/sergio-perez-anuncia-que-no-seguira-en-red-bull\/"},"author":{"name":"L\u00f3pez D\u00f3riga","@id":"https:\/\/fuentesfidedignas.com.mx\/#\/schema\/person\/67d852f0557c8509146a4b9ddebd543a"},"headline":"Sergio P\u00e9rez anuncia que no seguir\u00e1 en Red Bull","datePublished":"2024-12-18T17:24:42+00:00","dateModified":"2024-12-18T21:35:48+00:00","mainEntityOfPage":{"@id":"https:\/\/fuentesfidedignas.com.mx\/index.php\/2024\/12\/18\/sergio-perez-anuncia-que-no-seguira-en-red-bull\/"},"wordCount":426,"publisher":{"@id":"https:\/\/fuentesfidedignas.com.mx\/#organization"},"image":{"@id":"https:\/\/fuentesfidedignas.com.mx\/index.php\/2024\/12\/18\/sergio-perez-anuncia-que-no-seguira-en-red-bull\/#primaryimage"},"thumbnailUrl":"https:\/\/fuentesfidedignas.com.mx\/wp-content\/uploads\/2024\/12\/img_5137-1.jpg","articleSection":["NOTICIAS NACIONALES"],"inLanguage":"es"},{"@type":"WebPage","@id":"https:\/\/fuentesfidedignas.com.mx\/index.php\/2024\/12\/18\/sergio-perez-anuncia-que-no-seguira-en-red-bull\/","url":"https:\/\/fuentesfidedignas.com.mx\/index.php\/2024\/12\/18\/sergio-perez-anuncia-que-no-seguira-en-red-bull\/","name":"Sergio P\u00e9rez anuncia que no seguir\u00e1 en Red Bull - Fuentes Fidedignas","isPartOf":{"@id":"https:\/\/fuentesfidedignas.com.mx\/#website"},"primaryImageOfPage":{"@id":"https:\/\/fuentesfidedignas.com.mx\/index.php\/2024\/12\/18\/sergio-perez-anuncia-que-no-seguira-en-red-bull\/#primaryimage"},"image":{"@id":"https:\/\/fuentesfidedignas.com.mx\/index.php\/2024\/12\/18\/sergio-perez-anuncia-que-no-seguira-en-red-bull\/#primaryimage"},"thumbnailUrl":"https:\/\/fuentesfidedignas.com.mx\/wp-content\/uploads\/2024\/12\/img_5137-1.jpg","datePublished":"2024-12-18T17:24:42+00:00","dateModified":"2024-12-18T21:35:48+00:00","breadcrumb":{"@id":"https:\/\/fuentesfidedignas.com.mx\/index.php\/2024\/12\/18\/sergio-perez-anuncia-que-no-seguira-en-red-bull\/#breadcrumb"},"inLanguage":"es","potentialAction":[{"@type":"ReadAction","target":["https:\/\/fuentesfidedignas.com.mx\/index.php\/2024\/12\/18\/sergio-perez-anuncia-que-no-seguira-en-red-bull\/"]}]},{"@type":"ImageObject","inLanguage":"es","@id":"https:\/\/fuentesfidedignas.com.mx\/index.php\/2024\/12\/18\/sergio-perez-anuncia-que-no-seguira-en-red-bull\/#primaryimage","url":"https:\/\/fuentesfidedignas.com.mx\/wp-content\/uploads\/2024\/12\/img_5137-1.jpg","contentUrl":"https:\/\/fuentesfidedignas.com.mx\/wp-content\/uploads\/2024\/12\/img_5137-1.jpg","width":1536,"height":1024},{"@type":"BreadcrumbList","@id":"https:\/\/fuentesfidedignas.com.mx\/index.php\/2024\/12\/18\/sergio-perez-anuncia-que-no-seguira-en-red-bull\/#breadcrumb","itemListElement":[{"@type":"ListItem","position":1,"name":"Inicio","item":"https:\/\/fuentesfidedignas.com.mx\/"},{"@type":"ListItem","position":2,"name":"Sergio P\u00e9rez anuncia que no seguir\u00e1 en Red Bull"}]},{"@type":"WebSite","@id":"https:\/\/fuentesfidedignas.com.mx\/#website","url":"https:\/\/fuentesfidedignas.com.mx\/","name":"Fuentes Fidedignas","description":"Otro sitio realizado con WordPress","publisher":{"@id":"https:\/\/fuentesfidedignas.com.mx\/#organization"},"potentialAction":[{"@type":"SearchAction","target":{"@type":"EntryPoint","urlTemplate":"https:\/\/fuentesfidedignas.com.mx\/?s={search_term_string}"},"query-input":{"@type":"PropertyValueSpecification","valueRequired":true,"valueName":"search_term_string"}}],"inLanguage":"es"},{"@type":"Organization","@id":"https:\/\/fuentesfidedignas.com.mx\/#organization","name":"Fuentes Fidedignas","url":"https:\/\/fuentesfidedignas.com.mx\/","logo":{"@type":"ImageObject","inLanguage":"es","@id":"https:\/\/fuentesfidedignas.com.mx\/#\/schema\/logo\/image\/","url":"https:\/\/fuentesfidedignas.com.mx\/wp-content\/uploads\/2021\/04\/logo-retina.png","contentUrl":"https:\/\/fuentesfidedignas.com.mx\/wp-content\/uploads\/2021\/04\/logo-retina.png","width":280,"height":51,"caption":"Fuentes Fidedignas"},"image":{"@id":"https:\/\/fuentesfidedignas.com.mx\/#\/schema\/logo\/image\/"},"sameAs":["https:\/\/www.facebook.com\/Fuentes-Fidedignas-368234489921644","https:\/\/x.com\/fidedignas"]},{"@type":"Person","@id":"https:\/\/fuentesfidedignas.com.mx\/#\/schema\/person\/67d852f0557c8509146a4b9ddebd543a","name":"L\u00f3pez D\u00f3riga","image":{"@type":"ImageObject","inLanguage":"es","@id":"https:\/\/secure.gravatar.com\/avatar\/e525b06574ca18b33cded59dfe5778d6c823b9513154eff47da551b0551bdd1e?s=96&d=mm&r=g","url":"https:\/\/secure.gravatar.com\/avatar\/e525b06574ca18b33cded59dfe5778d6c823b9513154eff47da551b0551bdd1e?s=96&d=mm&r=g","contentUrl":"https:\/\/secure.gravatar.com\/avatar\/e525b06574ca18b33cded59dfe5778d6c823b9513154eff47da551b0551bdd1e?s=96&d=mm&r=g","caption":"L\u00f3pez D\u00f3riga"},"url":"https:\/\/fuentesfidedignas.com.mx\/index.php\/author\/doriga\/"}]}},"_links":{"self":[{"href":"https:\/\/fuentesfidedignas.com.mx\/index.php\/wp-json\/wp\/v2\/posts\/97843","targetHints":{"allow":["GET"]}}],"collection":[{"href":"https:\/\/fuentesfidedignas.com.mx\/index.php\/wp-json\/wp\/v2\/posts"}],"about":[{"href":"https:\/\/fuentesfidedignas.com.mx\/index.php\/wp-json\/wp\/v2\/types\/post"}],"author":[{"embeddable":true,"href":"https:\/\/fuentesfidedignas.com.mx\/index.php\/wp-json\/wp\/v2\/users\/47"}],"replies":[{"embeddable":true,"href":"https:\/\/fuentesfidedignas.com.mx\/index.php\/wp-json\/wp\/v2\/comments?post=97843"}],"version-history":[{"count":3,"href":"https:\/\/fuentesfidedignas.com.mx\/index.php\/wp-json\/wp\/v2\/posts\/97843\/revisions"}],"predecessor-version":[{"id":97862,"href":"https:\/\/fuentesfidedignas.com.mx\/index.php\/wp-json\/wp\/v2\/posts\/97843\/revisions\/97862"}],"wp:featuredmedia":[{"embeddable":true,"href":"https:\/\/fuentesfidedignas.com.mx\/index.php\/wp-json\/wp\/v2\/media\/97842"}],"wp:attachment":[{"href":"https:\/\/fuentesfidedignas.com.mx\/index.php\/wp-json\/wp\/v2\/media?parent=97843"}],"wp:term":[{"taxonomy":"category","embeddable":true,"href":"https:\/\/fuentesfidedignas.com.mx\/index.php\/wp-json\/wp\/v2\/categories?post=97843"},{"taxonomy":"post_tag","embeddable":true,"href":"https:\/\/fuentesfidedignas.com.mx\/index.php\/wp-json\/wp\/v2\/tags?post=97843"}],"curies":[{"name":"wp","href":"https:\/\/api.w.org\/{rel}","templated":true}]}}