{"id":97694,"date":"2024-12-17T04:00:00","date_gmt":"2024-12-17T11:00:00","guid":{"rendered":"https:\/\/fuentesfidedignas.com.mx\/?p=97694"},"modified":"2024-12-16T18:59:37","modified_gmt":"2024-12-17T01:59:37","slug":"descubren-que-lado-no-visible-de-la-luna-tuvo-volcanes-en-erupcion","status":"publish","type":"post","link":"https:\/\/fuentesfidedignas.com.mx\/index.php\/2024\/12\/17\/descubren-que-lado-no-visible-de-la-luna-tuvo-volcanes-en-erupcion\/","title":{"rendered":"Descubren que lado no visible de la Luna tuvo volcanes en erupci\u00f3n"},"content":{"rendered":"\n<p><strong><em>Seg\u00fan investigadores, hace miles de millones de a\u00f1os hab\u00eda volcanes en erupci\u00f3n en el misterioso lado lejano de la Luna.<\/em><\/strong><\/p>\n\n\n\n<p>Hace miles de millones de a\u00f1os hab\u00eda volcanes en erupci\u00f3n en el misterioso lado lejano de la Luna, igual que en el lado que podemos ver, confirma una nueva investigaci\u00f3n.<\/p>\n\n\n\n<p>Los investigadores analizaron el suelo lunar tra\u00eddo por la nave espacial china Chang\u2019e-6, la primera en regresar con un cargamento de rocas y tierra del lado lejano poco explorado.<\/p>\n\n\n\n<p>Dos equipos diferentes encontraron fragmentos de roca volc\u00e1nica de unos 2,800 millones de a\u00f1os de antig\u00fcedad. Uno de los fragmentos era a\u00fan m\u00e1s antiguo, datando de hace 4,200 millones de a\u00f1os.<\/p>\n\n\n\n<p>&#8220;Obtener una muestra de esta zona es realmente importante porque es un \u00e1rea para la que de otra manera no tendr\u00edamos datos\u201d, dijo Christopher Hamilton, un experto en volcanes planetarios de la Universidad de Arizona que no particip\u00f3 en la investigaci\u00f3n.<\/p>\n\n\n\n<p>Los cient\u00edficos saben que en la cara visible de la Luna, la parte de la Luna que se ve desde la Tierra, hubo volcanes activos que datan de un per\u00edodo de tiempo similar. Estudios anteriores, incluidos datos del Lunar Reconnaissance Orbiter de la NASA, sugirieron que la cara oculta tambi\u00e9n podr\u00eda tener un pasado volc\u00e1nico. Las primeras muestras de esa regi\u00f3n que mira hacia el lado opuesto de la Tierra confirman una historia activa.<\/p>\n\n\n\n<p><\/p>\n","protected":false},"excerpt":{"rendered":"<p>Seg\u00fan investigadores, hace miles de millones de a\u00f1os hab\u00eda volcanes en erupci\u00f3n en el misterioso lado lejano de la Luna. Hace miles de millones de a\u00f1os hab\u00eda volcanes en erupci\u00f3n en el misterioso lado lejano de la Luna, igual que en el lado que podemos ver, confirma una nueva investigaci\u00f3n. Los investigadores analizaron el suelo [&hellip;]<\/p>\n","protected":false},"author":178,"featured_media":97695,"comment_status":"open","ping_status":"open","sticky":false,"template":"","format":"standard","meta":{"tdm_status":"","tdm_grid_status":"","footnotes":""},"categories":[40],"tags":[],"class_list":{"0":"post-97694","1":"post","2":"type-post","3":"status-publish","4":"format-standard","5":"has-post-thumbnail","7":"category-las-asombrosas"},"yoast_head":"<!-- This site is optimized with the Yoast SEO plugin v27.5 - https:\/\/yoast.com\/product\/yoast-seo-wordpress\/ -->\n<title>Descubren que lado no visible de la Luna tuvo volcanes en erupci\u00f3n - Fuentes Fidedignas<\/title>\n<meta name=\"robots\" content=\"index, follow, max-snippet:-1, max-image-preview:large, max-video-preview:-1\" \/>\n<link rel=\"canonical\" href=\"https:\/\/fuentesfidedignas.com.mx\/index.php\/2024\/12\/17\/descubren-que-lado-no-visible-de-la-luna-tuvo-volcanes-en-erupcion\/\" \/>\n<meta property=\"og:locale\" content=\"es_MX\" \/>\n<meta property=\"og:type\" content=\"article\" \/>\n<meta property=\"og:title\" content=\"Descubren que lado no visible de la Luna tuvo volcanes en erupci\u00f3n - Fuentes Fidedignas\" \/>\n<meta property=\"og:description\" content=\"Seg\u00fan investigadores, hace miles de millones de a\u00f1os hab\u00eda volcanes en erupci\u00f3n en el misterioso lado lejano de la Luna. Hace miles de millones de a\u00f1os hab\u00eda volcanes en erupci\u00f3n en el misterioso lado lejano de la Luna, igual que en el lado que podemos ver, confirma una nueva investigaci\u00f3n. Los investigadores analizaron el suelo [&hellip;]\" \/>\n<meta property=\"og:url\" content=\"https:\/\/fuentesfidedignas.com.mx\/index.php\/2024\/12\/17\/descubren-que-lado-no-visible-de-la-luna-tuvo-volcanes-en-erupcion\/\" \/>\n<meta property=\"og:site_name\" content=\"Fuentes Fidedignas\" \/>\n<meta property=\"article:publisher\" content=\"https:\/\/www.facebook.com\/Fuentes-Fidedignas-368234489921644\" \/>\n<meta property=\"article:published_time\" content=\"2024-12-17T11:00:00+00:00\" \/>\n<meta property=\"og:image\" content=\"https:\/\/fuentesfidedignas.com.mx\/wp-content\/uploads\/2024\/12\/volcanes_luna.jpg\" \/>\n\t<meta property=\"og:image:width\" content=\"600\" \/>\n\t<meta property=\"og:image:height\" content=\"363\" \/>\n\t<meta property=\"og:image:type\" content=\"image\/jpeg\" \/>\n<meta name=\"author\" content=\"Telemundo\" \/>\n<meta name=\"twitter:card\" content=\"summary_large_image\" \/>\n<meta name=\"twitter:creator\" content=\"@fidedignas\" \/>\n<meta name=\"twitter:site\" content=\"@fidedignas\" \/>\n<meta name=\"twitter:label1\" content=\"Escrito por\" \/>\n\t<meta name=\"twitter:data1\" content=\"Telemundo\" \/>\n\t<meta name=\"twitter:label2\" content=\"Tiempo de lectura\" \/>\n\t<meta name=\"twitter:data2\" content=\"2 minutos\" \/>\n<script type=\"application\/ld+json\" class=\"yoast-schema-graph\">{\"@context\":\"https:\\\/\\\/schema.org\",\"@graph\":[{\"@type\":\"Article\",\"@id\":\"https:\\\/\\\/fuentesfidedignas.com.mx\\\/index.php\\\/2024\\\/12\\\/17\\\/descubren-que-lado-no-visible-de-la-luna-tuvo-volcanes-en-erupcion\\\/#article\",\"isPartOf\":{\"@id\":\"https:\\\/\\\/fuentesfidedignas.com.mx\\\/index.php\\\/2024\\\/12\\\/17\\\/descubren-que-lado-no-visible-de-la-luna-tuvo-volcanes-en-erupcion\\\/\"},\"author\":{\"name\":\"Telemundo\",\"@id\":\"https:\\\/\\\/fuentesfidedignas.com.mx\\\/#\\\/schema\\\/person\\\/3ad2739835491b0214c6a68f407687c9\"},\"headline\":\"Descubren que lado no visible de la Luna tuvo volcanes en erupci\u00f3n\",\"datePublished\":\"2024-12-17T11:00:00+00:00\",\"mainEntityOfPage\":{\"@id\":\"https:\\\/\\\/fuentesfidedignas.com.mx\\\/index.php\\\/2024\\\/12\\\/17\\\/descubren-que-lado-no-visible-de-la-luna-tuvo-volcanes-en-erupcion\\\/\"},\"wordCount\":260,\"commentCount\":0,\"publisher\":{\"@id\":\"https:\\\/\\\/fuentesfidedignas.com.mx\\\/#organization\"},\"image\":{\"@id\":\"https:\\\/\\\/fuentesfidedignas.com.mx\\\/index.php\\\/2024\\\/12\\\/17\\\/descubren-que-lado-no-visible-de-la-luna-tuvo-volcanes-en-erupcion\\\/#primaryimage\"},\"thumbnailUrl\":\"https:\\\/\\\/fuentesfidedignas.com.mx\\\/wp-content\\\/uploads\\\/2024\\\/12\\\/volcanes_luna.jpg\",\"articleSection\":[\"LAS ASOMBROSAS\"],\"inLanguage\":\"es\",\"potentialAction\":[{\"@type\":\"CommentAction\",\"name\":\"Comment\",\"target\":[\"https:\\\/\\\/fuentesfidedignas.com.mx\\\/index.php\\\/2024\\\/12\\\/17\\\/descubren-que-lado-no-visible-de-la-luna-tuvo-volcanes-en-erupcion\\\/#respond\"]}]},{\"@type\":\"WebPage\",\"@id\":\"https:\\\/\\\/fuentesfidedignas.com.mx\\\/index.php\\\/2024\\\/12\\\/17\\\/descubren-que-lado-no-visible-de-la-luna-tuvo-volcanes-en-erupcion\\\/\",\"url\":\"https:\\\/\\\/fuentesfidedignas.com.mx\\\/index.php\\\/2024\\\/12\\\/17\\\/descubren-que-lado-no-visible-de-la-luna-tuvo-volcanes-en-erupcion\\\/\",\"name\":\"Descubren que lado no visible de la Luna tuvo volcanes en erupci\u00f3n - Fuentes Fidedignas\",\"isPartOf\":{\"@id\":\"https:\\\/\\\/fuentesfidedignas.com.mx\\\/#website\"},\"primaryImageOfPage\":{\"@id\":\"https:\\\/\\\/fuentesfidedignas.com.mx\\\/index.php\\\/2024\\\/12\\\/17\\\/descubren-que-lado-no-visible-de-la-luna-tuvo-volcanes-en-erupcion\\\/#primaryimage\"},\"image\":{\"@id\":\"https:\\\/\\\/fuentesfidedignas.com.mx\\\/index.php\\\/2024\\\/12\\\/17\\\/descubren-que-lado-no-visible-de-la-luna-tuvo-volcanes-en-erupcion\\\/#primaryimage\"},\"thumbnailUrl\":\"https:\\\/\\\/fuentesfidedignas.com.mx\\\/wp-content\\\/uploads\\\/2024\\\/12\\\/volcanes_luna.jpg\",\"datePublished\":\"2024-12-17T11:00:00+00:00\",\"breadcrumb\":{\"@id\":\"https:\\\/\\\/fuentesfidedignas.com.mx\\\/index.php\\\/2024\\\/12\\\/17\\\/descubren-que-lado-no-visible-de-la-luna-tuvo-volcanes-en-erupcion\\\/#breadcrumb\"},\"inLanguage\":\"es\",\"potentialAction\":[{\"@type\":\"ReadAction\",\"target\":[\"https:\\\/\\\/fuentesfidedignas.com.mx\\\/index.php\\\/2024\\\/12\\\/17\\\/descubren-que-lado-no-visible-de-la-luna-tuvo-volcanes-en-erupcion\\\/\"]}]},{\"@type\":\"ImageObject\",\"inLanguage\":\"es\",\"@id\":\"https:\\\/\\\/fuentesfidedignas.com.mx\\\/index.php\\\/2024\\\/12\\\/17\\\/descubren-que-lado-no-visible-de-la-luna-tuvo-volcanes-en-erupcion\\\/#primaryimage\",\"url\":\"https:\\\/\\\/fuentesfidedignas.com.mx\\\/wp-content\\\/uploads\\\/2024\\\/12\\\/volcanes_luna.jpg\",\"contentUrl\":\"https:\\\/\\\/fuentesfidedignas.com.mx\\\/wp-content\\\/uploads\\\/2024\\\/12\\\/volcanes_luna.jpg\",\"width\":600,\"height\":363},{\"@type\":\"BreadcrumbList\",\"@id\":\"https:\\\/\\\/fuentesfidedignas.com.mx\\\/index.php\\\/2024\\\/12\\\/17\\\/descubren-que-lado-no-visible-de-la-luna-tuvo-volcanes-en-erupcion\\\/#breadcrumb\",\"itemListElement\":[{\"@type\":\"ListItem\",\"position\":1,\"name\":\"Inicio\",\"item\":\"https:\\\/\\\/fuentesfidedignas.com.mx\\\/\"},{\"@type\":\"ListItem\",\"position\":2,\"name\":\"Descubren que lado no visible de la Luna tuvo volcanes en erupci\u00f3n\"}]},{\"@type\":\"WebSite\",\"@id\":\"https:\\\/\\\/fuentesfidedignas.com.mx\\\/#website\",\"url\":\"https:\\\/\\\/fuentesfidedignas.com.mx\\\/\",\"name\":\"Fuentes Fidedignas\",\"description\":\"Otro sitio realizado con WordPress\",\"publisher\":{\"@id\":\"https:\\\/\\\/fuentesfidedignas.com.mx\\\/#organization\"},\"potentialAction\":[{\"@type\":\"SearchAction\",\"target\":{\"@type\":\"EntryPoint\",\"urlTemplate\":\"https:\\\/\\\/fuentesfidedignas.com.mx\\\/?s={search_term_string}\"},\"query-input\":{\"@type\":\"PropertyValueSpecification\",\"valueRequired\":true,\"valueName\":\"search_term_string\"}}],\"inLanguage\":\"es\"},{\"@type\":\"Organization\",\"@id\":\"https:\\\/\\\/fuentesfidedignas.com.mx\\\/#organization\",\"name\":\"Fuentes Fidedignas\",\"url\":\"https:\\\/\\\/fuentesfidedignas.com.mx\\\/\",\"logo\":{\"@type\":\"ImageObject\",\"inLanguage\":\"es\",\"@id\":\"https:\\\/\\\/fuentesfidedignas.com.mx\\\/#\\\/schema\\\/logo\\\/image\\\/\",\"url\":\"https:\\\/\\\/fuentesfidedignas.com.mx\\\/wp-content\\\/uploads\\\/2021\\\/04\\\/logo-retina.png\",\"contentUrl\":\"https:\\\/\\\/fuentesfidedignas.com.mx\\\/wp-content\\\/uploads\\\/2021\\\/04\\\/logo-retina.png\",\"width\":280,\"height\":51,\"caption\":\"Fuentes Fidedignas\"},\"image\":{\"@id\":\"https:\\\/\\\/fuentesfidedignas.com.mx\\\/#\\\/schema\\\/logo\\\/image\\\/\"},\"sameAs\":[\"https:\\\/\\\/www.facebook.com\\\/Fuentes-Fidedignas-368234489921644\",\"https:\\\/\\\/x.com\\\/fidedignas\"]},{\"@type\":\"Person\",\"@id\":\"https:\\\/\\\/fuentesfidedignas.com.mx\\\/#\\\/schema\\\/person\\\/3ad2739835491b0214c6a68f407687c9\",\"name\":\"Telemundo\",\"image\":{\"@type\":\"ImageObject\",\"inLanguage\":\"es\",\"@id\":\"https:\\\/\\\/secure.gravatar.com\\\/avatar\\\/345d476868010538a48563112cd4920f3d4181737dafb588c08a92a94e10f9d8?s=96&d=mm&r=g\",\"url\":\"https:\\\/\\\/secure.gravatar.com\\\/avatar\\\/345d476868010538a48563112cd4920f3d4181737dafb588c08a92a94e10f9d8?s=96&d=mm&r=g\",\"contentUrl\":\"https:\\\/\\\/secure.gravatar.com\\\/avatar\\\/345d476868010538a48563112cd4920f3d4181737dafb588c08a92a94e10f9d8?s=96&d=mm&r=g\",\"caption\":\"Telemundo\"},\"url\":\"https:\\\/\\\/fuentesfidedignas.com.mx\\\/index.php\\\/author\\\/telemundo\\\/\"}]}<\/script>\n<!-- \/ Yoast SEO plugin. -->","yoast_head_json":{"title":"Descubren que lado no visible de la Luna tuvo volcanes en erupci\u00f3n - Fuentes Fidedignas","robots":{"index":"index","follow":"follow","max-snippet":"max-snippet:-1","max-image-preview":"max-image-preview:large","max-video-preview":"max-video-preview:-1"},"canonical":"https:\/\/fuentesfidedignas.com.mx\/index.php\/2024\/12\/17\/descubren-que-lado-no-visible-de-la-luna-tuvo-volcanes-en-erupcion\/","og_locale":"es_MX","og_type":"article","og_title":"Descubren que lado no visible de la Luna tuvo volcanes en erupci\u00f3n - Fuentes Fidedignas","og_description":"Seg\u00fan investigadores, hace miles de millones de a\u00f1os hab\u00eda volcanes en erupci\u00f3n en el misterioso lado lejano de la Luna. Hace miles de millones de a\u00f1os hab\u00eda volcanes en erupci\u00f3n en el misterioso lado lejano de la Luna, igual que en el lado que podemos ver, confirma una nueva investigaci\u00f3n. Los investigadores analizaron el suelo [&hellip;]","og_url":"https:\/\/fuentesfidedignas.com.mx\/index.php\/2024\/12\/17\/descubren-que-lado-no-visible-de-la-luna-tuvo-volcanes-en-erupcion\/","og_site_name":"Fuentes Fidedignas","article_publisher":"https:\/\/www.facebook.com\/Fuentes-Fidedignas-368234489921644","article_published_time":"2024-12-17T11:00:00+00:00","og_image":[{"width":600,"height":363,"url":"https:\/\/fuentesfidedignas.com.mx\/wp-content\/uploads\/2024\/12\/volcanes_luna.jpg","type":"image\/jpeg"}],"author":"Telemundo","twitter_card":"summary_large_image","twitter_creator":"@fidedignas","twitter_site":"@fidedignas","twitter_misc":{"Escrito por":"Telemundo","Tiempo de lectura":"2 minutos"},"schema":{"@context":"https:\/\/schema.org","@graph":[{"@type":"Article","@id":"https:\/\/fuentesfidedignas.com.mx\/index.php\/2024\/12\/17\/descubren-que-lado-no-visible-de-la-luna-tuvo-volcanes-en-erupcion\/#article","isPartOf":{"@id":"https:\/\/fuentesfidedignas.com.mx\/index.php\/2024\/12\/17\/descubren-que-lado-no-visible-de-la-luna-tuvo-volcanes-en-erupcion\/"},"author":{"name":"Telemundo","@id":"https:\/\/fuentesfidedignas.com.mx\/#\/schema\/person\/3ad2739835491b0214c6a68f407687c9"},"headline":"Descubren que lado no visible de la Luna tuvo volcanes en erupci\u00f3n","datePublished":"2024-12-17T11:00:00+00:00","mainEntityOfPage":{"@id":"https:\/\/fuentesfidedignas.com.mx\/index.php\/2024\/12\/17\/descubren-que-lado-no-visible-de-la-luna-tuvo-volcanes-en-erupcion\/"},"wordCount":260,"commentCount":0,"publisher":{"@id":"https:\/\/fuentesfidedignas.com.mx\/#organization"},"image":{"@id":"https:\/\/fuentesfidedignas.com.mx\/index.php\/2024\/12\/17\/descubren-que-lado-no-visible-de-la-luna-tuvo-volcanes-en-erupcion\/#primaryimage"},"thumbnailUrl":"https:\/\/fuentesfidedignas.com.mx\/wp-content\/uploads\/2024\/12\/volcanes_luna.jpg","articleSection":["LAS ASOMBROSAS"],"inLanguage":"es","potentialAction":[{"@type":"CommentAction","name":"Comment","target":["https:\/\/fuentesfidedignas.com.mx\/index.php\/2024\/12\/17\/descubren-que-lado-no-visible-de-la-luna-tuvo-volcanes-en-erupcion\/#respond"]}]},{"@type":"WebPage","@id":"https:\/\/fuentesfidedignas.com.mx\/index.php\/2024\/12\/17\/descubren-que-lado-no-visible-de-la-luna-tuvo-volcanes-en-erupcion\/","url":"https:\/\/fuentesfidedignas.com.mx\/index.php\/2024\/12\/17\/descubren-que-lado-no-visible-de-la-luna-tuvo-volcanes-en-erupcion\/","name":"Descubren que lado no visible de la Luna tuvo volcanes en erupci\u00f3n - Fuentes Fidedignas","isPartOf":{"@id":"https:\/\/fuentesfidedignas.com.mx\/#website"},"primaryImageOfPage":{"@id":"https:\/\/fuentesfidedignas.com.mx\/index.php\/2024\/12\/17\/descubren-que-lado-no-visible-de-la-luna-tuvo-volcanes-en-erupcion\/#primaryimage"},"image":{"@id":"https:\/\/fuentesfidedignas.com.mx\/index.php\/2024\/12\/17\/descubren-que-lado-no-visible-de-la-luna-tuvo-volcanes-en-erupcion\/#primaryimage"},"thumbnailUrl":"https:\/\/fuentesfidedignas.com.mx\/wp-content\/uploads\/2024\/12\/volcanes_luna.jpg","datePublished":"2024-12-17T11:00:00+00:00","breadcrumb":{"@id":"https:\/\/fuentesfidedignas.com.mx\/index.php\/2024\/12\/17\/descubren-que-lado-no-visible-de-la-luna-tuvo-volcanes-en-erupcion\/#breadcrumb"},"inLanguage":"es","potentialAction":[{"@type":"ReadAction","target":["https:\/\/fuentesfidedignas.com.mx\/index.php\/2024\/12\/17\/descubren-que-lado-no-visible-de-la-luna-tuvo-volcanes-en-erupcion\/"]}]},{"@type":"ImageObject","inLanguage":"es","@id":"https:\/\/fuentesfidedignas.com.mx\/index.php\/2024\/12\/17\/descubren-que-lado-no-visible-de-la-luna-tuvo-volcanes-en-erupcion\/#primaryimage","url":"https:\/\/fuentesfidedignas.com.mx\/wp-content\/uploads\/2024\/12\/volcanes_luna.jpg","contentUrl":"https:\/\/fuentesfidedignas.com.mx\/wp-content\/uploads\/2024\/12\/volcanes_luna.jpg","width":600,"height":363},{"@type":"BreadcrumbList","@id":"https:\/\/fuentesfidedignas.com.mx\/index.php\/2024\/12\/17\/descubren-que-lado-no-visible-de-la-luna-tuvo-volcanes-en-erupcion\/#breadcrumb","itemListElement":[{"@type":"ListItem","position":1,"name":"Inicio","item":"https:\/\/fuentesfidedignas.com.mx\/"},{"@type":"ListItem","position":2,"name":"Descubren que lado no visible de la Luna tuvo volcanes en erupci\u00f3n"}]},{"@type":"WebSite","@id":"https:\/\/fuentesfidedignas.com.mx\/#website","url":"https:\/\/fuentesfidedignas.com.mx\/","name":"Fuentes Fidedignas","description":"Otro sitio realizado con WordPress","publisher":{"@id":"https:\/\/fuentesfidedignas.com.mx\/#organization"},"potentialAction":[{"@type":"SearchAction","target":{"@type":"EntryPoint","urlTemplate":"https:\/\/fuentesfidedignas.com.mx\/?s={search_term_string}"},"query-input":{"@type":"PropertyValueSpecification","valueRequired":true,"valueName":"search_term_string"}}],"inLanguage":"es"},{"@type":"Organization","@id":"https:\/\/fuentesfidedignas.com.mx\/#organization","name":"Fuentes Fidedignas","url":"https:\/\/fuentesfidedignas.com.mx\/","logo":{"@type":"ImageObject","inLanguage":"es","@id":"https:\/\/fuentesfidedignas.com.mx\/#\/schema\/logo\/image\/","url":"https:\/\/fuentesfidedignas.com.mx\/wp-content\/uploads\/2021\/04\/logo-retina.png","contentUrl":"https:\/\/fuentesfidedignas.com.mx\/wp-content\/uploads\/2021\/04\/logo-retina.png","width":280,"height":51,"caption":"Fuentes Fidedignas"},"image":{"@id":"https:\/\/fuentesfidedignas.com.mx\/#\/schema\/logo\/image\/"},"sameAs":["https:\/\/www.facebook.com\/Fuentes-Fidedignas-368234489921644","https:\/\/x.com\/fidedignas"]},{"@type":"Person","@id":"https:\/\/fuentesfidedignas.com.mx\/#\/schema\/person\/3ad2739835491b0214c6a68f407687c9","name":"Telemundo","image":{"@type":"ImageObject","inLanguage":"es","@id":"https:\/\/secure.gravatar.com\/avatar\/345d476868010538a48563112cd4920f3d4181737dafb588c08a92a94e10f9d8?s=96&d=mm&r=g","url":"https:\/\/secure.gravatar.com\/avatar\/345d476868010538a48563112cd4920f3d4181737dafb588c08a92a94e10f9d8?s=96&d=mm&r=g","contentUrl":"https:\/\/secure.gravatar.com\/avatar\/345d476868010538a48563112cd4920f3d4181737dafb588c08a92a94e10f9d8?s=96&d=mm&r=g","caption":"Telemundo"},"url":"https:\/\/fuentesfidedignas.com.mx\/index.php\/author\/telemundo\/"}]}},"_links":{"self":[{"href":"https:\/\/fuentesfidedignas.com.mx\/index.php\/wp-json\/wp\/v2\/posts\/97694","targetHints":{"allow":["GET"]}}],"collection":[{"href":"https:\/\/fuentesfidedignas.com.mx\/index.php\/wp-json\/wp\/v2\/posts"}],"about":[{"href":"https:\/\/fuentesfidedignas.com.mx\/index.php\/wp-json\/wp\/v2\/types\/post"}],"author":[{"embeddable":true,"href":"https:\/\/fuentesfidedignas.com.mx\/index.php\/wp-json\/wp\/v2\/users\/178"}],"replies":[{"embeddable":true,"href":"https:\/\/fuentesfidedignas.com.mx\/index.php\/wp-json\/wp\/v2\/comments?post=97694"}],"version-history":[{"count":2,"href":"https:\/\/fuentesfidedignas.com.mx\/index.php\/wp-json\/wp\/v2\/posts\/97694\/revisions"}],"predecessor-version":[{"id":97703,"href":"https:\/\/fuentesfidedignas.com.mx\/index.php\/wp-json\/wp\/v2\/posts\/97694\/revisions\/97703"}],"wp:featuredmedia":[{"embeddable":true,"href":"https:\/\/fuentesfidedignas.com.mx\/index.php\/wp-json\/wp\/v2\/media\/97695"}],"wp:attachment":[{"href":"https:\/\/fuentesfidedignas.com.mx\/index.php\/wp-json\/wp\/v2\/media?parent=97694"}],"wp:term":[{"taxonomy":"category","embeddable":true,"href":"https:\/\/fuentesfidedignas.com.mx\/index.php\/wp-json\/wp\/v2\/categories?post=97694"},{"taxonomy":"post_tag","embeddable":true,"href":"https:\/\/fuentesfidedignas.com.mx\/index.php\/wp-json\/wp\/v2\/tags?post=97694"}],"curies":[{"name":"wp","href":"https:\/\/api.w.org\/{rel}","templated":true}]}}