{"id":97641,"date":"2024-12-16T09:46:05","date_gmt":"2024-12-16T16:46:05","guid":{"rendered":"https:\/\/fuentesfidedignas.com.mx\/?p=97641"},"modified":"2024-12-16T09:48:06","modified_gmt":"2024-12-16T16:48:06","slug":"se-va-a-resolver-hay-unidad-en-la-4t-sheinbaum-sobre-disputa-entre-adan-augusto-y-monreal","status":"publish","type":"post","link":"https:\/\/fuentesfidedignas.com.mx\/index.php\/2024\/12\/16\/se-va-a-resolver-hay-unidad-en-la-4t-sheinbaum-sobre-disputa-entre-adan-augusto-y-monreal\/","title":{"rendered":"\u201cSe va a resolver, hay unidad en la 4T\u201d: Sheinbaum sobre disputa entre Ad\u00e1n Augusto y Monreal"},"content":{"rendered":"\n<p><strong><em>La presidenta Sheinbaum detall\u00f3 hay unidad en la 4T pese a la disputa entre Ad\u00e1n Augusto L\u00f3pez y Ricardo Monreal<\/em><\/strong><\/p>\n\n\n\n<p>Ciudad de M\u00e9xico.- La presidenta Claudia Sheinbaum Pardo dijo que la disputa entre los coordinadores de Morena en el Congreso, Ad\u00e1n Augusto L\u00f3pez y Ricardo Monreal, se tiene que resolver.<\/p>\n\n\n\n<p class=\"p1\">En la conferencia matutina de Palacio Nacional, Sheinbaum Pardo calific\u00f3 este asunto como un \u201cmalentendido\u201d, y dej\u00f3 en claro que hay unidad en la Cuarta Transformaci\u00f3n.<\/p>\n\n\n\n<p>\u201cEllos tienen claro lo que significa el movimiento y la transformaci\u00f3n. Este malentendido que tuvieron tiene que resolverse, no puede ser un tema de recursos el que se lleve a una discusi\u00f3n\u201d, argument\u00f3.<\/p>\n\n\n\n<blockquote class=\"wp-block-quote is-layout-flow wp-block-quote-is-layout-flow\">\n<p>&#8220;Se va a resolver (la disputa entre ambos coordinadores), hay unidad en el movimiento\u201d, puntualiz\u00f3.<\/p>\n<\/blockquote>\n\n\n\n<p>La mandataria mexicana inst\u00f3 a que si hay algo que denunciar existen las v\u00edas correspondientes para hacerlo, por lo que no se necesita hacer de esta disputa un asunto p\u00fablico.<\/p>\n\n\n\n<p>\u201cSi tiene algo que denunciar, pues que se denuncien, hay las v\u00edas, no se necesita que sea un asunto p\u00fablico. Los dos son compa\u00f1eros que saben que lo m\u00e1s importante es el movimiento de transformaci\u00f3n\u201d. puntualiz\u00f3.<\/p>\n\n\n\n<p>Ad\u00e1n Augusto L\u00f3pez, presidente de la Junta de Coordinaci\u00f3n Pol\u00edtica del Senado de la Rep\u00fablica, protagoniz\u00f3 un \u201cchoque\u201d con el diputado Ricardo Monreal respecto a presuntas irregularidades en contratos de la C\u00e1mara Alta.<\/p>\n\n\n\n<p>L\u00f3pez Hern\u00e1ndez present\u00f3 denuncias por un monto de 150 millones de pesos ante la Fiscal\u00eda General de la Rep\u00fablica, Funci\u00f3n P\u00fablica y la Auditor\u00eda Superior de la Federaci\u00f3n.<\/p>\n\n\n\n<p>Por medio de un video, el presidente de la Jucopo de la C\u00e1mara de Diputados, Ricardo Monreal, rechaz\u00f3 las acusaciones del senador Ad\u00e1n Augusto y asegur\u00f3 que \u201cson falsedades en contra de la administraci\u00f3n que encabec\u00e9 (en el Senado)\u201d.<\/p>\n\n\n\n<p>\u201cQuien nada debe, nada teme y entiendo que es una escena pol\u00edtica en la que el teatro que est\u00e1n armando se va a caer. Que la transparencia sea el punto de partida\u201d, manifest\u00f3.<\/p>\n","protected":false},"excerpt":{"rendered":"<p>La presidenta Sheinbaum detall\u00f3 hay unidad en la 4T pese a la disputa entre Ad\u00e1n Augusto L\u00f3pez y Ricardo Monreal Ciudad de M\u00e9xico.- La presidenta Claudia Sheinbaum Pardo dijo que la disputa entre los coordinadores de Morena en el Congreso, Ad\u00e1n Augusto L\u00f3pez y Ricardo Monreal, se tiene que resolver. En la conferencia matutina de [&hellip;]<\/p>\n","protected":false},"author":47,"featured_media":97643,"comment_status":"open","ping_status":"open","sticky":false,"template":"","format":"standard","meta":{"tdm_status":"","tdm_grid_status":"","footnotes":""},"categories":[39,1],"tags":[],"class_list":{"0":"post-97641","1":"post","2":"type-post","3":"status-publish","4":"format-standard","5":"has-post-thumbnail","7":"category-noticias-nacionales","8":"category-sin-categoria"},"yoast_head":"<!-- This site is optimized with the Yoast SEO plugin v27.5 - https:\/\/yoast.com\/product\/yoast-seo-wordpress\/ -->\n<title>\u201cSe va a resolver, hay unidad en la 4T\u201d: Sheinbaum sobre disputa entre Ad\u00e1n Augusto y Monreal - Fuentes Fidedignas<\/title>\n<meta name=\"robots\" content=\"index, follow, max-snippet:-1, max-image-preview:large, max-video-preview:-1\" \/>\n<link rel=\"canonical\" href=\"https:\/\/fuentesfidedignas.com.mx\/index.php\/2024\/12\/16\/se-va-a-resolver-hay-unidad-en-la-4t-sheinbaum-sobre-disputa-entre-adan-augusto-y-monreal\/\" \/>\n<meta property=\"og:locale\" content=\"es_MX\" \/>\n<meta property=\"og:type\" content=\"article\" \/>\n<meta property=\"og:title\" content=\"\u201cSe va a resolver, hay unidad en la 4T\u201d: Sheinbaum sobre disputa entre Ad\u00e1n Augusto y Monreal - Fuentes Fidedignas\" \/>\n<meta property=\"og:description\" content=\"La presidenta Sheinbaum detall\u00f3 hay unidad en la 4T pese a la disputa entre Ad\u00e1n Augusto L\u00f3pez y Ricardo Monreal Ciudad de M\u00e9xico.- La presidenta Claudia Sheinbaum Pardo dijo que la disputa entre los coordinadores de Morena en el Congreso, Ad\u00e1n Augusto L\u00f3pez y Ricardo Monreal, se tiene que resolver. En la conferencia matutina de [&hellip;]\" \/>\n<meta property=\"og:url\" content=\"https:\/\/fuentesfidedignas.com.mx\/index.php\/2024\/12\/16\/se-va-a-resolver-hay-unidad-en-la-4t-sheinbaum-sobre-disputa-entre-adan-augusto-y-monreal\/\" \/>\n<meta property=\"og:site_name\" content=\"Fuentes Fidedignas\" \/>\n<meta property=\"article:publisher\" content=\"https:\/\/www.facebook.com\/Fuentes-Fidedignas-368234489921644\" \/>\n<meta property=\"article:published_time\" content=\"2024-12-16T16:46:05+00:00\" \/>\n<meta property=\"article:modified_time\" content=\"2024-12-16T16:48:06+00:00\" \/>\n<meta property=\"og:image\" content=\"https:\/\/fuentesfidedignas.com.mx\/wp-content\/uploads\/2024\/12\/ricardo-monreal-adan-augusto-lopez.jpeg\" \/>\n\t<meta property=\"og:image:width\" content=\"768\" \/>\n\t<meta property=\"og:image:height\" content=\"512\" \/>\n\t<meta property=\"og:image:type\" content=\"image\/jpeg\" \/>\n<meta name=\"author\" content=\"L\u00f3pez D\u00f3riga\" \/>\n<meta name=\"twitter:card\" content=\"summary_large_image\" \/>\n<meta name=\"twitter:creator\" content=\"@fidedignas\" \/>\n<meta name=\"twitter:site\" content=\"@fidedignas\" \/>\n<meta name=\"twitter:label1\" content=\"Escrito por\" \/>\n\t<meta name=\"twitter:data1\" content=\"L\u00f3pez D\u00f3riga\" \/>\n\t<meta name=\"twitter:label2\" content=\"Tiempo de lectura\" \/>\n\t<meta name=\"twitter:data2\" content=\"2 minutos\" \/>\n<script type=\"application\/ld+json\" class=\"yoast-schema-graph\">{\"@context\":\"https:\\\/\\\/schema.org\",\"@graph\":[{\"@type\":\"Article\",\"@id\":\"https:\\\/\\\/fuentesfidedignas.com.mx\\\/index.php\\\/2024\\\/12\\\/16\\\/se-va-a-resolver-hay-unidad-en-la-4t-sheinbaum-sobre-disputa-entre-adan-augusto-y-monreal\\\/#article\",\"isPartOf\":{\"@id\":\"https:\\\/\\\/fuentesfidedignas.com.mx\\\/index.php\\\/2024\\\/12\\\/16\\\/se-va-a-resolver-hay-unidad-en-la-4t-sheinbaum-sobre-disputa-entre-adan-augusto-y-monreal\\\/\"},\"author\":{\"name\":\"L\u00f3pez D\u00f3riga\",\"@id\":\"https:\\\/\\\/fuentesfidedignas.com.mx\\\/#\\\/schema\\\/person\\\/67d852f0557c8509146a4b9ddebd543a\"},\"headline\":\"\u201cSe va a resolver, hay unidad en la 4T\u201d: Sheinbaum sobre disputa entre Ad\u00e1n Augusto y Monreal\",\"datePublished\":\"2024-12-16T16:46:05+00:00\",\"dateModified\":\"2024-12-16T16:48:06+00:00\",\"mainEntityOfPage\":{\"@id\":\"https:\\\/\\\/fuentesfidedignas.com.mx\\\/index.php\\\/2024\\\/12\\\/16\\\/se-va-a-resolver-hay-unidad-en-la-4t-sheinbaum-sobre-disputa-entre-adan-augusto-y-monreal\\\/\"},\"wordCount\":375,\"commentCount\":0,\"publisher\":{\"@id\":\"https:\\\/\\\/fuentesfidedignas.com.mx\\\/#organization\"},\"image\":{\"@id\":\"https:\\\/\\\/fuentesfidedignas.com.mx\\\/index.php\\\/2024\\\/12\\\/16\\\/se-va-a-resolver-hay-unidad-en-la-4t-sheinbaum-sobre-disputa-entre-adan-augusto-y-monreal\\\/#primaryimage\"},\"thumbnailUrl\":\"https:\\\/\\\/fuentesfidedignas.com.mx\\\/wp-content\\\/uploads\\\/2024\\\/12\\\/ricardo-monreal-adan-augusto-lopez.jpeg\",\"articleSection\":[\"NOTICIAS NACIONALES\"],\"inLanguage\":\"es\",\"potentialAction\":[{\"@type\":\"CommentAction\",\"name\":\"Comment\",\"target\":[\"https:\\\/\\\/fuentesfidedignas.com.mx\\\/index.php\\\/2024\\\/12\\\/16\\\/se-va-a-resolver-hay-unidad-en-la-4t-sheinbaum-sobre-disputa-entre-adan-augusto-y-monreal\\\/#respond\"]}]},{\"@type\":\"WebPage\",\"@id\":\"https:\\\/\\\/fuentesfidedignas.com.mx\\\/index.php\\\/2024\\\/12\\\/16\\\/se-va-a-resolver-hay-unidad-en-la-4t-sheinbaum-sobre-disputa-entre-adan-augusto-y-monreal\\\/\",\"url\":\"https:\\\/\\\/fuentesfidedignas.com.mx\\\/index.php\\\/2024\\\/12\\\/16\\\/se-va-a-resolver-hay-unidad-en-la-4t-sheinbaum-sobre-disputa-entre-adan-augusto-y-monreal\\\/\",\"name\":\"\u201cSe va a resolver, hay unidad en la 4T\u201d: Sheinbaum sobre disputa entre Ad\u00e1n Augusto y Monreal - Fuentes Fidedignas\",\"isPartOf\":{\"@id\":\"https:\\\/\\\/fuentesfidedignas.com.mx\\\/#website\"},\"primaryImageOfPage\":{\"@id\":\"https:\\\/\\\/fuentesfidedignas.com.mx\\\/index.php\\\/2024\\\/12\\\/16\\\/se-va-a-resolver-hay-unidad-en-la-4t-sheinbaum-sobre-disputa-entre-adan-augusto-y-monreal\\\/#primaryimage\"},\"image\":{\"@id\":\"https:\\\/\\\/fuentesfidedignas.com.mx\\\/index.php\\\/2024\\\/12\\\/16\\\/se-va-a-resolver-hay-unidad-en-la-4t-sheinbaum-sobre-disputa-entre-adan-augusto-y-monreal\\\/#primaryimage\"},\"thumbnailUrl\":\"https:\\\/\\\/fuentesfidedignas.com.mx\\\/wp-content\\\/uploads\\\/2024\\\/12\\\/ricardo-monreal-adan-augusto-lopez.jpeg\",\"datePublished\":\"2024-12-16T16:46:05+00:00\",\"dateModified\":\"2024-12-16T16:48:06+00:00\",\"breadcrumb\":{\"@id\":\"https:\\\/\\\/fuentesfidedignas.com.mx\\\/index.php\\\/2024\\\/12\\\/16\\\/se-va-a-resolver-hay-unidad-en-la-4t-sheinbaum-sobre-disputa-entre-adan-augusto-y-monreal\\\/#breadcrumb\"},\"inLanguage\":\"es\",\"potentialAction\":[{\"@type\":\"ReadAction\",\"target\":[\"https:\\\/\\\/fuentesfidedignas.com.mx\\\/index.php\\\/2024\\\/12\\\/16\\\/se-va-a-resolver-hay-unidad-en-la-4t-sheinbaum-sobre-disputa-entre-adan-augusto-y-monreal\\\/\"]}]},{\"@type\":\"ImageObject\",\"inLanguage\":\"es\",\"@id\":\"https:\\\/\\\/fuentesfidedignas.com.mx\\\/index.php\\\/2024\\\/12\\\/16\\\/se-va-a-resolver-hay-unidad-en-la-4t-sheinbaum-sobre-disputa-entre-adan-augusto-y-monreal\\\/#primaryimage\",\"url\":\"https:\\\/\\\/fuentesfidedignas.com.mx\\\/wp-content\\\/uploads\\\/2024\\\/12\\\/ricardo-monreal-adan-augusto-lopez.jpeg\",\"contentUrl\":\"https:\\\/\\\/fuentesfidedignas.com.mx\\\/wp-content\\\/uploads\\\/2024\\\/12\\\/ricardo-monreal-adan-augusto-lopez.jpeg\",\"width\":768,\"height\":512},{\"@type\":\"BreadcrumbList\",\"@id\":\"https:\\\/\\\/fuentesfidedignas.com.mx\\\/index.php\\\/2024\\\/12\\\/16\\\/se-va-a-resolver-hay-unidad-en-la-4t-sheinbaum-sobre-disputa-entre-adan-augusto-y-monreal\\\/#breadcrumb\",\"itemListElement\":[{\"@type\":\"ListItem\",\"position\":1,\"name\":\"Inicio\",\"item\":\"https:\\\/\\\/fuentesfidedignas.com.mx\\\/\"},{\"@type\":\"ListItem\",\"position\":2,\"name\":\"\u201cSe va a resolver, hay unidad en la 4T\u201d: Sheinbaum sobre disputa entre Ad\u00e1n Augusto y Monreal\"}]},{\"@type\":\"WebSite\",\"@id\":\"https:\\\/\\\/fuentesfidedignas.com.mx\\\/#website\",\"url\":\"https:\\\/\\\/fuentesfidedignas.com.mx\\\/\",\"name\":\"Fuentes Fidedignas\",\"description\":\"Otro sitio realizado con WordPress\",\"publisher\":{\"@id\":\"https:\\\/\\\/fuentesfidedignas.com.mx\\\/#organization\"},\"potentialAction\":[{\"@type\":\"SearchAction\",\"target\":{\"@type\":\"EntryPoint\",\"urlTemplate\":\"https:\\\/\\\/fuentesfidedignas.com.mx\\\/?s={search_term_string}\"},\"query-input\":{\"@type\":\"PropertyValueSpecification\",\"valueRequired\":true,\"valueName\":\"search_term_string\"}}],\"inLanguage\":\"es\"},{\"@type\":\"Organization\",\"@id\":\"https:\\\/\\\/fuentesfidedignas.com.mx\\\/#organization\",\"name\":\"Fuentes Fidedignas\",\"url\":\"https:\\\/\\\/fuentesfidedignas.com.mx\\\/\",\"logo\":{\"@type\":\"ImageObject\",\"inLanguage\":\"es\",\"@id\":\"https:\\\/\\\/fuentesfidedignas.com.mx\\\/#\\\/schema\\\/logo\\\/image\\\/\",\"url\":\"https:\\\/\\\/fuentesfidedignas.com.mx\\\/wp-content\\\/uploads\\\/2021\\\/04\\\/logo-retina.png\",\"contentUrl\":\"https:\\\/\\\/fuentesfidedignas.com.mx\\\/wp-content\\\/uploads\\\/2021\\\/04\\\/logo-retina.png\",\"width\":280,\"height\":51,\"caption\":\"Fuentes Fidedignas\"},\"image\":{\"@id\":\"https:\\\/\\\/fuentesfidedignas.com.mx\\\/#\\\/schema\\\/logo\\\/image\\\/\"},\"sameAs\":[\"https:\\\/\\\/www.facebook.com\\\/Fuentes-Fidedignas-368234489921644\",\"https:\\\/\\\/x.com\\\/fidedignas\"]},{\"@type\":\"Person\",\"@id\":\"https:\\\/\\\/fuentesfidedignas.com.mx\\\/#\\\/schema\\\/person\\\/67d852f0557c8509146a4b9ddebd543a\",\"name\":\"L\u00f3pez D\u00f3riga\",\"image\":{\"@type\":\"ImageObject\",\"inLanguage\":\"es\",\"@id\":\"https:\\\/\\\/secure.gravatar.com\\\/avatar\\\/e525b06574ca18b33cded59dfe5778d6c823b9513154eff47da551b0551bdd1e?s=96&d=mm&r=g\",\"url\":\"https:\\\/\\\/secure.gravatar.com\\\/avatar\\\/e525b06574ca18b33cded59dfe5778d6c823b9513154eff47da551b0551bdd1e?s=96&d=mm&r=g\",\"contentUrl\":\"https:\\\/\\\/secure.gravatar.com\\\/avatar\\\/e525b06574ca18b33cded59dfe5778d6c823b9513154eff47da551b0551bdd1e?s=96&d=mm&r=g\",\"caption\":\"L\u00f3pez D\u00f3riga\"},\"url\":\"https:\\\/\\\/fuentesfidedignas.com.mx\\\/index.php\\\/author\\\/doriga\\\/\"}]}<\/script>\n<!-- \/ Yoast SEO plugin. -->","yoast_head_json":{"title":"\u201cSe va a resolver, hay unidad en la 4T\u201d: Sheinbaum sobre disputa entre Ad\u00e1n Augusto y Monreal - Fuentes Fidedignas","robots":{"index":"index","follow":"follow","max-snippet":"max-snippet:-1","max-image-preview":"max-image-preview:large","max-video-preview":"max-video-preview:-1"},"canonical":"https:\/\/fuentesfidedignas.com.mx\/index.php\/2024\/12\/16\/se-va-a-resolver-hay-unidad-en-la-4t-sheinbaum-sobre-disputa-entre-adan-augusto-y-monreal\/","og_locale":"es_MX","og_type":"article","og_title":"\u201cSe va a resolver, hay unidad en la 4T\u201d: Sheinbaum sobre disputa entre Ad\u00e1n Augusto y Monreal - Fuentes Fidedignas","og_description":"La presidenta Sheinbaum detall\u00f3 hay unidad en la 4T pese a la disputa entre Ad\u00e1n Augusto L\u00f3pez y Ricardo Monreal Ciudad de M\u00e9xico.- La presidenta Claudia Sheinbaum Pardo dijo que la disputa entre los coordinadores de Morena en el Congreso, Ad\u00e1n Augusto L\u00f3pez y Ricardo Monreal, se tiene que resolver. En la conferencia matutina de [&hellip;]","og_url":"https:\/\/fuentesfidedignas.com.mx\/index.php\/2024\/12\/16\/se-va-a-resolver-hay-unidad-en-la-4t-sheinbaum-sobre-disputa-entre-adan-augusto-y-monreal\/","og_site_name":"Fuentes Fidedignas","article_publisher":"https:\/\/www.facebook.com\/Fuentes-Fidedignas-368234489921644","article_published_time":"2024-12-16T16:46:05+00:00","article_modified_time":"2024-12-16T16:48:06+00:00","og_image":[{"width":768,"height":512,"url":"https:\/\/fuentesfidedignas.com.mx\/wp-content\/uploads\/2024\/12\/ricardo-monreal-adan-augusto-lopez.jpeg","type":"image\/jpeg"}],"author":"L\u00f3pez D\u00f3riga","twitter_card":"summary_large_image","twitter_creator":"@fidedignas","twitter_site":"@fidedignas","twitter_misc":{"Escrito por":"L\u00f3pez D\u00f3riga","Tiempo de lectura":"2 minutos"},"schema":{"@context":"https:\/\/schema.org","@graph":[{"@type":"Article","@id":"https:\/\/fuentesfidedignas.com.mx\/index.php\/2024\/12\/16\/se-va-a-resolver-hay-unidad-en-la-4t-sheinbaum-sobre-disputa-entre-adan-augusto-y-monreal\/#article","isPartOf":{"@id":"https:\/\/fuentesfidedignas.com.mx\/index.php\/2024\/12\/16\/se-va-a-resolver-hay-unidad-en-la-4t-sheinbaum-sobre-disputa-entre-adan-augusto-y-monreal\/"},"author":{"name":"L\u00f3pez D\u00f3riga","@id":"https:\/\/fuentesfidedignas.com.mx\/#\/schema\/person\/67d852f0557c8509146a4b9ddebd543a"},"headline":"\u201cSe va a resolver, hay unidad en la 4T\u201d: Sheinbaum sobre disputa entre Ad\u00e1n Augusto y Monreal","datePublished":"2024-12-16T16:46:05+00:00","dateModified":"2024-12-16T16:48:06+00:00","mainEntityOfPage":{"@id":"https:\/\/fuentesfidedignas.com.mx\/index.php\/2024\/12\/16\/se-va-a-resolver-hay-unidad-en-la-4t-sheinbaum-sobre-disputa-entre-adan-augusto-y-monreal\/"},"wordCount":375,"commentCount":0,"publisher":{"@id":"https:\/\/fuentesfidedignas.com.mx\/#organization"},"image":{"@id":"https:\/\/fuentesfidedignas.com.mx\/index.php\/2024\/12\/16\/se-va-a-resolver-hay-unidad-en-la-4t-sheinbaum-sobre-disputa-entre-adan-augusto-y-monreal\/#primaryimage"},"thumbnailUrl":"https:\/\/fuentesfidedignas.com.mx\/wp-content\/uploads\/2024\/12\/ricardo-monreal-adan-augusto-lopez.jpeg","articleSection":["NOTICIAS NACIONALES"],"inLanguage":"es","potentialAction":[{"@type":"CommentAction","name":"Comment","target":["https:\/\/fuentesfidedignas.com.mx\/index.php\/2024\/12\/16\/se-va-a-resolver-hay-unidad-en-la-4t-sheinbaum-sobre-disputa-entre-adan-augusto-y-monreal\/#respond"]}]},{"@type":"WebPage","@id":"https:\/\/fuentesfidedignas.com.mx\/index.php\/2024\/12\/16\/se-va-a-resolver-hay-unidad-en-la-4t-sheinbaum-sobre-disputa-entre-adan-augusto-y-monreal\/","url":"https:\/\/fuentesfidedignas.com.mx\/index.php\/2024\/12\/16\/se-va-a-resolver-hay-unidad-en-la-4t-sheinbaum-sobre-disputa-entre-adan-augusto-y-monreal\/","name":"\u201cSe va a resolver, hay unidad en la 4T\u201d: Sheinbaum sobre disputa entre Ad\u00e1n Augusto y Monreal - Fuentes Fidedignas","isPartOf":{"@id":"https:\/\/fuentesfidedignas.com.mx\/#website"},"primaryImageOfPage":{"@id":"https:\/\/fuentesfidedignas.com.mx\/index.php\/2024\/12\/16\/se-va-a-resolver-hay-unidad-en-la-4t-sheinbaum-sobre-disputa-entre-adan-augusto-y-monreal\/#primaryimage"},"image":{"@id":"https:\/\/fuentesfidedignas.com.mx\/index.php\/2024\/12\/16\/se-va-a-resolver-hay-unidad-en-la-4t-sheinbaum-sobre-disputa-entre-adan-augusto-y-monreal\/#primaryimage"},"thumbnailUrl":"https:\/\/fuentesfidedignas.com.mx\/wp-content\/uploads\/2024\/12\/ricardo-monreal-adan-augusto-lopez.jpeg","datePublished":"2024-12-16T16:46:05+00:00","dateModified":"2024-12-16T16:48:06+00:00","breadcrumb":{"@id":"https:\/\/fuentesfidedignas.com.mx\/index.php\/2024\/12\/16\/se-va-a-resolver-hay-unidad-en-la-4t-sheinbaum-sobre-disputa-entre-adan-augusto-y-monreal\/#breadcrumb"},"inLanguage":"es","potentialAction":[{"@type":"ReadAction","target":["https:\/\/fuentesfidedignas.com.mx\/index.php\/2024\/12\/16\/se-va-a-resolver-hay-unidad-en-la-4t-sheinbaum-sobre-disputa-entre-adan-augusto-y-monreal\/"]}]},{"@type":"ImageObject","inLanguage":"es","@id":"https:\/\/fuentesfidedignas.com.mx\/index.php\/2024\/12\/16\/se-va-a-resolver-hay-unidad-en-la-4t-sheinbaum-sobre-disputa-entre-adan-augusto-y-monreal\/#primaryimage","url":"https:\/\/fuentesfidedignas.com.mx\/wp-content\/uploads\/2024\/12\/ricardo-monreal-adan-augusto-lopez.jpeg","contentUrl":"https:\/\/fuentesfidedignas.com.mx\/wp-content\/uploads\/2024\/12\/ricardo-monreal-adan-augusto-lopez.jpeg","width":768,"height":512},{"@type":"BreadcrumbList","@id":"https:\/\/fuentesfidedignas.com.mx\/index.php\/2024\/12\/16\/se-va-a-resolver-hay-unidad-en-la-4t-sheinbaum-sobre-disputa-entre-adan-augusto-y-monreal\/#breadcrumb","itemListElement":[{"@type":"ListItem","position":1,"name":"Inicio","item":"https:\/\/fuentesfidedignas.com.mx\/"},{"@type":"ListItem","position":2,"name":"\u201cSe va a resolver, hay unidad en la 4T\u201d: Sheinbaum sobre disputa entre Ad\u00e1n Augusto y Monreal"}]},{"@type":"WebSite","@id":"https:\/\/fuentesfidedignas.com.mx\/#website","url":"https:\/\/fuentesfidedignas.com.mx\/","name":"Fuentes Fidedignas","description":"Otro sitio realizado con WordPress","publisher":{"@id":"https:\/\/fuentesfidedignas.com.mx\/#organization"},"potentialAction":[{"@type":"SearchAction","target":{"@type":"EntryPoint","urlTemplate":"https:\/\/fuentesfidedignas.com.mx\/?s={search_term_string}"},"query-input":{"@type":"PropertyValueSpecification","valueRequired":true,"valueName":"search_term_string"}}],"inLanguage":"es"},{"@type":"Organization","@id":"https:\/\/fuentesfidedignas.com.mx\/#organization","name":"Fuentes Fidedignas","url":"https:\/\/fuentesfidedignas.com.mx\/","logo":{"@type":"ImageObject","inLanguage":"es","@id":"https:\/\/fuentesfidedignas.com.mx\/#\/schema\/logo\/image\/","url":"https:\/\/fuentesfidedignas.com.mx\/wp-content\/uploads\/2021\/04\/logo-retina.png","contentUrl":"https:\/\/fuentesfidedignas.com.mx\/wp-content\/uploads\/2021\/04\/logo-retina.png","width":280,"height":51,"caption":"Fuentes Fidedignas"},"image":{"@id":"https:\/\/fuentesfidedignas.com.mx\/#\/schema\/logo\/image\/"},"sameAs":["https:\/\/www.facebook.com\/Fuentes-Fidedignas-368234489921644","https:\/\/x.com\/fidedignas"]},{"@type":"Person","@id":"https:\/\/fuentesfidedignas.com.mx\/#\/schema\/person\/67d852f0557c8509146a4b9ddebd543a","name":"L\u00f3pez D\u00f3riga","image":{"@type":"ImageObject","inLanguage":"es","@id":"https:\/\/secure.gravatar.com\/avatar\/e525b06574ca18b33cded59dfe5778d6c823b9513154eff47da551b0551bdd1e?s=96&d=mm&r=g","url":"https:\/\/secure.gravatar.com\/avatar\/e525b06574ca18b33cded59dfe5778d6c823b9513154eff47da551b0551bdd1e?s=96&d=mm&r=g","contentUrl":"https:\/\/secure.gravatar.com\/avatar\/e525b06574ca18b33cded59dfe5778d6c823b9513154eff47da551b0551bdd1e?s=96&d=mm&r=g","caption":"L\u00f3pez D\u00f3riga"},"url":"https:\/\/fuentesfidedignas.com.mx\/index.php\/author\/doriga\/"}]}},"_links":{"self":[{"href":"https:\/\/fuentesfidedignas.com.mx\/index.php\/wp-json\/wp\/v2\/posts\/97641","targetHints":{"allow":["GET"]}}],"collection":[{"href":"https:\/\/fuentesfidedignas.com.mx\/index.php\/wp-json\/wp\/v2\/posts"}],"about":[{"href":"https:\/\/fuentesfidedignas.com.mx\/index.php\/wp-json\/wp\/v2\/types\/post"}],"author":[{"embeddable":true,"href":"https:\/\/fuentesfidedignas.com.mx\/index.php\/wp-json\/wp\/v2\/users\/47"}],"replies":[{"embeddable":true,"href":"https:\/\/fuentesfidedignas.com.mx\/index.php\/wp-json\/wp\/v2\/comments?post=97641"}],"version-history":[{"count":2,"href":"https:\/\/fuentesfidedignas.com.mx\/index.php\/wp-json\/wp\/v2\/posts\/97641\/revisions"}],"predecessor-version":[{"id":97644,"href":"https:\/\/fuentesfidedignas.com.mx\/index.php\/wp-json\/wp\/v2\/posts\/97641\/revisions\/97644"}],"wp:featuredmedia":[{"embeddable":true,"href":"https:\/\/fuentesfidedignas.com.mx\/index.php\/wp-json\/wp\/v2\/media\/97643"}],"wp:attachment":[{"href":"https:\/\/fuentesfidedignas.com.mx\/index.php\/wp-json\/wp\/v2\/media?parent=97641"}],"wp:term":[{"taxonomy":"category","embeddable":true,"href":"https:\/\/fuentesfidedignas.com.mx\/index.php\/wp-json\/wp\/v2\/categories?post=97641"},{"taxonomy":"post_tag","embeddable":true,"href":"https:\/\/fuentesfidedignas.com.mx\/index.php\/wp-json\/wp\/v2\/tags?post=97641"}],"curies":[{"name":"wp","href":"https:\/\/api.w.org\/{rel}","templated":true}]}}