{"id":97495,"date":"2024-12-13T17:21:42","date_gmt":"2024-12-14T00:21:42","guid":{"rendered":"https:\/\/fuentesfidedignas.com.mx\/?p=97495"},"modified":"2024-12-13T17:21:44","modified_gmt":"2024-12-14T00:21:44","slug":"trump-va-por-eliminar-el-horario-de-verano-en-eu-es-inconveniente-y-muy-costoso","status":"publish","type":"post","link":"https:\/\/fuentesfidedignas.com.mx\/index.php\/2024\/12\/13\/trump-va-por-eliminar-el-horario-de-verano-en-eu-es-inconveniente-y-muy-costoso\/","title":{"rendered":"Trump va por eliminar el horario de verano en EU: &#8220;es inconveniente y muy costoso&#8221;"},"content":{"rendered":"\n<p><strong><em>El horario de verano fue adoptado por el gobierno federal durante la Primera Guerra Mundial.<\/em><\/strong><\/p>\n\n\n\n<p>El presidente electo, Donald Trump, anunci\u00f3 que trabajar\u00e1 para eliminar el horario de verano de Estados Unidos,&nbsp;ya que resulta &#8220;inconveniente y muy costoso&#8221;.<\/p>\n\n\n\n<p>En su cuenta de X (antes Twitter) public\u00f3 que el Partido Republicano har\u00e1 todo lo posible para la medida de cambiar la hora.<\/p>\n\n\n\n<p>El horario de verano fue adoptado por el gobierno federal durante la Primera Guerra Mundial, sin embargo, era impopular entre los agricultores y fue abolido r\u00e1pidamente.&nbsp;<\/p>\n\n\n\n<p>Asimismo, se record\u00f3 que muchos estados experimentaron con sus propias versiones hasta que en 1967 se reintrodujo en todo el pa\u00eds.<\/p>\n\n\n\n<p>&#8220;El horario de verano es inconveniente y muy costoso para nuestra naci\u00f3n&#8221;, indic\u00f3.<\/p>\n\n\n\n<blockquote class=\"twitter-tweet\"><p lang=\"en\" dir=\"ltr\">The Republican Party will use its best efforts to eliminate Daylight Saving Time, which has a small but strong constituency, but shouldn\u2019t! Daylight Saving Time is inconvenient, and very costly to our Nation.<\/p>&mdash; Donald J. Trump (@realDonaldTrump) <a href=\"https:\/\/twitter.com\/realDonaldTrump\/status\/1867686000711155989?ref_src=twsrc%5Etfw\">December 13, 2024<\/a><\/blockquote> <script async src=\"https:\/\/platform.twitter.com\/widgets.js\" charset=\"utf-8\"><\/script>\n\n\n\n<p>El horario de verano fue adoptado por el gobierno federal durante la Primera Guerra Mundial, pero fue impopular entre los agricultores y fue abolido r\u00e1pidamente.&nbsp;<\/p>\n\n\n\n<p>Muchos estados experimentaron con sus propias versiones hasta que en 1967 se reintrodujo en todo el pa\u00eds.<\/p>\n\n\n\n<p>El Senado estadunidense, controlado por los dem\u00f3cratas, en 2022 present\u00f3 un proyecto de ley que, al igual que el plan de Trump, pondr\u00eda fin al cambio de hora dos veces al a\u00f1o, en favor de una &#8220;nueva hora est\u00e1ndar permanente&#8221;.<\/p>\n\n\n\n<p>Pero la Ley de Protecci\u00f3n de la Luz Solar propon\u00eda el cambio opuesto, quedar permanentemente al horario de verano en lugar de eliminarlo, para dar paso a tardes m\u00e1s luminosas y menos viajes a casa en la oscuridad para estudiantes y oficinistas.<\/p>\n\n\n\n<p>El proyecto de ley nunca lleg\u00f3 al despacho del presidente Joe Biden, ya que no fue aprobado por la C\u00e1mara de Representantes, liderada por los republicanos.<\/p>\n\n\n\n<p>El senador por Florida, Marco Rubio, present\u00f3 la hab\u00eda presentado en 2021, que est\u00e1 a punto de incorporarse a la administraci\u00f3n entrante de Trump como secretario de Estado.<\/p>\n\n\n\n<p>En ese entonces, se\u00f1al\u00f3 que los estudios hab\u00edan demostrado que un DST permanente podr\u00eda beneficiar a la econom\u00eda.<\/p>\n","protected":false},"excerpt":{"rendered":"<p>El horario de verano fue adoptado por el gobierno federal durante la Primera Guerra Mundial. El presidente electo, Donald Trump, anunci\u00f3 que trabajar\u00e1 para eliminar el horario de verano de Estados Unidos,&nbsp;ya que resulta &#8220;inconveniente y muy costoso&#8221;. En su cuenta de X (antes Twitter) public\u00f3 que el Partido Republicano har\u00e1 todo lo posible para [&hellip;]<\/p>\n","protected":false},"author":9,"featured_media":97496,"comment_status":"open","ping_status":"open","sticky":false,"template":"","format":"standard","meta":{"tdm_status":"","tdm_grid_status":"","footnotes":""},"categories":[39],"tags":[],"class_list":{"0":"post-97495","1":"post","2":"type-post","3":"status-publish","4":"format-standard","5":"has-post-thumbnail","7":"category-noticias-nacionales"},"yoast_head":"<!-- This site is optimized with the Yoast SEO plugin v27.5 - https:\/\/yoast.com\/product\/yoast-seo-wordpress\/ -->\n<title>Trump va por eliminar el horario de verano en EU: &quot;es inconveniente y muy costoso&quot; - Fuentes Fidedignas<\/title>\n<meta name=\"robots\" content=\"index, follow, max-snippet:-1, max-image-preview:large, max-video-preview:-1\" \/>\n<link rel=\"canonical\" href=\"https:\/\/fuentesfidedignas.com.mx\/index.php\/2024\/12\/13\/trump-va-por-eliminar-el-horario-de-verano-en-eu-es-inconveniente-y-muy-costoso\/\" \/>\n<meta property=\"og:locale\" content=\"es_MX\" \/>\n<meta property=\"og:type\" content=\"article\" \/>\n<meta property=\"og:title\" content=\"Trump va por eliminar el horario de verano en EU: &quot;es inconveniente y muy costoso&quot; - Fuentes Fidedignas\" \/>\n<meta property=\"og:description\" content=\"El horario de verano fue adoptado por el gobierno federal durante la Primera Guerra Mundial. El presidente electo, Donald Trump, anunci\u00f3 que trabajar\u00e1 para eliminar el horario de verano de Estados Unidos,&nbsp;ya que resulta &#8220;inconveniente y muy costoso&#8221;. En su cuenta de X (antes Twitter) public\u00f3 que el Partido Republicano har\u00e1 todo lo posible para [&hellip;]\" \/>\n<meta property=\"og:url\" content=\"https:\/\/fuentesfidedignas.com.mx\/index.php\/2024\/12\/13\/trump-va-por-eliminar-el-horario-de-verano-en-eu-es-inconveniente-y-muy-costoso\/\" \/>\n<meta property=\"og:site_name\" content=\"Fuentes Fidedignas\" \/>\n<meta property=\"article:publisher\" content=\"https:\/\/www.facebook.com\/Fuentes-Fidedignas-368234489921644\" \/>\n<meta property=\"article:published_time\" content=\"2024-12-14T00:21:42+00:00\" \/>\n<meta property=\"article:modified_time\" content=\"2024-12-14T00:21:44+00:00\" \/>\n<meta property=\"og:image\" content=\"https:\/\/fuentesfidedignas.com.mx\/wp-content\/uploads\/2024\/12\/trump_1.jpg\" \/>\n\t<meta property=\"og:image:width\" content=\"865\" \/>\n\t<meta property=\"og:image:height\" content=\"486\" \/>\n\t<meta property=\"og:image:type\" content=\"image\/jpeg\" \/>\n<meta name=\"author\" content=\"Milenio\" \/>\n<meta name=\"twitter:card\" content=\"summary_large_image\" \/>\n<meta name=\"twitter:creator\" content=\"@fidedignas\" \/>\n<meta name=\"twitter:site\" content=\"@fidedignas\" \/>\n<meta name=\"twitter:label1\" content=\"Escrito por\" \/>\n\t<meta name=\"twitter:data1\" content=\"Milenio\" \/>\n\t<meta name=\"twitter:label2\" content=\"Tiempo de lectura\" \/>\n\t<meta name=\"twitter:data2\" content=\"2 minutos\" \/>\n<script type=\"application\/ld+json\" class=\"yoast-schema-graph\">{\"@context\":\"https:\\\/\\\/schema.org\",\"@graph\":[{\"@type\":\"Article\",\"@id\":\"https:\\\/\\\/fuentesfidedignas.com.mx\\\/index.php\\\/2024\\\/12\\\/13\\\/trump-va-por-eliminar-el-horario-de-verano-en-eu-es-inconveniente-y-muy-costoso\\\/#article\",\"isPartOf\":{\"@id\":\"https:\\\/\\\/fuentesfidedignas.com.mx\\\/index.php\\\/2024\\\/12\\\/13\\\/trump-va-por-eliminar-el-horario-de-verano-en-eu-es-inconveniente-y-muy-costoso\\\/\"},\"author\":{\"name\":\"Milenio\",\"@id\":\"https:\\\/\\\/fuentesfidedignas.com.mx\\\/#\\\/schema\\\/person\\\/47ec0135738f4b0c7495f06a77a2c976\"},\"headline\":\"Trump va por eliminar el horario de verano en EU: &#8220;es inconveniente y muy costoso&#8221;\",\"datePublished\":\"2024-12-14T00:21:42+00:00\",\"dateModified\":\"2024-12-14T00:21:44+00:00\",\"mainEntityOfPage\":{\"@id\":\"https:\\\/\\\/fuentesfidedignas.com.mx\\\/index.php\\\/2024\\\/12\\\/13\\\/trump-va-por-eliminar-el-horario-de-verano-en-eu-es-inconveniente-y-muy-costoso\\\/\"},\"wordCount\":391,\"commentCount\":0,\"publisher\":{\"@id\":\"https:\\\/\\\/fuentesfidedignas.com.mx\\\/#organization\"},\"image\":{\"@id\":\"https:\\\/\\\/fuentesfidedignas.com.mx\\\/index.php\\\/2024\\\/12\\\/13\\\/trump-va-por-eliminar-el-horario-de-verano-en-eu-es-inconveniente-y-muy-costoso\\\/#primaryimage\"},\"thumbnailUrl\":\"https:\\\/\\\/fuentesfidedignas.com.mx\\\/wp-content\\\/uploads\\\/2024\\\/12\\\/trump_1.jpg\",\"articleSection\":[\"NOTICIAS NACIONALES\"],\"inLanguage\":\"es\",\"potentialAction\":[{\"@type\":\"CommentAction\",\"name\":\"Comment\",\"target\":[\"https:\\\/\\\/fuentesfidedignas.com.mx\\\/index.php\\\/2024\\\/12\\\/13\\\/trump-va-por-eliminar-el-horario-de-verano-en-eu-es-inconveniente-y-muy-costoso\\\/#respond\"]}]},{\"@type\":\"WebPage\",\"@id\":\"https:\\\/\\\/fuentesfidedignas.com.mx\\\/index.php\\\/2024\\\/12\\\/13\\\/trump-va-por-eliminar-el-horario-de-verano-en-eu-es-inconveniente-y-muy-costoso\\\/\",\"url\":\"https:\\\/\\\/fuentesfidedignas.com.mx\\\/index.php\\\/2024\\\/12\\\/13\\\/trump-va-por-eliminar-el-horario-de-verano-en-eu-es-inconveniente-y-muy-costoso\\\/\",\"name\":\"Trump va por eliminar el horario de verano en EU: \\\"es inconveniente y muy costoso\\\" - Fuentes Fidedignas\",\"isPartOf\":{\"@id\":\"https:\\\/\\\/fuentesfidedignas.com.mx\\\/#website\"},\"primaryImageOfPage\":{\"@id\":\"https:\\\/\\\/fuentesfidedignas.com.mx\\\/index.php\\\/2024\\\/12\\\/13\\\/trump-va-por-eliminar-el-horario-de-verano-en-eu-es-inconveniente-y-muy-costoso\\\/#primaryimage\"},\"image\":{\"@id\":\"https:\\\/\\\/fuentesfidedignas.com.mx\\\/index.php\\\/2024\\\/12\\\/13\\\/trump-va-por-eliminar-el-horario-de-verano-en-eu-es-inconveniente-y-muy-costoso\\\/#primaryimage\"},\"thumbnailUrl\":\"https:\\\/\\\/fuentesfidedignas.com.mx\\\/wp-content\\\/uploads\\\/2024\\\/12\\\/trump_1.jpg\",\"datePublished\":\"2024-12-14T00:21:42+00:00\",\"dateModified\":\"2024-12-14T00:21:44+00:00\",\"breadcrumb\":{\"@id\":\"https:\\\/\\\/fuentesfidedignas.com.mx\\\/index.php\\\/2024\\\/12\\\/13\\\/trump-va-por-eliminar-el-horario-de-verano-en-eu-es-inconveniente-y-muy-costoso\\\/#breadcrumb\"},\"inLanguage\":\"es\",\"potentialAction\":[{\"@type\":\"ReadAction\",\"target\":[\"https:\\\/\\\/fuentesfidedignas.com.mx\\\/index.php\\\/2024\\\/12\\\/13\\\/trump-va-por-eliminar-el-horario-de-verano-en-eu-es-inconveniente-y-muy-costoso\\\/\"]}]},{\"@type\":\"ImageObject\",\"inLanguage\":\"es\",\"@id\":\"https:\\\/\\\/fuentesfidedignas.com.mx\\\/index.php\\\/2024\\\/12\\\/13\\\/trump-va-por-eliminar-el-horario-de-verano-en-eu-es-inconveniente-y-muy-costoso\\\/#primaryimage\",\"url\":\"https:\\\/\\\/fuentesfidedignas.com.mx\\\/wp-content\\\/uploads\\\/2024\\\/12\\\/trump_1.jpg\",\"contentUrl\":\"https:\\\/\\\/fuentesfidedignas.com.mx\\\/wp-content\\\/uploads\\\/2024\\\/12\\\/trump_1.jpg\",\"width\":865,\"height\":486},{\"@type\":\"BreadcrumbList\",\"@id\":\"https:\\\/\\\/fuentesfidedignas.com.mx\\\/index.php\\\/2024\\\/12\\\/13\\\/trump-va-por-eliminar-el-horario-de-verano-en-eu-es-inconveniente-y-muy-costoso\\\/#breadcrumb\",\"itemListElement\":[{\"@type\":\"ListItem\",\"position\":1,\"name\":\"Inicio\",\"item\":\"https:\\\/\\\/fuentesfidedignas.com.mx\\\/\"},{\"@type\":\"ListItem\",\"position\":2,\"name\":\"Trump va por eliminar el horario de verano en EU: &#8220;es inconveniente y muy costoso&#8221;\"}]},{\"@type\":\"WebSite\",\"@id\":\"https:\\\/\\\/fuentesfidedignas.com.mx\\\/#website\",\"url\":\"https:\\\/\\\/fuentesfidedignas.com.mx\\\/\",\"name\":\"Fuentes Fidedignas\",\"description\":\"Otro sitio realizado con WordPress\",\"publisher\":{\"@id\":\"https:\\\/\\\/fuentesfidedignas.com.mx\\\/#organization\"},\"potentialAction\":[{\"@type\":\"SearchAction\",\"target\":{\"@type\":\"EntryPoint\",\"urlTemplate\":\"https:\\\/\\\/fuentesfidedignas.com.mx\\\/?s={search_term_string}\"},\"query-input\":{\"@type\":\"PropertyValueSpecification\",\"valueRequired\":true,\"valueName\":\"search_term_string\"}}],\"inLanguage\":\"es\"},{\"@type\":\"Organization\",\"@id\":\"https:\\\/\\\/fuentesfidedignas.com.mx\\\/#organization\",\"name\":\"Fuentes Fidedignas\",\"url\":\"https:\\\/\\\/fuentesfidedignas.com.mx\\\/\",\"logo\":{\"@type\":\"ImageObject\",\"inLanguage\":\"es\",\"@id\":\"https:\\\/\\\/fuentesfidedignas.com.mx\\\/#\\\/schema\\\/logo\\\/image\\\/\",\"url\":\"https:\\\/\\\/fuentesfidedignas.com.mx\\\/wp-content\\\/uploads\\\/2021\\\/04\\\/logo-retina.png\",\"contentUrl\":\"https:\\\/\\\/fuentesfidedignas.com.mx\\\/wp-content\\\/uploads\\\/2021\\\/04\\\/logo-retina.png\",\"width\":280,\"height\":51,\"caption\":\"Fuentes Fidedignas\"},\"image\":{\"@id\":\"https:\\\/\\\/fuentesfidedignas.com.mx\\\/#\\\/schema\\\/logo\\\/image\\\/\"},\"sameAs\":[\"https:\\\/\\\/www.facebook.com\\\/Fuentes-Fidedignas-368234489921644\",\"https:\\\/\\\/x.com\\\/fidedignas\"]},{\"@type\":\"Person\",\"@id\":\"https:\\\/\\\/fuentesfidedignas.com.mx\\\/#\\\/schema\\\/person\\\/47ec0135738f4b0c7495f06a77a2c976\",\"name\":\"Milenio\",\"image\":{\"@type\":\"ImageObject\",\"inLanguage\":\"es\",\"@id\":\"https:\\\/\\\/secure.gravatar.com\\\/avatar\\\/acabf7b54753e51c2c76457954577c236b3b764789b19879565769739d1e4a75?s=96&d=mm&r=g\",\"url\":\"https:\\\/\\\/secure.gravatar.com\\\/avatar\\\/acabf7b54753e51c2c76457954577c236b3b764789b19879565769739d1e4a75?s=96&d=mm&r=g\",\"contentUrl\":\"https:\\\/\\\/secure.gravatar.com\\\/avatar\\\/acabf7b54753e51c2c76457954577c236b3b764789b19879565769739d1e4a75?s=96&d=mm&r=g\",\"caption\":\"Milenio\"},\"url\":\"https:\\\/\\\/fuentesfidedignas.com.mx\\\/index.php\\\/author\\\/milenio\\\/\"}]}<\/script>\n<!-- \/ Yoast SEO plugin. -->","yoast_head_json":{"title":"Trump va por eliminar el horario de verano en EU: \"es inconveniente y muy costoso\" - Fuentes Fidedignas","robots":{"index":"index","follow":"follow","max-snippet":"max-snippet:-1","max-image-preview":"max-image-preview:large","max-video-preview":"max-video-preview:-1"},"canonical":"https:\/\/fuentesfidedignas.com.mx\/index.php\/2024\/12\/13\/trump-va-por-eliminar-el-horario-de-verano-en-eu-es-inconveniente-y-muy-costoso\/","og_locale":"es_MX","og_type":"article","og_title":"Trump va por eliminar el horario de verano en EU: \"es inconveniente y muy costoso\" - Fuentes Fidedignas","og_description":"El horario de verano fue adoptado por el gobierno federal durante la Primera Guerra Mundial. El presidente electo, Donald Trump, anunci\u00f3 que trabajar\u00e1 para eliminar el horario de verano de Estados Unidos,&nbsp;ya que resulta &#8220;inconveniente y muy costoso&#8221;. En su cuenta de X (antes Twitter) public\u00f3 que el Partido Republicano har\u00e1 todo lo posible para [&hellip;]","og_url":"https:\/\/fuentesfidedignas.com.mx\/index.php\/2024\/12\/13\/trump-va-por-eliminar-el-horario-de-verano-en-eu-es-inconveniente-y-muy-costoso\/","og_site_name":"Fuentes Fidedignas","article_publisher":"https:\/\/www.facebook.com\/Fuentes-Fidedignas-368234489921644","article_published_time":"2024-12-14T00:21:42+00:00","article_modified_time":"2024-12-14T00:21:44+00:00","og_image":[{"width":865,"height":486,"url":"https:\/\/fuentesfidedignas.com.mx\/wp-content\/uploads\/2024\/12\/trump_1.jpg","type":"image\/jpeg"}],"author":"Milenio","twitter_card":"summary_large_image","twitter_creator":"@fidedignas","twitter_site":"@fidedignas","twitter_misc":{"Escrito por":"Milenio","Tiempo de lectura":"2 minutos"},"schema":{"@context":"https:\/\/schema.org","@graph":[{"@type":"Article","@id":"https:\/\/fuentesfidedignas.com.mx\/index.php\/2024\/12\/13\/trump-va-por-eliminar-el-horario-de-verano-en-eu-es-inconveniente-y-muy-costoso\/#article","isPartOf":{"@id":"https:\/\/fuentesfidedignas.com.mx\/index.php\/2024\/12\/13\/trump-va-por-eliminar-el-horario-de-verano-en-eu-es-inconveniente-y-muy-costoso\/"},"author":{"name":"Milenio","@id":"https:\/\/fuentesfidedignas.com.mx\/#\/schema\/person\/47ec0135738f4b0c7495f06a77a2c976"},"headline":"Trump va por eliminar el horario de verano en EU: &#8220;es inconveniente y muy costoso&#8221;","datePublished":"2024-12-14T00:21:42+00:00","dateModified":"2024-12-14T00:21:44+00:00","mainEntityOfPage":{"@id":"https:\/\/fuentesfidedignas.com.mx\/index.php\/2024\/12\/13\/trump-va-por-eliminar-el-horario-de-verano-en-eu-es-inconveniente-y-muy-costoso\/"},"wordCount":391,"commentCount":0,"publisher":{"@id":"https:\/\/fuentesfidedignas.com.mx\/#organization"},"image":{"@id":"https:\/\/fuentesfidedignas.com.mx\/index.php\/2024\/12\/13\/trump-va-por-eliminar-el-horario-de-verano-en-eu-es-inconveniente-y-muy-costoso\/#primaryimage"},"thumbnailUrl":"https:\/\/fuentesfidedignas.com.mx\/wp-content\/uploads\/2024\/12\/trump_1.jpg","articleSection":["NOTICIAS NACIONALES"],"inLanguage":"es","potentialAction":[{"@type":"CommentAction","name":"Comment","target":["https:\/\/fuentesfidedignas.com.mx\/index.php\/2024\/12\/13\/trump-va-por-eliminar-el-horario-de-verano-en-eu-es-inconveniente-y-muy-costoso\/#respond"]}]},{"@type":"WebPage","@id":"https:\/\/fuentesfidedignas.com.mx\/index.php\/2024\/12\/13\/trump-va-por-eliminar-el-horario-de-verano-en-eu-es-inconveniente-y-muy-costoso\/","url":"https:\/\/fuentesfidedignas.com.mx\/index.php\/2024\/12\/13\/trump-va-por-eliminar-el-horario-de-verano-en-eu-es-inconveniente-y-muy-costoso\/","name":"Trump va por eliminar el horario de verano en EU: \"es inconveniente y muy costoso\" - Fuentes Fidedignas","isPartOf":{"@id":"https:\/\/fuentesfidedignas.com.mx\/#website"},"primaryImageOfPage":{"@id":"https:\/\/fuentesfidedignas.com.mx\/index.php\/2024\/12\/13\/trump-va-por-eliminar-el-horario-de-verano-en-eu-es-inconveniente-y-muy-costoso\/#primaryimage"},"image":{"@id":"https:\/\/fuentesfidedignas.com.mx\/index.php\/2024\/12\/13\/trump-va-por-eliminar-el-horario-de-verano-en-eu-es-inconveniente-y-muy-costoso\/#primaryimage"},"thumbnailUrl":"https:\/\/fuentesfidedignas.com.mx\/wp-content\/uploads\/2024\/12\/trump_1.jpg","datePublished":"2024-12-14T00:21:42+00:00","dateModified":"2024-12-14T00:21:44+00:00","breadcrumb":{"@id":"https:\/\/fuentesfidedignas.com.mx\/index.php\/2024\/12\/13\/trump-va-por-eliminar-el-horario-de-verano-en-eu-es-inconveniente-y-muy-costoso\/#breadcrumb"},"inLanguage":"es","potentialAction":[{"@type":"ReadAction","target":["https:\/\/fuentesfidedignas.com.mx\/index.php\/2024\/12\/13\/trump-va-por-eliminar-el-horario-de-verano-en-eu-es-inconveniente-y-muy-costoso\/"]}]},{"@type":"ImageObject","inLanguage":"es","@id":"https:\/\/fuentesfidedignas.com.mx\/index.php\/2024\/12\/13\/trump-va-por-eliminar-el-horario-de-verano-en-eu-es-inconveniente-y-muy-costoso\/#primaryimage","url":"https:\/\/fuentesfidedignas.com.mx\/wp-content\/uploads\/2024\/12\/trump_1.jpg","contentUrl":"https:\/\/fuentesfidedignas.com.mx\/wp-content\/uploads\/2024\/12\/trump_1.jpg","width":865,"height":486},{"@type":"BreadcrumbList","@id":"https:\/\/fuentesfidedignas.com.mx\/index.php\/2024\/12\/13\/trump-va-por-eliminar-el-horario-de-verano-en-eu-es-inconveniente-y-muy-costoso\/#breadcrumb","itemListElement":[{"@type":"ListItem","position":1,"name":"Inicio","item":"https:\/\/fuentesfidedignas.com.mx\/"},{"@type":"ListItem","position":2,"name":"Trump va por eliminar el horario de verano en EU: &#8220;es inconveniente y muy costoso&#8221;"}]},{"@type":"WebSite","@id":"https:\/\/fuentesfidedignas.com.mx\/#website","url":"https:\/\/fuentesfidedignas.com.mx\/","name":"Fuentes Fidedignas","description":"Otro sitio realizado con WordPress","publisher":{"@id":"https:\/\/fuentesfidedignas.com.mx\/#organization"},"potentialAction":[{"@type":"SearchAction","target":{"@type":"EntryPoint","urlTemplate":"https:\/\/fuentesfidedignas.com.mx\/?s={search_term_string}"},"query-input":{"@type":"PropertyValueSpecification","valueRequired":true,"valueName":"search_term_string"}}],"inLanguage":"es"},{"@type":"Organization","@id":"https:\/\/fuentesfidedignas.com.mx\/#organization","name":"Fuentes Fidedignas","url":"https:\/\/fuentesfidedignas.com.mx\/","logo":{"@type":"ImageObject","inLanguage":"es","@id":"https:\/\/fuentesfidedignas.com.mx\/#\/schema\/logo\/image\/","url":"https:\/\/fuentesfidedignas.com.mx\/wp-content\/uploads\/2021\/04\/logo-retina.png","contentUrl":"https:\/\/fuentesfidedignas.com.mx\/wp-content\/uploads\/2021\/04\/logo-retina.png","width":280,"height":51,"caption":"Fuentes Fidedignas"},"image":{"@id":"https:\/\/fuentesfidedignas.com.mx\/#\/schema\/logo\/image\/"},"sameAs":["https:\/\/www.facebook.com\/Fuentes-Fidedignas-368234489921644","https:\/\/x.com\/fidedignas"]},{"@type":"Person","@id":"https:\/\/fuentesfidedignas.com.mx\/#\/schema\/person\/47ec0135738f4b0c7495f06a77a2c976","name":"Milenio","image":{"@type":"ImageObject","inLanguage":"es","@id":"https:\/\/secure.gravatar.com\/avatar\/acabf7b54753e51c2c76457954577c236b3b764789b19879565769739d1e4a75?s=96&d=mm&r=g","url":"https:\/\/secure.gravatar.com\/avatar\/acabf7b54753e51c2c76457954577c236b3b764789b19879565769739d1e4a75?s=96&d=mm&r=g","contentUrl":"https:\/\/secure.gravatar.com\/avatar\/acabf7b54753e51c2c76457954577c236b3b764789b19879565769739d1e4a75?s=96&d=mm&r=g","caption":"Milenio"},"url":"https:\/\/fuentesfidedignas.com.mx\/index.php\/author\/milenio\/"}]}},"_links":{"self":[{"href":"https:\/\/fuentesfidedignas.com.mx\/index.php\/wp-json\/wp\/v2\/posts\/97495","targetHints":{"allow":["GET"]}}],"collection":[{"href":"https:\/\/fuentesfidedignas.com.mx\/index.php\/wp-json\/wp\/v2\/posts"}],"about":[{"href":"https:\/\/fuentesfidedignas.com.mx\/index.php\/wp-json\/wp\/v2\/types\/post"}],"author":[{"embeddable":true,"href":"https:\/\/fuentesfidedignas.com.mx\/index.php\/wp-json\/wp\/v2\/users\/9"}],"replies":[{"embeddable":true,"href":"https:\/\/fuentesfidedignas.com.mx\/index.php\/wp-json\/wp\/v2\/comments?post=97495"}],"version-history":[{"count":1,"href":"https:\/\/fuentesfidedignas.com.mx\/index.php\/wp-json\/wp\/v2\/posts\/97495\/revisions"}],"predecessor-version":[{"id":97497,"href":"https:\/\/fuentesfidedignas.com.mx\/index.php\/wp-json\/wp\/v2\/posts\/97495\/revisions\/97497"}],"wp:featuredmedia":[{"embeddable":true,"href":"https:\/\/fuentesfidedignas.com.mx\/index.php\/wp-json\/wp\/v2\/media\/97496"}],"wp:attachment":[{"href":"https:\/\/fuentesfidedignas.com.mx\/index.php\/wp-json\/wp\/v2\/media?parent=97495"}],"wp:term":[{"taxonomy":"category","embeddable":true,"href":"https:\/\/fuentesfidedignas.com.mx\/index.php\/wp-json\/wp\/v2\/categories?post=97495"},{"taxonomy":"post_tag","embeddable":true,"href":"https:\/\/fuentesfidedignas.com.mx\/index.php\/wp-json\/wp\/v2\/tags?post=97495"}],"curies":[{"name":"wp","href":"https:\/\/api.w.org\/{rel}","templated":true}]}}