{"id":97422,"date":"2024-12-13T04:48:00","date_gmt":"2024-12-13T11:48:00","guid":{"rendered":"https:\/\/fuentesfidedignas.com.mx\/?p=97422"},"modified":"2024-12-12T20:53:19","modified_gmt":"2024-12-13T03:53:19","slug":"descubren-en-grecia-el-unico-retrato-original-del-ultimo-emperador-romano","status":"publish","type":"post","link":"https:\/\/fuentesfidedignas.com.mx\/index.php\/2024\/12\/13\/descubren-en-grecia-el-unico-retrato-original-del-ultimo-emperador-romano\/","title":{"rendered":"Descubren en Grecia el \u00fanico retrato original del \u00faltimo emperador romano"},"content":{"rendered":"\n<p><strong><em>El retrato se puede fechar con seguridad a mediados del siglo XV d. C., unos a\u00f1os antes de la ca\u00edda de Constantinopla y del Imperio Bizantino a manos de los otomanos<\/em><\/strong><\/p>\n\n\n\n<p>De acuerdo con un comunicado del Ministerio de Cultura griego, un grupo de arque\u00f3logos ha descubierto en un monasterio, en Grecia, un retrato de Constantino XI Pale\u00f3logo, el \u00faltimo emperador del Imperio Romano de Oriente, que fue pintado con el propio monarca como modelo.<\/p>\n\n\n\n<p>La imagen de Constantino XI (1405-1453) fue encontrada bajo una capa de pintura de un mural durante los trabajos de restauraci\u00f3n de un monasterio en la ciudad de Egio, a unos 160 kil\u00f3metros al oeste de Atenas. Seg\u00fan se inform\u00f3 en un comunicado, la imagen revelada muestra la figura de un hombre que porta las insignias imperiales (cord\u00f3n lujoso sobre t\u00fanica de color claro y corona con piedras preciosas) y sostiene un cetro en forma de cruz.<\/p>\n\n\n\n<p>La figura viste adem\u00e1s un manto de color p\u00farpura bordado en oro y decorado con medallas en las que est\u00e1n grabadas \u00e1guilas bic\u00e9falas con una corona entre sus dos cabezas y es la insignia de la familia de los Pale\u00f3logos, la \u00faltima dinast\u00eda reinante del Imperio Romano de Oriente o Imperio Bizantino.<\/p>\n\n\n\n<p>El retrato se puede fechar con seguridad a mediados del siglo XV d. C., unos a\u00f1os antes de la ca\u00edda de Constantinopla y del Imperio Bizantino a manos de los otomanos, y en \u00e9l se identifica inequ\u00edvocamente a Constantino XI. El autor del retrato tuvo como modelo al monarca y no a otra imagen, por lo que la pintura de gran calidad art\u00edstica representa directamente a Constantino.<\/p>\n\n\n\n<p>No se trata de un retrato idealista, sino de uno aut\u00e9ntico, que reproduce fielmente los rasgos fision\u00f3micos del \u00faltimo emperador bizantino. Es una figura terrenal, un hombre maduro, de rostro delgado y rasgos individuales, que rezuma tranquilidad y cortes\u00eda.<\/p>\n\n\n\n<p>Constantino XI Pale\u00f3logo fue coronado emperador el 6 de enero de 1449 y muri\u00f3, seg\u00fan coinciden la mayor\u00eda de historiadores, el 29 de mayo de 1453, luchando contra los otomanos que asediaban Constantinopla (hoy en d\u00eda Estambul), capital del Imperio Bizantino.<\/p>\n","protected":false},"excerpt":{"rendered":"<p>El retrato se puede fechar con seguridad a mediados del siglo XV d. C., unos a\u00f1os antes de la ca\u00edda de Constantinopla y del Imperio Bizantino a manos de los otomanos De acuerdo con un comunicado del Ministerio de Cultura griego, un grupo de arque\u00f3logos ha descubierto en un monasterio, en Grecia, un retrato de [&hellip;]<\/p>\n","protected":false},"author":22,"featured_media":97423,"comment_status":"open","ping_status":"open","sticky":false,"template":"","format":"standard","meta":{"tdm_status":"","tdm_grid_status":"","footnotes":""},"categories":[40],"tags":[],"class_list":{"0":"post-97422","1":"post","2":"type-post","3":"status-publish","4":"format-standard","5":"has-post-thumbnail","7":"category-las-asombrosas"},"yoast_head":"<!-- This site is optimized with the Yoast SEO plugin v27.5 - https:\/\/yoast.com\/product\/yoast-seo-wordpress\/ -->\n<title>Descubren en Grecia el \u00fanico retrato original del \u00faltimo emperador romano - Fuentes Fidedignas<\/title>\n<meta name=\"robots\" content=\"index, follow, max-snippet:-1, max-image-preview:large, max-video-preview:-1\" \/>\n<link rel=\"canonical\" href=\"https:\/\/fuentesfidedignas.com.mx\/index.php\/2024\/12\/13\/descubren-en-grecia-el-unico-retrato-original-del-ultimo-emperador-romano\/\" \/>\n<meta property=\"og:locale\" content=\"es_MX\" \/>\n<meta property=\"og:type\" content=\"article\" \/>\n<meta property=\"og:title\" content=\"Descubren en Grecia el \u00fanico retrato original del \u00faltimo emperador romano - Fuentes Fidedignas\" \/>\n<meta property=\"og:description\" content=\"El retrato se puede fechar con seguridad a mediados del siglo XV d. C., unos a\u00f1os antes de la ca\u00edda de Constantinopla y del Imperio Bizantino a manos de los otomanos De acuerdo con un comunicado del Ministerio de Cultura griego, un grupo de arque\u00f3logos ha descubierto en un monasterio, en Grecia, un retrato de [&hellip;]\" \/>\n<meta property=\"og:url\" content=\"https:\/\/fuentesfidedignas.com.mx\/index.php\/2024\/12\/13\/descubren-en-grecia-el-unico-retrato-original-del-ultimo-emperador-romano\/\" \/>\n<meta property=\"og:site_name\" content=\"Fuentes Fidedignas\" \/>\n<meta property=\"article:publisher\" content=\"https:\/\/www.facebook.com\/Fuentes-Fidedignas-368234489921644\" \/>\n<meta property=\"article:published_time\" content=\"2024-12-13T11:48:00+00:00\" \/>\n<meta property=\"og:image\" content=\"https:\/\/fuentesfidedignas.com.mx\/wp-content\/uploads\/2024\/12\/descubren_en_grecia_el_xnico_retrato_original_del_xltimo_emperador_romano.jpg\" \/>\n\t<meta property=\"og:image:width\" content=\"600\" \/>\n\t<meta property=\"og:image:height\" content=\"377\" \/>\n\t<meta property=\"og:image:type\" content=\"image\/jpeg\" \/>\n<meta name=\"author\" content=\"EFE\" \/>\n<meta name=\"twitter:card\" content=\"summary_large_image\" \/>\n<meta name=\"twitter:creator\" content=\"@fidedignas\" \/>\n<meta name=\"twitter:site\" content=\"@fidedignas\" \/>\n<meta name=\"twitter:label1\" content=\"Escrito por\" \/>\n\t<meta name=\"twitter:data1\" content=\"EFE\" \/>\n\t<meta name=\"twitter:label2\" content=\"Tiempo de lectura\" \/>\n\t<meta name=\"twitter:data2\" content=\"2 minutos\" \/>\n<script type=\"application\/ld+json\" class=\"yoast-schema-graph\">{\"@context\":\"https:\\\/\\\/schema.org\",\"@graph\":[{\"@type\":\"Article\",\"@id\":\"https:\\\/\\\/fuentesfidedignas.com.mx\\\/index.php\\\/2024\\\/12\\\/13\\\/descubren-en-grecia-el-unico-retrato-original-del-ultimo-emperador-romano\\\/#article\",\"isPartOf\":{\"@id\":\"https:\\\/\\\/fuentesfidedignas.com.mx\\\/index.php\\\/2024\\\/12\\\/13\\\/descubren-en-grecia-el-unico-retrato-original-del-ultimo-emperador-romano\\\/\"},\"author\":{\"name\":\"EFE\",\"@id\":\"https:\\\/\\\/fuentesfidedignas.com.mx\\\/#\\\/schema\\\/person\\\/0d44615087b5a626d5d3f13afe31ac41\"},\"headline\":\"Descubren en Grecia el \u00fanico retrato original del \u00faltimo emperador romano\",\"datePublished\":\"2024-12-13T11:48:00+00:00\",\"mainEntityOfPage\":{\"@id\":\"https:\\\/\\\/fuentesfidedignas.com.mx\\\/index.php\\\/2024\\\/12\\\/13\\\/descubren-en-grecia-el-unico-retrato-original-del-ultimo-emperador-romano\\\/\"},\"wordCount\":383,\"commentCount\":0,\"publisher\":{\"@id\":\"https:\\\/\\\/fuentesfidedignas.com.mx\\\/#organization\"},\"image\":{\"@id\":\"https:\\\/\\\/fuentesfidedignas.com.mx\\\/index.php\\\/2024\\\/12\\\/13\\\/descubren-en-grecia-el-unico-retrato-original-del-ultimo-emperador-romano\\\/#primaryimage\"},\"thumbnailUrl\":\"https:\\\/\\\/fuentesfidedignas.com.mx\\\/wp-content\\\/uploads\\\/2024\\\/12\\\/descubren_en_grecia_el_xnico_retrato_original_del_xltimo_emperador_romano.jpg\",\"articleSection\":[\"LAS ASOMBROSAS\"],\"inLanguage\":\"es\",\"potentialAction\":[{\"@type\":\"CommentAction\",\"name\":\"Comment\",\"target\":[\"https:\\\/\\\/fuentesfidedignas.com.mx\\\/index.php\\\/2024\\\/12\\\/13\\\/descubren-en-grecia-el-unico-retrato-original-del-ultimo-emperador-romano\\\/#respond\"]}]},{\"@type\":\"WebPage\",\"@id\":\"https:\\\/\\\/fuentesfidedignas.com.mx\\\/index.php\\\/2024\\\/12\\\/13\\\/descubren-en-grecia-el-unico-retrato-original-del-ultimo-emperador-romano\\\/\",\"url\":\"https:\\\/\\\/fuentesfidedignas.com.mx\\\/index.php\\\/2024\\\/12\\\/13\\\/descubren-en-grecia-el-unico-retrato-original-del-ultimo-emperador-romano\\\/\",\"name\":\"Descubren en Grecia el \u00fanico retrato original del \u00faltimo emperador romano - Fuentes Fidedignas\",\"isPartOf\":{\"@id\":\"https:\\\/\\\/fuentesfidedignas.com.mx\\\/#website\"},\"primaryImageOfPage\":{\"@id\":\"https:\\\/\\\/fuentesfidedignas.com.mx\\\/index.php\\\/2024\\\/12\\\/13\\\/descubren-en-grecia-el-unico-retrato-original-del-ultimo-emperador-romano\\\/#primaryimage\"},\"image\":{\"@id\":\"https:\\\/\\\/fuentesfidedignas.com.mx\\\/index.php\\\/2024\\\/12\\\/13\\\/descubren-en-grecia-el-unico-retrato-original-del-ultimo-emperador-romano\\\/#primaryimage\"},\"thumbnailUrl\":\"https:\\\/\\\/fuentesfidedignas.com.mx\\\/wp-content\\\/uploads\\\/2024\\\/12\\\/descubren_en_grecia_el_xnico_retrato_original_del_xltimo_emperador_romano.jpg\",\"datePublished\":\"2024-12-13T11:48:00+00:00\",\"breadcrumb\":{\"@id\":\"https:\\\/\\\/fuentesfidedignas.com.mx\\\/index.php\\\/2024\\\/12\\\/13\\\/descubren-en-grecia-el-unico-retrato-original-del-ultimo-emperador-romano\\\/#breadcrumb\"},\"inLanguage\":\"es\",\"potentialAction\":[{\"@type\":\"ReadAction\",\"target\":[\"https:\\\/\\\/fuentesfidedignas.com.mx\\\/index.php\\\/2024\\\/12\\\/13\\\/descubren-en-grecia-el-unico-retrato-original-del-ultimo-emperador-romano\\\/\"]}]},{\"@type\":\"ImageObject\",\"inLanguage\":\"es\",\"@id\":\"https:\\\/\\\/fuentesfidedignas.com.mx\\\/index.php\\\/2024\\\/12\\\/13\\\/descubren-en-grecia-el-unico-retrato-original-del-ultimo-emperador-romano\\\/#primaryimage\",\"url\":\"https:\\\/\\\/fuentesfidedignas.com.mx\\\/wp-content\\\/uploads\\\/2024\\\/12\\\/descubren_en_grecia_el_xnico_retrato_original_del_xltimo_emperador_romano.jpg\",\"contentUrl\":\"https:\\\/\\\/fuentesfidedignas.com.mx\\\/wp-content\\\/uploads\\\/2024\\\/12\\\/descubren_en_grecia_el_xnico_retrato_original_del_xltimo_emperador_romano.jpg\",\"width\":600,\"height\":377},{\"@type\":\"BreadcrumbList\",\"@id\":\"https:\\\/\\\/fuentesfidedignas.com.mx\\\/index.php\\\/2024\\\/12\\\/13\\\/descubren-en-grecia-el-unico-retrato-original-del-ultimo-emperador-romano\\\/#breadcrumb\",\"itemListElement\":[{\"@type\":\"ListItem\",\"position\":1,\"name\":\"Inicio\",\"item\":\"https:\\\/\\\/fuentesfidedignas.com.mx\\\/\"},{\"@type\":\"ListItem\",\"position\":2,\"name\":\"Descubren en Grecia el \u00fanico retrato original del \u00faltimo emperador romano\"}]},{\"@type\":\"WebSite\",\"@id\":\"https:\\\/\\\/fuentesfidedignas.com.mx\\\/#website\",\"url\":\"https:\\\/\\\/fuentesfidedignas.com.mx\\\/\",\"name\":\"Fuentes Fidedignas\",\"description\":\"Otro sitio realizado con WordPress\",\"publisher\":{\"@id\":\"https:\\\/\\\/fuentesfidedignas.com.mx\\\/#organization\"},\"potentialAction\":[{\"@type\":\"SearchAction\",\"target\":{\"@type\":\"EntryPoint\",\"urlTemplate\":\"https:\\\/\\\/fuentesfidedignas.com.mx\\\/?s={search_term_string}\"},\"query-input\":{\"@type\":\"PropertyValueSpecification\",\"valueRequired\":true,\"valueName\":\"search_term_string\"}}],\"inLanguage\":\"es\"},{\"@type\":\"Organization\",\"@id\":\"https:\\\/\\\/fuentesfidedignas.com.mx\\\/#organization\",\"name\":\"Fuentes Fidedignas\",\"url\":\"https:\\\/\\\/fuentesfidedignas.com.mx\\\/\",\"logo\":{\"@type\":\"ImageObject\",\"inLanguage\":\"es\",\"@id\":\"https:\\\/\\\/fuentesfidedignas.com.mx\\\/#\\\/schema\\\/logo\\\/image\\\/\",\"url\":\"https:\\\/\\\/fuentesfidedignas.com.mx\\\/wp-content\\\/uploads\\\/2021\\\/04\\\/logo-retina.png\",\"contentUrl\":\"https:\\\/\\\/fuentesfidedignas.com.mx\\\/wp-content\\\/uploads\\\/2021\\\/04\\\/logo-retina.png\",\"width\":280,\"height\":51,\"caption\":\"Fuentes Fidedignas\"},\"image\":{\"@id\":\"https:\\\/\\\/fuentesfidedignas.com.mx\\\/#\\\/schema\\\/logo\\\/image\\\/\"},\"sameAs\":[\"https:\\\/\\\/www.facebook.com\\\/Fuentes-Fidedignas-368234489921644\",\"https:\\\/\\\/x.com\\\/fidedignas\"]},{\"@type\":\"Person\",\"@id\":\"https:\\\/\\\/fuentesfidedignas.com.mx\\\/#\\\/schema\\\/person\\\/0d44615087b5a626d5d3f13afe31ac41\",\"name\":\"EFE\",\"image\":{\"@type\":\"ImageObject\",\"inLanguage\":\"es\",\"@id\":\"https:\\\/\\\/secure.gravatar.com\\\/avatar\\\/7048c2d9b569d9bed55bb53ad23821e6e047aa66338fb6ea9868627bbb9f54e8?s=96&d=mm&r=g\",\"url\":\"https:\\\/\\\/secure.gravatar.com\\\/avatar\\\/7048c2d9b569d9bed55bb53ad23821e6e047aa66338fb6ea9868627bbb9f54e8?s=96&d=mm&r=g\",\"contentUrl\":\"https:\\\/\\\/secure.gravatar.com\\\/avatar\\\/7048c2d9b569d9bed55bb53ad23821e6e047aa66338fb6ea9868627bbb9f54e8?s=96&d=mm&r=g\",\"caption\":\"EFE\"},\"url\":\"https:\\\/\\\/fuentesfidedignas.com.mx\\\/index.php\\\/author\\\/efe\\\/\"}]}<\/script>\n<!-- \/ Yoast SEO plugin. -->","yoast_head_json":{"title":"Descubren en Grecia el \u00fanico retrato original del \u00faltimo emperador romano - Fuentes Fidedignas","robots":{"index":"index","follow":"follow","max-snippet":"max-snippet:-1","max-image-preview":"max-image-preview:large","max-video-preview":"max-video-preview:-1"},"canonical":"https:\/\/fuentesfidedignas.com.mx\/index.php\/2024\/12\/13\/descubren-en-grecia-el-unico-retrato-original-del-ultimo-emperador-romano\/","og_locale":"es_MX","og_type":"article","og_title":"Descubren en Grecia el \u00fanico retrato original del \u00faltimo emperador romano - Fuentes Fidedignas","og_description":"El retrato se puede fechar con seguridad a mediados del siglo XV d. C., unos a\u00f1os antes de la ca\u00edda de Constantinopla y del Imperio Bizantino a manos de los otomanos De acuerdo con un comunicado del Ministerio de Cultura griego, un grupo de arque\u00f3logos ha descubierto en un monasterio, en Grecia, un retrato de [&hellip;]","og_url":"https:\/\/fuentesfidedignas.com.mx\/index.php\/2024\/12\/13\/descubren-en-grecia-el-unico-retrato-original-del-ultimo-emperador-romano\/","og_site_name":"Fuentes Fidedignas","article_publisher":"https:\/\/www.facebook.com\/Fuentes-Fidedignas-368234489921644","article_published_time":"2024-12-13T11:48:00+00:00","og_image":[{"width":600,"height":377,"url":"https:\/\/fuentesfidedignas.com.mx\/wp-content\/uploads\/2024\/12\/descubren_en_grecia_el_xnico_retrato_original_del_xltimo_emperador_romano.jpg","type":"image\/jpeg"}],"author":"EFE","twitter_card":"summary_large_image","twitter_creator":"@fidedignas","twitter_site":"@fidedignas","twitter_misc":{"Escrito por":"EFE","Tiempo de lectura":"2 minutos"},"schema":{"@context":"https:\/\/schema.org","@graph":[{"@type":"Article","@id":"https:\/\/fuentesfidedignas.com.mx\/index.php\/2024\/12\/13\/descubren-en-grecia-el-unico-retrato-original-del-ultimo-emperador-romano\/#article","isPartOf":{"@id":"https:\/\/fuentesfidedignas.com.mx\/index.php\/2024\/12\/13\/descubren-en-grecia-el-unico-retrato-original-del-ultimo-emperador-romano\/"},"author":{"name":"EFE","@id":"https:\/\/fuentesfidedignas.com.mx\/#\/schema\/person\/0d44615087b5a626d5d3f13afe31ac41"},"headline":"Descubren en Grecia el \u00fanico retrato original del \u00faltimo emperador romano","datePublished":"2024-12-13T11:48:00+00:00","mainEntityOfPage":{"@id":"https:\/\/fuentesfidedignas.com.mx\/index.php\/2024\/12\/13\/descubren-en-grecia-el-unico-retrato-original-del-ultimo-emperador-romano\/"},"wordCount":383,"commentCount":0,"publisher":{"@id":"https:\/\/fuentesfidedignas.com.mx\/#organization"},"image":{"@id":"https:\/\/fuentesfidedignas.com.mx\/index.php\/2024\/12\/13\/descubren-en-grecia-el-unico-retrato-original-del-ultimo-emperador-romano\/#primaryimage"},"thumbnailUrl":"https:\/\/fuentesfidedignas.com.mx\/wp-content\/uploads\/2024\/12\/descubren_en_grecia_el_xnico_retrato_original_del_xltimo_emperador_romano.jpg","articleSection":["LAS ASOMBROSAS"],"inLanguage":"es","potentialAction":[{"@type":"CommentAction","name":"Comment","target":["https:\/\/fuentesfidedignas.com.mx\/index.php\/2024\/12\/13\/descubren-en-grecia-el-unico-retrato-original-del-ultimo-emperador-romano\/#respond"]}]},{"@type":"WebPage","@id":"https:\/\/fuentesfidedignas.com.mx\/index.php\/2024\/12\/13\/descubren-en-grecia-el-unico-retrato-original-del-ultimo-emperador-romano\/","url":"https:\/\/fuentesfidedignas.com.mx\/index.php\/2024\/12\/13\/descubren-en-grecia-el-unico-retrato-original-del-ultimo-emperador-romano\/","name":"Descubren en Grecia el \u00fanico retrato original del \u00faltimo emperador romano - Fuentes Fidedignas","isPartOf":{"@id":"https:\/\/fuentesfidedignas.com.mx\/#website"},"primaryImageOfPage":{"@id":"https:\/\/fuentesfidedignas.com.mx\/index.php\/2024\/12\/13\/descubren-en-grecia-el-unico-retrato-original-del-ultimo-emperador-romano\/#primaryimage"},"image":{"@id":"https:\/\/fuentesfidedignas.com.mx\/index.php\/2024\/12\/13\/descubren-en-grecia-el-unico-retrato-original-del-ultimo-emperador-romano\/#primaryimage"},"thumbnailUrl":"https:\/\/fuentesfidedignas.com.mx\/wp-content\/uploads\/2024\/12\/descubren_en_grecia_el_xnico_retrato_original_del_xltimo_emperador_romano.jpg","datePublished":"2024-12-13T11:48:00+00:00","breadcrumb":{"@id":"https:\/\/fuentesfidedignas.com.mx\/index.php\/2024\/12\/13\/descubren-en-grecia-el-unico-retrato-original-del-ultimo-emperador-romano\/#breadcrumb"},"inLanguage":"es","potentialAction":[{"@type":"ReadAction","target":["https:\/\/fuentesfidedignas.com.mx\/index.php\/2024\/12\/13\/descubren-en-grecia-el-unico-retrato-original-del-ultimo-emperador-romano\/"]}]},{"@type":"ImageObject","inLanguage":"es","@id":"https:\/\/fuentesfidedignas.com.mx\/index.php\/2024\/12\/13\/descubren-en-grecia-el-unico-retrato-original-del-ultimo-emperador-romano\/#primaryimage","url":"https:\/\/fuentesfidedignas.com.mx\/wp-content\/uploads\/2024\/12\/descubren_en_grecia_el_xnico_retrato_original_del_xltimo_emperador_romano.jpg","contentUrl":"https:\/\/fuentesfidedignas.com.mx\/wp-content\/uploads\/2024\/12\/descubren_en_grecia_el_xnico_retrato_original_del_xltimo_emperador_romano.jpg","width":600,"height":377},{"@type":"BreadcrumbList","@id":"https:\/\/fuentesfidedignas.com.mx\/index.php\/2024\/12\/13\/descubren-en-grecia-el-unico-retrato-original-del-ultimo-emperador-romano\/#breadcrumb","itemListElement":[{"@type":"ListItem","position":1,"name":"Inicio","item":"https:\/\/fuentesfidedignas.com.mx\/"},{"@type":"ListItem","position":2,"name":"Descubren en Grecia el \u00fanico retrato original del \u00faltimo emperador romano"}]},{"@type":"WebSite","@id":"https:\/\/fuentesfidedignas.com.mx\/#website","url":"https:\/\/fuentesfidedignas.com.mx\/","name":"Fuentes Fidedignas","description":"Otro sitio realizado con WordPress","publisher":{"@id":"https:\/\/fuentesfidedignas.com.mx\/#organization"},"potentialAction":[{"@type":"SearchAction","target":{"@type":"EntryPoint","urlTemplate":"https:\/\/fuentesfidedignas.com.mx\/?s={search_term_string}"},"query-input":{"@type":"PropertyValueSpecification","valueRequired":true,"valueName":"search_term_string"}}],"inLanguage":"es"},{"@type":"Organization","@id":"https:\/\/fuentesfidedignas.com.mx\/#organization","name":"Fuentes Fidedignas","url":"https:\/\/fuentesfidedignas.com.mx\/","logo":{"@type":"ImageObject","inLanguage":"es","@id":"https:\/\/fuentesfidedignas.com.mx\/#\/schema\/logo\/image\/","url":"https:\/\/fuentesfidedignas.com.mx\/wp-content\/uploads\/2021\/04\/logo-retina.png","contentUrl":"https:\/\/fuentesfidedignas.com.mx\/wp-content\/uploads\/2021\/04\/logo-retina.png","width":280,"height":51,"caption":"Fuentes Fidedignas"},"image":{"@id":"https:\/\/fuentesfidedignas.com.mx\/#\/schema\/logo\/image\/"},"sameAs":["https:\/\/www.facebook.com\/Fuentes-Fidedignas-368234489921644","https:\/\/x.com\/fidedignas"]},{"@type":"Person","@id":"https:\/\/fuentesfidedignas.com.mx\/#\/schema\/person\/0d44615087b5a626d5d3f13afe31ac41","name":"EFE","image":{"@type":"ImageObject","inLanguage":"es","@id":"https:\/\/secure.gravatar.com\/avatar\/7048c2d9b569d9bed55bb53ad23821e6e047aa66338fb6ea9868627bbb9f54e8?s=96&d=mm&r=g","url":"https:\/\/secure.gravatar.com\/avatar\/7048c2d9b569d9bed55bb53ad23821e6e047aa66338fb6ea9868627bbb9f54e8?s=96&d=mm&r=g","contentUrl":"https:\/\/secure.gravatar.com\/avatar\/7048c2d9b569d9bed55bb53ad23821e6e047aa66338fb6ea9868627bbb9f54e8?s=96&d=mm&r=g","caption":"EFE"},"url":"https:\/\/fuentesfidedignas.com.mx\/index.php\/author\/efe\/"}]}},"_links":{"self":[{"href":"https:\/\/fuentesfidedignas.com.mx\/index.php\/wp-json\/wp\/v2\/posts\/97422","targetHints":{"allow":["GET"]}}],"collection":[{"href":"https:\/\/fuentesfidedignas.com.mx\/index.php\/wp-json\/wp\/v2\/posts"}],"about":[{"href":"https:\/\/fuentesfidedignas.com.mx\/index.php\/wp-json\/wp\/v2\/types\/post"}],"author":[{"embeddable":true,"href":"https:\/\/fuentesfidedignas.com.mx\/index.php\/wp-json\/wp\/v2\/users\/22"}],"replies":[{"embeddable":true,"href":"https:\/\/fuentesfidedignas.com.mx\/index.php\/wp-json\/wp\/v2\/comments?post=97422"}],"version-history":[{"count":1,"href":"https:\/\/fuentesfidedignas.com.mx\/index.php\/wp-json\/wp\/v2\/posts\/97422\/revisions"}],"predecessor-version":[{"id":97424,"href":"https:\/\/fuentesfidedignas.com.mx\/index.php\/wp-json\/wp\/v2\/posts\/97422\/revisions\/97424"}],"wp:featuredmedia":[{"embeddable":true,"href":"https:\/\/fuentesfidedignas.com.mx\/index.php\/wp-json\/wp\/v2\/media\/97423"}],"wp:attachment":[{"href":"https:\/\/fuentesfidedignas.com.mx\/index.php\/wp-json\/wp\/v2\/media?parent=97422"}],"wp:term":[{"taxonomy":"category","embeddable":true,"href":"https:\/\/fuentesfidedignas.com.mx\/index.php\/wp-json\/wp\/v2\/categories?post=97422"},{"taxonomy":"post_tag","embeddable":true,"href":"https:\/\/fuentesfidedignas.com.mx\/index.php\/wp-json\/wp\/v2\/tags?post=97422"}],"curies":[{"name":"wp","href":"https:\/\/api.w.org\/{rel}","templated":true}]}}