{"id":9729,"date":"2021-08-13T10:35:24","date_gmt":"2021-08-13T17:35:24","guid":{"rendered":"https:\/\/fuentesfidedignas.com.mx\/?p=9729"},"modified":"2021-08-13T10:35:26","modified_gmt":"2021-08-13T17:35:26","slug":"jornada-violenta-en-veracruz-cuatro-muertos-fiscalia-baleada-y-narcobloqueos","status":"publish","type":"post","link":"https:\/\/fuentesfidedignas.com.mx\/index.php\/2021\/08\/13\/jornada-violenta-en-veracruz-cuatro-muertos-fiscalia-baleada-y-narcobloqueos\/","title":{"rendered":"Jornada violenta en Veracruz: Cuatro muertos, Fiscal\u00eda baleada y narcobloqueos"},"content":{"rendered":"\n<p><strong><em>El enfrentamiento entre ministeriales y delincuentes se dio luego de que los elementos de la Fiscal\u00eda daban cumplimiento a una orden de aprehensi\u00f3n en la localidad Campo Grande<\/em><\/strong><\/p>\n\n\n\n<p>Xalapa, Ver.- Cuatro personas muertas, cuatro patrullas de la Polic\u00eda Ministerial incendiadas, las oficinas de la Fiscal\u00eda en Fort\u00edn de Las Flores rafagueadas, narcobloqueos en la carretera para evitar que llegaran m\u00e1s refuerzos de la Guardia Nacional y Secretar\u00eda de Seguridad P\u00fablica (SSP) fue el saldo total de los enfrentamientos de ayer en la zona monta\u00f1osa de Ixtaczoquitl\u00e1n, Fort\u00edn de las Flores y Tezonapa.<\/p>\n\n\n\n<p>Hoy en escueto mensaje en redes sociales, la fiscal General del Estado (FGE), Ver\u00f3nica Hern\u00e1ndez Giad\u00e1ns, insisti\u00f3 en que estos ataques no intimidar\u00e1n a los aparatos de seguridad y procuraci\u00f3n de justicia, pues apel\u00f3 a que la fiscal\u00eda \u201cs\u00ed est\u00e1 dando resultados\u201d.<\/p>\n\n\n\n<p>De las cuatro personas muertas, dos de ellas eran unos hermanos secuestrados d\u00edas antes en el municipio de Ixhuatl\u00e1n del Caf\u00e9; los otros dos fueron delincuentes neutralizados por fuerzas estatales y federales en una casa de seguridad en la localidad de Campo Grande en el municipio de Ixtaczoquitl\u00e1n.<\/p>\n\n\n\n<p>Hern\u00e1ndez Giad\u00e1ns explic\u00f3 que el enfrentamiento entre ministeriales y delincuentes se dio luego de que los elementos de la Fiscal\u00eda daban cumplimiento a una orden de aprehensi\u00f3n en la localidad Campo Grande, pero que al llegar al sitio hab\u00eda una c\u00e9lula criminal de al menos diez personas fuertemente armadas, lo que desencaden\u00f3 en una balacera.<\/p>\n\n\n\n<p>En el sitio, dos presuntos delincuentes murieron, despu\u00e9s de haber herido a un polic\u00eda ministerial, cuyo estado de salud se reporta estable.<\/p>\n\n\n\n<p>Cerca de ah\u00ed, en otra casa de seguridad se localizaron los cuerpos sin vida de una pareja de hermanos quienes hab\u00edan sido secuestrados d\u00edas antes.<\/p>\n\n\n\n<p>\u201cEn este caso, elementos de la Secretar\u00eda de Seguridad detuvieron a cinco integrantes del grupo delictivo que ser\u00e1n llevados ante un juez correspondiente para determinar su situaci\u00f3n jur\u00eddica\u201d.<\/p>\n\n\n\n<p>En la refriega, la c\u00e9lula delincuencial reaccion\u00f3 de forma virulenta atacando la sede de la Fiscal\u00eda General del Estado en el municipio de Fort\u00edn de las Flores y posteriormente quemando cuatro patrullas de la Polic\u00eda Ministerial en el municipio de Tezonapa.<\/p>\n\n\n\n<p>En ese corredor monta\u00f1oso tambi\u00e9n fueron atravesados camiones y transporte pesado en la autopista federal y en otros accesos carreteros para evitar que llegaran m\u00e1s refuerzos de la Guardia Nacional y de la Secretar\u00eda de Seguridad P\u00fablica (SSP).<\/p>\n\n\n\n<p>\u201cAnte estos hechos, enfocaremos todos nuestros esfuerzos institucionales para dar con los responsables de estos cobardes actos y llevarlos ante la justicia. Es imperativo dejar en claro que estos ataques nos indican que estamos dando resultados al combatir frontalmente a la delincuencia\u201d.<\/p>\n\n\n\n<p>Este corredor monta\u00f1oso que abarca Orizaba, C\u00f3rdoba, Nogales, Ciudad Mendoza, Ixtaczoquitl\u00e1n, Acultzingo, Ixhuatl\u00e1n del Caf\u00e9, entre otros hist\u00f3ricamente hab\u00eda sido un basti\u00f3n de Los Zetas y posteriormente de Sangre Nueva Zeta, de unos tres a\u00f1os para ac\u00e1, tambi\u00e9n ha tenido ya incursiones importantes de c\u00e9lulas del C\u00e1rtel de Jalisco Nueva Generaci\u00f3n.<\/p>\n","protected":false},"excerpt":{"rendered":"<p>El enfrentamiento entre ministeriales y delincuentes se dio luego de que los elementos de la Fiscal\u00eda daban cumplimiento a una orden de aprehensi\u00f3n en la localidad Campo Grande Xalapa, Ver.- Cuatro personas muertas, cuatro patrullas de la Polic\u00eda Ministerial incendiadas, las oficinas de la Fiscal\u00eda en Fort\u00edn de Las Flores rafagueadas, narcobloqueos en la carretera [&hellip;]<\/p>\n","protected":false},"author":50,"featured_media":9730,"comment_status":"open","ping_status":"open","sticky":false,"template":"","format":"standard","meta":{"tdm_status":"","tdm_grid_status":"","footnotes":""},"categories":[39],"tags":[],"class_list":{"0":"post-9729","1":"post","2":"type-post","3":"status-publish","4":"format-standard","5":"has-post-thumbnail","7":"category-noticias-nacionales"},"yoast_head":"<!-- This site is optimized with the Yoast SEO plugin v27.4 - https:\/\/yoast.com\/product\/yoast-seo-wordpress\/ -->\n<title>Jornada violenta en Veracruz: Cuatro muertos, Fiscal\u00eda baleada y narcobloqueos - Fuentes Fidedignas<\/title>\n<meta name=\"robots\" content=\"index, follow, max-snippet:-1, max-image-preview:large, max-video-preview:-1\" \/>\n<link rel=\"canonical\" href=\"https:\/\/fuentesfidedignas.com.mx\/index.php\/2021\/08\/13\/jornada-violenta-en-veracruz-cuatro-muertos-fiscalia-baleada-y-narcobloqueos\/\" \/>\n<meta property=\"og:locale\" content=\"es_MX\" \/>\n<meta property=\"og:type\" content=\"article\" \/>\n<meta property=\"og:title\" content=\"Jornada violenta en Veracruz: Cuatro muertos, Fiscal\u00eda baleada y narcobloqueos - Fuentes Fidedignas\" \/>\n<meta property=\"og:description\" content=\"El enfrentamiento entre ministeriales y delincuentes se dio luego de que los elementos de la Fiscal\u00eda daban cumplimiento a una orden de aprehensi\u00f3n en la localidad Campo Grande Xalapa, Ver.- Cuatro personas muertas, cuatro patrullas de la Polic\u00eda Ministerial incendiadas, las oficinas de la Fiscal\u00eda en Fort\u00edn de Las Flores rafagueadas, narcobloqueos en la carretera [&hellip;]\" \/>\n<meta property=\"og:url\" content=\"https:\/\/fuentesfidedignas.com.mx\/index.php\/2021\/08\/13\/jornada-violenta-en-veracruz-cuatro-muertos-fiscalia-baleada-y-narcobloqueos\/\" \/>\n<meta property=\"og:site_name\" content=\"Fuentes Fidedignas\" \/>\n<meta property=\"article:publisher\" content=\"https:\/\/www.facebook.com\/Fuentes-Fidedignas-368234489921644\" \/>\n<meta property=\"article:published_time\" content=\"2021-08-13T17:35:24+00:00\" \/>\n<meta property=\"article:modified_time\" content=\"2021-08-13T17:35:26+00:00\" \/>\n<meta property=\"og:image\" content=\"https:\/\/fuentesfidedignas.com.mx\/wp-content\/uploads\/2021\/08\/f608x342-140691_170414_17.jpg\" \/>\n\t<meta property=\"og:image:width\" content=\"608\" \/>\n\t<meta property=\"og:image:height\" content=\"342\" \/>\n\t<meta property=\"og:image:type\" content=\"image\/jpeg\" \/>\n<meta name=\"author\" content=\"Proceso\" \/>\n<meta name=\"twitter:card\" content=\"summary_large_image\" \/>\n<meta name=\"twitter:creator\" content=\"@fidedignas\" \/>\n<meta name=\"twitter:site\" content=\"@fidedignas\" \/>\n<meta name=\"twitter:label1\" content=\"Escrito por\" \/>\n\t<meta name=\"twitter:data1\" content=\"Proceso\" \/>\n\t<meta name=\"twitter:label2\" content=\"Tiempo de lectura\" \/>\n\t<meta name=\"twitter:data2\" content=\"3 minutos\" \/>\n<script type=\"application\/ld+json\" class=\"yoast-schema-graph\">{\"@context\":\"https:\\\/\\\/schema.org\",\"@graph\":[{\"@type\":\"Article\",\"@id\":\"https:\\\/\\\/fuentesfidedignas.com.mx\\\/index.php\\\/2021\\\/08\\\/13\\\/jornada-violenta-en-veracruz-cuatro-muertos-fiscalia-baleada-y-narcobloqueos\\\/#article\",\"isPartOf\":{\"@id\":\"https:\\\/\\\/fuentesfidedignas.com.mx\\\/index.php\\\/2021\\\/08\\\/13\\\/jornada-violenta-en-veracruz-cuatro-muertos-fiscalia-baleada-y-narcobloqueos\\\/\"},\"author\":{\"name\":\"Proceso\",\"@id\":\"https:\\\/\\\/fuentesfidedignas.com.mx\\\/#\\\/schema\\\/person\\\/eb72247ff123b3ce5e4cadc7f50ae372\"},\"headline\":\"Jornada violenta en Veracruz: Cuatro muertos, Fiscal\u00eda baleada y narcobloqueos\",\"datePublished\":\"2021-08-13T17:35:24+00:00\",\"dateModified\":\"2021-08-13T17:35:26+00:00\",\"mainEntityOfPage\":{\"@id\":\"https:\\\/\\\/fuentesfidedignas.com.mx\\\/index.php\\\/2021\\\/08\\\/13\\\/jornada-violenta-en-veracruz-cuatro-muertos-fiscalia-baleada-y-narcobloqueos\\\/\"},\"wordCount\":551,\"commentCount\":0,\"publisher\":{\"@id\":\"https:\\\/\\\/fuentesfidedignas.com.mx\\\/#organization\"},\"image\":{\"@id\":\"https:\\\/\\\/fuentesfidedignas.com.mx\\\/index.php\\\/2021\\\/08\\\/13\\\/jornada-violenta-en-veracruz-cuatro-muertos-fiscalia-baleada-y-narcobloqueos\\\/#primaryimage\"},\"thumbnailUrl\":\"https:\\\/\\\/fuentesfidedignas.com.mx\\\/wp-content\\\/uploads\\\/2021\\\/08\\\/f608x342-140691_170414_17.jpg\",\"articleSection\":[\"NOTICIAS NACIONALES\"],\"inLanguage\":\"es\",\"potentialAction\":[{\"@type\":\"CommentAction\",\"name\":\"Comment\",\"target\":[\"https:\\\/\\\/fuentesfidedignas.com.mx\\\/index.php\\\/2021\\\/08\\\/13\\\/jornada-violenta-en-veracruz-cuatro-muertos-fiscalia-baleada-y-narcobloqueos\\\/#respond\"]}]},{\"@type\":\"WebPage\",\"@id\":\"https:\\\/\\\/fuentesfidedignas.com.mx\\\/index.php\\\/2021\\\/08\\\/13\\\/jornada-violenta-en-veracruz-cuatro-muertos-fiscalia-baleada-y-narcobloqueos\\\/\",\"url\":\"https:\\\/\\\/fuentesfidedignas.com.mx\\\/index.php\\\/2021\\\/08\\\/13\\\/jornada-violenta-en-veracruz-cuatro-muertos-fiscalia-baleada-y-narcobloqueos\\\/\",\"name\":\"Jornada violenta en Veracruz: Cuatro muertos, Fiscal\u00eda baleada y narcobloqueos - Fuentes Fidedignas\",\"isPartOf\":{\"@id\":\"https:\\\/\\\/fuentesfidedignas.com.mx\\\/#website\"},\"primaryImageOfPage\":{\"@id\":\"https:\\\/\\\/fuentesfidedignas.com.mx\\\/index.php\\\/2021\\\/08\\\/13\\\/jornada-violenta-en-veracruz-cuatro-muertos-fiscalia-baleada-y-narcobloqueos\\\/#primaryimage\"},\"image\":{\"@id\":\"https:\\\/\\\/fuentesfidedignas.com.mx\\\/index.php\\\/2021\\\/08\\\/13\\\/jornada-violenta-en-veracruz-cuatro-muertos-fiscalia-baleada-y-narcobloqueos\\\/#primaryimage\"},\"thumbnailUrl\":\"https:\\\/\\\/fuentesfidedignas.com.mx\\\/wp-content\\\/uploads\\\/2021\\\/08\\\/f608x342-140691_170414_17.jpg\",\"datePublished\":\"2021-08-13T17:35:24+00:00\",\"dateModified\":\"2021-08-13T17:35:26+00:00\",\"breadcrumb\":{\"@id\":\"https:\\\/\\\/fuentesfidedignas.com.mx\\\/index.php\\\/2021\\\/08\\\/13\\\/jornada-violenta-en-veracruz-cuatro-muertos-fiscalia-baleada-y-narcobloqueos\\\/#breadcrumb\"},\"inLanguage\":\"es\",\"potentialAction\":[{\"@type\":\"ReadAction\",\"target\":[\"https:\\\/\\\/fuentesfidedignas.com.mx\\\/index.php\\\/2021\\\/08\\\/13\\\/jornada-violenta-en-veracruz-cuatro-muertos-fiscalia-baleada-y-narcobloqueos\\\/\"]}]},{\"@type\":\"ImageObject\",\"inLanguage\":\"es\",\"@id\":\"https:\\\/\\\/fuentesfidedignas.com.mx\\\/index.php\\\/2021\\\/08\\\/13\\\/jornada-violenta-en-veracruz-cuatro-muertos-fiscalia-baleada-y-narcobloqueos\\\/#primaryimage\",\"url\":\"https:\\\/\\\/fuentesfidedignas.com.mx\\\/wp-content\\\/uploads\\\/2021\\\/08\\\/f608x342-140691_170414_17.jpg\",\"contentUrl\":\"https:\\\/\\\/fuentesfidedignas.com.mx\\\/wp-content\\\/uploads\\\/2021\\\/08\\\/f608x342-140691_170414_17.jpg\",\"width\":608,\"height\":342},{\"@type\":\"BreadcrumbList\",\"@id\":\"https:\\\/\\\/fuentesfidedignas.com.mx\\\/index.php\\\/2021\\\/08\\\/13\\\/jornada-violenta-en-veracruz-cuatro-muertos-fiscalia-baleada-y-narcobloqueos\\\/#breadcrumb\",\"itemListElement\":[{\"@type\":\"ListItem\",\"position\":1,\"name\":\"Inicio\",\"item\":\"https:\\\/\\\/fuentesfidedignas.com.mx\\\/\"},{\"@type\":\"ListItem\",\"position\":2,\"name\":\"Jornada violenta en Veracruz: Cuatro muertos, Fiscal\u00eda baleada y narcobloqueos\"}]},{\"@type\":\"WebSite\",\"@id\":\"https:\\\/\\\/fuentesfidedignas.com.mx\\\/#website\",\"url\":\"https:\\\/\\\/fuentesfidedignas.com.mx\\\/\",\"name\":\"Fuentes Fidedignas\",\"description\":\"Otro sitio realizado con WordPress\",\"publisher\":{\"@id\":\"https:\\\/\\\/fuentesfidedignas.com.mx\\\/#organization\"},\"potentialAction\":[{\"@type\":\"SearchAction\",\"target\":{\"@type\":\"EntryPoint\",\"urlTemplate\":\"https:\\\/\\\/fuentesfidedignas.com.mx\\\/?s={search_term_string}\"},\"query-input\":{\"@type\":\"PropertyValueSpecification\",\"valueRequired\":true,\"valueName\":\"search_term_string\"}}],\"inLanguage\":\"es\"},{\"@type\":\"Organization\",\"@id\":\"https:\\\/\\\/fuentesfidedignas.com.mx\\\/#organization\",\"name\":\"Fuentes Fidedignas\",\"url\":\"https:\\\/\\\/fuentesfidedignas.com.mx\\\/\",\"logo\":{\"@type\":\"ImageObject\",\"inLanguage\":\"es\",\"@id\":\"https:\\\/\\\/fuentesfidedignas.com.mx\\\/#\\\/schema\\\/logo\\\/image\\\/\",\"url\":\"https:\\\/\\\/fuentesfidedignas.com.mx\\\/wp-content\\\/uploads\\\/2021\\\/04\\\/logo-retina.png\",\"contentUrl\":\"https:\\\/\\\/fuentesfidedignas.com.mx\\\/wp-content\\\/uploads\\\/2021\\\/04\\\/logo-retina.png\",\"width\":280,\"height\":51,\"caption\":\"Fuentes Fidedignas\"},\"image\":{\"@id\":\"https:\\\/\\\/fuentesfidedignas.com.mx\\\/#\\\/schema\\\/logo\\\/image\\\/\"},\"sameAs\":[\"https:\\\/\\\/www.facebook.com\\\/Fuentes-Fidedignas-368234489921644\",\"https:\\\/\\\/x.com\\\/fidedignas\"]},{\"@type\":\"Person\",\"@id\":\"https:\\\/\\\/fuentesfidedignas.com.mx\\\/#\\\/schema\\\/person\\\/eb72247ff123b3ce5e4cadc7f50ae372\",\"name\":\"Proceso\",\"image\":{\"@type\":\"ImageObject\",\"inLanguage\":\"es\",\"@id\":\"https:\\\/\\\/secure.gravatar.com\\\/avatar\\\/0bb01ecb091d50a46122cbe5cc32ffea15a000f83628f1e40458e669d38ff2cd?s=96&d=mm&r=g\",\"url\":\"https:\\\/\\\/secure.gravatar.com\\\/avatar\\\/0bb01ecb091d50a46122cbe5cc32ffea15a000f83628f1e40458e669d38ff2cd?s=96&d=mm&r=g\",\"contentUrl\":\"https:\\\/\\\/secure.gravatar.com\\\/avatar\\\/0bb01ecb091d50a46122cbe5cc32ffea15a000f83628f1e40458e669d38ff2cd?s=96&d=mm&r=g\",\"caption\":\"Proceso\"},\"url\":\"https:\\\/\\\/fuentesfidedignas.com.mx\\\/index.php\\\/author\\\/proceso\\\/\"}]}<\/script>\n<!-- \/ Yoast SEO plugin. -->","yoast_head_json":{"title":"Jornada violenta en Veracruz: Cuatro muertos, Fiscal\u00eda baleada y narcobloqueos - Fuentes Fidedignas","robots":{"index":"index","follow":"follow","max-snippet":"max-snippet:-1","max-image-preview":"max-image-preview:large","max-video-preview":"max-video-preview:-1"},"canonical":"https:\/\/fuentesfidedignas.com.mx\/index.php\/2021\/08\/13\/jornada-violenta-en-veracruz-cuatro-muertos-fiscalia-baleada-y-narcobloqueos\/","og_locale":"es_MX","og_type":"article","og_title":"Jornada violenta en Veracruz: Cuatro muertos, Fiscal\u00eda baleada y narcobloqueos - Fuentes Fidedignas","og_description":"El enfrentamiento entre ministeriales y delincuentes se dio luego de que los elementos de la Fiscal\u00eda daban cumplimiento a una orden de aprehensi\u00f3n en la localidad Campo Grande Xalapa, Ver.- Cuatro personas muertas, cuatro patrullas de la Polic\u00eda Ministerial incendiadas, las oficinas de la Fiscal\u00eda en Fort\u00edn de Las Flores rafagueadas, narcobloqueos en la carretera [&hellip;]","og_url":"https:\/\/fuentesfidedignas.com.mx\/index.php\/2021\/08\/13\/jornada-violenta-en-veracruz-cuatro-muertos-fiscalia-baleada-y-narcobloqueos\/","og_site_name":"Fuentes Fidedignas","article_publisher":"https:\/\/www.facebook.com\/Fuentes-Fidedignas-368234489921644","article_published_time":"2021-08-13T17:35:24+00:00","article_modified_time":"2021-08-13T17:35:26+00:00","og_image":[{"width":608,"height":342,"url":"https:\/\/fuentesfidedignas.com.mx\/wp-content\/uploads\/2021\/08\/f608x342-140691_170414_17.jpg","type":"image\/jpeg"}],"author":"Proceso","twitter_card":"summary_large_image","twitter_creator":"@fidedignas","twitter_site":"@fidedignas","twitter_misc":{"Escrito por":"Proceso","Tiempo de lectura":"3 minutos"},"schema":{"@context":"https:\/\/schema.org","@graph":[{"@type":"Article","@id":"https:\/\/fuentesfidedignas.com.mx\/index.php\/2021\/08\/13\/jornada-violenta-en-veracruz-cuatro-muertos-fiscalia-baleada-y-narcobloqueos\/#article","isPartOf":{"@id":"https:\/\/fuentesfidedignas.com.mx\/index.php\/2021\/08\/13\/jornada-violenta-en-veracruz-cuatro-muertos-fiscalia-baleada-y-narcobloqueos\/"},"author":{"name":"Proceso","@id":"https:\/\/fuentesfidedignas.com.mx\/#\/schema\/person\/eb72247ff123b3ce5e4cadc7f50ae372"},"headline":"Jornada violenta en Veracruz: Cuatro muertos, Fiscal\u00eda baleada y narcobloqueos","datePublished":"2021-08-13T17:35:24+00:00","dateModified":"2021-08-13T17:35:26+00:00","mainEntityOfPage":{"@id":"https:\/\/fuentesfidedignas.com.mx\/index.php\/2021\/08\/13\/jornada-violenta-en-veracruz-cuatro-muertos-fiscalia-baleada-y-narcobloqueos\/"},"wordCount":551,"commentCount":0,"publisher":{"@id":"https:\/\/fuentesfidedignas.com.mx\/#organization"},"image":{"@id":"https:\/\/fuentesfidedignas.com.mx\/index.php\/2021\/08\/13\/jornada-violenta-en-veracruz-cuatro-muertos-fiscalia-baleada-y-narcobloqueos\/#primaryimage"},"thumbnailUrl":"https:\/\/fuentesfidedignas.com.mx\/wp-content\/uploads\/2021\/08\/f608x342-140691_170414_17.jpg","articleSection":["NOTICIAS NACIONALES"],"inLanguage":"es","potentialAction":[{"@type":"CommentAction","name":"Comment","target":["https:\/\/fuentesfidedignas.com.mx\/index.php\/2021\/08\/13\/jornada-violenta-en-veracruz-cuatro-muertos-fiscalia-baleada-y-narcobloqueos\/#respond"]}]},{"@type":"WebPage","@id":"https:\/\/fuentesfidedignas.com.mx\/index.php\/2021\/08\/13\/jornada-violenta-en-veracruz-cuatro-muertos-fiscalia-baleada-y-narcobloqueos\/","url":"https:\/\/fuentesfidedignas.com.mx\/index.php\/2021\/08\/13\/jornada-violenta-en-veracruz-cuatro-muertos-fiscalia-baleada-y-narcobloqueos\/","name":"Jornada violenta en Veracruz: Cuatro muertos, Fiscal\u00eda baleada y narcobloqueos - Fuentes Fidedignas","isPartOf":{"@id":"https:\/\/fuentesfidedignas.com.mx\/#website"},"primaryImageOfPage":{"@id":"https:\/\/fuentesfidedignas.com.mx\/index.php\/2021\/08\/13\/jornada-violenta-en-veracruz-cuatro-muertos-fiscalia-baleada-y-narcobloqueos\/#primaryimage"},"image":{"@id":"https:\/\/fuentesfidedignas.com.mx\/index.php\/2021\/08\/13\/jornada-violenta-en-veracruz-cuatro-muertos-fiscalia-baleada-y-narcobloqueos\/#primaryimage"},"thumbnailUrl":"https:\/\/fuentesfidedignas.com.mx\/wp-content\/uploads\/2021\/08\/f608x342-140691_170414_17.jpg","datePublished":"2021-08-13T17:35:24+00:00","dateModified":"2021-08-13T17:35:26+00:00","breadcrumb":{"@id":"https:\/\/fuentesfidedignas.com.mx\/index.php\/2021\/08\/13\/jornada-violenta-en-veracruz-cuatro-muertos-fiscalia-baleada-y-narcobloqueos\/#breadcrumb"},"inLanguage":"es","potentialAction":[{"@type":"ReadAction","target":["https:\/\/fuentesfidedignas.com.mx\/index.php\/2021\/08\/13\/jornada-violenta-en-veracruz-cuatro-muertos-fiscalia-baleada-y-narcobloqueos\/"]}]},{"@type":"ImageObject","inLanguage":"es","@id":"https:\/\/fuentesfidedignas.com.mx\/index.php\/2021\/08\/13\/jornada-violenta-en-veracruz-cuatro-muertos-fiscalia-baleada-y-narcobloqueos\/#primaryimage","url":"https:\/\/fuentesfidedignas.com.mx\/wp-content\/uploads\/2021\/08\/f608x342-140691_170414_17.jpg","contentUrl":"https:\/\/fuentesfidedignas.com.mx\/wp-content\/uploads\/2021\/08\/f608x342-140691_170414_17.jpg","width":608,"height":342},{"@type":"BreadcrumbList","@id":"https:\/\/fuentesfidedignas.com.mx\/index.php\/2021\/08\/13\/jornada-violenta-en-veracruz-cuatro-muertos-fiscalia-baleada-y-narcobloqueos\/#breadcrumb","itemListElement":[{"@type":"ListItem","position":1,"name":"Inicio","item":"https:\/\/fuentesfidedignas.com.mx\/"},{"@type":"ListItem","position":2,"name":"Jornada violenta en Veracruz: Cuatro muertos, Fiscal\u00eda baleada y narcobloqueos"}]},{"@type":"WebSite","@id":"https:\/\/fuentesfidedignas.com.mx\/#website","url":"https:\/\/fuentesfidedignas.com.mx\/","name":"Fuentes Fidedignas","description":"Otro sitio realizado con WordPress","publisher":{"@id":"https:\/\/fuentesfidedignas.com.mx\/#organization"},"potentialAction":[{"@type":"SearchAction","target":{"@type":"EntryPoint","urlTemplate":"https:\/\/fuentesfidedignas.com.mx\/?s={search_term_string}"},"query-input":{"@type":"PropertyValueSpecification","valueRequired":true,"valueName":"search_term_string"}}],"inLanguage":"es"},{"@type":"Organization","@id":"https:\/\/fuentesfidedignas.com.mx\/#organization","name":"Fuentes Fidedignas","url":"https:\/\/fuentesfidedignas.com.mx\/","logo":{"@type":"ImageObject","inLanguage":"es","@id":"https:\/\/fuentesfidedignas.com.mx\/#\/schema\/logo\/image\/","url":"https:\/\/fuentesfidedignas.com.mx\/wp-content\/uploads\/2021\/04\/logo-retina.png","contentUrl":"https:\/\/fuentesfidedignas.com.mx\/wp-content\/uploads\/2021\/04\/logo-retina.png","width":280,"height":51,"caption":"Fuentes Fidedignas"},"image":{"@id":"https:\/\/fuentesfidedignas.com.mx\/#\/schema\/logo\/image\/"},"sameAs":["https:\/\/www.facebook.com\/Fuentes-Fidedignas-368234489921644","https:\/\/x.com\/fidedignas"]},{"@type":"Person","@id":"https:\/\/fuentesfidedignas.com.mx\/#\/schema\/person\/eb72247ff123b3ce5e4cadc7f50ae372","name":"Proceso","image":{"@type":"ImageObject","inLanguage":"es","@id":"https:\/\/secure.gravatar.com\/avatar\/0bb01ecb091d50a46122cbe5cc32ffea15a000f83628f1e40458e669d38ff2cd?s=96&d=mm&r=g","url":"https:\/\/secure.gravatar.com\/avatar\/0bb01ecb091d50a46122cbe5cc32ffea15a000f83628f1e40458e669d38ff2cd?s=96&d=mm&r=g","contentUrl":"https:\/\/secure.gravatar.com\/avatar\/0bb01ecb091d50a46122cbe5cc32ffea15a000f83628f1e40458e669d38ff2cd?s=96&d=mm&r=g","caption":"Proceso"},"url":"https:\/\/fuentesfidedignas.com.mx\/index.php\/author\/proceso\/"}]}},"_links":{"self":[{"href":"https:\/\/fuentesfidedignas.com.mx\/index.php\/wp-json\/wp\/v2\/posts\/9729","targetHints":{"allow":["GET"]}}],"collection":[{"href":"https:\/\/fuentesfidedignas.com.mx\/index.php\/wp-json\/wp\/v2\/posts"}],"about":[{"href":"https:\/\/fuentesfidedignas.com.mx\/index.php\/wp-json\/wp\/v2\/types\/post"}],"author":[{"embeddable":true,"href":"https:\/\/fuentesfidedignas.com.mx\/index.php\/wp-json\/wp\/v2\/users\/50"}],"replies":[{"embeddable":true,"href":"https:\/\/fuentesfidedignas.com.mx\/index.php\/wp-json\/wp\/v2\/comments?post=9729"}],"version-history":[{"count":1,"href":"https:\/\/fuentesfidedignas.com.mx\/index.php\/wp-json\/wp\/v2\/posts\/9729\/revisions"}],"predecessor-version":[{"id":9731,"href":"https:\/\/fuentesfidedignas.com.mx\/index.php\/wp-json\/wp\/v2\/posts\/9729\/revisions\/9731"}],"wp:featuredmedia":[{"embeddable":true,"href":"https:\/\/fuentesfidedignas.com.mx\/index.php\/wp-json\/wp\/v2\/media\/9730"}],"wp:attachment":[{"href":"https:\/\/fuentesfidedignas.com.mx\/index.php\/wp-json\/wp\/v2\/media?parent=9729"}],"wp:term":[{"taxonomy":"category","embeddable":true,"href":"https:\/\/fuentesfidedignas.com.mx\/index.php\/wp-json\/wp\/v2\/categories?post=9729"},{"taxonomy":"post_tag","embeddable":true,"href":"https:\/\/fuentesfidedignas.com.mx\/index.php\/wp-json\/wp\/v2\/tags?post=9729"}],"curies":[{"name":"wp","href":"https:\/\/api.w.org\/{rel}","templated":true}]}}