{"id":97182,"date":"2024-12-10T09:01:42","date_gmt":"2024-12-10T16:01:42","guid":{"rendered":"https:\/\/fuentesfidedignas.com.mx\/?p=97182"},"modified":"2024-12-10T09:01:42","modified_gmt":"2024-12-10T16:01:42","slug":"detienen-en-culiacan-a-paul-n-y-karla-n-realizaban-ataques-explosivos-y-homicidios","status":"publish","type":"post","link":"https:\/\/fuentesfidedignas.com.mx\/index.php\/2024\/12\/10\/detienen-en-culiacan-a-paul-n-y-karla-n-realizaban-ataques-explosivos-y-homicidios\/","title":{"rendered":"Detienen en Culiac\u00e1n a Paul \u201cN\u201d y Karla \u201cN\u201d: realizaban ataques explosivos y homicidios"},"content":{"rendered":"\n<p class=\"paragraph\">Como parte de las acciones para restablecer la paz en Sinaloa, autoridades federales capturaron en Culiac\u00e1n a&nbsp;<strong>Paul Alexander \u201cN\u201d<\/strong>y<strong>&nbsp;Karla Alejandra \u201cN\u201d<\/strong>, identificados como presuntos operadores de la facci\u00f3n de<strong>&nbsp;Los Chapitos<\/strong>.<\/p>\n\n\n\n<p class=\"paragraph\">Seg\u00fan las investigaciones, estas personas estar\u00edan relacionadas con actividades de delincuencia organizada con fines de cometer delitos contra la salud y&nbsp;<strong>tr\u00e1fico de armas<\/strong>.<\/p>\n\n\n\n<p class=\"paragraph\">Paul Alexander \u201cN\u201d y Karla Alejandra \u201cN\u201d, ambos de 32 a\u00f1os de edad, fueron ubicados en un domicilio de la&nbsp;<strong>colonia Congreso del Estado<\/strong>, perteneciente a Culiac\u00e1n, gracias a labores de inteligencia encaminadas a monitorear los movimientos del grupo criminal.<\/p>\n\n\n\n<p class=\"paragraph\">En los trabajos de investigaci\u00f3n y seguimiento participaron elementos de la Secretar\u00eda de la Defensa Nacional (<strong>Defensa<\/strong>), la Secretar\u00eda de Seguridad y Protecci\u00f3n Ciudadana (SSPC), el Centro Nacional de Inteligencia (CNI), la Secretar\u00eda de Marina (Semar), Guardia Nacional (GN) y la Fiscal\u00eda General de la Rep\u00fablica (<strong>FGR<\/strong>).<\/p>\n\n\n\n<p class=\"paragraph\">Fuentes federales confirmaron a&nbsp;<em>Infobae M\u00e9xico<\/em>&nbsp;que Paul Alexander \u201cN\u201d es se\u00f1alado como presunto&nbsp;<strong>proveedor de armas de fuego y droga<\/strong>&nbsp;para una c\u00e9lula de sicarios af\u00edn a Los Chapitos. Por otro lado, se presume que Karla Alejandra \u201cN\u201d ser\u00eda su principal colaboradora, la cual tendr\u00eda a su cargo actividades como la venta y distribuci\u00f3n de narc\u00f3ticos.<\/p>\n\n\n\n<p class=\"paragraph\">Sumado a ello, las primeras indagatorias sugieren que Paul Alexander \u201cN\u201d planeaba cometer&nbsp;<strong>ataques con explosivos improvisados&nbsp;<\/strong>en lugares p\u00fablicos de la zona de<strong>&nbsp;Eldorado<\/strong>, as\u00ed como agresiones contra la c\u00e9lula de Los Mayos en el mismo municipio.<\/p>\n\n\n\n<blockquote class=\"wp-block-quote color_figcaption is-layout-flow wp-block-quote-is-layout-flow\">\n<p>\u201cEl detenido es identificado como operador de un grupo delictivo donde apoya a una c\u00e9lula de homicidas, a quienes provee de armas de fuego y droga, en tanto, la mujer es identificada como colaboradora de Paul Alexander \u201cN\u201d, encargada de la venta y distribuci\u00f3n de droga, adem\u00e1s de ser persona de confianza de operadores del mismo grupo delictivo\u201d, expuso la SSPC en un comunicado.<\/p>\n<\/blockquote>\n\n\n\n<p class=\"paragraph\">Tanto Paul \u201cN\u201d como Karla \u201cN\u201d estar\u00edan vinculados a la agrupaci\u00f3n anteriormente encabezada por&nbsp;<strong>Ra\u00fal Carrasco Lechuga, alias \u2018El Chore\u2019<\/strong>,&nbsp;<a href=\"https:\/\/www.infobae.com\/mexico\/2024\/06\/24\/quien-era-el-chore-jefe-de-plaza-de-los-chapitos-en-eldorado-que-fue-abatido-en-sinaloa\/\" target=\"_blank\" rel=\"noreferrer noopener\">jefe de plaza<\/a>&nbsp;de Los Chapitos que fue<strong>&nbsp;abatido&nbsp;<\/strong>durante un enfrentamiento con militares el pasado 23 de junio en Eldorado.<\/p>\n","protected":false},"excerpt":{"rendered":"<p>Como parte de las acciones para restablecer la paz en Sinaloa, autoridades federales capturaron en Culiac\u00e1n a&nbsp;Paul Alexander \u201cN\u201dy&nbsp;Karla Alejandra \u201cN\u201d, identificados como presuntos operadores de la facci\u00f3n de&nbsp;Los Chapitos. Seg\u00fan las investigaciones, estas personas estar\u00edan relacionadas con actividades de delincuencia organizada con fines de cometer delitos contra la salud y&nbsp;tr\u00e1fico de armas. Paul Alexander [&hellip;]<\/p>\n","protected":false},"author":41,"featured_media":97181,"comment_status":"closed","ping_status":"open","sticky":false,"template":"","format":"standard","meta":{"tdm_status":"","tdm_grid_status":"","footnotes":""},"categories":[37],"tags":[],"class_list":{"0":"post-97182","1":"post","2":"type-post","3":"status-publish","4":"format-standard","5":"has-post-thumbnail","7":"category-nota-principal"},"yoast_head":"<!-- This site is optimized with the Yoast SEO plugin v27.4 - https:\/\/yoast.com\/product\/yoast-seo-wordpress\/ -->\n<title>Detienen en Culiac\u00e1n a Paul \u201cN\u201d y Karla \u201cN\u201d: realizaban ataques explosivos y homicidios - Fuentes Fidedignas<\/title>\n<meta name=\"robots\" content=\"index, follow, max-snippet:-1, max-image-preview:large, max-video-preview:-1\" \/>\n<link rel=\"canonical\" href=\"https:\/\/fuentesfidedignas.com.mx\/index.php\/2024\/12\/10\/detienen-en-culiacan-a-paul-n-y-karla-n-realizaban-ataques-explosivos-y-homicidios\/\" \/>\n<meta property=\"og:locale\" content=\"es_MX\" \/>\n<meta property=\"og:type\" content=\"article\" \/>\n<meta property=\"og:title\" content=\"Detienen en Culiac\u00e1n a Paul \u201cN\u201d y Karla \u201cN\u201d: realizaban ataques explosivos y homicidios - Fuentes Fidedignas\" \/>\n<meta property=\"og:description\" content=\"Como parte de las acciones para restablecer la paz en Sinaloa, autoridades federales capturaron en Culiac\u00e1n a&nbsp;Paul Alexander \u201cN\u201dy&nbsp;Karla Alejandra \u201cN\u201d, identificados como presuntos operadores de la facci\u00f3n de&nbsp;Los Chapitos. Seg\u00fan las investigaciones, estas personas estar\u00edan relacionadas con actividades de delincuencia organizada con fines de cometer delitos contra la salud y&nbsp;tr\u00e1fico de armas. Paul Alexander [&hellip;]\" \/>\n<meta property=\"og:url\" content=\"https:\/\/fuentesfidedignas.com.mx\/index.php\/2024\/12\/10\/detienen-en-culiacan-a-paul-n-y-karla-n-realizaban-ataques-explosivos-y-homicidios\/\" \/>\n<meta property=\"og:site_name\" content=\"Fuentes Fidedignas\" \/>\n<meta property=\"article:publisher\" content=\"https:\/\/www.facebook.com\/Fuentes-Fidedignas-368234489921644\" \/>\n<meta property=\"article:published_time\" content=\"2024-12-10T16:01:42+00:00\" \/>\n<meta property=\"og:image\" content=\"https:\/\/fuentesfidedignas.com.mx\/wp-content\/uploads\/2024\/12\/img_3463.jpg\" \/>\n\t<meta property=\"og:image:width\" content=\"992\" \/>\n\t<meta property=\"og:image:height\" content=\"558\" \/>\n\t<meta property=\"og:image:type\" content=\"image\/jpeg\" \/>\n<meta name=\"author\" content=\"Infobae\" \/>\n<meta name=\"twitter:card\" content=\"summary_large_image\" \/>\n<meta name=\"twitter:creator\" content=\"@fidedignas\" \/>\n<meta name=\"twitter:site\" content=\"@fidedignas\" \/>\n<meta name=\"twitter:label1\" content=\"Escrito por\" \/>\n\t<meta name=\"twitter:data1\" content=\"Infobae\" \/>\n\t<meta name=\"twitter:label2\" content=\"Tiempo de lectura\" \/>\n\t<meta name=\"twitter:data2\" content=\"2 minutos\" \/>\n<script type=\"application\/ld+json\" class=\"yoast-schema-graph\">{\"@context\":\"https:\\\/\\\/schema.org\",\"@graph\":[{\"@type\":\"Article\",\"@id\":\"https:\\\/\\\/fuentesfidedignas.com.mx\\\/index.php\\\/2024\\\/12\\\/10\\\/detienen-en-culiacan-a-paul-n-y-karla-n-realizaban-ataques-explosivos-y-homicidios\\\/#article\",\"isPartOf\":{\"@id\":\"https:\\\/\\\/fuentesfidedignas.com.mx\\\/index.php\\\/2024\\\/12\\\/10\\\/detienen-en-culiacan-a-paul-n-y-karla-n-realizaban-ataques-explosivos-y-homicidios\\\/\"},\"author\":{\"name\":\"Infobae\",\"@id\":\"https:\\\/\\\/fuentesfidedignas.com.mx\\\/#\\\/schema\\\/person\\\/8575896a7c1067d352f6c1cd6582c389\"},\"headline\":\"Detienen en Culiac\u00e1n a Paul \u201cN\u201d y Karla \u201cN\u201d: realizaban ataques explosivos y homicidios\",\"datePublished\":\"2024-12-10T16:01:42+00:00\",\"mainEntityOfPage\":{\"@id\":\"https:\\\/\\\/fuentesfidedignas.com.mx\\\/index.php\\\/2024\\\/12\\\/10\\\/detienen-en-culiacan-a-paul-n-y-karla-n-realizaban-ataques-explosivos-y-homicidios\\\/\"},\"wordCount\":405,\"publisher\":{\"@id\":\"https:\\\/\\\/fuentesfidedignas.com.mx\\\/#organization\"},\"image\":{\"@id\":\"https:\\\/\\\/fuentesfidedignas.com.mx\\\/index.php\\\/2024\\\/12\\\/10\\\/detienen-en-culiacan-a-paul-n-y-karla-n-realizaban-ataques-explosivos-y-homicidios\\\/#primaryimage\"},\"thumbnailUrl\":\"https:\\\/\\\/fuentesfidedignas.com.mx\\\/wp-content\\\/uploads\\\/2024\\\/12\\\/img_3463.jpg\",\"articleSection\":[\"NOTA PRINCIPAL\"],\"inLanguage\":\"es\"},{\"@type\":\"WebPage\",\"@id\":\"https:\\\/\\\/fuentesfidedignas.com.mx\\\/index.php\\\/2024\\\/12\\\/10\\\/detienen-en-culiacan-a-paul-n-y-karla-n-realizaban-ataques-explosivos-y-homicidios\\\/\",\"url\":\"https:\\\/\\\/fuentesfidedignas.com.mx\\\/index.php\\\/2024\\\/12\\\/10\\\/detienen-en-culiacan-a-paul-n-y-karla-n-realizaban-ataques-explosivos-y-homicidios\\\/\",\"name\":\"Detienen en Culiac\u00e1n a Paul \u201cN\u201d y Karla \u201cN\u201d: realizaban ataques explosivos y homicidios - Fuentes Fidedignas\",\"isPartOf\":{\"@id\":\"https:\\\/\\\/fuentesfidedignas.com.mx\\\/#website\"},\"primaryImageOfPage\":{\"@id\":\"https:\\\/\\\/fuentesfidedignas.com.mx\\\/index.php\\\/2024\\\/12\\\/10\\\/detienen-en-culiacan-a-paul-n-y-karla-n-realizaban-ataques-explosivos-y-homicidios\\\/#primaryimage\"},\"image\":{\"@id\":\"https:\\\/\\\/fuentesfidedignas.com.mx\\\/index.php\\\/2024\\\/12\\\/10\\\/detienen-en-culiacan-a-paul-n-y-karla-n-realizaban-ataques-explosivos-y-homicidios\\\/#primaryimage\"},\"thumbnailUrl\":\"https:\\\/\\\/fuentesfidedignas.com.mx\\\/wp-content\\\/uploads\\\/2024\\\/12\\\/img_3463.jpg\",\"datePublished\":\"2024-12-10T16:01:42+00:00\",\"breadcrumb\":{\"@id\":\"https:\\\/\\\/fuentesfidedignas.com.mx\\\/index.php\\\/2024\\\/12\\\/10\\\/detienen-en-culiacan-a-paul-n-y-karla-n-realizaban-ataques-explosivos-y-homicidios\\\/#breadcrumb\"},\"inLanguage\":\"es\",\"potentialAction\":[{\"@type\":\"ReadAction\",\"target\":[\"https:\\\/\\\/fuentesfidedignas.com.mx\\\/index.php\\\/2024\\\/12\\\/10\\\/detienen-en-culiacan-a-paul-n-y-karla-n-realizaban-ataques-explosivos-y-homicidios\\\/\"]}]},{\"@type\":\"ImageObject\",\"inLanguage\":\"es\",\"@id\":\"https:\\\/\\\/fuentesfidedignas.com.mx\\\/index.php\\\/2024\\\/12\\\/10\\\/detienen-en-culiacan-a-paul-n-y-karla-n-realizaban-ataques-explosivos-y-homicidios\\\/#primaryimage\",\"url\":\"https:\\\/\\\/fuentesfidedignas.com.mx\\\/wp-content\\\/uploads\\\/2024\\\/12\\\/img_3463.jpg\",\"contentUrl\":\"https:\\\/\\\/fuentesfidedignas.com.mx\\\/wp-content\\\/uploads\\\/2024\\\/12\\\/img_3463.jpg\",\"width\":992,\"height\":558},{\"@type\":\"BreadcrumbList\",\"@id\":\"https:\\\/\\\/fuentesfidedignas.com.mx\\\/index.php\\\/2024\\\/12\\\/10\\\/detienen-en-culiacan-a-paul-n-y-karla-n-realizaban-ataques-explosivos-y-homicidios\\\/#breadcrumb\",\"itemListElement\":[{\"@type\":\"ListItem\",\"position\":1,\"name\":\"Inicio\",\"item\":\"https:\\\/\\\/fuentesfidedignas.com.mx\\\/\"},{\"@type\":\"ListItem\",\"position\":2,\"name\":\"Detienen en Culiac\u00e1n a Paul \u201cN\u201d y Karla \u201cN\u201d: realizaban ataques explosivos y homicidios\"}]},{\"@type\":\"WebSite\",\"@id\":\"https:\\\/\\\/fuentesfidedignas.com.mx\\\/#website\",\"url\":\"https:\\\/\\\/fuentesfidedignas.com.mx\\\/\",\"name\":\"Fuentes Fidedignas\",\"description\":\"Otro sitio realizado con WordPress\",\"publisher\":{\"@id\":\"https:\\\/\\\/fuentesfidedignas.com.mx\\\/#organization\"},\"potentialAction\":[{\"@type\":\"SearchAction\",\"target\":{\"@type\":\"EntryPoint\",\"urlTemplate\":\"https:\\\/\\\/fuentesfidedignas.com.mx\\\/?s={search_term_string}\"},\"query-input\":{\"@type\":\"PropertyValueSpecification\",\"valueRequired\":true,\"valueName\":\"search_term_string\"}}],\"inLanguage\":\"es\"},{\"@type\":\"Organization\",\"@id\":\"https:\\\/\\\/fuentesfidedignas.com.mx\\\/#organization\",\"name\":\"Fuentes Fidedignas\",\"url\":\"https:\\\/\\\/fuentesfidedignas.com.mx\\\/\",\"logo\":{\"@type\":\"ImageObject\",\"inLanguage\":\"es\",\"@id\":\"https:\\\/\\\/fuentesfidedignas.com.mx\\\/#\\\/schema\\\/logo\\\/image\\\/\",\"url\":\"https:\\\/\\\/fuentesfidedignas.com.mx\\\/wp-content\\\/uploads\\\/2021\\\/04\\\/logo-retina.png\",\"contentUrl\":\"https:\\\/\\\/fuentesfidedignas.com.mx\\\/wp-content\\\/uploads\\\/2021\\\/04\\\/logo-retina.png\",\"width\":280,\"height\":51,\"caption\":\"Fuentes Fidedignas\"},\"image\":{\"@id\":\"https:\\\/\\\/fuentesfidedignas.com.mx\\\/#\\\/schema\\\/logo\\\/image\\\/\"},\"sameAs\":[\"https:\\\/\\\/www.facebook.com\\\/Fuentes-Fidedignas-368234489921644\",\"https:\\\/\\\/x.com\\\/fidedignas\"]},{\"@type\":\"Person\",\"@id\":\"https:\\\/\\\/fuentesfidedignas.com.mx\\\/#\\\/schema\\\/person\\\/8575896a7c1067d352f6c1cd6582c389\",\"name\":\"Infobae\",\"image\":{\"@type\":\"ImageObject\",\"inLanguage\":\"es\",\"@id\":\"https:\\\/\\\/secure.gravatar.com\\\/avatar\\\/e4ec95706f8d1670343f6526fdcec45474bab17475a851434a64ca12b5acba1c?s=96&d=mm&r=g\",\"url\":\"https:\\\/\\\/secure.gravatar.com\\\/avatar\\\/e4ec95706f8d1670343f6526fdcec45474bab17475a851434a64ca12b5acba1c?s=96&d=mm&r=g\",\"contentUrl\":\"https:\\\/\\\/secure.gravatar.com\\\/avatar\\\/e4ec95706f8d1670343f6526fdcec45474bab17475a851434a64ca12b5acba1c?s=96&d=mm&r=g\",\"caption\":\"Infobae\"},\"url\":\"https:\\\/\\\/fuentesfidedignas.com.mx\\\/index.php\\\/author\\\/infobae\\\/\"}]}<\/script>\n<!-- \/ Yoast SEO plugin. -->","yoast_head_json":{"title":"Detienen en Culiac\u00e1n a Paul \u201cN\u201d y Karla \u201cN\u201d: realizaban ataques explosivos y homicidios - Fuentes Fidedignas","robots":{"index":"index","follow":"follow","max-snippet":"max-snippet:-1","max-image-preview":"max-image-preview:large","max-video-preview":"max-video-preview:-1"},"canonical":"https:\/\/fuentesfidedignas.com.mx\/index.php\/2024\/12\/10\/detienen-en-culiacan-a-paul-n-y-karla-n-realizaban-ataques-explosivos-y-homicidios\/","og_locale":"es_MX","og_type":"article","og_title":"Detienen en Culiac\u00e1n a Paul \u201cN\u201d y Karla \u201cN\u201d: realizaban ataques explosivos y homicidios - Fuentes Fidedignas","og_description":"Como parte de las acciones para restablecer la paz en Sinaloa, autoridades federales capturaron en Culiac\u00e1n a&nbsp;Paul Alexander \u201cN\u201dy&nbsp;Karla Alejandra \u201cN\u201d, identificados como presuntos operadores de la facci\u00f3n de&nbsp;Los Chapitos. Seg\u00fan las investigaciones, estas personas estar\u00edan relacionadas con actividades de delincuencia organizada con fines de cometer delitos contra la salud y&nbsp;tr\u00e1fico de armas. Paul Alexander [&hellip;]","og_url":"https:\/\/fuentesfidedignas.com.mx\/index.php\/2024\/12\/10\/detienen-en-culiacan-a-paul-n-y-karla-n-realizaban-ataques-explosivos-y-homicidios\/","og_site_name":"Fuentes Fidedignas","article_publisher":"https:\/\/www.facebook.com\/Fuentes-Fidedignas-368234489921644","article_published_time":"2024-12-10T16:01:42+00:00","og_image":[{"width":992,"height":558,"url":"https:\/\/fuentesfidedignas.com.mx\/wp-content\/uploads\/2024\/12\/img_3463.jpg","type":"image\/jpeg"}],"author":"Infobae","twitter_card":"summary_large_image","twitter_creator":"@fidedignas","twitter_site":"@fidedignas","twitter_misc":{"Escrito por":"Infobae","Tiempo de lectura":"2 minutos"},"schema":{"@context":"https:\/\/schema.org","@graph":[{"@type":"Article","@id":"https:\/\/fuentesfidedignas.com.mx\/index.php\/2024\/12\/10\/detienen-en-culiacan-a-paul-n-y-karla-n-realizaban-ataques-explosivos-y-homicidios\/#article","isPartOf":{"@id":"https:\/\/fuentesfidedignas.com.mx\/index.php\/2024\/12\/10\/detienen-en-culiacan-a-paul-n-y-karla-n-realizaban-ataques-explosivos-y-homicidios\/"},"author":{"name":"Infobae","@id":"https:\/\/fuentesfidedignas.com.mx\/#\/schema\/person\/8575896a7c1067d352f6c1cd6582c389"},"headline":"Detienen en Culiac\u00e1n a Paul \u201cN\u201d y Karla \u201cN\u201d: realizaban ataques explosivos y homicidios","datePublished":"2024-12-10T16:01:42+00:00","mainEntityOfPage":{"@id":"https:\/\/fuentesfidedignas.com.mx\/index.php\/2024\/12\/10\/detienen-en-culiacan-a-paul-n-y-karla-n-realizaban-ataques-explosivos-y-homicidios\/"},"wordCount":405,"publisher":{"@id":"https:\/\/fuentesfidedignas.com.mx\/#organization"},"image":{"@id":"https:\/\/fuentesfidedignas.com.mx\/index.php\/2024\/12\/10\/detienen-en-culiacan-a-paul-n-y-karla-n-realizaban-ataques-explosivos-y-homicidios\/#primaryimage"},"thumbnailUrl":"https:\/\/fuentesfidedignas.com.mx\/wp-content\/uploads\/2024\/12\/img_3463.jpg","articleSection":["NOTA PRINCIPAL"],"inLanguage":"es"},{"@type":"WebPage","@id":"https:\/\/fuentesfidedignas.com.mx\/index.php\/2024\/12\/10\/detienen-en-culiacan-a-paul-n-y-karla-n-realizaban-ataques-explosivos-y-homicidios\/","url":"https:\/\/fuentesfidedignas.com.mx\/index.php\/2024\/12\/10\/detienen-en-culiacan-a-paul-n-y-karla-n-realizaban-ataques-explosivos-y-homicidios\/","name":"Detienen en Culiac\u00e1n a Paul \u201cN\u201d y Karla \u201cN\u201d: realizaban ataques explosivos y homicidios - Fuentes Fidedignas","isPartOf":{"@id":"https:\/\/fuentesfidedignas.com.mx\/#website"},"primaryImageOfPage":{"@id":"https:\/\/fuentesfidedignas.com.mx\/index.php\/2024\/12\/10\/detienen-en-culiacan-a-paul-n-y-karla-n-realizaban-ataques-explosivos-y-homicidios\/#primaryimage"},"image":{"@id":"https:\/\/fuentesfidedignas.com.mx\/index.php\/2024\/12\/10\/detienen-en-culiacan-a-paul-n-y-karla-n-realizaban-ataques-explosivos-y-homicidios\/#primaryimage"},"thumbnailUrl":"https:\/\/fuentesfidedignas.com.mx\/wp-content\/uploads\/2024\/12\/img_3463.jpg","datePublished":"2024-12-10T16:01:42+00:00","breadcrumb":{"@id":"https:\/\/fuentesfidedignas.com.mx\/index.php\/2024\/12\/10\/detienen-en-culiacan-a-paul-n-y-karla-n-realizaban-ataques-explosivos-y-homicidios\/#breadcrumb"},"inLanguage":"es","potentialAction":[{"@type":"ReadAction","target":["https:\/\/fuentesfidedignas.com.mx\/index.php\/2024\/12\/10\/detienen-en-culiacan-a-paul-n-y-karla-n-realizaban-ataques-explosivos-y-homicidios\/"]}]},{"@type":"ImageObject","inLanguage":"es","@id":"https:\/\/fuentesfidedignas.com.mx\/index.php\/2024\/12\/10\/detienen-en-culiacan-a-paul-n-y-karla-n-realizaban-ataques-explosivos-y-homicidios\/#primaryimage","url":"https:\/\/fuentesfidedignas.com.mx\/wp-content\/uploads\/2024\/12\/img_3463.jpg","contentUrl":"https:\/\/fuentesfidedignas.com.mx\/wp-content\/uploads\/2024\/12\/img_3463.jpg","width":992,"height":558},{"@type":"BreadcrumbList","@id":"https:\/\/fuentesfidedignas.com.mx\/index.php\/2024\/12\/10\/detienen-en-culiacan-a-paul-n-y-karla-n-realizaban-ataques-explosivos-y-homicidios\/#breadcrumb","itemListElement":[{"@type":"ListItem","position":1,"name":"Inicio","item":"https:\/\/fuentesfidedignas.com.mx\/"},{"@type":"ListItem","position":2,"name":"Detienen en Culiac\u00e1n a Paul \u201cN\u201d y Karla \u201cN\u201d: realizaban ataques explosivos y homicidios"}]},{"@type":"WebSite","@id":"https:\/\/fuentesfidedignas.com.mx\/#website","url":"https:\/\/fuentesfidedignas.com.mx\/","name":"Fuentes Fidedignas","description":"Otro sitio realizado con WordPress","publisher":{"@id":"https:\/\/fuentesfidedignas.com.mx\/#organization"},"potentialAction":[{"@type":"SearchAction","target":{"@type":"EntryPoint","urlTemplate":"https:\/\/fuentesfidedignas.com.mx\/?s={search_term_string}"},"query-input":{"@type":"PropertyValueSpecification","valueRequired":true,"valueName":"search_term_string"}}],"inLanguage":"es"},{"@type":"Organization","@id":"https:\/\/fuentesfidedignas.com.mx\/#organization","name":"Fuentes Fidedignas","url":"https:\/\/fuentesfidedignas.com.mx\/","logo":{"@type":"ImageObject","inLanguage":"es","@id":"https:\/\/fuentesfidedignas.com.mx\/#\/schema\/logo\/image\/","url":"https:\/\/fuentesfidedignas.com.mx\/wp-content\/uploads\/2021\/04\/logo-retina.png","contentUrl":"https:\/\/fuentesfidedignas.com.mx\/wp-content\/uploads\/2021\/04\/logo-retina.png","width":280,"height":51,"caption":"Fuentes Fidedignas"},"image":{"@id":"https:\/\/fuentesfidedignas.com.mx\/#\/schema\/logo\/image\/"},"sameAs":["https:\/\/www.facebook.com\/Fuentes-Fidedignas-368234489921644","https:\/\/x.com\/fidedignas"]},{"@type":"Person","@id":"https:\/\/fuentesfidedignas.com.mx\/#\/schema\/person\/8575896a7c1067d352f6c1cd6582c389","name":"Infobae","image":{"@type":"ImageObject","inLanguage":"es","@id":"https:\/\/secure.gravatar.com\/avatar\/e4ec95706f8d1670343f6526fdcec45474bab17475a851434a64ca12b5acba1c?s=96&d=mm&r=g","url":"https:\/\/secure.gravatar.com\/avatar\/e4ec95706f8d1670343f6526fdcec45474bab17475a851434a64ca12b5acba1c?s=96&d=mm&r=g","contentUrl":"https:\/\/secure.gravatar.com\/avatar\/e4ec95706f8d1670343f6526fdcec45474bab17475a851434a64ca12b5acba1c?s=96&d=mm&r=g","caption":"Infobae"},"url":"https:\/\/fuentesfidedignas.com.mx\/index.php\/author\/infobae\/"}]}},"_links":{"self":[{"href":"https:\/\/fuentesfidedignas.com.mx\/index.php\/wp-json\/wp\/v2\/posts\/97182","targetHints":{"allow":["GET"]}}],"collection":[{"href":"https:\/\/fuentesfidedignas.com.mx\/index.php\/wp-json\/wp\/v2\/posts"}],"about":[{"href":"https:\/\/fuentesfidedignas.com.mx\/index.php\/wp-json\/wp\/v2\/types\/post"}],"author":[{"embeddable":true,"href":"https:\/\/fuentesfidedignas.com.mx\/index.php\/wp-json\/wp\/v2\/users\/41"}],"replies":[{"embeddable":true,"href":"https:\/\/fuentesfidedignas.com.mx\/index.php\/wp-json\/wp\/v2\/comments?post=97182"}],"version-history":[{"count":1,"href":"https:\/\/fuentesfidedignas.com.mx\/index.php\/wp-json\/wp\/v2\/posts\/97182\/revisions"}],"predecessor-version":[{"id":97183,"href":"https:\/\/fuentesfidedignas.com.mx\/index.php\/wp-json\/wp\/v2\/posts\/97182\/revisions\/97183"}],"wp:featuredmedia":[{"embeddable":true,"href":"https:\/\/fuentesfidedignas.com.mx\/index.php\/wp-json\/wp\/v2\/media\/97181"}],"wp:attachment":[{"href":"https:\/\/fuentesfidedignas.com.mx\/index.php\/wp-json\/wp\/v2\/media?parent=97182"}],"wp:term":[{"taxonomy":"category","embeddable":true,"href":"https:\/\/fuentesfidedignas.com.mx\/index.php\/wp-json\/wp\/v2\/categories?post=97182"},{"taxonomy":"post_tag","embeddable":true,"href":"https:\/\/fuentesfidedignas.com.mx\/index.php\/wp-json\/wp\/v2\/tags?post=97182"}],"curies":[{"name":"wp","href":"https:\/\/api.w.org\/{rel}","templated":true}]}}