{"id":97062,"date":"2024-12-08T10:33:28","date_gmt":"2024-12-08T17:33:28","guid":{"rendered":"https:\/\/fuentesfidedignas.com.mx\/?p=97062"},"modified":"2024-12-08T10:33:34","modified_gmt":"2024-12-08T17:33:34","slug":"celebran-segundo-foro-estatal-de-investigacion-para-la-salud-en-sinaloa-feiss-2024","status":"publish","type":"post","link":"https:\/\/fuentesfidedignas.com.mx\/index.php\/2024\/12\/08\/celebran-segundo-foro-estatal-de-investigacion-para-la-salud-en-sinaloa-feiss-2024\/","title":{"rendered":"Celebran Segundo Foro Estatal de Investigaci\u00f3n para la Salud en Sinaloa \u201cFEISS 2024\u201d"},"content":{"rendered":"\n<p><strong><em>Participaron 34 trabajos de exposici\u00f3n oral y 82 carteles cient\u00edficos sobre temas prioritarios para la salud en Sinaloa y que son generadores de conocimiento.<\/em><\/strong><\/p>\n\n\n\n<p>El Hospital General de Culiac\u00e1n IMSS-Bienestar fue sede del Segundo Foro Estatal de Investigaci\u00f3n para la Salud en Sinaloa \u201cFEISS 2024\u201d, en el que participaron 34 trabajos de exposici\u00f3n oral y 82 carteles cient\u00edficos sobre temas prioritarios para la salud en Sinaloa y que son generadores de conocimiento.<\/p>\n\n\n\n<p>La subdirectora de Ense\u00f1anza de los Servicios de Salud de Sinaloa y secretaria t\u00e9cnica del Comit\u00e9 Estatal Interinstitucional para la Formaci\u00f3n de Recursos Humanos para la Salud (CEIFRHS-Sinaloa), Dra. Rosa Amelia Avenda\u00f1o Castro, al pronunciar el mensaje de bienvenida, agradeci\u00f3 la participaci\u00f3n de las instituciones m\u00e9dicas del estado que presentaron sus trabajos en este importante certamen acad\u00e9mico de investigaci\u00f3n para la salud.<\/p>\n\n\n\n<p>Asimismo, agradeci\u00f3 la hospitalidad como sede y el respaldo t\u00e9cnico para la difusi\u00f3n del foro al Dr. Dr. Jes\u00fas Ram\u00f3n Figueroa Vega, director del Hospital General de Culiac\u00e1n IMSS-Bienestar \u201cDr. Bernardo J. Gast\u00e9lum\u201d.<\/p>\n\n\n\n<p>Por su parte, el Dr. Carlos Enrique Gonz\u00e1lez Ramos, director de Atenci\u00f3n M\u00e9dica de los Servicios de Salud de Sinaloa, al brindar la exposici\u00f3n de motivos, destac\u00f3 la importancia de seguir fomentando la educaci\u00f3n continua.<\/p>\n\n\n\n<p>Se\u00f1al\u00f3 que es fundamental que se expresen las residencias m\u00e9dicas a trav\u00e9s de la ciencia, al subrayar que Sinaloa es una entidad que forma recursos humanos valiosos que han destacado en el mundo. \u201cHay muchos personajes que han salido de este estado, algunos vienen de fuera, pero se formaron aqu\u00ed\u201d, dijo.<\/p>\n\n\n\n<p>El Dr. Cuitl\u00e1huac Gonz\u00e1lez Galindo, secretario de Salud del Gobierno del Estado de Sinaloa y director de los Servicios de Salud de Sinaloa, al brindar la declaratoria inaugural, enfatiz\u00f3 la importancia de promover la investigaci\u00f3n por parte de las y los m\u00e9dicos residentes de la entidad para acrecentar sus conocimientos y aportar avances a las ciencias de la salud en pro del bienestar de la poblaci\u00f3n.<\/p>\n\n\n\n<p>Asimismo, hizo el compromiso para mejorar el nivel de los premios y que en 2025 sea el doble de participaci\u00f3n en tan importante foro de salud.<\/p>\n\n\n\n<p>En la segunda edici\u00f3n del Foro Estatal de Investigaci\u00f3n para la Salud en Sinaloa \u201cFEISS 2024\u201d participaron SSS, IMSS Bienestar, CONFIE, UAS, Universidad Aut\u00f3noma de Durango, UNIDEP, Laboratorio Estatal de Salud P\u00fablica, Facultad de Medicina de la UAS, y las instituciones hospitalarias HPS, IMSS Ordinario, ISSSTE, Hospital de la mujer, Hospitales generales de Mazatl\u00e1n, Culiac\u00e1n, Los Mochis, Centro Dermatol\u00f3gico e Instituto de Cancerolog\u00eda.<\/p>\n\n\n\n<p>En el acto estuvo presente el director general de la Coordinaci\u00f3n General para el Fomento a la Investigaci\u00f3n Cient\u00edfica e Innovaci\u00f3n del Estado de Sinaloa (CONF\u00cdE), Carlos Karam Qui\u00f1ones y el Dr. Marcial Silva G\u00f3mez, representante m\u00e9dico del ISSSTE en Sinaloa.<\/p>\n\n\n\n<p>En representaci\u00f3n del Dr. Julio C\u00e9sar Quintero Ledezma, Coordinador Estatal de IMSS-BIENESTAR Sinaloa, acudi\u00f3 el jefe de servicios de Atenci\u00f3n de la salud de Organismo P\u00fablico Descentralizado (OPD) IMSS-Bienestar, Dr. Manuel Rigoberto Acosta Madue\u00f1o.<\/p>\n\n\n\n<p>En representaci\u00f3n de la Dra. Tania Clarissa Medina L\u00f3pez, titular del \u00d3rgano de Operaci\u00f3n Administrativa Desconcentrada Estatal Sinaloa del Instituto Mexicano del Seguro Social, estuvo presente la Dra. Laura Elena Castro Cervantes, coordinadora de Planeaci\u00f3n y Enlace Institucional del IMSS.<\/p>\n\n\n\n<p>Tambi\u00e9n asistieron el titular del Departamento de Educaci\u00f3n e Investigaci\u00f3n del IMSS Bienestar, Dr. Gerardo L\u00f3pez Ojeda y la Dra. Ruth Acu\u00f1a Maldonado, jefa del Departamento de Investigaci\u00f3n de la Subdirecci\u00f3n de Ense\u00f1anza, por parte del equipo organizador.<\/p>\n","protected":false},"excerpt":{"rendered":"<p>Participaron 34 trabajos de exposici\u00f3n oral y 82 carteles cient\u00edficos sobre temas prioritarios para la salud en Sinaloa y que son generadores de conocimiento. El Hospital General de Culiac\u00e1n IMSS-Bienestar fue sede del Segundo Foro Estatal de Investigaci\u00f3n para la Salud en Sinaloa \u201cFEISS 2024\u201d, en el que participaron 34 trabajos de exposici\u00f3n oral y [&hellip;]<\/p>\n","protected":false},"author":4,"featured_media":97063,"comment_status":"open","ping_status":"open","sticky":false,"template":"","format":"standard","meta":{"tdm_status":"","tdm_grid_status":"","footnotes":""},"categories":[38],"tags":[],"class_list":{"0":"post-97062","1":"post","2":"type-post","3":"status-publish","4":"format-standard","5":"has-post-thumbnail","7":"category-noticias-locales"},"yoast_head":"<!-- This site is optimized with the Yoast SEO plugin v27.5 - https:\/\/yoast.com\/product\/yoast-seo-wordpress\/ -->\n<title>Celebran Segundo Foro Estatal de Investigaci\u00f3n para la Salud en Sinaloa \u201cFEISS 2024\u201d - Fuentes Fidedignas<\/title>\n<meta name=\"robots\" content=\"index, follow, max-snippet:-1, max-image-preview:large, max-video-preview:-1\" \/>\n<link rel=\"canonical\" href=\"https:\/\/fuentesfidedignas.com.mx\/index.php\/2024\/12\/08\/celebran-segundo-foro-estatal-de-investigacion-para-la-salud-en-sinaloa-feiss-2024\/\" \/>\n<meta property=\"og:locale\" content=\"es_MX\" \/>\n<meta property=\"og:type\" content=\"article\" \/>\n<meta property=\"og:title\" content=\"Celebran Segundo Foro Estatal de Investigaci\u00f3n para la Salud en Sinaloa \u201cFEISS 2024\u201d - Fuentes Fidedignas\" \/>\n<meta property=\"og:description\" content=\"Participaron 34 trabajos de exposici\u00f3n oral y 82 carteles cient\u00edficos sobre temas prioritarios para la salud en Sinaloa y que son generadores de conocimiento. El Hospital General de Culiac\u00e1n IMSS-Bienestar fue sede del Segundo Foro Estatal de Investigaci\u00f3n para la Salud en Sinaloa \u201cFEISS 2024\u201d, en el que participaron 34 trabajos de exposici\u00f3n oral y [&hellip;]\" \/>\n<meta property=\"og:url\" content=\"https:\/\/fuentesfidedignas.com.mx\/index.php\/2024\/12\/08\/celebran-segundo-foro-estatal-de-investigacion-para-la-salud-en-sinaloa-feiss-2024\/\" \/>\n<meta property=\"og:site_name\" content=\"Fuentes Fidedignas\" \/>\n<meta property=\"article:publisher\" content=\"https:\/\/www.facebook.com\/Fuentes-Fidedignas-368234489921644\" \/>\n<meta property=\"article:published_time\" content=\"2024-12-08T17:33:28+00:00\" \/>\n<meta property=\"article:modified_time\" content=\"2024-12-08T17:33:34+00:00\" \/>\n<meta property=\"og:image\" content=\"https:\/\/fuentesfidedignas.com.mx\/wp-content\/uploads\/2024\/12\/WhatsApp-Image-2024-12-08-at-10.22.12-AM.jpeg\" \/>\n\t<meta property=\"og:image:width\" content=\"600\" \/>\n\t<meta property=\"og:image:height\" content=\"400\" \/>\n\t<meta property=\"og:image:type\" content=\"image\/jpeg\" \/>\n<meta name=\"author\" content=\"Redacci\u00f3n\" \/>\n<meta name=\"twitter:card\" content=\"summary_large_image\" \/>\n<meta name=\"twitter:creator\" content=\"@fidedignas\" \/>\n<meta name=\"twitter:site\" content=\"@fidedignas\" \/>\n<meta name=\"twitter:label1\" content=\"Escrito por\" \/>\n\t<meta name=\"twitter:data1\" content=\"Redacci\u00f3n\" \/>\n\t<meta name=\"twitter:label2\" content=\"Tiempo de lectura\" \/>\n\t<meta name=\"twitter:data2\" content=\"3 minutos\" \/>\n<script type=\"application\/ld+json\" class=\"yoast-schema-graph\">{\"@context\":\"https:\\\/\\\/schema.org\",\"@graph\":[{\"@type\":\"Article\",\"@id\":\"https:\\\/\\\/fuentesfidedignas.com.mx\\\/index.php\\\/2024\\\/12\\\/08\\\/celebran-segundo-foro-estatal-de-investigacion-para-la-salud-en-sinaloa-feiss-2024\\\/#article\",\"isPartOf\":{\"@id\":\"https:\\\/\\\/fuentesfidedignas.com.mx\\\/index.php\\\/2024\\\/12\\\/08\\\/celebran-segundo-foro-estatal-de-investigacion-para-la-salud-en-sinaloa-feiss-2024\\\/\"},\"author\":{\"name\":\"Redacci\u00f3n\",\"@id\":\"https:\\\/\\\/fuentesfidedignas.com.mx\\\/#\\\/schema\\\/person\\\/331be9283d37198e2acd5750279085b0\"},\"headline\":\"Celebran Segundo Foro Estatal de Investigaci\u00f3n para la Salud en Sinaloa \u201cFEISS 2024\u201d\",\"datePublished\":\"2024-12-08T17:33:28+00:00\",\"dateModified\":\"2024-12-08T17:33:34+00:00\",\"mainEntityOfPage\":{\"@id\":\"https:\\\/\\\/fuentesfidedignas.com.mx\\\/index.php\\\/2024\\\/12\\\/08\\\/celebran-segundo-foro-estatal-de-investigacion-para-la-salud-en-sinaloa-feiss-2024\\\/\"},\"wordCount\":634,\"commentCount\":0,\"publisher\":{\"@id\":\"https:\\\/\\\/fuentesfidedignas.com.mx\\\/#organization\"},\"image\":{\"@id\":\"https:\\\/\\\/fuentesfidedignas.com.mx\\\/index.php\\\/2024\\\/12\\\/08\\\/celebran-segundo-foro-estatal-de-investigacion-para-la-salud-en-sinaloa-feiss-2024\\\/#primaryimage\"},\"thumbnailUrl\":\"https:\\\/\\\/fuentesfidedignas.com.mx\\\/wp-content\\\/uploads\\\/2024\\\/12\\\/WhatsApp-Image-2024-12-08-at-10.22.12-AM.jpeg\",\"articleSection\":[\"NOTICIAS LOCALES\"],\"inLanguage\":\"es\",\"potentialAction\":[{\"@type\":\"CommentAction\",\"name\":\"Comment\",\"target\":[\"https:\\\/\\\/fuentesfidedignas.com.mx\\\/index.php\\\/2024\\\/12\\\/08\\\/celebran-segundo-foro-estatal-de-investigacion-para-la-salud-en-sinaloa-feiss-2024\\\/#respond\"]}]},{\"@type\":\"WebPage\",\"@id\":\"https:\\\/\\\/fuentesfidedignas.com.mx\\\/index.php\\\/2024\\\/12\\\/08\\\/celebran-segundo-foro-estatal-de-investigacion-para-la-salud-en-sinaloa-feiss-2024\\\/\",\"url\":\"https:\\\/\\\/fuentesfidedignas.com.mx\\\/index.php\\\/2024\\\/12\\\/08\\\/celebran-segundo-foro-estatal-de-investigacion-para-la-salud-en-sinaloa-feiss-2024\\\/\",\"name\":\"Celebran Segundo Foro Estatal de Investigaci\u00f3n para la Salud en Sinaloa \u201cFEISS 2024\u201d - Fuentes Fidedignas\",\"isPartOf\":{\"@id\":\"https:\\\/\\\/fuentesfidedignas.com.mx\\\/#website\"},\"primaryImageOfPage\":{\"@id\":\"https:\\\/\\\/fuentesfidedignas.com.mx\\\/index.php\\\/2024\\\/12\\\/08\\\/celebran-segundo-foro-estatal-de-investigacion-para-la-salud-en-sinaloa-feiss-2024\\\/#primaryimage\"},\"image\":{\"@id\":\"https:\\\/\\\/fuentesfidedignas.com.mx\\\/index.php\\\/2024\\\/12\\\/08\\\/celebran-segundo-foro-estatal-de-investigacion-para-la-salud-en-sinaloa-feiss-2024\\\/#primaryimage\"},\"thumbnailUrl\":\"https:\\\/\\\/fuentesfidedignas.com.mx\\\/wp-content\\\/uploads\\\/2024\\\/12\\\/WhatsApp-Image-2024-12-08-at-10.22.12-AM.jpeg\",\"datePublished\":\"2024-12-08T17:33:28+00:00\",\"dateModified\":\"2024-12-08T17:33:34+00:00\",\"breadcrumb\":{\"@id\":\"https:\\\/\\\/fuentesfidedignas.com.mx\\\/index.php\\\/2024\\\/12\\\/08\\\/celebran-segundo-foro-estatal-de-investigacion-para-la-salud-en-sinaloa-feiss-2024\\\/#breadcrumb\"},\"inLanguage\":\"es\",\"potentialAction\":[{\"@type\":\"ReadAction\",\"target\":[\"https:\\\/\\\/fuentesfidedignas.com.mx\\\/index.php\\\/2024\\\/12\\\/08\\\/celebran-segundo-foro-estatal-de-investigacion-para-la-salud-en-sinaloa-feiss-2024\\\/\"]}]},{\"@type\":\"ImageObject\",\"inLanguage\":\"es\",\"@id\":\"https:\\\/\\\/fuentesfidedignas.com.mx\\\/index.php\\\/2024\\\/12\\\/08\\\/celebran-segundo-foro-estatal-de-investigacion-para-la-salud-en-sinaloa-feiss-2024\\\/#primaryimage\",\"url\":\"https:\\\/\\\/fuentesfidedignas.com.mx\\\/wp-content\\\/uploads\\\/2024\\\/12\\\/WhatsApp-Image-2024-12-08-at-10.22.12-AM.jpeg\",\"contentUrl\":\"https:\\\/\\\/fuentesfidedignas.com.mx\\\/wp-content\\\/uploads\\\/2024\\\/12\\\/WhatsApp-Image-2024-12-08-at-10.22.12-AM.jpeg\",\"width\":600,\"height\":400},{\"@type\":\"BreadcrumbList\",\"@id\":\"https:\\\/\\\/fuentesfidedignas.com.mx\\\/index.php\\\/2024\\\/12\\\/08\\\/celebran-segundo-foro-estatal-de-investigacion-para-la-salud-en-sinaloa-feiss-2024\\\/#breadcrumb\",\"itemListElement\":[{\"@type\":\"ListItem\",\"position\":1,\"name\":\"Inicio\",\"item\":\"https:\\\/\\\/fuentesfidedignas.com.mx\\\/\"},{\"@type\":\"ListItem\",\"position\":2,\"name\":\"Celebran Segundo Foro Estatal de Investigaci\u00f3n para la Salud en Sinaloa \u201cFEISS 2024\u201d\"}]},{\"@type\":\"WebSite\",\"@id\":\"https:\\\/\\\/fuentesfidedignas.com.mx\\\/#website\",\"url\":\"https:\\\/\\\/fuentesfidedignas.com.mx\\\/\",\"name\":\"Fuentes Fidedignas\",\"description\":\"Otro sitio realizado con WordPress\",\"publisher\":{\"@id\":\"https:\\\/\\\/fuentesfidedignas.com.mx\\\/#organization\"},\"potentialAction\":[{\"@type\":\"SearchAction\",\"target\":{\"@type\":\"EntryPoint\",\"urlTemplate\":\"https:\\\/\\\/fuentesfidedignas.com.mx\\\/?s={search_term_string}\"},\"query-input\":{\"@type\":\"PropertyValueSpecification\",\"valueRequired\":true,\"valueName\":\"search_term_string\"}}],\"inLanguage\":\"es\"},{\"@type\":\"Organization\",\"@id\":\"https:\\\/\\\/fuentesfidedignas.com.mx\\\/#organization\",\"name\":\"Fuentes Fidedignas\",\"url\":\"https:\\\/\\\/fuentesfidedignas.com.mx\\\/\",\"logo\":{\"@type\":\"ImageObject\",\"inLanguage\":\"es\",\"@id\":\"https:\\\/\\\/fuentesfidedignas.com.mx\\\/#\\\/schema\\\/logo\\\/image\\\/\",\"url\":\"https:\\\/\\\/fuentesfidedignas.com.mx\\\/wp-content\\\/uploads\\\/2021\\\/04\\\/logo-retina.png\",\"contentUrl\":\"https:\\\/\\\/fuentesfidedignas.com.mx\\\/wp-content\\\/uploads\\\/2021\\\/04\\\/logo-retina.png\",\"width\":280,\"height\":51,\"caption\":\"Fuentes Fidedignas\"},\"image\":{\"@id\":\"https:\\\/\\\/fuentesfidedignas.com.mx\\\/#\\\/schema\\\/logo\\\/image\\\/\"},\"sameAs\":[\"https:\\\/\\\/www.facebook.com\\\/Fuentes-Fidedignas-368234489921644\",\"https:\\\/\\\/x.com\\\/fidedignas\"]},{\"@type\":\"Person\",\"@id\":\"https:\\\/\\\/fuentesfidedignas.com.mx\\\/#\\\/schema\\\/person\\\/331be9283d37198e2acd5750279085b0\",\"name\":\"Redacci\u00f3n\",\"image\":{\"@type\":\"ImageObject\",\"inLanguage\":\"es\",\"@id\":\"https:\\\/\\\/secure.gravatar.com\\\/avatar\\\/f6d8782c11d12b2d4ad3fbb6931aeab5309937a4d6cd2fc9cfaa28a6396a5aec?s=96&d=mm&r=g\",\"url\":\"https:\\\/\\\/secure.gravatar.com\\\/avatar\\\/f6d8782c11d12b2d4ad3fbb6931aeab5309937a4d6cd2fc9cfaa28a6396a5aec?s=96&d=mm&r=g\",\"contentUrl\":\"https:\\\/\\\/secure.gravatar.com\\\/avatar\\\/f6d8782c11d12b2d4ad3fbb6931aeab5309937a4d6cd2fc9cfaa28a6396a5aec?s=96&d=mm&r=g\",\"caption\":\"Redacci\u00f3n\"},\"url\":\"https:\\\/\\\/fuentesfidedignas.com.mx\\\/index.php\\\/author\\\/redaccion\\\/\"}]}<\/script>\n<!-- \/ Yoast SEO plugin. -->","yoast_head_json":{"title":"Celebran Segundo Foro Estatal de Investigaci\u00f3n para la Salud en Sinaloa \u201cFEISS 2024\u201d - Fuentes Fidedignas","robots":{"index":"index","follow":"follow","max-snippet":"max-snippet:-1","max-image-preview":"max-image-preview:large","max-video-preview":"max-video-preview:-1"},"canonical":"https:\/\/fuentesfidedignas.com.mx\/index.php\/2024\/12\/08\/celebran-segundo-foro-estatal-de-investigacion-para-la-salud-en-sinaloa-feiss-2024\/","og_locale":"es_MX","og_type":"article","og_title":"Celebran Segundo Foro Estatal de Investigaci\u00f3n para la Salud en Sinaloa \u201cFEISS 2024\u201d - Fuentes Fidedignas","og_description":"Participaron 34 trabajos de exposici\u00f3n oral y 82 carteles cient\u00edficos sobre temas prioritarios para la salud en Sinaloa y que son generadores de conocimiento. El Hospital General de Culiac\u00e1n IMSS-Bienestar fue sede del Segundo Foro Estatal de Investigaci\u00f3n para la Salud en Sinaloa \u201cFEISS 2024\u201d, en el que participaron 34 trabajos de exposici\u00f3n oral y [&hellip;]","og_url":"https:\/\/fuentesfidedignas.com.mx\/index.php\/2024\/12\/08\/celebran-segundo-foro-estatal-de-investigacion-para-la-salud-en-sinaloa-feiss-2024\/","og_site_name":"Fuentes Fidedignas","article_publisher":"https:\/\/www.facebook.com\/Fuentes-Fidedignas-368234489921644","article_published_time":"2024-12-08T17:33:28+00:00","article_modified_time":"2024-12-08T17:33:34+00:00","og_image":[{"width":600,"height":400,"url":"https:\/\/fuentesfidedignas.com.mx\/wp-content\/uploads\/2024\/12\/WhatsApp-Image-2024-12-08-at-10.22.12-AM.jpeg","type":"image\/jpeg"}],"author":"Redacci\u00f3n","twitter_card":"summary_large_image","twitter_creator":"@fidedignas","twitter_site":"@fidedignas","twitter_misc":{"Escrito por":"Redacci\u00f3n","Tiempo de lectura":"3 minutos"},"schema":{"@context":"https:\/\/schema.org","@graph":[{"@type":"Article","@id":"https:\/\/fuentesfidedignas.com.mx\/index.php\/2024\/12\/08\/celebran-segundo-foro-estatal-de-investigacion-para-la-salud-en-sinaloa-feiss-2024\/#article","isPartOf":{"@id":"https:\/\/fuentesfidedignas.com.mx\/index.php\/2024\/12\/08\/celebran-segundo-foro-estatal-de-investigacion-para-la-salud-en-sinaloa-feiss-2024\/"},"author":{"name":"Redacci\u00f3n","@id":"https:\/\/fuentesfidedignas.com.mx\/#\/schema\/person\/331be9283d37198e2acd5750279085b0"},"headline":"Celebran Segundo Foro Estatal de Investigaci\u00f3n para la Salud en Sinaloa \u201cFEISS 2024\u201d","datePublished":"2024-12-08T17:33:28+00:00","dateModified":"2024-12-08T17:33:34+00:00","mainEntityOfPage":{"@id":"https:\/\/fuentesfidedignas.com.mx\/index.php\/2024\/12\/08\/celebran-segundo-foro-estatal-de-investigacion-para-la-salud-en-sinaloa-feiss-2024\/"},"wordCount":634,"commentCount":0,"publisher":{"@id":"https:\/\/fuentesfidedignas.com.mx\/#organization"},"image":{"@id":"https:\/\/fuentesfidedignas.com.mx\/index.php\/2024\/12\/08\/celebran-segundo-foro-estatal-de-investigacion-para-la-salud-en-sinaloa-feiss-2024\/#primaryimage"},"thumbnailUrl":"https:\/\/fuentesfidedignas.com.mx\/wp-content\/uploads\/2024\/12\/WhatsApp-Image-2024-12-08-at-10.22.12-AM.jpeg","articleSection":["NOTICIAS LOCALES"],"inLanguage":"es","potentialAction":[{"@type":"CommentAction","name":"Comment","target":["https:\/\/fuentesfidedignas.com.mx\/index.php\/2024\/12\/08\/celebran-segundo-foro-estatal-de-investigacion-para-la-salud-en-sinaloa-feiss-2024\/#respond"]}]},{"@type":"WebPage","@id":"https:\/\/fuentesfidedignas.com.mx\/index.php\/2024\/12\/08\/celebran-segundo-foro-estatal-de-investigacion-para-la-salud-en-sinaloa-feiss-2024\/","url":"https:\/\/fuentesfidedignas.com.mx\/index.php\/2024\/12\/08\/celebran-segundo-foro-estatal-de-investigacion-para-la-salud-en-sinaloa-feiss-2024\/","name":"Celebran Segundo Foro Estatal de Investigaci\u00f3n para la Salud en Sinaloa \u201cFEISS 2024\u201d - Fuentes Fidedignas","isPartOf":{"@id":"https:\/\/fuentesfidedignas.com.mx\/#website"},"primaryImageOfPage":{"@id":"https:\/\/fuentesfidedignas.com.mx\/index.php\/2024\/12\/08\/celebran-segundo-foro-estatal-de-investigacion-para-la-salud-en-sinaloa-feiss-2024\/#primaryimage"},"image":{"@id":"https:\/\/fuentesfidedignas.com.mx\/index.php\/2024\/12\/08\/celebran-segundo-foro-estatal-de-investigacion-para-la-salud-en-sinaloa-feiss-2024\/#primaryimage"},"thumbnailUrl":"https:\/\/fuentesfidedignas.com.mx\/wp-content\/uploads\/2024\/12\/WhatsApp-Image-2024-12-08-at-10.22.12-AM.jpeg","datePublished":"2024-12-08T17:33:28+00:00","dateModified":"2024-12-08T17:33:34+00:00","breadcrumb":{"@id":"https:\/\/fuentesfidedignas.com.mx\/index.php\/2024\/12\/08\/celebran-segundo-foro-estatal-de-investigacion-para-la-salud-en-sinaloa-feiss-2024\/#breadcrumb"},"inLanguage":"es","potentialAction":[{"@type":"ReadAction","target":["https:\/\/fuentesfidedignas.com.mx\/index.php\/2024\/12\/08\/celebran-segundo-foro-estatal-de-investigacion-para-la-salud-en-sinaloa-feiss-2024\/"]}]},{"@type":"ImageObject","inLanguage":"es","@id":"https:\/\/fuentesfidedignas.com.mx\/index.php\/2024\/12\/08\/celebran-segundo-foro-estatal-de-investigacion-para-la-salud-en-sinaloa-feiss-2024\/#primaryimage","url":"https:\/\/fuentesfidedignas.com.mx\/wp-content\/uploads\/2024\/12\/WhatsApp-Image-2024-12-08-at-10.22.12-AM.jpeg","contentUrl":"https:\/\/fuentesfidedignas.com.mx\/wp-content\/uploads\/2024\/12\/WhatsApp-Image-2024-12-08-at-10.22.12-AM.jpeg","width":600,"height":400},{"@type":"BreadcrumbList","@id":"https:\/\/fuentesfidedignas.com.mx\/index.php\/2024\/12\/08\/celebran-segundo-foro-estatal-de-investigacion-para-la-salud-en-sinaloa-feiss-2024\/#breadcrumb","itemListElement":[{"@type":"ListItem","position":1,"name":"Inicio","item":"https:\/\/fuentesfidedignas.com.mx\/"},{"@type":"ListItem","position":2,"name":"Celebran Segundo Foro Estatal de Investigaci\u00f3n para la Salud en Sinaloa \u201cFEISS 2024\u201d"}]},{"@type":"WebSite","@id":"https:\/\/fuentesfidedignas.com.mx\/#website","url":"https:\/\/fuentesfidedignas.com.mx\/","name":"Fuentes Fidedignas","description":"Otro sitio realizado con WordPress","publisher":{"@id":"https:\/\/fuentesfidedignas.com.mx\/#organization"},"potentialAction":[{"@type":"SearchAction","target":{"@type":"EntryPoint","urlTemplate":"https:\/\/fuentesfidedignas.com.mx\/?s={search_term_string}"},"query-input":{"@type":"PropertyValueSpecification","valueRequired":true,"valueName":"search_term_string"}}],"inLanguage":"es"},{"@type":"Organization","@id":"https:\/\/fuentesfidedignas.com.mx\/#organization","name":"Fuentes Fidedignas","url":"https:\/\/fuentesfidedignas.com.mx\/","logo":{"@type":"ImageObject","inLanguage":"es","@id":"https:\/\/fuentesfidedignas.com.mx\/#\/schema\/logo\/image\/","url":"https:\/\/fuentesfidedignas.com.mx\/wp-content\/uploads\/2021\/04\/logo-retina.png","contentUrl":"https:\/\/fuentesfidedignas.com.mx\/wp-content\/uploads\/2021\/04\/logo-retina.png","width":280,"height":51,"caption":"Fuentes Fidedignas"},"image":{"@id":"https:\/\/fuentesfidedignas.com.mx\/#\/schema\/logo\/image\/"},"sameAs":["https:\/\/www.facebook.com\/Fuentes-Fidedignas-368234489921644","https:\/\/x.com\/fidedignas"]},{"@type":"Person","@id":"https:\/\/fuentesfidedignas.com.mx\/#\/schema\/person\/331be9283d37198e2acd5750279085b0","name":"Redacci\u00f3n","image":{"@type":"ImageObject","inLanguage":"es","@id":"https:\/\/secure.gravatar.com\/avatar\/f6d8782c11d12b2d4ad3fbb6931aeab5309937a4d6cd2fc9cfaa28a6396a5aec?s=96&d=mm&r=g","url":"https:\/\/secure.gravatar.com\/avatar\/f6d8782c11d12b2d4ad3fbb6931aeab5309937a4d6cd2fc9cfaa28a6396a5aec?s=96&d=mm&r=g","contentUrl":"https:\/\/secure.gravatar.com\/avatar\/f6d8782c11d12b2d4ad3fbb6931aeab5309937a4d6cd2fc9cfaa28a6396a5aec?s=96&d=mm&r=g","caption":"Redacci\u00f3n"},"url":"https:\/\/fuentesfidedignas.com.mx\/index.php\/author\/redaccion\/"}]}},"_links":{"self":[{"href":"https:\/\/fuentesfidedignas.com.mx\/index.php\/wp-json\/wp\/v2\/posts\/97062","targetHints":{"allow":["GET"]}}],"collection":[{"href":"https:\/\/fuentesfidedignas.com.mx\/index.php\/wp-json\/wp\/v2\/posts"}],"about":[{"href":"https:\/\/fuentesfidedignas.com.mx\/index.php\/wp-json\/wp\/v2\/types\/post"}],"author":[{"embeddable":true,"href":"https:\/\/fuentesfidedignas.com.mx\/index.php\/wp-json\/wp\/v2\/users\/4"}],"replies":[{"embeddable":true,"href":"https:\/\/fuentesfidedignas.com.mx\/index.php\/wp-json\/wp\/v2\/comments?post=97062"}],"version-history":[{"count":1,"href":"https:\/\/fuentesfidedignas.com.mx\/index.php\/wp-json\/wp\/v2\/posts\/97062\/revisions"}],"predecessor-version":[{"id":97064,"href":"https:\/\/fuentesfidedignas.com.mx\/index.php\/wp-json\/wp\/v2\/posts\/97062\/revisions\/97064"}],"wp:featuredmedia":[{"embeddable":true,"href":"https:\/\/fuentesfidedignas.com.mx\/index.php\/wp-json\/wp\/v2\/media\/97063"}],"wp:attachment":[{"href":"https:\/\/fuentesfidedignas.com.mx\/index.php\/wp-json\/wp\/v2\/media?parent=97062"}],"wp:term":[{"taxonomy":"category","embeddable":true,"href":"https:\/\/fuentesfidedignas.com.mx\/index.php\/wp-json\/wp\/v2\/categories?post=97062"},{"taxonomy":"post_tag","embeddable":true,"href":"https:\/\/fuentesfidedignas.com.mx\/index.php\/wp-json\/wp\/v2\/tags?post=97062"}],"curies":[{"name":"wp","href":"https:\/\/api.w.org\/{rel}","templated":true}]}}