{"id":97010,"date":"2024-12-07T09:59:56","date_gmt":"2024-12-07T16:59:56","guid":{"rendered":"https:\/\/fuentesfidedignas.com.mx\/?p=97010"},"modified":"2024-12-07T11:20:19","modified_gmt":"2024-12-07T18:20:19","slug":"estados-unidos-felicita-a-mexico-por-decomiso-historico-de-fentanilo-en-sinaloa","status":"publish","type":"post","link":"https:\/\/fuentesfidedignas.com.mx\/index.php\/2024\/12\/07\/estados-unidos-felicita-a-mexico-por-decomiso-historico-de-fentanilo-en-sinaloa\/","title":{"rendered":"Estados Unidos felicita a M\u00e9xico por decomiso hist\u00f3rico de fentanilo en Sinaloa"},"content":{"rendered":"\n<p><strong><em>El presidente Joe Biden agradeci\u00f3 a la mandataria mexicana, destacando la colaboraci\u00f3n entre ambos pa\u00edses<\/em><\/strong><\/p>\n\n\n\n<p>En un gesto que subraya la creciente importancia de la colaboraci\u00f3n entre <strong>M\u00e9xico y Estados Unidos&nbsp;<\/strong>en materia de seguridad y combate al narcotr\u00e1fico,<strong>&nbsp;el presidente estadounidense Joe Biden <\/strong>extendi\u00f3 un mensaje de felicitaci\u00f3n a la presidenta de<strong> M\u00e9xico, Claudia Sheinbaum,&nbsp;<\/strong>por un decomiso hist\u00f3rico de fentanilo. Seg\u00fan el comunicado oficial emitido por la Casa Blanca, las fuerzas de seguridad mexicanas incautaron&nbsp;<strong>m\u00e1s de 20 millones de dosis<\/strong>&nbsp;de esta droga il\u00edcita, u<strong>na cantidad suficiente para causar la muerte de aproximadamente el 15% de la poblaci\u00f3n estadounidense.<\/strong><\/p>\n\n\n\n<p>El presidente&nbsp;<strong>Biden destac\u00f3 este logro como un testimonio del liderazgo de Sheinbaum&nbsp;<\/strong>y la colaboraci\u00f3n efectiva entre ambos pa\u00edses.&nbsp;<strong>En su mensaje, expres\u00f3:<\/strong><\/p>\n\n\n\n<blockquote class=\"wp-block-quote is-layout-flow wp-block-quote-is-layout-flow\">\n<p><em>\u00abQuiero agradecer a la presidenta Claudia Sheinbaum por su liderazgo y colaboraci\u00f3n que hicieron esto posible, y a los numerosos funcionarios militares y de las fuerzas del orden de ambos lados de la frontera que han dedicado sus vidas a combatir el fentanilo, desbaratar a los traficantes y salvar a sus conciudadanos. Es importante\u00bb.<\/em><\/p>\n<\/blockquote>\n\n\n\n<h3 class=\"wp-block-heading\" id=\"h-un-esfuerzo-compartido-contra-el-fentanilo\"><strong>Un esfuerzo compartido contra el fentanilo<\/strong><\/h3>\n\n\n\n<p><strong>El fentanilo, un opioide sint\u00e9tico hasta 50 veces m\u00e1s potente que la hero\u00edna,<\/strong>&nbsp;se ha convertido en una de las&nbsp;<strong>mayores amenazas de salud p\u00fablica en Estados Unidos.&nbsp;<\/strong>Seg\u00fan datos recientes,<strong>&nbsp;las muertes por sobredosis relacionadas con esta sustancia han alcanzado niveles alarmantes en los \u00faltimos a\u00f1os.&nbsp;<\/strong>En este contexto, Biden enfatiz\u00f3 la relevancia de la cooperaci\u00f3n internacional y los avances logrados bajo su administraci\u00f3n:<\/p>\n\n\n\n<blockquote class=\"wp-block-quote is-layout-flow wp-block-quote-is-layout-flow\">\n<p><em>\u00abBajo mi administraci\u00f3n, hemos incautado m\u00e1s fentanilo en nuestra frontera en los \u00faltimos dos a\u00f1os que en los cinco a\u00f1os anteriores juntos. Hemos puesto a docenas de importantes l\u00edderes de los c\u00e1rteles y lavadores de dinero tras las rejas. Y los \u00faltimos datos muestran una ca\u00edda de m\u00e1s de 14% en las muertes por sobredosis en todo el pa\u00eds, esa es la mayor disminuci\u00f3n registrada\u00bb.<\/em><\/p>\n<\/blockquote>\n\n\n\n<p>El mandatario tambi\u00e9n subray\u00f3 que este no es solo un tema de estad\u00edsticas, sino de impacto humano:&nbsp;<strong><em>\u00abSe trata de familias. Familias que no tienen que soportar la p\u00e9rdida de un hijo, un padre o un c\u00f3nyuge.\u00bb<\/em><\/strong><\/p>\n","protected":false},"excerpt":{"rendered":"<p>El presidente Joe Biden agradeci\u00f3 a la mandataria mexicana, destacando la colaboraci\u00f3n entre ambos pa\u00edses En un gesto que subraya la creciente importancia de la colaboraci\u00f3n entre M\u00e9xico y Estados Unidos&nbsp;en materia de seguridad y combate al narcotr\u00e1fico,&nbsp;el presidente estadounidense Joe Biden extendi\u00f3 un mensaje de felicitaci\u00f3n a la presidenta de M\u00e9xico, Claudia Sheinbaum,&nbsp;por un [&hellip;]<\/p>\n","protected":false},"author":22,"featured_media":96743,"comment_status":"closed","ping_status":"open","sticky":false,"template":"","format":"standard","meta":{"tdm_status":"","tdm_grid_status":"","footnotes":""},"categories":[39],"tags":[],"class_list":{"0":"post-97010","1":"post","2":"type-post","3":"status-publish","4":"format-standard","5":"has-post-thumbnail","7":"category-noticias-nacionales"},"yoast_head":"<!-- This site is optimized with the Yoast SEO plugin v27.5 - https:\/\/yoast.com\/product\/yoast-seo-wordpress\/ -->\n<title>Estados Unidos felicita a M\u00e9xico por decomiso hist\u00f3rico de fentanilo en Sinaloa - Fuentes Fidedignas<\/title>\n<meta name=\"robots\" content=\"index, follow, max-snippet:-1, max-image-preview:large, max-video-preview:-1\" \/>\n<link rel=\"canonical\" href=\"https:\/\/fuentesfidedignas.com.mx\/index.php\/2024\/12\/07\/estados-unidos-felicita-a-mexico-por-decomiso-historico-de-fentanilo-en-sinaloa\/\" \/>\n<meta property=\"og:locale\" content=\"es_MX\" \/>\n<meta property=\"og:type\" content=\"article\" \/>\n<meta property=\"og:title\" content=\"Estados Unidos felicita a M\u00e9xico por decomiso hist\u00f3rico de fentanilo en Sinaloa - Fuentes Fidedignas\" \/>\n<meta property=\"og:description\" content=\"El presidente Joe Biden agradeci\u00f3 a la mandataria mexicana, destacando la colaboraci\u00f3n entre ambos pa\u00edses En un gesto que subraya la creciente importancia de la colaboraci\u00f3n entre M\u00e9xico y Estados Unidos&nbsp;en materia de seguridad y combate al narcotr\u00e1fico,&nbsp;el presidente estadounidense Joe Biden extendi\u00f3 un mensaje de felicitaci\u00f3n a la presidenta de M\u00e9xico, Claudia Sheinbaum,&nbsp;por un [&hellip;]\" \/>\n<meta property=\"og:url\" content=\"https:\/\/fuentesfidedignas.com.mx\/index.php\/2024\/12\/07\/estados-unidos-felicita-a-mexico-por-decomiso-historico-de-fentanilo-en-sinaloa\/\" \/>\n<meta property=\"og:site_name\" content=\"Fuentes Fidedignas\" \/>\n<meta property=\"article:publisher\" content=\"https:\/\/www.facebook.com\/Fuentes-Fidedignas-368234489921644\" \/>\n<meta property=\"article:published_time\" content=\"2024-12-07T16:59:56+00:00\" \/>\n<meta property=\"article:modified_time\" content=\"2024-12-07T18:20:19+00:00\" \/>\n<meta property=\"og:image\" content=\"https:\/\/fuentesfidedignas.com.mx\/wp-content\/uploads\/2024\/12\/decomiso-de-fentanilo.jpg\" \/>\n\t<meta property=\"og:image:width\" content=\"600\" \/>\n\t<meta property=\"og:image:height\" content=\"434\" \/>\n\t<meta property=\"og:image:type\" content=\"image\/jpeg\" \/>\n<meta name=\"author\" content=\"EFE\" \/>\n<meta name=\"twitter:card\" content=\"summary_large_image\" \/>\n<meta name=\"twitter:creator\" content=\"@fidedignas\" \/>\n<meta name=\"twitter:site\" content=\"@fidedignas\" \/>\n<meta name=\"twitter:label1\" content=\"Escrito por\" \/>\n\t<meta name=\"twitter:data1\" content=\"EFE\" \/>\n\t<meta name=\"twitter:label2\" content=\"Tiempo de lectura\" \/>\n\t<meta name=\"twitter:data2\" content=\"2 minutos\" \/>\n<script type=\"application\/ld+json\" class=\"yoast-schema-graph\">{\"@context\":\"https:\\\/\\\/schema.org\",\"@graph\":[{\"@type\":\"Article\",\"@id\":\"https:\\\/\\\/fuentesfidedignas.com.mx\\\/index.php\\\/2024\\\/12\\\/07\\\/estados-unidos-felicita-a-mexico-por-decomiso-historico-de-fentanilo-en-sinaloa\\\/#article\",\"isPartOf\":{\"@id\":\"https:\\\/\\\/fuentesfidedignas.com.mx\\\/index.php\\\/2024\\\/12\\\/07\\\/estados-unidos-felicita-a-mexico-por-decomiso-historico-de-fentanilo-en-sinaloa\\\/\"},\"author\":{\"name\":\"EFE\",\"@id\":\"https:\\\/\\\/fuentesfidedignas.com.mx\\\/#\\\/schema\\\/person\\\/0d44615087b5a626d5d3f13afe31ac41\"},\"headline\":\"Estados Unidos felicita a M\u00e9xico por decomiso hist\u00f3rico de fentanilo en Sinaloa\",\"datePublished\":\"2024-12-07T16:59:56+00:00\",\"dateModified\":\"2024-12-07T18:20:19+00:00\",\"mainEntityOfPage\":{\"@id\":\"https:\\\/\\\/fuentesfidedignas.com.mx\\\/index.php\\\/2024\\\/12\\\/07\\\/estados-unidos-felicita-a-mexico-por-decomiso-historico-de-fentanilo-en-sinaloa\\\/\"},\"wordCount\":414,\"publisher\":{\"@id\":\"https:\\\/\\\/fuentesfidedignas.com.mx\\\/#organization\"},\"image\":{\"@id\":\"https:\\\/\\\/fuentesfidedignas.com.mx\\\/index.php\\\/2024\\\/12\\\/07\\\/estados-unidos-felicita-a-mexico-por-decomiso-historico-de-fentanilo-en-sinaloa\\\/#primaryimage\"},\"thumbnailUrl\":\"https:\\\/\\\/fuentesfidedignas.com.mx\\\/wp-content\\\/uploads\\\/2024\\\/12\\\/decomiso-de-fentanilo.jpg\",\"articleSection\":[\"NOTICIAS NACIONALES\"],\"inLanguage\":\"es\"},{\"@type\":\"WebPage\",\"@id\":\"https:\\\/\\\/fuentesfidedignas.com.mx\\\/index.php\\\/2024\\\/12\\\/07\\\/estados-unidos-felicita-a-mexico-por-decomiso-historico-de-fentanilo-en-sinaloa\\\/\",\"url\":\"https:\\\/\\\/fuentesfidedignas.com.mx\\\/index.php\\\/2024\\\/12\\\/07\\\/estados-unidos-felicita-a-mexico-por-decomiso-historico-de-fentanilo-en-sinaloa\\\/\",\"name\":\"Estados Unidos felicita a M\u00e9xico por decomiso hist\u00f3rico de fentanilo en Sinaloa - Fuentes Fidedignas\",\"isPartOf\":{\"@id\":\"https:\\\/\\\/fuentesfidedignas.com.mx\\\/#website\"},\"primaryImageOfPage\":{\"@id\":\"https:\\\/\\\/fuentesfidedignas.com.mx\\\/index.php\\\/2024\\\/12\\\/07\\\/estados-unidos-felicita-a-mexico-por-decomiso-historico-de-fentanilo-en-sinaloa\\\/#primaryimage\"},\"image\":{\"@id\":\"https:\\\/\\\/fuentesfidedignas.com.mx\\\/index.php\\\/2024\\\/12\\\/07\\\/estados-unidos-felicita-a-mexico-por-decomiso-historico-de-fentanilo-en-sinaloa\\\/#primaryimage\"},\"thumbnailUrl\":\"https:\\\/\\\/fuentesfidedignas.com.mx\\\/wp-content\\\/uploads\\\/2024\\\/12\\\/decomiso-de-fentanilo.jpg\",\"datePublished\":\"2024-12-07T16:59:56+00:00\",\"dateModified\":\"2024-12-07T18:20:19+00:00\",\"breadcrumb\":{\"@id\":\"https:\\\/\\\/fuentesfidedignas.com.mx\\\/index.php\\\/2024\\\/12\\\/07\\\/estados-unidos-felicita-a-mexico-por-decomiso-historico-de-fentanilo-en-sinaloa\\\/#breadcrumb\"},\"inLanguage\":\"es\",\"potentialAction\":[{\"@type\":\"ReadAction\",\"target\":[\"https:\\\/\\\/fuentesfidedignas.com.mx\\\/index.php\\\/2024\\\/12\\\/07\\\/estados-unidos-felicita-a-mexico-por-decomiso-historico-de-fentanilo-en-sinaloa\\\/\"]}]},{\"@type\":\"ImageObject\",\"inLanguage\":\"es\",\"@id\":\"https:\\\/\\\/fuentesfidedignas.com.mx\\\/index.php\\\/2024\\\/12\\\/07\\\/estados-unidos-felicita-a-mexico-por-decomiso-historico-de-fentanilo-en-sinaloa\\\/#primaryimage\",\"url\":\"https:\\\/\\\/fuentesfidedignas.com.mx\\\/wp-content\\\/uploads\\\/2024\\\/12\\\/decomiso-de-fentanilo.jpg\",\"contentUrl\":\"https:\\\/\\\/fuentesfidedignas.com.mx\\\/wp-content\\\/uploads\\\/2024\\\/12\\\/decomiso-de-fentanilo.jpg\",\"width\":600,\"height\":434},{\"@type\":\"BreadcrumbList\",\"@id\":\"https:\\\/\\\/fuentesfidedignas.com.mx\\\/index.php\\\/2024\\\/12\\\/07\\\/estados-unidos-felicita-a-mexico-por-decomiso-historico-de-fentanilo-en-sinaloa\\\/#breadcrumb\",\"itemListElement\":[{\"@type\":\"ListItem\",\"position\":1,\"name\":\"Inicio\",\"item\":\"https:\\\/\\\/fuentesfidedignas.com.mx\\\/\"},{\"@type\":\"ListItem\",\"position\":2,\"name\":\"Estados Unidos felicita a M\u00e9xico por decomiso hist\u00f3rico de fentanilo en Sinaloa\"}]},{\"@type\":\"WebSite\",\"@id\":\"https:\\\/\\\/fuentesfidedignas.com.mx\\\/#website\",\"url\":\"https:\\\/\\\/fuentesfidedignas.com.mx\\\/\",\"name\":\"Fuentes Fidedignas\",\"description\":\"Otro sitio realizado con WordPress\",\"publisher\":{\"@id\":\"https:\\\/\\\/fuentesfidedignas.com.mx\\\/#organization\"},\"potentialAction\":[{\"@type\":\"SearchAction\",\"target\":{\"@type\":\"EntryPoint\",\"urlTemplate\":\"https:\\\/\\\/fuentesfidedignas.com.mx\\\/?s={search_term_string}\"},\"query-input\":{\"@type\":\"PropertyValueSpecification\",\"valueRequired\":true,\"valueName\":\"search_term_string\"}}],\"inLanguage\":\"es\"},{\"@type\":\"Organization\",\"@id\":\"https:\\\/\\\/fuentesfidedignas.com.mx\\\/#organization\",\"name\":\"Fuentes Fidedignas\",\"url\":\"https:\\\/\\\/fuentesfidedignas.com.mx\\\/\",\"logo\":{\"@type\":\"ImageObject\",\"inLanguage\":\"es\",\"@id\":\"https:\\\/\\\/fuentesfidedignas.com.mx\\\/#\\\/schema\\\/logo\\\/image\\\/\",\"url\":\"https:\\\/\\\/fuentesfidedignas.com.mx\\\/wp-content\\\/uploads\\\/2021\\\/04\\\/logo-retina.png\",\"contentUrl\":\"https:\\\/\\\/fuentesfidedignas.com.mx\\\/wp-content\\\/uploads\\\/2021\\\/04\\\/logo-retina.png\",\"width\":280,\"height\":51,\"caption\":\"Fuentes Fidedignas\"},\"image\":{\"@id\":\"https:\\\/\\\/fuentesfidedignas.com.mx\\\/#\\\/schema\\\/logo\\\/image\\\/\"},\"sameAs\":[\"https:\\\/\\\/www.facebook.com\\\/Fuentes-Fidedignas-368234489921644\",\"https:\\\/\\\/x.com\\\/fidedignas\"]},{\"@type\":\"Person\",\"@id\":\"https:\\\/\\\/fuentesfidedignas.com.mx\\\/#\\\/schema\\\/person\\\/0d44615087b5a626d5d3f13afe31ac41\",\"name\":\"EFE\",\"image\":{\"@type\":\"ImageObject\",\"inLanguage\":\"es\",\"@id\":\"https:\\\/\\\/secure.gravatar.com\\\/avatar\\\/7048c2d9b569d9bed55bb53ad23821e6e047aa66338fb6ea9868627bbb9f54e8?s=96&d=mm&r=g\",\"url\":\"https:\\\/\\\/secure.gravatar.com\\\/avatar\\\/7048c2d9b569d9bed55bb53ad23821e6e047aa66338fb6ea9868627bbb9f54e8?s=96&d=mm&r=g\",\"contentUrl\":\"https:\\\/\\\/secure.gravatar.com\\\/avatar\\\/7048c2d9b569d9bed55bb53ad23821e6e047aa66338fb6ea9868627bbb9f54e8?s=96&d=mm&r=g\",\"caption\":\"EFE\"},\"url\":\"https:\\\/\\\/fuentesfidedignas.com.mx\\\/index.php\\\/author\\\/efe\\\/\"}]}<\/script>\n<!-- \/ Yoast SEO plugin. -->","yoast_head_json":{"title":"Estados Unidos felicita a M\u00e9xico por decomiso hist\u00f3rico de fentanilo en Sinaloa - Fuentes Fidedignas","robots":{"index":"index","follow":"follow","max-snippet":"max-snippet:-1","max-image-preview":"max-image-preview:large","max-video-preview":"max-video-preview:-1"},"canonical":"https:\/\/fuentesfidedignas.com.mx\/index.php\/2024\/12\/07\/estados-unidos-felicita-a-mexico-por-decomiso-historico-de-fentanilo-en-sinaloa\/","og_locale":"es_MX","og_type":"article","og_title":"Estados Unidos felicita a M\u00e9xico por decomiso hist\u00f3rico de fentanilo en Sinaloa - Fuentes Fidedignas","og_description":"El presidente Joe Biden agradeci\u00f3 a la mandataria mexicana, destacando la colaboraci\u00f3n entre ambos pa\u00edses En un gesto que subraya la creciente importancia de la colaboraci\u00f3n entre M\u00e9xico y Estados Unidos&nbsp;en materia de seguridad y combate al narcotr\u00e1fico,&nbsp;el presidente estadounidense Joe Biden extendi\u00f3 un mensaje de felicitaci\u00f3n a la presidenta de M\u00e9xico, Claudia Sheinbaum,&nbsp;por un [&hellip;]","og_url":"https:\/\/fuentesfidedignas.com.mx\/index.php\/2024\/12\/07\/estados-unidos-felicita-a-mexico-por-decomiso-historico-de-fentanilo-en-sinaloa\/","og_site_name":"Fuentes Fidedignas","article_publisher":"https:\/\/www.facebook.com\/Fuentes-Fidedignas-368234489921644","article_published_time":"2024-12-07T16:59:56+00:00","article_modified_time":"2024-12-07T18:20:19+00:00","og_image":[{"width":600,"height":434,"url":"https:\/\/fuentesfidedignas.com.mx\/wp-content\/uploads\/2024\/12\/decomiso-de-fentanilo.jpg","type":"image\/jpeg"}],"author":"EFE","twitter_card":"summary_large_image","twitter_creator":"@fidedignas","twitter_site":"@fidedignas","twitter_misc":{"Escrito por":"EFE","Tiempo de lectura":"2 minutos"},"schema":{"@context":"https:\/\/schema.org","@graph":[{"@type":"Article","@id":"https:\/\/fuentesfidedignas.com.mx\/index.php\/2024\/12\/07\/estados-unidos-felicita-a-mexico-por-decomiso-historico-de-fentanilo-en-sinaloa\/#article","isPartOf":{"@id":"https:\/\/fuentesfidedignas.com.mx\/index.php\/2024\/12\/07\/estados-unidos-felicita-a-mexico-por-decomiso-historico-de-fentanilo-en-sinaloa\/"},"author":{"name":"EFE","@id":"https:\/\/fuentesfidedignas.com.mx\/#\/schema\/person\/0d44615087b5a626d5d3f13afe31ac41"},"headline":"Estados Unidos felicita a M\u00e9xico por decomiso hist\u00f3rico de fentanilo en Sinaloa","datePublished":"2024-12-07T16:59:56+00:00","dateModified":"2024-12-07T18:20:19+00:00","mainEntityOfPage":{"@id":"https:\/\/fuentesfidedignas.com.mx\/index.php\/2024\/12\/07\/estados-unidos-felicita-a-mexico-por-decomiso-historico-de-fentanilo-en-sinaloa\/"},"wordCount":414,"publisher":{"@id":"https:\/\/fuentesfidedignas.com.mx\/#organization"},"image":{"@id":"https:\/\/fuentesfidedignas.com.mx\/index.php\/2024\/12\/07\/estados-unidos-felicita-a-mexico-por-decomiso-historico-de-fentanilo-en-sinaloa\/#primaryimage"},"thumbnailUrl":"https:\/\/fuentesfidedignas.com.mx\/wp-content\/uploads\/2024\/12\/decomiso-de-fentanilo.jpg","articleSection":["NOTICIAS NACIONALES"],"inLanguage":"es"},{"@type":"WebPage","@id":"https:\/\/fuentesfidedignas.com.mx\/index.php\/2024\/12\/07\/estados-unidos-felicita-a-mexico-por-decomiso-historico-de-fentanilo-en-sinaloa\/","url":"https:\/\/fuentesfidedignas.com.mx\/index.php\/2024\/12\/07\/estados-unidos-felicita-a-mexico-por-decomiso-historico-de-fentanilo-en-sinaloa\/","name":"Estados Unidos felicita a M\u00e9xico por decomiso hist\u00f3rico de fentanilo en Sinaloa - Fuentes Fidedignas","isPartOf":{"@id":"https:\/\/fuentesfidedignas.com.mx\/#website"},"primaryImageOfPage":{"@id":"https:\/\/fuentesfidedignas.com.mx\/index.php\/2024\/12\/07\/estados-unidos-felicita-a-mexico-por-decomiso-historico-de-fentanilo-en-sinaloa\/#primaryimage"},"image":{"@id":"https:\/\/fuentesfidedignas.com.mx\/index.php\/2024\/12\/07\/estados-unidos-felicita-a-mexico-por-decomiso-historico-de-fentanilo-en-sinaloa\/#primaryimage"},"thumbnailUrl":"https:\/\/fuentesfidedignas.com.mx\/wp-content\/uploads\/2024\/12\/decomiso-de-fentanilo.jpg","datePublished":"2024-12-07T16:59:56+00:00","dateModified":"2024-12-07T18:20:19+00:00","breadcrumb":{"@id":"https:\/\/fuentesfidedignas.com.mx\/index.php\/2024\/12\/07\/estados-unidos-felicita-a-mexico-por-decomiso-historico-de-fentanilo-en-sinaloa\/#breadcrumb"},"inLanguage":"es","potentialAction":[{"@type":"ReadAction","target":["https:\/\/fuentesfidedignas.com.mx\/index.php\/2024\/12\/07\/estados-unidos-felicita-a-mexico-por-decomiso-historico-de-fentanilo-en-sinaloa\/"]}]},{"@type":"ImageObject","inLanguage":"es","@id":"https:\/\/fuentesfidedignas.com.mx\/index.php\/2024\/12\/07\/estados-unidos-felicita-a-mexico-por-decomiso-historico-de-fentanilo-en-sinaloa\/#primaryimage","url":"https:\/\/fuentesfidedignas.com.mx\/wp-content\/uploads\/2024\/12\/decomiso-de-fentanilo.jpg","contentUrl":"https:\/\/fuentesfidedignas.com.mx\/wp-content\/uploads\/2024\/12\/decomiso-de-fentanilo.jpg","width":600,"height":434},{"@type":"BreadcrumbList","@id":"https:\/\/fuentesfidedignas.com.mx\/index.php\/2024\/12\/07\/estados-unidos-felicita-a-mexico-por-decomiso-historico-de-fentanilo-en-sinaloa\/#breadcrumb","itemListElement":[{"@type":"ListItem","position":1,"name":"Inicio","item":"https:\/\/fuentesfidedignas.com.mx\/"},{"@type":"ListItem","position":2,"name":"Estados Unidos felicita a M\u00e9xico por decomiso hist\u00f3rico de fentanilo en Sinaloa"}]},{"@type":"WebSite","@id":"https:\/\/fuentesfidedignas.com.mx\/#website","url":"https:\/\/fuentesfidedignas.com.mx\/","name":"Fuentes Fidedignas","description":"Otro sitio realizado con WordPress","publisher":{"@id":"https:\/\/fuentesfidedignas.com.mx\/#organization"},"potentialAction":[{"@type":"SearchAction","target":{"@type":"EntryPoint","urlTemplate":"https:\/\/fuentesfidedignas.com.mx\/?s={search_term_string}"},"query-input":{"@type":"PropertyValueSpecification","valueRequired":true,"valueName":"search_term_string"}}],"inLanguage":"es"},{"@type":"Organization","@id":"https:\/\/fuentesfidedignas.com.mx\/#organization","name":"Fuentes Fidedignas","url":"https:\/\/fuentesfidedignas.com.mx\/","logo":{"@type":"ImageObject","inLanguage":"es","@id":"https:\/\/fuentesfidedignas.com.mx\/#\/schema\/logo\/image\/","url":"https:\/\/fuentesfidedignas.com.mx\/wp-content\/uploads\/2021\/04\/logo-retina.png","contentUrl":"https:\/\/fuentesfidedignas.com.mx\/wp-content\/uploads\/2021\/04\/logo-retina.png","width":280,"height":51,"caption":"Fuentes Fidedignas"},"image":{"@id":"https:\/\/fuentesfidedignas.com.mx\/#\/schema\/logo\/image\/"},"sameAs":["https:\/\/www.facebook.com\/Fuentes-Fidedignas-368234489921644","https:\/\/x.com\/fidedignas"]},{"@type":"Person","@id":"https:\/\/fuentesfidedignas.com.mx\/#\/schema\/person\/0d44615087b5a626d5d3f13afe31ac41","name":"EFE","image":{"@type":"ImageObject","inLanguage":"es","@id":"https:\/\/secure.gravatar.com\/avatar\/7048c2d9b569d9bed55bb53ad23821e6e047aa66338fb6ea9868627bbb9f54e8?s=96&d=mm&r=g","url":"https:\/\/secure.gravatar.com\/avatar\/7048c2d9b569d9bed55bb53ad23821e6e047aa66338fb6ea9868627bbb9f54e8?s=96&d=mm&r=g","contentUrl":"https:\/\/secure.gravatar.com\/avatar\/7048c2d9b569d9bed55bb53ad23821e6e047aa66338fb6ea9868627bbb9f54e8?s=96&d=mm&r=g","caption":"EFE"},"url":"https:\/\/fuentesfidedignas.com.mx\/index.php\/author\/efe\/"}]}},"_links":{"self":[{"href":"https:\/\/fuentesfidedignas.com.mx\/index.php\/wp-json\/wp\/v2\/posts\/97010","targetHints":{"allow":["GET"]}}],"collection":[{"href":"https:\/\/fuentesfidedignas.com.mx\/index.php\/wp-json\/wp\/v2\/posts"}],"about":[{"href":"https:\/\/fuentesfidedignas.com.mx\/index.php\/wp-json\/wp\/v2\/types\/post"}],"author":[{"embeddable":true,"href":"https:\/\/fuentesfidedignas.com.mx\/index.php\/wp-json\/wp\/v2\/users\/22"}],"replies":[{"embeddable":true,"href":"https:\/\/fuentesfidedignas.com.mx\/index.php\/wp-json\/wp\/v2\/comments?post=97010"}],"version-history":[{"count":1,"href":"https:\/\/fuentesfidedignas.com.mx\/index.php\/wp-json\/wp\/v2\/posts\/97010\/revisions"}],"predecessor-version":[{"id":97011,"href":"https:\/\/fuentesfidedignas.com.mx\/index.php\/wp-json\/wp\/v2\/posts\/97010\/revisions\/97011"}],"wp:featuredmedia":[{"embeddable":true,"href":"https:\/\/fuentesfidedignas.com.mx\/index.php\/wp-json\/wp\/v2\/media\/96743"}],"wp:attachment":[{"href":"https:\/\/fuentesfidedignas.com.mx\/index.php\/wp-json\/wp\/v2\/media?parent=97010"}],"wp:term":[{"taxonomy":"category","embeddable":true,"href":"https:\/\/fuentesfidedignas.com.mx\/index.php\/wp-json\/wp\/v2\/categories?post=97010"},{"taxonomy":"post_tag","embeddable":true,"href":"https:\/\/fuentesfidedignas.com.mx\/index.php\/wp-json\/wp\/v2\/tags?post=97010"}],"curies":[{"name":"wp","href":"https:\/\/api.w.org\/{rel}","templated":true}]}}