{"id":96886,"date":"2024-12-05T16:14:00","date_gmt":"2024-12-05T23:14:00","guid":{"rendered":"https:\/\/fuentesfidedignas.com.mx\/?p=96886"},"modified":"2024-12-05T17:25:12","modified_gmt":"2024-12-06T00:25:12","slug":"alvarez-maynez-es-elegido-como-nuevo-dirigente-de-movimiento-ciudadano","status":"publish","type":"post","link":"https:\/\/fuentesfidedignas.com.mx\/index.php\/2024\/12\/05\/alvarez-maynez-es-elegido-como-nuevo-dirigente-de-movimiento-ciudadano\/","title":{"rendered":"\u00c1lvarez M\u00e1ynez es elegido como nuevo dirigente de Movimiento Ciudadano"},"content":{"rendered":"\n<p><strong><em>Jorge \u00c1lvarez M\u00e1ynez, fue designado como nuevo coordinador nacional de Movimiento Ciudadano, en relevo de Dante Delgado Rannauro.<\/em><\/strong><\/p>\n\n\n\n<p>El partido Movimiento Ciudadano eligi\u00f3 a Jorge \u00c1lvarez M\u00e1ynez&nbsp;como nuevo dirigente nacional, cargo que actualmente est\u00e1 bajo el mando del coordinador nacional, Dante Delgado, y el secretario general, Juan Zavala.<\/p>\n\n\n\n<blockquote class=\"twitter-tweet\"><p lang=\"es\" dir=\"ltr\">Ya est\u00e1 aqu\u00ed nuestro nuevo Coordinador Nacional, <a href=\"https:\/\/twitter.com\/AlvarezMaynez?ref_src=twsrc%5Etfw\">@AlvarezMaynez<\/a>. \ud83e\udde1 <br><br>Con <a href=\"https:\/\/twitter.com\/DanteDelgado?ref_src=twsrc%5Etfw\">@DanteDelgado<\/a> consolidamos nuestro Movimiento como la alternativa que M\u00e9xico necesita y hoy, junto a Jorge M\u00e1ynez, en Movimiento Ciudadano seguiremos siendo la fuerza que represente a miles de ni\u00f1as, ni\u00f1os\u2026 <a href=\"https:\/\/t.co\/nF5fvkIC7r\">pic.twitter.com\/nF5fvkIC7r<\/a><\/p>&mdash; Movimiento Ciudadano | Movimiento Naranja (@MovCiudadanoMX) <a href=\"https:\/\/twitter.com\/MovCiudadanoMX\/status\/1864793367340556555?ref_src=twsrc%5Etfw\">December 5, 2024<\/a><\/blockquote> <script async src=\"https:\/\/platform.twitter.com\/widgets.js\" charset=\"utf-8\"><\/script>\n\n\n\n<p>La Comisi\u00f3n Operativa Nacional adem\u00e1s estar\u00e1 conformada por la ex candidata al Senado por Nuevo Le\u00f3n, Martha Herrera; la senadora suplente, Julieta Mac\u00edas; la diputada local de Jalisco, M\u00f3nica Maga\u00f1a; la diputada federal, Laura Ballesteros; el coordinador de diputados locales en el Estado de M\u00e9xico, Juan Zepeda; el coordinador de diputados locales en la Ciudad de M\u00e9xico, Royfid Torres y el ex diputado federal, Braulio L\u00f3pez.<\/p>\n\n\n\n<p>Las y los delegados nacionales de Movimiento Ciudadano tambi\u00e9n eligieron a la ex candidata a la gubernatura de Morelos, Jessica Ortega como presidenta del Consejo Nacional.<\/p>\n\n\n\n<p>Tambi\u00e9n se eligi\u00f3 al diputado federal, Gustavo de Hoyos para la coordinaci\u00f3n de Vinculaci\u00f3n Empresarial y a la diputada federal, Paola Longoria como coordinadora nacional de Educaci\u00f3n Deportiva.<\/p>\n\n\n\n<p>La nueva dirigencia nacional fue electa por los consejeros nacionales, integrantes de la Comisi\u00f3n Operativa Nacional, de la Coordinadora Nacional, de la Comisi\u00f3n Permanente, coordinadores regionales, diputados federales y senadores, los coordinadores de autoridades municipales, los delegados estatales, las Mujeres y J\u00f3venes en Movimiento, as\u00ed como delegados de movimientos sociales.<\/p>\n","protected":false},"excerpt":{"rendered":"<p>Jorge \u00c1lvarez M\u00e1ynez, fue designado como nuevo coordinador nacional de Movimiento Ciudadano, en relevo de Dante Delgado Rannauro. El partido Movimiento Ciudadano eligi\u00f3 a Jorge \u00c1lvarez M\u00e1ynez&nbsp;como nuevo dirigente nacional, cargo que actualmente est\u00e1 bajo el mando del coordinador nacional, Dante Delgado, y el secretario general, Juan Zavala. Ya est\u00e1 aqu\u00ed nuestro nuevo Coordinador Nacional, [&hellip;]<\/p>\n","protected":false},"author":9,"featured_media":96887,"comment_status":"open","ping_status":"open","sticky":false,"template":"","format":"standard","meta":{"tdm_status":"","tdm_grid_status":"","footnotes":""},"categories":[39],"tags":[],"class_list":{"0":"post-96886","1":"post","2":"type-post","3":"status-publish","4":"format-standard","5":"has-post-thumbnail","7":"category-noticias-nacionales"},"yoast_head":"<!-- This site is optimized with the Yoast SEO plugin v27.5 - https:\/\/yoast.com\/product\/yoast-seo-wordpress\/ -->\n<title>\u00c1lvarez M\u00e1ynez es elegido como nuevo dirigente de Movimiento Ciudadano - Fuentes Fidedignas<\/title>\n<meta name=\"robots\" content=\"index, follow, max-snippet:-1, max-image-preview:large, max-video-preview:-1\" \/>\n<link rel=\"canonical\" href=\"https:\/\/fuentesfidedignas.com.mx\/index.php\/2024\/12\/05\/alvarez-maynez-es-elegido-como-nuevo-dirigente-de-movimiento-ciudadano\/\" \/>\n<meta property=\"og:locale\" content=\"es_MX\" \/>\n<meta property=\"og:type\" content=\"article\" \/>\n<meta property=\"og:title\" content=\"\u00c1lvarez M\u00e1ynez es elegido como nuevo dirigente de Movimiento Ciudadano - Fuentes Fidedignas\" \/>\n<meta property=\"og:description\" content=\"Jorge \u00c1lvarez M\u00e1ynez, fue designado como nuevo coordinador nacional de Movimiento Ciudadano, en relevo de Dante Delgado Rannauro. El partido Movimiento Ciudadano eligi\u00f3 a Jorge \u00c1lvarez M\u00e1ynez&nbsp;como nuevo dirigente nacional, cargo que actualmente est\u00e1 bajo el mando del coordinador nacional, Dante Delgado, y el secretario general, Juan Zavala. Ya est\u00e1 aqu\u00ed nuestro nuevo Coordinador Nacional, [&hellip;]\" \/>\n<meta property=\"og:url\" content=\"https:\/\/fuentesfidedignas.com.mx\/index.php\/2024\/12\/05\/alvarez-maynez-es-elegido-como-nuevo-dirigente-de-movimiento-ciudadano\/\" \/>\n<meta property=\"og:site_name\" content=\"Fuentes Fidedignas\" \/>\n<meta property=\"article:publisher\" content=\"https:\/\/www.facebook.com\/Fuentes-Fidedignas-368234489921644\" \/>\n<meta property=\"article:published_time\" content=\"2024-12-05T23:14:00+00:00\" \/>\n<meta property=\"article:modified_time\" content=\"2024-12-06T00:25:12+00:00\" \/>\n<meta property=\"og:image\" content=\"https:\/\/fuentesfidedignas.com.mx\/wp-content\/uploads\/2024\/12\/Maynez_MC.jpeg\" \/>\n\t<meta property=\"og:image:width\" content=\"600\" \/>\n\t<meta property=\"og:image:height\" content=\"450\" \/>\n\t<meta property=\"og:image:type\" content=\"image\/jpeg\" \/>\n<meta name=\"author\" content=\"Milenio\" \/>\n<meta name=\"twitter:card\" content=\"summary_large_image\" \/>\n<meta name=\"twitter:creator\" content=\"@fidedignas\" \/>\n<meta name=\"twitter:site\" content=\"@fidedignas\" \/>\n<meta name=\"twitter:label1\" content=\"Escrito por\" \/>\n\t<meta name=\"twitter:data1\" content=\"Milenio\" \/>\n\t<meta name=\"twitter:label2\" content=\"Tiempo de lectura\" \/>\n\t<meta name=\"twitter:data2\" content=\"2 minutos\" \/>\n<script type=\"application\/ld+json\" class=\"yoast-schema-graph\">{\"@context\":\"https:\\\/\\\/schema.org\",\"@graph\":[{\"@type\":\"Article\",\"@id\":\"https:\\\/\\\/fuentesfidedignas.com.mx\\\/index.php\\\/2024\\\/12\\\/05\\\/alvarez-maynez-es-elegido-como-nuevo-dirigente-de-movimiento-ciudadano\\\/#article\",\"isPartOf\":{\"@id\":\"https:\\\/\\\/fuentesfidedignas.com.mx\\\/index.php\\\/2024\\\/12\\\/05\\\/alvarez-maynez-es-elegido-como-nuevo-dirigente-de-movimiento-ciudadano\\\/\"},\"author\":{\"name\":\"Milenio\",\"@id\":\"https:\\\/\\\/fuentesfidedignas.com.mx\\\/#\\\/schema\\\/person\\\/47ec0135738f4b0c7495f06a77a2c976\"},\"headline\":\"\u00c1lvarez M\u00e1ynez es elegido como nuevo dirigente de Movimiento Ciudadano\",\"datePublished\":\"2024-12-05T23:14:00+00:00\",\"dateModified\":\"2024-12-06T00:25:12+00:00\",\"mainEntityOfPage\":{\"@id\":\"https:\\\/\\\/fuentesfidedignas.com.mx\\\/index.php\\\/2024\\\/12\\\/05\\\/alvarez-maynez-es-elegido-como-nuevo-dirigente-de-movimiento-ciudadano\\\/\"},\"wordCount\":306,\"commentCount\":0,\"publisher\":{\"@id\":\"https:\\\/\\\/fuentesfidedignas.com.mx\\\/#organization\"},\"image\":{\"@id\":\"https:\\\/\\\/fuentesfidedignas.com.mx\\\/index.php\\\/2024\\\/12\\\/05\\\/alvarez-maynez-es-elegido-como-nuevo-dirigente-de-movimiento-ciudadano\\\/#primaryimage\"},\"thumbnailUrl\":\"https:\\\/\\\/fuentesfidedignas.com.mx\\\/wp-content\\\/uploads\\\/2024\\\/12\\\/Maynez_MC.jpeg\",\"articleSection\":[\"NOTICIAS NACIONALES\"],\"inLanguage\":\"es\",\"potentialAction\":[{\"@type\":\"CommentAction\",\"name\":\"Comment\",\"target\":[\"https:\\\/\\\/fuentesfidedignas.com.mx\\\/index.php\\\/2024\\\/12\\\/05\\\/alvarez-maynez-es-elegido-como-nuevo-dirigente-de-movimiento-ciudadano\\\/#respond\"]}]},{\"@type\":\"WebPage\",\"@id\":\"https:\\\/\\\/fuentesfidedignas.com.mx\\\/index.php\\\/2024\\\/12\\\/05\\\/alvarez-maynez-es-elegido-como-nuevo-dirigente-de-movimiento-ciudadano\\\/\",\"url\":\"https:\\\/\\\/fuentesfidedignas.com.mx\\\/index.php\\\/2024\\\/12\\\/05\\\/alvarez-maynez-es-elegido-como-nuevo-dirigente-de-movimiento-ciudadano\\\/\",\"name\":\"\u00c1lvarez M\u00e1ynez es elegido como nuevo dirigente de Movimiento Ciudadano - Fuentes Fidedignas\",\"isPartOf\":{\"@id\":\"https:\\\/\\\/fuentesfidedignas.com.mx\\\/#website\"},\"primaryImageOfPage\":{\"@id\":\"https:\\\/\\\/fuentesfidedignas.com.mx\\\/index.php\\\/2024\\\/12\\\/05\\\/alvarez-maynez-es-elegido-como-nuevo-dirigente-de-movimiento-ciudadano\\\/#primaryimage\"},\"image\":{\"@id\":\"https:\\\/\\\/fuentesfidedignas.com.mx\\\/index.php\\\/2024\\\/12\\\/05\\\/alvarez-maynez-es-elegido-como-nuevo-dirigente-de-movimiento-ciudadano\\\/#primaryimage\"},\"thumbnailUrl\":\"https:\\\/\\\/fuentesfidedignas.com.mx\\\/wp-content\\\/uploads\\\/2024\\\/12\\\/Maynez_MC.jpeg\",\"datePublished\":\"2024-12-05T23:14:00+00:00\",\"dateModified\":\"2024-12-06T00:25:12+00:00\",\"breadcrumb\":{\"@id\":\"https:\\\/\\\/fuentesfidedignas.com.mx\\\/index.php\\\/2024\\\/12\\\/05\\\/alvarez-maynez-es-elegido-como-nuevo-dirigente-de-movimiento-ciudadano\\\/#breadcrumb\"},\"inLanguage\":\"es\",\"potentialAction\":[{\"@type\":\"ReadAction\",\"target\":[\"https:\\\/\\\/fuentesfidedignas.com.mx\\\/index.php\\\/2024\\\/12\\\/05\\\/alvarez-maynez-es-elegido-como-nuevo-dirigente-de-movimiento-ciudadano\\\/\"]}]},{\"@type\":\"ImageObject\",\"inLanguage\":\"es\",\"@id\":\"https:\\\/\\\/fuentesfidedignas.com.mx\\\/index.php\\\/2024\\\/12\\\/05\\\/alvarez-maynez-es-elegido-como-nuevo-dirigente-de-movimiento-ciudadano\\\/#primaryimage\",\"url\":\"https:\\\/\\\/fuentesfidedignas.com.mx\\\/wp-content\\\/uploads\\\/2024\\\/12\\\/Maynez_MC.jpeg\",\"contentUrl\":\"https:\\\/\\\/fuentesfidedignas.com.mx\\\/wp-content\\\/uploads\\\/2024\\\/12\\\/Maynez_MC.jpeg\",\"width\":600,\"height\":450},{\"@type\":\"BreadcrumbList\",\"@id\":\"https:\\\/\\\/fuentesfidedignas.com.mx\\\/index.php\\\/2024\\\/12\\\/05\\\/alvarez-maynez-es-elegido-como-nuevo-dirigente-de-movimiento-ciudadano\\\/#breadcrumb\",\"itemListElement\":[{\"@type\":\"ListItem\",\"position\":1,\"name\":\"Inicio\",\"item\":\"https:\\\/\\\/fuentesfidedignas.com.mx\\\/\"},{\"@type\":\"ListItem\",\"position\":2,\"name\":\"\u00c1lvarez M\u00e1ynez es elegido como nuevo dirigente de Movimiento Ciudadano\"}]},{\"@type\":\"WebSite\",\"@id\":\"https:\\\/\\\/fuentesfidedignas.com.mx\\\/#website\",\"url\":\"https:\\\/\\\/fuentesfidedignas.com.mx\\\/\",\"name\":\"Fuentes Fidedignas\",\"description\":\"Otro sitio realizado con WordPress\",\"publisher\":{\"@id\":\"https:\\\/\\\/fuentesfidedignas.com.mx\\\/#organization\"},\"potentialAction\":[{\"@type\":\"SearchAction\",\"target\":{\"@type\":\"EntryPoint\",\"urlTemplate\":\"https:\\\/\\\/fuentesfidedignas.com.mx\\\/?s={search_term_string}\"},\"query-input\":{\"@type\":\"PropertyValueSpecification\",\"valueRequired\":true,\"valueName\":\"search_term_string\"}}],\"inLanguage\":\"es\"},{\"@type\":\"Organization\",\"@id\":\"https:\\\/\\\/fuentesfidedignas.com.mx\\\/#organization\",\"name\":\"Fuentes Fidedignas\",\"url\":\"https:\\\/\\\/fuentesfidedignas.com.mx\\\/\",\"logo\":{\"@type\":\"ImageObject\",\"inLanguage\":\"es\",\"@id\":\"https:\\\/\\\/fuentesfidedignas.com.mx\\\/#\\\/schema\\\/logo\\\/image\\\/\",\"url\":\"https:\\\/\\\/fuentesfidedignas.com.mx\\\/wp-content\\\/uploads\\\/2021\\\/04\\\/logo-retina.png\",\"contentUrl\":\"https:\\\/\\\/fuentesfidedignas.com.mx\\\/wp-content\\\/uploads\\\/2021\\\/04\\\/logo-retina.png\",\"width\":280,\"height\":51,\"caption\":\"Fuentes Fidedignas\"},\"image\":{\"@id\":\"https:\\\/\\\/fuentesfidedignas.com.mx\\\/#\\\/schema\\\/logo\\\/image\\\/\"},\"sameAs\":[\"https:\\\/\\\/www.facebook.com\\\/Fuentes-Fidedignas-368234489921644\",\"https:\\\/\\\/x.com\\\/fidedignas\"]},{\"@type\":\"Person\",\"@id\":\"https:\\\/\\\/fuentesfidedignas.com.mx\\\/#\\\/schema\\\/person\\\/47ec0135738f4b0c7495f06a77a2c976\",\"name\":\"Milenio\",\"image\":{\"@type\":\"ImageObject\",\"inLanguage\":\"es\",\"@id\":\"https:\\\/\\\/secure.gravatar.com\\\/avatar\\\/acabf7b54753e51c2c76457954577c236b3b764789b19879565769739d1e4a75?s=96&d=mm&r=g\",\"url\":\"https:\\\/\\\/secure.gravatar.com\\\/avatar\\\/acabf7b54753e51c2c76457954577c236b3b764789b19879565769739d1e4a75?s=96&d=mm&r=g\",\"contentUrl\":\"https:\\\/\\\/secure.gravatar.com\\\/avatar\\\/acabf7b54753e51c2c76457954577c236b3b764789b19879565769739d1e4a75?s=96&d=mm&r=g\",\"caption\":\"Milenio\"},\"url\":\"https:\\\/\\\/fuentesfidedignas.com.mx\\\/index.php\\\/author\\\/milenio\\\/\"}]}<\/script>\n<!-- \/ Yoast SEO plugin. -->","yoast_head_json":{"title":"\u00c1lvarez M\u00e1ynez es elegido como nuevo dirigente de Movimiento Ciudadano - Fuentes Fidedignas","robots":{"index":"index","follow":"follow","max-snippet":"max-snippet:-1","max-image-preview":"max-image-preview:large","max-video-preview":"max-video-preview:-1"},"canonical":"https:\/\/fuentesfidedignas.com.mx\/index.php\/2024\/12\/05\/alvarez-maynez-es-elegido-como-nuevo-dirigente-de-movimiento-ciudadano\/","og_locale":"es_MX","og_type":"article","og_title":"\u00c1lvarez M\u00e1ynez es elegido como nuevo dirigente de Movimiento Ciudadano - Fuentes Fidedignas","og_description":"Jorge \u00c1lvarez M\u00e1ynez, fue designado como nuevo coordinador nacional de Movimiento Ciudadano, en relevo de Dante Delgado Rannauro. El partido Movimiento Ciudadano eligi\u00f3 a Jorge \u00c1lvarez M\u00e1ynez&nbsp;como nuevo dirigente nacional, cargo que actualmente est\u00e1 bajo el mando del coordinador nacional, Dante Delgado, y el secretario general, Juan Zavala. Ya est\u00e1 aqu\u00ed nuestro nuevo Coordinador Nacional, [&hellip;]","og_url":"https:\/\/fuentesfidedignas.com.mx\/index.php\/2024\/12\/05\/alvarez-maynez-es-elegido-como-nuevo-dirigente-de-movimiento-ciudadano\/","og_site_name":"Fuentes Fidedignas","article_publisher":"https:\/\/www.facebook.com\/Fuentes-Fidedignas-368234489921644","article_published_time":"2024-12-05T23:14:00+00:00","article_modified_time":"2024-12-06T00:25:12+00:00","og_image":[{"width":600,"height":450,"url":"https:\/\/fuentesfidedignas.com.mx\/wp-content\/uploads\/2024\/12\/Maynez_MC.jpeg","type":"image\/jpeg"}],"author":"Milenio","twitter_card":"summary_large_image","twitter_creator":"@fidedignas","twitter_site":"@fidedignas","twitter_misc":{"Escrito por":"Milenio","Tiempo de lectura":"2 minutos"},"schema":{"@context":"https:\/\/schema.org","@graph":[{"@type":"Article","@id":"https:\/\/fuentesfidedignas.com.mx\/index.php\/2024\/12\/05\/alvarez-maynez-es-elegido-como-nuevo-dirigente-de-movimiento-ciudadano\/#article","isPartOf":{"@id":"https:\/\/fuentesfidedignas.com.mx\/index.php\/2024\/12\/05\/alvarez-maynez-es-elegido-como-nuevo-dirigente-de-movimiento-ciudadano\/"},"author":{"name":"Milenio","@id":"https:\/\/fuentesfidedignas.com.mx\/#\/schema\/person\/47ec0135738f4b0c7495f06a77a2c976"},"headline":"\u00c1lvarez M\u00e1ynez es elegido como nuevo dirigente de Movimiento Ciudadano","datePublished":"2024-12-05T23:14:00+00:00","dateModified":"2024-12-06T00:25:12+00:00","mainEntityOfPage":{"@id":"https:\/\/fuentesfidedignas.com.mx\/index.php\/2024\/12\/05\/alvarez-maynez-es-elegido-como-nuevo-dirigente-de-movimiento-ciudadano\/"},"wordCount":306,"commentCount":0,"publisher":{"@id":"https:\/\/fuentesfidedignas.com.mx\/#organization"},"image":{"@id":"https:\/\/fuentesfidedignas.com.mx\/index.php\/2024\/12\/05\/alvarez-maynez-es-elegido-como-nuevo-dirigente-de-movimiento-ciudadano\/#primaryimage"},"thumbnailUrl":"https:\/\/fuentesfidedignas.com.mx\/wp-content\/uploads\/2024\/12\/Maynez_MC.jpeg","articleSection":["NOTICIAS NACIONALES"],"inLanguage":"es","potentialAction":[{"@type":"CommentAction","name":"Comment","target":["https:\/\/fuentesfidedignas.com.mx\/index.php\/2024\/12\/05\/alvarez-maynez-es-elegido-como-nuevo-dirigente-de-movimiento-ciudadano\/#respond"]}]},{"@type":"WebPage","@id":"https:\/\/fuentesfidedignas.com.mx\/index.php\/2024\/12\/05\/alvarez-maynez-es-elegido-como-nuevo-dirigente-de-movimiento-ciudadano\/","url":"https:\/\/fuentesfidedignas.com.mx\/index.php\/2024\/12\/05\/alvarez-maynez-es-elegido-como-nuevo-dirigente-de-movimiento-ciudadano\/","name":"\u00c1lvarez M\u00e1ynez es elegido como nuevo dirigente de Movimiento Ciudadano - Fuentes Fidedignas","isPartOf":{"@id":"https:\/\/fuentesfidedignas.com.mx\/#website"},"primaryImageOfPage":{"@id":"https:\/\/fuentesfidedignas.com.mx\/index.php\/2024\/12\/05\/alvarez-maynez-es-elegido-como-nuevo-dirigente-de-movimiento-ciudadano\/#primaryimage"},"image":{"@id":"https:\/\/fuentesfidedignas.com.mx\/index.php\/2024\/12\/05\/alvarez-maynez-es-elegido-como-nuevo-dirigente-de-movimiento-ciudadano\/#primaryimage"},"thumbnailUrl":"https:\/\/fuentesfidedignas.com.mx\/wp-content\/uploads\/2024\/12\/Maynez_MC.jpeg","datePublished":"2024-12-05T23:14:00+00:00","dateModified":"2024-12-06T00:25:12+00:00","breadcrumb":{"@id":"https:\/\/fuentesfidedignas.com.mx\/index.php\/2024\/12\/05\/alvarez-maynez-es-elegido-como-nuevo-dirigente-de-movimiento-ciudadano\/#breadcrumb"},"inLanguage":"es","potentialAction":[{"@type":"ReadAction","target":["https:\/\/fuentesfidedignas.com.mx\/index.php\/2024\/12\/05\/alvarez-maynez-es-elegido-como-nuevo-dirigente-de-movimiento-ciudadano\/"]}]},{"@type":"ImageObject","inLanguage":"es","@id":"https:\/\/fuentesfidedignas.com.mx\/index.php\/2024\/12\/05\/alvarez-maynez-es-elegido-como-nuevo-dirigente-de-movimiento-ciudadano\/#primaryimage","url":"https:\/\/fuentesfidedignas.com.mx\/wp-content\/uploads\/2024\/12\/Maynez_MC.jpeg","contentUrl":"https:\/\/fuentesfidedignas.com.mx\/wp-content\/uploads\/2024\/12\/Maynez_MC.jpeg","width":600,"height":450},{"@type":"BreadcrumbList","@id":"https:\/\/fuentesfidedignas.com.mx\/index.php\/2024\/12\/05\/alvarez-maynez-es-elegido-como-nuevo-dirigente-de-movimiento-ciudadano\/#breadcrumb","itemListElement":[{"@type":"ListItem","position":1,"name":"Inicio","item":"https:\/\/fuentesfidedignas.com.mx\/"},{"@type":"ListItem","position":2,"name":"\u00c1lvarez M\u00e1ynez es elegido como nuevo dirigente de Movimiento Ciudadano"}]},{"@type":"WebSite","@id":"https:\/\/fuentesfidedignas.com.mx\/#website","url":"https:\/\/fuentesfidedignas.com.mx\/","name":"Fuentes Fidedignas","description":"Otro sitio realizado con WordPress","publisher":{"@id":"https:\/\/fuentesfidedignas.com.mx\/#organization"},"potentialAction":[{"@type":"SearchAction","target":{"@type":"EntryPoint","urlTemplate":"https:\/\/fuentesfidedignas.com.mx\/?s={search_term_string}"},"query-input":{"@type":"PropertyValueSpecification","valueRequired":true,"valueName":"search_term_string"}}],"inLanguage":"es"},{"@type":"Organization","@id":"https:\/\/fuentesfidedignas.com.mx\/#organization","name":"Fuentes Fidedignas","url":"https:\/\/fuentesfidedignas.com.mx\/","logo":{"@type":"ImageObject","inLanguage":"es","@id":"https:\/\/fuentesfidedignas.com.mx\/#\/schema\/logo\/image\/","url":"https:\/\/fuentesfidedignas.com.mx\/wp-content\/uploads\/2021\/04\/logo-retina.png","contentUrl":"https:\/\/fuentesfidedignas.com.mx\/wp-content\/uploads\/2021\/04\/logo-retina.png","width":280,"height":51,"caption":"Fuentes Fidedignas"},"image":{"@id":"https:\/\/fuentesfidedignas.com.mx\/#\/schema\/logo\/image\/"},"sameAs":["https:\/\/www.facebook.com\/Fuentes-Fidedignas-368234489921644","https:\/\/x.com\/fidedignas"]},{"@type":"Person","@id":"https:\/\/fuentesfidedignas.com.mx\/#\/schema\/person\/47ec0135738f4b0c7495f06a77a2c976","name":"Milenio","image":{"@type":"ImageObject","inLanguage":"es","@id":"https:\/\/secure.gravatar.com\/avatar\/acabf7b54753e51c2c76457954577c236b3b764789b19879565769739d1e4a75?s=96&d=mm&r=g","url":"https:\/\/secure.gravatar.com\/avatar\/acabf7b54753e51c2c76457954577c236b3b764789b19879565769739d1e4a75?s=96&d=mm&r=g","contentUrl":"https:\/\/secure.gravatar.com\/avatar\/acabf7b54753e51c2c76457954577c236b3b764789b19879565769739d1e4a75?s=96&d=mm&r=g","caption":"Milenio"},"url":"https:\/\/fuentesfidedignas.com.mx\/index.php\/author\/milenio\/"}]}},"_links":{"self":[{"href":"https:\/\/fuentesfidedignas.com.mx\/index.php\/wp-json\/wp\/v2\/posts\/96886","targetHints":{"allow":["GET"]}}],"collection":[{"href":"https:\/\/fuentesfidedignas.com.mx\/index.php\/wp-json\/wp\/v2\/posts"}],"about":[{"href":"https:\/\/fuentesfidedignas.com.mx\/index.php\/wp-json\/wp\/v2\/types\/post"}],"author":[{"embeddable":true,"href":"https:\/\/fuentesfidedignas.com.mx\/index.php\/wp-json\/wp\/v2\/users\/9"}],"replies":[{"embeddable":true,"href":"https:\/\/fuentesfidedignas.com.mx\/index.php\/wp-json\/wp\/v2\/comments?post=96886"}],"version-history":[{"count":1,"href":"https:\/\/fuentesfidedignas.com.mx\/index.php\/wp-json\/wp\/v2\/posts\/96886\/revisions"}],"predecessor-version":[{"id":96888,"href":"https:\/\/fuentesfidedignas.com.mx\/index.php\/wp-json\/wp\/v2\/posts\/96886\/revisions\/96888"}],"wp:featuredmedia":[{"embeddable":true,"href":"https:\/\/fuentesfidedignas.com.mx\/index.php\/wp-json\/wp\/v2\/media\/96887"}],"wp:attachment":[{"href":"https:\/\/fuentesfidedignas.com.mx\/index.php\/wp-json\/wp\/v2\/media?parent=96886"}],"wp:term":[{"taxonomy":"category","embeddable":true,"href":"https:\/\/fuentesfidedignas.com.mx\/index.php\/wp-json\/wp\/v2\/categories?post=96886"},{"taxonomy":"post_tag","embeddable":true,"href":"https:\/\/fuentesfidedignas.com.mx\/index.php\/wp-json\/wp\/v2\/tags?post=96886"}],"curies":[{"name":"wp","href":"https:\/\/api.w.org\/{rel}","templated":true}]}}