{"id":96846,"date":"2024-12-05T07:22:39","date_gmt":"2024-12-05T14:22:39","guid":{"rendered":"https:\/\/fuentesfidedignas.com.mx\/?p=96846"},"modified":"2024-12-05T07:22:41","modified_gmt":"2024-12-05T14:22:41","slug":"matan-en-polanco-a-jesus-perez-alvear-exmanager-de-gerardo-ortiz","status":"publish","type":"post","link":"https:\/\/fuentesfidedignas.com.mx\/index.php\/2024\/12\/05\/matan-en-polanco-a-jesus-perez-alvear-exmanager-de-gerardo-ortiz\/","title":{"rendered":"Matan en Polanco a Jes\u00fas P\u00e9rez Alvear, exm\u00e1nager de Gerardo Ortiz"},"content":{"rendered":"\n<p><strong><em>Jes\u00fas P\u00e9rez Alvear era exm\u00e1nager del cantante de m\u00fasica regional mexicana Gerardo Ortiz y ten\u00eda presuntos nexos con el CJNG<\/em><\/strong><\/p>\n\n\n\n<p>El sujeto asesinado en un restaurante de la Plaza Miyana de Polanco, en la Ciudad de M\u00e9xico, fue identificado, de acuerdo con reportes, como Jes\u00fas P\u00e9rez Alvear.<\/p>\n\n\n\n<p>De acuerdo con el periodista Antonio Nieto, el sujeto era exm\u00e1nager del cantante de m\u00fasica regional mexicana Gerardo Ortiz.<\/p>\n\n\n\n<p>Adem\u00e1s, ten\u00eda presuntos nexos con el C\u00e1rtel Jalisco Nueva Generaci\u00f3n (CJNG) e incluso estar\u00eda relacionado con el atentado contra Omar Garc\u00eda Harfuch, perpetrado en 2020.<\/p>\n\n\n\n<blockquote class=\"twitter-tweet\"><p lang=\"es\" dir=\"ltr\">Asesinado en restaurante de <a href=\"https:\/\/twitter.com\/hashtag\/Polanco?src=hash&amp;ref_src=twsrc%5Etfw\">#Polanco<\/a> es Jes\u00fas P\u00e9rez Alvear, ex m\u00e1nager de Gerardo Ortiz:<br><br>Ten\u00eda nexos con CJNG. Hace menos de un mes aqu\u00ed revelamos que era objetivo de autoridades federales.<br><br>\u201cChucho P\u00e9rez\u201d est\u00e1 ligado tambi\u00e9n al atentado contra Omar Garc\u00eda Harfuch. <a href=\"https:\/\/t.co\/r3wz4bwn5I\">https:\/\/t.co\/r3wz4bwn5I<\/a> <a href=\"https:\/\/t.co\/iG5qChWYyu\">pic.twitter.com\/iG5qChWYyu<\/a><\/p>&mdash; Antonio Nieto (@siete_letras) <a href=\"https:\/\/twitter.com\/siete_letras\/status\/1864460613243502880?ref_src=twsrc%5Etfw\">December 5, 2024<\/a><\/blockquote> <script async src=\"https:\/\/platform.twitter.com\/widgets.js\" charset=\"utf-8\"><\/script>\n\n\n\n<p>La tarde de este mi\u00e9rcoles, sujetos armados irrumpieron en el restaurante El Baj\u00edo en Miyana y dispararon contra P\u00e9rez Alvear, quien muri\u00f3 a causa de las heridas de bala. Reportes se\u00f1alan que los agresores se hicieron pasar por repartidores de aplicaci\u00f3n, portando cascos de motociclista.<\/p>\n\n\n\n<blockquote class=\"twitter-tweet\"><p lang=\"es\" dir=\"ltr\">LO ABANDONARON SUS \u201cAMIGOS\u201d<br>Ah\u00ed qued\u00f3 el hombre asesinado en Miyana de Polanco.<br>Iba con 2 m\u00e1s, pero se fueron y lo dejaron as\u00ed.<br>La v\u00edctima llevaba tenis Christian Dior, cintur\u00f3n Carolina Herrera\u2026<br>Agentes de <a href=\"https:\/\/twitter.com\/SSC_CDMX?ref_src=twsrc%5Etfw\">@SSC_CDMX<\/a> ya buscan a los responsables.<br><br>Detalles <a href=\"https:\/\/twitter.com\/hashtag\/C4EnAlerta?src=hash&amp;ref_src=twsrc%5Etfw\">#C4EnAlerta<\/a> <a href=\"https:\/\/t.co\/yyD55lp2NP\">pic.twitter.com\/yyD55lp2NP<\/a><\/p>&mdash; Carlos Jim\u00e9nez (@c4jimenez) <a href=\"https:\/\/twitter.com\/c4jimenez\/status\/1864444576779358237?ref_src=twsrc%5Etfw\">December 4, 2024<\/a><\/blockquote> <script async src=\"https:\/\/platform.twitter.com\/widgets.js\" charset=\"utf-8\"><\/script>\n\n\n\n<p>El ataque armado desat\u00f3 una fuerte movilizaci\u00f3n policial. Las autoridades realizan distintas labores para intentar identificar a los responsables y a las personas que acompa\u00f1aban a la v\u00edctima, quienes abandonaron el sitio.<\/p>\n\n\n\n<figure class=\"wp-block-embed is-type-rich is-provider-twitter wp-block-embed-twitter\"><div class=\"wp-block-embed__wrapper\">\n<blockquote class=\"twitter-tweet\" data-width=\"550\" data-dnt=\"true\"><p lang=\"es\" dir=\"ltr\">REPORTAN DISPAROS en MIYANA de POLANCO; HAY UNA PERSONA MUERTA<br>Un hombre muri\u00f3 en el Restaurante Bajio de la plaza en <a href=\"https:\/\/twitter.com\/AlcaldiaMHmx?ref_src=twsrc%5Etfw\">@AlcaldiaMHmx<\/a><br>Testigos aseguran q se escucharon 8 disparos.<br>Agentes de <a href=\"https:\/\/twitter.com\/SSC_CDMX?ref_src=twsrc%5Etfw\">@SSC_CDMX<\/a> ya est\u00e1n en el punto indagando q pas\u00f3..<br><br>Detalles en <a href=\"https:\/\/twitter.com\/hashtag\/C4EnAlerta?src=hash&amp;ref_src=twsrc%5Etfw\">#C4EnAlerta<\/a> <a href=\"https:\/\/t.co\/6bMAcdqlil\">pic.twitter.com\/6bMAcdqlil<\/a><\/p>&mdash; Carlos Jim\u00e9nez (@c4jimenez) <a href=\"https:\/\/twitter.com\/c4jimenez\/status\/1864441279184073150?ref_src=twsrc%5Etfw\">December 4, 2024<\/a><\/blockquote><script async src=\"https:\/\/platform.twitter.com\/widgets.js\" charset=\"utf-8\"><\/script>\n<\/div><\/figure>\n","protected":false},"excerpt":{"rendered":"<p>Jes\u00fas P\u00e9rez Alvear era exm\u00e1nager del cantante de m\u00fasica regional mexicana Gerardo Ortiz y ten\u00eda presuntos nexos con el CJNG El sujeto asesinado en un restaurante de la Plaza Miyana de Polanco, en la Ciudad de M\u00e9xico, fue identificado, de acuerdo con reportes, como Jes\u00fas P\u00e9rez Alvear. De acuerdo con el periodista Antonio Nieto, el [&hellip;]<\/p>\n","protected":false},"author":47,"featured_media":96847,"comment_status":"open","ping_status":"open","sticky":false,"template":"","format":"standard","meta":{"tdm_status":"","tdm_grid_status":"","footnotes":""},"categories":[39],"tags":[],"class_list":{"0":"post-96846","1":"post","2":"type-post","3":"status-publish","4":"format-standard","5":"has-post-thumbnail","7":"category-noticias-nacionales"},"yoast_head":"<!-- This site is optimized with the Yoast SEO plugin v27.5 - https:\/\/yoast.com\/product\/yoast-seo-wordpress\/ -->\n<title>Matan en Polanco a Jes\u00fas P\u00e9rez Alvear, exm\u00e1nager de Gerardo Ortiz - Fuentes Fidedignas<\/title>\n<meta name=\"robots\" content=\"index, follow, max-snippet:-1, max-image-preview:large, max-video-preview:-1\" \/>\n<link rel=\"canonical\" href=\"https:\/\/fuentesfidedignas.com.mx\/index.php\/2024\/12\/05\/matan-en-polanco-a-jesus-perez-alvear-exmanager-de-gerardo-ortiz\/\" \/>\n<meta property=\"og:locale\" content=\"es_MX\" \/>\n<meta property=\"og:type\" content=\"article\" \/>\n<meta property=\"og:title\" content=\"Matan en Polanco a Jes\u00fas P\u00e9rez Alvear, exm\u00e1nager de Gerardo Ortiz - Fuentes Fidedignas\" \/>\n<meta property=\"og:description\" content=\"Jes\u00fas P\u00e9rez Alvear era exm\u00e1nager del cantante de m\u00fasica regional mexicana Gerardo Ortiz y ten\u00eda presuntos nexos con el CJNG El sujeto asesinado en un restaurante de la Plaza Miyana de Polanco, en la Ciudad de M\u00e9xico, fue identificado, de acuerdo con reportes, como Jes\u00fas P\u00e9rez Alvear. De acuerdo con el periodista Antonio Nieto, el [&hellip;]\" \/>\n<meta property=\"og:url\" content=\"https:\/\/fuentesfidedignas.com.mx\/index.php\/2024\/12\/05\/matan-en-polanco-a-jesus-perez-alvear-exmanager-de-gerardo-ortiz\/\" \/>\n<meta property=\"og:site_name\" content=\"Fuentes Fidedignas\" \/>\n<meta property=\"article:publisher\" content=\"https:\/\/www.facebook.com\/Fuentes-Fidedignas-368234489921644\" \/>\n<meta property=\"article:published_time\" content=\"2024-12-05T14:22:39+00:00\" \/>\n<meta property=\"article:modified_time\" content=\"2024-12-05T14:22:41+00:00\" \/>\n<meta property=\"og:image\" content=\"https:\/\/fuentesfidedignas.com.mx\/wp-content\/uploads\/2024\/12\/exmanager_gerardoOrtiz.jpg\" \/>\n\t<meta property=\"og:image:width\" content=\"600\" \/>\n\t<meta property=\"og:image:height\" content=\"371\" \/>\n\t<meta property=\"og:image:type\" content=\"image\/jpeg\" \/>\n<meta name=\"author\" content=\"L\u00f3pez D\u00f3riga\" \/>\n<meta name=\"twitter:card\" content=\"summary_large_image\" \/>\n<meta name=\"twitter:creator\" content=\"@fidedignas\" \/>\n<meta name=\"twitter:site\" content=\"@fidedignas\" \/>\n<meta name=\"twitter:label1\" content=\"Escrito por\" \/>\n\t<meta name=\"twitter:data1\" content=\"L\u00f3pez D\u00f3riga\" \/>\n\t<meta name=\"twitter:label2\" content=\"Tiempo de lectura\" \/>\n\t<meta name=\"twitter:data2\" content=\"1 minuto\" \/>\n<script type=\"application\/ld+json\" class=\"yoast-schema-graph\">{\"@context\":\"https:\\\/\\\/schema.org\",\"@graph\":[{\"@type\":\"Article\",\"@id\":\"https:\\\/\\\/fuentesfidedignas.com.mx\\\/index.php\\\/2024\\\/12\\\/05\\\/matan-en-polanco-a-jesus-perez-alvear-exmanager-de-gerardo-ortiz\\\/#article\",\"isPartOf\":{\"@id\":\"https:\\\/\\\/fuentesfidedignas.com.mx\\\/index.php\\\/2024\\\/12\\\/05\\\/matan-en-polanco-a-jesus-perez-alvear-exmanager-de-gerardo-ortiz\\\/\"},\"author\":{\"name\":\"L\u00f3pez D\u00f3riga\",\"@id\":\"https:\\\/\\\/fuentesfidedignas.com.mx\\\/#\\\/schema\\\/person\\\/67d852f0557c8509146a4b9ddebd543a\"},\"headline\":\"Matan en Polanco a Jes\u00fas P\u00e9rez Alvear, exm\u00e1nager de Gerardo Ortiz\",\"datePublished\":\"2024-12-05T14:22:39+00:00\",\"dateModified\":\"2024-12-05T14:22:41+00:00\",\"mainEntityOfPage\":{\"@id\":\"https:\\\/\\\/fuentesfidedignas.com.mx\\\/index.php\\\/2024\\\/12\\\/05\\\/matan-en-polanco-a-jesus-perez-alvear-exmanager-de-gerardo-ortiz\\\/\"},\"wordCount\":337,\"commentCount\":0,\"publisher\":{\"@id\":\"https:\\\/\\\/fuentesfidedignas.com.mx\\\/#organization\"},\"image\":{\"@id\":\"https:\\\/\\\/fuentesfidedignas.com.mx\\\/index.php\\\/2024\\\/12\\\/05\\\/matan-en-polanco-a-jesus-perez-alvear-exmanager-de-gerardo-ortiz\\\/#primaryimage\"},\"thumbnailUrl\":\"https:\\\/\\\/fuentesfidedignas.com.mx\\\/wp-content\\\/uploads\\\/2024\\\/12\\\/exmanager_gerardoOrtiz.jpg\",\"articleSection\":[\"NOTICIAS NACIONALES\"],\"inLanguage\":\"es\",\"potentialAction\":[{\"@type\":\"CommentAction\",\"name\":\"Comment\",\"target\":[\"https:\\\/\\\/fuentesfidedignas.com.mx\\\/index.php\\\/2024\\\/12\\\/05\\\/matan-en-polanco-a-jesus-perez-alvear-exmanager-de-gerardo-ortiz\\\/#respond\"]}]},{\"@type\":\"WebPage\",\"@id\":\"https:\\\/\\\/fuentesfidedignas.com.mx\\\/index.php\\\/2024\\\/12\\\/05\\\/matan-en-polanco-a-jesus-perez-alvear-exmanager-de-gerardo-ortiz\\\/\",\"url\":\"https:\\\/\\\/fuentesfidedignas.com.mx\\\/index.php\\\/2024\\\/12\\\/05\\\/matan-en-polanco-a-jesus-perez-alvear-exmanager-de-gerardo-ortiz\\\/\",\"name\":\"Matan en Polanco a Jes\u00fas P\u00e9rez Alvear, exm\u00e1nager de Gerardo Ortiz - Fuentes Fidedignas\",\"isPartOf\":{\"@id\":\"https:\\\/\\\/fuentesfidedignas.com.mx\\\/#website\"},\"primaryImageOfPage\":{\"@id\":\"https:\\\/\\\/fuentesfidedignas.com.mx\\\/index.php\\\/2024\\\/12\\\/05\\\/matan-en-polanco-a-jesus-perez-alvear-exmanager-de-gerardo-ortiz\\\/#primaryimage\"},\"image\":{\"@id\":\"https:\\\/\\\/fuentesfidedignas.com.mx\\\/index.php\\\/2024\\\/12\\\/05\\\/matan-en-polanco-a-jesus-perez-alvear-exmanager-de-gerardo-ortiz\\\/#primaryimage\"},\"thumbnailUrl\":\"https:\\\/\\\/fuentesfidedignas.com.mx\\\/wp-content\\\/uploads\\\/2024\\\/12\\\/exmanager_gerardoOrtiz.jpg\",\"datePublished\":\"2024-12-05T14:22:39+00:00\",\"dateModified\":\"2024-12-05T14:22:41+00:00\",\"breadcrumb\":{\"@id\":\"https:\\\/\\\/fuentesfidedignas.com.mx\\\/index.php\\\/2024\\\/12\\\/05\\\/matan-en-polanco-a-jesus-perez-alvear-exmanager-de-gerardo-ortiz\\\/#breadcrumb\"},\"inLanguage\":\"es\",\"potentialAction\":[{\"@type\":\"ReadAction\",\"target\":[\"https:\\\/\\\/fuentesfidedignas.com.mx\\\/index.php\\\/2024\\\/12\\\/05\\\/matan-en-polanco-a-jesus-perez-alvear-exmanager-de-gerardo-ortiz\\\/\"]}]},{\"@type\":\"ImageObject\",\"inLanguage\":\"es\",\"@id\":\"https:\\\/\\\/fuentesfidedignas.com.mx\\\/index.php\\\/2024\\\/12\\\/05\\\/matan-en-polanco-a-jesus-perez-alvear-exmanager-de-gerardo-ortiz\\\/#primaryimage\",\"url\":\"https:\\\/\\\/fuentesfidedignas.com.mx\\\/wp-content\\\/uploads\\\/2024\\\/12\\\/exmanager_gerardoOrtiz.jpg\",\"contentUrl\":\"https:\\\/\\\/fuentesfidedignas.com.mx\\\/wp-content\\\/uploads\\\/2024\\\/12\\\/exmanager_gerardoOrtiz.jpg\",\"width\":600,\"height\":371},{\"@type\":\"BreadcrumbList\",\"@id\":\"https:\\\/\\\/fuentesfidedignas.com.mx\\\/index.php\\\/2024\\\/12\\\/05\\\/matan-en-polanco-a-jesus-perez-alvear-exmanager-de-gerardo-ortiz\\\/#breadcrumb\",\"itemListElement\":[{\"@type\":\"ListItem\",\"position\":1,\"name\":\"Inicio\",\"item\":\"https:\\\/\\\/fuentesfidedignas.com.mx\\\/\"},{\"@type\":\"ListItem\",\"position\":2,\"name\":\"Matan en Polanco a Jes\u00fas P\u00e9rez Alvear, exm\u00e1nager de Gerardo Ortiz\"}]},{\"@type\":\"WebSite\",\"@id\":\"https:\\\/\\\/fuentesfidedignas.com.mx\\\/#website\",\"url\":\"https:\\\/\\\/fuentesfidedignas.com.mx\\\/\",\"name\":\"Fuentes Fidedignas\",\"description\":\"Otro sitio realizado con WordPress\",\"publisher\":{\"@id\":\"https:\\\/\\\/fuentesfidedignas.com.mx\\\/#organization\"},\"potentialAction\":[{\"@type\":\"SearchAction\",\"target\":{\"@type\":\"EntryPoint\",\"urlTemplate\":\"https:\\\/\\\/fuentesfidedignas.com.mx\\\/?s={search_term_string}\"},\"query-input\":{\"@type\":\"PropertyValueSpecification\",\"valueRequired\":true,\"valueName\":\"search_term_string\"}}],\"inLanguage\":\"es\"},{\"@type\":\"Organization\",\"@id\":\"https:\\\/\\\/fuentesfidedignas.com.mx\\\/#organization\",\"name\":\"Fuentes Fidedignas\",\"url\":\"https:\\\/\\\/fuentesfidedignas.com.mx\\\/\",\"logo\":{\"@type\":\"ImageObject\",\"inLanguage\":\"es\",\"@id\":\"https:\\\/\\\/fuentesfidedignas.com.mx\\\/#\\\/schema\\\/logo\\\/image\\\/\",\"url\":\"https:\\\/\\\/fuentesfidedignas.com.mx\\\/wp-content\\\/uploads\\\/2021\\\/04\\\/logo-retina.png\",\"contentUrl\":\"https:\\\/\\\/fuentesfidedignas.com.mx\\\/wp-content\\\/uploads\\\/2021\\\/04\\\/logo-retina.png\",\"width\":280,\"height\":51,\"caption\":\"Fuentes Fidedignas\"},\"image\":{\"@id\":\"https:\\\/\\\/fuentesfidedignas.com.mx\\\/#\\\/schema\\\/logo\\\/image\\\/\"},\"sameAs\":[\"https:\\\/\\\/www.facebook.com\\\/Fuentes-Fidedignas-368234489921644\",\"https:\\\/\\\/x.com\\\/fidedignas\"]},{\"@type\":\"Person\",\"@id\":\"https:\\\/\\\/fuentesfidedignas.com.mx\\\/#\\\/schema\\\/person\\\/67d852f0557c8509146a4b9ddebd543a\",\"name\":\"L\u00f3pez D\u00f3riga\",\"image\":{\"@type\":\"ImageObject\",\"inLanguage\":\"es\",\"@id\":\"https:\\\/\\\/secure.gravatar.com\\\/avatar\\\/e525b06574ca18b33cded59dfe5778d6c823b9513154eff47da551b0551bdd1e?s=96&d=mm&r=g\",\"url\":\"https:\\\/\\\/secure.gravatar.com\\\/avatar\\\/e525b06574ca18b33cded59dfe5778d6c823b9513154eff47da551b0551bdd1e?s=96&d=mm&r=g\",\"contentUrl\":\"https:\\\/\\\/secure.gravatar.com\\\/avatar\\\/e525b06574ca18b33cded59dfe5778d6c823b9513154eff47da551b0551bdd1e?s=96&d=mm&r=g\",\"caption\":\"L\u00f3pez D\u00f3riga\"},\"url\":\"https:\\\/\\\/fuentesfidedignas.com.mx\\\/index.php\\\/author\\\/doriga\\\/\"}]}<\/script>\n<!-- \/ Yoast SEO plugin. -->","yoast_head_json":{"title":"Matan en Polanco a Jes\u00fas P\u00e9rez Alvear, exm\u00e1nager de Gerardo Ortiz - Fuentes Fidedignas","robots":{"index":"index","follow":"follow","max-snippet":"max-snippet:-1","max-image-preview":"max-image-preview:large","max-video-preview":"max-video-preview:-1"},"canonical":"https:\/\/fuentesfidedignas.com.mx\/index.php\/2024\/12\/05\/matan-en-polanco-a-jesus-perez-alvear-exmanager-de-gerardo-ortiz\/","og_locale":"es_MX","og_type":"article","og_title":"Matan en Polanco a Jes\u00fas P\u00e9rez Alvear, exm\u00e1nager de Gerardo Ortiz - Fuentes Fidedignas","og_description":"Jes\u00fas P\u00e9rez Alvear era exm\u00e1nager del cantante de m\u00fasica regional mexicana Gerardo Ortiz y ten\u00eda presuntos nexos con el CJNG El sujeto asesinado en un restaurante de la Plaza Miyana de Polanco, en la Ciudad de M\u00e9xico, fue identificado, de acuerdo con reportes, como Jes\u00fas P\u00e9rez Alvear. De acuerdo con el periodista Antonio Nieto, el [&hellip;]","og_url":"https:\/\/fuentesfidedignas.com.mx\/index.php\/2024\/12\/05\/matan-en-polanco-a-jesus-perez-alvear-exmanager-de-gerardo-ortiz\/","og_site_name":"Fuentes Fidedignas","article_publisher":"https:\/\/www.facebook.com\/Fuentes-Fidedignas-368234489921644","article_published_time":"2024-12-05T14:22:39+00:00","article_modified_time":"2024-12-05T14:22:41+00:00","og_image":[{"width":600,"height":371,"url":"https:\/\/fuentesfidedignas.com.mx\/wp-content\/uploads\/2024\/12\/exmanager_gerardoOrtiz.jpg","type":"image\/jpeg"}],"author":"L\u00f3pez D\u00f3riga","twitter_card":"summary_large_image","twitter_creator":"@fidedignas","twitter_site":"@fidedignas","twitter_misc":{"Escrito por":"L\u00f3pez D\u00f3riga","Tiempo de lectura":"1 minuto"},"schema":{"@context":"https:\/\/schema.org","@graph":[{"@type":"Article","@id":"https:\/\/fuentesfidedignas.com.mx\/index.php\/2024\/12\/05\/matan-en-polanco-a-jesus-perez-alvear-exmanager-de-gerardo-ortiz\/#article","isPartOf":{"@id":"https:\/\/fuentesfidedignas.com.mx\/index.php\/2024\/12\/05\/matan-en-polanco-a-jesus-perez-alvear-exmanager-de-gerardo-ortiz\/"},"author":{"name":"L\u00f3pez D\u00f3riga","@id":"https:\/\/fuentesfidedignas.com.mx\/#\/schema\/person\/67d852f0557c8509146a4b9ddebd543a"},"headline":"Matan en Polanco a Jes\u00fas P\u00e9rez Alvear, exm\u00e1nager de Gerardo Ortiz","datePublished":"2024-12-05T14:22:39+00:00","dateModified":"2024-12-05T14:22:41+00:00","mainEntityOfPage":{"@id":"https:\/\/fuentesfidedignas.com.mx\/index.php\/2024\/12\/05\/matan-en-polanco-a-jesus-perez-alvear-exmanager-de-gerardo-ortiz\/"},"wordCount":337,"commentCount":0,"publisher":{"@id":"https:\/\/fuentesfidedignas.com.mx\/#organization"},"image":{"@id":"https:\/\/fuentesfidedignas.com.mx\/index.php\/2024\/12\/05\/matan-en-polanco-a-jesus-perez-alvear-exmanager-de-gerardo-ortiz\/#primaryimage"},"thumbnailUrl":"https:\/\/fuentesfidedignas.com.mx\/wp-content\/uploads\/2024\/12\/exmanager_gerardoOrtiz.jpg","articleSection":["NOTICIAS NACIONALES"],"inLanguage":"es","potentialAction":[{"@type":"CommentAction","name":"Comment","target":["https:\/\/fuentesfidedignas.com.mx\/index.php\/2024\/12\/05\/matan-en-polanco-a-jesus-perez-alvear-exmanager-de-gerardo-ortiz\/#respond"]}]},{"@type":"WebPage","@id":"https:\/\/fuentesfidedignas.com.mx\/index.php\/2024\/12\/05\/matan-en-polanco-a-jesus-perez-alvear-exmanager-de-gerardo-ortiz\/","url":"https:\/\/fuentesfidedignas.com.mx\/index.php\/2024\/12\/05\/matan-en-polanco-a-jesus-perez-alvear-exmanager-de-gerardo-ortiz\/","name":"Matan en Polanco a Jes\u00fas P\u00e9rez Alvear, exm\u00e1nager de Gerardo Ortiz - Fuentes Fidedignas","isPartOf":{"@id":"https:\/\/fuentesfidedignas.com.mx\/#website"},"primaryImageOfPage":{"@id":"https:\/\/fuentesfidedignas.com.mx\/index.php\/2024\/12\/05\/matan-en-polanco-a-jesus-perez-alvear-exmanager-de-gerardo-ortiz\/#primaryimage"},"image":{"@id":"https:\/\/fuentesfidedignas.com.mx\/index.php\/2024\/12\/05\/matan-en-polanco-a-jesus-perez-alvear-exmanager-de-gerardo-ortiz\/#primaryimage"},"thumbnailUrl":"https:\/\/fuentesfidedignas.com.mx\/wp-content\/uploads\/2024\/12\/exmanager_gerardoOrtiz.jpg","datePublished":"2024-12-05T14:22:39+00:00","dateModified":"2024-12-05T14:22:41+00:00","breadcrumb":{"@id":"https:\/\/fuentesfidedignas.com.mx\/index.php\/2024\/12\/05\/matan-en-polanco-a-jesus-perez-alvear-exmanager-de-gerardo-ortiz\/#breadcrumb"},"inLanguage":"es","potentialAction":[{"@type":"ReadAction","target":["https:\/\/fuentesfidedignas.com.mx\/index.php\/2024\/12\/05\/matan-en-polanco-a-jesus-perez-alvear-exmanager-de-gerardo-ortiz\/"]}]},{"@type":"ImageObject","inLanguage":"es","@id":"https:\/\/fuentesfidedignas.com.mx\/index.php\/2024\/12\/05\/matan-en-polanco-a-jesus-perez-alvear-exmanager-de-gerardo-ortiz\/#primaryimage","url":"https:\/\/fuentesfidedignas.com.mx\/wp-content\/uploads\/2024\/12\/exmanager_gerardoOrtiz.jpg","contentUrl":"https:\/\/fuentesfidedignas.com.mx\/wp-content\/uploads\/2024\/12\/exmanager_gerardoOrtiz.jpg","width":600,"height":371},{"@type":"BreadcrumbList","@id":"https:\/\/fuentesfidedignas.com.mx\/index.php\/2024\/12\/05\/matan-en-polanco-a-jesus-perez-alvear-exmanager-de-gerardo-ortiz\/#breadcrumb","itemListElement":[{"@type":"ListItem","position":1,"name":"Inicio","item":"https:\/\/fuentesfidedignas.com.mx\/"},{"@type":"ListItem","position":2,"name":"Matan en Polanco a Jes\u00fas P\u00e9rez Alvear, exm\u00e1nager de Gerardo Ortiz"}]},{"@type":"WebSite","@id":"https:\/\/fuentesfidedignas.com.mx\/#website","url":"https:\/\/fuentesfidedignas.com.mx\/","name":"Fuentes Fidedignas","description":"Otro sitio realizado con WordPress","publisher":{"@id":"https:\/\/fuentesfidedignas.com.mx\/#organization"},"potentialAction":[{"@type":"SearchAction","target":{"@type":"EntryPoint","urlTemplate":"https:\/\/fuentesfidedignas.com.mx\/?s={search_term_string}"},"query-input":{"@type":"PropertyValueSpecification","valueRequired":true,"valueName":"search_term_string"}}],"inLanguage":"es"},{"@type":"Organization","@id":"https:\/\/fuentesfidedignas.com.mx\/#organization","name":"Fuentes Fidedignas","url":"https:\/\/fuentesfidedignas.com.mx\/","logo":{"@type":"ImageObject","inLanguage":"es","@id":"https:\/\/fuentesfidedignas.com.mx\/#\/schema\/logo\/image\/","url":"https:\/\/fuentesfidedignas.com.mx\/wp-content\/uploads\/2021\/04\/logo-retina.png","contentUrl":"https:\/\/fuentesfidedignas.com.mx\/wp-content\/uploads\/2021\/04\/logo-retina.png","width":280,"height":51,"caption":"Fuentes Fidedignas"},"image":{"@id":"https:\/\/fuentesfidedignas.com.mx\/#\/schema\/logo\/image\/"},"sameAs":["https:\/\/www.facebook.com\/Fuentes-Fidedignas-368234489921644","https:\/\/x.com\/fidedignas"]},{"@type":"Person","@id":"https:\/\/fuentesfidedignas.com.mx\/#\/schema\/person\/67d852f0557c8509146a4b9ddebd543a","name":"L\u00f3pez D\u00f3riga","image":{"@type":"ImageObject","inLanguage":"es","@id":"https:\/\/secure.gravatar.com\/avatar\/e525b06574ca18b33cded59dfe5778d6c823b9513154eff47da551b0551bdd1e?s=96&d=mm&r=g","url":"https:\/\/secure.gravatar.com\/avatar\/e525b06574ca18b33cded59dfe5778d6c823b9513154eff47da551b0551bdd1e?s=96&d=mm&r=g","contentUrl":"https:\/\/secure.gravatar.com\/avatar\/e525b06574ca18b33cded59dfe5778d6c823b9513154eff47da551b0551bdd1e?s=96&d=mm&r=g","caption":"L\u00f3pez D\u00f3riga"},"url":"https:\/\/fuentesfidedignas.com.mx\/index.php\/author\/doriga\/"}]}},"_links":{"self":[{"href":"https:\/\/fuentesfidedignas.com.mx\/index.php\/wp-json\/wp\/v2\/posts\/96846","targetHints":{"allow":["GET"]}}],"collection":[{"href":"https:\/\/fuentesfidedignas.com.mx\/index.php\/wp-json\/wp\/v2\/posts"}],"about":[{"href":"https:\/\/fuentesfidedignas.com.mx\/index.php\/wp-json\/wp\/v2\/types\/post"}],"author":[{"embeddable":true,"href":"https:\/\/fuentesfidedignas.com.mx\/index.php\/wp-json\/wp\/v2\/users\/47"}],"replies":[{"embeddable":true,"href":"https:\/\/fuentesfidedignas.com.mx\/index.php\/wp-json\/wp\/v2\/comments?post=96846"}],"version-history":[{"count":1,"href":"https:\/\/fuentesfidedignas.com.mx\/index.php\/wp-json\/wp\/v2\/posts\/96846\/revisions"}],"predecessor-version":[{"id":96848,"href":"https:\/\/fuentesfidedignas.com.mx\/index.php\/wp-json\/wp\/v2\/posts\/96846\/revisions\/96848"}],"wp:featuredmedia":[{"embeddable":true,"href":"https:\/\/fuentesfidedignas.com.mx\/index.php\/wp-json\/wp\/v2\/media\/96847"}],"wp:attachment":[{"href":"https:\/\/fuentesfidedignas.com.mx\/index.php\/wp-json\/wp\/v2\/media?parent=96846"}],"wp:term":[{"taxonomy":"category","embeddable":true,"href":"https:\/\/fuentesfidedignas.com.mx\/index.php\/wp-json\/wp\/v2\/categories?post=96846"},{"taxonomy":"post_tag","embeddable":true,"href":"https:\/\/fuentesfidedignas.com.mx\/index.php\/wp-json\/wp\/v2\/tags?post=96846"}],"curies":[{"name":"wp","href":"https:\/\/api.w.org\/{rel}","templated":true}]}}