{"id":96812,"date":"2024-12-04T16:49:45","date_gmt":"2024-12-04T23:49:45","guid":{"rendered":"https:\/\/fuentesfidedignas.com.mx\/?p=96812"},"modified":"2024-12-04T16:49:48","modified_gmt":"2024-12-04T23:49:48","slug":"salinas-de-gortari-reaparece-en-un-podcast-y-se-declara-desempleado","status":"publish","type":"post","link":"https:\/\/fuentesfidedignas.com.mx\/index.php\/2024\/12\/04\/salinas-de-gortari-reaparece-en-un-podcast-y-se-declara-desempleado\/","title":{"rendered":"Salinas de Gortari reaparece en un podcast y se declara \u201cdesempleado\u201d"},"content":{"rendered":"\n<p><strong><em>El expresidente Carlos Salinas de Gortari reapareci\u00f3 en el podcast de la revista Nexos denominado \u2018La Invenci\u00f3n de Am\u00e9rica del Norte\u2019<\/em><\/strong><\/p>\n\n\n\n<p>Carlos Salinas de Gortari, expresidente de M\u00e9xico (1988-1994), reapareci\u00f3 en un podcast en donde dijo que est\u00e1 desempleado.<\/p>\n\n\n\n<figure class=\"wp-block-embed is-type-video is-provider-youtube wp-block-embed-youtube wp-embed-aspect-16-9 wp-has-aspect-ratio\"><div class=\"wp-block-embed__wrapper\">\n<iframe loading=\"lazy\" title=\"Ep. 1: &quot;Cambiar Para Permanecer&quot;\" width=\"696\" height=\"392\" src=\"https:\/\/www.youtube.com\/embed\/YbDElXEM1OE?feature=oembed\" frameborder=\"0\" allow=\"accelerometer; autoplay; clipboard-write; encrypted-media; gyroscope; picture-in-picture; web-share\" referrerpolicy=\"strict-origin-when-cross-origin\" allowfullscreen><\/iframe>\n<\/div><\/figure>\n\n\n\n<p>En el podcast \u2018La Invenci\u00f3n de Am\u00e9rica del Norte\u2018, producido por la Revista Nexos, el exmandatario mexicano apunt\u00f3 que ya no recibe su pensi\u00f3n debido a que \u201calguien\u201d le quit\u00f3 dicha prestaci\u00f3n, en referencia al tambi\u00e9n expresidente Andr\u00e9s Manuel L\u00f3pez Obrador.<\/p>\n\n\n\n<p>Me llam\u00f3 Carlos Salinas de Gortari soy desempleado porque pensionado ya no, ahora que alguien nos quit\u00f3 las pensiones\u201d, dijo.<\/p>\n\n\n\n<p>\u201cMe dedico a la investigaci\u00f3n y reflexi\u00f3n sobre temas hist\u00f3ricos\u201d, puntualiz\u00f3 en su intervenci\u00f3n.<\/p>\n\n\n\n<p>Salinas de Gortari record\u00f3 en dicho podcast c\u00f3mo fue la negociaci\u00f3n del Tratado de Libre Comercio de Am\u00e9rica del Norte (TLCAN), que entr\u00f3 en vigor el 1 de enero de 1994.<\/p>\n\n\n\n<p>\u201cDimos el paso para negociar el Tratado de Libre Comercio y hubieron voces con v\u00e1lida preocupaci\u00f3n que dijeron \u2018oigan, esto es vincularnos mucho con lo de fuera\u2019, pero de fuera ven\u00edamos y lo que hemos hecho grandioso los mexicanos es lograr asimilar esa informaci\u00f3n absorbida por diversas corrientes\u201d, destac\u00f3.<\/p>\n\n\n\n<p>\u201cFue algo que sorprendi\u00f3 a muchos pa\u00edses del mundo, que un pa\u00eds de los que se llamaban \u2018en v\u00edas de desarrollo\u2019 o del llamado \u2018tercer mundo\u2019 decidiera vincularse a la econom\u00eda m\u00e1s grande del mundo que adem\u00e1s resultaba ser su vecino inevitable\u201d, indic\u00f3.<\/p>\n\n\n\n<p>El expresidemte mexicano recalc\u00f3 que el actual T-MEC, firmado en 2018, es \u201cel producto de un esfuerzo colectivo\u201d.<\/p>\n\n\n\n<p>Tambi\u00e9n habl\u00f3 sobre su gobierno y el mote de \u201cneoliberales\u201d, donde dej\u00f3 dej\u00f3 en claro que tanto \u00e9l como su equipo de Gobierno eran \u201cpragm\u00e1ticos\u201d gui\u00e1ndose por los principios del llamado \u201cliberalismo social\u201d.<\/p>\n\n\n\n<p>\u201cPero ten\u00edamos valores, principios, una filosof\u00eda que es servir a la gente, predicar con el trabajo y abrazar la libertad y la justicia\u201d, puntualiz\u00f3.<\/p>\n","protected":false},"excerpt":{"rendered":"<p>El expresidente Carlos Salinas de Gortari reapareci\u00f3 en el podcast de la revista Nexos denominado \u2018La Invenci\u00f3n de Am\u00e9rica del Norte\u2019 Carlos Salinas de Gortari, expresidente de M\u00e9xico (1988-1994), reapareci\u00f3 en un podcast en donde dijo que est\u00e1 desempleado. En el podcast \u2018La Invenci\u00f3n de Am\u00e9rica del Norte\u2018, producido por la Revista Nexos, el exmandatario [&hellip;]<\/p>\n","protected":false},"author":47,"featured_media":96813,"comment_status":"open","ping_status":"open","sticky":false,"template":"","format":"standard","meta":{"tdm_status":"","tdm_grid_status":"","footnotes":""},"categories":[39],"tags":[],"class_list":{"0":"post-96812","1":"post","2":"type-post","3":"status-publish","4":"format-standard","5":"has-post-thumbnail","7":"category-noticias-nacionales"},"yoast_head":"<!-- This site is optimized with the Yoast SEO plugin v27.5 - https:\/\/yoast.com\/product\/yoast-seo-wordpress\/ -->\n<title>Salinas de Gortari reaparece en un podcast y se declara \u201cdesempleado\u201d - Fuentes Fidedignas<\/title>\n<meta name=\"robots\" content=\"index, follow, max-snippet:-1, max-image-preview:large, max-video-preview:-1\" \/>\n<link rel=\"canonical\" href=\"https:\/\/fuentesfidedignas.com.mx\/index.php\/2024\/12\/04\/salinas-de-gortari-reaparece-en-un-podcast-y-se-declara-desempleado\/\" \/>\n<meta property=\"og:locale\" content=\"es_MX\" \/>\n<meta property=\"og:type\" content=\"article\" \/>\n<meta property=\"og:title\" content=\"Salinas de Gortari reaparece en un podcast y se declara \u201cdesempleado\u201d - Fuentes Fidedignas\" \/>\n<meta property=\"og:description\" content=\"El expresidente Carlos Salinas de Gortari reapareci\u00f3 en el podcast de la revista Nexos denominado \u2018La Invenci\u00f3n de Am\u00e9rica del Norte\u2019 Carlos Salinas de Gortari, expresidente de M\u00e9xico (1988-1994), reapareci\u00f3 en un podcast en donde dijo que est\u00e1 desempleado. En el podcast \u2018La Invenci\u00f3n de Am\u00e9rica del Norte\u2018, producido por la Revista Nexos, el exmandatario [&hellip;]\" \/>\n<meta property=\"og:url\" content=\"https:\/\/fuentesfidedignas.com.mx\/index.php\/2024\/12\/04\/salinas-de-gortari-reaparece-en-un-podcast-y-se-declara-desempleado\/\" \/>\n<meta property=\"og:site_name\" content=\"Fuentes Fidedignas\" \/>\n<meta property=\"article:publisher\" content=\"https:\/\/www.facebook.com\/Fuentes-Fidedignas-368234489921644\" \/>\n<meta property=\"article:published_time\" content=\"2024-12-04T23:49:45+00:00\" \/>\n<meta property=\"article:modified_time\" content=\"2024-12-04T23:49:48+00:00\" \/>\n<meta property=\"og:image\" content=\"https:\/\/fuentesfidedignas.com.mx\/wp-content\/uploads\/2024\/12\/carlos-salinas-de-gortari.jpg\" \/>\n\t<meta property=\"og:image:width\" content=\"600\" \/>\n\t<meta property=\"og:image:height\" content=\"400\" \/>\n\t<meta property=\"og:image:type\" content=\"image\/jpeg\" \/>\n<meta name=\"author\" content=\"L\u00f3pez D\u00f3riga\" \/>\n<meta name=\"twitter:card\" content=\"summary_large_image\" \/>\n<meta name=\"twitter:creator\" content=\"@fidedignas\" \/>\n<meta name=\"twitter:site\" content=\"@fidedignas\" \/>\n<meta name=\"twitter:label1\" content=\"Escrito por\" \/>\n\t<meta name=\"twitter:data1\" content=\"L\u00f3pez D\u00f3riga\" \/>\n\t<meta name=\"twitter:label2\" content=\"Tiempo de lectura\" \/>\n\t<meta name=\"twitter:data2\" content=\"2 minutos\" \/>\n<script type=\"application\/ld+json\" class=\"yoast-schema-graph\">{\"@context\":\"https:\\\/\\\/schema.org\",\"@graph\":[{\"@type\":\"Article\",\"@id\":\"https:\\\/\\\/fuentesfidedignas.com.mx\\\/index.php\\\/2024\\\/12\\\/04\\\/salinas-de-gortari-reaparece-en-un-podcast-y-se-declara-desempleado\\\/#article\",\"isPartOf\":{\"@id\":\"https:\\\/\\\/fuentesfidedignas.com.mx\\\/index.php\\\/2024\\\/12\\\/04\\\/salinas-de-gortari-reaparece-en-un-podcast-y-se-declara-desempleado\\\/\"},\"author\":{\"name\":\"L\u00f3pez D\u00f3riga\",\"@id\":\"https:\\\/\\\/fuentesfidedignas.com.mx\\\/#\\\/schema\\\/person\\\/67d852f0557c8509146a4b9ddebd543a\"},\"headline\":\"Salinas de Gortari reaparece en un podcast y se declara \u201cdesempleado\u201d\",\"datePublished\":\"2024-12-04T23:49:45+00:00\",\"dateModified\":\"2024-12-04T23:49:48+00:00\",\"mainEntityOfPage\":{\"@id\":\"https:\\\/\\\/fuentesfidedignas.com.mx\\\/index.php\\\/2024\\\/12\\\/04\\\/salinas-de-gortari-reaparece-en-un-podcast-y-se-declara-desempleado\\\/\"},\"wordCount\":357,\"commentCount\":0,\"publisher\":{\"@id\":\"https:\\\/\\\/fuentesfidedignas.com.mx\\\/#organization\"},\"image\":{\"@id\":\"https:\\\/\\\/fuentesfidedignas.com.mx\\\/index.php\\\/2024\\\/12\\\/04\\\/salinas-de-gortari-reaparece-en-un-podcast-y-se-declara-desempleado\\\/#primaryimage\"},\"thumbnailUrl\":\"https:\\\/\\\/fuentesfidedignas.com.mx\\\/wp-content\\\/uploads\\\/2024\\\/12\\\/carlos-salinas-de-gortari.jpg\",\"articleSection\":[\"NOTICIAS NACIONALES\"],\"inLanguage\":\"es\",\"potentialAction\":[{\"@type\":\"CommentAction\",\"name\":\"Comment\",\"target\":[\"https:\\\/\\\/fuentesfidedignas.com.mx\\\/index.php\\\/2024\\\/12\\\/04\\\/salinas-de-gortari-reaparece-en-un-podcast-y-se-declara-desempleado\\\/#respond\"]}]},{\"@type\":\"WebPage\",\"@id\":\"https:\\\/\\\/fuentesfidedignas.com.mx\\\/index.php\\\/2024\\\/12\\\/04\\\/salinas-de-gortari-reaparece-en-un-podcast-y-se-declara-desempleado\\\/\",\"url\":\"https:\\\/\\\/fuentesfidedignas.com.mx\\\/index.php\\\/2024\\\/12\\\/04\\\/salinas-de-gortari-reaparece-en-un-podcast-y-se-declara-desempleado\\\/\",\"name\":\"Salinas de Gortari reaparece en un podcast y se declara \u201cdesempleado\u201d - Fuentes Fidedignas\",\"isPartOf\":{\"@id\":\"https:\\\/\\\/fuentesfidedignas.com.mx\\\/#website\"},\"primaryImageOfPage\":{\"@id\":\"https:\\\/\\\/fuentesfidedignas.com.mx\\\/index.php\\\/2024\\\/12\\\/04\\\/salinas-de-gortari-reaparece-en-un-podcast-y-se-declara-desempleado\\\/#primaryimage\"},\"image\":{\"@id\":\"https:\\\/\\\/fuentesfidedignas.com.mx\\\/index.php\\\/2024\\\/12\\\/04\\\/salinas-de-gortari-reaparece-en-un-podcast-y-se-declara-desempleado\\\/#primaryimage\"},\"thumbnailUrl\":\"https:\\\/\\\/fuentesfidedignas.com.mx\\\/wp-content\\\/uploads\\\/2024\\\/12\\\/carlos-salinas-de-gortari.jpg\",\"datePublished\":\"2024-12-04T23:49:45+00:00\",\"dateModified\":\"2024-12-04T23:49:48+00:00\",\"breadcrumb\":{\"@id\":\"https:\\\/\\\/fuentesfidedignas.com.mx\\\/index.php\\\/2024\\\/12\\\/04\\\/salinas-de-gortari-reaparece-en-un-podcast-y-se-declara-desempleado\\\/#breadcrumb\"},\"inLanguage\":\"es\",\"potentialAction\":[{\"@type\":\"ReadAction\",\"target\":[\"https:\\\/\\\/fuentesfidedignas.com.mx\\\/index.php\\\/2024\\\/12\\\/04\\\/salinas-de-gortari-reaparece-en-un-podcast-y-se-declara-desempleado\\\/\"]}]},{\"@type\":\"ImageObject\",\"inLanguage\":\"es\",\"@id\":\"https:\\\/\\\/fuentesfidedignas.com.mx\\\/index.php\\\/2024\\\/12\\\/04\\\/salinas-de-gortari-reaparece-en-un-podcast-y-se-declara-desempleado\\\/#primaryimage\",\"url\":\"https:\\\/\\\/fuentesfidedignas.com.mx\\\/wp-content\\\/uploads\\\/2024\\\/12\\\/carlos-salinas-de-gortari.jpg\",\"contentUrl\":\"https:\\\/\\\/fuentesfidedignas.com.mx\\\/wp-content\\\/uploads\\\/2024\\\/12\\\/carlos-salinas-de-gortari.jpg\",\"width\":600,\"height\":400},{\"@type\":\"BreadcrumbList\",\"@id\":\"https:\\\/\\\/fuentesfidedignas.com.mx\\\/index.php\\\/2024\\\/12\\\/04\\\/salinas-de-gortari-reaparece-en-un-podcast-y-se-declara-desempleado\\\/#breadcrumb\",\"itemListElement\":[{\"@type\":\"ListItem\",\"position\":1,\"name\":\"Inicio\",\"item\":\"https:\\\/\\\/fuentesfidedignas.com.mx\\\/\"},{\"@type\":\"ListItem\",\"position\":2,\"name\":\"Salinas de Gortari reaparece en un podcast y se declara \u201cdesempleado\u201d\"}]},{\"@type\":\"WebSite\",\"@id\":\"https:\\\/\\\/fuentesfidedignas.com.mx\\\/#website\",\"url\":\"https:\\\/\\\/fuentesfidedignas.com.mx\\\/\",\"name\":\"Fuentes Fidedignas\",\"description\":\"Otro sitio realizado con WordPress\",\"publisher\":{\"@id\":\"https:\\\/\\\/fuentesfidedignas.com.mx\\\/#organization\"},\"potentialAction\":[{\"@type\":\"SearchAction\",\"target\":{\"@type\":\"EntryPoint\",\"urlTemplate\":\"https:\\\/\\\/fuentesfidedignas.com.mx\\\/?s={search_term_string}\"},\"query-input\":{\"@type\":\"PropertyValueSpecification\",\"valueRequired\":true,\"valueName\":\"search_term_string\"}}],\"inLanguage\":\"es\"},{\"@type\":\"Organization\",\"@id\":\"https:\\\/\\\/fuentesfidedignas.com.mx\\\/#organization\",\"name\":\"Fuentes Fidedignas\",\"url\":\"https:\\\/\\\/fuentesfidedignas.com.mx\\\/\",\"logo\":{\"@type\":\"ImageObject\",\"inLanguage\":\"es\",\"@id\":\"https:\\\/\\\/fuentesfidedignas.com.mx\\\/#\\\/schema\\\/logo\\\/image\\\/\",\"url\":\"https:\\\/\\\/fuentesfidedignas.com.mx\\\/wp-content\\\/uploads\\\/2021\\\/04\\\/logo-retina.png\",\"contentUrl\":\"https:\\\/\\\/fuentesfidedignas.com.mx\\\/wp-content\\\/uploads\\\/2021\\\/04\\\/logo-retina.png\",\"width\":280,\"height\":51,\"caption\":\"Fuentes Fidedignas\"},\"image\":{\"@id\":\"https:\\\/\\\/fuentesfidedignas.com.mx\\\/#\\\/schema\\\/logo\\\/image\\\/\"},\"sameAs\":[\"https:\\\/\\\/www.facebook.com\\\/Fuentes-Fidedignas-368234489921644\",\"https:\\\/\\\/x.com\\\/fidedignas\"]},{\"@type\":\"Person\",\"@id\":\"https:\\\/\\\/fuentesfidedignas.com.mx\\\/#\\\/schema\\\/person\\\/67d852f0557c8509146a4b9ddebd543a\",\"name\":\"L\u00f3pez D\u00f3riga\",\"image\":{\"@type\":\"ImageObject\",\"inLanguage\":\"es\",\"@id\":\"https:\\\/\\\/secure.gravatar.com\\\/avatar\\\/e525b06574ca18b33cded59dfe5778d6c823b9513154eff47da551b0551bdd1e?s=96&d=mm&r=g\",\"url\":\"https:\\\/\\\/secure.gravatar.com\\\/avatar\\\/e525b06574ca18b33cded59dfe5778d6c823b9513154eff47da551b0551bdd1e?s=96&d=mm&r=g\",\"contentUrl\":\"https:\\\/\\\/secure.gravatar.com\\\/avatar\\\/e525b06574ca18b33cded59dfe5778d6c823b9513154eff47da551b0551bdd1e?s=96&d=mm&r=g\",\"caption\":\"L\u00f3pez D\u00f3riga\"},\"url\":\"https:\\\/\\\/fuentesfidedignas.com.mx\\\/index.php\\\/author\\\/doriga\\\/\"}]}<\/script>\n<!-- \/ Yoast SEO plugin. -->","yoast_head_json":{"title":"Salinas de Gortari reaparece en un podcast y se declara \u201cdesempleado\u201d - Fuentes Fidedignas","robots":{"index":"index","follow":"follow","max-snippet":"max-snippet:-1","max-image-preview":"max-image-preview:large","max-video-preview":"max-video-preview:-1"},"canonical":"https:\/\/fuentesfidedignas.com.mx\/index.php\/2024\/12\/04\/salinas-de-gortari-reaparece-en-un-podcast-y-se-declara-desempleado\/","og_locale":"es_MX","og_type":"article","og_title":"Salinas de Gortari reaparece en un podcast y se declara \u201cdesempleado\u201d - Fuentes Fidedignas","og_description":"El expresidente Carlos Salinas de Gortari reapareci\u00f3 en el podcast de la revista Nexos denominado \u2018La Invenci\u00f3n de Am\u00e9rica del Norte\u2019 Carlos Salinas de Gortari, expresidente de M\u00e9xico (1988-1994), reapareci\u00f3 en un podcast en donde dijo que est\u00e1 desempleado. En el podcast \u2018La Invenci\u00f3n de Am\u00e9rica del Norte\u2018, producido por la Revista Nexos, el exmandatario [&hellip;]","og_url":"https:\/\/fuentesfidedignas.com.mx\/index.php\/2024\/12\/04\/salinas-de-gortari-reaparece-en-un-podcast-y-se-declara-desempleado\/","og_site_name":"Fuentes Fidedignas","article_publisher":"https:\/\/www.facebook.com\/Fuentes-Fidedignas-368234489921644","article_published_time":"2024-12-04T23:49:45+00:00","article_modified_time":"2024-12-04T23:49:48+00:00","og_image":[{"width":600,"height":400,"url":"https:\/\/fuentesfidedignas.com.mx\/wp-content\/uploads\/2024\/12\/carlos-salinas-de-gortari.jpg","type":"image\/jpeg"}],"author":"L\u00f3pez D\u00f3riga","twitter_card":"summary_large_image","twitter_creator":"@fidedignas","twitter_site":"@fidedignas","twitter_misc":{"Escrito por":"L\u00f3pez D\u00f3riga","Tiempo de lectura":"2 minutos"},"schema":{"@context":"https:\/\/schema.org","@graph":[{"@type":"Article","@id":"https:\/\/fuentesfidedignas.com.mx\/index.php\/2024\/12\/04\/salinas-de-gortari-reaparece-en-un-podcast-y-se-declara-desempleado\/#article","isPartOf":{"@id":"https:\/\/fuentesfidedignas.com.mx\/index.php\/2024\/12\/04\/salinas-de-gortari-reaparece-en-un-podcast-y-se-declara-desempleado\/"},"author":{"name":"L\u00f3pez D\u00f3riga","@id":"https:\/\/fuentesfidedignas.com.mx\/#\/schema\/person\/67d852f0557c8509146a4b9ddebd543a"},"headline":"Salinas de Gortari reaparece en un podcast y se declara \u201cdesempleado\u201d","datePublished":"2024-12-04T23:49:45+00:00","dateModified":"2024-12-04T23:49:48+00:00","mainEntityOfPage":{"@id":"https:\/\/fuentesfidedignas.com.mx\/index.php\/2024\/12\/04\/salinas-de-gortari-reaparece-en-un-podcast-y-se-declara-desempleado\/"},"wordCount":357,"commentCount":0,"publisher":{"@id":"https:\/\/fuentesfidedignas.com.mx\/#organization"},"image":{"@id":"https:\/\/fuentesfidedignas.com.mx\/index.php\/2024\/12\/04\/salinas-de-gortari-reaparece-en-un-podcast-y-se-declara-desempleado\/#primaryimage"},"thumbnailUrl":"https:\/\/fuentesfidedignas.com.mx\/wp-content\/uploads\/2024\/12\/carlos-salinas-de-gortari.jpg","articleSection":["NOTICIAS NACIONALES"],"inLanguage":"es","potentialAction":[{"@type":"CommentAction","name":"Comment","target":["https:\/\/fuentesfidedignas.com.mx\/index.php\/2024\/12\/04\/salinas-de-gortari-reaparece-en-un-podcast-y-se-declara-desempleado\/#respond"]}]},{"@type":"WebPage","@id":"https:\/\/fuentesfidedignas.com.mx\/index.php\/2024\/12\/04\/salinas-de-gortari-reaparece-en-un-podcast-y-se-declara-desempleado\/","url":"https:\/\/fuentesfidedignas.com.mx\/index.php\/2024\/12\/04\/salinas-de-gortari-reaparece-en-un-podcast-y-se-declara-desempleado\/","name":"Salinas de Gortari reaparece en un podcast y se declara \u201cdesempleado\u201d - Fuentes Fidedignas","isPartOf":{"@id":"https:\/\/fuentesfidedignas.com.mx\/#website"},"primaryImageOfPage":{"@id":"https:\/\/fuentesfidedignas.com.mx\/index.php\/2024\/12\/04\/salinas-de-gortari-reaparece-en-un-podcast-y-se-declara-desempleado\/#primaryimage"},"image":{"@id":"https:\/\/fuentesfidedignas.com.mx\/index.php\/2024\/12\/04\/salinas-de-gortari-reaparece-en-un-podcast-y-se-declara-desempleado\/#primaryimage"},"thumbnailUrl":"https:\/\/fuentesfidedignas.com.mx\/wp-content\/uploads\/2024\/12\/carlos-salinas-de-gortari.jpg","datePublished":"2024-12-04T23:49:45+00:00","dateModified":"2024-12-04T23:49:48+00:00","breadcrumb":{"@id":"https:\/\/fuentesfidedignas.com.mx\/index.php\/2024\/12\/04\/salinas-de-gortari-reaparece-en-un-podcast-y-se-declara-desempleado\/#breadcrumb"},"inLanguage":"es","potentialAction":[{"@type":"ReadAction","target":["https:\/\/fuentesfidedignas.com.mx\/index.php\/2024\/12\/04\/salinas-de-gortari-reaparece-en-un-podcast-y-se-declara-desempleado\/"]}]},{"@type":"ImageObject","inLanguage":"es","@id":"https:\/\/fuentesfidedignas.com.mx\/index.php\/2024\/12\/04\/salinas-de-gortari-reaparece-en-un-podcast-y-se-declara-desempleado\/#primaryimage","url":"https:\/\/fuentesfidedignas.com.mx\/wp-content\/uploads\/2024\/12\/carlos-salinas-de-gortari.jpg","contentUrl":"https:\/\/fuentesfidedignas.com.mx\/wp-content\/uploads\/2024\/12\/carlos-salinas-de-gortari.jpg","width":600,"height":400},{"@type":"BreadcrumbList","@id":"https:\/\/fuentesfidedignas.com.mx\/index.php\/2024\/12\/04\/salinas-de-gortari-reaparece-en-un-podcast-y-se-declara-desempleado\/#breadcrumb","itemListElement":[{"@type":"ListItem","position":1,"name":"Inicio","item":"https:\/\/fuentesfidedignas.com.mx\/"},{"@type":"ListItem","position":2,"name":"Salinas de Gortari reaparece en un podcast y se declara \u201cdesempleado\u201d"}]},{"@type":"WebSite","@id":"https:\/\/fuentesfidedignas.com.mx\/#website","url":"https:\/\/fuentesfidedignas.com.mx\/","name":"Fuentes Fidedignas","description":"Otro sitio realizado con WordPress","publisher":{"@id":"https:\/\/fuentesfidedignas.com.mx\/#organization"},"potentialAction":[{"@type":"SearchAction","target":{"@type":"EntryPoint","urlTemplate":"https:\/\/fuentesfidedignas.com.mx\/?s={search_term_string}"},"query-input":{"@type":"PropertyValueSpecification","valueRequired":true,"valueName":"search_term_string"}}],"inLanguage":"es"},{"@type":"Organization","@id":"https:\/\/fuentesfidedignas.com.mx\/#organization","name":"Fuentes Fidedignas","url":"https:\/\/fuentesfidedignas.com.mx\/","logo":{"@type":"ImageObject","inLanguage":"es","@id":"https:\/\/fuentesfidedignas.com.mx\/#\/schema\/logo\/image\/","url":"https:\/\/fuentesfidedignas.com.mx\/wp-content\/uploads\/2021\/04\/logo-retina.png","contentUrl":"https:\/\/fuentesfidedignas.com.mx\/wp-content\/uploads\/2021\/04\/logo-retina.png","width":280,"height":51,"caption":"Fuentes Fidedignas"},"image":{"@id":"https:\/\/fuentesfidedignas.com.mx\/#\/schema\/logo\/image\/"},"sameAs":["https:\/\/www.facebook.com\/Fuentes-Fidedignas-368234489921644","https:\/\/x.com\/fidedignas"]},{"@type":"Person","@id":"https:\/\/fuentesfidedignas.com.mx\/#\/schema\/person\/67d852f0557c8509146a4b9ddebd543a","name":"L\u00f3pez D\u00f3riga","image":{"@type":"ImageObject","inLanguage":"es","@id":"https:\/\/secure.gravatar.com\/avatar\/e525b06574ca18b33cded59dfe5778d6c823b9513154eff47da551b0551bdd1e?s=96&d=mm&r=g","url":"https:\/\/secure.gravatar.com\/avatar\/e525b06574ca18b33cded59dfe5778d6c823b9513154eff47da551b0551bdd1e?s=96&d=mm&r=g","contentUrl":"https:\/\/secure.gravatar.com\/avatar\/e525b06574ca18b33cded59dfe5778d6c823b9513154eff47da551b0551bdd1e?s=96&d=mm&r=g","caption":"L\u00f3pez D\u00f3riga"},"url":"https:\/\/fuentesfidedignas.com.mx\/index.php\/author\/doriga\/"}]}},"_links":{"self":[{"href":"https:\/\/fuentesfidedignas.com.mx\/index.php\/wp-json\/wp\/v2\/posts\/96812","targetHints":{"allow":["GET"]}}],"collection":[{"href":"https:\/\/fuentesfidedignas.com.mx\/index.php\/wp-json\/wp\/v2\/posts"}],"about":[{"href":"https:\/\/fuentesfidedignas.com.mx\/index.php\/wp-json\/wp\/v2\/types\/post"}],"author":[{"embeddable":true,"href":"https:\/\/fuentesfidedignas.com.mx\/index.php\/wp-json\/wp\/v2\/users\/47"}],"replies":[{"embeddable":true,"href":"https:\/\/fuentesfidedignas.com.mx\/index.php\/wp-json\/wp\/v2\/comments?post=96812"}],"version-history":[{"count":1,"href":"https:\/\/fuentesfidedignas.com.mx\/index.php\/wp-json\/wp\/v2\/posts\/96812\/revisions"}],"predecessor-version":[{"id":96814,"href":"https:\/\/fuentesfidedignas.com.mx\/index.php\/wp-json\/wp\/v2\/posts\/96812\/revisions\/96814"}],"wp:featuredmedia":[{"embeddable":true,"href":"https:\/\/fuentesfidedignas.com.mx\/index.php\/wp-json\/wp\/v2\/media\/96813"}],"wp:attachment":[{"href":"https:\/\/fuentesfidedignas.com.mx\/index.php\/wp-json\/wp\/v2\/media?parent=96812"}],"wp:term":[{"taxonomy":"category","embeddable":true,"href":"https:\/\/fuentesfidedignas.com.mx\/index.php\/wp-json\/wp\/v2\/categories?post=96812"},{"taxonomy":"post_tag","embeddable":true,"href":"https:\/\/fuentesfidedignas.com.mx\/index.php\/wp-json\/wp\/v2\/tags?post=96812"}],"curies":[{"name":"wp","href":"https:\/\/api.w.org\/{rel}","templated":true}]}}