{"id":96736,"date":"2024-12-04T04:07:00","date_gmt":"2024-12-04T11:07:00","guid":{"rendered":"https:\/\/fuentesfidedignas.com.mx\/?p=96736"},"modified":"2024-12-03T21:12:59","modified_gmt":"2024-12-04T04:12:59","slug":"descubren-a-delle-el-delfin-que-platica-con-el-mismo-no-tiene-manada","status":"publish","type":"post","link":"https:\/\/fuentesfidedignas.com.mx\/index.php\/2024\/12\/04\/descubren-a-delle-el-delfin-que-platica-con-el-mismo-no-tiene-manada\/","title":{"rendered":"Descubren a Delle, el delf\u00edn que platica con \u00e9l mismo; no tiene manada"},"content":{"rendered":"\n<p><strong><em>El animalito llam\u00f3 la atenci\u00f3n de los expertos en la materia, quienes contin\u00faan indagando la conversaci\u00f3n del ejemplar.<\/em><\/strong><\/p>\n\n\n\n<p>Los delfines son considerados uno de los animales m\u00e1s inteligentes del mundo al tener capacidades que convivencia, entendimiento y socializaci\u00f3n como pocas especies; sin embargo, el caso de Delle es diferente por una raz\u00f3n.<\/p>\n\n\n\n<p>\u00c9ste mam\u00edfero es un macho de la raza mular\u00a0(tursiops truncatus), el cual fue visto por habitantes en las orillas del\u00a0canal de Svendborgsund, situado en el mar B\u00e1ltico, en Dinamarca.\u00a0Lo cierto es que dicho animalito llam\u00f3 la atenci\u00f3n porque estaba solo y esto es algo extra\u00f1o.<\/p>\n\n\n\n<p>Como se sabe \u00e9ste tipo de especie suele trasladarse en manada, es decir, no se ven delfines nadando en solitario por ello es que Delle llam\u00f3 la atenci\u00f3n de los cient\u00edficos, quienes notaron que se comunicaba solo.<\/p>\n\n\n\n<p>Esto al parecer ser\u00eda por la falta de compa\u00f1\u00eda y la soledad le habr\u00eda provocado la necesidad de &#8216;hablar&#8217; consigo mismo, sin embargo, esto no ha sido comprobado por los expertos, quienes contin\u00faan en busca de descifrar la constante emisi\u00f3n de sonidos que hace.<\/p>\n\n\n\n<p>&#8220;Contrariamente a esta expectativa, descubrimos que el delf\u00edn era muy vocal, emitiendo sonidos r\u00edtmicos de pulsos explosivos y tonales. Los sonidos no coincid\u00edan con los trenes de ecolocalizaci\u00f3n, lo que indica que no se produc\u00edan durante las actividades de alimentaci\u00f3n, a pesar de la presencia de llamadas de rebuzno previamente identificadas como asociadas a la alimentaci\u00f3n en esta poblaci\u00f3n&#8221;.<\/p>\n\n\n\n<p><strong>Delle y sus conversaciones<\/strong><\/p>\n\n\n\n<p>Lo anterior fue descubierto por un micr\u00f3fono que llevaron al agua y \u00e9ste comenz\u00f3 a transmitir la &#8220;charla&#8221; que Delle ten\u00eda con \u00e9l mismo; registraron hasta\u00a010.833 voces en el periodo de diciembre del a\u00f1o 2022 hasta febrero de 2023, detall\u00f3 la revista\u00a0Bioacoustics.<\/p>\n\n\n\n<p>&#8220;Delle produjo tres tipos diferentes de silbidos estereotipados, que se desviaban del patr\u00f3n t\u00edpico de un silbido distintivo individual por delf\u00edn&#8221;.<\/p>\n\n\n\n<p>Otra cosa que detectaron fue una serie de\u00a0tonales de baja frecuencia acompa\u00f1ados de sonidos de percusi\u00f3n, lo que r\u00e1pidamente asociaron a la b\u00fasqueda de alimento, o bien, la navegaci\u00f3n del ejemplar.<\/p>\n\n\n\n<p>&#8220;En conclusi\u00f3n, la producci\u00f3n de vocalizaciones en ausencia de cong\u00e9neres sugiere que estos sonidos pueden emitirse involuntariamente como se\u00f1ales emocionales, cumplir funciones distintas a la comunicaci\u00f3n directa o simplemente ser un subproducto de la necesidad intr\u00ednseca de los delfines de interacci\u00f3n social&#8221;.<\/p>\n\n\n\n<p>Y es que&nbsp;Delle segu\u00eda lanzando sonidos aunque no hubiese humanos cerca, hecho que llev\u00f3 a los expertos a descartar que buscara comunicarse con ellos, de manera que mantienen la l\u00ednea de estudio a que se trata de una conversaci\u00f3n con \u00e9l.&nbsp;<\/p>\n\n\n\n<p>La historia del delf\u00edn ha generado tristeza en la comunidad al saber que podr\u00eda sentirse solo, aunado a que se encuentra sin una manada.<\/p>\n","protected":false},"excerpt":{"rendered":"<p>El animalito llam\u00f3 la atenci\u00f3n de los expertos en la materia, quienes contin\u00faan indagando la conversaci\u00f3n del ejemplar. Los delfines son considerados uno de los animales m\u00e1s inteligentes del mundo al tener capacidades que convivencia, entendimiento y socializaci\u00f3n como pocas especies; sin embargo, el caso de Delle es diferente por una raz\u00f3n. \u00c9ste mam\u00edfero es [&hellip;]<\/p>\n","protected":false},"author":9,"featured_media":96737,"comment_status":"open","ping_status":"open","sticky":false,"template":"","format":"standard","meta":{"tdm_status":"","tdm_grid_status":"","footnotes":""},"categories":[40],"tags":[],"class_list":{"0":"post-96736","1":"post","2":"type-post","3":"status-publish","4":"format-standard","5":"has-post-thumbnail","7":"category-las-asombrosas"},"yoast_head":"<!-- This site is optimized with the Yoast SEO plugin v27.5 - https:\/\/yoast.com\/product\/yoast-seo-wordpress\/ -->\n<title>Descubren a Delle, el delf\u00edn que platica con \u00e9l mismo; no tiene manada - Fuentes Fidedignas<\/title>\n<meta name=\"robots\" content=\"index, follow, max-snippet:-1, max-image-preview:large, max-video-preview:-1\" \/>\n<link rel=\"canonical\" href=\"https:\/\/fuentesfidedignas.com.mx\/index.php\/2024\/12\/04\/descubren-a-delle-el-delfin-que-platica-con-el-mismo-no-tiene-manada\/\" \/>\n<meta property=\"og:locale\" content=\"es_MX\" \/>\n<meta property=\"og:type\" content=\"article\" \/>\n<meta property=\"og:title\" content=\"Descubren a Delle, el delf\u00edn que platica con \u00e9l mismo; no tiene manada - Fuentes Fidedignas\" \/>\n<meta property=\"og:description\" content=\"El animalito llam\u00f3 la atenci\u00f3n de los expertos en la materia, quienes contin\u00faan indagando la conversaci\u00f3n del ejemplar. Los delfines son considerados uno de los animales m\u00e1s inteligentes del mundo al tener capacidades que convivencia, entendimiento y socializaci\u00f3n como pocas especies; sin embargo, el caso de Delle es diferente por una raz\u00f3n. \u00c9ste mam\u00edfero es [&hellip;]\" \/>\n<meta property=\"og:url\" content=\"https:\/\/fuentesfidedignas.com.mx\/index.php\/2024\/12\/04\/descubren-a-delle-el-delfin-que-platica-con-el-mismo-no-tiene-manada\/\" \/>\n<meta property=\"og:site_name\" content=\"Fuentes Fidedignas\" \/>\n<meta property=\"article:publisher\" content=\"https:\/\/www.facebook.com\/Fuentes-Fidedignas-368234489921644\" \/>\n<meta property=\"article:published_time\" content=\"2024-12-04T11:07:00+00:00\" \/>\n<meta property=\"og:image\" content=\"https:\/\/fuentesfidedignas.com.mx\/wp-content\/uploads\/2024\/12\/delfin_solitario.jpg\" \/>\n\t<meta property=\"og:image:width\" content=\"600\" \/>\n\t<meta property=\"og:image:height\" content=\"379\" \/>\n\t<meta property=\"og:image:type\" content=\"image\/jpeg\" \/>\n<meta name=\"author\" content=\"Milenio\" \/>\n<meta name=\"twitter:card\" content=\"summary_large_image\" \/>\n<meta name=\"twitter:creator\" content=\"@fidedignas\" \/>\n<meta name=\"twitter:site\" content=\"@fidedignas\" \/>\n<meta name=\"twitter:label1\" content=\"Escrito por\" \/>\n\t<meta name=\"twitter:data1\" content=\"Milenio\" \/>\n\t<meta name=\"twitter:label2\" content=\"Tiempo de lectura\" \/>\n\t<meta name=\"twitter:data2\" content=\"3 minutos\" \/>\n<script type=\"application\/ld+json\" class=\"yoast-schema-graph\">{\"@context\":\"https:\\\/\\\/schema.org\",\"@graph\":[{\"@type\":\"Article\",\"@id\":\"https:\\\/\\\/fuentesfidedignas.com.mx\\\/index.php\\\/2024\\\/12\\\/04\\\/descubren-a-delle-el-delfin-que-platica-con-el-mismo-no-tiene-manada\\\/#article\",\"isPartOf\":{\"@id\":\"https:\\\/\\\/fuentesfidedignas.com.mx\\\/index.php\\\/2024\\\/12\\\/04\\\/descubren-a-delle-el-delfin-que-platica-con-el-mismo-no-tiene-manada\\\/\"},\"author\":{\"name\":\"Milenio\",\"@id\":\"https:\\\/\\\/fuentesfidedignas.com.mx\\\/#\\\/schema\\\/person\\\/47ec0135738f4b0c7495f06a77a2c976\"},\"headline\":\"Descubren a Delle, el delf\u00edn que platica con \u00e9l mismo; no tiene manada\",\"datePublished\":\"2024-12-04T11:07:00+00:00\",\"mainEntityOfPage\":{\"@id\":\"https:\\\/\\\/fuentesfidedignas.com.mx\\\/index.php\\\/2024\\\/12\\\/04\\\/descubren-a-delle-el-delfin-que-platica-con-el-mismo-no-tiene-manada\\\/\"},\"wordCount\":510,\"commentCount\":0,\"publisher\":{\"@id\":\"https:\\\/\\\/fuentesfidedignas.com.mx\\\/#organization\"},\"image\":{\"@id\":\"https:\\\/\\\/fuentesfidedignas.com.mx\\\/index.php\\\/2024\\\/12\\\/04\\\/descubren-a-delle-el-delfin-que-platica-con-el-mismo-no-tiene-manada\\\/#primaryimage\"},\"thumbnailUrl\":\"https:\\\/\\\/fuentesfidedignas.com.mx\\\/wp-content\\\/uploads\\\/2024\\\/12\\\/delfin_solitario.jpg\",\"articleSection\":[\"LAS ASOMBROSAS\"],\"inLanguage\":\"es\",\"potentialAction\":[{\"@type\":\"CommentAction\",\"name\":\"Comment\",\"target\":[\"https:\\\/\\\/fuentesfidedignas.com.mx\\\/index.php\\\/2024\\\/12\\\/04\\\/descubren-a-delle-el-delfin-que-platica-con-el-mismo-no-tiene-manada\\\/#respond\"]}]},{\"@type\":\"WebPage\",\"@id\":\"https:\\\/\\\/fuentesfidedignas.com.mx\\\/index.php\\\/2024\\\/12\\\/04\\\/descubren-a-delle-el-delfin-que-platica-con-el-mismo-no-tiene-manada\\\/\",\"url\":\"https:\\\/\\\/fuentesfidedignas.com.mx\\\/index.php\\\/2024\\\/12\\\/04\\\/descubren-a-delle-el-delfin-que-platica-con-el-mismo-no-tiene-manada\\\/\",\"name\":\"Descubren a Delle, el delf\u00edn que platica con \u00e9l mismo; no tiene manada - Fuentes Fidedignas\",\"isPartOf\":{\"@id\":\"https:\\\/\\\/fuentesfidedignas.com.mx\\\/#website\"},\"primaryImageOfPage\":{\"@id\":\"https:\\\/\\\/fuentesfidedignas.com.mx\\\/index.php\\\/2024\\\/12\\\/04\\\/descubren-a-delle-el-delfin-que-platica-con-el-mismo-no-tiene-manada\\\/#primaryimage\"},\"image\":{\"@id\":\"https:\\\/\\\/fuentesfidedignas.com.mx\\\/index.php\\\/2024\\\/12\\\/04\\\/descubren-a-delle-el-delfin-que-platica-con-el-mismo-no-tiene-manada\\\/#primaryimage\"},\"thumbnailUrl\":\"https:\\\/\\\/fuentesfidedignas.com.mx\\\/wp-content\\\/uploads\\\/2024\\\/12\\\/delfin_solitario.jpg\",\"datePublished\":\"2024-12-04T11:07:00+00:00\",\"breadcrumb\":{\"@id\":\"https:\\\/\\\/fuentesfidedignas.com.mx\\\/index.php\\\/2024\\\/12\\\/04\\\/descubren-a-delle-el-delfin-que-platica-con-el-mismo-no-tiene-manada\\\/#breadcrumb\"},\"inLanguage\":\"es\",\"potentialAction\":[{\"@type\":\"ReadAction\",\"target\":[\"https:\\\/\\\/fuentesfidedignas.com.mx\\\/index.php\\\/2024\\\/12\\\/04\\\/descubren-a-delle-el-delfin-que-platica-con-el-mismo-no-tiene-manada\\\/\"]}]},{\"@type\":\"ImageObject\",\"inLanguage\":\"es\",\"@id\":\"https:\\\/\\\/fuentesfidedignas.com.mx\\\/index.php\\\/2024\\\/12\\\/04\\\/descubren-a-delle-el-delfin-que-platica-con-el-mismo-no-tiene-manada\\\/#primaryimage\",\"url\":\"https:\\\/\\\/fuentesfidedignas.com.mx\\\/wp-content\\\/uploads\\\/2024\\\/12\\\/delfin_solitario.jpg\",\"contentUrl\":\"https:\\\/\\\/fuentesfidedignas.com.mx\\\/wp-content\\\/uploads\\\/2024\\\/12\\\/delfin_solitario.jpg\",\"width\":600,\"height\":379},{\"@type\":\"BreadcrumbList\",\"@id\":\"https:\\\/\\\/fuentesfidedignas.com.mx\\\/index.php\\\/2024\\\/12\\\/04\\\/descubren-a-delle-el-delfin-que-platica-con-el-mismo-no-tiene-manada\\\/#breadcrumb\",\"itemListElement\":[{\"@type\":\"ListItem\",\"position\":1,\"name\":\"Inicio\",\"item\":\"https:\\\/\\\/fuentesfidedignas.com.mx\\\/\"},{\"@type\":\"ListItem\",\"position\":2,\"name\":\"Descubren a Delle, el delf\u00edn que platica con \u00e9l mismo; no tiene manada\"}]},{\"@type\":\"WebSite\",\"@id\":\"https:\\\/\\\/fuentesfidedignas.com.mx\\\/#website\",\"url\":\"https:\\\/\\\/fuentesfidedignas.com.mx\\\/\",\"name\":\"Fuentes Fidedignas\",\"description\":\"Otro sitio realizado con WordPress\",\"publisher\":{\"@id\":\"https:\\\/\\\/fuentesfidedignas.com.mx\\\/#organization\"},\"potentialAction\":[{\"@type\":\"SearchAction\",\"target\":{\"@type\":\"EntryPoint\",\"urlTemplate\":\"https:\\\/\\\/fuentesfidedignas.com.mx\\\/?s={search_term_string}\"},\"query-input\":{\"@type\":\"PropertyValueSpecification\",\"valueRequired\":true,\"valueName\":\"search_term_string\"}}],\"inLanguage\":\"es\"},{\"@type\":\"Organization\",\"@id\":\"https:\\\/\\\/fuentesfidedignas.com.mx\\\/#organization\",\"name\":\"Fuentes Fidedignas\",\"url\":\"https:\\\/\\\/fuentesfidedignas.com.mx\\\/\",\"logo\":{\"@type\":\"ImageObject\",\"inLanguage\":\"es\",\"@id\":\"https:\\\/\\\/fuentesfidedignas.com.mx\\\/#\\\/schema\\\/logo\\\/image\\\/\",\"url\":\"https:\\\/\\\/fuentesfidedignas.com.mx\\\/wp-content\\\/uploads\\\/2021\\\/04\\\/logo-retina.png\",\"contentUrl\":\"https:\\\/\\\/fuentesfidedignas.com.mx\\\/wp-content\\\/uploads\\\/2021\\\/04\\\/logo-retina.png\",\"width\":280,\"height\":51,\"caption\":\"Fuentes Fidedignas\"},\"image\":{\"@id\":\"https:\\\/\\\/fuentesfidedignas.com.mx\\\/#\\\/schema\\\/logo\\\/image\\\/\"},\"sameAs\":[\"https:\\\/\\\/www.facebook.com\\\/Fuentes-Fidedignas-368234489921644\",\"https:\\\/\\\/x.com\\\/fidedignas\"]},{\"@type\":\"Person\",\"@id\":\"https:\\\/\\\/fuentesfidedignas.com.mx\\\/#\\\/schema\\\/person\\\/47ec0135738f4b0c7495f06a77a2c976\",\"name\":\"Milenio\",\"image\":{\"@type\":\"ImageObject\",\"inLanguage\":\"es\",\"@id\":\"https:\\\/\\\/secure.gravatar.com\\\/avatar\\\/acabf7b54753e51c2c76457954577c236b3b764789b19879565769739d1e4a75?s=96&d=mm&r=g\",\"url\":\"https:\\\/\\\/secure.gravatar.com\\\/avatar\\\/acabf7b54753e51c2c76457954577c236b3b764789b19879565769739d1e4a75?s=96&d=mm&r=g\",\"contentUrl\":\"https:\\\/\\\/secure.gravatar.com\\\/avatar\\\/acabf7b54753e51c2c76457954577c236b3b764789b19879565769739d1e4a75?s=96&d=mm&r=g\",\"caption\":\"Milenio\"},\"url\":\"https:\\\/\\\/fuentesfidedignas.com.mx\\\/index.php\\\/author\\\/milenio\\\/\"}]}<\/script>\n<!-- \/ Yoast SEO plugin. -->","yoast_head_json":{"title":"Descubren a Delle, el delf\u00edn que platica con \u00e9l mismo; no tiene manada - Fuentes Fidedignas","robots":{"index":"index","follow":"follow","max-snippet":"max-snippet:-1","max-image-preview":"max-image-preview:large","max-video-preview":"max-video-preview:-1"},"canonical":"https:\/\/fuentesfidedignas.com.mx\/index.php\/2024\/12\/04\/descubren-a-delle-el-delfin-que-platica-con-el-mismo-no-tiene-manada\/","og_locale":"es_MX","og_type":"article","og_title":"Descubren a Delle, el delf\u00edn que platica con \u00e9l mismo; no tiene manada - Fuentes Fidedignas","og_description":"El animalito llam\u00f3 la atenci\u00f3n de los expertos en la materia, quienes contin\u00faan indagando la conversaci\u00f3n del ejemplar. Los delfines son considerados uno de los animales m\u00e1s inteligentes del mundo al tener capacidades que convivencia, entendimiento y socializaci\u00f3n como pocas especies; sin embargo, el caso de Delle es diferente por una raz\u00f3n. \u00c9ste mam\u00edfero es [&hellip;]","og_url":"https:\/\/fuentesfidedignas.com.mx\/index.php\/2024\/12\/04\/descubren-a-delle-el-delfin-que-platica-con-el-mismo-no-tiene-manada\/","og_site_name":"Fuentes Fidedignas","article_publisher":"https:\/\/www.facebook.com\/Fuentes-Fidedignas-368234489921644","article_published_time":"2024-12-04T11:07:00+00:00","og_image":[{"width":600,"height":379,"url":"https:\/\/fuentesfidedignas.com.mx\/wp-content\/uploads\/2024\/12\/delfin_solitario.jpg","type":"image\/jpeg"}],"author":"Milenio","twitter_card":"summary_large_image","twitter_creator":"@fidedignas","twitter_site":"@fidedignas","twitter_misc":{"Escrito por":"Milenio","Tiempo de lectura":"3 minutos"},"schema":{"@context":"https:\/\/schema.org","@graph":[{"@type":"Article","@id":"https:\/\/fuentesfidedignas.com.mx\/index.php\/2024\/12\/04\/descubren-a-delle-el-delfin-que-platica-con-el-mismo-no-tiene-manada\/#article","isPartOf":{"@id":"https:\/\/fuentesfidedignas.com.mx\/index.php\/2024\/12\/04\/descubren-a-delle-el-delfin-que-platica-con-el-mismo-no-tiene-manada\/"},"author":{"name":"Milenio","@id":"https:\/\/fuentesfidedignas.com.mx\/#\/schema\/person\/47ec0135738f4b0c7495f06a77a2c976"},"headline":"Descubren a Delle, el delf\u00edn que platica con \u00e9l mismo; no tiene manada","datePublished":"2024-12-04T11:07:00+00:00","mainEntityOfPage":{"@id":"https:\/\/fuentesfidedignas.com.mx\/index.php\/2024\/12\/04\/descubren-a-delle-el-delfin-que-platica-con-el-mismo-no-tiene-manada\/"},"wordCount":510,"commentCount":0,"publisher":{"@id":"https:\/\/fuentesfidedignas.com.mx\/#organization"},"image":{"@id":"https:\/\/fuentesfidedignas.com.mx\/index.php\/2024\/12\/04\/descubren-a-delle-el-delfin-que-platica-con-el-mismo-no-tiene-manada\/#primaryimage"},"thumbnailUrl":"https:\/\/fuentesfidedignas.com.mx\/wp-content\/uploads\/2024\/12\/delfin_solitario.jpg","articleSection":["LAS ASOMBROSAS"],"inLanguage":"es","potentialAction":[{"@type":"CommentAction","name":"Comment","target":["https:\/\/fuentesfidedignas.com.mx\/index.php\/2024\/12\/04\/descubren-a-delle-el-delfin-que-platica-con-el-mismo-no-tiene-manada\/#respond"]}]},{"@type":"WebPage","@id":"https:\/\/fuentesfidedignas.com.mx\/index.php\/2024\/12\/04\/descubren-a-delle-el-delfin-que-platica-con-el-mismo-no-tiene-manada\/","url":"https:\/\/fuentesfidedignas.com.mx\/index.php\/2024\/12\/04\/descubren-a-delle-el-delfin-que-platica-con-el-mismo-no-tiene-manada\/","name":"Descubren a Delle, el delf\u00edn que platica con \u00e9l mismo; no tiene manada - Fuentes Fidedignas","isPartOf":{"@id":"https:\/\/fuentesfidedignas.com.mx\/#website"},"primaryImageOfPage":{"@id":"https:\/\/fuentesfidedignas.com.mx\/index.php\/2024\/12\/04\/descubren-a-delle-el-delfin-que-platica-con-el-mismo-no-tiene-manada\/#primaryimage"},"image":{"@id":"https:\/\/fuentesfidedignas.com.mx\/index.php\/2024\/12\/04\/descubren-a-delle-el-delfin-que-platica-con-el-mismo-no-tiene-manada\/#primaryimage"},"thumbnailUrl":"https:\/\/fuentesfidedignas.com.mx\/wp-content\/uploads\/2024\/12\/delfin_solitario.jpg","datePublished":"2024-12-04T11:07:00+00:00","breadcrumb":{"@id":"https:\/\/fuentesfidedignas.com.mx\/index.php\/2024\/12\/04\/descubren-a-delle-el-delfin-que-platica-con-el-mismo-no-tiene-manada\/#breadcrumb"},"inLanguage":"es","potentialAction":[{"@type":"ReadAction","target":["https:\/\/fuentesfidedignas.com.mx\/index.php\/2024\/12\/04\/descubren-a-delle-el-delfin-que-platica-con-el-mismo-no-tiene-manada\/"]}]},{"@type":"ImageObject","inLanguage":"es","@id":"https:\/\/fuentesfidedignas.com.mx\/index.php\/2024\/12\/04\/descubren-a-delle-el-delfin-que-platica-con-el-mismo-no-tiene-manada\/#primaryimage","url":"https:\/\/fuentesfidedignas.com.mx\/wp-content\/uploads\/2024\/12\/delfin_solitario.jpg","contentUrl":"https:\/\/fuentesfidedignas.com.mx\/wp-content\/uploads\/2024\/12\/delfin_solitario.jpg","width":600,"height":379},{"@type":"BreadcrumbList","@id":"https:\/\/fuentesfidedignas.com.mx\/index.php\/2024\/12\/04\/descubren-a-delle-el-delfin-que-platica-con-el-mismo-no-tiene-manada\/#breadcrumb","itemListElement":[{"@type":"ListItem","position":1,"name":"Inicio","item":"https:\/\/fuentesfidedignas.com.mx\/"},{"@type":"ListItem","position":2,"name":"Descubren a Delle, el delf\u00edn que platica con \u00e9l mismo; no tiene manada"}]},{"@type":"WebSite","@id":"https:\/\/fuentesfidedignas.com.mx\/#website","url":"https:\/\/fuentesfidedignas.com.mx\/","name":"Fuentes Fidedignas","description":"Otro sitio realizado con WordPress","publisher":{"@id":"https:\/\/fuentesfidedignas.com.mx\/#organization"},"potentialAction":[{"@type":"SearchAction","target":{"@type":"EntryPoint","urlTemplate":"https:\/\/fuentesfidedignas.com.mx\/?s={search_term_string}"},"query-input":{"@type":"PropertyValueSpecification","valueRequired":true,"valueName":"search_term_string"}}],"inLanguage":"es"},{"@type":"Organization","@id":"https:\/\/fuentesfidedignas.com.mx\/#organization","name":"Fuentes Fidedignas","url":"https:\/\/fuentesfidedignas.com.mx\/","logo":{"@type":"ImageObject","inLanguage":"es","@id":"https:\/\/fuentesfidedignas.com.mx\/#\/schema\/logo\/image\/","url":"https:\/\/fuentesfidedignas.com.mx\/wp-content\/uploads\/2021\/04\/logo-retina.png","contentUrl":"https:\/\/fuentesfidedignas.com.mx\/wp-content\/uploads\/2021\/04\/logo-retina.png","width":280,"height":51,"caption":"Fuentes Fidedignas"},"image":{"@id":"https:\/\/fuentesfidedignas.com.mx\/#\/schema\/logo\/image\/"},"sameAs":["https:\/\/www.facebook.com\/Fuentes-Fidedignas-368234489921644","https:\/\/x.com\/fidedignas"]},{"@type":"Person","@id":"https:\/\/fuentesfidedignas.com.mx\/#\/schema\/person\/47ec0135738f4b0c7495f06a77a2c976","name":"Milenio","image":{"@type":"ImageObject","inLanguage":"es","@id":"https:\/\/secure.gravatar.com\/avatar\/acabf7b54753e51c2c76457954577c236b3b764789b19879565769739d1e4a75?s=96&d=mm&r=g","url":"https:\/\/secure.gravatar.com\/avatar\/acabf7b54753e51c2c76457954577c236b3b764789b19879565769739d1e4a75?s=96&d=mm&r=g","contentUrl":"https:\/\/secure.gravatar.com\/avatar\/acabf7b54753e51c2c76457954577c236b3b764789b19879565769739d1e4a75?s=96&d=mm&r=g","caption":"Milenio"},"url":"https:\/\/fuentesfidedignas.com.mx\/index.php\/author\/milenio\/"}]}},"_links":{"self":[{"href":"https:\/\/fuentesfidedignas.com.mx\/index.php\/wp-json\/wp\/v2\/posts\/96736","targetHints":{"allow":["GET"]}}],"collection":[{"href":"https:\/\/fuentesfidedignas.com.mx\/index.php\/wp-json\/wp\/v2\/posts"}],"about":[{"href":"https:\/\/fuentesfidedignas.com.mx\/index.php\/wp-json\/wp\/v2\/types\/post"}],"author":[{"embeddable":true,"href":"https:\/\/fuentesfidedignas.com.mx\/index.php\/wp-json\/wp\/v2\/users\/9"}],"replies":[{"embeddable":true,"href":"https:\/\/fuentesfidedignas.com.mx\/index.php\/wp-json\/wp\/v2\/comments?post=96736"}],"version-history":[{"count":1,"href":"https:\/\/fuentesfidedignas.com.mx\/index.php\/wp-json\/wp\/v2\/posts\/96736\/revisions"}],"predecessor-version":[{"id":96738,"href":"https:\/\/fuentesfidedignas.com.mx\/index.php\/wp-json\/wp\/v2\/posts\/96736\/revisions\/96738"}],"wp:featuredmedia":[{"embeddable":true,"href":"https:\/\/fuentesfidedignas.com.mx\/index.php\/wp-json\/wp\/v2\/media\/96737"}],"wp:attachment":[{"href":"https:\/\/fuentesfidedignas.com.mx\/index.php\/wp-json\/wp\/v2\/media?parent=96736"}],"wp:term":[{"taxonomy":"category","embeddable":true,"href":"https:\/\/fuentesfidedignas.com.mx\/index.php\/wp-json\/wp\/v2\/categories?post=96736"},{"taxonomy":"post_tag","embeddable":true,"href":"https:\/\/fuentesfidedignas.com.mx\/index.php\/wp-json\/wp\/v2\/tags?post=96736"}],"curies":[{"name":"wp","href":"https:\/\/api.w.org\/{rel}","templated":true}]}}