{"id":96728,"date":"2024-12-03T20:42:08","date_gmt":"2024-12-04T03:42:08","guid":{"rendered":"https:\/\/fuentesfidedignas.com.mx\/?p=96728"},"modified":"2024-12-04T06:22:37","modified_gmt":"2024-12-04T13:22:37","slug":"omar-garcia-harfuch-llega-a-sinaloa-antes-de-lo-previsto-para-reforzar-estrategia-de-seguridad","status":"publish","type":"post","link":"https:\/\/fuentesfidedignas.com.mx\/index.php\/2024\/12\/03\/omar-garcia-harfuch-llega-a-sinaloa-antes-de-lo-previsto-para-reforzar-estrategia-de-seguridad\/","title":{"rendered":"Omar Garc\u00eda Harfuch llega a Sinaloa antes de lo previsto para reforzar estrategia de seguridad"},"content":{"rendered":"\n<p><strong><em>El secretario de Seguridad, Omar Garc\u00eda Harfuch, lleg\u00f3 a Sinaloa para discutir con el gobernador Rub\u00e9n Rocha Moya sobre la estrategia de seguridad en la entidad.<\/em><\/strong><\/p>\n\n\n\n<p>El secretario de Seguridad y Protecci\u00f3n Ciudadana, Omar Garc\u00eda Harfuch, ya se encuentra en Sinaloa, confirm\u00f3 el gobernador Rub\u00e9n Rocha Moya en sus redes sociales.\u00a0<\/p>\n\n\n\n<p>En una publicaci\u00f3n de X, antes Twitter, el mandatario de Sinaloa adelant\u00f3 que este mi\u00e9rcoles sostendr\u00e1n una reuni\u00f3n para discutir temas relacionados con la estrategia de seguridad en la entidad.<\/p>\n\n\n\n<p>&#8220;Como de alguna manera lo han manejado los medios, me permito informar que, en efecto, el secretario Omar Garc\u00eda Harfuch, desde hoy, ya se encuentra en Sinaloa. El d\u00eda de ma\u00f1ana, nos reuniremos con \u00e9l para comentar sobre la estrategia de seguridad para Sinaloa&#8221;, se\u00f1al\u00f3 Rocha Moya.<\/p>\n\n\n\n<p>La visita de Garc\u00eda Harfuch se produce en un contexto en el que la seguridad p\u00fablica ha sido un tema central para Sinaloa, con la necesidad de fortalecer acciones conjuntas entre las autoridades estatales y federales para combatir la violencia y garantizar la tranquilidad de los ciudadanos.<\/p>\n\n\n\n<p>Se espera que, tras la reuni\u00f3n, se den a conocer nuevas medidas o ajustes en las operaciones de seguridad en Sinaloa.\u00a0La entidad ha enfrentado desaf\u00edos significativos en esta materia durante los \u00faltimos meses.<\/p>\n\n\n\n<blockquote class=\"twitter-tweet\"><p lang=\"es\" dir=\"ltr\">Como de alguna manera lo han manejado los medios, me permito informar que, en efecto, el secretario <a href=\"https:\/\/twitter.com\/OHarfuch?ref_src=twsrc%5Etfw\">@OHarfuch<\/a> desde hoy, ya se encuentra en Sinaloa. El d\u00eda de ma\u00f1ana, nos reuniremos con \u00e9l para comentar sobre la estrategia de seguridad para Sinaloa.<\/p>&mdash; Rub\u00e9n Rocha Moya (@rochamoya_) <a href=\"https:\/\/twitter.com\/rochamoya_\/status\/1864135019016405225?ref_src=twsrc%5Etfw\">December 4, 2024<\/a><\/blockquote> <script async src=\"https:\/\/platform.twitter.com\/widgets.js\" charset=\"utf-8\"><\/script>\n","protected":false},"excerpt":{"rendered":"<p>El secretario de Seguridad, Omar Garc\u00eda Harfuch, lleg\u00f3 a Sinaloa para discutir con el gobernador Rub\u00e9n Rocha Moya sobre la estrategia de seguridad en la entidad. El secretario de Seguridad y Protecci\u00f3n Ciudadana, Omar Garc\u00eda Harfuch, ya se encuentra en Sinaloa, confirm\u00f3 el gobernador Rub\u00e9n Rocha Moya en sus redes sociales.\u00a0 En una publicaci\u00f3n de [&hellip;]<\/p>\n","protected":false},"author":9,"featured_media":95397,"comment_status":"open","ping_status":"open","sticky":false,"template":"","format":"standard","meta":{"tdm_status":"","tdm_grid_status":"","footnotes":""},"categories":[38],"tags":[],"class_list":{"0":"post-96728","1":"post","2":"type-post","3":"status-publish","4":"format-standard","5":"has-post-thumbnail","7":"category-noticias-locales"},"yoast_head":"<!-- This site is optimized with the Yoast SEO plugin v27.5 - https:\/\/yoast.com\/product\/yoast-seo-wordpress\/ -->\n<title>Omar Garc\u00eda Harfuch llega a Sinaloa antes de lo previsto para reforzar estrategia de seguridad - Fuentes Fidedignas<\/title>\n<meta name=\"robots\" content=\"index, follow, max-snippet:-1, max-image-preview:large, max-video-preview:-1\" \/>\n<link rel=\"canonical\" href=\"https:\/\/fuentesfidedignas.com.mx\/index.php\/2024\/12\/03\/omar-garcia-harfuch-llega-a-sinaloa-antes-de-lo-previsto-para-reforzar-estrategia-de-seguridad\/\" \/>\n<meta property=\"og:locale\" content=\"es_MX\" \/>\n<meta property=\"og:type\" content=\"article\" \/>\n<meta property=\"og:title\" content=\"Omar Garc\u00eda Harfuch llega a Sinaloa antes de lo previsto para reforzar estrategia de seguridad - Fuentes Fidedignas\" \/>\n<meta property=\"og:description\" content=\"El secretario de Seguridad, Omar Garc\u00eda Harfuch, lleg\u00f3 a Sinaloa para discutir con el gobernador Rub\u00e9n Rocha Moya sobre la estrategia de seguridad en la entidad. El secretario de Seguridad y Protecci\u00f3n Ciudadana, Omar Garc\u00eda Harfuch, ya se encuentra en Sinaloa, confirm\u00f3 el gobernador Rub\u00e9n Rocha Moya en sus redes sociales.\u00a0 En una publicaci\u00f3n de [&hellip;]\" \/>\n<meta property=\"og:url\" content=\"https:\/\/fuentesfidedignas.com.mx\/index.php\/2024\/12\/03\/omar-garcia-harfuch-llega-a-sinaloa-antes-de-lo-previsto-para-reforzar-estrategia-de-seguridad\/\" \/>\n<meta property=\"og:site_name\" content=\"Fuentes Fidedignas\" \/>\n<meta property=\"article:publisher\" content=\"https:\/\/www.facebook.com\/Fuentes-Fidedignas-368234489921644\" \/>\n<meta property=\"article:published_time\" content=\"2024-12-04T03:42:08+00:00\" \/>\n<meta property=\"article:modified_time\" content=\"2024-12-04T13:22:37+00:00\" \/>\n<meta property=\"og:image\" content=\"https:\/\/fuentesfidedignas.com.mx\/wp-content\/uploads\/2024\/11\/Omar-Garcia-Harfuch.jpg\" \/>\n\t<meta property=\"og:image:width\" content=\"650\" \/>\n\t<meta property=\"og:image:height\" content=\"366\" \/>\n\t<meta property=\"og:image:type\" content=\"image\/jpeg\" \/>\n<meta name=\"author\" content=\"Milenio\" \/>\n<meta name=\"twitter:card\" content=\"summary_large_image\" \/>\n<meta name=\"twitter:creator\" content=\"@fidedignas\" \/>\n<meta name=\"twitter:site\" content=\"@fidedignas\" \/>\n<meta name=\"twitter:label1\" content=\"Escrito por\" \/>\n\t<meta name=\"twitter:data1\" content=\"Milenio\" \/>\n\t<meta name=\"twitter:label2\" content=\"Tiempo de lectura\" \/>\n\t<meta name=\"twitter:data2\" content=\"2 minutos\" \/>\n<script type=\"application\/ld+json\" class=\"yoast-schema-graph\">{\"@context\":\"https:\\\/\\\/schema.org\",\"@graph\":[{\"@type\":\"Article\",\"@id\":\"https:\\\/\\\/fuentesfidedignas.com.mx\\\/index.php\\\/2024\\\/12\\\/03\\\/omar-garcia-harfuch-llega-a-sinaloa-antes-de-lo-previsto-para-reforzar-estrategia-de-seguridad\\\/#article\",\"isPartOf\":{\"@id\":\"https:\\\/\\\/fuentesfidedignas.com.mx\\\/index.php\\\/2024\\\/12\\\/03\\\/omar-garcia-harfuch-llega-a-sinaloa-antes-de-lo-previsto-para-reforzar-estrategia-de-seguridad\\\/\"},\"author\":{\"name\":\"Milenio\",\"@id\":\"https:\\\/\\\/fuentesfidedignas.com.mx\\\/#\\\/schema\\\/person\\\/47ec0135738f4b0c7495f06a77a2c976\"},\"headline\":\"Omar Garc\u00eda Harfuch llega a Sinaloa antes de lo previsto para reforzar estrategia de seguridad\",\"datePublished\":\"2024-12-04T03:42:08+00:00\",\"dateModified\":\"2024-12-04T13:22:37+00:00\",\"mainEntityOfPage\":{\"@id\":\"https:\\\/\\\/fuentesfidedignas.com.mx\\\/index.php\\\/2024\\\/12\\\/03\\\/omar-garcia-harfuch-llega-a-sinaloa-antes-de-lo-previsto-para-reforzar-estrategia-de-seguridad\\\/\"},\"wordCount\":293,\"commentCount\":0,\"publisher\":{\"@id\":\"https:\\\/\\\/fuentesfidedignas.com.mx\\\/#organization\"},\"image\":{\"@id\":\"https:\\\/\\\/fuentesfidedignas.com.mx\\\/index.php\\\/2024\\\/12\\\/03\\\/omar-garcia-harfuch-llega-a-sinaloa-antes-de-lo-previsto-para-reforzar-estrategia-de-seguridad\\\/#primaryimage\"},\"thumbnailUrl\":\"https:\\\/\\\/fuentesfidedignas.com.mx\\\/wp-content\\\/uploads\\\/2024\\\/11\\\/Omar-Garcia-Harfuch.jpg\",\"articleSection\":[\"NOTICIAS LOCALES\"],\"inLanguage\":\"es\",\"potentialAction\":[{\"@type\":\"CommentAction\",\"name\":\"Comment\",\"target\":[\"https:\\\/\\\/fuentesfidedignas.com.mx\\\/index.php\\\/2024\\\/12\\\/03\\\/omar-garcia-harfuch-llega-a-sinaloa-antes-de-lo-previsto-para-reforzar-estrategia-de-seguridad\\\/#respond\"]}]},{\"@type\":\"WebPage\",\"@id\":\"https:\\\/\\\/fuentesfidedignas.com.mx\\\/index.php\\\/2024\\\/12\\\/03\\\/omar-garcia-harfuch-llega-a-sinaloa-antes-de-lo-previsto-para-reforzar-estrategia-de-seguridad\\\/\",\"url\":\"https:\\\/\\\/fuentesfidedignas.com.mx\\\/index.php\\\/2024\\\/12\\\/03\\\/omar-garcia-harfuch-llega-a-sinaloa-antes-de-lo-previsto-para-reforzar-estrategia-de-seguridad\\\/\",\"name\":\"Omar Garc\u00eda Harfuch llega a Sinaloa antes de lo previsto para reforzar estrategia de seguridad - Fuentes Fidedignas\",\"isPartOf\":{\"@id\":\"https:\\\/\\\/fuentesfidedignas.com.mx\\\/#website\"},\"primaryImageOfPage\":{\"@id\":\"https:\\\/\\\/fuentesfidedignas.com.mx\\\/index.php\\\/2024\\\/12\\\/03\\\/omar-garcia-harfuch-llega-a-sinaloa-antes-de-lo-previsto-para-reforzar-estrategia-de-seguridad\\\/#primaryimage\"},\"image\":{\"@id\":\"https:\\\/\\\/fuentesfidedignas.com.mx\\\/index.php\\\/2024\\\/12\\\/03\\\/omar-garcia-harfuch-llega-a-sinaloa-antes-de-lo-previsto-para-reforzar-estrategia-de-seguridad\\\/#primaryimage\"},\"thumbnailUrl\":\"https:\\\/\\\/fuentesfidedignas.com.mx\\\/wp-content\\\/uploads\\\/2024\\\/11\\\/Omar-Garcia-Harfuch.jpg\",\"datePublished\":\"2024-12-04T03:42:08+00:00\",\"dateModified\":\"2024-12-04T13:22:37+00:00\",\"breadcrumb\":{\"@id\":\"https:\\\/\\\/fuentesfidedignas.com.mx\\\/index.php\\\/2024\\\/12\\\/03\\\/omar-garcia-harfuch-llega-a-sinaloa-antes-de-lo-previsto-para-reforzar-estrategia-de-seguridad\\\/#breadcrumb\"},\"inLanguage\":\"es\",\"potentialAction\":[{\"@type\":\"ReadAction\",\"target\":[\"https:\\\/\\\/fuentesfidedignas.com.mx\\\/index.php\\\/2024\\\/12\\\/03\\\/omar-garcia-harfuch-llega-a-sinaloa-antes-de-lo-previsto-para-reforzar-estrategia-de-seguridad\\\/\"]}]},{\"@type\":\"ImageObject\",\"inLanguage\":\"es\",\"@id\":\"https:\\\/\\\/fuentesfidedignas.com.mx\\\/index.php\\\/2024\\\/12\\\/03\\\/omar-garcia-harfuch-llega-a-sinaloa-antes-de-lo-previsto-para-reforzar-estrategia-de-seguridad\\\/#primaryimage\",\"url\":\"https:\\\/\\\/fuentesfidedignas.com.mx\\\/wp-content\\\/uploads\\\/2024\\\/11\\\/Omar-Garcia-Harfuch.jpg\",\"contentUrl\":\"https:\\\/\\\/fuentesfidedignas.com.mx\\\/wp-content\\\/uploads\\\/2024\\\/11\\\/Omar-Garcia-Harfuch.jpg\",\"width\":650,\"height\":366},{\"@type\":\"BreadcrumbList\",\"@id\":\"https:\\\/\\\/fuentesfidedignas.com.mx\\\/index.php\\\/2024\\\/12\\\/03\\\/omar-garcia-harfuch-llega-a-sinaloa-antes-de-lo-previsto-para-reforzar-estrategia-de-seguridad\\\/#breadcrumb\",\"itemListElement\":[{\"@type\":\"ListItem\",\"position\":1,\"name\":\"Inicio\",\"item\":\"https:\\\/\\\/fuentesfidedignas.com.mx\\\/\"},{\"@type\":\"ListItem\",\"position\":2,\"name\":\"Omar Garc\u00eda Harfuch llega a Sinaloa antes de lo previsto para reforzar estrategia de seguridad\"}]},{\"@type\":\"WebSite\",\"@id\":\"https:\\\/\\\/fuentesfidedignas.com.mx\\\/#website\",\"url\":\"https:\\\/\\\/fuentesfidedignas.com.mx\\\/\",\"name\":\"Fuentes Fidedignas\",\"description\":\"Otro sitio realizado con WordPress\",\"publisher\":{\"@id\":\"https:\\\/\\\/fuentesfidedignas.com.mx\\\/#organization\"},\"potentialAction\":[{\"@type\":\"SearchAction\",\"target\":{\"@type\":\"EntryPoint\",\"urlTemplate\":\"https:\\\/\\\/fuentesfidedignas.com.mx\\\/?s={search_term_string}\"},\"query-input\":{\"@type\":\"PropertyValueSpecification\",\"valueRequired\":true,\"valueName\":\"search_term_string\"}}],\"inLanguage\":\"es\"},{\"@type\":\"Organization\",\"@id\":\"https:\\\/\\\/fuentesfidedignas.com.mx\\\/#organization\",\"name\":\"Fuentes Fidedignas\",\"url\":\"https:\\\/\\\/fuentesfidedignas.com.mx\\\/\",\"logo\":{\"@type\":\"ImageObject\",\"inLanguage\":\"es\",\"@id\":\"https:\\\/\\\/fuentesfidedignas.com.mx\\\/#\\\/schema\\\/logo\\\/image\\\/\",\"url\":\"https:\\\/\\\/fuentesfidedignas.com.mx\\\/wp-content\\\/uploads\\\/2021\\\/04\\\/logo-retina.png\",\"contentUrl\":\"https:\\\/\\\/fuentesfidedignas.com.mx\\\/wp-content\\\/uploads\\\/2021\\\/04\\\/logo-retina.png\",\"width\":280,\"height\":51,\"caption\":\"Fuentes Fidedignas\"},\"image\":{\"@id\":\"https:\\\/\\\/fuentesfidedignas.com.mx\\\/#\\\/schema\\\/logo\\\/image\\\/\"},\"sameAs\":[\"https:\\\/\\\/www.facebook.com\\\/Fuentes-Fidedignas-368234489921644\",\"https:\\\/\\\/x.com\\\/fidedignas\"]},{\"@type\":\"Person\",\"@id\":\"https:\\\/\\\/fuentesfidedignas.com.mx\\\/#\\\/schema\\\/person\\\/47ec0135738f4b0c7495f06a77a2c976\",\"name\":\"Milenio\",\"image\":{\"@type\":\"ImageObject\",\"inLanguage\":\"es\",\"@id\":\"https:\\\/\\\/secure.gravatar.com\\\/avatar\\\/acabf7b54753e51c2c76457954577c236b3b764789b19879565769739d1e4a75?s=96&d=mm&r=g\",\"url\":\"https:\\\/\\\/secure.gravatar.com\\\/avatar\\\/acabf7b54753e51c2c76457954577c236b3b764789b19879565769739d1e4a75?s=96&d=mm&r=g\",\"contentUrl\":\"https:\\\/\\\/secure.gravatar.com\\\/avatar\\\/acabf7b54753e51c2c76457954577c236b3b764789b19879565769739d1e4a75?s=96&d=mm&r=g\",\"caption\":\"Milenio\"},\"url\":\"https:\\\/\\\/fuentesfidedignas.com.mx\\\/index.php\\\/author\\\/milenio\\\/\"}]}<\/script>\n<!-- \/ Yoast SEO plugin. -->","yoast_head_json":{"title":"Omar Garc\u00eda Harfuch llega a Sinaloa antes de lo previsto para reforzar estrategia de seguridad - Fuentes Fidedignas","robots":{"index":"index","follow":"follow","max-snippet":"max-snippet:-1","max-image-preview":"max-image-preview:large","max-video-preview":"max-video-preview:-1"},"canonical":"https:\/\/fuentesfidedignas.com.mx\/index.php\/2024\/12\/03\/omar-garcia-harfuch-llega-a-sinaloa-antes-de-lo-previsto-para-reforzar-estrategia-de-seguridad\/","og_locale":"es_MX","og_type":"article","og_title":"Omar Garc\u00eda Harfuch llega a Sinaloa antes de lo previsto para reforzar estrategia de seguridad - Fuentes Fidedignas","og_description":"El secretario de Seguridad, Omar Garc\u00eda Harfuch, lleg\u00f3 a Sinaloa para discutir con el gobernador Rub\u00e9n Rocha Moya sobre la estrategia de seguridad en la entidad. El secretario de Seguridad y Protecci\u00f3n Ciudadana, Omar Garc\u00eda Harfuch, ya se encuentra en Sinaloa, confirm\u00f3 el gobernador Rub\u00e9n Rocha Moya en sus redes sociales.\u00a0 En una publicaci\u00f3n de [&hellip;]","og_url":"https:\/\/fuentesfidedignas.com.mx\/index.php\/2024\/12\/03\/omar-garcia-harfuch-llega-a-sinaloa-antes-de-lo-previsto-para-reforzar-estrategia-de-seguridad\/","og_site_name":"Fuentes Fidedignas","article_publisher":"https:\/\/www.facebook.com\/Fuentes-Fidedignas-368234489921644","article_published_time":"2024-12-04T03:42:08+00:00","article_modified_time":"2024-12-04T13:22:37+00:00","og_image":[{"width":650,"height":366,"url":"https:\/\/fuentesfidedignas.com.mx\/wp-content\/uploads\/2024\/11\/Omar-Garcia-Harfuch.jpg","type":"image\/jpeg"}],"author":"Milenio","twitter_card":"summary_large_image","twitter_creator":"@fidedignas","twitter_site":"@fidedignas","twitter_misc":{"Escrito por":"Milenio","Tiempo de lectura":"2 minutos"},"schema":{"@context":"https:\/\/schema.org","@graph":[{"@type":"Article","@id":"https:\/\/fuentesfidedignas.com.mx\/index.php\/2024\/12\/03\/omar-garcia-harfuch-llega-a-sinaloa-antes-de-lo-previsto-para-reforzar-estrategia-de-seguridad\/#article","isPartOf":{"@id":"https:\/\/fuentesfidedignas.com.mx\/index.php\/2024\/12\/03\/omar-garcia-harfuch-llega-a-sinaloa-antes-de-lo-previsto-para-reforzar-estrategia-de-seguridad\/"},"author":{"name":"Milenio","@id":"https:\/\/fuentesfidedignas.com.mx\/#\/schema\/person\/47ec0135738f4b0c7495f06a77a2c976"},"headline":"Omar Garc\u00eda Harfuch llega a Sinaloa antes de lo previsto para reforzar estrategia de seguridad","datePublished":"2024-12-04T03:42:08+00:00","dateModified":"2024-12-04T13:22:37+00:00","mainEntityOfPage":{"@id":"https:\/\/fuentesfidedignas.com.mx\/index.php\/2024\/12\/03\/omar-garcia-harfuch-llega-a-sinaloa-antes-de-lo-previsto-para-reforzar-estrategia-de-seguridad\/"},"wordCount":293,"commentCount":0,"publisher":{"@id":"https:\/\/fuentesfidedignas.com.mx\/#organization"},"image":{"@id":"https:\/\/fuentesfidedignas.com.mx\/index.php\/2024\/12\/03\/omar-garcia-harfuch-llega-a-sinaloa-antes-de-lo-previsto-para-reforzar-estrategia-de-seguridad\/#primaryimage"},"thumbnailUrl":"https:\/\/fuentesfidedignas.com.mx\/wp-content\/uploads\/2024\/11\/Omar-Garcia-Harfuch.jpg","articleSection":["NOTICIAS LOCALES"],"inLanguage":"es","potentialAction":[{"@type":"CommentAction","name":"Comment","target":["https:\/\/fuentesfidedignas.com.mx\/index.php\/2024\/12\/03\/omar-garcia-harfuch-llega-a-sinaloa-antes-de-lo-previsto-para-reforzar-estrategia-de-seguridad\/#respond"]}]},{"@type":"WebPage","@id":"https:\/\/fuentesfidedignas.com.mx\/index.php\/2024\/12\/03\/omar-garcia-harfuch-llega-a-sinaloa-antes-de-lo-previsto-para-reforzar-estrategia-de-seguridad\/","url":"https:\/\/fuentesfidedignas.com.mx\/index.php\/2024\/12\/03\/omar-garcia-harfuch-llega-a-sinaloa-antes-de-lo-previsto-para-reforzar-estrategia-de-seguridad\/","name":"Omar Garc\u00eda Harfuch llega a Sinaloa antes de lo previsto para reforzar estrategia de seguridad - Fuentes Fidedignas","isPartOf":{"@id":"https:\/\/fuentesfidedignas.com.mx\/#website"},"primaryImageOfPage":{"@id":"https:\/\/fuentesfidedignas.com.mx\/index.php\/2024\/12\/03\/omar-garcia-harfuch-llega-a-sinaloa-antes-de-lo-previsto-para-reforzar-estrategia-de-seguridad\/#primaryimage"},"image":{"@id":"https:\/\/fuentesfidedignas.com.mx\/index.php\/2024\/12\/03\/omar-garcia-harfuch-llega-a-sinaloa-antes-de-lo-previsto-para-reforzar-estrategia-de-seguridad\/#primaryimage"},"thumbnailUrl":"https:\/\/fuentesfidedignas.com.mx\/wp-content\/uploads\/2024\/11\/Omar-Garcia-Harfuch.jpg","datePublished":"2024-12-04T03:42:08+00:00","dateModified":"2024-12-04T13:22:37+00:00","breadcrumb":{"@id":"https:\/\/fuentesfidedignas.com.mx\/index.php\/2024\/12\/03\/omar-garcia-harfuch-llega-a-sinaloa-antes-de-lo-previsto-para-reforzar-estrategia-de-seguridad\/#breadcrumb"},"inLanguage":"es","potentialAction":[{"@type":"ReadAction","target":["https:\/\/fuentesfidedignas.com.mx\/index.php\/2024\/12\/03\/omar-garcia-harfuch-llega-a-sinaloa-antes-de-lo-previsto-para-reforzar-estrategia-de-seguridad\/"]}]},{"@type":"ImageObject","inLanguage":"es","@id":"https:\/\/fuentesfidedignas.com.mx\/index.php\/2024\/12\/03\/omar-garcia-harfuch-llega-a-sinaloa-antes-de-lo-previsto-para-reforzar-estrategia-de-seguridad\/#primaryimage","url":"https:\/\/fuentesfidedignas.com.mx\/wp-content\/uploads\/2024\/11\/Omar-Garcia-Harfuch.jpg","contentUrl":"https:\/\/fuentesfidedignas.com.mx\/wp-content\/uploads\/2024\/11\/Omar-Garcia-Harfuch.jpg","width":650,"height":366},{"@type":"BreadcrumbList","@id":"https:\/\/fuentesfidedignas.com.mx\/index.php\/2024\/12\/03\/omar-garcia-harfuch-llega-a-sinaloa-antes-de-lo-previsto-para-reforzar-estrategia-de-seguridad\/#breadcrumb","itemListElement":[{"@type":"ListItem","position":1,"name":"Inicio","item":"https:\/\/fuentesfidedignas.com.mx\/"},{"@type":"ListItem","position":2,"name":"Omar Garc\u00eda Harfuch llega a Sinaloa antes de lo previsto para reforzar estrategia de seguridad"}]},{"@type":"WebSite","@id":"https:\/\/fuentesfidedignas.com.mx\/#website","url":"https:\/\/fuentesfidedignas.com.mx\/","name":"Fuentes Fidedignas","description":"Otro sitio realizado con WordPress","publisher":{"@id":"https:\/\/fuentesfidedignas.com.mx\/#organization"},"potentialAction":[{"@type":"SearchAction","target":{"@type":"EntryPoint","urlTemplate":"https:\/\/fuentesfidedignas.com.mx\/?s={search_term_string}"},"query-input":{"@type":"PropertyValueSpecification","valueRequired":true,"valueName":"search_term_string"}}],"inLanguage":"es"},{"@type":"Organization","@id":"https:\/\/fuentesfidedignas.com.mx\/#organization","name":"Fuentes Fidedignas","url":"https:\/\/fuentesfidedignas.com.mx\/","logo":{"@type":"ImageObject","inLanguage":"es","@id":"https:\/\/fuentesfidedignas.com.mx\/#\/schema\/logo\/image\/","url":"https:\/\/fuentesfidedignas.com.mx\/wp-content\/uploads\/2021\/04\/logo-retina.png","contentUrl":"https:\/\/fuentesfidedignas.com.mx\/wp-content\/uploads\/2021\/04\/logo-retina.png","width":280,"height":51,"caption":"Fuentes Fidedignas"},"image":{"@id":"https:\/\/fuentesfidedignas.com.mx\/#\/schema\/logo\/image\/"},"sameAs":["https:\/\/www.facebook.com\/Fuentes-Fidedignas-368234489921644","https:\/\/x.com\/fidedignas"]},{"@type":"Person","@id":"https:\/\/fuentesfidedignas.com.mx\/#\/schema\/person\/47ec0135738f4b0c7495f06a77a2c976","name":"Milenio","image":{"@type":"ImageObject","inLanguage":"es","@id":"https:\/\/secure.gravatar.com\/avatar\/acabf7b54753e51c2c76457954577c236b3b764789b19879565769739d1e4a75?s=96&d=mm&r=g","url":"https:\/\/secure.gravatar.com\/avatar\/acabf7b54753e51c2c76457954577c236b3b764789b19879565769739d1e4a75?s=96&d=mm&r=g","contentUrl":"https:\/\/secure.gravatar.com\/avatar\/acabf7b54753e51c2c76457954577c236b3b764789b19879565769739d1e4a75?s=96&d=mm&r=g","caption":"Milenio"},"url":"https:\/\/fuentesfidedignas.com.mx\/index.php\/author\/milenio\/"}]}},"_links":{"self":[{"href":"https:\/\/fuentesfidedignas.com.mx\/index.php\/wp-json\/wp\/v2\/posts\/96728","targetHints":{"allow":["GET"]}}],"collection":[{"href":"https:\/\/fuentesfidedignas.com.mx\/index.php\/wp-json\/wp\/v2\/posts"}],"about":[{"href":"https:\/\/fuentesfidedignas.com.mx\/index.php\/wp-json\/wp\/v2\/types\/post"}],"author":[{"embeddable":true,"href":"https:\/\/fuentesfidedignas.com.mx\/index.php\/wp-json\/wp\/v2\/users\/9"}],"replies":[{"embeddable":true,"href":"https:\/\/fuentesfidedignas.com.mx\/index.php\/wp-json\/wp\/v2\/comments?post=96728"}],"version-history":[{"count":1,"href":"https:\/\/fuentesfidedignas.com.mx\/index.php\/wp-json\/wp\/v2\/posts\/96728\/revisions"}],"predecessor-version":[{"id":96729,"href":"https:\/\/fuentesfidedignas.com.mx\/index.php\/wp-json\/wp\/v2\/posts\/96728\/revisions\/96729"}],"wp:featuredmedia":[{"embeddable":true,"href":"https:\/\/fuentesfidedignas.com.mx\/index.php\/wp-json\/wp\/v2\/media\/95397"}],"wp:attachment":[{"href":"https:\/\/fuentesfidedignas.com.mx\/index.php\/wp-json\/wp\/v2\/media?parent=96728"}],"wp:term":[{"taxonomy":"category","embeddable":true,"href":"https:\/\/fuentesfidedignas.com.mx\/index.php\/wp-json\/wp\/v2\/categories?post=96728"},{"taxonomy":"post_tag","embeddable":true,"href":"https:\/\/fuentesfidedignas.com.mx\/index.php\/wp-json\/wp\/v2\/tags?post=96728"}],"curies":[{"name":"wp","href":"https:\/\/api.w.org\/{rel}","templated":true}]}}