{"id":96673,"date":"2024-12-03T09:52:20","date_gmt":"2024-12-03T16:52:20","guid":{"rendered":"https:\/\/fuentesfidedignas.com.mx\/?p=96673"},"modified":"2024-12-03T09:52:25","modified_gmt":"2024-12-03T16:52:25","slug":"garcia-harfuch-descarta-uso-de-coche-bomba-en-explosion-de-culiacan","status":"publish","type":"post","link":"https:\/\/fuentesfidedignas.com.mx\/index.php\/2024\/12\/03\/garcia-harfuch-descarta-uso-de-coche-bomba-en-explosion-de-culiacan\/","title":{"rendered":"Garc\u00eda Harfuch descarta uso de coche bomba en explosi\u00f3n de Culiac\u00e1n"},"content":{"rendered":"\n<p><strong><em>El titular de SSPC indic\u00f3 que en la explosi\u00f3n ocurrida en la comunidad Limita de Itaje de Culiac\u00e1n se us\u00f3 un explosivo tipo dron<\/em><\/strong><\/p>\n\n\n\n<p>Omar Garc\u00eda Harfuch, titular de la Secretar\u00eda de Seguridad y Protecci\u00f3n Ciudadana (SSPC), descart\u00f3 que en la explosi\u00f3n ocurrida esta madrugada en Culiac\u00e1n, Sinaloa, se usara un coche bomba.<\/p>\n\n\n\n<p>Al final de la conferencia matutina de Palacio Nacional, Garc\u00eda Harfuch apunt\u00f3 que esta explosi\u00f3n fue ocasionada por un artefacto tipo dron, hechos de los cuales dej\u00f3 en claro que no hay personas lesionadas.<\/p>\n\n\n\n<p>Sobre el explosivo (en Culiac\u00e1n), se descarta que haya sido un coche-bomba, al parecer es un artefacto tipo dron\u201d, se\u00f1al\u00f3.<\/p>\n\n\n\n<p>\u201cHay un veh\u00edculo incendiado, no hay heridos y no fue dentro de Culiac\u00e1n, es municipio de Culiac\u00e1n pero es un ejido a las afueras. No se registran personas heridas\u201d, puntualiz\u00f3.<\/p>\n\n\n\n<p>Habitantes de Culiac\u00e1n denunciaron en las \u00faltimas horas m\u00faltiples disparos y explosiones en varios puntos.<\/p>\n\n\n\n<p>Pasada la medianoche se reportaron al menos dos explosiones, que derivaron en densas columnas de humo.<\/p>\n\n\n\n<p>Un veh\u00edculo explot\u00f3 aproximadamente a las 3:30 h de este martes, luego de registrarse una balacera en la zona conocida como la Limita de Itaje.<\/p>\n\n\n\n<p>Vecinos de El Palmito, La Primavera, Tierra Blanca y las colonias 6 de Enero y Guadalupe dijeron haber escuchado las explosiones.<\/p>\n\n\n\n<p>La entidad vive una ola de violencia desde inicios de septiembre, derivado de pugnas entre facciones del C\u00e1rtel de Sinaloa a ra\u00edz de la detenci\u00f3n del narcotraficante Ismeel Mayo Zambada, ocurrida en un aeropuerto de nuevo M\u00e9xico, en los Estados Unidos.<\/p>\n","protected":false},"excerpt":{"rendered":"<p>El titular de SSPC indic\u00f3 que en la explosi\u00f3n ocurrida en la comunidad Limita de Itaje de Culiac\u00e1n se us\u00f3 un explosivo tipo dron Omar Garc\u00eda Harfuch, titular de la Secretar\u00eda de Seguridad y Protecci\u00f3n Ciudadana (SSPC), descart\u00f3 que en la explosi\u00f3n ocurrida esta madrugada en Culiac\u00e1n, Sinaloa, se usara un coche bomba. Al final [&hellip;]<\/p>\n","protected":false},"author":47,"featured_media":96674,"comment_status":"open","ping_status":"open","sticky":false,"template":"","format":"standard","meta":{"tdm_status":"","tdm_grid_status":"","footnotes":""},"categories":[37],"tags":[],"class_list":{"0":"post-96673","1":"post","2":"type-post","3":"status-publish","4":"format-standard","5":"has-post-thumbnail","7":"category-nota-principal"},"yoast_head":"<!-- This site is optimized with the Yoast SEO plugin v27.5 - https:\/\/yoast.com\/product\/yoast-seo-wordpress\/ -->\n<title>Garc\u00eda Harfuch descarta uso de coche bomba en explosi\u00f3n de Culiac\u00e1n - Fuentes Fidedignas<\/title>\n<meta name=\"robots\" content=\"index, follow, max-snippet:-1, max-image-preview:large, max-video-preview:-1\" \/>\n<link rel=\"canonical\" href=\"https:\/\/fuentesfidedignas.com.mx\/index.php\/2024\/12\/03\/garcia-harfuch-descarta-uso-de-coche-bomba-en-explosion-de-culiacan\/\" \/>\n<meta property=\"og:locale\" content=\"es_MX\" \/>\n<meta property=\"og:type\" content=\"article\" \/>\n<meta property=\"og:title\" content=\"Garc\u00eda Harfuch descarta uso de coche bomba en explosi\u00f3n de Culiac\u00e1n - Fuentes Fidedignas\" \/>\n<meta property=\"og:description\" content=\"El titular de SSPC indic\u00f3 que en la explosi\u00f3n ocurrida en la comunidad Limita de Itaje de Culiac\u00e1n se us\u00f3 un explosivo tipo dron Omar Garc\u00eda Harfuch, titular de la Secretar\u00eda de Seguridad y Protecci\u00f3n Ciudadana (SSPC), descart\u00f3 que en la explosi\u00f3n ocurrida esta madrugada en Culiac\u00e1n, Sinaloa, se usara un coche bomba. Al final [&hellip;]\" \/>\n<meta property=\"og:url\" content=\"https:\/\/fuentesfidedignas.com.mx\/index.php\/2024\/12\/03\/garcia-harfuch-descarta-uso-de-coche-bomba-en-explosion-de-culiacan\/\" \/>\n<meta property=\"og:site_name\" content=\"Fuentes Fidedignas\" \/>\n<meta property=\"article:publisher\" content=\"https:\/\/www.facebook.com\/Fuentes-Fidedignas-368234489921644\" \/>\n<meta property=\"article:published_time\" content=\"2024-12-03T16:52:20+00:00\" \/>\n<meta property=\"article:modified_time\" content=\"2024-12-03T16:52:25+00:00\" \/>\n<meta property=\"og:image\" content=\"https:\/\/fuentesfidedignas.com.mx\/wp-content\/uploads\/2024\/12\/explosivo-limita-de-itaje-culiacan.jpg\" \/>\n\t<meta property=\"og:image:width\" content=\"600\" \/>\n\t<meta property=\"og:image:height\" content=\"400\" \/>\n\t<meta property=\"og:image:type\" content=\"image\/jpeg\" \/>\n<meta name=\"author\" content=\"L\u00f3pez D\u00f3riga\" \/>\n<meta name=\"twitter:card\" content=\"summary_large_image\" \/>\n<meta name=\"twitter:creator\" content=\"@fidedignas\" \/>\n<meta name=\"twitter:site\" content=\"@fidedignas\" \/>\n<meta name=\"twitter:label1\" content=\"Escrito por\" \/>\n\t<meta name=\"twitter:data1\" content=\"L\u00f3pez D\u00f3riga\" \/>\n\t<meta name=\"twitter:label2\" content=\"Tiempo de lectura\" \/>\n\t<meta name=\"twitter:data2\" content=\"2 minutos\" \/>\n<script type=\"application\/ld+json\" class=\"yoast-schema-graph\">{\"@context\":\"https:\\\/\\\/schema.org\",\"@graph\":[{\"@type\":\"Article\",\"@id\":\"https:\\\/\\\/fuentesfidedignas.com.mx\\\/index.php\\\/2024\\\/12\\\/03\\\/garcia-harfuch-descarta-uso-de-coche-bomba-en-explosion-de-culiacan\\\/#article\",\"isPartOf\":{\"@id\":\"https:\\\/\\\/fuentesfidedignas.com.mx\\\/index.php\\\/2024\\\/12\\\/03\\\/garcia-harfuch-descarta-uso-de-coche-bomba-en-explosion-de-culiacan\\\/\"},\"author\":{\"name\":\"L\u00f3pez D\u00f3riga\",\"@id\":\"https:\\\/\\\/fuentesfidedignas.com.mx\\\/#\\\/schema\\\/person\\\/67d852f0557c8509146a4b9ddebd543a\"},\"headline\":\"Garc\u00eda Harfuch descarta uso de coche bomba en explosi\u00f3n de Culiac\u00e1n\",\"datePublished\":\"2024-12-03T16:52:20+00:00\",\"dateModified\":\"2024-12-03T16:52:25+00:00\",\"mainEntityOfPage\":{\"@id\":\"https:\\\/\\\/fuentesfidedignas.com.mx\\\/index.php\\\/2024\\\/12\\\/03\\\/garcia-harfuch-descarta-uso-de-coche-bomba-en-explosion-de-culiacan\\\/\"},\"wordCount\":288,\"commentCount\":0,\"publisher\":{\"@id\":\"https:\\\/\\\/fuentesfidedignas.com.mx\\\/#organization\"},\"image\":{\"@id\":\"https:\\\/\\\/fuentesfidedignas.com.mx\\\/index.php\\\/2024\\\/12\\\/03\\\/garcia-harfuch-descarta-uso-de-coche-bomba-en-explosion-de-culiacan\\\/#primaryimage\"},\"thumbnailUrl\":\"https:\\\/\\\/fuentesfidedignas.com.mx\\\/wp-content\\\/uploads\\\/2024\\\/12\\\/explosivo-limita-de-itaje-culiacan.jpg\",\"articleSection\":[\"NOTA PRINCIPAL\"],\"inLanguage\":\"es\",\"potentialAction\":[{\"@type\":\"CommentAction\",\"name\":\"Comment\",\"target\":[\"https:\\\/\\\/fuentesfidedignas.com.mx\\\/index.php\\\/2024\\\/12\\\/03\\\/garcia-harfuch-descarta-uso-de-coche-bomba-en-explosion-de-culiacan\\\/#respond\"]}]},{\"@type\":\"WebPage\",\"@id\":\"https:\\\/\\\/fuentesfidedignas.com.mx\\\/index.php\\\/2024\\\/12\\\/03\\\/garcia-harfuch-descarta-uso-de-coche-bomba-en-explosion-de-culiacan\\\/\",\"url\":\"https:\\\/\\\/fuentesfidedignas.com.mx\\\/index.php\\\/2024\\\/12\\\/03\\\/garcia-harfuch-descarta-uso-de-coche-bomba-en-explosion-de-culiacan\\\/\",\"name\":\"Garc\u00eda Harfuch descarta uso de coche bomba en explosi\u00f3n de Culiac\u00e1n - Fuentes Fidedignas\",\"isPartOf\":{\"@id\":\"https:\\\/\\\/fuentesfidedignas.com.mx\\\/#website\"},\"primaryImageOfPage\":{\"@id\":\"https:\\\/\\\/fuentesfidedignas.com.mx\\\/index.php\\\/2024\\\/12\\\/03\\\/garcia-harfuch-descarta-uso-de-coche-bomba-en-explosion-de-culiacan\\\/#primaryimage\"},\"image\":{\"@id\":\"https:\\\/\\\/fuentesfidedignas.com.mx\\\/index.php\\\/2024\\\/12\\\/03\\\/garcia-harfuch-descarta-uso-de-coche-bomba-en-explosion-de-culiacan\\\/#primaryimage\"},\"thumbnailUrl\":\"https:\\\/\\\/fuentesfidedignas.com.mx\\\/wp-content\\\/uploads\\\/2024\\\/12\\\/explosivo-limita-de-itaje-culiacan.jpg\",\"datePublished\":\"2024-12-03T16:52:20+00:00\",\"dateModified\":\"2024-12-03T16:52:25+00:00\",\"breadcrumb\":{\"@id\":\"https:\\\/\\\/fuentesfidedignas.com.mx\\\/index.php\\\/2024\\\/12\\\/03\\\/garcia-harfuch-descarta-uso-de-coche-bomba-en-explosion-de-culiacan\\\/#breadcrumb\"},\"inLanguage\":\"es\",\"potentialAction\":[{\"@type\":\"ReadAction\",\"target\":[\"https:\\\/\\\/fuentesfidedignas.com.mx\\\/index.php\\\/2024\\\/12\\\/03\\\/garcia-harfuch-descarta-uso-de-coche-bomba-en-explosion-de-culiacan\\\/\"]}]},{\"@type\":\"ImageObject\",\"inLanguage\":\"es\",\"@id\":\"https:\\\/\\\/fuentesfidedignas.com.mx\\\/index.php\\\/2024\\\/12\\\/03\\\/garcia-harfuch-descarta-uso-de-coche-bomba-en-explosion-de-culiacan\\\/#primaryimage\",\"url\":\"https:\\\/\\\/fuentesfidedignas.com.mx\\\/wp-content\\\/uploads\\\/2024\\\/12\\\/explosivo-limita-de-itaje-culiacan.jpg\",\"contentUrl\":\"https:\\\/\\\/fuentesfidedignas.com.mx\\\/wp-content\\\/uploads\\\/2024\\\/12\\\/explosivo-limita-de-itaje-culiacan.jpg\",\"width\":600,\"height\":400},{\"@type\":\"BreadcrumbList\",\"@id\":\"https:\\\/\\\/fuentesfidedignas.com.mx\\\/index.php\\\/2024\\\/12\\\/03\\\/garcia-harfuch-descarta-uso-de-coche-bomba-en-explosion-de-culiacan\\\/#breadcrumb\",\"itemListElement\":[{\"@type\":\"ListItem\",\"position\":1,\"name\":\"Inicio\",\"item\":\"https:\\\/\\\/fuentesfidedignas.com.mx\\\/\"},{\"@type\":\"ListItem\",\"position\":2,\"name\":\"Garc\u00eda Harfuch descarta uso de coche bomba en explosi\u00f3n de Culiac\u00e1n\"}]},{\"@type\":\"WebSite\",\"@id\":\"https:\\\/\\\/fuentesfidedignas.com.mx\\\/#website\",\"url\":\"https:\\\/\\\/fuentesfidedignas.com.mx\\\/\",\"name\":\"Fuentes Fidedignas\",\"description\":\"Otro sitio realizado con WordPress\",\"publisher\":{\"@id\":\"https:\\\/\\\/fuentesfidedignas.com.mx\\\/#organization\"},\"potentialAction\":[{\"@type\":\"SearchAction\",\"target\":{\"@type\":\"EntryPoint\",\"urlTemplate\":\"https:\\\/\\\/fuentesfidedignas.com.mx\\\/?s={search_term_string}\"},\"query-input\":{\"@type\":\"PropertyValueSpecification\",\"valueRequired\":true,\"valueName\":\"search_term_string\"}}],\"inLanguage\":\"es\"},{\"@type\":\"Organization\",\"@id\":\"https:\\\/\\\/fuentesfidedignas.com.mx\\\/#organization\",\"name\":\"Fuentes Fidedignas\",\"url\":\"https:\\\/\\\/fuentesfidedignas.com.mx\\\/\",\"logo\":{\"@type\":\"ImageObject\",\"inLanguage\":\"es\",\"@id\":\"https:\\\/\\\/fuentesfidedignas.com.mx\\\/#\\\/schema\\\/logo\\\/image\\\/\",\"url\":\"https:\\\/\\\/fuentesfidedignas.com.mx\\\/wp-content\\\/uploads\\\/2021\\\/04\\\/logo-retina.png\",\"contentUrl\":\"https:\\\/\\\/fuentesfidedignas.com.mx\\\/wp-content\\\/uploads\\\/2021\\\/04\\\/logo-retina.png\",\"width\":280,\"height\":51,\"caption\":\"Fuentes Fidedignas\"},\"image\":{\"@id\":\"https:\\\/\\\/fuentesfidedignas.com.mx\\\/#\\\/schema\\\/logo\\\/image\\\/\"},\"sameAs\":[\"https:\\\/\\\/www.facebook.com\\\/Fuentes-Fidedignas-368234489921644\",\"https:\\\/\\\/x.com\\\/fidedignas\"]},{\"@type\":\"Person\",\"@id\":\"https:\\\/\\\/fuentesfidedignas.com.mx\\\/#\\\/schema\\\/person\\\/67d852f0557c8509146a4b9ddebd543a\",\"name\":\"L\u00f3pez D\u00f3riga\",\"image\":{\"@type\":\"ImageObject\",\"inLanguage\":\"es\",\"@id\":\"https:\\\/\\\/secure.gravatar.com\\\/avatar\\\/e525b06574ca18b33cded59dfe5778d6c823b9513154eff47da551b0551bdd1e?s=96&d=mm&r=g\",\"url\":\"https:\\\/\\\/secure.gravatar.com\\\/avatar\\\/e525b06574ca18b33cded59dfe5778d6c823b9513154eff47da551b0551bdd1e?s=96&d=mm&r=g\",\"contentUrl\":\"https:\\\/\\\/secure.gravatar.com\\\/avatar\\\/e525b06574ca18b33cded59dfe5778d6c823b9513154eff47da551b0551bdd1e?s=96&d=mm&r=g\",\"caption\":\"L\u00f3pez D\u00f3riga\"},\"url\":\"https:\\\/\\\/fuentesfidedignas.com.mx\\\/index.php\\\/author\\\/doriga\\\/\"}]}<\/script>\n<!-- \/ Yoast SEO plugin. -->","yoast_head_json":{"title":"Garc\u00eda Harfuch descarta uso de coche bomba en explosi\u00f3n de Culiac\u00e1n - Fuentes Fidedignas","robots":{"index":"index","follow":"follow","max-snippet":"max-snippet:-1","max-image-preview":"max-image-preview:large","max-video-preview":"max-video-preview:-1"},"canonical":"https:\/\/fuentesfidedignas.com.mx\/index.php\/2024\/12\/03\/garcia-harfuch-descarta-uso-de-coche-bomba-en-explosion-de-culiacan\/","og_locale":"es_MX","og_type":"article","og_title":"Garc\u00eda Harfuch descarta uso de coche bomba en explosi\u00f3n de Culiac\u00e1n - Fuentes Fidedignas","og_description":"El titular de SSPC indic\u00f3 que en la explosi\u00f3n ocurrida en la comunidad Limita de Itaje de Culiac\u00e1n se us\u00f3 un explosivo tipo dron Omar Garc\u00eda Harfuch, titular de la Secretar\u00eda de Seguridad y Protecci\u00f3n Ciudadana (SSPC), descart\u00f3 que en la explosi\u00f3n ocurrida esta madrugada en Culiac\u00e1n, Sinaloa, se usara un coche bomba. Al final [&hellip;]","og_url":"https:\/\/fuentesfidedignas.com.mx\/index.php\/2024\/12\/03\/garcia-harfuch-descarta-uso-de-coche-bomba-en-explosion-de-culiacan\/","og_site_name":"Fuentes Fidedignas","article_publisher":"https:\/\/www.facebook.com\/Fuentes-Fidedignas-368234489921644","article_published_time":"2024-12-03T16:52:20+00:00","article_modified_time":"2024-12-03T16:52:25+00:00","og_image":[{"width":600,"height":400,"url":"https:\/\/fuentesfidedignas.com.mx\/wp-content\/uploads\/2024\/12\/explosivo-limita-de-itaje-culiacan.jpg","type":"image\/jpeg"}],"author":"L\u00f3pez D\u00f3riga","twitter_card":"summary_large_image","twitter_creator":"@fidedignas","twitter_site":"@fidedignas","twitter_misc":{"Escrito por":"L\u00f3pez D\u00f3riga","Tiempo de lectura":"2 minutos"},"schema":{"@context":"https:\/\/schema.org","@graph":[{"@type":"Article","@id":"https:\/\/fuentesfidedignas.com.mx\/index.php\/2024\/12\/03\/garcia-harfuch-descarta-uso-de-coche-bomba-en-explosion-de-culiacan\/#article","isPartOf":{"@id":"https:\/\/fuentesfidedignas.com.mx\/index.php\/2024\/12\/03\/garcia-harfuch-descarta-uso-de-coche-bomba-en-explosion-de-culiacan\/"},"author":{"name":"L\u00f3pez D\u00f3riga","@id":"https:\/\/fuentesfidedignas.com.mx\/#\/schema\/person\/67d852f0557c8509146a4b9ddebd543a"},"headline":"Garc\u00eda Harfuch descarta uso de coche bomba en explosi\u00f3n de Culiac\u00e1n","datePublished":"2024-12-03T16:52:20+00:00","dateModified":"2024-12-03T16:52:25+00:00","mainEntityOfPage":{"@id":"https:\/\/fuentesfidedignas.com.mx\/index.php\/2024\/12\/03\/garcia-harfuch-descarta-uso-de-coche-bomba-en-explosion-de-culiacan\/"},"wordCount":288,"commentCount":0,"publisher":{"@id":"https:\/\/fuentesfidedignas.com.mx\/#organization"},"image":{"@id":"https:\/\/fuentesfidedignas.com.mx\/index.php\/2024\/12\/03\/garcia-harfuch-descarta-uso-de-coche-bomba-en-explosion-de-culiacan\/#primaryimage"},"thumbnailUrl":"https:\/\/fuentesfidedignas.com.mx\/wp-content\/uploads\/2024\/12\/explosivo-limita-de-itaje-culiacan.jpg","articleSection":["NOTA PRINCIPAL"],"inLanguage":"es","potentialAction":[{"@type":"CommentAction","name":"Comment","target":["https:\/\/fuentesfidedignas.com.mx\/index.php\/2024\/12\/03\/garcia-harfuch-descarta-uso-de-coche-bomba-en-explosion-de-culiacan\/#respond"]}]},{"@type":"WebPage","@id":"https:\/\/fuentesfidedignas.com.mx\/index.php\/2024\/12\/03\/garcia-harfuch-descarta-uso-de-coche-bomba-en-explosion-de-culiacan\/","url":"https:\/\/fuentesfidedignas.com.mx\/index.php\/2024\/12\/03\/garcia-harfuch-descarta-uso-de-coche-bomba-en-explosion-de-culiacan\/","name":"Garc\u00eda Harfuch descarta uso de coche bomba en explosi\u00f3n de Culiac\u00e1n - Fuentes Fidedignas","isPartOf":{"@id":"https:\/\/fuentesfidedignas.com.mx\/#website"},"primaryImageOfPage":{"@id":"https:\/\/fuentesfidedignas.com.mx\/index.php\/2024\/12\/03\/garcia-harfuch-descarta-uso-de-coche-bomba-en-explosion-de-culiacan\/#primaryimage"},"image":{"@id":"https:\/\/fuentesfidedignas.com.mx\/index.php\/2024\/12\/03\/garcia-harfuch-descarta-uso-de-coche-bomba-en-explosion-de-culiacan\/#primaryimage"},"thumbnailUrl":"https:\/\/fuentesfidedignas.com.mx\/wp-content\/uploads\/2024\/12\/explosivo-limita-de-itaje-culiacan.jpg","datePublished":"2024-12-03T16:52:20+00:00","dateModified":"2024-12-03T16:52:25+00:00","breadcrumb":{"@id":"https:\/\/fuentesfidedignas.com.mx\/index.php\/2024\/12\/03\/garcia-harfuch-descarta-uso-de-coche-bomba-en-explosion-de-culiacan\/#breadcrumb"},"inLanguage":"es","potentialAction":[{"@type":"ReadAction","target":["https:\/\/fuentesfidedignas.com.mx\/index.php\/2024\/12\/03\/garcia-harfuch-descarta-uso-de-coche-bomba-en-explosion-de-culiacan\/"]}]},{"@type":"ImageObject","inLanguage":"es","@id":"https:\/\/fuentesfidedignas.com.mx\/index.php\/2024\/12\/03\/garcia-harfuch-descarta-uso-de-coche-bomba-en-explosion-de-culiacan\/#primaryimage","url":"https:\/\/fuentesfidedignas.com.mx\/wp-content\/uploads\/2024\/12\/explosivo-limita-de-itaje-culiacan.jpg","contentUrl":"https:\/\/fuentesfidedignas.com.mx\/wp-content\/uploads\/2024\/12\/explosivo-limita-de-itaje-culiacan.jpg","width":600,"height":400},{"@type":"BreadcrumbList","@id":"https:\/\/fuentesfidedignas.com.mx\/index.php\/2024\/12\/03\/garcia-harfuch-descarta-uso-de-coche-bomba-en-explosion-de-culiacan\/#breadcrumb","itemListElement":[{"@type":"ListItem","position":1,"name":"Inicio","item":"https:\/\/fuentesfidedignas.com.mx\/"},{"@type":"ListItem","position":2,"name":"Garc\u00eda Harfuch descarta uso de coche bomba en explosi\u00f3n de Culiac\u00e1n"}]},{"@type":"WebSite","@id":"https:\/\/fuentesfidedignas.com.mx\/#website","url":"https:\/\/fuentesfidedignas.com.mx\/","name":"Fuentes Fidedignas","description":"Otro sitio realizado con WordPress","publisher":{"@id":"https:\/\/fuentesfidedignas.com.mx\/#organization"},"potentialAction":[{"@type":"SearchAction","target":{"@type":"EntryPoint","urlTemplate":"https:\/\/fuentesfidedignas.com.mx\/?s={search_term_string}"},"query-input":{"@type":"PropertyValueSpecification","valueRequired":true,"valueName":"search_term_string"}}],"inLanguage":"es"},{"@type":"Organization","@id":"https:\/\/fuentesfidedignas.com.mx\/#organization","name":"Fuentes Fidedignas","url":"https:\/\/fuentesfidedignas.com.mx\/","logo":{"@type":"ImageObject","inLanguage":"es","@id":"https:\/\/fuentesfidedignas.com.mx\/#\/schema\/logo\/image\/","url":"https:\/\/fuentesfidedignas.com.mx\/wp-content\/uploads\/2021\/04\/logo-retina.png","contentUrl":"https:\/\/fuentesfidedignas.com.mx\/wp-content\/uploads\/2021\/04\/logo-retina.png","width":280,"height":51,"caption":"Fuentes Fidedignas"},"image":{"@id":"https:\/\/fuentesfidedignas.com.mx\/#\/schema\/logo\/image\/"},"sameAs":["https:\/\/www.facebook.com\/Fuentes-Fidedignas-368234489921644","https:\/\/x.com\/fidedignas"]},{"@type":"Person","@id":"https:\/\/fuentesfidedignas.com.mx\/#\/schema\/person\/67d852f0557c8509146a4b9ddebd543a","name":"L\u00f3pez D\u00f3riga","image":{"@type":"ImageObject","inLanguage":"es","@id":"https:\/\/secure.gravatar.com\/avatar\/e525b06574ca18b33cded59dfe5778d6c823b9513154eff47da551b0551bdd1e?s=96&d=mm&r=g","url":"https:\/\/secure.gravatar.com\/avatar\/e525b06574ca18b33cded59dfe5778d6c823b9513154eff47da551b0551bdd1e?s=96&d=mm&r=g","contentUrl":"https:\/\/secure.gravatar.com\/avatar\/e525b06574ca18b33cded59dfe5778d6c823b9513154eff47da551b0551bdd1e?s=96&d=mm&r=g","caption":"L\u00f3pez D\u00f3riga"},"url":"https:\/\/fuentesfidedignas.com.mx\/index.php\/author\/doriga\/"}]}},"_links":{"self":[{"href":"https:\/\/fuentesfidedignas.com.mx\/index.php\/wp-json\/wp\/v2\/posts\/96673","targetHints":{"allow":["GET"]}}],"collection":[{"href":"https:\/\/fuentesfidedignas.com.mx\/index.php\/wp-json\/wp\/v2\/posts"}],"about":[{"href":"https:\/\/fuentesfidedignas.com.mx\/index.php\/wp-json\/wp\/v2\/types\/post"}],"author":[{"embeddable":true,"href":"https:\/\/fuentesfidedignas.com.mx\/index.php\/wp-json\/wp\/v2\/users\/47"}],"replies":[{"embeddable":true,"href":"https:\/\/fuentesfidedignas.com.mx\/index.php\/wp-json\/wp\/v2\/comments?post=96673"}],"version-history":[{"count":1,"href":"https:\/\/fuentesfidedignas.com.mx\/index.php\/wp-json\/wp\/v2\/posts\/96673\/revisions"}],"predecessor-version":[{"id":96675,"href":"https:\/\/fuentesfidedignas.com.mx\/index.php\/wp-json\/wp\/v2\/posts\/96673\/revisions\/96675"}],"wp:featuredmedia":[{"embeddable":true,"href":"https:\/\/fuentesfidedignas.com.mx\/index.php\/wp-json\/wp\/v2\/media\/96674"}],"wp:attachment":[{"href":"https:\/\/fuentesfidedignas.com.mx\/index.php\/wp-json\/wp\/v2\/media?parent=96673"}],"wp:term":[{"taxonomy":"category","embeddable":true,"href":"https:\/\/fuentesfidedignas.com.mx\/index.php\/wp-json\/wp\/v2\/categories?post=96673"},{"taxonomy":"post_tag","embeddable":true,"href":"https:\/\/fuentesfidedignas.com.mx\/index.php\/wp-json\/wp\/v2\/tags?post=96673"}],"curies":[{"name":"wp","href":"https:\/\/api.w.org\/{rel}","templated":true}]}}