{"id":96671,"date":"2024-12-03T08:23:13","date_gmt":"2024-12-03T15:23:13","guid":{"rendered":"https:\/\/fuentesfidedignas.com.mx\/?p=96671"},"modified":"2024-12-03T08:23:15","modified_gmt":"2024-12-03T15:23:15","slug":"peso-sube-ante-retroceso-del-billete-verde-y-desempleo-en-mexico","status":"publish","type":"post","link":"https:\/\/fuentesfidedignas.com.mx\/index.php\/2024\/12\/03\/peso-sube-ante-retroceso-del-billete-verde-y-desempleo-en-mexico\/","title":{"rendered":"Peso sube ante retroceso del billete verde y desempleo en M\u00e9xico"},"content":{"rendered":"\n<p><strong><em>El d\u00f3lar suele sufrir una debilidad estacional en diciembre, ya que las empresas tienden a comprar divisas extranjeras. <\/em><\/strong><\/p>\n\n\n\n<p>El&nbsp;d\u00f3lar&nbsp;HOY martes 3 de diciembre&nbsp;cotizaba al alza en un momento en que la agitaci\u00f3n pol\u00edtica en Francia debilitaba al euro, mientras que los riesgos arancelarios y la debilidad de la econom\u00eda china llevaban al yuan a m\u00ednimos de 13 meses.<\/p>\n\n\n\n<p>Sin embargo, el d\u00f3lar suele sufrir una debilidad estacional en diciembre, ya que las empresas tienden a comprar divisas extranjeras. Adem\u00e1s, este a\u00f1o los operadores se muestran cautelosos ante el pr\u00f3ximo gobierno del presidente electo, Donald Trump, y mantienen el d\u00f3lar firme.<\/p>\n\n\n\n<p><strong>\u00bfCu\u00e1nto vale el peso mexicano frente al d\u00f3lar?<\/strong><\/p>\n\n\n\n<p>El peso mexicano se apreciaba levemente en los primeros negocios, respaldado por un retroceso global del d\u00f3lar tras el avance del billete verde en la v\u00edspera y datos sobre el desempleo en el pa\u00eds.<\/p>\n\n\n\n<p>La moneda dom\u00e9stica reduc\u00eda sus alzas previas y cotizaba en 20.34 unidades por d\u00f3lar, con una ganancia del 0.14 por ciento frente al precio de referencia de LSEG de ayer.<\/p>\n\n\n\n<p>&#8220;La apreciaci\u00f3n del peso ocurre a la par de un retroceso del d\u00f3lar estadounidense\u2026 ante la especulaci\u00f3n de que la Reserva Federal recortar\u00e1 la tasa de inter\u00e9s en su decisi\u00f3n del 18 de diciembre&#8221;, dijo Banco Base en un reporte.<\/p>\n\n\n\n<p>El Banco de M\u00e9xico (Banxico) registr\u00f3 en la sesi\u00f3n previa un tipo de cambio de 20.43 pesos por d\u00f3lar.<\/p>\n\n\n\n<p>\u200bEsta nota se actualiza tras la apertura de bancos despu\u00e9s de las 8:00 horas del d\u00eda.<\/p>\n","protected":false},"excerpt":{"rendered":"<p>El d\u00f3lar suele sufrir una debilidad estacional en diciembre, ya que las empresas tienden a comprar divisas extranjeras. El&nbsp;d\u00f3lar&nbsp;HOY martes 3 de diciembre&nbsp;cotizaba al alza en un momento en que la agitaci\u00f3n pol\u00edtica en Francia debilitaba al euro, mientras que los riesgos arancelarios y la debilidad de la econom\u00eda china llevaban al yuan a m\u00ednimos [&hellip;]<\/p>\n","protected":false},"author":9,"featured_media":90478,"comment_status":"open","ping_status":"open","sticky":false,"template":"","format":"standard","meta":{"tdm_status":"","tdm_grid_status":"","footnotes":""},"categories":[39],"tags":[],"class_list":{"0":"post-96671","1":"post","2":"type-post","3":"status-publish","4":"format-standard","5":"has-post-thumbnail","7":"category-noticias-nacionales"},"yoast_head":"<!-- This site is optimized with the Yoast SEO plugin v27.5 - https:\/\/yoast.com\/product\/yoast-seo-wordpress\/ -->\n<title>Peso sube ante retroceso del billete verde y desempleo en M\u00e9xico - Fuentes Fidedignas<\/title>\n<meta name=\"robots\" content=\"index, follow, max-snippet:-1, max-image-preview:large, max-video-preview:-1\" \/>\n<link rel=\"canonical\" href=\"https:\/\/fuentesfidedignas.com.mx\/index.php\/2024\/12\/03\/peso-sube-ante-retroceso-del-billete-verde-y-desempleo-en-mexico\/\" \/>\n<meta property=\"og:locale\" content=\"es_MX\" \/>\n<meta property=\"og:type\" content=\"article\" \/>\n<meta property=\"og:title\" content=\"Peso sube ante retroceso del billete verde y desempleo en M\u00e9xico - Fuentes Fidedignas\" \/>\n<meta property=\"og:description\" content=\"El d\u00f3lar suele sufrir una debilidad estacional en diciembre, ya que las empresas tienden a comprar divisas extranjeras. El&nbsp;d\u00f3lar&nbsp;HOY martes 3 de diciembre&nbsp;cotizaba al alza en un momento en que la agitaci\u00f3n pol\u00edtica en Francia debilitaba al euro, mientras que los riesgos arancelarios y la debilidad de la econom\u00eda china llevaban al yuan a m\u00ednimos [&hellip;]\" \/>\n<meta property=\"og:url\" content=\"https:\/\/fuentesfidedignas.com.mx\/index.php\/2024\/12\/03\/peso-sube-ante-retroceso-del-billete-verde-y-desempleo-en-mexico\/\" \/>\n<meta property=\"og:site_name\" content=\"Fuentes Fidedignas\" \/>\n<meta property=\"article:publisher\" content=\"https:\/\/www.facebook.com\/Fuentes-Fidedignas-368234489921644\" \/>\n<meta property=\"article:published_time\" content=\"2024-12-03T15:23:13+00:00\" \/>\n<meta property=\"article:modified_time\" content=\"2024-12-03T15:23:15+00:00\" \/>\n<meta property=\"og:image\" content=\"https:\/\/fuentesfidedignas.com.mx\/wp-content\/uploads\/2024\/09\/cambio-de-dolar-a-peso.jpg\" \/>\n\t<meta property=\"og:image:width\" content=\"650\" \/>\n\t<meta property=\"og:image:height\" content=\"381\" \/>\n\t<meta property=\"og:image:type\" content=\"image\/jpeg\" \/>\n<meta name=\"author\" content=\"Milenio\" \/>\n<meta name=\"twitter:card\" content=\"summary_large_image\" \/>\n<meta name=\"twitter:creator\" content=\"@fidedignas\" \/>\n<meta name=\"twitter:site\" content=\"@fidedignas\" \/>\n<meta name=\"twitter:label1\" content=\"Escrito por\" \/>\n\t<meta name=\"twitter:data1\" content=\"Milenio\" \/>\n\t<meta name=\"twitter:label2\" content=\"Tiempo de lectura\" \/>\n\t<meta name=\"twitter:data2\" content=\"2 minutos\" \/>\n<script type=\"application\/ld+json\" class=\"yoast-schema-graph\">{\"@context\":\"https:\\\/\\\/schema.org\",\"@graph\":[{\"@type\":\"Article\",\"@id\":\"https:\\\/\\\/fuentesfidedignas.com.mx\\\/index.php\\\/2024\\\/12\\\/03\\\/peso-sube-ante-retroceso-del-billete-verde-y-desempleo-en-mexico\\\/#article\",\"isPartOf\":{\"@id\":\"https:\\\/\\\/fuentesfidedignas.com.mx\\\/index.php\\\/2024\\\/12\\\/03\\\/peso-sube-ante-retroceso-del-billete-verde-y-desempleo-en-mexico\\\/\"},\"author\":{\"name\":\"Milenio\",\"@id\":\"https:\\\/\\\/fuentesfidedignas.com.mx\\\/#\\\/schema\\\/person\\\/47ec0135738f4b0c7495f06a77a2c976\"},\"headline\":\"Peso sube ante retroceso del billete verde y desempleo en M\u00e9xico\",\"datePublished\":\"2024-12-03T15:23:13+00:00\",\"dateModified\":\"2024-12-03T15:23:15+00:00\",\"mainEntityOfPage\":{\"@id\":\"https:\\\/\\\/fuentesfidedignas.com.mx\\\/index.php\\\/2024\\\/12\\\/03\\\/peso-sube-ante-retroceso-del-billete-verde-y-desempleo-en-mexico\\\/\"},\"wordCount\":287,\"commentCount\":0,\"publisher\":{\"@id\":\"https:\\\/\\\/fuentesfidedignas.com.mx\\\/#organization\"},\"image\":{\"@id\":\"https:\\\/\\\/fuentesfidedignas.com.mx\\\/index.php\\\/2024\\\/12\\\/03\\\/peso-sube-ante-retroceso-del-billete-verde-y-desempleo-en-mexico\\\/#primaryimage\"},\"thumbnailUrl\":\"https:\\\/\\\/fuentesfidedignas.com.mx\\\/wp-content\\\/uploads\\\/2024\\\/09\\\/cambio-de-dolar-a-peso.jpg\",\"articleSection\":[\"NOTICIAS NACIONALES\"],\"inLanguage\":\"es\",\"potentialAction\":[{\"@type\":\"CommentAction\",\"name\":\"Comment\",\"target\":[\"https:\\\/\\\/fuentesfidedignas.com.mx\\\/index.php\\\/2024\\\/12\\\/03\\\/peso-sube-ante-retroceso-del-billete-verde-y-desempleo-en-mexico\\\/#respond\"]}]},{\"@type\":\"WebPage\",\"@id\":\"https:\\\/\\\/fuentesfidedignas.com.mx\\\/index.php\\\/2024\\\/12\\\/03\\\/peso-sube-ante-retroceso-del-billete-verde-y-desempleo-en-mexico\\\/\",\"url\":\"https:\\\/\\\/fuentesfidedignas.com.mx\\\/index.php\\\/2024\\\/12\\\/03\\\/peso-sube-ante-retroceso-del-billete-verde-y-desempleo-en-mexico\\\/\",\"name\":\"Peso sube ante retroceso del billete verde y desempleo en M\u00e9xico - Fuentes Fidedignas\",\"isPartOf\":{\"@id\":\"https:\\\/\\\/fuentesfidedignas.com.mx\\\/#website\"},\"primaryImageOfPage\":{\"@id\":\"https:\\\/\\\/fuentesfidedignas.com.mx\\\/index.php\\\/2024\\\/12\\\/03\\\/peso-sube-ante-retroceso-del-billete-verde-y-desempleo-en-mexico\\\/#primaryimage\"},\"image\":{\"@id\":\"https:\\\/\\\/fuentesfidedignas.com.mx\\\/index.php\\\/2024\\\/12\\\/03\\\/peso-sube-ante-retroceso-del-billete-verde-y-desempleo-en-mexico\\\/#primaryimage\"},\"thumbnailUrl\":\"https:\\\/\\\/fuentesfidedignas.com.mx\\\/wp-content\\\/uploads\\\/2024\\\/09\\\/cambio-de-dolar-a-peso.jpg\",\"datePublished\":\"2024-12-03T15:23:13+00:00\",\"dateModified\":\"2024-12-03T15:23:15+00:00\",\"breadcrumb\":{\"@id\":\"https:\\\/\\\/fuentesfidedignas.com.mx\\\/index.php\\\/2024\\\/12\\\/03\\\/peso-sube-ante-retroceso-del-billete-verde-y-desempleo-en-mexico\\\/#breadcrumb\"},\"inLanguage\":\"es\",\"potentialAction\":[{\"@type\":\"ReadAction\",\"target\":[\"https:\\\/\\\/fuentesfidedignas.com.mx\\\/index.php\\\/2024\\\/12\\\/03\\\/peso-sube-ante-retroceso-del-billete-verde-y-desempleo-en-mexico\\\/\"]}]},{\"@type\":\"ImageObject\",\"inLanguage\":\"es\",\"@id\":\"https:\\\/\\\/fuentesfidedignas.com.mx\\\/index.php\\\/2024\\\/12\\\/03\\\/peso-sube-ante-retroceso-del-billete-verde-y-desempleo-en-mexico\\\/#primaryimage\",\"url\":\"https:\\\/\\\/fuentesfidedignas.com.mx\\\/wp-content\\\/uploads\\\/2024\\\/09\\\/cambio-de-dolar-a-peso.jpg\",\"contentUrl\":\"https:\\\/\\\/fuentesfidedignas.com.mx\\\/wp-content\\\/uploads\\\/2024\\\/09\\\/cambio-de-dolar-a-peso.jpg\",\"width\":650,\"height\":381},{\"@type\":\"BreadcrumbList\",\"@id\":\"https:\\\/\\\/fuentesfidedignas.com.mx\\\/index.php\\\/2024\\\/12\\\/03\\\/peso-sube-ante-retroceso-del-billete-verde-y-desempleo-en-mexico\\\/#breadcrumb\",\"itemListElement\":[{\"@type\":\"ListItem\",\"position\":1,\"name\":\"Inicio\",\"item\":\"https:\\\/\\\/fuentesfidedignas.com.mx\\\/\"},{\"@type\":\"ListItem\",\"position\":2,\"name\":\"Peso sube ante retroceso del billete verde y desempleo en M\u00e9xico\"}]},{\"@type\":\"WebSite\",\"@id\":\"https:\\\/\\\/fuentesfidedignas.com.mx\\\/#website\",\"url\":\"https:\\\/\\\/fuentesfidedignas.com.mx\\\/\",\"name\":\"Fuentes Fidedignas\",\"description\":\"Otro sitio realizado con WordPress\",\"publisher\":{\"@id\":\"https:\\\/\\\/fuentesfidedignas.com.mx\\\/#organization\"},\"potentialAction\":[{\"@type\":\"SearchAction\",\"target\":{\"@type\":\"EntryPoint\",\"urlTemplate\":\"https:\\\/\\\/fuentesfidedignas.com.mx\\\/?s={search_term_string}\"},\"query-input\":{\"@type\":\"PropertyValueSpecification\",\"valueRequired\":true,\"valueName\":\"search_term_string\"}}],\"inLanguage\":\"es\"},{\"@type\":\"Organization\",\"@id\":\"https:\\\/\\\/fuentesfidedignas.com.mx\\\/#organization\",\"name\":\"Fuentes Fidedignas\",\"url\":\"https:\\\/\\\/fuentesfidedignas.com.mx\\\/\",\"logo\":{\"@type\":\"ImageObject\",\"inLanguage\":\"es\",\"@id\":\"https:\\\/\\\/fuentesfidedignas.com.mx\\\/#\\\/schema\\\/logo\\\/image\\\/\",\"url\":\"https:\\\/\\\/fuentesfidedignas.com.mx\\\/wp-content\\\/uploads\\\/2021\\\/04\\\/logo-retina.png\",\"contentUrl\":\"https:\\\/\\\/fuentesfidedignas.com.mx\\\/wp-content\\\/uploads\\\/2021\\\/04\\\/logo-retina.png\",\"width\":280,\"height\":51,\"caption\":\"Fuentes Fidedignas\"},\"image\":{\"@id\":\"https:\\\/\\\/fuentesfidedignas.com.mx\\\/#\\\/schema\\\/logo\\\/image\\\/\"},\"sameAs\":[\"https:\\\/\\\/www.facebook.com\\\/Fuentes-Fidedignas-368234489921644\",\"https:\\\/\\\/x.com\\\/fidedignas\"]},{\"@type\":\"Person\",\"@id\":\"https:\\\/\\\/fuentesfidedignas.com.mx\\\/#\\\/schema\\\/person\\\/47ec0135738f4b0c7495f06a77a2c976\",\"name\":\"Milenio\",\"image\":{\"@type\":\"ImageObject\",\"inLanguage\":\"es\",\"@id\":\"https:\\\/\\\/secure.gravatar.com\\\/avatar\\\/acabf7b54753e51c2c76457954577c236b3b764789b19879565769739d1e4a75?s=96&d=mm&r=g\",\"url\":\"https:\\\/\\\/secure.gravatar.com\\\/avatar\\\/acabf7b54753e51c2c76457954577c236b3b764789b19879565769739d1e4a75?s=96&d=mm&r=g\",\"contentUrl\":\"https:\\\/\\\/secure.gravatar.com\\\/avatar\\\/acabf7b54753e51c2c76457954577c236b3b764789b19879565769739d1e4a75?s=96&d=mm&r=g\",\"caption\":\"Milenio\"},\"url\":\"https:\\\/\\\/fuentesfidedignas.com.mx\\\/index.php\\\/author\\\/milenio\\\/\"}]}<\/script>\n<!-- \/ Yoast SEO plugin. -->","yoast_head_json":{"title":"Peso sube ante retroceso del billete verde y desempleo en M\u00e9xico - Fuentes Fidedignas","robots":{"index":"index","follow":"follow","max-snippet":"max-snippet:-1","max-image-preview":"max-image-preview:large","max-video-preview":"max-video-preview:-1"},"canonical":"https:\/\/fuentesfidedignas.com.mx\/index.php\/2024\/12\/03\/peso-sube-ante-retroceso-del-billete-verde-y-desempleo-en-mexico\/","og_locale":"es_MX","og_type":"article","og_title":"Peso sube ante retroceso del billete verde y desempleo en M\u00e9xico - Fuentes Fidedignas","og_description":"El d\u00f3lar suele sufrir una debilidad estacional en diciembre, ya que las empresas tienden a comprar divisas extranjeras. El&nbsp;d\u00f3lar&nbsp;HOY martes 3 de diciembre&nbsp;cotizaba al alza en un momento en que la agitaci\u00f3n pol\u00edtica en Francia debilitaba al euro, mientras que los riesgos arancelarios y la debilidad de la econom\u00eda china llevaban al yuan a m\u00ednimos [&hellip;]","og_url":"https:\/\/fuentesfidedignas.com.mx\/index.php\/2024\/12\/03\/peso-sube-ante-retroceso-del-billete-verde-y-desempleo-en-mexico\/","og_site_name":"Fuentes Fidedignas","article_publisher":"https:\/\/www.facebook.com\/Fuentes-Fidedignas-368234489921644","article_published_time":"2024-12-03T15:23:13+00:00","article_modified_time":"2024-12-03T15:23:15+00:00","og_image":[{"width":650,"height":381,"url":"https:\/\/fuentesfidedignas.com.mx\/wp-content\/uploads\/2024\/09\/cambio-de-dolar-a-peso.jpg","type":"image\/jpeg"}],"author":"Milenio","twitter_card":"summary_large_image","twitter_creator":"@fidedignas","twitter_site":"@fidedignas","twitter_misc":{"Escrito por":"Milenio","Tiempo de lectura":"2 minutos"},"schema":{"@context":"https:\/\/schema.org","@graph":[{"@type":"Article","@id":"https:\/\/fuentesfidedignas.com.mx\/index.php\/2024\/12\/03\/peso-sube-ante-retroceso-del-billete-verde-y-desempleo-en-mexico\/#article","isPartOf":{"@id":"https:\/\/fuentesfidedignas.com.mx\/index.php\/2024\/12\/03\/peso-sube-ante-retroceso-del-billete-verde-y-desempleo-en-mexico\/"},"author":{"name":"Milenio","@id":"https:\/\/fuentesfidedignas.com.mx\/#\/schema\/person\/47ec0135738f4b0c7495f06a77a2c976"},"headline":"Peso sube ante retroceso del billete verde y desempleo en M\u00e9xico","datePublished":"2024-12-03T15:23:13+00:00","dateModified":"2024-12-03T15:23:15+00:00","mainEntityOfPage":{"@id":"https:\/\/fuentesfidedignas.com.mx\/index.php\/2024\/12\/03\/peso-sube-ante-retroceso-del-billete-verde-y-desempleo-en-mexico\/"},"wordCount":287,"commentCount":0,"publisher":{"@id":"https:\/\/fuentesfidedignas.com.mx\/#organization"},"image":{"@id":"https:\/\/fuentesfidedignas.com.mx\/index.php\/2024\/12\/03\/peso-sube-ante-retroceso-del-billete-verde-y-desempleo-en-mexico\/#primaryimage"},"thumbnailUrl":"https:\/\/fuentesfidedignas.com.mx\/wp-content\/uploads\/2024\/09\/cambio-de-dolar-a-peso.jpg","articleSection":["NOTICIAS NACIONALES"],"inLanguage":"es","potentialAction":[{"@type":"CommentAction","name":"Comment","target":["https:\/\/fuentesfidedignas.com.mx\/index.php\/2024\/12\/03\/peso-sube-ante-retroceso-del-billete-verde-y-desempleo-en-mexico\/#respond"]}]},{"@type":"WebPage","@id":"https:\/\/fuentesfidedignas.com.mx\/index.php\/2024\/12\/03\/peso-sube-ante-retroceso-del-billete-verde-y-desempleo-en-mexico\/","url":"https:\/\/fuentesfidedignas.com.mx\/index.php\/2024\/12\/03\/peso-sube-ante-retroceso-del-billete-verde-y-desempleo-en-mexico\/","name":"Peso sube ante retroceso del billete verde y desempleo en M\u00e9xico - Fuentes Fidedignas","isPartOf":{"@id":"https:\/\/fuentesfidedignas.com.mx\/#website"},"primaryImageOfPage":{"@id":"https:\/\/fuentesfidedignas.com.mx\/index.php\/2024\/12\/03\/peso-sube-ante-retroceso-del-billete-verde-y-desempleo-en-mexico\/#primaryimage"},"image":{"@id":"https:\/\/fuentesfidedignas.com.mx\/index.php\/2024\/12\/03\/peso-sube-ante-retroceso-del-billete-verde-y-desempleo-en-mexico\/#primaryimage"},"thumbnailUrl":"https:\/\/fuentesfidedignas.com.mx\/wp-content\/uploads\/2024\/09\/cambio-de-dolar-a-peso.jpg","datePublished":"2024-12-03T15:23:13+00:00","dateModified":"2024-12-03T15:23:15+00:00","breadcrumb":{"@id":"https:\/\/fuentesfidedignas.com.mx\/index.php\/2024\/12\/03\/peso-sube-ante-retroceso-del-billete-verde-y-desempleo-en-mexico\/#breadcrumb"},"inLanguage":"es","potentialAction":[{"@type":"ReadAction","target":["https:\/\/fuentesfidedignas.com.mx\/index.php\/2024\/12\/03\/peso-sube-ante-retroceso-del-billete-verde-y-desempleo-en-mexico\/"]}]},{"@type":"ImageObject","inLanguage":"es","@id":"https:\/\/fuentesfidedignas.com.mx\/index.php\/2024\/12\/03\/peso-sube-ante-retroceso-del-billete-verde-y-desempleo-en-mexico\/#primaryimage","url":"https:\/\/fuentesfidedignas.com.mx\/wp-content\/uploads\/2024\/09\/cambio-de-dolar-a-peso.jpg","contentUrl":"https:\/\/fuentesfidedignas.com.mx\/wp-content\/uploads\/2024\/09\/cambio-de-dolar-a-peso.jpg","width":650,"height":381},{"@type":"BreadcrumbList","@id":"https:\/\/fuentesfidedignas.com.mx\/index.php\/2024\/12\/03\/peso-sube-ante-retroceso-del-billete-verde-y-desempleo-en-mexico\/#breadcrumb","itemListElement":[{"@type":"ListItem","position":1,"name":"Inicio","item":"https:\/\/fuentesfidedignas.com.mx\/"},{"@type":"ListItem","position":2,"name":"Peso sube ante retroceso del billete verde y desempleo en M\u00e9xico"}]},{"@type":"WebSite","@id":"https:\/\/fuentesfidedignas.com.mx\/#website","url":"https:\/\/fuentesfidedignas.com.mx\/","name":"Fuentes Fidedignas","description":"Otro sitio realizado con WordPress","publisher":{"@id":"https:\/\/fuentesfidedignas.com.mx\/#organization"},"potentialAction":[{"@type":"SearchAction","target":{"@type":"EntryPoint","urlTemplate":"https:\/\/fuentesfidedignas.com.mx\/?s={search_term_string}"},"query-input":{"@type":"PropertyValueSpecification","valueRequired":true,"valueName":"search_term_string"}}],"inLanguage":"es"},{"@type":"Organization","@id":"https:\/\/fuentesfidedignas.com.mx\/#organization","name":"Fuentes Fidedignas","url":"https:\/\/fuentesfidedignas.com.mx\/","logo":{"@type":"ImageObject","inLanguage":"es","@id":"https:\/\/fuentesfidedignas.com.mx\/#\/schema\/logo\/image\/","url":"https:\/\/fuentesfidedignas.com.mx\/wp-content\/uploads\/2021\/04\/logo-retina.png","contentUrl":"https:\/\/fuentesfidedignas.com.mx\/wp-content\/uploads\/2021\/04\/logo-retina.png","width":280,"height":51,"caption":"Fuentes Fidedignas"},"image":{"@id":"https:\/\/fuentesfidedignas.com.mx\/#\/schema\/logo\/image\/"},"sameAs":["https:\/\/www.facebook.com\/Fuentes-Fidedignas-368234489921644","https:\/\/x.com\/fidedignas"]},{"@type":"Person","@id":"https:\/\/fuentesfidedignas.com.mx\/#\/schema\/person\/47ec0135738f4b0c7495f06a77a2c976","name":"Milenio","image":{"@type":"ImageObject","inLanguage":"es","@id":"https:\/\/secure.gravatar.com\/avatar\/acabf7b54753e51c2c76457954577c236b3b764789b19879565769739d1e4a75?s=96&d=mm&r=g","url":"https:\/\/secure.gravatar.com\/avatar\/acabf7b54753e51c2c76457954577c236b3b764789b19879565769739d1e4a75?s=96&d=mm&r=g","contentUrl":"https:\/\/secure.gravatar.com\/avatar\/acabf7b54753e51c2c76457954577c236b3b764789b19879565769739d1e4a75?s=96&d=mm&r=g","caption":"Milenio"},"url":"https:\/\/fuentesfidedignas.com.mx\/index.php\/author\/milenio\/"}]}},"_links":{"self":[{"href":"https:\/\/fuentesfidedignas.com.mx\/index.php\/wp-json\/wp\/v2\/posts\/96671","targetHints":{"allow":["GET"]}}],"collection":[{"href":"https:\/\/fuentesfidedignas.com.mx\/index.php\/wp-json\/wp\/v2\/posts"}],"about":[{"href":"https:\/\/fuentesfidedignas.com.mx\/index.php\/wp-json\/wp\/v2\/types\/post"}],"author":[{"embeddable":true,"href":"https:\/\/fuentesfidedignas.com.mx\/index.php\/wp-json\/wp\/v2\/users\/9"}],"replies":[{"embeddable":true,"href":"https:\/\/fuentesfidedignas.com.mx\/index.php\/wp-json\/wp\/v2\/comments?post=96671"}],"version-history":[{"count":1,"href":"https:\/\/fuentesfidedignas.com.mx\/index.php\/wp-json\/wp\/v2\/posts\/96671\/revisions"}],"predecessor-version":[{"id":96672,"href":"https:\/\/fuentesfidedignas.com.mx\/index.php\/wp-json\/wp\/v2\/posts\/96671\/revisions\/96672"}],"wp:featuredmedia":[{"embeddable":true,"href":"https:\/\/fuentesfidedignas.com.mx\/index.php\/wp-json\/wp\/v2\/media\/90478"}],"wp:attachment":[{"href":"https:\/\/fuentesfidedignas.com.mx\/index.php\/wp-json\/wp\/v2\/media?parent=96671"}],"wp:term":[{"taxonomy":"category","embeddable":true,"href":"https:\/\/fuentesfidedignas.com.mx\/index.php\/wp-json\/wp\/v2\/categories?post=96671"},{"taxonomy":"post_tag","embeddable":true,"href":"https:\/\/fuentesfidedignas.com.mx\/index.php\/wp-json\/wp\/v2\/tags?post=96671"}],"curies":[{"name":"wp","href":"https:\/\/api.w.org\/{rel}","templated":true}]}}